{"id":1094,"date":"2023-11-22T09:51:31","date_gmt":"2023-11-22T12:51:31","guid":{"rendered":"https:\/\/www.gtlawyers.com.br\/?p=1094"},"modified":"2023-11-22T10:37:13","modified_gmt":"2023-11-22T13:37:13","slug":"tamy-tanzilli-participa-de-uma-reuniao-na-ccifb-de-sao-paulo-com-o-clube-apm","status":"publish","type":"post","link":"https:\/\/www.gtlawyers.com.br\/en\/noticia\/tamy-tanzilli-participa-de-uma-reuniao-na-ccifb-de-sao-paulo-com-o-clube-apm\/","title":{"rendered":"Tamy Tanzilli  participa de uma reuni\u00e3o na CCIFB de S\u00e3o Paulo com o clube APM"},"content":{"rendered":"<div class=\"wp-block-image is-style-default\">\n<figure class=\"aligncenter size-full\"><img loading=\"lazy\" decoding=\"async\" width=\"883\" height=\"690\" src=\"https:\/\/www.gtlawyers.com.br\/site\/wp-content\/uploads\/image-1.jpeg\" alt=\"O atributo alt desta imagem est\u00e1 vazio. O nome do arquivo \u00e9 CCIFB_21112023.jpg\" class=\"wp-image-1097\" srcset=\"https:\/\/www.gtlawyers.com.br\/site\/wp-content\/uploads\/image-1.jpeg 883w, https:\/\/www.gtlawyers.com.br\/site\/wp-content\/uploads\/image-1-300x234.jpeg 300w, https:\/\/www.gtlawyers.com.br\/site\/wp-content\/uploads\/image-1-150x117.jpeg 150w, https:\/\/www.gtlawyers.com.br\/site\/wp-content\/uploads\/image-1-768x600.jpeg 768w, https:\/\/www.gtlawyers.com.br\/site\/wp-content\/uploads\/image-1-15x12.jpeg 15w\" sizes=\"auto, (max-width: 883px) 100vw, 883px\" \/><\/figure>\n<\/div>\n\n\n<p><\/p>\n\n\n\n<p><em>Tamy Tanzilli participou no 21\/11\/2023 de uma reuni\u00e3o na CCIFB de S\u00e3o Paulo com o clube APM de empreendedores de Armor-Penthi\u00e8vre, em colabora\u00e7\u00e3o com Philippe Boutaud-Sanz e Yann Fromont, para apresentar as realidades jur\u00eddicas e tribut\u00e1rias do Brasil para empresas que desejam desenvolver suas atividades no pa\u00eds.<\/em><\/p>","protected":false},"excerpt":{"rendered":"<p>Tamy Tanzilli participou no 21\/11\/2023 de uma reuni\u00e3o na CCIFB de S\u00e3o Paulo com o clube APM de empreendedores de Armor-Penthi\u00e8vre, em colabora\u00e7\u00e3o com Philippe Boutaud-Sanz e Yann Fromont, para apresentar as realidades jur\u00eddicas e tribut\u00e1rias do Brasil para empresas que desejam desenvolver suas atividades no pa\u00eds.<\/p>","protected":false},"author":5,"featured_media":1095,"comment_status":"open","ping_status":"open","sticky":false,"template":"","format":"standard","meta":{"_acf_changed":false,"footnotes":""},"categories":[7],"tags":[],"class_list":["post-1094","post","type-post","status-publish","format-standard","has-post-thumbnail","hentry","category-noticia"],"acf":[],"yoast_head":"<!-- This site is optimized with the Yoast SEO plugin v27.5 - https:\/\/yoast.com\/product\/yoast-seo-wordpress\/ -->\n<title>Tamy Tanzilli participa de uma reuni\u00e3o na CCIFB de S\u00e3o Paulo com o clube APM | GTLawyers | Escrit\u00f3rio boutique full-service<\/title>\n<meta name=\"robots\" content=\"index, follow, max-snippet:-1, max-image-preview:large, max-video-preview:-1\" \/>\n<link rel=\"canonical\" href=\"https:\/\/www.gtlawyers.com.br\/en\/noticia\/tamy-tanzilli-participa-de-uma-reuniao-na-ccifb-de-sao-paulo-com-o-clube-apm\/\" \/>\n<meta property=\"og:locale\" content=\"en_US\" \/>\n<meta property=\"og:type\" content=\"article\" \/>\n<meta property=\"og:title\" content=\"Tamy Tanzilli participa de uma reuni\u00e3o na CCIFB de S\u00e3o Paulo com o clube APM | GTLawyers | Escrit\u00f3rio boutique full-service\" \/>\n<meta property=\"og:description\" content=\"Tamy Tanzilli participou no 21\/11\/2023 de uma reuni\u00e3o na CCIFB de S\u00e3o Paulo com o clube APM de empreendedores de Armor-Penthi\u00e8vre, em colabora\u00e7\u00e3o com Philippe Boutaud-Sanz e Yann Fromont, para apresentar as realidades jur\u00eddicas e tribut\u00e1rias do Brasil para empresas que desejam desenvolver suas atividades no pa\u00eds.\" \/>\n<meta property=\"og:url\" content=\"https:\/\/www.gtlawyers.com.br\/en\/noticia\/tamy-tanzilli-participa-de-uma-reuniao-na-ccifb-de-sao-paulo-com-o-clube-apm\/\" \/>\n<meta property=\"og:site_name\" content=\"GTLawyers | Escrit\u00f3rio boutique full-service\" \/>\n<meta property=\"article:published_time\" content=\"2023-11-22T12:51:31+00:00\" \/>\n<meta property=\"article:modified_time\" content=\"2023-11-22T13:37:13+00:00\" \/>\n<meta property=\"og:image\" content=\"https:\/\/www.gtlawyers.com.br\/site\/wp-content\/uploads\/CCIFB_21112023.jpg\" \/>\n\t<meta property=\"og:image:width\" content=\"883\" \/>\n\t<meta property=\"og:image:height\" content=\"690\" \/>\n\t<meta property=\"og:image:type\" content=\"image\/jpeg\" \/>\n<meta name=\"author\" content=\"Felipe Nascimento\" \/>\n<meta name=\"twitter:card\" content=\"summary_large_image\" \/>\n<meta name=\"twitter:label1\" content=\"Written by\" \/>\n\t<meta name=\"twitter:data1\" content=\"Felipe Nascimento\" \/>\n<script type=\"application\/ld+json\" class=\"yoast-schema-graph\">{\"@context\":\"https:\\\/\\\/schema.org\",\"@graph\":[{\"@type\":\"Article\",\"@id\":\"https:\\\/\\\/www.gtlawyers.com.br\\\/noticia\\\/tamy-tanzilli-participa-de-uma-reuniao-na-ccifb-de-sao-paulo-com-o-clube-apm\\\/#article\",\"isPartOf\":{\"@id\":\"https:\\\/\\\/www.gtlawyers.com.br\\\/noticia\\\/tamy-tanzilli-participa-de-uma-reuniao-na-ccifb-de-sao-paulo-com-o-clube-apm\\\/\"},\"author\":{\"name\":\"Felipe Nascimento\",\"@id\":\"https:\\\/\\\/www.gtlawyers.com.br\\\/#\\\/schema\\\/person\\\/ddacb191167435332fe1305a7c77274f\"},\"headline\":\"Tamy Tanzilli participa de uma reuni\u00e3o na CCIFB de S\u00e3o Paulo com o clube APM\",\"datePublished\":\"2023-11-22T12:51:31+00:00\",\"dateModified\":\"2023-11-22T13:37:13+00:00\",\"mainEntityOfPage\":{\"@id\":\"https:\\\/\\\/www.gtlawyers.com.br\\\/noticia\\\/tamy-tanzilli-participa-de-uma-reuniao-na-ccifb-de-sao-paulo-com-o-clube-apm\\\/\"},\"wordCount\":70,\"commentCount\":0,\"publisher\":{\"@id\":\"https:\\\/\\\/www.gtlawyers.com.br\\\/#organization\"},\"image\":{\"@id\":\"https:\\\/\\\/www.gtlawyers.com.br\\\/noticia\\\/tamy-tanzilli-participa-de-uma-reuniao-na-ccifb-de-sao-paulo-com-o-clube-apm\\\/#primaryimage\"},\"thumbnailUrl\":\"https:\\\/\\\/www.gtlawyers.com.br\\\/site\\\/wp-content\\\/uploads\\\/CCIFB_21112023.jpg\",\"articleSection\":[\"News\"],\"inLanguage\":\"en-US\",\"potentialAction\":[{\"@type\":\"CommentAction\",\"name\":\"Comment\",\"target\":[\"https:\\\/\\\/www.gtlawyers.com.br\\\/noticia\\\/tamy-tanzilli-participa-de-uma-reuniao-na-ccifb-de-sao-paulo-com-o-clube-apm\\\/#respond\"]}]},{\"@type\":\"WebPage\",\"@id\":\"https:\\\/\\\/www.gtlawyers.com.br\\\/noticia\\\/tamy-tanzilli-participa-de-uma-reuniao-na-ccifb-de-sao-paulo-com-o-clube-apm\\\/\",\"url\":\"https:\\\/\\\/www.gtlawyers.com.br\\\/noticia\\\/tamy-tanzilli-participa-de-uma-reuniao-na-ccifb-de-sao-paulo-com-o-clube-apm\\\/\",\"name\":\"Tamy Tanzilli participa de uma reuni\u00e3o na CCIFB de S\u00e3o Paulo com o clube APM | GTLawyers | Escrit\u00f3rio boutique full-service\",\"isPartOf\":{\"@id\":\"https:\\\/\\\/www.gtlawyers.com.br\\\/#website\"},\"primaryImageOfPage\":{\"@id\":\"https:\\\/\\\/www.gtlawyers.com.br\\\/noticia\\\/tamy-tanzilli-participa-de-uma-reuniao-na-ccifb-de-sao-paulo-com-o-clube-apm\\\/#primaryimage\"},\"image\":{\"@id\":\"https:\\\/\\\/www.gtlawyers.com.br\\\/noticia\\\/tamy-tanzilli-participa-de-uma-reuniao-na-ccifb-de-sao-paulo-com-o-clube-apm\\\/#primaryimage\"},\"thumbnailUrl\":\"https:\\\/\\\/www.gtlawyers.com.br\\\/site\\\/wp-content\\\/uploads\\\/CCIFB_21112023.jpg\",\"datePublished\":\"2023-11-22T12:51:31+00:00\",\"dateModified\":\"2023-11-22T13:37:13+00:00\",\"breadcrumb\":{\"@id\":\"https:\\\/\\\/www.gtlawyers.com.br\\\/noticia\\\/tamy-tanzilli-participa-de-uma-reuniao-na-ccifb-de-sao-paulo-com-o-clube-apm\\\/#breadcrumb\"},\"inLanguage\":\"en-US\",\"potentialAction\":[{\"@type\":\"ReadAction\",\"target\":[\"https:\\\/\\\/www.gtlawyers.com.br\\\/noticia\\\/tamy-tanzilli-participa-de-uma-reuniao-na-ccifb-de-sao-paulo-com-o-clube-apm\\\/\"]}]},{\"@type\":\"ImageObject\",\"inLanguage\":\"en-US\",\"@id\":\"https:\\\/\\\/www.gtlawyers.com.br\\\/noticia\\\/tamy-tanzilli-participa-de-uma-reuniao-na-ccifb-de-sao-paulo-com-o-clube-apm\\\/#primaryimage\",\"url\":\"https:\\\/\\\/www.gtlawyers.com.br\\\/site\\\/wp-content\\\/uploads\\\/CCIFB_21112023.jpg\",\"contentUrl\":\"https:\\\/\\\/www.gtlawyers.com.br\\\/site\\\/wp-content\\\/uploads\\\/CCIFB_21112023.jpg\",\"width\":883,\"height\":690},{\"@type\":\"BreadcrumbList\",\"@id\":\"https:\\\/\\\/www.gtlawyers.com.br\\\/noticia\\\/tamy-tanzilli-participa-de-uma-reuniao-na-ccifb-de-sao-paulo-com-o-clube-apm\\\/#breadcrumb\",\"itemListElement\":[{\"@type\":\"ListItem\",\"position\":1,\"name\":\"In\u00edcio\",\"item\":\"https:\\\/\\\/www.gtlawyers.com.br\\\/\"},{\"@type\":\"ListItem\",\"position\":2,\"name\":\"Tamy Tanzilli participa de uma reuni\u00e3o na CCIFB de S\u00e3o Paulo com o clube APM\"}]},{\"@type\":\"WebSite\",\"@id\":\"https:\\\/\\\/www.gtlawyers.com.br\\\/#website\",\"url\":\"https:\\\/\\\/www.gtlawyers.com.br\\\/\",\"name\":\"GTLawyers | Escrit\u00f3rio boutique full-service\",\"description\":\"Escrit\u00f3rio de advocacia franco-brasileiro para empresas especializado em M&amp;A, direito societ\u00e1rio, tribut\u00e1rio, imobili\u00e1rio, contencioso e compliance\",\"publisher\":{\"@id\":\"https:\\\/\\\/www.gtlawyers.com.br\\\/#organization\"},\"alternateName\":\"GTLawyers\",\"potentialAction\":[{\"@type\":\"SearchAction\",\"target\":{\"@type\":\"EntryPoint\",\"urlTemplate\":\"https:\\\/\\\/www.gtlawyers.com.br\\\/?s={search_term_string}\"},\"query-input\":{\"@type\":\"PropertyValueSpecification\",\"valueRequired\":true,\"valueName\":\"search_term_string\"}}],\"inLanguage\":\"en-US\"},{\"@type\":\"Organization\",\"@id\":\"https:\\\/\\\/www.gtlawyers.com.br\\\/#organization\",\"name\":\"GTLawyers - Escrit\u00f3rio boutique full-service\",\"url\":\"https:\\\/\\\/www.gtlawyers.com.br\\\/\",\"logo\":{\"@type\":\"ImageObject\",\"inLanguage\":\"en-US\",\"@id\":\"https:\\\/\\\/www.gtlawyers.com.br\\\/#\\\/schema\\\/logo\\\/image\\\/\",\"url\":\"https:\\\/\\\/www.gtlawyers.com.br\\\/site\\\/wp-content\\\/uploads\\\/image-3.png\",\"contentUrl\":\"https:\\\/\\\/www.gtlawyers.com.br\\\/site\\\/wp-content\\\/uploads\\\/image-3.png\",\"width\":166,\"height\":44,\"caption\":\"GTLawyers - Escrit\u00f3rio boutique full-service\"},\"image\":{\"@id\":\"https:\\\/\\\/www.gtlawyers.com.br\\\/#\\\/schema\\\/logo\\\/image\\\/\"},\"sameAs\":[\"https:\\\/\\\/www.linkedin.com\\\/company\\\/gtlawyers\\\/mycompany\\\/\"]},{\"@type\":\"Person\",\"@id\":\"https:\\\/\\\/www.gtlawyers.com.br\\\/#\\\/schema\\\/person\\\/ddacb191167435332fe1305a7c77274f\",\"name\":\"Felipe Nascimento\",\"image\":{\"@type\":\"ImageObject\",\"inLanguage\":\"en-US\",\"@id\":\"https:\\\/\\\/secure.gravatar.com\\\/avatar\\\/99b2fc11283f57cb70c409ae58fd3f3e83dfe5f33ff50bf649361b2d7e2240e0?s=96&d=mm&r=g\",\"url\":\"https:\\\/\\\/secure.gravatar.com\\\/avatar\\\/99b2fc11283f57cb70c409ae58fd3f3e83dfe5f33ff50bf649361b2d7e2240e0?s=96&d=mm&r=g\",\"contentUrl\":\"https:\\\/\\\/secure.gravatar.com\\\/avatar\\\/99b2fc11283f57cb70c409ae58fd3f3e83dfe5f33ff50bf649361b2d7e2240e0?s=96&d=mm&r=g\",\"caption\":\"Felipe Nascimento\"},\"url\":\"https:\\\/\\\/www.gtlawyers.com.br\\\/en\\\/author\\\/felipe\\\/\"}]}<\/script>\n<!-- \/ Yoast SEO plugin. -->","yoast_head_json":{"title":"Tamy Tanzilli participa de uma reuni\u00e3o na CCIFB de S\u00e3o Paulo com o clube APM | GTLawyers | Escrit\u00f3rio boutique full-service","robots":{"index":"index","follow":"follow","max-snippet":"max-snippet:-1","max-image-preview":"max-image-preview:large","max-video-preview":"max-video-preview:-1"},"canonical":"https:\/\/www.gtlawyers.com.br\/en\/noticia\/tamy-tanzilli-participa-de-uma-reuniao-na-ccifb-de-sao-paulo-com-o-clube-apm\/","og_locale":"en_US","og_type":"article","og_title":"Tamy Tanzilli participa de uma reuni\u00e3o na CCIFB de S\u00e3o Paulo com o clube APM | GTLawyers | Escrit\u00f3rio boutique full-service","og_description":"Tamy Tanzilli participou no 21\/11\/2023 de uma reuni\u00e3o na CCIFB de S\u00e3o Paulo com o clube APM de empreendedores de Armor-Penthi\u00e8vre, em colabora\u00e7\u00e3o com Philippe Boutaud-Sanz e Yann Fromont, para apresentar as realidades jur\u00eddicas e tribut\u00e1rias do Brasil para empresas que desejam desenvolver suas atividades no pa\u00eds.","og_url":"https:\/\/www.gtlawyers.com.br\/en\/noticia\/tamy-tanzilli-participa-de-uma-reuniao-na-ccifb-de-sao-paulo-com-o-clube-apm\/","og_site_name":"GTLawyers | Escrit\u00f3rio boutique full-service","article_published_time":"2023-11-22T12:51:31+00:00","article_modified_time":"2023-11-22T13:37:13+00:00","og_image":[{"width":883,"height":690,"url":"https:\/\/www.gtlawyers.com.br\/site\/wp-content\/uploads\/CCIFB_21112023.jpg","type":"image\/jpeg"}],"author":"Felipe Nascimento","twitter_card":"summary_large_image","twitter_misc":{"Written by":"Felipe Nascimento"},"schema":{"@context":"https:\/\/schema.org","@graph":[{"@type":"Article","@id":"https:\/\/www.gtlawyers.com.br\/noticia\/tamy-tanzilli-participa-de-uma-reuniao-na-ccifb-de-sao-paulo-com-o-clube-apm\/#article","isPartOf":{"@id":"https:\/\/www.gtlawyers.com.br\/noticia\/tamy-tanzilli-participa-de-uma-reuniao-na-ccifb-de-sao-paulo-com-o-clube-apm\/"},"author":{"name":"Felipe Nascimento","@id":"https:\/\/www.gtlawyers.com.br\/#\/schema\/person\/ddacb191167435332fe1305a7c77274f"},"headline":"Tamy Tanzilli participa de uma reuni\u00e3o na CCIFB de S\u00e3o Paulo com o clube APM","datePublished":"2023-11-22T12:51:31+00:00","dateModified":"2023-11-22T13:37:13+00:00","mainEntityOfPage":{"@id":"https:\/\/www.gtlawyers.com.br\/noticia\/tamy-tanzilli-participa-de-uma-reuniao-na-ccifb-de-sao-paulo-com-o-clube-apm\/"},"wordCount":70,"commentCount":0,"publisher":{"@id":"https:\/\/www.gtlawyers.com.br\/#organization"},"image":{"@id":"https:\/\/www.gtlawyers.com.br\/noticia\/tamy-tanzilli-participa-de-uma-reuniao-na-ccifb-de-sao-paulo-com-o-clube-apm\/#primaryimage"},"thumbnailUrl":"https:\/\/www.gtlawyers.com.br\/site\/wp-content\/uploads\/CCIFB_21112023.jpg","articleSection":["News"],"inLanguage":"en-US","potentialAction":[{"@type":"CommentAction","name":"Comment","target":["https:\/\/www.gtlawyers.com.br\/noticia\/tamy-tanzilli-participa-de-uma-reuniao-na-ccifb-de-sao-paulo-com-o-clube-apm\/#respond"]}]},{"@type":"WebPage","@id":"https:\/\/www.gtlawyers.com.br\/noticia\/tamy-tanzilli-participa-de-uma-reuniao-na-ccifb-de-sao-paulo-com-o-clube-apm\/","url":"https:\/\/www.gtlawyers.com.br\/noticia\/tamy-tanzilli-participa-de-uma-reuniao-na-ccifb-de-sao-paulo-com-o-clube-apm\/","name":"Tamy Tanzilli participa de uma reuni\u00e3o na CCIFB de S\u00e3o Paulo com o clube APM | GTLawyers | Escrit\u00f3rio boutique full-service","isPartOf":{"@id":"https:\/\/www.gtlawyers.com.br\/#website"},"primaryImageOfPage":{"@id":"https:\/\/www.gtlawyers.com.br\/noticia\/tamy-tanzilli-participa-de-uma-reuniao-na-ccifb-de-sao-paulo-com-o-clube-apm\/#primaryimage"},"image":{"@id":"https:\/\/www.gtlawyers.com.br\/noticia\/tamy-tanzilli-participa-de-uma-reuniao-na-ccifb-de-sao-paulo-com-o-clube-apm\/#primaryimage"},"thumbnailUrl":"https:\/\/www.gtlawyers.com.br\/site\/wp-content\/uploads\/CCIFB_21112023.jpg","datePublished":"2023-11-22T12:51:31+00:00","dateModified":"2023-11-22T13:37:13+00:00","breadcrumb":{"@id":"https:\/\/www.gtlawyers.com.br\/noticia\/tamy-tanzilli-participa-de-uma-reuniao-na-ccifb-de-sao-paulo-com-o-clube-apm\/#breadcrumb"},"inLanguage":"en-US","potentialAction":[{"@type":"ReadAction","target":["https:\/\/www.gtlawyers.com.br\/noticia\/tamy-tanzilli-participa-de-uma-reuniao-na-ccifb-de-sao-paulo-com-o-clube-apm\/"]}]},{"@type":"ImageObject","inLanguage":"en-US","@id":"https:\/\/www.gtlawyers.com.br\/noticia\/tamy-tanzilli-participa-de-uma-reuniao-na-ccifb-de-sao-paulo-com-o-clube-apm\/#primaryimage","url":"https:\/\/www.gtlawyers.com.br\/site\/wp-content\/uploads\/CCIFB_21112023.jpg","contentUrl":"https:\/\/www.gtlawyers.com.br\/site\/wp-content\/uploads\/CCIFB_21112023.jpg","width":883,"height":690},{"@type":"BreadcrumbList","@id":"https:\/\/www.gtlawyers.com.br\/noticia\/tamy-tanzilli-participa-de-uma-reuniao-na-ccifb-de-sao-paulo-com-o-clube-apm\/#breadcrumb","itemListElement":[{"@type":"ListItem","position":1,"name":"In\u00edcio","item":"https:\/\/www.gtlawyers.com.br\/"},{"@type":"ListItem","position":2,"name":"Tamy Tanzilli participa de uma reuni\u00e3o na CCIFB de S\u00e3o Paulo com o clube APM"}]},{"@type":"WebSite","@id":"https:\/\/www.gtlawyers.com.br\/#website","url":"https:\/\/www.gtlawyers.com.br\/","name":"GTLawyers | Escrit\u00f3rio boutique full-service","description":"Escrit\u00f3rio de advocacia franco-brasileiro para empresas especializado em M&amp;A, direito societ\u00e1rio, tribut\u00e1rio, imobili\u00e1rio, contencioso e compliance","publisher":{"@id":"https:\/\/www.gtlawyers.com.br\/#organization"},"alternateName":"GTLawyers","potentialAction":[{"@type":"SearchAction","target":{"@type":"EntryPoint","urlTemplate":"https:\/\/www.gtlawyers.com.br\/?s={search_term_string}"},"query-input":{"@type":"PropertyValueSpecification","valueRequired":true,"valueName":"search_term_string"}}],"inLanguage":"en-US"},{"@type":"Organization","@id":"https:\/\/www.gtlawyers.com.br\/#organization","name":"GTLawyers - Escrit\u00f3rio boutique full-service","url":"https:\/\/www.gtlawyers.com.br\/","logo":{"@type":"ImageObject","inLanguage":"en-US","@id":"https:\/\/www.gtlawyers.com.br\/#\/schema\/logo\/image\/","url":"https:\/\/www.gtlawyers.com.br\/site\/wp-content\/uploads\/image-3.png","contentUrl":"https:\/\/www.gtlawyers.com.br\/site\/wp-content\/uploads\/image-3.png","width":166,"height":44,"caption":"GTLawyers - Escrit\u00f3rio boutique full-service"},"image":{"@id":"https:\/\/www.gtlawyers.com.br\/#\/schema\/logo\/image\/"},"sameAs":["https:\/\/www.linkedin.com\/company\/gtlawyers\/mycompany\/"]},{"@type":"Person","@id":"https:\/\/www.gtlawyers.com.br\/#\/schema\/person\/ddacb191167435332fe1305a7c77274f","name":"Felipe Nascimento","image":{"@type":"ImageObject","inLanguage":"en-US","@id":"https:\/\/secure.gravatar.com\/avatar\/99b2fc11283f57cb70c409ae58fd3f3e83dfe5f33ff50bf649361b2d7e2240e0?s=96&d=mm&r=g","url":"https:\/\/secure.gravatar.com\/avatar\/99b2fc11283f57cb70c409ae58fd3f3e83dfe5f33ff50bf649361b2d7e2240e0?s=96&d=mm&r=g","contentUrl":"https:\/\/secure.gravatar.com\/avatar\/99b2fc11283f57cb70c409ae58fd3f3e83dfe5f33ff50bf649361b2d7e2240e0?s=96&d=mm&r=g","caption":"Felipe Nascimento"},"url":"https:\/\/www.gtlawyers.com.br\/en\/author\/felipe\/"}]}},"_links":{"self":[{"href":"https:\/\/www.gtlawyers.com.br\/en\/wp-json\/wp\/v2\/posts\/1094","targetHints":{"allow":["GET"]}}],"collection":[{"href":"https:\/\/www.gtlawyers.com.br\/en\/wp-json\/wp\/v2\/posts"}],"about":[{"href":"https:\/\/www.gtlawyers.com.br\/en\/wp-json\/wp\/v2\/types\/post"}],"author":[{"embeddable":true,"href":"https:\/\/www.gtlawyers.com.br\/en\/wp-json\/wp\/v2\/users\/5"}],"replies":[{"embeddable":true,"href":"https:\/\/www.gtlawyers.com.br\/en\/wp-json\/wp\/v2\/comments?post=1094"}],"version-history":[{"count":3,"href":"https:\/\/www.gtlawyers.com.br\/en\/wp-json\/wp\/v2\/posts\/1094\/revisions"}],"predecessor-version":[{"id":1100,"href":"https:\/\/www.gtlawyers.com.br\/en\/wp-json\/wp\/v2\/posts\/1094\/revisions\/1100"}],"wp:featuredmedia":[{"embeddable":true,"href":"https:\/\/www.gtlawyers.com.br\/en\/wp-json\/wp\/v2\/media\/1095"}],"wp:attachment":[{"href":"https:\/\/www.gtlawyers.com.br\/en\/wp-json\/wp\/v2\/media?parent=1094"}],"wp:term":[{"taxonomy":"category","embeddable":true,"href":"https:\/\/www.gtlawyers.com.br\/en\/wp-json\/wp\/v2\/categories?post=1094"},{"taxonomy":"post_tag","embeddable":true,"href":"https:\/\/www.gtlawyers.com.br\/en\/wp-json\/wp\/v2\/tags?post=1094"}],"curies":[{"name":"wp","href":"https:\/\/api.w.org\/{rel}","templated":true}]}}