{"id":1105,"date":"2023-11-30T09:12:58","date_gmt":"2023-11-30T12:12:58","guid":{"rendered":"https:\/\/www.gtlawyers.com.br\/?p=1105"},"modified":"2023-11-30T09:15:02","modified_gmt":"2023-11-30T12:15:02","slug":"evento-presencial-na-ccifb-no-28-11-2023","status":"publish","type":"post","link":"https:\/\/www.gtlawyers.com.br\/en\/noticia\/evento-presencial-na-ccifb-no-28-11-2023\/","title":{"rendered":"Evento presencial na CCIFB no 28\/11\/2023 :"},"content":{"rendered":"<p><strong><u>\u201cNovo marco cambial:<\/u><\/strong><strong><u>&nbsp;As Recentes Altera\u00e7\u00f5es da regulamenta\u00e7\u00e3o do Banco Central\u201d<\/u><\/strong><\/p>\n\n\n\n<p><br>Em 28 de novembro de 2023, a C\u00e2mara de Com\u00e9rcio Fran\u00e7a-Brasil promoveu o evento intitulado &#8220;Novo Marco Cambial: As Recentes Altera\u00e7\u00f5es da regulamenta\u00e7\u00e3o do Banco Central&#8221;.<\/p>\n\n\n\n<p>O encontro foi organizado pelas Comiss\u00f5es de Com\u00e9rcio Exterior e de Comiss\u00e3o Legal da CCIFB, com a participa\u00e7\u00e3o da nossa s\u00f3cia fundadora, Tamy Tanzilli, que atua como vice-l\u00edder na Comiss\u00e3o Legal.<\/p>\n\n\n\n<p>O tema foi abordado em tr\u00eas palestras ministradas pelos senhores Fernando Marques Borges (Diretor da Associa\u00e7\u00e3o Brasileira de C\u00e2mbio &#8211; ABRACAM), Filipe Mano (S\u00f3cio da L2M) e Vinicius Vieira (Head of Business Development \u2013 Bexs Banco).<\/p>\n\n\n\n<p>Foram discutidos diversos t\u00f3picos, como as mudan\u00e7as significativas no cotidiano das opera\u00e7\u00f5es de c\u00e2mbio e nos registros de capitais e as novas regras relacionadas a investimentos estrangeiros e empr\u00e9stimos do exterior, entre outros.<\/p>\n\n\n\n<p>A Lei 14.286.\/21 tem como objetivo facilitar, modernizar e proporcionar maior seguran\u00e7a jur\u00eddica nas opera\u00e7\u00f5es de com\u00e9rcio exterior e no mercado de c\u00e2mbio e criar condi\u00e7\u00f5es para a inova\u00e7\u00e3o.<\/p>\n\n\n\n<p>Em resumo, a nova lei traz maior clareza e contribui tanto para atrair investidores para o Brasil quanto para facilitar investimentos internacionais por parte de entidades brasileiras.<\/p>\n\n\n\n<div class=\"wp-block-columns is-layout-flex wp-container-core-columns-is-layout-9d6595d7 wp-block-columns-is-layout-flex\">\n<div class=\"wp-block-column is-layout-flow wp-block-column-is-layout-flow\" style=\"flex-basis:100%\">\n<figure class=\"wp-block-gallery has-nested-images columns-default is-cropped wp-block-gallery-1 is-layout-flex wp-block-gallery-is-layout-flex\">\n<figure class=\"wp-block-image size-large\"><img loading=\"lazy\" decoding=\"async\" width=\"768\" height=\"1024\" data-id=\"1108\" src=\"https:\/\/www.gtlawyers.com.br\/site\/wp-content\/uploads\/evento-CCIFB7-768x1024.jpg\" alt=\"\" class=\"wp-image-1108\" srcset=\"https:\/\/www.gtlawyers.com.br\/site\/wp-content\/uploads\/evento-CCIFB7-768x1024.jpg 768w, https:\/\/www.gtlawyers.com.br\/site\/wp-content\/uploads\/evento-CCIFB7-225x300.jpg 225w, https:\/\/www.gtlawyers.com.br\/site\/wp-content\/uploads\/evento-CCIFB7-113x150.jpg 113w, https:\/\/www.gtlawyers.com.br\/site\/wp-content\/uploads\/evento-CCIFB7-9x12.jpg 9w, https:\/\/www.gtlawyers.com.br\/site\/wp-content\/uploads\/evento-CCIFB7.jpg 960w\" sizes=\"auto, (max-width: 768px) 100vw, 768px\" \/><\/figure>\n\n\n\n<figure class=\"wp-block-image size-large\"><img loading=\"lazy\" decoding=\"async\" width=\"1024\" height=\"604\" data-id=\"1107\" src=\"https:\/\/www.gtlawyers.com.br\/site\/wp-content\/uploads\/evento-CCIFB6-1024x604.jpg\" alt=\"\" class=\"wp-image-1107\" srcset=\"https:\/\/www.gtlawyers.com.br\/site\/wp-content\/uploads\/evento-CCIFB6-1024x604.jpg 1024w, https:\/\/www.gtlawyers.com.br\/site\/wp-content\/uploads\/evento-CCIFB6-300x177.jpg 300w, https:\/\/www.gtlawyers.com.br\/site\/wp-content\/uploads\/evento-CCIFB6-150x88.jpg 150w, https:\/\/www.gtlawyers.com.br\/site\/wp-content\/uploads\/evento-CCIFB6-768x453.jpg 768w, https:\/\/www.gtlawyers.com.br\/site\/wp-content\/uploads\/evento-CCIFB6-18x12.jpg 18w, https:\/\/www.gtlawyers.com.br\/site\/wp-content\/uploads\/evento-CCIFB6.jpg 1280w\" sizes=\"auto, (max-width: 1024px) 100vw, 1024px\" \/><\/figure>\n\n\n\n<figure class=\"wp-block-image size-large\"><img loading=\"lazy\" decoding=\"async\" width=\"756\" height=\"1024\" data-id=\"1106\" src=\"https:\/\/www.gtlawyers.com.br\/site\/wp-content\/uploads\/evento-CCIFB4-756x1024.jpg\" alt=\"\" class=\"wp-image-1106\" srcset=\"https:\/\/www.gtlawyers.com.br\/site\/wp-content\/uploads\/evento-CCIFB4-756x1024.jpg 756w, https:\/\/www.gtlawyers.com.br\/site\/wp-content\/uploads\/evento-CCIFB4-222x300.jpg 222w, https:\/\/www.gtlawyers.com.br\/site\/wp-content\/uploads\/evento-CCIFB4-111x150.jpg 111w, https:\/\/www.gtlawyers.com.br\/site\/wp-content\/uploads\/evento-CCIFB4-768x1040.jpg 768w, https:\/\/www.gtlawyers.com.br\/site\/wp-content\/uploads\/evento-CCIFB4-1134x1536.jpg 1134w, https:\/\/www.gtlawyers.com.br\/site\/wp-content\/uploads\/evento-CCIFB4-1512x2048.jpg 1512w, https:\/\/www.gtlawyers.com.br\/site\/wp-content\/uploads\/evento-CCIFB4-9x12.jpg 9w, https:\/\/www.gtlawyers.com.br\/site\/wp-content\/uploads\/evento-CCIFB4-scaled.jpg 1890w\" sizes=\"auto, (max-width: 756px) 100vw, 756px\" \/><\/figure>\n<\/figure>\n<\/div>\n<\/div>","protected":false},"excerpt":{"rendered":"<p>\u201cNovo marco cambial:&nbsp;As Recentes Altera\u00e7\u00f5es da regulamenta\u00e7\u00e3o do Banco Central\u201d Em 28 de novembro de 2023, a C\u00e2mara de Com\u00e9rcio Fran\u00e7a-Brasil promoveu o evento intitulado &#8220;Novo Marco Cambial: As Recentes Altera\u00e7\u00f5es da regulamenta\u00e7\u00e3o do Banco Central&#8221;. O encontro foi organizado pelas Comiss\u00f5es de Com\u00e9rcio Exterior e de Comiss\u00e3o Legal da CCIFB, com a participa\u00e7\u00e3o da [&hellip;]<\/p>\n","protected":false},"author":5,"featured_media":1107,"comment_status":"open","ping_status":"open","sticky":false,"template":"","format":"standard","meta":{"_acf_changed":false,"footnotes":""},"categories":[7],"tags":[],"class_list":["post-1105","post","type-post","status-publish","format-standard","has-post-thumbnail","hentry","category-noticia"],"acf":[],"yoast_head":"<!-- This site is optimized with the Yoast SEO plugin v27.5 - https:\/\/yoast.com\/product\/yoast-seo-wordpress\/ -->\n<title>Evento presencial na CCIFB no 28\/11\/2023 : | GTLawyers | Escrit\u00f3rio boutique full-service<\/title>\n<meta name=\"robots\" content=\"index, follow, max-snippet:-1, max-image-preview:large, max-video-preview:-1\" \/>\n<link rel=\"canonical\" href=\"https:\/\/www.gtlawyers.com.br\/en\/noticia\/evento-presencial-na-ccifb-no-28-11-2023\/\" \/>\n<meta property=\"og:locale\" content=\"en_US\" \/>\n<meta property=\"og:type\" content=\"article\" \/>\n<meta property=\"og:title\" content=\"Evento presencial na CCIFB no 28\/11\/2023 : | GTLawyers | Escrit\u00f3rio boutique full-service\" \/>\n<meta property=\"og:description\" content=\"\u201cNovo marco cambial:&nbsp;As Recentes Altera\u00e7\u00f5es da regulamenta\u00e7\u00e3o do Banco Central\u201d Em 28 de novembro de 2023, a C\u00e2mara de Com\u00e9rcio Fran\u00e7a-Brasil promoveu o evento intitulado &#8220;Novo Marco Cambial: As Recentes Altera\u00e7\u00f5es da regulamenta\u00e7\u00e3o do Banco Central&#8221;. O encontro foi organizado pelas Comiss\u00f5es de Com\u00e9rcio Exterior e de Comiss\u00e3o Legal da CCIFB, com a participa\u00e7\u00e3o da [&hellip;]\" \/>\n<meta property=\"og:url\" content=\"https:\/\/www.gtlawyers.com.br\/en\/noticia\/evento-presencial-na-ccifb-no-28-11-2023\/\" \/>\n<meta property=\"og:site_name\" content=\"GTLawyers | Escrit\u00f3rio boutique full-service\" \/>\n<meta property=\"article:published_time\" content=\"2023-11-30T12:12:58+00:00\" \/>\n<meta property=\"article:modified_time\" content=\"2023-11-30T12:15:02+00:00\" \/>\n<meta property=\"og:image\" content=\"https:\/\/www.gtlawyers.com.br\/site\/wp-content\/uploads\/evento-CCIFB6.jpg\" \/>\n\t<meta property=\"og:image:width\" content=\"1280\" \/>\n\t<meta property=\"og:image:height\" content=\"755\" \/>\n\t<meta property=\"og:image:type\" content=\"image\/jpeg\" \/>\n<meta name=\"author\" content=\"Felipe Nascimento\" \/>\n<meta name=\"twitter:card\" content=\"summary_large_image\" \/>\n<meta name=\"twitter:label1\" content=\"Written by\" \/>\n\t<meta name=\"twitter:data1\" content=\"Felipe Nascimento\" \/>\n\t<meta name=\"twitter:label2\" content=\"Est. reading time\" \/>\n\t<meta name=\"twitter:data2\" content=\"1 minute\" \/>\n<script type=\"application\/ld+json\" class=\"yoast-schema-graph\">{\"@context\":\"https:\\\/\\\/schema.org\",\"@graph\":[{\"@type\":\"Article\",\"@id\":\"https:\\\/\\\/www.gtlawyers.com.br\\\/noticia\\\/evento-presencial-na-ccifb-no-28-11-2023\\\/#article\",\"isPartOf\":{\"@id\":\"https:\\\/\\\/www.gtlawyers.com.br\\\/noticia\\\/evento-presencial-na-ccifb-no-28-11-2023\\\/\"},\"author\":{\"name\":\"Felipe Nascimento\",\"@id\":\"https:\\\/\\\/www.gtlawyers.com.br\\\/#\\\/schema\\\/person\\\/ddacb191167435332fe1305a7c77274f\"},\"headline\":\"Evento presencial na CCIFB no 28\\\/11\\\/2023 :\",\"datePublished\":\"2023-11-30T12:12:58+00:00\",\"dateModified\":\"2023-11-30T12:15:02+00:00\",\"mainEntityOfPage\":{\"@id\":\"https:\\\/\\\/www.gtlawyers.com.br\\\/noticia\\\/evento-presencial-na-ccifb-no-28-11-2023\\\/\"},\"wordCount\":226,\"commentCount\":0,\"publisher\":{\"@id\":\"https:\\\/\\\/www.gtlawyers.com.br\\\/#organization\"},\"image\":{\"@id\":\"https:\\\/\\\/www.gtlawyers.com.br\\\/noticia\\\/evento-presencial-na-ccifb-no-28-11-2023\\\/#primaryimage\"},\"thumbnailUrl\":\"https:\\\/\\\/www.gtlawyers.com.br\\\/site\\\/wp-content\\\/uploads\\\/evento-CCIFB6.jpg\",\"articleSection\":[\"News\"],\"inLanguage\":\"en-US\",\"potentialAction\":[{\"@type\":\"CommentAction\",\"name\":\"Comment\",\"target\":[\"https:\\\/\\\/www.gtlawyers.com.br\\\/noticia\\\/evento-presencial-na-ccifb-no-28-11-2023\\\/#respond\"]}]},{\"@type\":\"WebPage\",\"@id\":\"https:\\\/\\\/www.gtlawyers.com.br\\\/noticia\\\/evento-presencial-na-ccifb-no-28-11-2023\\\/\",\"url\":\"https:\\\/\\\/www.gtlawyers.com.br\\\/noticia\\\/evento-presencial-na-ccifb-no-28-11-2023\\\/\",\"name\":\"Evento presencial na CCIFB no 28\\\/11\\\/2023 : | GTLawyers | Escrit\u00f3rio boutique full-service\",\"isPartOf\":{\"@id\":\"https:\\\/\\\/www.gtlawyers.com.br\\\/#website\"},\"primaryImageOfPage\":{\"@id\":\"https:\\\/\\\/www.gtlawyers.com.br\\\/noticia\\\/evento-presencial-na-ccifb-no-28-11-2023\\\/#primaryimage\"},\"image\":{\"@id\":\"https:\\\/\\\/www.gtlawyers.com.br\\\/noticia\\\/evento-presencial-na-ccifb-no-28-11-2023\\\/#primaryimage\"},\"thumbnailUrl\":\"https:\\\/\\\/www.gtlawyers.com.br\\\/site\\\/wp-content\\\/uploads\\\/evento-CCIFB6.jpg\",\"datePublished\":\"2023-11-30T12:12:58+00:00\",\"dateModified\":\"2023-11-30T12:15:02+00:00\",\"breadcrumb\":{\"@id\":\"https:\\\/\\\/www.gtlawyers.com.br\\\/noticia\\\/evento-presencial-na-ccifb-no-28-11-2023\\\/#breadcrumb\"},\"inLanguage\":\"en-US\",\"potentialAction\":[{\"@type\":\"ReadAction\",\"target\":[\"https:\\\/\\\/www.gtlawyers.com.br\\\/noticia\\\/evento-presencial-na-ccifb-no-28-11-2023\\\/\"]}]},{\"@type\":\"ImageObject\",\"inLanguage\":\"en-US\",\"@id\":\"https:\\\/\\\/www.gtlawyers.com.br\\\/noticia\\\/evento-presencial-na-ccifb-no-28-11-2023\\\/#primaryimage\",\"url\":\"https:\\\/\\\/www.gtlawyers.com.br\\\/site\\\/wp-content\\\/uploads\\\/evento-CCIFB6.jpg\",\"contentUrl\":\"https:\\\/\\\/www.gtlawyers.com.br\\\/site\\\/wp-content\\\/uploads\\\/evento-CCIFB6.jpg\",\"width\":1280,\"height\":755},{\"@type\":\"BreadcrumbList\",\"@id\":\"https:\\\/\\\/www.gtlawyers.com.br\\\/noticia\\\/evento-presencial-na-ccifb-no-28-11-2023\\\/#breadcrumb\",\"itemListElement\":[{\"@type\":\"ListItem\",\"position\":1,\"name\":\"In\u00edcio\",\"item\":\"https:\\\/\\\/www.gtlawyers.com.br\\\/\"},{\"@type\":\"ListItem\",\"position\":2,\"name\":\"Evento presencial na CCIFB no 28\\\/11\\\/2023 :\"}]},{\"@type\":\"WebSite\",\"@id\":\"https:\\\/\\\/www.gtlawyers.com.br\\\/#website\",\"url\":\"https:\\\/\\\/www.gtlawyers.com.br\\\/\",\"name\":\"GTLawyers | Escrit\u00f3rio boutique full-service\",\"description\":\"Escrit\u00f3rio de advocacia franco-brasileiro para empresas especializado em M&amp;A, direito societ\u00e1rio, tribut\u00e1rio, imobili\u00e1rio, contencioso e compliance\",\"publisher\":{\"@id\":\"https:\\\/\\\/www.gtlawyers.com.br\\\/#organization\"},\"alternateName\":\"GTLawyers\",\"potentialAction\":[{\"@type\":\"SearchAction\",\"target\":{\"@type\":\"EntryPoint\",\"urlTemplate\":\"https:\\\/\\\/www.gtlawyers.com.br\\\/?s={search_term_string}\"},\"query-input\":{\"@type\":\"PropertyValueSpecification\",\"valueRequired\":true,\"valueName\":\"search_term_string\"}}],\"inLanguage\":\"en-US\"},{\"@type\":\"Organization\",\"@id\":\"https:\\\/\\\/www.gtlawyers.com.br\\\/#organization\",\"name\":\"GTLawyers - Escrit\u00f3rio boutique full-service\",\"url\":\"https:\\\/\\\/www.gtlawyers.com.br\\\/\",\"logo\":{\"@type\":\"ImageObject\",\"inLanguage\":\"en-US\",\"@id\":\"https:\\\/\\\/www.gtlawyers.com.br\\\/#\\\/schema\\\/logo\\\/image\\\/\",\"url\":\"https:\\\/\\\/www.gtlawyers.com.br\\\/site\\\/wp-content\\\/uploads\\\/image-3.png\",\"contentUrl\":\"https:\\\/\\\/www.gtlawyers.com.br\\\/site\\\/wp-content\\\/uploads\\\/image-3.png\",\"width\":166,\"height\":44,\"caption\":\"GTLawyers - Escrit\u00f3rio boutique full-service\"},\"image\":{\"@id\":\"https:\\\/\\\/www.gtlawyers.com.br\\\/#\\\/schema\\\/logo\\\/image\\\/\"},\"sameAs\":[\"https:\\\/\\\/www.linkedin.com\\\/company\\\/gtlawyers\\\/mycompany\\\/\"]},{\"@type\":\"Person\",\"@id\":\"https:\\\/\\\/www.gtlawyers.com.br\\\/#\\\/schema\\\/person\\\/ddacb191167435332fe1305a7c77274f\",\"name\":\"Felipe Nascimento\",\"image\":{\"@type\":\"ImageObject\",\"inLanguage\":\"en-US\",\"@id\":\"https:\\\/\\\/secure.gravatar.com\\\/avatar\\\/99b2fc11283f57cb70c409ae58fd3f3e83dfe5f33ff50bf649361b2d7e2240e0?s=96&d=mm&r=g\",\"url\":\"https:\\\/\\\/secure.gravatar.com\\\/avatar\\\/99b2fc11283f57cb70c409ae58fd3f3e83dfe5f33ff50bf649361b2d7e2240e0?s=96&d=mm&r=g\",\"contentUrl\":\"https:\\\/\\\/secure.gravatar.com\\\/avatar\\\/99b2fc11283f57cb70c409ae58fd3f3e83dfe5f33ff50bf649361b2d7e2240e0?s=96&d=mm&r=g\",\"caption\":\"Felipe Nascimento\"},\"url\":\"https:\\\/\\\/www.gtlawyers.com.br\\\/en\\\/author\\\/felipe\\\/\"}]}<\/script>\n<!-- \/ Yoast SEO plugin. -->","yoast_head_json":{"title":"Evento presencial na CCIFB no 28\/11\/2023 : | GTLawyers | Escrit\u00f3rio boutique full-service","robots":{"index":"index","follow":"follow","max-snippet":"max-snippet:-1","max-image-preview":"max-image-preview:large","max-video-preview":"max-video-preview:-1"},"canonical":"https:\/\/www.gtlawyers.com.br\/en\/noticia\/evento-presencial-na-ccifb-no-28-11-2023\/","og_locale":"en_US","og_type":"article","og_title":"Evento presencial na CCIFB no 28\/11\/2023 : | GTLawyers | Escrit\u00f3rio boutique full-service","og_description":"\u201cNovo marco cambial:&nbsp;As Recentes Altera\u00e7\u00f5es da regulamenta\u00e7\u00e3o do Banco Central\u201d Em 28 de novembro de 2023, a C\u00e2mara de Com\u00e9rcio Fran\u00e7a-Brasil promoveu o evento intitulado &#8220;Novo Marco Cambial: As Recentes Altera\u00e7\u00f5es da regulamenta\u00e7\u00e3o do Banco Central&#8221;. O encontro foi organizado pelas Comiss\u00f5es de Com\u00e9rcio Exterior e de Comiss\u00e3o Legal da CCIFB, com a participa\u00e7\u00e3o da [&hellip;]","og_url":"https:\/\/www.gtlawyers.com.br\/en\/noticia\/evento-presencial-na-ccifb-no-28-11-2023\/","og_site_name":"GTLawyers | Escrit\u00f3rio boutique full-service","article_published_time":"2023-11-30T12:12:58+00:00","article_modified_time":"2023-11-30T12:15:02+00:00","og_image":[{"width":1280,"height":755,"url":"https:\/\/www.gtlawyers.com.br\/site\/wp-content\/uploads\/evento-CCIFB6.jpg","type":"image\/jpeg"}],"author":"Felipe Nascimento","twitter_card":"summary_large_image","twitter_misc":{"Written by":"Felipe Nascimento","Est. reading time":"1 minute"},"schema":{"@context":"https:\/\/schema.org","@graph":[{"@type":"Article","@id":"https:\/\/www.gtlawyers.com.br\/noticia\/evento-presencial-na-ccifb-no-28-11-2023\/#article","isPartOf":{"@id":"https:\/\/www.gtlawyers.com.br\/noticia\/evento-presencial-na-ccifb-no-28-11-2023\/"},"author":{"name":"Felipe Nascimento","@id":"https:\/\/www.gtlawyers.com.br\/#\/schema\/person\/ddacb191167435332fe1305a7c77274f"},"headline":"Evento presencial na CCIFB no 28\/11\/2023 :","datePublished":"2023-11-30T12:12:58+00:00","dateModified":"2023-11-30T12:15:02+00:00","mainEntityOfPage":{"@id":"https:\/\/www.gtlawyers.com.br\/noticia\/evento-presencial-na-ccifb-no-28-11-2023\/"},"wordCount":226,"commentCount":0,"publisher":{"@id":"https:\/\/www.gtlawyers.com.br\/#organization"},"image":{"@id":"https:\/\/www.gtlawyers.com.br\/noticia\/evento-presencial-na-ccifb-no-28-11-2023\/#primaryimage"},"thumbnailUrl":"https:\/\/www.gtlawyers.com.br\/site\/wp-content\/uploads\/evento-CCIFB6.jpg","articleSection":["News"],"inLanguage":"en-US","potentialAction":[{"@type":"CommentAction","name":"Comment","target":["https:\/\/www.gtlawyers.com.br\/noticia\/evento-presencial-na-ccifb-no-28-11-2023\/#respond"]}]},{"@type":"WebPage","@id":"https:\/\/www.gtlawyers.com.br\/noticia\/evento-presencial-na-ccifb-no-28-11-2023\/","url":"https:\/\/www.gtlawyers.com.br\/noticia\/evento-presencial-na-ccifb-no-28-11-2023\/","name":"Evento presencial na CCIFB no 28\/11\/2023 : | GTLawyers | Escrit\u00f3rio boutique full-service","isPartOf":{"@id":"https:\/\/www.gtlawyers.com.br\/#website"},"primaryImageOfPage":{"@id":"https:\/\/www.gtlawyers.com.br\/noticia\/evento-presencial-na-ccifb-no-28-11-2023\/#primaryimage"},"image":{"@id":"https:\/\/www.gtlawyers.com.br\/noticia\/evento-presencial-na-ccifb-no-28-11-2023\/#primaryimage"},"thumbnailUrl":"https:\/\/www.gtlawyers.com.br\/site\/wp-content\/uploads\/evento-CCIFB6.jpg","datePublished":"2023-11-30T12:12:58+00:00","dateModified":"2023-11-30T12:15:02+00:00","breadcrumb":{"@id":"https:\/\/www.gtlawyers.com.br\/noticia\/evento-presencial-na-ccifb-no-28-11-2023\/#breadcrumb"},"inLanguage":"en-US","potentialAction":[{"@type":"ReadAction","target":["https:\/\/www.gtlawyers.com.br\/noticia\/evento-presencial-na-ccifb-no-28-11-2023\/"]}]},{"@type":"ImageObject","inLanguage":"en-US","@id":"https:\/\/www.gtlawyers.com.br\/noticia\/evento-presencial-na-ccifb-no-28-11-2023\/#primaryimage","url":"https:\/\/www.gtlawyers.com.br\/site\/wp-content\/uploads\/evento-CCIFB6.jpg","contentUrl":"https:\/\/www.gtlawyers.com.br\/site\/wp-content\/uploads\/evento-CCIFB6.jpg","width":1280,"height":755},{"@type":"BreadcrumbList","@id":"https:\/\/www.gtlawyers.com.br\/noticia\/evento-presencial-na-ccifb-no-28-11-2023\/#breadcrumb","itemListElement":[{"@type":"ListItem","position":1,"name":"In\u00edcio","item":"https:\/\/www.gtlawyers.com.br\/"},{"@type":"ListItem","position":2,"name":"Evento presencial na CCIFB no 28\/11\/2023 :"}]},{"@type":"WebSite","@id":"https:\/\/www.gtlawyers.com.br\/#website","url":"https:\/\/www.gtlawyers.com.br\/","name":"GTLawyers | Escrit\u00f3rio boutique full-service","description":"Escrit\u00f3rio de advocacia franco-brasileiro para empresas especializado em M&amp;A, direito societ\u00e1rio, tribut\u00e1rio, imobili\u00e1rio, contencioso e compliance","publisher":{"@id":"https:\/\/www.gtlawyers.com.br\/#organization"},"alternateName":"GTLawyers","potentialAction":[{"@type":"SearchAction","target":{"@type":"EntryPoint","urlTemplate":"https:\/\/www.gtlawyers.com.br\/?s={search_term_string}"},"query-input":{"@type":"PropertyValueSpecification","valueRequired":true,"valueName":"search_term_string"}}],"inLanguage":"en-US"},{"@type":"Organization","@id":"https:\/\/www.gtlawyers.com.br\/#organization","name":"GTLawyers - Escrit\u00f3rio boutique full-service","url":"https:\/\/www.gtlawyers.com.br\/","logo":{"@type":"ImageObject","inLanguage":"en-US","@id":"https:\/\/www.gtlawyers.com.br\/#\/schema\/logo\/image\/","url":"https:\/\/www.gtlawyers.com.br\/site\/wp-content\/uploads\/image-3.png","contentUrl":"https:\/\/www.gtlawyers.com.br\/site\/wp-content\/uploads\/image-3.png","width":166,"height":44,"caption":"GTLawyers - Escrit\u00f3rio boutique full-service"},"image":{"@id":"https:\/\/www.gtlawyers.com.br\/#\/schema\/logo\/image\/"},"sameAs":["https:\/\/www.linkedin.com\/company\/gtlawyers\/mycompany\/"]},{"@type":"Person","@id":"https:\/\/www.gtlawyers.com.br\/#\/schema\/person\/ddacb191167435332fe1305a7c77274f","name":"Felipe Nascimento","image":{"@type":"ImageObject","inLanguage":"en-US","@id":"https:\/\/secure.gravatar.com\/avatar\/99b2fc11283f57cb70c409ae58fd3f3e83dfe5f33ff50bf649361b2d7e2240e0?s=96&d=mm&r=g","url":"https:\/\/secure.gravatar.com\/avatar\/99b2fc11283f57cb70c409ae58fd3f3e83dfe5f33ff50bf649361b2d7e2240e0?s=96&d=mm&r=g","contentUrl":"https:\/\/secure.gravatar.com\/avatar\/99b2fc11283f57cb70c409ae58fd3f3e83dfe5f33ff50bf649361b2d7e2240e0?s=96&d=mm&r=g","caption":"Felipe Nascimento"},"url":"https:\/\/www.gtlawyers.com.br\/en\/author\/felipe\/"}]}},"_links":{"self":[{"href":"https:\/\/www.gtlawyers.com.br\/en\/wp-json\/wp\/v2\/posts\/1105","targetHints":{"allow":["GET"]}}],"collection":[{"href":"https:\/\/www.gtlawyers.com.br\/en\/wp-json\/wp\/v2\/posts"}],"about":[{"href":"https:\/\/www.gtlawyers.com.br\/en\/wp-json\/wp\/v2\/types\/post"}],"author":[{"embeddable":true,"href":"https:\/\/www.gtlawyers.com.br\/en\/wp-json\/wp\/v2\/users\/5"}],"replies":[{"embeddable":true,"href":"https:\/\/www.gtlawyers.com.br\/en\/wp-json\/wp\/v2\/comments?post=1105"}],"version-history":[{"count":1,"href":"https:\/\/www.gtlawyers.com.br\/en\/wp-json\/wp\/v2\/posts\/1105\/revisions"}],"predecessor-version":[{"id":1109,"href":"https:\/\/www.gtlawyers.com.br\/en\/wp-json\/wp\/v2\/posts\/1105\/revisions\/1109"}],"wp:featuredmedia":[{"embeddable":true,"href":"https:\/\/www.gtlawyers.com.br\/en\/wp-json\/wp\/v2\/media\/1107"}],"wp:attachment":[{"href":"https:\/\/www.gtlawyers.com.br\/en\/wp-json\/wp\/v2\/media?parent=1105"}],"wp:term":[{"taxonomy":"category","embeddable":true,"href":"https:\/\/www.gtlawyers.com.br\/en\/wp-json\/wp\/v2\/categories?post=1105"},{"taxonomy":"post_tag","embeddable":true,"href":"https:\/\/www.gtlawyers.com.br\/en\/wp-json\/wp\/v2\/tags?post=1105"}],"curies":[{"name":"wp","href":"https:\/\/api.w.org\/{rel}","templated":true}]}}