{"id":1226,"date":"2024-04-15T17:58:29","date_gmt":"2024-04-15T20:58:29","guid":{"rendered":"https:\/\/www.gtlawyers.com.br\/?p=1226"},"modified":"2024-04-21T20:32:55","modified_gmt":"2024-04-21T23:32:55","slug":"gt-lawyers-organise-avec-la-banque-nationale-une-conference-sur-les-opportunites-daffaires-au-bresil","status":"publish","type":"post","link":"https:\/\/www.gtlawyers.com.br\/en\/noticia\/gt-lawyers-organise-avec-la-banque-nationale-une-conference-sur-les-opportunites-daffaires-au-bresil\/","title":{"rendered":"GT Lawyers organise avec la Banque Nationale, une Conf\u00e9rence sur les opportunit\u00e9s d\u2019affaires au Br\u00e9sil."},"content":{"rendered":"<p class=\"has-text-align-center\">Nous aurons le plaisir d\u2019avoir parmi nous le<strong>30 avril<\/strong>, \u00e0&nbsp;<strong>Montr\u00e9al<\/strong>, plusieurs intervenants sp\u00e9cialis\u00e9s dans l\u2019accompagnement des entreprises canadiennes au Br\u00e9sil (voir le programme d\u00e9taill\u00e9)<\/p>\n\n\n<div class=\"wp-block-image\">\n<figure class=\"aligncenter size-full\"><img loading=\"lazy\" decoding=\"async\" width=\"800\" height=\"1200\" src=\"https:\/\/www.gtlawyers.com.br\/site\/wp-content\/uploads\/Capa-FR.png\" alt=\"\" class=\"wp-image-1242\" srcset=\"https:\/\/www.gtlawyers.com.br\/site\/wp-content\/uploads\/Capa-FR.png 800w, https:\/\/www.gtlawyers.com.br\/site\/wp-content\/uploads\/Capa-FR-200x300.png 200w, https:\/\/www.gtlawyers.com.br\/site\/wp-content\/uploads\/Capa-FR-683x1024.png 683w, https:\/\/www.gtlawyers.com.br\/site\/wp-content\/uploads\/Capa-FR-100x150.png 100w, https:\/\/www.gtlawyers.com.br\/site\/wp-content\/uploads\/Capa-FR-768x1152.png 768w, https:\/\/www.gtlawyers.com.br\/site\/wp-content\/uploads\/Capa-FR-8x12.png 8w\" sizes=\"auto, (max-width: 800px) 100vw, 800px\" \/><\/figure>\n<\/div>\n\n\n<div style=\"height:58px\" aria-hidden=\"true\" class=\"wp-block-spacer\"><\/div>\n\n\n\n<p class=\"has-text-align-center\">Les places sont limit\u00e9es, RSVP avant le 29 avril<\/p>\n\n\n\n<div class=\"wp-block-buttons is-content-justification-center is-layout-flex wp-container-core-buttons-is-layout-16018d1d wp-block-buttons-is-layout-flex\">\n<div class=\"wp-block-button\"><a class=\"wp-block-button__link has-text-align-center wp-element-button\" href=\"https:\/\/www.gtlawyers.com.br\/en\/convite\/\">Inscrivez-vous<\/a><\/div>\n<\/div>\n\n\n\n<blockquote class=\"wp-block-quote is-layout-flow wp-block-quote-is-layout-flow\">\n<p><\/p>\n\n\n\n<p class=\"has-text-align-center has-small-font-size\">Pour information additionnelle, veuillez contacter &nbsp; Anne-Catherine Brunschwig<\/p>\n\n\n\n<p class=\"has-text-align-center has-small-font-size\">admin@gtlawyers.com.br<\/p>\n<\/blockquote>\n\n\n\n<hr class=\"wp-block-separator has-alpha-channel-opacity\"\/>\n\n\n\n<p class=\"has-text-align-center\">Le Br\u00e9sil pr\u00e9sente de nombreuses possibilit\u00e9s pour vos entreprises. C\u2019est avec plaisir que nous vous invitons \u00e0 ce petit d\u00e9jeuner-conf\u00e9rence, le 30 avril 2024, au si\u00e8ge social de la Banque Nationale \u00e0 Montr\u00e9al.<\/p>\n\n\n\n<p class=\"has-text-align-center\">R\u00e9servez cette date \u00e0 votre agenda et profitez de ce moment privil\u00e9gi\u00e9 pour \u00e9changer avec notre panel de sp\u00e9cialistes sur la pratique des &nbsp;affaires au Br\u00e9sil. Vous obtiendrez des informations strat\u00e9giques pour percer ce march\u00e9 et vous aurez la chance de discuter avec d\u2019autres entrepreneurs qui ont les m\u00eames objectifs que vous.<\/p>\n\n\n\n<hr class=\"wp-block-separator has-alpha-channel-opacity\"\/>\n\n\n\n<p class=\"has-text-align-center\"><strong>D\u00e9roulement de la Conf\u00e9rence:<\/strong><\/p>\n\n\n\n<figure class=\"wp-block-table\"><table><tbody><tr><td class=\"has-text-align-left\" data-align=\"left\"><strong>7 h 45 \u2013 8 h 00 &nbsp; &nbsp; &nbsp; Inscription et caf\u00e9<\/strong><br><strong>8 h 00 &#8211; 08 h 10 &nbsp; &nbsp; Mots de bienvenue<\/strong> Mathieu Cousineau Degarie et Anne-Catherine Brunschwig Directeur, Strat\u00e9gies Commerce International Banque Nationale<br><strong>8 h 10 &#8211; 8 h 25 &nbsp; &nbsp; &nbsp; &nbsp; Canada-Br\u00e9sil, une relation strat\u00e9gique en croissance &nbsp;<\/strong>Caroline CharetteConsul G\u00e9n\u00e9rale du Canada \u00e0 S\u00e3o Paulo, Br\u00e9sil<br><strong>8 h 25 \u2013 8h40 &nbsp; &nbsp; &nbsp; &nbsp; &nbsp;Facteurs cl\u00e9s pour le succ\u00e8s commercial au Br\u00e9sil &#8211; IQ et l\u2019aide \u00e0 &nbsp;l\u2019Internationalisation<\/strong> Margarita Motta Conseill\u00e8re Experte, Exportations, Am\u00e9rique du Sud Investissement Qu\u00e9bec<br><strong>8 h 40 &#8211; 09 h 05 &nbsp; &nbsp;T\u00e9moignages et Strat\u00e9gies pour faires affaires au Br\u00e9sil<\/strong> Anne-Catherine Brunschwig Avocate Associ\u00e9e GT Lawyers<br><strong>9 h 05 \u2013 9 h 45 &nbsp; &nbsp; &nbsp;R\u00e9seautage autour d\u2019un caf\u00e9<\/strong><\/td><\/tr><tr><td class=\"has-text-align-left\" data-align=\"left\"><\/td><\/tr><tr><td class=\"has-text-align-left\" data-align=\"left\"><strong>Au plaisir de vous y rencontrer !<\/strong><\/td><\/tr><\/tbody><\/table><\/figure>\n\n\n\n<hr class=\"wp-block-separator has-alpha-channel-opacity\"\/>\n\n\n<div class=\"wp-block-image\">\n<figure class=\"aligncenter size-full\"><img loading=\"lazy\" decoding=\"async\" width=\"648\" height=\"307\" src=\"https:\/\/www.gtlawyers.com.br\/site\/wp-content\/uploads\/Captura-de-Tela-2024-04-15-as-17.56.54.png\" alt=\"\" class=\"wp-image-1228\" srcset=\"https:\/\/www.gtlawyers.com.br\/site\/wp-content\/uploads\/Captura-de-Tela-2024-04-15-as-17.56.54.png 648w, https:\/\/www.gtlawyers.com.br\/site\/wp-content\/uploads\/Captura-de-Tela-2024-04-15-as-17.56.54-300x142.png 300w, https:\/\/www.gtlawyers.com.br\/site\/wp-content\/uploads\/Captura-de-Tela-2024-04-15-as-17.56.54-150x71.png 150w, https:\/\/www.gtlawyers.com.br\/site\/wp-content\/uploads\/Captura-de-Tela-2024-04-15-as-17.56.54-18x9.png 18w\" sizes=\"auto, (max-width: 648px) 100vw, 648px\" \/><\/figure>\n<\/div>\n\n\n<div class=\"wp-block-buttons is-content-justification-center is-layout-flex wp-container-core-buttons-is-layout-16018d1d wp-block-buttons-is-layout-flex\">\n<div class=\"wp-block-button\"><a class=\"wp-block-button__link wp-element-button\" href=\"https:\/\/www.gtlawyers.com.br\/site\/wp-content\/uploads\/convite\/cvsfr.pdf\">Biographie<\/a><\/div>\n<\/div>\n\n\n\n<hr class=\"wp-block-separator has-alpha-channel-opacity\"\/>\n\n\n<div class=\"wp-block-image\">\n<figure class=\"aligncenter size-full\"><img loading=\"lazy\" decoding=\"async\" width=\"629\" height=\"114\" src=\"https:\/\/www.gtlawyers.com.br\/site\/wp-content\/uploads\/Captura-de-Tela-2024-04-15-as-17.58.04.png\" alt=\"\" class=\"wp-image-1229\" srcset=\"https:\/\/www.gtlawyers.com.br\/site\/wp-content\/uploads\/Captura-de-Tela-2024-04-15-as-17.58.04.png 629w, https:\/\/www.gtlawyers.com.br\/site\/wp-content\/uploads\/Captura-de-Tela-2024-04-15-as-17.58.04-300x54.png 300w, https:\/\/www.gtlawyers.com.br\/site\/wp-content\/uploads\/Captura-de-Tela-2024-04-15-as-17.58.04-150x27.png 150w, https:\/\/www.gtlawyers.com.br\/site\/wp-content\/uploads\/Captura-de-Tela-2024-04-15-as-17.58.04-18x3.png 18w\" sizes=\"auto, (max-width: 629px) 100vw, 629px\" \/><\/figure>\n<\/div>\n\n\n<hr class=\"wp-block-separator has-alpha-channel-opacity\"\/>","protected":false},"excerpt":{"rendered":"<p>Nous aurons le plaisir d\u2019avoir parmi nous le30 avril, \u00e0&nbsp;Montr\u00e9al, plusieurs intervenants sp\u00e9cialis\u00e9s dans l\u2019accompagnement des entreprises canadiennes au Br\u00e9sil (voir le programme d\u00e9taill\u00e9) Les places sont limit\u00e9es, RSVP avant le 29 avril Pour information additionnelle, veuillez contacter &nbsp; Anne-Catherine Brunschwig admin@gtlawyers.com.br Le Br\u00e9sil pr\u00e9sente de nombreuses possibilit\u00e9s pour vos entreprises. C\u2019est avec plaisir que [&hellip;]<\/p>\n","protected":false},"author":5,"featured_media":0,"comment_status":"open","ping_status":"open","sticky":false,"template":"","format":"standard","meta":{"_acf_changed":false,"footnotes":""},"categories":[7],"tags":[],"class_list":["post-1226","post","type-post","status-publish","format-standard","hentry","category-noticia"],"acf":[],"yoast_head":"<!-- This site is optimized with the Yoast SEO plugin v27.5 - https:\/\/yoast.com\/product\/yoast-seo-wordpress\/ -->\n<title>GT Lawyers organise avec la Banque Nationale, une Conf\u00e9rence sur les opportunit\u00e9s d\u2019affaires au Br\u00e9sil. | GTLawyers | Escrit\u00f3rio boutique full-service<\/title>\n<meta name=\"robots\" content=\"index, follow, max-snippet:-1, max-image-preview:large, max-video-preview:-1\" \/>\n<link rel=\"canonical\" href=\"https:\/\/www.gtlawyers.com.br\/en\/noticia\/gt-lawyers-organise-avec-la-banque-nationale-une-conference-sur-les-opportunites-daffaires-au-bresil\/\" \/>\n<meta property=\"og:locale\" content=\"en_US\" \/>\n<meta property=\"og:type\" content=\"article\" \/>\n<meta property=\"og:title\" content=\"GT Lawyers organise avec la Banque Nationale, une Conf\u00e9rence sur les opportunit\u00e9s d\u2019affaires au Br\u00e9sil. | GTLawyers | Escrit\u00f3rio boutique full-service\" \/>\n<meta property=\"og:description\" content=\"Nous aurons le plaisir d\u2019avoir parmi nous le30 avril, \u00e0&nbsp;Montr\u00e9al, plusieurs intervenants sp\u00e9cialis\u00e9s dans l\u2019accompagnement des entreprises canadiennes au Br\u00e9sil (voir le programme d\u00e9taill\u00e9) Les places sont limit\u00e9es, RSVP avant le 29 avril Pour information additionnelle, veuillez contacter &nbsp; Anne-Catherine Brunschwig admin@gtlawyers.com.br Le Br\u00e9sil pr\u00e9sente de nombreuses possibilit\u00e9s pour vos entreprises. C\u2019est avec plaisir que [&hellip;]\" \/>\n<meta property=\"og:url\" content=\"https:\/\/www.gtlawyers.com.br\/en\/noticia\/gt-lawyers-organise-avec-la-banque-nationale-une-conference-sur-les-opportunites-daffaires-au-bresil\/\" \/>\n<meta property=\"og:site_name\" content=\"GTLawyers | Escrit\u00f3rio boutique full-service\" \/>\n<meta property=\"article:published_time\" content=\"2024-04-15T20:58:29+00:00\" \/>\n<meta property=\"article:modified_time\" content=\"2024-04-21T23:32:55+00:00\" \/>\n<meta property=\"og:image\" content=\"https:\/\/www.gtlawyers.com.br\/site\/wp-content\/uploads\/Capa-FR.png\" \/>\n<meta name=\"author\" content=\"Felipe Nascimento\" \/>\n<meta name=\"twitter:card\" content=\"summary_large_image\" \/>\n<meta name=\"twitter:label1\" content=\"Written by\" \/>\n\t<meta name=\"twitter:data1\" content=\"Felipe Nascimento\" \/>\n\t<meta name=\"twitter:label2\" content=\"Est. reading time\" \/>\n\t<meta name=\"twitter:data2\" content=\"1 minute\" \/>\n<script type=\"application\/ld+json\" class=\"yoast-schema-graph\">{\"@context\":\"https:\\\/\\\/schema.org\",\"@graph\":[{\"@type\":\"Article\",\"@id\":\"https:\\\/\\\/www.gtlawyers.com.br\\\/noticia\\\/gt-lawyers-organise-avec-la-banque-nationale-une-conference-sur-les-opportunites-daffaires-au-bresil\\\/#article\",\"isPartOf\":{\"@id\":\"https:\\\/\\\/www.gtlawyers.com.br\\\/noticia\\\/gt-lawyers-organise-avec-la-banque-nationale-une-conference-sur-les-opportunites-daffaires-au-bresil\\\/\"},\"author\":{\"name\":\"Felipe Nascimento\",\"@id\":\"https:\\\/\\\/www.gtlawyers.com.br\\\/#\\\/schema\\\/person\\\/ddacb191167435332fe1305a7c77274f\"},\"headline\":\"GT Lawyers organise avec la Banque Nationale, une Conf\u00e9rence sur les opportunit\u00e9s d\u2019affaires au Br\u00e9sil.\",\"datePublished\":\"2024-04-15T20:58:29+00:00\",\"dateModified\":\"2024-04-21T23:32:55+00:00\",\"mainEntityOfPage\":{\"@id\":\"https:\\\/\\\/www.gtlawyers.com.br\\\/noticia\\\/gt-lawyers-organise-avec-la-banque-nationale-une-conference-sur-les-opportunites-daffaires-au-bresil\\\/\"},\"wordCount\":312,\"commentCount\":0,\"publisher\":{\"@id\":\"https:\\\/\\\/www.gtlawyers.com.br\\\/#organization\"},\"image\":{\"@id\":\"https:\\\/\\\/www.gtlawyers.com.br\\\/noticia\\\/gt-lawyers-organise-avec-la-banque-nationale-une-conference-sur-les-opportunites-daffaires-au-bresil\\\/#primaryimage\"},\"thumbnailUrl\":\"https:\\\/\\\/www.gtlawyers.com.br\\\/site\\\/wp-content\\\/uploads\\\/Capa-FR.png\",\"articleSection\":[\"News\"],\"inLanguage\":\"en-US\",\"potentialAction\":[{\"@type\":\"CommentAction\",\"name\":\"Comment\",\"target\":[\"https:\\\/\\\/www.gtlawyers.com.br\\\/noticia\\\/gt-lawyers-organise-avec-la-banque-nationale-une-conference-sur-les-opportunites-daffaires-au-bresil\\\/#respond\"]}]},{\"@type\":\"WebPage\",\"@id\":\"https:\\\/\\\/www.gtlawyers.com.br\\\/noticia\\\/gt-lawyers-organise-avec-la-banque-nationale-une-conference-sur-les-opportunites-daffaires-au-bresil\\\/\",\"url\":\"https:\\\/\\\/www.gtlawyers.com.br\\\/noticia\\\/gt-lawyers-organise-avec-la-banque-nationale-une-conference-sur-les-opportunites-daffaires-au-bresil\\\/\",\"name\":\"GT Lawyers organise avec la Banque Nationale, une Conf\u00e9rence sur les opportunit\u00e9s d\u2019affaires au Br\u00e9sil. | GTLawyers | Escrit\u00f3rio boutique full-service\",\"isPartOf\":{\"@id\":\"https:\\\/\\\/www.gtlawyers.com.br\\\/#website\"},\"primaryImageOfPage\":{\"@id\":\"https:\\\/\\\/www.gtlawyers.com.br\\\/noticia\\\/gt-lawyers-organise-avec-la-banque-nationale-une-conference-sur-les-opportunites-daffaires-au-bresil\\\/#primaryimage\"},\"image\":{\"@id\":\"https:\\\/\\\/www.gtlawyers.com.br\\\/noticia\\\/gt-lawyers-organise-avec-la-banque-nationale-une-conference-sur-les-opportunites-daffaires-au-bresil\\\/#primaryimage\"},\"thumbnailUrl\":\"https:\\\/\\\/www.gtlawyers.com.br\\\/site\\\/wp-content\\\/uploads\\\/Capa-FR.png\",\"datePublished\":\"2024-04-15T20:58:29+00:00\",\"dateModified\":\"2024-04-21T23:32:55+00:00\",\"breadcrumb\":{\"@id\":\"https:\\\/\\\/www.gtlawyers.com.br\\\/noticia\\\/gt-lawyers-organise-avec-la-banque-nationale-une-conference-sur-les-opportunites-daffaires-au-bresil\\\/#breadcrumb\"},\"inLanguage\":\"en-US\",\"potentialAction\":[{\"@type\":\"ReadAction\",\"target\":[\"https:\\\/\\\/www.gtlawyers.com.br\\\/noticia\\\/gt-lawyers-organise-avec-la-banque-nationale-une-conference-sur-les-opportunites-daffaires-au-bresil\\\/\"]}]},{\"@type\":\"ImageObject\",\"inLanguage\":\"en-US\",\"@id\":\"https:\\\/\\\/www.gtlawyers.com.br\\\/noticia\\\/gt-lawyers-organise-avec-la-banque-nationale-une-conference-sur-les-opportunites-daffaires-au-bresil\\\/#primaryimage\",\"url\":\"https:\\\/\\\/www.gtlawyers.com.br\\\/site\\\/wp-content\\\/uploads\\\/Capa-FR.png\",\"contentUrl\":\"https:\\\/\\\/www.gtlawyers.com.br\\\/site\\\/wp-content\\\/uploads\\\/Capa-FR.png\"},{\"@type\":\"BreadcrumbList\",\"@id\":\"https:\\\/\\\/www.gtlawyers.com.br\\\/noticia\\\/gt-lawyers-organise-avec-la-banque-nationale-une-conference-sur-les-opportunites-daffaires-au-bresil\\\/#breadcrumb\",\"itemListElement\":[{\"@type\":\"ListItem\",\"position\":1,\"name\":\"In\u00edcio\",\"item\":\"https:\\\/\\\/www.gtlawyers.com.br\\\/\"},{\"@type\":\"ListItem\",\"position\":2,\"name\":\"GT Lawyers organise avec la Banque Nationale, une Conf\u00e9rence sur les opportunit\u00e9s d\u2019affaires au Br\u00e9sil.\"}]},{\"@type\":\"WebSite\",\"@id\":\"https:\\\/\\\/www.gtlawyers.com.br\\\/#website\",\"url\":\"https:\\\/\\\/www.gtlawyers.com.br\\\/\",\"name\":\"GTLawyers | Escrit\u00f3rio boutique full-service\",\"description\":\"Escrit\u00f3rio de advocacia franco-brasileiro para empresas especializado em M&amp;A, direito societ\u00e1rio, tribut\u00e1rio, imobili\u00e1rio, contencioso e compliance\",\"publisher\":{\"@id\":\"https:\\\/\\\/www.gtlawyers.com.br\\\/#organization\"},\"alternateName\":\"GTLawyers\",\"potentialAction\":[{\"@type\":\"SearchAction\",\"target\":{\"@type\":\"EntryPoint\",\"urlTemplate\":\"https:\\\/\\\/www.gtlawyers.com.br\\\/?s={search_term_string}\"},\"query-input\":{\"@type\":\"PropertyValueSpecification\",\"valueRequired\":true,\"valueName\":\"search_term_string\"}}],\"inLanguage\":\"en-US\"},{\"@type\":\"Organization\",\"@id\":\"https:\\\/\\\/www.gtlawyers.com.br\\\/#organization\",\"name\":\"GTLawyers - Escrit\u00f3rio boutique full-service\",\"url\":\"https:\\\/\\\/www.gtlawyers.com.br\\\/\",\"logo\":{\"@type\":\"ImageObject\",\"inLanguage\":\"en-US\",\"@id\":\"https:\\\/\\\/www.gtlawyers.com.br\\\/#\\\/schema\\\/logo\\\/image\\\/\",\"url\":\"https:\\\/\\\/www.gtlawyers.com.br\\\/site\\\/wp-content\\\/uploads\\\/image-3.png\",\"contentUrl\":\"https:\\\/\\\/www.gtlawyers.com.br\\\/site\\\/wp-content\\\/uploads\\\/image-3.png\",\"width\":166,\"height\":44,\"caption\":\"GTLawyers - Escrit\u00f3rio boutique full-service\"},\"image\":{\"@id\":\"https:\\\/\\\/www.gtlawyers.com.br\\\/#\\\/schema\\\/logo\\\/image\\\/\"},\"sameAs\":[\"https:\\\/\\\/www.linkedin.com\\\/company\\\/gtlawyers\\\/mycompany\\\/\"]},{\"@type\":\"Person\",\"@id\":\"https:\\\/\\\/www.gtlawyers.com.br\\\/#\\\/schema\\\/person\\\/ddacb191167435332fe1305a7c77274f\",\"name\":\"Felipe Nascimento\",\"image\":{\"@type\":\"ImageObject\",\"inLanguage\":\"en-US\",\"@id\":\"https:\\\/\\\/secure.gravatar.com\\\/avatar\\\/99b2fc11283f57cb70c409ae58fd3f3e83dfe5f33ff50bf649361b2d7e2240e0?s=96&d=mm&r=g\",\"url\":\"https:\\\/\\\/secure.gravatar.com\\\/avatar\\\/99b2fc11283f57cb70c409ae58fd3f3e83dfe5f33ff50bf649361b2d7e2240e0?s=96&d=mm&r=g\",\"contentUrl\":\"https:\\\/\\\/secure.gravatar.com\\\/avatar\\\/99b2fc11283f57cb70c409ae58fd3f3e83dfe5f33ff50bf649361b2d7e2240e0?s=96&d=mm&r=g\",\"caption\":\"Felipe Nascimento\"},\"url\":\"https:\\\/\\\/www.gtlawyers.com.br\\\/en\\\/author\\\/felipe\\\/\"}]}<\/script>\n<!-- \/ Yoast SEO plugin. -->","yoast_head_json":{"title":"GT Lawyers organise avec la Banque Nationale, une Conf\u00e9rence sur les opportunit\u00e9s d\u2019affaires au Br\u00e9sil. | GTLawyers | Escrit\u00f3rio boutique full-service","robots":{"index":"index","follow":"follow","max-snippet":"max-snippet:-1","max-image-preview":"max-image-preview:large","max-video-preview":"max-video-preview:-1"},"canonical":"https:\/\/www.gtlawyers.com.br\/en\/noticia\/gt-lawyers-organise-avec-la-banque-nationale-une-conference-sur-les-opportunites-daffaires-au-bresil\/","og_locale":"en_US","og_type":"article","og_title":"GT Lawyers organise avec la Banque Nationale, une Conf\u00e9rence sur les opportunit\u00e9s d\u2019affaires au Br\u00e9sil. | GTLawyers | Escrit\u00f3rio boutique full-service","og_description":"Nous aurons le plaisir d\u2019avoir parmi nous le30 avril, \u00e0&nbsp;Montr\u00e9al, plusieurs intervenants sp\u00e9cialis\u00e9s dans l\u2019accompagnement des entreprises canadiennes au Br\u00e9sil (voir le programme d\u00e9taill\u00e9) Les places sont limit\u00e9es, RSVP avant le 29 avril Pour information additionnelle, veuillez contacter &nbsp; Anne-Catherine Brunschwig admin@gtlawyers.com.br Le Br\u00e9sil pr\u00e9sente de nombreuses possibilit\u00e9s pour vos entreprises. C\u2019est avec plaisir que [&hellip;]","og_url":"https:\/\/www.gtlawyers.com.br\/en\/noticia\/gt-lawyers-organise-avec-la-banque-nationale-une-conference-sur-les-opportunites-daffaires-au-bresil\/","og_site_name":"GTLawyers | Escrit\u00f3rio boutique full-service","article_published_time":"2024-04-15T20:58:29+00:00","article_modified_time":"2024-04-21T23:32:55+00:00","og_image":[{"url":"https:\/\/www.gtlawyers.com.br\/site\/wp-content\/uploads\/Capa-FR.png","type":"","width":"","height":""}],"author":"Felipe Nascimento","twitter_card":"summary_large_image","twitter_misc":{"Written by":"Felipe Nascimento","Est. reading time":"1 minute"},"schema":{"@context":"https:\/\/schema.org","@graph":[{"@type":"Article","@id":"https:\/\/www.gtlawyers.com.br\/noticia\/gt-lawyers-organise-avec-la-banque-nationale-une-conference-sur-les-opportunites-daffaires-au-bresil\/#article","isPartOf":{"@id":"https:\/\/www.gtlawyers.com.br\/noticia\/gt-lawyers-organise-avec-la-banque-nationale-une-conference-sur-les-opportunites-daffaires-au-bresil\/"},"author":{"name":"Felipe Nascimento","@id":"https:\/\/www.gtlawyers.com.br\/#\/schema\/person\/ddacb191167435332fe1305a7c77274f"},"headline":"GT Lawyers organise avec la Banque Nationale, une Conf\u00e9rence sur les opportunit\u00e9s d\u2019affaires au Br\u00e9sil.","datePublished":"2024-04-15T20:58:29+00:00","dateModified":"2024-04-21T23:32:55+00:00","mainEntityOfPage":{"@id":"https:\/\/www.gtlawyers.com.br\/noticia\/gt-lawyers-organise-avec-la-banque-nationale-une-conference-sur-les-opportunites-daffaires-au-bresil\/"},"wordCount":312,"commentCount":0,"publisher":{"@id":"https:\/\/www.gtlawyers.com.br\/#organization"},"image":{"@id":"https:\/\/www.gtlawyers.com.br\/noticia\/gt-lawyers-organise-avec-la-banque-nationale-une-conference-sur-les-opportunites-daffaires-au-bresil\/#primaryimage"},"thumbnailUrl":"https:\/\/www.gtlawyers.com.br\/site\/wp-content\/uploads\/Capa-FR.png","articleSection":["News"],"inLanguage":"en-US","potentialAction":[{"@type":"CommentAction","name":"Comment","target":["https:\/\/www.gtlawyers.com.br\/noticia\/gt-lawyers-organise-avec-la-banque-nationale-une-conference-sur-les-opportunites-daffaires-au-bresil\/#respond"]}]},{"@type":"WebPage","@id":"https:\/\/www.gtlawyers.com.br\/noticia\/gt-lawyers-organise-avec-la-banque-nationale-une-conference-sur-les-opportunites-daffaires-au-bresil\/","url":"https:\/\/www.gtlawyers.com.br\/noticia\/gt-lawyers-organise-avec-la-banque-nationale-une-conference-sur-les-opportunites-daffaires-au-bresil\/","name":"GT Lawyers organise avec la Banque Nationale, une Conf\u00e9rence sur les opportunit\u00e9s d\u2019affaires au Br\u00e9sil. | GTLawyers | Escrit\u00f3rio boutique full-service","isPartOf":{"@id":"https:\/\/www.gtlawyers.com.br\/#website"},"primaryImageOfPage":{"@id":"https:\/\/www.gtlawyers.com.br\/noticia\/gt-lawyers-organise-avec-la-banque-nationale-une-conference-sur-les-opportunites-daffaires-au-bresil\/#primaryimage"},"image":{"@id":"https:\/\/www.gtlawyers.com.br\/noticia\/gt-lawyers-organise-avec-la-banque-nationale-une-conference-sur-les-opportunites-daffaires-au-bresil\/#primaryimage"},"thumbnailUrl":"https:\/\/www.gtlawyers.com.br\/site\/wp-content\/uploads\/Capa-FR.png","datePublished":"2024-04-15T20:58:29+00:00","dateModified":"2024-04-21T23:32:55+00:00","breadcrumb":{"@id":"https:\/\/www.gtlawyers.com.br\/noticia\/gt-lawyers-organise-avec-la-banque-nationale-une-conference-sur-les-opportunites-daffaires-au-bresil\/#breadcrumb"},"inLanguage":"en-US","potentialAction":[{"@type":"ReadAction","target":["https:\/\/www.gtlawyers.com.br\/noticia\/gt-lawyers-organise-avec-la-banque-nationale-une-conference-sur-les-opportunites-daffaires-au-bresil\/"]}]},{"@type":"ImageObject","inLanguage":"en-US","@id":"https:\/\/www.gtlawyers.com.br\/noticia\/gt-lawyers-organise-avec-la-banque-nationale-une-conference-sur-les-opportunites-daffaires-au-bresil\/#primaryimage","url":"https:\/\/www.gtlawyers.com.br\/site\/wp-content\/uploads\/Capa-FR.png","contentUrl":"https:\/\/www.gtlawyers.com.br\/site\/wp-content\/uploads\/Capa-FR.png"},{"@type":"BreadcrumbList","@id":"https:\/\/www.gtlawyers.com.br\/noticia\/gt-lawyers-organise-avec-la-banque-nationale-une-conference-sur-les-opportunites-daffaires-au-bresil\/#breadcrumb","itemListElement":[{"@type":"ListItem","position":1,"name":"In\u00edcio","item":"https:\/\/www.gtlawyers.com.br\/"},{"@type":"ListItem","position":2,"name":"GT Lawyers organise avec la Banque Nationale, une Conf\u00e9rence sur les opportunit\u00e9s d\u2019affaires au Br\u00e9sil."}]},{"@type":"WebSite","@id":"https:\/\/www.gtlawyers.com.br\/#website","url":"https:\/\/www.gtlawyers.com.br\/","name":"GTLawyers | Escrit\u00f3rio boutique full-service","description":"Escrit\u00f3rio de advocacia franco-brasileiro para empresas especializado em M&amp;A, direito societ\u00e1rio, tribut\u00e1rio, imobili\u00e1rio, contencioso e compliance","publisher":{"@id":"https:\/\/www.gtlawyers.com.br\/#organization"},"alternateName":"GTLawyers","potentialAction":[{"@type":"SearchAction","target":{"@type":"EntryPoint","urlTemplate":"https:\/\/www.gtlawyers.com.br\/?s={search_term_string}"},"query-input":{"@type":"PropertyValueSpecification","valueRequired":true,"valueName":"search_term_string"}}],"inLanguage":"en-US"},{"@type":"Organization","@id":"https:\/\/www.gtlawyers.com.br\/#organization","name":"GTLawyers - Escrit\u00f3rio boutique full-service","url":"https:\/\/www.gtlawyers.com.br\/","logo":{"@type":"ImageObject","inLanguage":"en-US","@id":"https:\/\/www.gtlawyers.com.br\/#\/schema\/logo\/image\/","url":"https:\/\/www.gtlawyers.com.br\/site\/wp-content\/uploads\/image-3.png","contentUrl":"https:\/\/www.gtlawyers.com.br\/site\/wp-content\/uploads\/image-3.png","width":166,"height":44,"caption":"GTLawyers - Escrit\u00f3rio boutique full-service"},"image":{"@id":"https:\/\/www.gtlawyers.com.br\/#\/schema\/logo\/image\/"},"sameAs":["https:\/\/www.linkedin.com\/company\/gtlawyers\/mycompany\/"]},{"@type":"Person","@id":"https:\/\/www.gtlawyers.com.br\/#\/schema\/person\/ddacb191167435332fe1305a7c77274f","name":"Felipe Nascimento","image":{"@type":"ImageObject","inLanguage":"en-US","@id":"https:\/\/secure.gravatar.com\/avatar\/99b2fc11283f57cb70c409ae58fd3f3e83dfe5f33ff50bf649361b2d7e2240e0?s=96&d=mm&r=g","url":"https:\/\/secure.gravatar.com\/avatar\/99b2fc11283f57cb70c409ae58fd3f3e83dfe5f33ff50bf649361b2d7e2240e0?s=96&d=mm&r=g","contentUrl":"https:\/\/secure.gravatar.com\/avatar\/99b2fc11283f57cb70c409ae58fd3f3e83dfe5f33ff50bf649361b2d7e2240e0?s=96&d=mm&r=g","caption":"Felipe Nascimento"},"url":"https:\/\/www.gtlawyers.com.br\/en\/author\/felipe\/"}]}},"_links":{"self":[{"href":"https:\/\/www.gtlawyers.com.br\/en\/wp-json\/wp\/v2\/posts\/1226","targetHints":{"allow":["GET"]}}],"collection":[{"href":"https:\/\/www.gtlawyers.com.br\/en\/wp-json\/wp\/v2\/posts"}],"about":[{"href":"https:\/\/www.gtlawyers.com.br\/en\/wp-json\/wp\/v2\/types\/post"}],"author":[{"embeddable":true,"href":"https:\/\/www.gtlawyers.com.br\/en\/wp-json\/wp\/v2\/users\/5"}],"replies":[{"embeddable":true,"href":"https:\/\/www.gtlawyers.com.br\/en\/wp-json\/wp\/v2\/comments?post=1226"}],"version-history":[{"count":7,"href":"https:\/\/www.gtlawyers.com.br\/en\/wp-json\/wp\/v2\/posts\/1226\/revisions"}],"predecessor-version":[{"id":1243,"href":"https:\/\/www.gtlawyers.com.br\/en\/wp-json\/wp\/v2\/posts\/1226\/revisions\/1243"}],"wp:attachment":[{"href":"https:\/\/www.gtlawyers.com.br\/en\/wp-json\/wp\/v2\/media?parent=1226"}],"wp:term":[{"taxonomy":"category","embeddable":true,"href":"https:\/\/www.gtlawyers.com.br\/en\/wp-json\/wp\/v2\/categories?post=1226"},{"taxonomy":"post_tag","embeddable":true,"href":"https:\/\/www.gtlawyers.com.br\/en\/wp-json\/wp\/v2\/tags?post=1226"}],"curies":[{"name":"wp","href":"https:\/\/api.w.org\/{rel}","templated":true}]}}