{"id":1316,"date":"2024-06-03T08:11:01","date_gmt":"2024-06-03T11:11:01","guid":{"rendered":"https:\/\/www.gtlawyers.com.br\/?p=1316"},"modified":"2024-06-03T08:12:11","modified_gmt":"2024-06-03T11:12:11","slug":"estevao-gross-estara-participando-do-webinar-organizado-pela-ccifb","status":"publish","type":"post","link":"https:\/\/www.gtlawyers.com.br\/en\/sem-categoria\/estevao-gross-estara-participando-do-webinar-organizado-pela-ccifb\/","title":{"rendered":"Estev\u00e3o Gross estar\u00e1 participando do Webinar organizado pela CCIFB"},"content":{"rendered":"<figure class=\"wp-block-image size-large\"><img loading=\"lazy\" decoding=\"async\" width=\"1024\" height=\"576\" src=\"https:\/\/www.gtlawyers.com.br\/site\/wp-content\/uploads\/csm_comissao_legal_evento_arte_nova_01_934fe62785-1024x576.png\" alt=\"\" class=\"wp-image-1317\" srcset=\"https:\/\/www.gtlawyers.com.br\/site\/wp-content\/uploads\/csm_comissao_legal_evento_arte_nova_01_934fe62785-1024x576.png 1024w, https:\/\/www.gtlawyers.com.br\/site\/wp-content\/uploads\/csm_comissao_legal_evento_arte_nova_01_934fe62785-300x169.png 300w, https:\/\/www.gtlawyers.com.br\/site\/wp-content\/uploads\/csm_comissao_legal_evento_arte_nova_01_934fe62785-150x84.png 150w, https:\/\/www.gtlawyers.com.br\/site\/wp-content\/uploads\/csm_comissao_legal_evento_arte_nova_01_934fe62785-768x432.png 768w, https:\/\/www.gtlawyers.com.br\/site\/wp-content\/uploads\/csm_comissao_legal_evento_arte_nova_01_934fe62785-18x10.png 18w, https:\/\/www.gtlawyers.com.br\/site\/wp-content\/uploads\/csm_comissao_legal_evento_arte_nova_01_934fe62785.png 1536w\" sizes=\"auto, (max-width: 1024px) 100vw, 1024px\" \/><\/figure>\n\n\n\n<p>\ud83d\udce2&nbsp;Save the date!<\/p>\n\n\n\n<p>No dia 11 de junho, \u00e0s 9h30, nosso s\u00f3cio tribut\u00e1rio Estev\u00e3o Gross estar\u00e1 participando do Webinar organizado pela CCIFB. Ele se juntar\u00e1 a outros advogados para discutir as mudan\u00e7as significativas no sistema brasileiro de tributa\u00e7\u00e3o sobre o consumo.<\/p>\n\n\n\n<p>Em dezembro de 2023, foi aprovada uma altera\u00e7\u00e3o na Constitui\u00e7\u00e3o Federal que impacta profundamente o sistema tribut\u00e1rio brasileiro. Agora, a regulamenta\u00e7\u00e3o detalhada dessas mudan\u00e7as se faz necess\u00e1ria. O Governo Federal apresentou o Projeto de Lei 68\/24 em abril de 2024 para iniciar esse processo.<\/p>\n\n\n\n<p>Neste webinar, a comiss\u00e3o legal abordar\u00e1 os principais aspectos trazidos por este projeto de lei. \u00c9 uma oportunidade de se manter atualizado e participar de discuss\u00f5es importantes sobre o cen\u00e1rio tribut\u00e1rio brasileiro. Contamos com a sua presen\u00e7a!<\/p>\n\n\n\n<div class=\"wp-block-buttons is-layout-flex wp-block-buttons-is-layout-flex\">\n<div class=\"wp-block-button\"><a class=\"wp-block-button__link wp-element-button\" href=\"https:\/\/www.ccfb.com.br\/eventos\/agenda\/detail-dun-evenement\/event\/webinar-comissao-legal-reforma-tributaria-ponderacoes-sobre-o-projeto-de-regulamentacao-1.html\">Saiba mais.<\/a><\/div>\n<\/div>","protected":false},"excerpt":{"rendered":"<p>\ud83d\udce2&nbsp;Save the date! No dia 11 de junho, \u00e0s 9h30, nosso s\u00f3cio tribut\u00e1rio Estev\u00e3o Gross estar\u00e1 participando do Webinar organizado pela CCIFB. Ele se juntar\u00e1 a outros advogados para discutir as mudan\u00e7as significativas no sistema brasileiro de tributa\u00e7\u00e3o sobre o consumo. Em dezembro de 2023, foi aprovada uma altera\u00e7\u00e3o na Constitui\u00e7\u00e3o Federal que impacta profundamente [&hellip;]<\/p>\n","protected":false},"author":5,"featured_media":1317,"comment_status":"open","ping_status":"open","sticky":false,"template":"","format":"standard","meta":{"_acf_changed":false,"footnotes":""},"categories":[1],"tags":[],"class_list":["post-1316","post","type-post","status-publish","format-standard","has-post-thumbnail","hentry","category-sem-categoria"],"acf":[],"yoast_head":"<!-- This site is optimized with the Yoast SEO plugin v27.5 - https:\/\/yoast.com\/product\/yoast-seo-wordpress\/ -->\n<title>Estev\u00e3o Gross estar\u00e1 participando do Webinar organizado pela CCIFB | GTLawyers | Escrit\u00f3rio boutique full-service<\/title>\n<meta name=\"robots\" content=\"index, follow, max-snippet:-1, max-image-preview:large, max-video-preview:-1\" \/>\n<link rel=\"canonical\" href=\"https:\/\/www.gtlawyers.com.br\/en\/sem-categoria\/estevao-gross-estara-participando-do-webinar-organizado-pela-ccifb\/\" \/>\n<meta property=\"og:locale\" content=\"en_US\" \/>\n<meta property=\"og:type\" content=\"article\" \/>\n<meta property=\"og:title\" content=\"Estev\u00e3o Gross estar\u00e1 participando do Webinar organizado pela CCIFB | GTLawyers | Escrit\u00f3rio boutique full-service\" \/>\n<meta property=\"og:description\" content=\"\ud83d\udce2&nbsp;Save the date! No dia 11 de junho, \u00e0s 9h30, nosso s\u00f3cio tribut\u00e1rio Estev\u00e3o Gross estar\u00e1 participando do Webinar organizado pela CCIFB. Ele se juntar\u00e1 a outros advogados para discutir as mudan\u00e7as significativas no sistema brasileiro de tributa\u00e7\u00e3o sobre o consumo. Em dezembro de 2023, foi aprovada uma altera\u00e7\u00e3o na Constitui\u00e7\u00e3o Federal que impacta profundamente [&hellip;]\" \/>\n<meta property=\"og:url\" content=\"https:\/\/www.gtlawyers.com.br\/en\/sem-categoria\/estevao-gross-estara-participando-do-webinar-organizado-pela-ccifb\/\" \/>\n<meta property=\"og:site_name\" content=\"GTLawyers | Escrit\u00f3rio boutique full-service\" \/>\n<meta property=\"article:published_time\" content=\"2024-06-03T11:11:01+00:00\" \/>\n<meta property=\"article:modified_time\" content=\"2024-06-03T11:12:11+00:00\" \/>\n<meta property=\"og:image\" content=\"https:\/\/www.gtlawyers.com.br\/site\/wp-content\/uploads\/csm_comissao_legal_evento_arte_nova_01_934fe62785.png\" \/>\n\t<meta property=\"og:image:width\" content=\"1536\" \/>\n\t<meta property=\"og:image:height\" content=\"864\" \/>\n\t<meta property=\"og:image:type\" content=\"image\/png\" \/>\n<meta name=\"author\" content=\"Felipe Nascimento\" \/>\n<meta name=\"twitter:card\" content=\"summary_large_image\" \/>\n<meta name=\"twitter:label1\" content=\"Written by\" \/>\n\t<meta name=\"twitter:data1\" content=\"Felipe Nascimento\" \/>\n\t<meta name=\"twitter:label2\" content=\"Est. reading time\" \/>\n\t<meta name=\"twitter:data2\" content=\"1 minute\" \/>\n<script type=\"application\/ld+json\" class=\"yoast-schema-graph\">{\"@context\":\"https:\\\/\\\/schema.org\",\"@graph\":[{\"@type\":\"Article\",\"@id\":\"https:\\\/\\\/www.gtlawyers.com.br\\\/sem-categoria\\\/estevao-gross-estara-participando-do-webinar-organizado-pela-ccifb\\\/#article\",\"isPartOf\":{\"@id\":\"https:\\\/\\\/www.gtlawyers.com.br\\\/sem-categoria\\\/estevao-gross-estara-participando-do-webinar-organizado-pela-ccifb\\\/\"},\"author\":{\"name\":\"Felipe Nascimento\",\"@id\":\"https:\\\/\\\/www.gtlawyers.com.br\\\/#\\\/schema\\\/person\\\/ddacb191167435332fe1305a7c77274f\"},\"headline\":\"Estev\u00e3o Gross estar\u00e1 participando do Webinar organizado pela CCIFB\",\"datePublished\":\"2024-06-03T11:11:01+00:00\",\"dateModified\":\"2024-06-03T11:12:11+00:00\",\"mainEntityOfPage\":{\"@id\":\"https:\\\/\\\/www.gtlawyers.com.br\\\/sem-categoria\\\/estevao-gross-estara-participando-do-webinar-organizado-pela-ccifb\\\/\"},\"wordCount\":146,\"commentCount\":0,\"publisher\":{\"@id\":\"https:\\\/\\\/www.gtlawyers.com.br\\\/#organization\"},\"image\":{\"@id\":\"https:\\\/\\\/www.gtlawyers.com.br\\\/sem-categoria\\\/estevao-gross-estara-participando-do-webinar-organizado-pela-ccifb\\\/#primaryimage\"},\"thumbnailUrl\":\"https:\\\/\\\/www.gtlawyers.com.br\\\/site\\\/wp-content\\\/uploads\\\/csm_comissao_legal_evento_arte_nova_01_934fe62785.png\",\"articleSection\":[\"Sem categoria\"],\"inLanguage\":\"en-US\",\"potentialAction\":[{\"@type\":\"CommentAction\",\"name\":\"Comment\",\"target\":[\"https:\\\/\\\/www.gtlawyers.com.br\\\/sem-categoria\\\/estevao-gross-estara-participando-do-webinar-organizado-pela-ccifb\\\/#respond\"]}]},{\"@type\":\"WebPage\",\"@id\":\"https:\\\/\\\/www.gtlawyers.com.br\\\/sem-categoria\\\/estevao-gross-estara-participando-do-webinar-organizado-pela-ccifb\\\/\",\"url\":\"https:\\\/\\\/www.gtlawyers.com.br\\\/sem-categoria\\\/estevao-gross-estara-participando-do-webinar-organizado-pela-ccifb\\\/\",\"name\":\"Estev\u00e3o Gross estar\u00e1 participando do Webinar organizado pela CCIFB | GTLawyers | Escrit\u00f3rio boutique full-service\",\"isPartOf\":{\"@id\":\"https:\\\/\\\/www.gtlawyers.com.br\\\/#website\"},\"primaryImageOfPage\":{\"@id\":\"https:\\\/\\\/www.gtlawyers.com.br\\\/sem-categoria\\\/estevao-gross-estara-participando-do-webinar-organizado-pela-ccifb\\\/#primaryimage\"},\"image\":{\"@id\":\"https:\\\/\\\/www.gtlawyers.com.br\\\/sem-categoria\\\/estevao-gross-estara-participando-do-webinar-organizado-pela-ccifb\\\/#primaryimage\"},\"thumbnailUrl\":\"https:\\\/\\\/www.gtlawyers.com.br\\\/site\\\/wp-content\\\/uploads\\\/csm_comissao_legal_evento_arte_nova_01_934fe62785.png\",\"datePublished\":\"2024-06-03T11:11:01+00:00\",\"dateModified\":\"2024-06-03T11:12:11+00:00\",\"breadcrumb\":{\"@id\":\"https:\\\/\\\/www.gtlawyers.com.br\\\/sem-categoria\\\/estevao-gross-estara-participando-do-webinar-organizado-pela-ccifb\\\/#breadcrumb\"},\"inLanguage\":\"en-US\",\"potentialAction\":[{\"@type\":\"ReadAction\",\"target\":[\"https:\\\/\\\/www.gtlawyers.com.br\\\/sem-categoria\\\/estevao-gross-estara-participando-do-webinar-organizado-pela-ccifb\\\/\"]}]},{\"@type\":\"ImageObject\",\"inLanguage\":\"en-US\",\"@id\":\"https:\\\/\\\/www.gtlawyers.com.br\\\/sem-categoria\\\/estevao-gross-estara-participando-do-webinar-organizado-pela-ccifb\\\/#primaryimage\",\"url\":\"https:\\\/\\\/www.gtlawyers.com.br\\\/site\\\/wp-content\\\/uploads\\\/csm_comissao_legal_evento_arte_nova_01_934fe62785.png\",\"contentUrl\":\"https:\\\/\\\/www.gtlawyers.com.br\\\/site\\\/wp-content\\\/uploads\\\/csm_comissao_legal_evento_arte_nova_01_934fe62785.png\",\"width\":1536,\"height\":864},{\"@type\":\"BreadcrumbList\",\"@id\":\"https:\\\/\\\/www.gtlawyers.com.br\\\/sem-categoria\\\/estevao-gross-estara-participando-do-webinar-organizado-pela-ccifb\\\/#breadcrumb\",\"itemListElement\":[{\"@type\":\"ListItem\",\"position\":1,\"name\":\"In\u00edcio\",\"item\":\"https:\\\/\\\/www.gtlawyers.com.br\\\/\"},{\"@type\":\"ListItem\",\"position\":2,\"name\":\"Estev\u00e3o Gross estar\u00e1 participando do Webinar organizado pela CCIFB\"}]},{\"@type\":\"WebSite\",\"@id\":\"https:\\\/\\\/www.gtlawyers.com.br\\\/#website\",\"url\":\"https:\\\/\\\/www.gtlawyers.com.br\\\/\",\"name\":\"GTLawyers | Escrit\u00f3rio boutique full-service\",\"description\":\"Escrit\u00f3rio de advocacia franco-brasileiro para empresas especializado em M&amp;A, direito societ\u00e1rio, tribut\u00e1rio, imobili\u00e1rio, contencioso e compliance\",\"publisher\":{\"@id\":\"https:\\\/\\\/www.gtlawyers.com.br\\\/#organization\"},\"alternateName\":\"GTLawyers\",\"potentialAction\":[{\"@type\":\"SearchAction\",\"target\":{\"@type\":\"EntryPoint\",\"urlTemplate\":\"https:\\\/\\\/www.gtlawyers.com.br\\\/?s={search_term_string}\"},\"query-input\":{\"@type\":\"PropertyValueSpecification\",\"valueRequired\":true,\"valueName\":\"search_term_string\"}}],\"inLanguage\":\"en-US\"},{\"@type\":\"Organization\",\"@id\":\"https:\\\/\\\/www.gtlawyers.com.br\\\/#organization\",\"name\":\"GTLawyers - Escrit\u00f3rio boutique full-service\",\"url\":\"https:\\\/\\\/www.gtlawyers.com.br\\\/\",\"logo\":{\"@type\":\"ImageObject\",\"inLanguage\":\"en-US\",\"@id\":\"https:\\\/\\\/www.gtlawyers.com.br\\\/#\\\/schema\\\/logo\\\/image\\\/\",\"url\":\"https:\\\/\\\/www.gtlawyers.com.br\\\/site\\\/wp-content\\\/uploads\\\/image-3.png\",\"contentUrl\":\"https:\\\/\\\/www.gtlawyers.com.br\\\/site\\\/wp-content\\\/uploads\\\/image-3.png\",\"width\":166,\"height\":44,\"caption\":\"GTLawyers - Escrit\u00f3rio boutique full-service\"},\"image\":{\"@id\":\"https:\\\/\\\/www.gtlawyers.com.br\\\/#\\\/schema\\\/logo\\\/image\\\/\"},\"sameAs\":[\"https:\\\/\\\/www.linkedin.com\\\/company\\\/gtlawyers\\\/mycompany\\\/\"]},{\"@type\":\"Person\",\"@id\":\"https:\\\/\\\/www.gtlawyers.com.br\\\/#\\\/schema\\\/person\\\/ddacb191167435332fe1305a7c77274f\",\"name\":\"Felipe Nascimento\",\"image\":{\"@type\":\"ImageObject\",\"inLanguage\":\"en-US\",\"@id\":\"https:\\\/\\\/secure.gravatar.com\\\/avatar\\\/99b2fc11283f57cb70c409ae58fd3f3e83dfe5f33ff50bf649361b2d7e2240e0?s=96&d=mm&r=g\",\"url\":\"https:\\\/\\\/secure.gravatar.com\\\/avatar\\\/99b2fc11283f57cb70c409ae58fd3f3e83dfe5f33ff50bf649361b2d7e2240e0?s=96&d=mm&r=g\",\"contentUrl\":\"https:\\\/\\\/secure.gravatar.com\\\/avatar\\\/99b2fc11283f57cb70c409ae58fd3f3e83dfe5f33ff50bf649361b2d7e2240e0?s=96&d=mm&r=g\",\"caption\":\"Felipe Nascimento\"},\"url\":\"https:\\\/\\\/www.gtlawyers.com.br\\\/en\\\/author\\\/felipe\\\/\"}]}<\/script>\n<!-- \/ Yoast SEO plugin. -->","yoast_head_json":{"title":"Estev\u00e3o Gross estar\u00e1 participando do Webinar organizado pela CCIFB | GTLawyers | Escrit\u00f3rio boutique full-service","robots":{"index":"index","follow":"follow","max-snippet":"max-snippet:-1","max-image-preview":"max-image-preview:large","max-video-preview":"max-video-preview:-1"},"canonical":"https:\/\/www.gtlawyers.com.br\/en\/sem-categoria\/estevao-gross-estara-participando-do-webinar-organizado-pela-ccifb\/","og_locale":"en_US","og_type":"article","og_title":"Estev\u00e3o Gross estar\u00e1 participando do Webinar organizado pela CCIFB | GTLawyers | Escrit\u00f3rio boutique full-service","og_description":"\ud83d\udce2&nbsp;Save the date! No dia 11 de junho, \u00e0s 9h30, nosso s\u00f3cio tribut\u00e1rio Estev\u00e3o Gross estar\u00e1 participando do Webinar organizado pela CCIFB. Ele se juntar\u00e1 a outros advogados para discutir as mudan\u00e7as significativas no sistema brasileiro de tributa\u00e7\u00e3o sobre o consumo. Em dezembro de 2023, foi aprovada uma altera\u00e7\u00e3o na Constitui\u00e7\u00e3o Federal que impacta profundamente [&hellip;]","og_url":"https:\/\/www.gtlawyers.com.br\/en\/sem-categoria\/estevao-gross-estara-participando-do-webinar-organizado-pela-ccifb\/","og_site_name":"GTLawyers | Escrit\u00f3rio boutique full-service","article_published_time":"2024-06-03T11:11:01+00:00","article_modified_time":"2024-06-03T11:12:11+00:00","og_image":[{"width":1536,"height":864,"url":"https:\/\/www.gtlawyers.com.br\/site\/wp-content\/uploads\/csm_comissao_legal_evento_arte_nova_01_934fe62785.png","type":"image\/png"}],"author":"Felipe Nascimento","twitter_card":"summary_large_image","twitter_misc":{"Written by":"Felipe Nascimento","Est. reading time":"1 minute"},"schema":{"@context":"https:\/\/schema.org","@graph":[{"@type":"Article","@id":"https:\/\/www.gtlawyers.com.br\/sem-categoria\/estevao-gross-estara-participando-do-webinar-organizado-pela-ccifb\/#article","isPartOf":{"@id":"https:\/\/www.gtlawyers.com.br\/sem-categoria\/estevao-gross-estara-participando-do-webinar-organizado-pela-ccifb\/"},"author":{"name":"Felipe Nascimento","@id":"https:\/\/www.gtlawyers.com.br\/#\/schema\/person\/ddacb191167435332fe1305a7c77274f"},"headline":"Estev\u00e3o Gross estar\u00e1 participando do Webinar organizado pela CCIFB","datePublished":"2024-06-03T11:11:01+00:00","dateModified":"2024-06-03T11:12:11+00:00","mainEntityOfPage":{"@id":"https:\/\/www.gtlawyers.com.br\/sem-categoria\/estevao-gross-estara-participando-do-webinar-organizado-pela-ccifb\/"},"wordCount":146,"commentCount":0,"publisher":{"@id":"https:\/\/www.gtlawyers.com.br\/#organization"},"image":{"@id":"https:\/\/www.gtlawyers.com.br\/sem-categoria\/estevao-gross-estara-participando-do-webinar-organizado-pela-ccifb\/#primaryimage"},"thumbnailUrl":"https:\/\/www.gtlawyers.com.br\/site\/wp-content\/uploads\/csm_comissao_legal_evento_arte_nova_01_934fe62785.png","articleSection":["Sem categoria"],"inLanguage":"en-US","potentialAction":[{"@type":"CommentAction","name":"Comment","target":["https:\/\/www.gtlawyers.com.br\/sem-categoria\/estevao-gross-estara-participando-do-webinar-organizado-pela-ccifb\/#respond"]}]},{"@type":"WebPage","@id":"https:\/\/www.gtlawyers.com.br\/sem-categoria\/estevao-gross-estara-participando-do-webinar-organizado-pela-ccifb\/","url":"https:\/\/www.gtlawyers.com.br\/sem-categoria\/estevao-gross-estara-participando-do-webinar-organizado-pela-ccifb\/","name":"Estev\u00e3o Gross estar\u00e1 participando do Webinar organizado pela CCIFB | GTLawyers | Escrit\u00f3rio boutique full-service","isPartOf":{"@id":"https:\/\/www.gtlawyers.com.br\/#website"},"primaryImageOfPage":{"@id":"https:\/\/www.gtlawyers.com.br\/sem-categoria\/estevao-gross-estara-participando-do-webinar-organizado-pela-ccifb\/#primaryimage"},"image":{"@id":"https:\/\/www.gtlawyers.com.br\/sem-categoria\/estevao-gross-estara-participando-do-webinar-organizado-pela-ccifb\/#primaryimage"},"thumbnailUrl":"https:\/\/www.gtlawyers.com.br\/site\/wp-content\/uploads\/csm_comissao_legal_evento_arte_nova_01_934fe62785.png","datePublished":"2024-06-03T11:11:01+00:00","dateModified":"2024-06-03T11:12:11+00:00","breadcrumb":{"@id":"https:\/\/www.gtlawyers.com.br\/sem-categoria\/estevao-gross-estara-participando-do-webinar-organizado-pela-ccifb\/#breadcrumb"},"inLanguage":"en-US","potentialAction":[{"@type":"ReadAction","target":["https:\/\/www.gtlawyers.com.br\/sem-categoria\/estevao-gross-estara-participando-do-webinar-organizado-pela-ccifb\/"]}]},{"@type":"ImageObject","inLanguage":"en-US","@id":"https:\/\/www.gtlawyers.com.br\/sem-categoria\/estevao-gross-estara-participando-do-webinar-organizado-pela-ccifb\/#primaryimage","url":"https:\/\/www.gtlawyers.com.br\/site\/wp-content\/uploads\/csm_comissao_legal_evento_arte_nova_01_934fe62785.png","contentUrl":"https:\/\/www.gtlawyers.com.br\/site\/wp-content\/uploads\/csm_comissao_legal_evento_arte_nova_01_934fe62785.png","width":1536,"height":864},{"@type":"BreadcrumbList","@id":"https:\/\/www.gtlawyers.com.br\/sem-categoria\/estevao-gross-estara-participando-do-webinar-organizado-pela-ccifb\/#breadcrumb","itemListElement":[{"@type":"ListItem","position":1,"name":"In\u00edcio","item":"https:\/\/www.gtlawyers.com.br\/"},{"@type":"ListItem","position":2,"name":"Estev\u00e3o Gross estar\u00e1 participando do Webinar organizado pela CCIFB"}]},{"@type":"WebSite","@id":"https:\/\/www.gtlawyers.com.br\/#website","url":"https:\/\/www.gtlawyers.com.br\/","name":"GTLawyers | Escrit\u00f3rio boutique full-service","description":"Escrit\u00f3rio de advocacia franco-brasileiro para empresas especializado em M&amp;A, direito societ\u00e1rio, tribut\u00e1rio, imobili\u00e1rio, contencioso e compliance","publisher":{"@id":"https:\/\/www.gtlawyers.com.br\/#organization"},"alternateName":"GTLawyers","potentialAction":[{"@type":"SearchAction","target":{"@type":"EntryPoint","urlTemplate":"https:\/\/www.gtlawyers.com.br\/?s={search_term_string}"},"query-input":{"@type":"PropertyValueSpecification","valueRequired":true,"valueName":"search_term_string"}}],"inLanguage":"en-US"},{"@type":"Organization","@id":"https:\/\/www.gtlawyers.com.br\/#organization","name":"GTLawyers - Escrit\u00f3rio boutique full-service","url":"https:\/\/www.gtlawyers.com.br\/","logo":{"@type":"ImageObject","inLanguage":"en-US","@id":"https:\/\/www.gtlawyers.com.br\/#\/schema\/logo\/image\/","url":"https:\/\/www.gtlawyers.com.br\/site\/wp-content\/uploads\/image-3.png","contentUrl":"https:\/\/www.gtlawyers.com.br\/site\/wp-content\/uploads\/image-3.png","width":166,"height":44,"caption":"GTLawyers - Escrit\u00f3rio boutique full-service"},"image":{"@id":"https:\/\/www.gtlawyers.com.br\/#\/schema\/logo\/image\/"},"sameAs":["https:\/\/www.linkedin.com\/company\/gtlawyers\/mycompany\/"]},{"@type":"Person","@id":"https:\/\/www.gtlawyers.com.br\/#\/schema\/person\/ddacb191167435332fe1305a7c77274f","name":"Felipe Nascimento","image":{"@type":"ImageObject","inLanguage":"en-US","@id":"https:\/\/secure.gravatar.com\/avatar\/99b2fc11283f57cb70c409ae58fd3f3e83dfe5f33ff50bf649361b2d7e2240e0?s=96&d=mm&r=g","url":"https:\/\/secure.gravatar.com\/avatar\/99b2fc11283f57cb70c409ae58fd3f3e83dfe5f33ff50bf649361b2d7e2240e0?s=96&d=mm&r=g","contentUrl":"https:\/\/secure.gravatar.com\/avatar\/99b2fc11283f57cb70c409ae58fd3f3e83dfe5f33ff50bf649361b2d7e2240e0?s=96&d=mm&r=g","caption":"Felipe Nascimento"},"url":"https:\/\/www.gtlawyers.com.br\/en\/author\/felipe\/"}]}},"_links":{"self":[{"href":"https:\/\/www.gtlawyers.com.br\/en\/wp-json\/wp\/v2\/posts\/1316","targetHints":{"allow":["GET"]}}],"collection":[{"href":"https:\/\/www.gtlawyers.com.br\/en\/wp-json\/wp\/v2\/posts"}],"about":[{"href":"https:\/\/www.gtlawyers.com.br\/en\/wp-json\/wp\/v2\/types\/post"}],"author":[{"embeddable":true,"href":"https:\/\/www.gtlawyers.com.br\/en\/wp-json\/wp\/v2\/users\/5"}],"replies":[{"embeddable":true,"href":"https:\/\/www.gtlawyers.com.br\/en\/wp-json\/wp\/v2\/comments?post=1316"}],"version-history":[{"count":1,"href":"https:\/\/www.gtlawyers.com.br\/en\/wp-json\/wp\/v2\/posts\/1316\/revisions"}],"predecessor-version":[{"id":1318,"href":"https:\/\/www.gtlawyers.com.br\/en\/wp-json\/wp\/v2\/posts\/1316\/revisions\/1318"}],"wp:featuredmedia":[{"embeddable":true,"href":"https:\/\/www.gtlawyers.com.br\/en\/wp-json\/wp\/v2\/media\/1317"}],"wp:attachment":[{"href":"https:\/\/www.gtlawyers.com.br\/en\/wp-json\/wp\/v2\/media?parent=1316"}],"wp:term":[{"taxonomy":"category","embeddable":true,"href":"https:\/\/www.gtlawyers.com.br\/en\/wp-json\/wp\/v2\/categories?post=1316"},{"taxonomy":"post_tag","embeddable":true,"href":"https:\/\/www.gtlawyers.com.br\/en\/wp-json\/wp\/v2\/tags?post=1316"}],"curies":[{"name":"wp","href":"https:\/\/api.w.org\/{rel}","templated":true}]}}