{"id":1390,"date":"2024-10-28T10:00:03","date_gmt":"2024-10-28T13:00:03","guid":{"rendered":"https:\/\/www.gtlawyers.com.br\/?p=1390"},"modified":"2024-10-28T10:00:04","modified_gmt":"2024-10-28T13:00:04","slug":"gtlawyers-organise-une-conference-sur-les-investissements-etrangers-au-bresil-a-lambassade-du-bresil-a-paris","status":"publish","type":"post","link":"https:\/\/www.gtlawyers.com.br\/en\/noticia\/gtlawyers-organise-une-conference-sur-les-investissements-etrangers-au-bresil-a-lambassade-du-bresil-a-paris\/","title":{"rendered":"GTLAWYERS organise une conf\u00e9rence sur les investissements \u00e9trangers au Br\u00e9sil \u00e0 l\u2019Ambassade du Br\u00e9sil \u00e0 Paris\u00a0:"},"content":{"rendered":"<p>A l&#8217;occasion d&#8217;une semaine en d\u00e9placement \u00e0 Paris,\u00a0<a href=\"https:\/\/www.linkedin.com\/in\/tanzilli-tamy-b1671316\/\">Tanzilli Tamy<\/a>,\u00a0<a href=\"https:\/\/www.linkedin.com\/in\/abrunschwig\/\">Anne-Catherine Brunschwig<\/a>,\u00a0<a href=\"https:\/\/www.linkedin.com\/in\/carolina-moresco-9790694b\/\">Carolina Moresco<\/a>\u00a0et\u00a0<a href=\"https:\/\/www.linkedin.com\/in\/c%C3%A9cile-verdeaux-31180466\/\">C\u00e9cile Verdeaux<\/a>\u00a0ont eu l&#8217;opportunit\u00e9 d\u2019organiser \u00e0 l&#8217;<a href=\"https:\/\/www.linkedin.com\/company\/bresilenfrance\/\">Ambassade du Br\u00e9sil \u00e0 Paris<\/a>\u00a0une conf\u00e9rence sur les investissements \u00e9trangers au Br\u00e9sil, en collaboration avec\u00a0<a href=\"https:\/\/www.linkedin.com\/company\/pramex-international\/\">Pramex International<\/a>\u00a0et\u00a0<a href=\"https:\/\/www.linkedin.com\/company\/velours-international\/\">VELOURS INTERNATIONAL<\/a>.<br><br>Intervenants de la Conf\u00e9rence<br>1.\u00a0<strong><a href=\"https:\/\/www.linkedin.com\/company\/pramex-international\/\">Pramex International<\/a><\/strong>\u00a0avec\u00a0<a href=\"https:\/\/www.linkedin.com\/in\/jerome-dupas-271768b\/\">Jerome Dupas<\/a>, qui a partag\u00e9 des perspectives\u00a0sur le Contexte \u00e9conomique au Br\u00e9sil, M&amp;A et reprise positive en 2024.<br><br>2.\u00a0<strong><a href=\"https:\/\/www.linkedin.com\/company\/gtlawyers\/\">GTLawyers<\/a><\/strong>\u00a0repr\u00e9sent\u00e9 par\u00a0<a href=\"https:\/\/www.linkedin.com\/in\/tanzilli-tamy-b1671316\/\">Tanzilli Tamy<\/a>, qui a pr\u00e9sent\u00e9 un\u00a0Panorama juridique des investissements au Br\u00e9sil : vers une simplification du cadre juridique et r\u00e9glementaire.<br><br>3.\u00a0<strong><a href=\"https:\/\/www.linkedin.com\/company\/velours-international\/\">VELOURS INTERNATIONAL<\/a><\/strong>, avec\u00a0<a href=\"https:\/\/www.linkedin.com\/in\/laurentserafini\/\">Laurent SERAFINI<\/a>, a abord\u00e9 le sujet\u00a0:\u00a0Comment prot\u00e9ger ses investissements et ses actifs au Br\u00e9sil ?<br><br>Nous avons \u00e9galement eu le privil\u00e8ge d&#8217;\u00e9couter deux t\u00e9moignages inspirants de\u00a0<strong><a href=\"https:\/\/www.linkedin.com\/in\/jerome-leboeuf-3510b7120\/\">Jerome Leboeuf<\/a><\/strong>\u00a0de\u00a0<a href=\"https:\/\/www.linkedin.com\/company\/noremat\/\">NOREMAT<\/a>\u00a0Ltda. et\u00a0<strong><a href=\"https:\/\/www.linkedin.com\/in\/stephane-lehning-64552061\/\">Stephane Lehning<\/a>\u00a0<\/strong>des\u00a0<a href=\"https:\/\/www.linkedin.com\/company\/laboratoires-lehning\/\">Laboratoires Lehning<\/a>, qui ont partag\u00e9 leur exp\u00e9rience d&#8217;investissement au Br\u00e9sil, que ce soit par la cr\u00e9ation d&#8217;une soci\u00e9t\u00e9 ou par acquisition.<br><br>Un grand merci \u00e0 tous les participants pour leurs contributions pr\u00e9cieuses ! Nous tenons \u00e9galement \u00e0 remercier la\u00a0<strong><a href=\"https:\/\/www.linkedin.com\/company\/chambre-de-commerce-du-br%C3%A9sil-en-france\/\">Chambre de Commerce du Br\u00e9sil en France &#8211; CCBF<\/a><\/strong>, son pr\u00e9sident\u00a0<strong><a href=\"https:\/\/www.linkedin.com\/in\/plecourtier\/\">Philippe Lecourtier<\/a><\/strong>,\u00a0ainsi que\u00a0<strong><a href=\"https:\/\/www.linkedin.com\/in\/rosemeire-martins-8a7a1425\/\">Rosemeire Martins<\/a><\/strong>\u00a0pour l&#8217;organisation parfaite de cet \u00e9v\u00e9nement.<\/p>\n\n\n\n<figure class=\"wp-block-image size-large\"><img loading=\"lazy\" decoding=\"async\" width=\"1024\" height=\"643\" src=\"https:\/\/www.gtlawyers.com.br\/site\/wp-content\/uploads\/CCBF1-1024x643.jpg\" alt=\"\" class=\"wp-image-1391\" srcset=\"https:\/\/www.gtlawyers.com.br\/site\/wp-content\/uploads\/CCBF1-1024x643.jpg 1024w, https:\/\/www.gtlawyers.com.br\/site\/wp-content\/uploads\/CCBF1-300x188.jpg 300w, https:\/\/www.gtlawyers.com.br\/site\/wp-content\/uploads\/CCBF1-150x94.jpg 150w, https:\/\/www.gtlawyers.com.br\/site\/wp-content\/uploads\/CCBF1-768x482.jpg 768w, https:\/\/www.gtlawyers.com.br\/site\/wp-content\/uploads\/CCBF1-18x12.jpg 18w, https:\/\/www.gtlawyers.com.br\/site\/wp-content\/uploads\/CCBF1.jpg 1449w\" sizes=\"auto, (max-width: 1024px) 100vw, 1024px\" \/><\/figure>\n\n\n\n<figure class=\"wp-block-image size-large\"><img loading=\"lazy\" decoding=\"async\" width=\"830\" height=\"1024\" src=\"https:\/\/www.gtlawyers.com.br\/site\/wp-content\/uploads\/CCBF2-830x1024.jpg\" alt=\"\" class=\"wp-image-1392\" srcset=\"https:\/\/www.gtlawyers.com.br\/site\/wp-content\/uploads\/CCBF2-830x1024.jpg 830w, https:\/\/www.gtlawyers.com.br\/site\/wp-content\/uploads\/CCBF2-243x300.jpg 243w, https:\/\/www.gtlawyers.com.br\/site\/wp-content\/uploads\/CCBF2-122x150.jpg 122w, https:\/\/www.gtlawyers.com.br\/site\/wp-content\/uploads\/CCBF2-768x947.jpg 768w, https:\/\/www.gtlawyers.com.br\/site\/wp-content\/uploads\/CCBF2-1245x1536.jpg 1245w, https:\/\/www.gtlawyers.com.br\/site\/wp-content\/uploads\/CCBF2-10x12.jpg 10w, https:\/\/www.gtlawyers.com.br\/site\/wp-content\/uploads\/CCBF2.jpg 1297w\" sizes=\"auto, (max-width: 830px) 100vw, 830px\" \/><\/figure>\n\n\n\n<figure class=\"wp-block-image size-large\"><img loading=\"lazy\" decoding=\"async\" width=\"1024\" height=\"768\" src=\"https:\/\/www.gtlawyers.com.br\/site\/wp-content\/uploads\/CCBF3-1024x768.jpg\" alt=\"\" class=\"wp-image-1393\" srcset=\"https:\/\/www.gtlawyers.com.br\/site\/wp-content\/uploads\/CCBF3-1024x768.jpg 1024w, https:\/\/www.gtlawyers.com.br\/site\/wp-content\/uploads\/CCBF3-300x225.jpg 300w, https:\/\/www.gtlawyers.com.br\/site\/wp-content\/uploads\/CCBF3-150x113.jpg 150w, https:\/\/www.gtlawyers.com.br\/site\/wp-content\/uploads\/CCBF3-768x576.jpg 768w, https:\/\/www.gtlawyers.com.br\/site\/wp-content\/uploads\/CCBF3-1536x1152.jpg 1536w, https:\/\/www.gtlawyers.com.br\/site\/wp-content\/uploads\/CCBF3-16x12.jpg 16w, https:\/\/www.gtlawyers.com.br\/site\/wp-content\/uploads\/CCBF3.jpg 1600w\" sizes=\"auto, (max-width: 1024px) 100vw, 1024px\" \/><\/figure>","protected":false},"excerpt":{"rendered":"<p>A l&#8217;occasion d&#8217;une semaine en d\u00e9placement \u00e0 Paris,\u00a0Tanzilli Tamy,\u00a0Anne-Catherine Brunschwig,\u00a0Carolina Moresco\u00a0et\u00a0C\u00e9cile Verdeaux\u00a0ont eu l&#8217;opportunit\u00e9 d\u2019organiser \u00e0 l&#8217;Ambassade du Br\u00e9sil \u00e0 Paris\u00a0une conf\u00e9rence sur les investissements \u00e9trangers au Br\u00e9sil, en collaboration avec\u00a0Pramex International\u00a0et\u00a0VELOURS INTERNATIONAL. Intervenants de la Conf\u00e9rence1.\u00a0Pramex International\u00a0avec\u00a0Jerome Dupas, qui a partag\u00e9 des perspectives\u00a0sur le Contexte \u00e9conomique au Br\u00e9sil, M&amp;A et reprise positive en 2024. [&hellip;]<\/p>\n","protected":false},"author":5,"featured_media":1391,"comment_status":"open","ping_status":"open","sticky":false,"template":"","format":"standard","meta":{"_acf_changed":false,"footnotes":""},"categories":[7],"tags":[],"class_list":["post-1390","post","type-post","status-publish","format-standard","has-post-thumbnail","hentry","category-noticia"],"acf":[],"yoast_head":"<!-- This site is optimized with the Yoast SEO plugin v27.5 - https:\/\/yoast.com\/product\/yoast-seo-wordpress\/ -->\n<title>GTLAWYERS organise une conf\u00e9rence sur les investissements \u00e9trangers au Br\u00e9sil \u00e0 l\u2019Ambassade du Br\u00e9sil \u00e0 Paris\u00a0: | GTLawyers | Escrit\u00f3rio boutique full-service<\/title>\n<meta name=\"robots\" content=\"index, follow, max-snippet:-1, max-image-preview:large, max-video-preview:-1\" \/>\n<link rel=\"canonical\" href=\"https:\/\/www.gtlawyers.com.br\/en\/noticia\/gtlawyers-organise-une-conference-sur-les-investissements-etrangers-au-bresil-a-lambassade-du-bresil-a-paris\/\" \/>\n<meta property=\"og:locale\" content=\"en_US\" \/>\n<meta property=\"og:type\" content=\"article\" \/>\n<meta property=\"og:title\" content=\"GTLAWYERS organise une conf\u00e9rence sur les investissements \u00e9trangers au Br\u00e9sil \u00e0 l\u2019Ambassade du Br\u00e9sil \u00e0 Paris\u00a0: | GTLawyers | Escrit\u00f3rio boutique full-service\" \/>\n<meta property=\"og:description\" content=\"A l&#8217;occasion d&#8217;une semaine en d\u00e9placement \u00e0 Paris,\u00a0Tanzilli Tamy,\u00a0Anne-Catherine Brunschwig,\u00a0Carolina Moresco\u00a0et\u00a0C\u00e9cile Verdeaux\u00a0ont eu l&#8217;opportunit\u00e9 d\u2019organiser \u00e0 l&#8217;Ambassade du Br\u00e9sil \u00e0 Paris\u00a0une conf\u00e9rence sur les investissements \u00e9trangers au Br\u00e9sil, en collaboration avec\u00a0Pramex International\u00a0et\u00a0VELOURS INTERNATIONAL. Intervenants de la Conf\u00e9rence1.\u00a0Pramex International\u00a0avec\u00a0Jerome Dupas, qui a partag\u00e9 des perspectives\u00a0sur le Contexte \u00e9conomique au Br\u00e9sil, M&amp;A et reprise positive en 2024. [&hellip;]\" \/>\n<meta property=\"og:url\" content=\"https:\/\/www.gtlawyers.com.br\/en\/noticia\/gtlawyers-organise-une-conference-sur-les-investissements-etrangers-au-bresil-a-lambassade-du-bresil-a-paris\/\" \/>\n<meta property=\"og:site_name\" content=\"GTLawyers | Escrit\u00f3rio boutique full-service\" \/>\n<meta property=\"article:published_time\" content=\"2024-10-28T13:00:03+00:00\" \/>\n<meta property=\"article:modified_time\" content=\"2024-10-28T13:00:04+00:00\" \/>\n<meta property=\"og:image\" content=\"https:\/\/www.gtlawyers.com.br\/site\/wp-content\/uploads\/CCBF1.jpg\" \/>\n\t<meta property=\"og:image:width\" content=\"1449\" \/>\n\t<meta property=\"og:image:height\" content=\"910\" \/>\n\t<meta property=\"og:image:type\" content=\"image\/jpeg\" \/>\n<meta name=\"author\" content=\"Felipe Nascimento\" \/>\n<meta name=\"twitter:card\" content=\"summary_large_image\" \/>\n<meta name=\"twitter:label1\" content=\"Written by\" \/>\n\t<meta name=\"twitter:data1\" content=\"Felipe Nascimento\" \/>\n\t<meta name=\"twitter:label2\" content=\"Est. reading time\" \/>\n\t<meta name=\"twitter:data2\" content=\"2 minutes\" \/>\n<script type=\"application\/ld+json\" class=\"yoast-schema-graph\">{\"@context\":\"https:\\\/\\\/schema.org\",\"@graph\":[{\"@type\":\"Article\",\"@id\":\"https:\\\/\\\/www.gtlawyers.com.br\\\/noticia\\\/gtlawyers-organise-une-conference-sur-les-investissements-etrangers-au-bresil-a-lambassade-du-bresil-a-paris\\\/#article\",\"isPartOf\":{\"@id\":\"https:\\\/\\\/www.gtlawyers.com.br\\\/noticia\\\/gtlawyers-organise-une-conference-sur-les-investissements-etrangers-au-bresil-a-lambassade-du-bresil-a-paris\\\/\"},\"author\":{\"name\":\"Felipe Nascimento\",\"@id\":\"https:\\\/\\\/www.gtlawyers.com.br\\\/#\\\/schema\\\/person\\\/ddacb191167435332fe1305a7c77274f\"},\"headline\":\"GTLAWYERS organise une conf\u00e9rence sur les investissements \u00e9trangers au Br\u00e9sil \u00e0 l\u2019Ambassade du Br\u00e9sil \u00e0 Paris\u00a0:\",\"datePublished\":\"2024-10-28T13:00:03+00:00\",\"dateModified\":\"2024-10-28T13:00:04+00:00\",\"mainEntityOfPage\":{\"@id\":\"https:\\\/\\\/www.gtlawyers.com.br\\\/noticia\\\/gtlawyers-organise-une-conference-sur-les-investissements-etrangers-au-bresil-a-lambassade-du-bresil-a-paris\\\/\"},\"wordCount\":230,\"commentCount\":0,\"publisher\":{\"@id\":\"https:\\\/\\\/www.gtlawyers.com.br\\\/#organization\"},\"image\":{\"@id\":\"https:\\\/\\\/www.gtlawyers.com.br\\\/noticia\\\/gtlawyers-organise-une-conference-sur-les-investissements-etrangers-au-bresil-a-lambassade-du-bresil-a-paris\\\/#primaryimage\"},\"thumbnailUrl\":\"https:\\\/\\\/www.gtlawyers.com.br\\\/site\\\/wp-content\\\/uploads\\\/CCBF1.jpg\",\"articleSection\":[\"News\"],\"inLanguage\":\"en-US\",\"potentialAction\":[{\"@type\":\"CommentAction\",\"name\":\"Comment\",\"target\":[\"https:\\\/\\\/www.gtlawyers.com.br\\\/noticia\\\/gtlawyers-organise-une-conference-sur-les-investissements-etrangers-au-bresil-a-lambassade-du-bresil-a-paris\\\/#respond\"]}]},{\"@type\":\"WebPage\",\"@id\":\"https:\\\/\\\/www.gtlawyers.com.br\\\/noticia\\\/gtlawyers-organise-une-conference-sur-les-investissements-etrangers-au-bresil-a-lambassade-du-bresil-a-paris\\\/\",\"url\":\"https:\\\/\\\/www.gtlawyers.com.br\\\/noticia\\\/gtlawyers-organise-une-conference-sur-les-investissements-etrangers-au-bresil-a-lambassade-du-bresil-a-paris\\\/\",\"name\":\"GTLAWYERS organise une conf\u00e9rence sur les investissements \u00e9trangers au Br\u00e9sil \u00e0 l\u2019Ambassade du Br\u00e9sil \u00e0 Paris\u00a0: | GTLawyers | Escrit\u00f3rio boutique full-service\",\"isPartOf\":{\"@id\":\"https:\\\/\\\/www.gtlawyers.com.br\\\/#website\"},\"primaryImageOfPage\":{\"@id\":\"https:\\\/\\\/www.gtlawyers.com.br\\\/noticia\\\/gtlawyers-organise-une-conference-sur-les-investissements-etrangers-au-bresil-a-lambassade-du-bresil-a-paris\\\/#primaryimage\"},\"image\":{\"@id\":\"https:\\\/\\\/www.gtlawyers.com.br\\\/noticia\\\/gtlawyers-organise-une-conference-sur-les-investissements-etrangers-au-bresil-a-lambassade-du-bresil-a-paris\\\/#primaryimage\"},\"thumbnailUrl\":\"https:\\\/\\\/www.gtlawyers.com.br\\\/site\\\/wp-content\\\/uploads\\\/CCBF1.jpg\",\"datePublished\":\"2024-10-28T13:00:03+00:00\",\"dateModified\":\"2024-10-28T13:00:04+00:00\",\"breadcrumb\":{\"@id\":\"https:\\\/\\\/www.gtlawyers.com.br\\\/noticia\\\/gtlawyers-organise-une-conference-sur-les-investissements-etrangers-au-bresil-a-lambassade-du-bresil-a-paris\\\/#breadcrumb\"},\"inLanguage\":\"en-US\",\"potentialAction\":[{\"@type\":\"ReadAction\",\"target\":[\"https:\\\/\\\/www.gtlawyers.com.br\\\/noticia\\\/gtlawyers-organise-une-conference-sur-les-investissements-etrangers-au-bresil-a-lambassade-du-bresil-a-paris\\\/\"]}]},{\"@type\":\"ImageObject\",\"inLanguage\":\"en-US\",\"@id\":\"https:\\\/\\\/www.gtlawyers.com.br\\\/noticia\\\/gtlawyers-organise-une-conference-sur-les-investissements-etrangers-au-bresil-a-lambassade-du-bresil-a-paris\\\/#primaryimage\",\"url\":\"https:\\\/\\\/www.gtlawyers.com.br\\\/site\\\/wp-content\\\/uploads\\\/CCBF1.jpg\",\"contentUrl\":\"https:\\\/\\\/www.gtlawyers.com.br\\\/site\\\/wp-content\\\/uploads\\\/CCBF1.jpg\",\"width\":1449,\"height\":910},{\"@type\":\"BreadcrumbList\",\"@id\":\"https:\\\/\\\/www.gtlawyers.com.br\\\/noticia\\\/gtlawyers-organise-une-conference-sur-les-investissements-etrangers-au-bresil-a-lambassade-du-bresil-a-paris\\\/#breadcrumb\",\"itemListElement\":[{\"@type\":\"ListItem\",\"position\":1,\"name\":\"In\u00edcio\",\"item\":\"https:\\\/\\\/www.gtlawyers.com.br\\\/\"},{\"@type\":\"ListItem\",\"position\":2,\"name\":\"GTLAWYERS organise une conf\u00e9rence sur les investissements \u00e9trangers au Br\u00e9sil \u00e0 l\u2019Ambassade du Br\u00e9sil \u00e0 Paris\u00a0:\"}]},{\"@type\":\"WebSite\",\"@id\":\"https:\\\/\\\/www.gtlawyers.com.br\\\/#website\",\"url\":\"https:\\\/\\\/www.gtlawyers.com.br\\\/\",\"name\":\"GTLawyers | Escrit\u00f3rio boutique full-service\",\"description\":\"Escrit\u00f3rio de advocacia franco-brasileiro para empresas especializado em M&amp;A, direito societ\u00e1rio, tribut\u00e1rio, imobili\u00e1rio, contencioso e compliance\",\"publisher\":{\"@id\":\"https:\\\/\\\/www.gtlawyers.com.br\\\/#organization\"},\"alternateName\":\"GTLawyers\",\"potentialAction\":[{\"@type\":\"SearchAction\",\"target\":{\"@type\":\"EntryPoint\",\"urlTemplate\":\"https:\\\/\\\/www.gtlawyers.com.br\\\/?s={search_term_string}\"},\"query-input\":{\"@type\":\"PropertyValueSpecification\",\"valueRequired\":true,\"valueName\":\"search_term_string\"}}],\"inLanguage\":\"en-US\"},{\"@type\":\"Organization\",\"@id\":\"https:\\\/\\\/www.gtlawyers.com.br\\\/#organization\",\"name\":\"GTLawyers - Escrit\u00f3rio boutique full-service\",\"url\":\"https:\\\/\\\/www.gtlawyers.com.br\\\/\",\"logo\":{\"@type\":\"ImageObject\",\"inLanguage\":\"en-US\",\"@id\":\"https:\\\/\\\/www.gtlawyers.com.br\\\/#\\\/schema\\\/logo\\\/image\\\/\",\"url\":\"https:\\\/\\\/www.gtlawyers.com.br\\\/site\\\/wp-content\\\/uploads\\\/image-3.png\",\"contentUrl\":\"https:\\\/\\\/www.gtlawyers.com.br\\\/site\\\/wp-content\\\/uploads\\\/image-3.png\",\"width\":166,\"height\":44,\"caption\":\"GTLawyers - Escrit\u00f3rio boutique full-service\"},\"image\":{\"@id\":\"https:\\\/\\\/www.gtlawyers.com.br\\\/#\\\/schema\\\/logo\\\/image\\\/\"},\"sameAs\":[\"https:\\\/\\\/www.linkedin.com\\\/company\\\/gtlawyers\\\/mycompany\\\/\"]},{\"@type\":\"Person\",\"@id\":\"https:\\\/\\\/www.gtlawyers.com.br\\\/#\\\/schema\\\/person\\\/ddacb191167435332fe1305a7c77274f\",\"name\":\"Felipe Nascimento\",\"image\":{\"@type\":\"ImageObject\",\"inLanguage\":\"en-US\",\"@id\":\"https:\\\/\\\/secure.gravatar.com\\\/avatar\\\/99b2fc11283f57cb70c409ae58fd3f3e83dfe5f33ff50bf649361b2d7e2240e0?s=96&d=mm&r=g\",\"url\":\"https:\\\/\\\/secure.gravatar.com\\\/avatar\\\/99b2fc11283f57cb70c409ae58fd3f3e83dfe5f33ff50bf649361b2d7e2240e0?s=96&d=mm&r=g\",\"contentUrl\":\"https:\\\/\\\/secure.gravatar.com\\\/avatar\\\/99b2fc11283f57cb70c409ae58fd3f3e83dfe5f33ff50bf649361b2d7e2240e0?s=96&d=mm&r=g\",\"caption\":\"Felipe Nascimento\"},\"url\":\"https:\\\/\\\/www.gtlawyers.com.br\\\/en\\\/author\\\/felipe\\\/\"}]}<\/script>\n<!-- \/ Yoast SEO plugin. -->","yoast_head_json":{"title":"GTLAWYERS organise une conf\u00e9rence sur les investissements \u00e9trangers au Br\u00e9sil \u00e0 l\u2019Ambassade du Br\u00e9sil \u00e0 Paris\u00a0: | GTLawyers | Escrit\u00f3rio boutique full-service","robots":{"index":"index","follow":"follow","max-snippet":"max-snippet:-1","max-image-preview":"max-image-preview:large","max-video-preview":"max-video-preview:-1"},"canonical":"https:\/\/www.gtlawyers.com.br\/en\/noticia\/gtlawyers-organise-une-conference-sur-les-investissements-etrangers-au-bresil-a-lambassade-du-bresil-a-paris\/","og_locale":"en_US","og_type":"article","og_title":"GTLAWYERS organise une conf\u00e9rence sur les investissements \u00e9trangers au Br\u00e9sil \u00e0 l\u2019Ambassade du Br\u00e9sil \u00e0 Paris\u00a0: | GTLawyers | Escrit\u00f3rio boutique full-service","og_description":"A l&#8217;occasion d&#8217;une semaine en d\u00e9placement \u00e0 Paris,\u00a0Tanzilli Tamy,\u00a0Anne-Catherine Brunschwig,\u00a0Carolina Moresco\u00a0et\u00a0C\u00e9cile Verdeaux\u00a0ont eu l&#8217;opportunit\u00e9 d\u2019organiser \u00e0 l&#8217;Ambassade du Br\u00e9sil \u00e0 Paris\u00a0une conf\u00e9rence sur les investissements \u00e9trangers au Br\u00e9sil, en collaboration avec\u00a0Pramex International\u00a0et\u00a0VELOURS INTERNATIONAL. Intervenants de la Conf\u00e9rence1.\u00a0Pramex International\u00a0avec\u00a0Jerome Dupas, qui a partag\u00e9 des perspectives\u00a0sur le Contexte \u00e9conomique au Br\u00e9sil, M&amp;A et reprise positive en 2024. [&hellip;]","og_url":"https:\/\/www.gtlawyers.com.br\/en\/noticia\/gtlawyers-organise-une-conference-sur-les-investissements-etrangers-au-bresil-a-lambassade-du-bresil-a-paris\/","og_site_name":"GTLawyers | Escrit\u00f3rio boutique full-service","article_published_time":"2024-10-28T13:00:03+00:00","article_modified_time":"2024-10-28T13:00:04+00:00","og_image":[{"width":1449,"height":910,"url":"https:\/\/www.gtlawyers.com.br\/site\/wp-content\/uploads\/CCBF1.jpg","type":"image\/jpeg"}],"author":"Felipe Nascimento","twitter_card":"summary_large_image","twitter_misc":{"Written by":"Felipe Nascimento","Est. reading time":"2 minutes"},"schema":{"@context":"https:\/\/schema.org","@graph":[{"@type":"Article","@id":"https:\/\/www.gtlawyers.com.br\/noticia\/gtlawyers-organise-une-conference-sur-les-investissements-etrangers-au-bresil-a-lambassade-du-bresil-a-paris\/#article","isPartOf":{"@id":"https:\/\/www.gtlawyers.com.br\/noticia\/gtlawyers-organise-une-conference-sur-les-investissements-etrangers-au-bresil-a-lambassade-du-bresil-a-paris\/"},"author":{"name":"Felipe Nascimento","@id":"https:\/\/www.gtlawyers.com.br\/#\/schema\/person\/ddacb191167435332fe1305a7c77274f"},"headline":"GTLAWYERS organise une conf\u00e9rence sur les investissements \u00e9trangers au Br\u00e9sil \u00e0 l\u2019Ambassade du Br\u00e9sil \u00e0 Paris\u00a0:","datePublished":"2024-10-28T13:00:03+00:00","dateModified":"2024-10-28T13:00:04+00:00","mainEntityOfPage":{"@id":"https:\/\/www.gtlawyers.com.br\/noticia\/gtlawyers-organise-une-conference-sur-les-investissements-etrangers-au-bresil-a-lambassade-du-bresil-a-paris\/"},"wordCount":230,"commentCount":0,"publisher":{"@id":"https:\/\/www.gtlawyers.com.br\/#organization"},"image":{"@id":"https:\/\/www.gtlawyers.com.br\/noticia\/gtlawyers-organise-une-conference-sur-les-investissements-etrangers-au-bresil-a-lambassade-du-bresil-a-paris\/#primaryimage"},"thumbnailUrl":"https:\/\/www.gtlawyers.com.br\/site\/wp-content\/uploads\/CCBF1.jpg","articleSection":["News"],"inLanguage":"en-US","potentialAction":[{"@type":"CommentAction","name":"Comment","target":["https:\/\/www.gtlawyers.com.br\/noticia\/gtlawyers-organise-une-conference-sur-les-investissements-etrangers-au-bresil-a-lambassade-du-bresil-a-paris\/#respond"]}]},{"@type":"WebPage","@id":"https:\/\/www.gtlawyers.com.br\/noticia\/gtlawyers-organise-une-conference-sur-les-investissements-etrangers-au-bresil-a-lambassade-du-bresil-a-paris\/","url":"https:\/\/www.gtlawyers.com.br\/noticia\/gtlawyers-organise-une-conference-sur-les-investissements-etrangers-au-bresil-a-lambassade-du-bresil-a-paris\/","name":"GTLAWYERS organise une conf\u00e9rence sur les investissements \u00e9trangers au Br\u00e9sil \u00e0 l\u2019Ambassade du Br\u00e9sil \u00e0 Paris\u00a0: | GTLawyers | Escrit\u00f3rio boutique full-service","isPartOf":{"@id":"https:\/\/www.gtlawyers.com.br\/#website"},"primaryImageOfPage":{"@id":"https:\/\/www.gtlawyers.com.br\/noticia\/gtlawyers-organise-une-conference-sur-les-investissements-etrangers-au-bresil-a-lambassade-du-bresil-a-paris\/#primaryimage"},"image":{"@id":"https:\/\/www.gtlawyers.com.br\/noticia\/gtlawyers-organise-une-conference-sur-les-investissements-etrangers-au-bresil-a-lambassade-du-bresil-a-paris\/#primaryimage"},"thumbnailUrl":"https:\/\/www.gtlawyers.com.br\/site\/wp-content\/uploads\/CCBF1.jpg","datePublished":"2024-10-28T13:00:03+00:00","dateModified":"2024-10-28T13:00:04+00:00","breadcrumb":{"@id":"https:\/\/www.gtlawyers.com.br\/noticia\/gtlawyers-organise-une-conference-sur-les-investissements-etrangers-au-bresil-a-lambassade-du-bresil-a-paris\/#breadcrumb"},"inLanguage":"en-US","potentialAction":[{"@type":"ReadAction","target":["https:\/\/www.gtlawyers.com.br\/noticia\/gtlawyers-organise-une-conference-sur-les-investissements-etrangers-au-bresil-a-lambassade-du-bresil-a-paris\/"]}]},{"@type":"ImageObject","inLanguage":"en-US","@id":"https:\/\/www.gtlawyers.com.br\/noticia\/gtlawyers-organise-une-conference-sur-les-investissements-etrangers-au-bresil-a-lambassade-du-bresil-a-paris\/#primaryimage","url":"https:\/\/www.gtlawyers.com.br\/site\/wp-content\/uploads\/CCBF1.jpg","contentUrl":"https:\/\/www.gtlawyers.com.br\/site\/wp-content\/uploads\/CCBF1.jpg","width":1449,"height":910},{"@type":"BreadcrumbList","@id":"https:\/\/www.gtlawyers.com.br\/noticia\/gtlawyers-organise-une-conference-sur-les-investissements-etrangers-au-bresil-a-lambassade-du-bresil-a-paris\/#breadcrumb","itemListElement":[{"@type":"ListItem","position":1,"name":"In\u00edcio","item":"https:\/\/www.gtlawyers.com.br\/"},{"@type":"ListItem","position":2,"name":"GTLAWYERS organise une conf\u00e9rence sur les investissements \u00e9trangers au Br\u00e9sil \u00e0 l\u2019Ambassade du Br\u00e9sil \u00e0 Paris\u00a0:"}]},{"@type":"WebSite","@id":"https:\/\/www.gtlawyers.com.br\/#website","url":"https:\/\/www.gtlawyers.com.br\/","name":"GTLawyers | Escrit\u00f3rio boutique full-service","description":"Escrit\u00f3rio de advocacia franco-brasileiro para empresas especializado em M&amp;A, direito societ\u00e1rio, tribut\u00e1rio, imobili\u00e1rio, contencioso e compliance","publisher":{"@id":"https:\/\/www.gtlawyers.com.br\/#organization"},"alternateName":"GTLawyers","potentialAction":[{"@type":"SearchAction","target":{"@type":"EntryPoint","urlTemplate":"https:\/\/www.gtlawyers.com.br\/?s={search_term_string}"},"query-input":{"@type":"PropertyValueSpecification","valueRequired":true,"valueName":"search_term_string"}}],"inLanguage":"en-US"},{"@type":"Organization","@id":"https:\/\/www.gtlawyers.com.br\/#organization","name":"GTLawyers - Escrit\u00f3rio boutique full-service","url":"https:\/\/www.gtlawyers.com.br\/","logo":{"@type":"ImageObject","inLanguage":"en-US","@id":"https:\/\/www.gtlawyers.com.br\/#\/schema\/logo\/image\/","url":"https:\/\/www.gtlawyers.com.br\/site\/wp-content\/uploads\/image-3.png","contentUrl":"https:\/\/www.gtlawyers.com.br\/site\/wp-content\/uploads\/image-3.png","width":166,"height":44,"caption":"GTLawyers - Escrit\u00f3rio boutique full-service"},"image":{"@id":"https:\/\/www.gtlawyers.com.br\/#\/schema\/logo\/image\/"},"sameAs":["https:\/\/www.linkedin.com\/company\/gtlawyers\/mycompany\/"]},{"@type":"Person","@id":"https:\/\/www.gtlawyers.com.br\/#\/schema\/person\/ddacb191167435332fe1305a7c77274f","name":"Felipe Nascimento","image":{"@type":"ImageObject","inLanguage":"en-US","@id":"https:\/\/secure.gravatar.com\/avatar\/99b2fc11283f57cb70c409ae58fd3f3e83dfe5f33ff50bf649361b2d7e2240e0?s=96&d=mm&r=g","url":"https:\/\/secure.gravatar.com\/avatar\/99b2fc11283f57cb70c409ae58fd3f3e83dfe5f33ff50bf649361b2d7e2240e0?s=96&d=mm&r=g","contentUrl":"https:\/\/secure.gravatar.com\/avatar\/99b2fc11283f57cb70c409ae58fd3f3e83dfe5f33ff50bf649361b2d7e2240e0?s=96&d=mm&r=g","caption":"Felipe Nascimento"},"url":"https:\/\/www.gtlawyers.com.br\/en\/author\/felipe\/"}]}},"_links":{"self":[{"href":"https:\/\/www.gtlawyers.com.br\/en\/wp-json\/wp\/v2\/posts\/1390","targetHints":{"allow":["GET"]}}],"collection":[{"href":"https:\/\/www.gtlawyers.com.br\/en\/wp-json\/wp\/v2\/posts"}],"about":[{"href":"https:\/\/www.gtlawyers.com.br\/en\/wp-json\/wp\/v2\/types\/post"}],"author":[{"embeddable":true,"href":"https:\/\/www.gtlawyers.com.br\/en\/wp-json\/wp\/v2\/users\/5"}],"replies":[{"embeddable":true,"href":"https:\/\/www.gtlawyers.com.br\/en\/wp-json\/wp\/v2\/comments?post=1390"}],"version-history":[{"count":1,"href":"https:\/\/www.gtlawyers.com.br\/en\/wp-json\/wp\/v2\/posts\/1390\/revisions"}],"predecessor-version":[{"id":1394,"href":"https:\/\/www.gtlawyers.com.br\/en\/wp-json\/wp\/v2\/posts\/1390\/revisions\/1394"}],"wp:featuredmedia":[{"embeddable":true,"href":"https:\/\/www.gtlawyers.com.br\/en\/wp-json\/wp\/v2\/media\/1391"}],"wp:attachment":[{"href":"https:\/\/www.gtlawyers.com.br\/en\/wp-json\/wp\/v2\/media?parent=1390"}],"wp:term":[{"taxonomy":"category","embeddable":true,"href":"https:\/\/www.gtlawyers.com.br\/en\/wp-json\/wp\/v2\/categories?post=1390"},{"taxonomy":"post_tag","embeddable":true,"href":"https:\/\/www.gtlawyers.com.br\/en\/wp-json\/wp\/v2\/tags?post=1390"}],"curies":[{"name":"wp","href":"https:\/\/api.w.org\/{rel}","templated":true}]}}