{"id":1466,"date":"2025-01-27T22:31:48","date_gmt":"2025-01-28T01:31:48","guid":{"rendered":"https:\/\/www.gtlawyers.com.br\/?p=1466"},"modified":"2025-09-18T09:31:14","modified_gmt":"2025-09-18T12:31:14","slug":"upcoming-webinar-on-brazilian-tax-reform","status":"publish","type":"post","link":"https:\/\/www.gtlawyers.com.br\/en\/eventos\/upcoming-webinar-on-brazilian-tax-reform\/","title":{"rendered":"Upcoming Webinar on Brazilian Tax Reform"},"content":{"rendered":"<figure class=\"wp-block-image size-large\"><img loading=\"lazy\" decoding=\"async\" width=\"1024\" height=\"551\" src=\"https:\/\/www.gtlawyers.com.br\/site\/wp-content\/uploads\/Upcoming-Webinar-on-Brazilian-Tax-Reform-1024x551.png\" alt=\"\" class=\"wp-image-1467\" srcset=\"https:\/\/www.gtlawyers.com.br\/site\/wp-content\/uploads\/Upcoming-Webinar-on-Brazilian-Tax-Reform-1024x551.png 1024w, https:\/\/www.gtlawyers.com.br\/site\/wp-content\/uploads\/Upcoming-Webinar-on-Brazilian-Tax-Reform-300x161.png 300w, https:\/\/www.gtlawyers.com.br\/site\/wp-content\/uploads\/Upcoming-Webinar-on-Brazilian-Tax-Reform-150x81.png 150w, https:\/\/www.gtlawyers.com.br\/site\/wp-content\/uploads\/Upcoming-Webinar-on-Brazilian-Tax-Reform-768x413.png 768w, https:\/\/www.gtlawyers.com.br\/site\/wp-content\/uploads\/Upcoming-Webinar-on-Brazilian-Tax-Reform-1536x826.png 1536w, https:\/\/www.gtlawyers.com.br\/site\/wp-content\/uploads\/Upcoming-Webinar-on-Brazilian-Tax-Reform-2048x1101.png 2048w, https:\/\/www.gtlawyers.com.br\/site\/wp-content\/uploads\/Upcoming-Webinar-on-Brazilian-Tax-Reform-18x10.png 18w\" sizes=\"auto, (max-width: 1024px) 100vw, 1024px\" \/><\/figure>\n\n\n\n<p><em>Dear Clients and Partners,<\/em><\/p>\n\n\n\n<p><em>On next 30<sup>th<\/sup>&nbsp;January, we are pleased to invite you to a webinar hosted by Estev\u00e3o Gross, our tax partner, on the topic of the Brazilian Tax Reform.<\/em><\/p>\n\n\n\n<p><em>This event will provide valuable insights into the main changes, associated risks, and practical steps to prepare your company for these developments for the next years.<\/em><\/p>\n\n\n\n<p><strong><em>Thursday 30<sup>th<\/sup>&nbsp;January 2025<\/em><\/strong><\/p>\n\n\n\n<p><strong><em>17:00 CET<\/em><\/strong><\/p>\n\n\n\n<p><a href=\"https:\/\/us06web.zoom.us\/j\/89954491873?pwd=89ka7nmBnl3lNBbGjuL4zeDnzIGDcb.1\">https:\/\/us06web.zoom.us\/j\/89954491873?pwd=89ka7nmBnl3lNBbGjuL4zeDnzIGDcb.1<\/a><\/p>\n\n\n\n<p><\/p>","protected":false},"excerpt":{"rendered":"<p>Dear Clients and Partners, On next 30th&nbsp;January, we are pleased to invite you to a webinar hosted by Estev\u00e3o Gross, our tax partner, on the topic of the Brazilian Tax Reform. This event will provide valuable insights into the main changes, associated risks, and practical steps to prepare your company for these developments for the [&hellip;]<\/p>\n","protected":false},"author":5,"featured_media":1467,"comment_status":"open","ping_status":"open","sticky":false,"template":"","format":"standard","meta":{"_acf_changed":false,"footnotes":""},"categories":[13],"tags":[],"class_list":["post-1466","post","type-post","status-publish","format-standard","has-post-thumbnail","hentry","category-eventos"],"acf":[],"yoast_head":"<!-- This site is optimized with the Yoast SEO plugin v27.5 - https:\/\/yoast.com\/product\/yoast-seo-wordpress\/ -->\n<title>Upcoming Webinar on Brazilian Tax Reform | GTLawyers | Escrit\u00f3rio boutique full-service<\/title>\n<meta name=\"robots\" content=\"index, follow, max-snippet:-1, max-image-preview:large, max-video-preview:-1\" \/>\n<link rel=\"canonical\" href=\"https:\/\/www.gtlawyers.com.br\/en\/eventos\/upcoming-webinar-on-brazilian-tax-reform\/\" \/>\n<meta property=\"og:locale\" content=\"en_US\" \/>\n<meta property=\"og:type\" content=\"article\" \/>\n<meta property=\"og:title\" content=\"Upcoming Webinar on Brazilian Tax Reform | GTLawyers | Escrit\u00f3rio boutique full-service\" \/>\n<meta property=\"og:description\" content=\"Dear Clients and Partners, On next 30th&nbsp;January, we are pleased to invite you to a webinar hosted by Estev\u00e3o Gross, our tax partner, on the topic of the Brazilian Tax Reform. This event will provide valuable insights into the main changes, associated risks, and practical steps to prepare your company for these developments for the [&hellip;]\" \/>\n<meta property=\"og:url\" content=\"https:\/\/www.gtlawyers.com.br\/en\/eventos\/upcoming-webinar-on-brazilian-tax-reform\/\" \/>\n<meta property=\"og:site_name\" content=\"GTLawyers | Escrit\u00f3rio boutique full-service\" \/>\n<meta property=\"article:published_time\" content=\"2025-01-28T01:31:48+00:00\" \/>\n<meta property=\"article:modified_time\" content=\"2025-09-18T12:31:14+00:00\" \/>\n<meta property=\"og:image\" content=\"https:\/\/www.gtlawyers.com.br\/site\/wp-content\/uploads\/Upcoming-Webinar-on-Brazilian-Tax-Reform.png\" \/>\n\t<meta property=\"og:image:width\" content=\"2808\" \/>\n\t<meta property=\"og:image:height\" content=\"1510\" \/>\n\t<meta property=\"og:image:type\" content=\"image\/png\" \/>\n<meta name=\"author\" content=\"Felipe Nascimento\" \/>\n<meta name=\"twitter:card\" content=\"summary_large_image\" \/>\n<meta name=\"twitter:label1\" content=\"Written by\" \/>\n\t<meta name=\"twitter:data1\" content=\"Felipe Nascimento\" \/>\n\t<meta name=\"twitter:label2\" content=\"Est. reading time\" \/>\n\t<meta name=\"twitter:data2\" content=\"1 minute\" \/>\n<script type=\"application\/ld+json\" class=\"yoast-schema-graph\">{\"@context\":\"https:\\\/\\\/schema.org\",\"@graph\":[{\"@type\":\"Article\",\"@id\":\"https:\\\/\\\/www.gtlawyers.com.br\\\/eventos\\\/upcoming-webinar-on-brazilian-tax-reform\\\/#article\",\"isPartOf\":{\"@id\":\"https:\\\/\\\/www.gtlawyers.com.br\\\/eventos\\\/upcoming-webinar-on-brazilian-tax-reform\\\/\"},\"author\":{\"name\":\"Felipe Nascimento\",\"@id\":\"https:\\\/\\\/www.gtlawyers.com.br\\\/#\\\/schema\\\/person\\\/ddacb191167435332fe1305a7c77274f\"},\"headline\":\"Upcoming Webinar on Brazilian Tax Reform\",\"datePublished\":\"2025-01-28T01:31:48+00:00\",\"dateModified\":\"2025-09-18T12:31:14+00:00\",\"mainEntityOfPage\":{\"@id\":\"https:\\\/\\\/www.gtlawyers.com.br\\\/eventos\\\/upcoming-webinar-on-brazilian-tax-reform\\\/\"},\"wordCount\":82,\"commentCount\":0,\"publisher\":{\"@id\":\"https:\\\/\\\/www.gtlawyers.com.br\\\/#organization\"},\"image\":{\"@id\":\"https:\\\/\\\/www.gtlawyers.com.br\\\/eventos\\\/upcoming-webinar-on-brazilian-tax-reform\\\/#primaryimage\"},\"thumbnailUrl\":\"https:\\\/\\\/www.gtlawyers.com.br\\\/site\\\/wp-content\\\/uploads\\\/Upcoming-Webinar-on-Brazilian-Tax-Reform.png\",\"articleSection\":[\"Eventos\"],\"inLanguage\":\"en-US\",\"potentialAction\":[{\"@type\":\"CommentAction\",\"name\":\"Comment\",\"target\":[\"https:\\\/\\\/www.gtlawyers.com.br\\\/eventos\\\/upcoming-webinar-on-brazilian-tax-reform\\\/#respond\"]}]},{\"@type\":\"WebPage\",\"@id\":\"https:\\\/\\\/www.gtlawyers.com.br\\\/eventos\\\/upcoming-webinar-on-brazilian-tax-reform\\\/\",\"url\":\"https:\\\/\\\/www.gtlawyers.com.br\\\/eventos\\\/upcoming-webinar-on-brazilian-tax-reform\\\/\",\"name\":\"Upcoming Webinar on Brazilian Tax Reform | GTLawyers | Escrit\u00f3rio boutique full-service\",\"isPartOf\":{\"@id\":\"https:\\\/\\\/www.gtlawyers.com.br\\\/#website\"},\"primaryImageOfPage\":{\"@id\":\"https:\\\/\\\/www.gtlawyers.com.br\\\/eventos\\\/upcoming-webinar-on-brazilian-tax-reform\\\/#primaryimage\"},\"image\":{\"@id\":\"https:\\\/\\\/www.gtlawyers.com.br\\\/eventos\\\/upcoming-webinar-on-brazilian-tax-reform\\\/#primaryimage\"},\"thumbnailUrl\":\"https:\\\/\\\/www.gtlawyers.com.br\\\/site\\\/wp-content\\\/uploads\\\/Upcoming-Webinar-on-Brazilian-Tax-Reform.png\",\"datePublished\":\"2025-01-28T01:31:48+00:00\",\"dateModified\":\"2025-09-18T12:31:14+00:00\",\"breadcrumb\":{\"@id\":\"https:\\\/\\\/www.gtlawyers.com.br\\\/eventos\\\/upcoming-webinar-on-brazilian-tax-reform\\\/#breadcrumb\"},\"inLanguage\":\"en-US\",\"potentialAction\":[{\"@type\":\"ReadAction\",\"target\":[\"https:\\\/\\\/www.gtlawyers.com.br\\\/eventos\\\/upcoming-webinar-on-brazilian-tax-reform\\\/\"]}]},{\"@type\":\"ImageObject\",\"inLanguage\":\"en-US\",\"@id\":\"https:\\\/\\\/www.gtlawyers.com.br\\\/eventos\\\/upcoming-webinar-on-brazilian-tax-reform\\\/#primaryimage\",\"url\":\"https:\\\/\\\/www.gtlawyers.com.br\\\/site\\\/wp-content\\\/uploads\\\/Upcoming-Webinar-on-Brazilian-Tax-Reform.png\",\"contentUrl\":\"https:\\\/\\\/www.gtlawyers.com.br\\\/site\\\/wp-content\\\/uploads\\\/Upcoming-Webinar-on-Brazilian-Tax-Reform.png\",\"width\":2808,\"height\":1510},{\"@type\":\"BreadcrumbList\",\"@id\":\"https:\\\/\\\/www.gtlawyers.com.br\\\/eventos\\\/upcoming-webinar-on-brazilian-tax-reform\\\/#breadcrumb\",\"itemListElement\":[{\"@type\":\"ListItem\",\"position\":1,\"name\":\"In\u00edcio\",\"item\":\"https:\\\/\\\/www.gtlawyers.com.br\\\/\"},{\"@type\":\"ListItem\",\"position\":2,\"name\":\"Upcoming Webinar on Brazilian Tax Reform\"}]},{\"@type\":\"WebSite\",\"@id\":\"https:\\\/\\\/www.gtlawyers.com.br\\\/#website\",\"url\":\"https:\\\/\\\/www.gtlawyers.com.br\\\/\",\"name\":\"GTLawyers | Escrit\u00f3rio boutique full-service\",\"description\":\"Escrit\u00f3rio de advocacia franco-brasileiro para empresas especializado em M&amp;A, direito societ\u00e1rio, tribut\u00e1rio, imobili\u00e1rio, contencioso e compliance\",\"publisher\":{\"@id\":\"https:\\\/\\\/www.gtlawyers.com.br\\\/#organization\"},\"alternateName\":\"GTLawyers\",\"potentialAction\":[{\"@type\":\"SearchAction\",\"target\":{\"@type\":\"EntryPoint\",\"urlTemplate\":\"https:\\\/\\\/www.gtlawyers.com.br\\\/?s={search_term_string}\"},\"query-input\":{\"@type\":\"PropertyValueSpecification\",\"valueRequired\":true,\"valueName\":\"search_term_string\"}}],\"inLanguage\":\"en-US\"},{\"@type\":\"Organization\",\"@id\":\"https:\\\/\\\/www.gtlawyers.com.br\\\/#organization\",\"name\":\"GTLawyers - Escrit\u00f3rio boutique full-service\",\"url\":\"https:\\\/\\\/www.gtlawyers.com.br\\\/\",\"logo\":{\"@type\":\"ImageObject\",\"inLanguage\":\"en-US\",\"@id\":\"https:\\\/\\\/www.gtlawyers.com.br\\\/#\\\/schema\\\/logo\\\/image\\\/\",\"url\":\"https:\\\/\\\/www.gtlawyers.com.br\\\/site\\\/wp-content\\\/uploads\\\/image-3.png\",\"contentUrl\":\"https:\\\/\\\/www.gtlawyers.com.br\\\/site\\\/wp-content\\\/uploads\\\/image-3.png\",\"width\":166,\"height\":44,\"caption\":\"GTLawyers - Escrit\u00f3rio boutique full-service\"},\"image\":{\"@id\":\"https:\\\/\\\/www.gtlawyers.com.br\\\/#\\\/schema\\\/logo\\\/image\\\/\"},\"sameAs\":[\"https:\\\/\\\/www.linkedin.com\\\/company\\\/gtlawyers\\\/mycompany\\\/\"]},{\"@type\":\"Person\",\"@id\":\"https:\\\/\\\/www.gtlawyers.com.br\\\/#\\\/schema\\\/person\\\/ddacb191167435332fe1305a7c77274f\",\"name\":\"Felipe Nascimento\",\"image\":{\"@type\":\"ImageObject\",\"inLanguage\":\"en-US\",\"@id\":\"https:\\\/\\\/secure.gravatar.com\\\/avatar\\\/99b2fc11283f57cb70c409ae58fd3f3e83dfe5f33ff50bf649361b2d7e2240e0?s=96&d=mm&r=g\",\"url\":\"https:\\\/\\\/secure.gravatar.com\\\/avatar\\\/99b2fc11283f57cb70c409ae58fd3f3e83dfe5f33ff50bf649361b2d7e2240e0?s=96&d=mm&r=g\",\"contentUrl\":\"https:\\\/\\\/secure.gravatar.com\\\/avatar\\\/99b2fc11283f57cb70c409ae58fd3f3e83dfe5f33ff50bf649361b2d7e2240e0?s=96&d=mm&r=g\",\"caption\":\"Felipe Nascimento\"},\"url\":\"https:\\\/\\\/www.gtlawyers.com.br\\\/en\\\/author\\\/felipe\\\/\"}]}<\/script>\n<!-- \/ Yoast SEO plugin. -->","yoast_head_json":{"title":"Upcoming Webinar on Brazilian Tax Reform | GTLawyers | Escrit\u00f3rio boutique full-service","robots":{"index":"index","follow":"follow","max-snippet":"max-snippet:-1","max-image-preview":"max-image-preview:large","max-video-preview":"max-video-preview:-1"},"canonical":"https:\/\/www.gtlawyers.com.br\/en\/eventos\/upcoming-webinar-on-brazilian-tax-reform\/","og_locale":"en_US","og_type":"article","og_title":"Upcoming Webinar on Brazilian Tax Reform | GTLawyers | Escrit\u00f3rio boutique full-service","og_description":"Dear Clients and Partners, On next 30th&nbsp;January, we are pleased to invite you to a webinar hosted by Estev\u00e3o Gross, our tax partner, on the topic of the Brazilian Tax Reform. This event will provide valuable insights into the main changes, associated risks, and practical steps to prepare your company for these developments for the [&hellip;]","og_url":"https:\/\/www.gtlawyers.com.br\/en\/eventos\/upcoming-webinar-on-brazilian-tax-reform\/","og_site_name":"GTLawyers | Escrit\u00f3rio boutique full-service","article_published_time":"2025-01-28T01:31:48+00:00","article_modified_time":"2025-09-18T12:31:14+00:00","og_image":[{"width":2808,"height":1510,"url":"https:\/\/www.gtlawyers.com.br\/site\/wp-content\/uploads\/Upcoming-Webinar-on-Brazilian-Tax-Reform.png","type":"image\/png"}],"author":"Felipe Nascimento","twitter_card":"summary_large_image","twitter_misc":{"Written by":"Felipe Nascimento","Est. reading time":"1 minute"},"schema":{"@context":"https:\/\/schema.org","@graph":[{"@type":"Article","@id":"https:\/\/www.gtlawyers.com.br\/eventos\/upcoming-webinar-on-brazilian-tax-reform\/#article","isPartOf":{"@id":"https:\/\/www.gtlawyers.com.br\/eventos\/upcoming-webinar-on-brazilian-tax-reform\/"},"author":{"name":"Felipe Nascimento","@id":"https:\/\/www.gtlawyers.com.br\/#\/schema\/person\/ddacb191167435332fe1305a7c77274f"},"headline":"Upcoming Webinar on Brazilian Tax Reform","datePublished":"2025-01-28T01:31:48+00:00","dateModified":"2025-09-18T12:31:14+00:00","mainEntityOfPage":{"@id":"https:\/\/www.gtlawyers.com.br\/eventos\/upcoming-webinar-on-brazilian-tax-reform\/"},"wordCount":82,"commentCount":0,"publisher":{"@id":"https:\/\/www.gtlawyers.com.br\/#organization"},"image":{"@id":"https:\/\/www.gtlawyers.com.br\/eventos\/upcoming-webinar-on-brazilian-tax-reform\/#primaryimage"},"thumbnailUrl":"https:\/\/www.gtlawyers.com.br\/site\/wp-content\/uploads\/Upcoming-Webinar-on-Brazilian-Tax-Reform.png","articleSection":["Eventos"],"inLanguage":"en-US","potentialAction":[{"@type":"CommentAction","name":"Comment","target":["https:\/\/www.gtlawyers.com.br\/eventos\/upcoming-webinar-on-brazilian-tax-reform\/#respond"]}]},{"@type":"WebPage","@id":"https:\/\/www.gtlawyers.com.br\/eventos\/upcoming-webinar-on-brazilian-tax-reform\/","url":"https:\/\/www.gtlawyers.com.br\/eventos\/upcoming-webinar-on-brazilian-tax-reform\/","name":"Upcoming Webinar on Brazilian Tax Reform | GTLawyers | Escrit\u00f3rio boutique full-service","isPartOf":{"@id":"https:\/\/www.gtlawyers.com.br\/#website"},"primaryImageOfPage":{"@id":"https:\/\/www.gtlawyers.com.br\/eventos\/upcoming-webinar-on-brazilian-tax-reform\/#primaryimage"},"image":{"@id":"https:\/\/www.gtlawyers.com.br\/eventos\/upcoming-webinar-on-brazilian-tax-reform\/#primaryimage"},"thumbnailUrl":"https:\/\/www.gtlawyers.com.br\/site\/wp-content\/uploads\/Upcoming-Webinar-on-Brazilian-Tax-Reform.png","datePublished":"2025-01-28T01:31:48+00:00","dateModified":"2025-09-18T12:31:14+00:00","breadcrumb":{"@id":"https:\/\/www.gtlawyers.com.br\/eventos\/upcoming-webinar-on-brazilian-tax-reform\/#breadcrumb"},"inLanguage":"en-US","potentialAction":[{"@type":"ReadAction","target":["https:\/\/www.gtlawyers.com.br\/eventos\/upcoming-webinar-on-brazilian-tax-reform\/"]}]},{"@type":"ImageObject","inLanguage":"en-US","@id":"https:\/\/www.gtlawyers.com.br\/eventos\/upcoming-webinar-on-brazilian-tax-reform\/#primaryimage","url":"https:\/\/www.gtlawyers.com.br\/site\/wp-content\/uploads\/Upcoming-Webinar-on-Brazilian-Tax-Reform.png","contentUrl":"https:\/\/www.gtlawyers.com.br\/site\/wp-content\/uploads\/Upcoming-Webinar-on-Brazilian-Tax-Reform.png","width":2808,"height":1510},{"@type":"BreadcrumbList","@id":"https:\/\/www.gtlawyers.com.br\/eventos\/upcoming-webinar-on-brazilian-tax-reform\/#breadcrumb","itemListElement":[{"@type":"ListItem","position":1,"name":"In\u00edcio","item":"https:\/\/www.gtlawyers.com.br\/"},{"@type":"ListItem","position":2,"name":"Upcoming Webinar on Brazilian Tax Reform"}]},{"@type":"WebSite","@id":"https:\/\/www.gtlawyers.com.br\/#website","url":"https:\/\/www.gtlawyers.com.br\/","name":"GTLawyers | Escrit\u00f3rio boutique full-service","description":"Escrit\u00f3rio de advocacia franco-brasileiro para empresas especializado em M&amp;A, direito societ\u00e1rio, tribut\u00e1rio, imobili\u00e1rio, contencioso e compliance","publisher":{"@id":"https:\/\/www.gtlawyers.com.br\/#organization"},"alternateName":"GTLawyers","potentialAction":[{"@type":"SearchAction","target":{"@type":"EntryPoint","urlTemplate":"https:\/\/www.gtlawyers.com.br\/?s={search_term_string}"},"query-input":{"@type":"PropertyValueSpecification","valueRequired":true,"valueName":"search_term_string"}}],"inLanguage":"en-US"},{"@type":"Organization","@id":"https:\/\/www.gtlawyers.com.br\/#organization","name":"GTLawyers - Escrit\u00f3rio boutique full-service","url":"https:\/\/www.gtlawyers.com.br\/","logo":{"@type":"ImageObject","inLanguage":"en-US","@id":"https:\/\/www.gtlawyers.com.br\/#\/schema\/logo\/image\/","url":"https:\/\/www.gtlawyers.com.br\/site\/wp-content\/uploads\/image-3.png","contentUrl":"https:\/\/www.gtlawyers.com.br\/site\/wp-content\/uploads\/image-3.png","width":166,"height":44,"caption":"GTLawyers - Escrit\u00f3rio boutique full-service"},"image":{"@id":"https:\/\/www.gtlawyers.com.br\/#\/schema\/logo\/image\/"},"sameAs":["https:\/\/www.linkedin.com\/company\/gtlawyers\/mycompany\/"]},{"@type":"Person","@id":"https:\/\/www.gtlawyers.com.br\/#\/schema\/person\/ddacb191167435332fe1305a7c77274f","name":"Felipe Nascimento","image":{"@type":"ImageObject","inLanguage":"en-US","@id":"https:\/\/secure.gravatar.com\/avatar\/99b2fc11283f57cb70c409ae58fd3f3e83dfe5f33ff50bf649361b2d7e2240e0?s=96&d=mm&r=g","url":"https:\/\/secure.gravatar.com\/avatar\/99b2fc11283f57cb70c409ae58fd3f3e83dfe5f33ff50bf649361b2d7e2240e0?s=96&d=mm&r=g","contentUrl":"https:\/\/secure.gravatar.com\/avatar\/99b2fc11283f57cb70c409ae58fd3f3e83dfe5f33ff50bf649361b2d7e2240e0?s=96&d=mm&r=g","caption":"Felipe Nascimento"},"url":"https:\/\/www.gtlawyers.com.br\/en\/author\/felipe\/"}]}},"_links":{"self":[{"href":"https:\/\/www.gtlawyers.com.br\/en\/wp-json\/wp\/v2\/posts\/1466","targetHints":{"allow":["GET"]}}],"collection":[{"href":"https:\/\/www.gtlawyers.com.br\/en\/wp-json\/wp\/v2\/posts"}],"about":[{"href":"https:\/\/www.gtlawyers.com.br\/en\/wp-json\/wp\/v2\/types\/post"}],"author":[{"embeddable":true,"href":"https:\/\/www.gtlawyers.com.br\/en\/wp-json\/wp\/v2\/users\/5"}],"replies":[{"embeddable":true,"href":"https:\/\/www.gtlawyers.com.br\/en\/wp-json\/wp\/v2\/comments?post=1466"}],"version-history":[{"count":1,"href":"https:\/\/www.gtlawyers.com.br\/en\/wp-json\/wp\/v2\/posts\/1466\/revisions"}],"predecessor-version":[{"id":1468,"href":"https:\/\/www.gtlawyers.com.br\/en\/wp-json\/wp\/v2\/posts\/1466\/revisions\/1468"}],"wp:featuredmedia":[{"embeddable":true,"href":"https:\/\/www.gtlawyers.com.br\/en\/wp-json\/wp\/v2\/media\/1467"}],"wp:attachment":[{"href":"https:\/\/www.gtlawyers.com.br\/en\/wp-json\/wp\/v2\/media?parent=1466"}],"wp:term":[{"taxonomy":"category","embeddable":true,"href":"https:\/\/www.gtlawyers.com.br\/en\/wp-json\/wp\/v2\/categories?post=1466"},{"taxonomy":"post_tag","embeddable":true,"href":"https:\/\/www.gtlawyers.com.br\/en\/wp-json\/wp\/v2\/tags?post=1466"}],"curies":[{"name":"wp","href":"https:\/\/api.w.org\/{rel}","templated":true}]}}