{"id":1497,"date":"2025-03-28T15:59:04","date_gmt":"2025-03-28T18:59:04","guid":{"rendered":"https:\/\/www.gtlawyers.com.br\/?p=1497"},"modified":"2025-03-28T15:59:06","modified_gmt":"2025-03-28T18:59:06","slug":"qui-peut-occuper-le-poste-de-dpo-en-vertu-de-la-legislation-bresilienne-et-europeenne","status":"publish","type":"post","link":"https:\/\/www.gtlawyers.com.br\/en\/noticia\/qui-peut-occuper-le-poste-de-dpo-en-vertu-de-la-legislation-bresilienne-et-europeenne\/","title":{"rendered":"Qui peut occuper le poste de DPO en vertu de la l\u00e9gislation br\u00e9silienne et europ\u00e9enne ?"},"content":{"rendered":"\n<p>Le Responsable de la protection des donn\u00e9es, \u00e9galement connu sous le nom de&nbsp;<em>Data Protection Officer<\/em>&nbsp;(DPO), est une fonction \u00e9tablie \u00e0 la fois par la l\u00e9gislation br\u00e9silienne (Loi G\u00e9n\u00e9rale sur la Protection des Donn\u00e9es &#8211; &#8220;LGPD&#8221;) et par la l\u00e9gislation europ\u00e9enne (R\u00e8glement G\u00e9n\u00e9ral sur la Protection des Donn\u00e9es &#8211; &#8220;RGPD&#8221;). Les deux lois ont leurs propres exigences pour la nomination de leurs DPOs, que ce soit pour les responsables du traitement ou les sous-traitants des donn\u00e9es. Le Responsable de la protection des donn\u00e9es agit comme un canal de communication entre les personnes concern\u00e9es par les donn\u00e9es et l&#8217;autorit\u00e9 publique charg\u00e9e d&#8217;appliquer les r\u00e9glementations de protection des donn\u00e9es au sein de la juridiction<\/p>\n\n\n\n<p>Bien que les deux l\u00e9gislations exigent la pr\u00e9sence d&#8217;un DPO, il existe des diff\u00e9rences cl\u00e9s dont les soci\u00e9t\u00e9s doivent \u00eatre conscientes afin d&#8217;att\u00e9nuer les risques, \u00e9viter les sanctions l\u00e9gales et administratives et pr\u00e9venir les dommages \u00e0 leur r\u00e9putation. Afin de clarifier ces distinctions, nous avons pr\u00e9par\u00e9 un tableau comparatif au regard de la LGPD et du RGPD.&nbsp;<\/p>\n\n\n\n<p>Ci-dessous, nous mettons en \u00e9vidence les principales caract\u00e9ristiques de ces deux l\u00e9gislations :<\/p>\n\n\n\n<figure class=\"wp-block-table\"><table class=\"has-fixed-layout\"><tbody><tr><td>&nbsp;<\/td><td><strong>GDPR<\/strong><\/td><td><strong>LGPD<\/strong><\/td><\/tr><tr><td><strong>Obligation de nommer un DPO<\/strong><\/td><td>Obligatoire dans des cas sp\u00e9cifiques, par exemple, les organismes publics ou les entit\u00e9s impliqu\u00e9es dans la surveillance syst\u00e9matique et \u00e0 grande \u00e9chelle de donn\u00e9es ou dans le traitement de donn\u00e9es sensibles (Art. 37).<\/td><td>G\u00e9n\u00e9ralement exig\u00e9 pour toutes les entit\u00e9s, avec des&nbsp;<a>exceptions<\/a><a href=\"applewebdata:\/\/F7A5979F-E5EA-4AE7-B496-9696481FFCCD#_msocom_1\">[GR1]<\/a>&nbsp;&nbsp;pour les agents de petite taille s&#8217;il existe un canal de communication disponible (R\u00e9solution CD\/ANPD n\u00ba 2\/2022).<\/td><\/tr><tr><td><strong>Qualifications et Comp\u00e9tences<\/strong><\/td><td>Requiert des qualifications professionnelles, notamment en droit et en pratiques de protection des donn\u00e9es (Art. 37) [1].<\/td><td>Les qualifications sont d\u00e9termin\u00e9es par l&#8217;expertise pertinente au contexte, au volume et aux risques associ\u00e9s au traitement des donn\u00e9es (R\u00e9solution CD\/ANPD n\u00ba 18\/2024).<\/td><\/tr><tr><td><strong>Responsabilit\u00e9s<\/strong><\/td><td>Responsabilit\u00e9s importantes, y compris le soutien aux \u00e9valuations d&#8217;impact, la coop\u00e9ration r\u00e9glementaire et le contact avec le titulaire des donn\u00e9es (Art. 39).&#8221;<\/td><td>Les responsabilit\u00e9s comprennent la gestion des r\u00e9clamations et des communications avec les personnes concern\u00e9es par les donn\u00e9es, l&#8217;ANPD, et le conseil \u00e0 l&#8217;entreprise, aux tiers et aux employ\u00e9s sur les pratiques de protection des donn\u00e9es.<\/td><\/tr><tr><td><strong>Externalisation<\/strong><\/td><td>Autoris\u00e9e (Art. 39).<\/td><td>Autoris\u00e9e (Art. 5).<\/td><\/tr><tr><td><strong>Divulgation<\/strong><\/td><td>Les coordonn\u00e9es doivent \u00eatre publi\u00e9es sur le site Web de l\u2019entreprise et fournies aux autorit\u00e9s de contr\u00f4le.<\/td><td>Les coordonn\u00e9es doivent \u00eatre publi\u00e9es sur le site Web de l\u2019entreprise.<\/td><\/tr><tr><td><strong>Conflit d\u2019int\u00e9r\u00eats<\/strong><\/td><td>Mesures de sauvegarde pour garantir l\u2019ind\u00e9pendance et pr\u00e9venir les conflits d\u2019int\u00e9r\u00eats (Art. 38(3) et 38(6)).<\/td><td>Exige des mesures pour att\u00e9nuer les conflits d\u2019int\u00e9r\u00eats (R\u00e9solution CD\/ANPD n\u00b0 18\/2024).<\/td><\/tr><tr><td><strong>Position au sein de l\u2019organisation<\/strong><\/td><td>Fonctionne de mani\u00e8re ind\u00e9pendante, avec les ressources n\u00e9cessaires et un acc\u00e8s direct \u00e0 la haute direction [2].<\/td><td>Exigences similaires en mati\u00e8re d\u2019autonomie et d\u2019acc\u00e8s, bien qu\u2019il n\u2019y ait pas de protection explicite contre un licenciement (R\u00e9solution CD\/ANPD n\u00b0 18\/2024, Art. 10 et 15).<\/td><\/tr><\/tbody><\/table><\/figure>\n\n\n\n<p>Ci-dessous, nous fournissons des clarifications additionnelles sur les diff\u00e9rences entre le Responsable de la Protection des Donn\u00e9es selon le RGPD et selon la LGPD.<\/p>\n\n\n\n<p><strong>OBLIGATION DE D\u00c9SIGNER UN RESPONSABLE DE LA PROTECTION DES DONN\u00c9ES<\/strong><\/p>\n\n\n\n<p>Contrairement au RGPD [3], qui \u00e9tablit des crit\u00e8res sp\u00e9cifiques pour la d\u00e9signation d&#8217;un DPO, la LGPD adopte une approche plus g\u00e9n\u00e9rale, d\u00e9terminant&nbsp;<em>que le responsable du traitement doit d\u00e9signer un responsable de la protection des donn\u00e9es personnelles<\/em>. Cela implique qu\u2019en r\u00e8gle g\u00e9n\u00e9rale, toute organisation publique ou priv\u00e9e doit d\u00e9signer un DPO. Cependant, il existe une exception \u00e9tablie dans la R\u00e9solution CD\/ANPD n\u00b0 2\/2022, qui exempte les agents de traitement de petite taille [4] de la d\u00e9signation d&#8217;un responsable, tout en maintenant les autres obligations d\u00e9finies par la LGPD [5]. De plus, le \u00a73 de l&#8217;article 41 pr\u00e9voit la possibilit\u00e9 d&#8217;autres exemptions, permettant \u00e0 l&#8217;Autorit\u00e9 Nationale de Protection des Donn\u00e9es (&#8220;ANPD&#8221;) d&#8217;\u00e9tablir des cas o\u00f9 la d\u00e9signation d&#8217;un responsable peut ne pas \u00eatre n\u00e9cessaire, compte tenu de la nature, de la taille et du volume du traitement des donn\u00e9es par l&#8217;entit\u00e9.<\/p>\n\n\n\n<p><strong>QUALIFICATIONS ET COMP\u00c9TENCES<\/strong><\/p>\n\n\n\n<p>Le r\u00f4le du DPO, selon la l\u00e9gislation br\u00e9silienne, est plus flexible et poss\u00e8de des exigences moins rigoureuses en comparaison avec l&#8217;Europe, sp\u00e9cialement en ce qui concerne les qualifications du professionnel qui occupe cette fonction. Conform\u00e9ment \u00e0 l&#8217;article 7 de la R\u00e9solution CD\/ANPD n\u00b0 18\/2024, il incombe \u00e0 l&#8217;agent de traitement des donn\u00e9es de d\u00e9finir les qualifications du Responsable de la Protection des Donn\u00e9es sur la base de ses connaissances de la l\u00e9gislation de protection des donn\u00e9es personnelles, ainsi que du contexte, du volume et du risque des op\u00e9rations de traitement r\u00e9alis\u00e9es. Cette R\u00e9solution \u00e9tablit \u00e9galement que le DPO devra \u00eatre capable de communiquer de mani\u00e8re efficace avec les titulaires de donn\u00e9es et avec l&#8217;ANPD. En Europe, l&#8217;article 37 du RGPD impose des exigences plus sp\u00e9cifiques, telles que la n\u00e9cessit\u00e9 de connaissances sp\u00e9cialis\u00e9es en droit et la pratiques de protection des donn\u00e9es, l&#8217;exigence que les qualifications soient \u00e0 la hauteur de la complexit\u00e9 et du risque des activit\u00e9s de traitement, la capacit\u00e9 de d\u00e9velopper et de maintenir des programmes de protection de donn\u00e9es, ainsi qu&#8217;une familiarit\u00e9 avec les mesures techniques et organisationnelles.<\/p>\n\n\n\n<p><strong>EXTERNALISATION DU R\u00d4LE DU RESPONSABLE DE LA PROTECTION DES DONN\u00c9ES<\/strong><\/p>\n\n\n\n<p>La R\u00e9solution CD\/ANPD n\u00b0 18\/2024, qui r\u00e9glemente la fonction du DPO \u00e0 l&#8217;article 12, pr\u00e9voit que ce professionnel peut \u00eatre une personne physique, li\u00e9e ou non \u00e0 la structure organisationnelle de l&#8217;agent de traitement, ou encore une personne juridique [6]. Toutes ces options sont \u00e9galement autoris\u00e9es par le RGPD [7].<\/p>\n\n\n\n<p><strong>DIVULGATION DES INFORMATIONS DE CONTACT DU RESPONSABLE DE LA PROTECTION DES DONN\u00c9ES<\/strong><\/p>\n\n\n\n<p>Les informations de contact du DPO doivent \u00eatre publi\u00e9es sur le site web de l&#8217;entreprise dans les deux l\u00e9gislations, garantissant la transparence et l&#8217;accessibilit\u00e9 pour les titulaires de donn\u00e9es et les autorit\u00e9s. L&#8217;article 9 de la R\u00e9solution CD\/ANPD n\u00ba 18\/2024 permet \u00e9galement que la divulgation ait lieu par d&#8217;autres moyens de communication, si le responsable du traitement des donn\u00e9es ne poss\u00e8de pas de site web propre. Le RGPD \u00e9tablit \u00e9galement que les coordonn\u00e9es du DPO doivent \u00eatre communiqu\u00e9es aux autorit\u00e9s.<\/p>\n\n\n\n<p><strong>CONSID\u00c9RATIONS SUR LES CONFLITS D&#8217;INT\u00c9R\u00caTS<\/strong><\/p>\n\n\n\n<p>Tant le R\u00e8glement G\u00e9n\u00e9ral sur la Protection des Donn\u00e9es (RGPD) que la Loi G\u00e9n\u00e9rale sur la Protection des Donn\u00e9es (LGPD) abordent le th\u00e8me des conflits d&#8217;int\u00e9r\u00eats dans l&#8217;exercice des fonctions du DPO. Le RGPD adopte des sauvegardes d\u00e9taill\u00e9es pour garantir l&#8217;ind\u00e9pendance du Responsable de la Protection des Donn\u00e9es, interdisant qu&#8217;il assume des fonctions qui pourraient g\u00e9n\u00e9rer un conflit d&#8217;int\u00e9r\u00eats, comme, par exemple, des postes o\u00f9 il d\u00e9termine les objectifs du traitement des donn\u00e9es personnelles. De plus, le r\u00e8glement exige que le Responsable de la Protection des Donn\u00e9es ne soit pas puni ou licenci\u00e9 pour avoir exerc\u00e9 ses responsabilit\u00e9s [8].&nbsp;&nbsp;&nbsp;La LGPD, quant \u00e0 elle, \u00e9tablit que le responsable du traitement doit adopter des mesures pour att\u00e9nuer tout conflit d&#8217;int\u00e9r\u00eat, avec la possibilit\u00e9 de remplacer le DPO, si n\u00e9cessaire.<\/p>\n\n\n\n<p>Ces aspects seront analys\u00e9s plus en profondeur dans un article sp\u00e9cifique qui explorera des cas et la l\u00e9gislation li\u00e9es aux conflits d&#8217;int\u00e9r\u00eats dans le contexte de la protection des donn\u00e9es.<\/p>\n\n\n\n<p><strong>&nbsp;&nbsp;&nbsp;&nbsp;&nbsp;&nbsp;<\/strong><strong>&nbsp;&nbsp;&nbsp;POSITION AU SEIN DE L&#8217;ORGANISATION<\/strong><\/p>\n\n\n\n<p>En ce qui concerne l&#8217;accumulation de fonctions, la l\u00e9gislation br\u00e9silienne n&#8217;interdit pas express\u00e9ment qu&#8217;un employ\u00e9, un administrateur ou un sous-traitant soit d\u00e9sign\u00e9 comme DPO, \u00e0 condition que l&#8217;ind\u00e9pendance de la fonction soit pr\u00e9serv\u00e9e. De m\u00eame, conform\u00e9ment au RGPD, le DPO peut exercer d&#8217;autres fonctions au sein de l&#8217;organisation, \u00e0 condition que cela n&#8217;entra\u00eene pas de conflit d&#8217;int\u00e9r\u00eat. Cela signifie que, selon la l\u00e9gislation de l&#8217;Union Europ\u00e9enne, le DPO ne peut occuper un poste dans lequel il d\u00e9termine les finalit\u00e9s et les moyens des activit\u00e9s de traitement de donn\u00e9es personnelles, comme un directeur ex\u00e9cutif, un directeur des op\u00e9rations ou un chef des Ressources Humaines, par exemple [9].<\/p>\n\n\n\n<p>Le r\u00f4le du DPO est fondamental pour le maintien des normes de confidentialit\u00e9, et une compr\u00e9hension claire des r\u00e9glementations qui r\u00e9gissent cette fonction est essentielle pour les organisations op\u00e9rant au Br\u00e9sil. Les entreprises \u00e9trang\u00e8res qui entrent sur le march\u00e9 br\u00e9silien doivent solliciter des conseils juridiques locaux pour garantir la conformit\u00e9 avec la LGPD, en particulier en ce qui concerne la d\u00e9signation et les responsabilit\u00e9s du DPO.<\/p>\n\n\n\n<p>GTLawyers a toute l\u2019expertise n\u00e9cessaire pour fournir des conseils et orientation juridique, soit en assistant le DPO dans ses activit\u00e9s quotidiennes, soit en offrant des services de DPO pour att\u00e9nuer les conflits d&#8217;int\u00e9r\u00eats potentiels. Notre \u00e9quipe s&#8217;assure que les entreprises non seulement remplissent leurs obligations l\u00e9gales, mais mettent \u00e9galement en \u0153uvre des pratiques efficaces de protection des donn\u00e9es, minimisant ainsi les risques juridiques et r\u00e9putationnels, tout en pr\u00e9servant l&#8217;ind\u00e9pendance et l&#8217;impartialit\u00e9 du DPO.<\/p>\n\n\n\n<p><a><strong>GT Lawyers&nbsp;<\/strong><\/a><\/p>\n\n\n\n<p><strong>Anne Brunschwig<\/strong><\/p>\n\n\n\n<p><a href=\"mailto:abrunschwig@gtlawyers.com.br\"><strong>abrunschwig@gtlawyers.com.br<\/strong><\/a><strong><u><\/u><\/strong><\/p>\n\n\n\n<p><strong>Jessica Ferreira<\/strong><\/p>\n\n\n\n<p><a href=\"mailto:jferreira@gtlawyers.com.br\"><strong>jferreira@gtlawyers.com.br<\/strong><\/a><\/p>\n\n\n\n<p>[1] Le Groupe de travail Article 29 (WP29) a publi\u00e9 des directives largement reconnues par le march\u00e9 sur les qualifications du DPO, indiquant que ce professionnel doit savoir cr\u00e9er, mettre en \u0153uvre et maintenir un Programme de Protection des Donn\u00e9es. De plus, plus le traitement de donn\u00e9es effectu\u00e9 par le responsable du traitement est complexe ou risqu\u00e9, plus les exigences en mati\u00e8re de connaissances et de sp\u00e9cialisations pour le DPO seront \u00e9lev\u00e9es. Enfin, le DPO n&#8217;a pas besoin d&#8217;\u00eatre avocat, mais doit \u00eatre familiaris\u00e9 avec la l\u00e9gislation et les mesures techniques et organisationnelles de protection des donn\u00e9es.<\/p>\n\n\n\n<p>[2] L&#8217;article 38 du R\u00e8glement G\u00e9n\u00e9ral sur la Protection des Donn\u00e9es (RGPD) stipule que le DPO doit \u00eatre impliqu\u00e9 dans les questions li\u00e9es au traitement des donn\u00e9es personnelles et, en outre, doit agir de mani\u00e8re autonome, sans recevoir d&#8217;instructions de tiers, quelle que soit sa position hi\u00e9rarchique. Dans ce contexte, l&#8217;entreprise doit fournir les ressources n\u00e9cessaires \u00e0 l&#8217;exercice de ses activit\u00e9s. Il est \u00e9galement important de souligner que le DPO ne peut pas \u00eatre licenci\u00e9 ou puni pour l&#8217;exercice de ses fonctions. Il doit rendre compte \u00e0 la haute direction, et les personnes concern\u00e9es peuvent le contacter directement pour clarifier leurs doutes et traiter des questions pertinentes. De plus, le DPO doit garder le secret sur ses activit\u00e9s et peut exercer d&#8217;autres fonctions au sein de l&#8217;entreprise, \u00e0 condition qu&#8217;il n&#8217;y ait pas de conflit d&#8217;int\u00e9r\u00eat.<\/p>\n\n\n\n<p>[3] Aux termes du RGPD, la d\u00e9signation d&#8217;un DPO est obligatoire dans trois cas sp\u00e9cifiques d\u00e9crits \u00e0 l&#8217;article 37 : (i) lorsque le traitement des donn\u00e9es est effectu\u00e9 par une autorit\u00e9 ou un organisme public, \u00e0 l&#8217;exception des tribunaux agissant dans leur fonction juridictionnelle ; (ii) lorsque les activit\u00e9s principales du responsable du traitement ou du sous-traitant impliquent le suivi r\u00e9gulier et syst\u00e9matique des personnes concern\u00e9es \u00e0 grande \u00e9chelle ; ou (iii) lorsque les activit\u00e9s principales impliquent le traitement \u00e0 grande \u00e9chelle de cat\u00e9gories particuli\u00e8res de donn\u00e9es, telles que les donn\u00e9es sensibles ou les informations relatives aux condamnations p\u00e9nales et aux infractions.<\/p>\n\n\n\n<p>[4] L&#8217;article 2, I, de la r\u00e9solution mentionn\u00e9e d\u00e9finit ces agents. Parmi les exemples, citons les microentreprises, les petites entreprises, les startups, les personnes morales de droit priv\u00e9, y compris les organisations \u00e0 but non lucratif. Il convient de noter que l&#8217;agent ne peut pas b\u00e9n\u00e9ficier du traitement juridique diff\u00e9renci\u00e9 de la r\u00e9solution s&#8217;il rel\u00e8ve des sc\u00e9narios pr\u00e9vus \u00e0 l&#8217;article 3.<\/p>\n\n\n\n<p>[5] Les obligations des agents de traitement de petite taille ont \u00e9t\u00e9 maintenues, mais une certaine flexibilit\u00e9 a \u00e9t\u00e9 introduite dans des domaines sp\u00e9cifiques, tels que le d\u00e9lai doubl\u00e9 pour r\u00e9pondre aux demandes des titulaires et pour communiquer avec l&#8217;Autorit\u00e9 Nationale de Protection des Donn\u00e9es (ANPD), ainsi que la possibilit\u00e9 d&#8217;adopter des proc\u00e9dures simplifi\u00e9es.<\/p>\n\n\n\n<p>[6] Le texte original de la LGPD stipulait que le DPO devait \u00eatre une personne physique. Toutefois, la mesure provisoire n\u00b0 869\/2018 a supprim\u00e9 le terme &#8220;personne physique&#8221;, et la loi n\u00b0 13.853\/2019 a introduit la possibilit\u00e9 pour les entreprises d&#8217;agir en tant que DPO.<\/p>\n\n\n\n<p>[7] Conform\u00e9ment \u00e0 l&#8217;article 37, \u00a76 du RGPD, le DPO peut \u00eatre un membre du personnel du responsable du traitement ou du sous-traitant, ou exercer les fonctions sur la base d&#8217;un contrat de service&#8221;.<\/p>\n\n\n\n<p>[8] Voir article 38 du RGPD.<\/p>\n\n\n\n<p>[9] Plus d&#8217;informations sur : site www.ecb.europa.eu.&nbsp;<a href=\"https:\/\/www.edpb.europa.eu\/sme-data-protection-guide\/data-protection-officer_en\">https:\/\/www.edpb.europa.eu\/sme-data-protection-guide\/data-protection-officer_en<\/a>&nbsp;Consult\u00e9 le : 30\/10\/2024.<\/p>\n","protected":false},"excerpt":{"rendered":"<p>Le Responsable de la protection des donn\u00e9es, \u00e9galement connu sous le nom de&nbsp;Data Protection Officer&nbsp;(DPO), est une fonction \u00e9tablie \u00e0 la fois par la l\u00e9gislation br\u00e9silienne (Loi G\u00e9n\u00e9rale sur la Protection des Donn\u00e9es &#8211; &#8220;LGPD&#8221;) et par la l\u00e9gislation europ\u00e9enne (R\u00e8glement G\u00e9n\u00e9ral sur la Protection des Donn\u00e9es &#8211; &#8220;RGPD&#8221;). Les deux lois ont leurs propres [&hellip;]<\/p>\n","protected":false},"author":5,"featured_media":0,"comment_status":"open","ping_status":"open","sticky":false,"template":"","format":"standard","meta":{"_acf_changed":false,"footnotes":""},"categories":[7],"tags":[],"class_list":["post-1497","post","type-post","status-publish","format-standard","hentry","category-noticia"],"acf":[],"yoast_head":"<!-- This site is optimized with the Yoast SEO plugin v27.5 - https:\/\/yoast.com\/product\/yoast-seo-wordpress\/ -->\n<title>Qui peut occuper le poste de DPO en vertu de la l\u00e9gislation br\u00e9silienne et europ\u00e9enne ? | GTLawyers | Escrit\u00f3rio boutique full-service<\/title>\n<meta name=\"robots\" content=\"index, follow, max-snippet:-1, max-image-preview:large, max-video-preview:-1\" \/>\n<link rel=\"canonical\" href=\"https:\/\/www.gtlawyers.com.br\/en\/noticia\/qui-peut-occuper-le-poste-de-dpo-en-vertu-de-la-legislation-bresilienne-et-europeenne\/\" \/>\n<meta property=\"og:locale\" content=\"en_US\" \/>\n<meta property=\"og:type\" content=\"article\" \/>\n<meta property=\"og:title\" content=\"Qui peut occuper le poste de DPO en vertu de la l\u00e9gislation br\u00e9silienne et europ\u00e9enne ? | GTLawyers | Escrit\u00f3rio boutique full-service\" \/>\n<meta property=\"og:description\" content=\"Le Responsable de la protection des donn\u00e9es, \u00e9galement connu sous le nom de&nbsp;Data Protection Officer&nbsp;(DPO), est une fonction \u00e9tablie \u00e0 la fois par la l\u00e9gislation br\u00e9silienne (Loi G\u00e9n\u00e9rale sur la Protection des Donn\u00e9es &#8211; &#8220;LGPD&#8221;) et par la l\u00e9gislation europ\u00e9enne (R\u00e8glement G\u00e9n\u00e9ral sur la Protection des Donn\u00e9es &#8211; &#8220;RGPD&#8221;). Les deux lois ont leurs propres [&hellip;]\" \/>\n<meta property=\"og:url\" content=\"https:\/\/www.gtlawyers.com.br\/en\/noticia\/qui-peut-occuper-le-poste-de-dpo-en-vertu-de-la-legislation-bresilienne-et-europeenne\/\" \/>\n<meta property=\"og:site_name\" content=\"GTLawyers | Escrit\u00f3rio boutique full-service\" \/>\n<meta property=\"article:published_time\" content=\"2025-03-28T18:59:04+00:00\" \/>\n<meta property=\"article:modified_time\" content=\"2025-03-28T18:59:06+00:00\" \/>\n<meta name=\"author\" content=\"Felipe Nascimento\" \/>\n<meta name=\"twitter:card\" content=\"summary_large_image\" \/>\n<meta name=\"twitter:label1\" content=\"Written by\" \/>\n\t<meta name=\"twitter:data1\" content=\"Felipe Nascimento\" \/>\n\t<meta name=\"twitter:label2\" content=\"Est. reading time\" \/>\n\t<meta name=\"twitter:data2\" content=\"11 minutes\" \/>\n<script type=\"application\/ld+json\" class=\"yoast-schema-graph\">{\"@context\":\"https:\\\/\\\/schema.org\",\"@graph\":[{\"@type\":\"Article\",\"@id\":\"https:\\\/\\\/www.gtlawyers.com.br\\\/noticia\\\/qui-peut-occuper-le-poste-de-dpo-en-vertu-de-la-legislation-bresilienne-et-europeenne\\\/#article\",\"isPartOf\":{\"@id\":\"https:\\\/\\\/www.gtlawyers.com.br\\\/noticia\\\/qui-peut-occuper-le-poste-de-dpo-en-vertu-de-la-legislation-bresilienne-et-europeenne\\\/\"},\"author\":{\"name\":\"Felipe Nascimento\",\"@id\":\"https:\\\/\\\/www.gtlawyers.com.br\\\/#\\\/schema\\\/person\\\/ddacb191167435332fe1305a7c77274f\"},\"headline\":\"Qui peut occuper le poste de DPO en vertu de la l\u00e9gislation br\u00e9silienne et europ\u00e9enne ?\",\"datePublished\":\"2025-03-28T18:59:04+00:00\",\"dateModified\":\"2025-03-28T18:59:06+00:00\",\"mainEntityOfPage\":{\"@id\":\"https:\\\/\\\/www.gtlawyers.com.br\\\/noticia\\\/qui-peut-occuper-le-poste-de-dpo-en-vertu-de-la-legislation-bresilienne-et-europeenne\\\/\"},\"wordCount\":2225,\"commentCount\":0,\"publisher\":{\"@id\":\"https:\\\/\\\/www.gtlawyers.com.br\\\/#organization\"},\"articleSection\":[\"News\"],\"inLanguage\":\"en-US\",\"potentialAction\":[{\"@type\":\"CommentAction\",\"name\":\"Comment\",\"target\":[\"https:\\\/\\\/www.gtlawyers.com.br\\\/noticia\\\/qui-peut-occuper-le-poste-de-dpo-en-vertu-de-la-legislation-bresilienne-et-europeenne\\\/#respond\"]}]},{\"@type\":\"WebPage\",\"@id\":\"https:\\\/\\\/www.gtlawyers.com.br\\\/noticia\\\/qui-peut-occuper-le-poste-de-dpo-en-vertu-de-la-legislation-bresilienne-et-europeenne\\\/\",\"url\":\"https:\\\/\\\/www.gtlawyers.com.br\\\/noticia\\\/qui-peut-occuper-le-poste-de-dpo-en-vertu-de-la-legislation-bresilienne-et-europeenne\\\/\",\"name\":\"Qui peut occuper le poste de DPO en vertu de la l\u00e9gislation br\u00e9silienne et europ\u00e9enne ? | GTLawyers | Escrit\u00f3rio boutique full-service\",\"isPartOf\":{\"@id\":\"https:\\\/\\\/www.gtlawyers.com.br\\\/#website\"},\"datePublished\":\"2025-03-28T18:59:04+00:00\",\"dateModified\":\"2025-03-28T18:59:06+00:00\",\"breadcrumb\":{\"@id\":\"https:\\\/\\\/www.gtlawyers.com.br\\\/noticia\\\/qui-peut-occuper-le-poste-de-dpo-en-vertu-de-la-legislation-bresilienne-et-europeenne\\\/#breadcrumb\"},\"inLanguage\":\"en-US\",\"potentialAction\":[{\"@type\":\"ReadAction\",\"target\":[\"https:\\\/\\\/www.gtlawyers.com.br\\\/noticia\\\/qui-peut-occuper-le-poste-de-dpo-en-vertu-de-la-legislation-bresilienne-et-europeenne\\\/\"]}]},{\"@type\":\"BreadcrumbList\",\"@id\":\"https:\\\/\\\/www.gtlawyers.com.br\\\/noticia\\\/qui-peut-occuper-le-poste-de-dpo-en-vertu-de-la-legislation-bresilienne-et-europeenne\\\/#breadcrumb\",\"itemListElement\":[{\"@type\":\"ListItem\",\"position\":1,\"name\":\"In\u00edcio\",\"item\":\"https:\\\/\\\/www.gtlawyers.com.br\\\/\"},{\"@type\":\"ListItem\",\"position\":2,\"name\":\"Qui peut occuper le poste de DPO en vertu de la l\u00e9gislation br\u00e9silienne et europ\u00e9enne ?\"}]},{\"@type\":\"WebSite\",\"@id\":\"https:\\\/\\\/www.gtlawyers.com.br\\\/#website\",\"url\":\"https:\\\/\\\/www.gtlawyers.com.br\\\/\",\"name\":\"GTLawyers | Escrit\u00f3rio boutique full-service\",\"description\":\"Escrit\u00f3rio de advocacia franco-brasileiro para empresas especializado em M&amp;A, direito societ\u00e1rio, tribut\u00e1rio, imobili\u00e1rio, contencioso e compliance\",\"publisher\":{\"@id\":\"https:\\\/\\\/www.gtlawyers.com.br\\\/#organization\"},\"alternateName\":\"GTLawyers\",\"potentialAction\":[{\"@type\":\"SearchAction\",\"target\":{\"@type\":\"EntryPoint\",\"urlTemplate\":\"https:\\\/\\\/www.gtlawyers.com.br\\\/?s={search_term_string}\"},\"query-input\":{\"@type\":\"PropertyValueSpecification\",\"valueRequired\":true,\"valueName\":\"search_term_string\"}}],\"inLanguage\":\"en-US\"},{\"@type\":\"Organization\",\"@id\":\"https:\\\/\\\/www.gtlawyers.com.br\\\/#organization\",\"name\":\"GTLawyers - Escrit\u00f3rio boutique full-service\",\"url\":\"https:\\\/\\\/www.gtlawyers.com.br\\\/\",\"logo\":{\"@type\":\"ImageObject\",\"inLanguage\":\"en-US\",\"@id\":\"https:\\\/\\\/www.gtlawyers.com.br\\\/#\\\/schema\\\/logo\\\/image\\\/\",\"url\":\"https:\\\/\\\/www.gtlawyers.com.br\\\/site\\\/wp-content\\\/uploads\\\/image-3.png\",\"contentUrl\":\"https:\\\/\\\/www.gtlawyers.com.br\\\/site\\\/wp-content\\\/uploads\\\/image-3.png\",\"width\":166,\"height\":44,\"caption\":\"GTLawyers - Escrit\u00f3rio boutique full-service\"},\"image\":{\"@id\":\"https:\\\/\\\/www.gtlawyers.com.br\\\/#\\\/schema\\\/logo\\\/image\\\/\"},\"sameAs\":[\"https:\\\/\\\/www.linkedin.com\\\/company\\\/gtlawyers\\\/mycompany\\\/\"]},{\"@type\":\"Person\",\"@id\":\"https:\\\/\\\/www.gtlawyers.com.br\\\/#\\\/schema\\\/person\\\/ddacb191167435332fe1305a7c77274f\",\"name\":\"Felipe Nascimento\",\"image\":{\"@type\":\"ImageObject\",\"inLanguage\":\"en-US\",\"@id\":\"https:\\\/\\\/secure.gravatar.com\\\/avatar\\\/99b2fc11283f57cb70c409ae58fd3f3e83dfe5f33ff50bf649361b2d7e2240e0?s=96&d=mm&r=g\",\"url\":\"https:\\\/\\\/secure.gravatar.com\\\/avatar\\\/99b2fc11283f57cb70c409ae58fd3f3e83dfe5f33ff50bf649361b2d7e2240e0?s=96&d=mm&r=g\",\"contentUrl\":\"https:\\\/\\\/secure.gravatar.com\\\/avatar\\\/99b2fc11283f57cb70c409ae58fd3f3e83dfe5f33ff50bf649361b2d7e2240e0?s=96&d=mm&r=g\",\"caption\":\"Felipe Nascimento\"},\"url\":\"https:\\\/\\\/www.gtlawyers.com.br\\\/en\\\/author\\\/felipe\\\/\"}]}<\/script>\n<!-- \/ Yoast SEO plugin. -->","yoast_head_json":{"title":"Qui peut occuper le poste de DPO en vertu de la l\u00e9gislation br\u00e9silienne et europ\u00e9enne ? | GTLawyers | Escrit\u00f3rio boutique full-service","robots":{"index":"index","follow":"follow","max-snippet":"max-snippet:-1","max-image-preview":"max-image-preview:large","max-video-preview":"max-video-preview:-1"},"canonical":"https:\/\/www.gtlawyers.com.br\/en\/noticia\/qui-peut-occuper-le-poste-de-dpo-en-vertu-de-la-legislation-bresilienne-et-europeenne\/","og_locale":"en_US","og_type":"article","og_title":"Qui peut occuper le poste de DPO en vertu de la l\u00e9gislation br\u00e9silienne et europ\u00e9enne ? | GTLawyers | Escrit\u00f3rio boutique full-service","og_description":"Le Responsable de la protection des donn\u00e9es, \u00e9galement connu sous le nom de&nbsp;Data Protection Officer&nbsp;(DPO), est une fonction \u00e9tablie \u00e0 la fois par la l\u00e9gislation br\u00e9silienne (Loi G\u00e9n\u00e9rale sur la Protection des Donn\u00e9es &#8211; &#8220;LGPD&#8221;) et par la l\u00e9gislation europ\u00e9enne (R\u00e8glement G\u00e9n\u00e9ral sur la Protection des Donn\u00e9es &#8211; &#8220;RGPD&#8221;). Les deux lois ont leurs propres [&hellip;]","og_url":"https:\/\/www.gtlawyers.com.br\/en\/noticia\/qui-peut-occuper-le-poste-de-dpo-en-vertu-de-la-legislation-bresilienne-et-europeenne\/","og_site_name":"GTLawyers | Escrit\u00f3rio boutique full-service","article_published_time":"2025-03-28T18:59:04+00:00","article_modified_time":"2025-03-28T18:59:06+00:00","author":"Felipe Nascimento","twitter_card":"summary_large_image","twitter_misc":{"Written by":"Felipe Nascimento","Est. reading time":"11 minutes"},"schema":{"@context":"https:\/\/schema.org","@graph":[{"@type":"Article","@id":"https:\/\/www.gtlawyers.com.br\/noticia\/qui-peut-occuper-le-poste-de-dpo-en-vertu-de-la-legislation-bresilienne-et-europeenne\/#article","isPartOf":{"@id":"https:\/\/www.gtlawyers.com.br\/noticia\/qui-peut-occuper-le-poste-de-dpo-en-vertu-de-la-legislation-bresilienne-et-europeenne\/"},"author":{"name":"Felipe Nascimento","@id":"https:\/\/www.gtlawyers.com.br\/#\/schema\/person\/ddacb191167435332fe1305a7c77274f"},"headline":"Qui peut occuper le poste de DPO en vertu de la l\u00e9gislation br\u00e9silienne et europ\u00e9enne ?","datePublished":"2025-03-28T18:59:04+00:00","dateModified":"2025-03-28T18:59:06+00:00","mainEntityOfPage":{"@id":"https:\/\/www.gtlawyers.com.br\/noticia\/qui-peut-occuper-le-poste-de-dpo-en-vertu-de-la-legislation-bresilienne-et-europeenne\/"},"wordCount":2225,"commentCount":0,"publisher":{"@id":"https:\/\/www.gtlawyers.com.br\/#organization"},"articleSection":["News"],"inLanguage":"en-US","potentialAction":[{"@type":"CommentAction","name":"Comment","target":["https:\/\/www.gtlawyers.com.br\/noticia\/qui-peut-occuper-le-poste-de-dpo-en-vertu-de-la-legislation-bresilienne-et-europeenne\/#respond"]}]},{"@type":"WebPage","@id":"https:\/\/www.gtlawyers.com.br\/noticia\/qui-peut-occuper-le-poste-de-dpo-en-vertu-de-la-legislation-bresilienne-et-europeenne\/","url":"https:\/\/www.gtlawyers.com.br\/noticia\/qui-peut-occuper-le-poste-de-dpo-en-vertu-de-la-legislation-bresilienne-et-europeenne\/","name":"Qui peut occuper le poste de DPO en vertu de la l\u00e9gislation br\u00e9silienne et europ\u00e9enne ? | GTLawyers | Escrit\u00f3rio boutique full-service","isPartOf":{"@id":"https:\/\/www.gtlawyers.com.br\/#website"},"datePublished":"2025-03-28T18:59:04+00:00","dateModified":"2025-03-28T18:59:06+00:00","breadcrumb":{"@id":"https:\/\/www.gtlawyers.com.br\/noticia\/qui-peut-occuper-le-poste-de-dpo-en-vertu-de-la-legislation-bresilienne-et-europeenne\/#breadcrumb"},"inLanguage":"en-US","potentialAction":[{"@type":"ReadAction","target":["https:\/\/www.gtlawyers.com.br\/noticia\/qui-peut-occuper-le-poste-de-dpo-en-vertu-de-la-legislation-bresilienne-et-europeenne\/"]}]},{"@type":"BreadcrumbList","@id":"https:\/\/www.gtlawyers.com.br\/noticia\/qui-peut-occuper-le-poste-de-dpo-en-vertu-de-la-legislation-bresilienne-et-europeenne\/#breadcrumb","itemListElement":[{"@type":"ListItem","position":1,"name":"In\u00edcio","item":"https:\/\/www.gtlawyers.com.br\/"},{"@type":"ListItem","position":2,"name":"Qui peut occuper le poste de DPO en vertu de la l\u00e9gislation br\u00e9silienne et europ\u00e9enne ?"}]},{"@type":"WebSite","@id":"https:\/\/www.gtlawyers.com.br\/#website","url":"https:\/\/www.gtlawyers.com.br\/","name":"GTLawyers | Escrit\u00f3rio boutique full-service","description":"Escrit\u00f3rio de advocacia franco-brasileiro para empresas especializado em M&amp;A, direito societ\u00e1rio, tribut\u00e1rio, imobili\u00e1rio, contencioso e compliance","publisher":{"@id":"https:\/\/www.gtlawyers.com.br\/#organization"},"alternateName":"GTLawyers","potentialAction":[{"@type":"SearchAction","target":{"@type":"EntryPoint","urlTemplate":"https:\/\/www.gtlawyers.com.br\/?s={search_term_string}"},"query-input":{"@type":"PropertyValueSpecification","valueRequired":true,"valueName":"search_term_string"}}],"inLanguage":"en-US"},{"@type":"Organization","@id":"https:\/\/www.gtlawyers.com.br\/#organization","name":"GTLawyers - Escrit\u00f3rio boutique full-service","url":"https:\/\/www.gtlawyers.com.br\/","logo":{"@type":"ImageObject","inLanguage":"en-US","@id":"https:\/\/www.gtlawyers.com.br\/#\/schema\/logo\/image\/","url":"https:\/\/www.gtlawyers.com.br\/site\/wp-content\/uploads\/image-3.png","contentUrl":"https:\/\/www.gtlawyers.com.br\/site\/wp-content\/uploads\/image-3.png","width":166,"height":44,"caption":"GTLawyers - Escrit\u00f3rio boutique full-service"},"image":{"@id":"https:\/\/www.gtlawyers.com.br\/#\/schema\/logo\/image\/"},"sameAs":["https:\/\/www.linkedin.com\/company\/gtlawyers\/mycompany\/"]},{"@type":"Person","@id":"https:\/\/www.gtlawyers.com.br\/#\/schema\/person\/ddacb191167435332fe1305a7c77274f","name":"Felipe Nascimento","image":{"@type":"ImageObject","inLanguage":"en-US","@id":"https:\/\/secure.gravatar.com\/avatar\/99b2fc11283f57cb70c409ae58fd3f3e83dfe5f33ff50bf649361b2d7e2240e0?s=96&d=mm&r=g","url":"https:\/\/secure.gravatar.com\/avatar\/99b2fc11283f57cb70c409ae58fd3f3e83dfe5f33ff50bf649361b2d7e2240e0?s=96&d=mm&r=g","contentUrl":"https:\/\/secure.gravatar.com\/avatar\/99b2fc11283f57cb70c409ae58fd3f3e83dfe5f33ff50bf649361b2d7e2240e0?s=96&d=mm&r=g","caption":"Felipe Nascimento"},"url":"https:\/\/www.gtlawyers.com.br\/en\/author\/felipe\/"}]}},"_links":{"self":[{"href":"https:\/\/www.gtlawyers.com.br\/en\/wp-json\/wp\/v2\/posts\/1497","targetHints":{"allow":["GET"]}}],"collection":[{"href":"https:\/\/www.gtlawyers.com.br\/en\/wp-json\/wp\/v2\/posts"}],"about":[{"href":"https:\/\/www.gtlawyers.com.br\/en\/wp-json\/wp\/v2\/types\/post"}],"author":[{"embeddable":true,"href":"https:\/\/www.gtlawyers.com.br\/en\/wp-json\/wp\/v2\/users\/5"}],"replies":[{"embeddable":true,"href":"https:\/\/www.gtlawyers.com.br\/en\/wp-json\/wp\/v2\/comments?post=1497"}],"version-history":[{"count":1,"href":"https:\/\/www.gtlawyers.com.br\/en\/wp-json\/wp\/v2\/posts\/1497\/revisions"}],"predecessor-version":[{"id":1498,"href":"https:\/\/www.gtlawyers.com.br\/en\/wp-json\/wp\/v2\/posts\/1497\/revisions\/1498"}],"wp:attachment":[{"href":"https:\/\/www.gtlawyers.com.br\/en\/wp-json\/wp\/v2\/media?parent=1497"}],"wp:term":[{"taxonomy":"category","embeddable":true,"href":"https:\/\/www.gtlawyers.com.br\/en\/wp-json\/wp\/v2\/categories?post=1497"},{"taxonomy":"post_tag","embeddable":true,"href":"https:\/\/www.gtlawyers.com.br\/en\/wp-json\/wp\/v2\/tags?post=1497"}],"curies":[{"name":"wp","href":"https:\/\/api.w.org\/{rel}","templated":true}]}}