{"id":1534,"date":"2025-06-17T10:03:24","date_gmt":"2025-06-17T13:03:24","guid":{"rendered":"https:\/\/www.gtlawyers.com.br\/?p=1534"},"modified":"2025-08-05T14:58:11","modified_gmt":"2025-08-05T17:58:11","slug":"tamy-tanzilli-participou-como-palestrante-no-evento-organizado-pela-c-law-experience","status":"publish","type":"post","link":"https:\/\/www.gtlawyers.com.br\/en\/noticia\/tamy-tanzilli-participou-como-palestrante-no-evento-organizado-pela-c-law-experience\/","title":{"rendered":"Tamy Tanzilli participated as a speaker at the event organized by C Law Experience"},"content":{"rendered":"<p>Today, our founding partner, Tamy Tanzilli, participated as a speaker at the event organized by C Law Experience. The presentation addressed the topic: \"Leadership that Generates Business: The Strategic Role of Partners in Creating New Opportunities\", a highly relevant discussion for the contemporary legal landscape.<\/p>\n\n\n\n<figure class=\"wp-block-image size-full\"><img loading=\"lazy\" decoding=\"async\" width=\"861\" height=\"882\" src=\"https:\/\/www.gtlawyers.com.br\/site\/wp-content\/uploads\/claw2.png\" alt=\"\" class=\"wp-image-1536\" srcset=\"https:\/\/www.gtlawyers.com.br\/site\/wp-content\/uploads\/claw2.png 861w, https:\/\/www.gtlawyers.com.br\/site\/wp-content\/uploads\/claw2-293x300.png 293w, https:\/\/www.gtlawyers.com.br\/site\/wp-content\/uploads\/claw2-146x150.png 146w, https:\/\/www.gtlawyers.com.br\/site\/wp-content\/uploads\/claw2-768x787.png 768w, https:\/\/www.gtlawyers.com.br\/site\/wp-content\/uploads\/claw2-12x12.png 12w\" sizes=\"auto, (max-width: 861px) 100vw, 861px\" \/><\/figure>\n\n\n\n<p>During her speech, Tamy emphasized the importance of proactive leadership and strategic vision for the development of new business and the growth of law firms.&nbsp;<\/p>\n\n\n\n<p>We thank C Law Experience for organizing the event and the participants for their engagement.<\/p>\n\n\n\n<figure class=\"wp-block-image size-large\"><img loading=\"lazy\" decoding=\"async\" width=\"1024\" height=\"874\" src=\"https:\/\/www.gtlawyers.com.br\/site\/wp-content\/uploads\/claw1-1024x874.png\" alt=\"\" class=\"wp-image-1535\" srcset=\"https:\/\/www.gtlawyers.com.br\/site\/wp-content\/uploads\/claw1-1024x874.png 1024w, https:\/\/www.gtlawyers.com.br\/site\/wp-content\/uploads\/claw1-300x256.png 300w, https:\/\/www.gtlawyers.com.br\/site\/wp-content\/uploads\/claw1-150x128.png 150w, https:\/\/www.gtlawyers.com.br\/site\/wp-content\/uploads\/claw1-768x656.png 768w, https:\/\/www.gtlawyers.com.br\/site\/wp-content\/uploads\/claw1-14x12.png 14w, https:\/\/www.gtlawyers.com.br\/site\/wp-content\/uploads\/claw1.png 1148w\" sizes=\"auto, (max-width: 1024px) 100vw, 1024px\" \/><\/figure>","protected":false},"excerpt":{"rendered":"<p>Hoje, nossa s\u00f3cia fundadora&nbsp;Tamy Tanzilli participou como palestrante no evento organizado pela C Law Experience. A apresenta\u00e7\u00e3o abordou o tema &#8220;Lideran\u00e7a que gera Neg\u00f3cios: o papel estrat\u00e9gico dos s\u00f3cios na constru\u00e7\u00e3o de novas oportunidades&#8221;, um debate relevante para o cen\u00e1rio jur\u00eddico&nbsp;contempor\u00e2neo. Durante a palestra, Tamy&nbsp;discorreu sobre a import\u00e2ncia da lideran\u00e7a proativa e da vis\u00e3o estrat\u00e9gica [&hellip;]<\/p>\n","protected":false},"author":5,"featured_media":1536,"comment_status":"open","ping_status":"open","sticky":false,"template":"","format":"standard","meta":{"_acf_changed":false,"footnotes":""},"categories":[7],"tags":[],"class_list":["post-1534","post","type-post","status-publish","format-standard","has-post-thumbnail","hentry","category-noticia"],"acf":[],"yoast_head":"<!-- This site is optimized with the Yoast SEO plugin v27.5 - https:\/\/yoast.com\/product\/yoast-seo-wordpress\/ -->\n<title>Tamy Tanzilli participou como palestrante no evento organizado pela C Law Experience | GTLawyers | Escrit\u00f3rio boutique full-service<\/title>\n<meta name=\"robots\" content=\"index, follow, max-snippet:-1, max-image-preview:large, max-video-preview:-1\" \/>\n<link rel=\"canonical\" href=\"https:\/\/www.gtlawyers.com.br\/en\/noticia\/tamy-tanzilli-participou-como-palestrante-no-evento-organizado-pela-c-law-experience\/\" \/>\n<meta property=\"og:locale\" content=\"en_US\" \/>\n<meta property=\"og:type\" content=\"article\" \/>\n<meta property=\"og:title\" content=\"Tamy Tanzilli participou como palestrante no evento organizado pela C Law Experience | GTLawyers | Escrit\u00f3rio boutique full-service\" \/>\n<meta property=\"og:description\" content=\"Hoje, nossa s\u00f3cia fundadora&nbsp;Tamy Tanzilli participou como palestrante no evento organizado pela C Law Experience. A apresenta\u00e7\u00e3o abordou o tema &#8220;Lideran\u00e7a que gera Neg\u00f3cios: o papel estrat\u00e9gico dos s\u00f3cios na constru\u00e7\u00e3o de novas oportunidades&#8221;, um debate relevante para o cen\u00e1rio jur\u00eddico&nbsp;contempor\u00e2neo. Durante a palestra, Tamy&nbsp;discorreu sobre a import\u00e2ncia da lideran\u00e7a proativa e da vis\u00e3o estrat\u00e9gica [&hellip;]\" \/>\n<meta property=\"og:url\" content=\"https:\/\/www.gtlawyers.com.br\/en\/noticia\/tamy-tanzilli-participou-como-palestrante-no-evento-organizado-pela-c-law-experience\/\" \/>\n<meta property=\"og:site_name\" content=\"GTLawyers | Escrit\u00f3rio boutique full-service\" \/>\n<meta property=\"article:published_time\" content=\"2025-06-17T13:03:24+00:00\" \/>\n<meta property=\"article:modified_time\" content=\"2025-08-05T17:58:11+00:00\" \/>\n<meta property=\"og:image\" content=\"https:\/\/www.gtlawyers.com.br\/site\/wp-content\/uploads\/claw2.png\" \/>\n\t<meta property=\"og:image:width\" content=\"861\" \/>\n\t<meta property=\"og:image:height\" content=\"882\" \/>\n\t<meta property=\"og:image:type\" content=\"image\/png\" \/>\n<meta name=\"author\" content=\"Felipe Nascimento\" \/>\n<meta name=\"twitter:card\" content=\"summary_large_image\" \/>\n<meta name=\"twitter:label1\" content=\"Written by\" \/>\n\t<meta name=\"twitter:data1\" content=\"Felipe Nascimento\" \/>\n\t<meta name=\"twitter:label2\" content=\"Est. reading time\" \/>\n\t<meta name=\"twitter:data2\" content=\"2 minutes\" \/>\n<script type=\"application\/ld+json\" class=\"yoast-schema-graph\">{\"@context\":\"https:\\\/\\\/schema.org\",\"@graph\":[{\"@type\":\"Article\",\"@id\":\"https:\\\/\\\/www.gtlawyers.com.br\\\/noticia\\\/tamy-tanzilli-participou-como-palestrante-no-evento-organizado-pela-c-law-experience\\\/#article\",\"isPartOf\":{\"@id\":\"https:\\\/\\\/www.gtlawyers.com.br\\\/noticia\\\/tamy-tanzilli-participou-como-palestrante-no-evento-organizado-pela-c-law-experience\\\/\"},\"author\":{\"name\":\"Felipe Nascimento\",\"@id\":\"https:\\\/\\\/www.gtlawyers.com.br\\\/#\\\/schema\\\/person\\\/ddacb191167435332fe1305a7c77274f\"},\"headline\":\"Tamy Tanzilli participou como palestrante no evento organizado pela C Law Experience\",\"datePublished\":\"2025-06-17T13:03:24+00:00\",\"dateModified\":\"2025-08-05T17:58:11+00:00\",\"mainEntityOfPage\":{\"@id\":\"https:\\\/\\\/www.gtlawyers.com.br\\\/noticia\\\/tamy-tanzilli-participou-como-palestrante-no-evento-organizado-pela-c-law-experience\\\/\"},\"wordCount\":117,\"commentCount\":0,\"publisher\":{\"@id\":\"https:\\\/\\\/www.gtlawyers.com.br\\\/#organization\"},\"image\":{\"@id\":\"https:\\\/\\\/www.gtlawyers.com.br\\\/noticia\\\/tamy-tanzilli-participou-como-palestrante-no-evento-organizado-pela-c-law-experience\\\/#primaryimage\"},\"thumbnailUrl\":\"https:\\\/\\\/www.gtlawyers.com.br\\\/site\\\/wp-content\\\/uploads\\\/claw2.png\",\"articleSection\":[\"News\"],\"inLanguage\":\"en-US\",\"potentialAction\":[{\"@type\":\"CommentAction\",\"name\":\"Comment\",\"target\":[\"https:\\\/\\\/www.gtlawyers.com.br\\\/noticia\\\/tamy-tanzilli-participou-como-palestrante-no-evento-organizado-pela-c-law-experience\\\/#respond\"]}]},{\"@type\":\"WebPage\",\"@id\":\"https:\\\/\\\/www.gtlawyers.com.br\\\/noticia\\\/tamy-tanzilli-participou-como-palestrante-no-evento-organizado-pela-c-law-experience\\\/\",\"url\":\"https:\\\/\\\/www.gtlawyers.com.br\\\/noticia\\\/tamy-tanzilli-participou-como-palestrante-no-evento-organizado-pela-c-law-experience\\\/\",\"name\":\"Tamy Tanzilli participou como palestrante no evento organizado pela C Law Experience | GTLawyers | Escrit\u00f3rio boutique full-service\",\"isPartOf\":{\"@id\":\"https:\\\/\\\/www.gtlawyers.com.br\\\/#website\"},\"primaryImageOfPage\":{\"@id\":\"https:\\\/\\\/www.gtlawyers.com.br\\\/noticia\\\/tamy-tanzilli-participou-como-palestrante-no-evento-organizado-pela-c-law-experience\\\/#primaryimage\"},\"image\":{\"@id\":\"https:\\\/\\\/www.gtlawyers.com.br\\\/noticia\\\/tamy-tanzilli-participou-como-palestrante-no-evento-organizado-pela-c-law-experience\\\/#primaryimage\"},\"thumbnailUrl\":\"https:\\\/\\\/www.gtlawyers.com.br\\\/site\\\/wp-content\\\/uploads\\\/claw2.png\",\"datePublished\":\"2025-06-17T13:03:24+00:00\",\"dateModified\":\"2025-08-05T17:58:11+00:00\",\"breadcrumb\":{\"@id\":\"https:\\\/\\\/www.gtlawyers.com.br\\\/noticia\\\/tamy-tanzilli-participou-como-palestrante-no-evento-organizado-pela-c-law-experience\\\/#breadcrumb\"},\"inLanguage\":\"en-US\",\"potentialAction\":[{\"@type\":\"ReadAction\",\"target\":[\"https:\\\/\\\/www.gtlawyers.com.br\\\/noticia\\\/tamy-tanzilli-participou-como-palestrante-no-evento-organizado-pela-c-law-experience\\\/\"]}]},{\"@type\":\"ImageObject\",\"inLanguage\":\"en-US\",\"@id\":\"https:\\\/\\\/www.gtlawyers.com.br\\\/noticia\\\/tamy-tanzilli-participou-como-palestrante-no-evento-organizado-pela-c-law-experience\\\/#primaryimage\",\"url\":\"https:\\\/\\\/www.gtlawyers.com.br\\\/site\\\/wp-content\\\/uploads\\\/claw2.png\",\"contentUrl\":\"https:\\\/\\\/www.gtlawyers.com.br\\\/site\\\/wp-content\\\/uploads\\\/claw2.png\",\"width\":861,\"height\":882},{\"@type\":\"BreadcrumbList\",\"@id\":\"https:\\\/\\\/www.gtlawyers.com.br\\\/noticia\\\/tamy-tanzilli-participou-como-palestrante-no-evento-organizado-pela-c-law-experience\\\/#breadcrumb\",\"itemListElement\":[{\"@type\":\"ListItem\",\"position\":1,\"name\":\"In\u00edcio\",\"item\":\"https:\\\/\\\/www.gtlawyers.com.br\\\/\"},{\"@type\":\"ListItem\",\"position\":2,\"name\":\"Tamy Tanzilli participou como palestrante no evento organizado pela C Law Experience\"}]},{\"@type\":\"WebSite\",\"@id\":\"https:\\\/\\\/www.gtlawyers.com.br\\\/#website\",\"url\":\"https:\\\/\\\/www.gtlawyers.com.br\\\/\",\"name\":\"GTLawyers | Escrit\u00f3rio boutique full-service\",\"description\":\"Escrit\u00f3rio de advocacia franco-brasileiro para empresas especializado em M&amp;A, direito societ\u00e1rio, tribut\u00e1rio, imobili\u00e1rio, contencioso e compliance\",\"publisher\":{\"@id\":\"https:\\\/\\\/www.gtlawyers.com.br\\\/#organization\"},\"alternateName\":\"GTLawyers\",\"potentialAction\":[{\"@type\":\"SearchAction\",\"target\":{\"@type\":\"EntryPoint\",\"urlTemplate\":\"https:\\\/\\\/www.gtlawyers.com.br\\\/?s={search_term_string}\"},\"query-input\":{\"@type\":\"PropertyValueSpecification\",\"valueRequired\":true,\"valueName\":\"search_term_string\"}}],\"inLanguage\":\"en-US\"},{\"@type\":\"Organization\",\"@id\":\"https:\\\/\\\/www.gtlawyers.com.br\\\/#organization\",\"name\":\"GTLawyers - Escrit\u00f3rio boutique full-service\",\"url\":\"https:\\\/\\\/www.gtlawyers.com.br\\\/\",\"logo\":{\"@type\":\"ImageObject\",\"inLanguage\":\"en-US\",\"@id\":\"https:\\\/\\\/www.gtlawyers.com.br\\\/#\\\/schema\\\/logo\\\/image\\\/\",\"url\":\"https:\\\/\\\/www.gtlawyers.com.br\\\/site\\\/wp-content\\\/uploads\\\/image-3.png\",\"contentUrl\":\"https:\\\/\\\/www.gtlawyers.com.br\\\/site\\\/wp-content\\\/uploads\\\/image-3.png\",\"width\":166,\"height\":44,\"caption\":\"GTLawyers - Escrit\u00f3rio boutique full-service\"},\"image\":{\"@id\":\"https:\\\/\\\/www.gtlawyers.com.br\\\/#\\\/schema\\\/logo\\\/image\\\/\"},\"sameAs\":[\"https:\\\/\\\/www.linkedin.com\\\/company\\\/gtlawyers\\\/mycompany\\\/\"]},{\"@type\":\"Person\",\"@id\":\"https:\\\/\\\/www.gtlawyers.com.br\\\/#\\\/schema\\\/person\\\/ddacb191167435332fe1305a7c77274f\",\"name\":\"Felipe Nascimento\",\"image\":{\"@type\":\"ImageObject\",\"inLanguage\":\"en-US\",\"@id\":\"https:\\\/\\\/secure.gravatar.com\\\/avatar\\\/99b2fc11283f57cb70c409ae58fd3f3e83dfe5f33ff50bf649361b2d7e2240e0?s=96&d=mm&r=g\",\"url\":\"https:\\\/\\\/secure.gravatar.com\\\/avatar\\\/99b2fc11283f57cb70c409ae58fd3f3e83dfe5f33ff50bf649361b2d7e2240e0?s=96&d=mm&r=g\",\"contentUrl\":\"https:\\\/\\\/secure.gravatar.com\\\/avatar\\\/99b2fc11283f57cb70c409ae58fd3f3e83dfe5f33ff50bf649361b2d7e2240e0?s=96&d=mm&r=g\",\"caption\":\"Felipe Nascimento\"},\"url\":\"https:\\\/\\\/www.gtlawyers.com.br\\\/en\\\/author\\\/felipe\\\/\"}]}<\/script>\n<!-- \/ Yoast SEO plugin. -->","yoast_head_json":{"title":"Tamy Tanzilli participou como palestrante no evento organizado pela C Law Experience | GTLawyers | Escrit\u00f3rio boutique full-service","robots":{"index":"index","follow":"follow","max-snippet":"max-snippet:-1","max-image-preview":"max-image-preview:large","max-video-preview":"max-video-preview:-1"},"canonical":"https:\/\/www.gtlawyers.com.br\/en\/noticia\/tamy-tanzilli-participou-como-palestrante-no-evento-organizado-pela-c-law-experience\/","og_locale":"en_US","og_type":"article","og_title":"Tamy Tanzilli participou como palestrante no evento organizado pela C Law Experience | GTLawyers | Escrit\u00f3rio boutique full-service","og_description":"Hoje, nossa s\u00f3cia fundadora&nbsp;Tamy Tanzilli participou como palestrante no evento organizado pela C Law Experience. A apresenta\u00e7\u00e3o abordou o tema &#8220;Lideran\u00e7a que gera Neg\u00f3cios: o papel estrat\u00e9gico dos s\u00f3cios na constru\u00e7\u00e3o de novas oportunidades&#8221;, um debate relevante para o cen\u00e1rio jur\u00eddico&nbsp;contempor\u00e2neo. Durante a palestra, Tamy&nbsp;discorreu sobre a import\u00e2ncia da lideran\u00e7a proativa e da vis\u00e3o estrat\u00e9gica [&hellip;]","og_url":"https:\/\/www.gtlawyers.com.br\/en\/noticia\/tamy-tanzilli-participou-como-palestrante-no-evento-organizado-pela-c-law-experience\/","og_site_name":"GTLawyers | Escrit\u00f3rio boutique full-service","article_published_time":"2025-06-17T13:03:24+00:00","article_modified_time":"2025-08-05T17:58:11+00:00","og_image":[{"width":861,"height":882,"url":"https:\/\/www.gtlawyers.com.br\/site\/wp-content\/uploads\/claw2.png","type":"image\/png"}],"author":"Felipe Nascimento","twitter_card":"summary_large_image","twitter_misc":{"Written by":"Felipe Nascimento","Est. reading time":"2 minutes"},"schema":{"@context":"https:\/\/schema.org","@graph":[{"@type":"Article","@id":"https:\/\/www.gtlawyers.com.br\/noticia\/tamy-tanzilli-participou-como-palestrante-no-evento-organizado-pela-c-law-experience\/#article","isPartOf":{"@id":"https:\/\/www.gtlawyers.com.br\/noticia\/tamy-tanzilli-participou-como-palestrante-no-evento-organizado-pela-c-law-experience\/"},"author":{"name":"Felipe Nascimento","@id":"https:\/\/www.gtlawyers.com.br\/#\/schema\/person\/ddacb191167435332fe1305a7c77274f"},"headline":"Tamy Tanzilli participou como palestrante no evento organizado pela C Law Experience","datePublished":"2025-06-17T13:03:24+00:00","dateModified":"2025-08-05T17:58:11+00:00","mainEntityOfPage":{"@id":"https:\/\/www.gtlawyers.com.br\/noticia\/tamy-tanzilli-participou-como-palestrante-no-evento-organizado-pela-c-law-experience\/"},"wordCount":117,"commentCount":0,"publisher":{"@id":"https:\/\/www.gtlawyers.com.br\/#organization"},"image":{"@id":"https:\/\/www.gtlawyers.com.br\/noticia\/tamy-tanzilli-participou-como-palestrante-no-evento-organizado-pela-c-law-experience\/#primaryimage"},"thumbnailUrl":"https:\/\/www.gtlawyers.com.br\/site\/wp-content\/uploads\/claw2.png","articleSection":["News"],"inLanguage":"en-US","potentialAction":[{"@type":"CommentAction","name":"Comment","target":["https:\/\/www.gtlawyers.com.br\/noticia\/tamy-tanzilli-participou-como-palestrante-no-evento-organizado-pela-c-law-experience\/#respond"]}]},{"@type":"WebPage","@id":"https:\/\/www.gtlawyers.com.br\/noticia\/tamy-tanzilli-participou-como-palestrante-no-evento-organizado-pela-c-law-experience\/","url":"https:\/\/www.gtlawyers.com.br\/noticia\/tamy-tanzilli-participou-como-palestrante-no-evento-organizado-pela-c-law-experience\/","name":"Tamy Tanzilli participou como palestrante no evento organizado pela C Law Experience | GTLawyers | Escrit\u00f3rio boutique full-service","isPartOf":{"@id":"https:\/\/www.gtlawyers.com.br\/#website"},"primaryImageOfPage":{"@id":"https:\/\/www.gtlawyers.com.br\/noticia\/tamy-tanzilli-participou-como-palestrante-no-evento-organizado-pela-c-law-experience\/#primaryimage"},"image":{"@id":"https:\/\/www.gtlawyers.com.br\/noticia\/tamy-tanzilli-participou-como-palestrante-no-evento-organizado-pela-c-law-experience\/#primaryimage"},"thumbnailUrl":"https:\/\/www.gtlawyers.com.br\/site\/wp-content\/uploads\/claw2.png","datePublished":"2025-06-17T13:03:24+00:00","dateModified":"2025-08-05T17:58:11+00:00","breadcrumb":{"@id":"https:\/\/www.gtlawyers.com.br\/noticia\/tamy-tanzilli-participou-como-palestrante-no-evento-organizado-pela-c-law-experience\/#breadcrumb"},"inLanguage":"en-US","potentialAction":[{"@type":"ReadAction","target":["https:\/\/www.gtlawyers.com.br\/noticia\/tamy-tanzilli-participou-como-palestrante-no-evento-organizado-pela-c-law-experience\/"]}]},{"@type":"ImageObject","inLanguage":"en-US","@id":"https:\/\/www.gtlawyers.com.br\/noticia\/tamy-tanzilli-participou-como-palestrante-no-evento-organizado-pela-c-law-experience\/#primaryimage","url":"https:\/\/www.gtlawyers.com.br\/site\/wp-content\/uploads\/claw2.png","contentUrl":"https:\/\/www.gtlawyers.com.br\/site\/wp-content\/uploads\/claw2.png","width":861,"height":882},{"@type":"BreadcrumbList","@id":"https:\/\/www.gtlawyers.com.br\/noticia\/tamy-tanzilli-participou-como-palestrante-no-evento-organizado-pela-c-law-experience\/#breadcrumb","itemListElement":[{"@type":"ListItem","position":1,"name":"In\u00edcio","item":"https:\/\/www.gtlawyers.com.br\/"},{"@type":"ListItem","position":2,"name":"Tamy Tanzilli participou como palestrante no evento organizado pela C Law Experience"}]},{"@type":"WebSite","@id":"https:\/\/www.gtlawyers.com.br\/#website","url":"https:\/\/www.gtlawyers.com.br\/","name":"GTLawyers | Escrit\u00f3rio boutique full-service","description":"Escrit\u00f3rio de advocacia franco-brasileiro para empresas especializado em M&amp;A, direito societ\u00e1rio, tribut\u00e1rio, imobili\u00e1rio, contencioso e compliance","publisher":{"@id":"https:\/\/www.gtlawyers.com.br\/#organization"},"alternateName":"GTLawyers","potentialAction":[{"@type":"SearchAction","target":{"@type":"EntryPoint","urlTemplate":"https:\/\/www.gtlawyers.com.br\/?s={search_term_string}"},"query-input":{"@type":"PropertyValueSpecification","valueRequired":true,"valueName":"search_term_string"}}],"inLanguage":"en-US"},{"@type":"Organization","@id":"https:\/\/www.gtlawyers.com.br\/#organization","name":"GTLawyers - Escrit\u00f3rio boutique full-service","url":"https:\/\/www.gtlawyers.com.br\/","logo":{"@type":"ImageObject","inLanguage":"en-US","@id":"https:\/\/www.gtlawyers.com.br\/#\/schema\/logo\/image\/","url":"https:\/\/www.gtlawyers.com.br\/site\/wp-content\/uploads\/image-3.png","contentUrl":"https:\/\/www.gtlawyers.com.br\/site\/wp-content\/uploads\/image-3.png","width":166,"height":44,"caption":"GTLawyers - Escrit\u00f3rio boutique full-service"},"image":{"@id":"https:\/\/www.gtlawyers.com.br\/#\/schema\/logo\/image\/"},"sameAs":["https:\/\/www.linkedin.com\/company\/gtlawyers\/mycompany\/"]},{"@type":"Person","@id":"https:\/\/www.gtlawyers.com.br\/#\/schema\/person\/ddacb191167435332fe1305a7c77274f","name":"Felipe Nascimento","image":{"@type":"ImageObject","inLanguage":"en-US","@id":"https:\/\/secure.gravatar.com\/avatar\/99b2fc11283f57cb70c409ae58fd3f3e83dfe5f33ff50bf649361b2d7e2240e0?s=96&d=mm&r=g","url":"https:\/\/secure.gravatar.com\/avatar\/99b2fc11283f57cb70c409ae58fd3f3e83dfe5f33ff50bf649361b2d7e2240e0?s=96&d=mm&r=g","contentUrl":"https:\/\/secure.gravatar.com\/avatar\/99b2fc11283f57cb70c409ae58fd3f3e83dfe5f33ff50bf649361b2d7e2240e0?s=96&d=mm&r=g","caption":"Felipe Nascimento"},"url":"https:\/\/www.gtlawyers.com.br\/en\/author\/felipe\/"}]}},"_links":{"self":[{"href":"https:\/\/www.gtlawyers.com.br\/en\/wp-json\/wp\/v2\/posts\/1534","targetHints":{"allow":["GET"]}}],"collection":[{"href":"https:\/\/www.gtlawyers.com.br\/en\/wp-json\/wp\/v2\/posts"}],"about":[{"href":"https:\/\/www.gtlawyers.com.br\/en\/wp-json\/wp\/v2\/types\/post"}],"author":[{"embeddable":true,"href":"https:\/\/www.gtlawyers.com.br\/en\/wp-json\/wp\/v2\/users\/5"}],"replies":[{"embeddable":true,"href":"https:\/\/www.gtlawyers.com.br\/en\/wp-json\/wp\/v2\/comments?post=1534"}],"version-history":[{"count":2,"href":"https:\/\/www.gtlawyers.com.br\/en\/wp-json\/wp\/v2\/posts\/1534\/revisions"}],"predecessor-version":[{"id":1661,"href":"https:\/\/www.gtlawyers.com.br\/en\/wp-json\/wp\/v2\/posts\/1534\/revisions\/1661"}],"wp:featuredmedia":[{"embeddable":true,"href":"https:\/\/www.gtlawyers.com.br\/en\/wp-json\/wp\/v2\/media\/1536"}],"wp:attachment":[{"href":"https:\/\/www.gtlawyers.com.br\/en\/wp-json\/wp\/v2\/media?parent=1534"}],"wp:term":[{"taxonomy":"category","embeddable":true,"href":"https:\/\/www.gtlawyers.com.br\/en\/wp-json\/wp\/v2\/categories?post=1534"},{"taxonomy":"post_tag","embeddable":true,"href":"https:\/\/www.gtlawyers.com.br\/en\/wp-json\/wp\/v2\/tags?post=1534"}],"curies":[{"name":"wp","href":"https:\/\/api.w.org\/{rel}","templated":true}]}}