{"id":1556,"date":"2025-06-16T20:44:42","date_gmt":"2025-06-16T23:44:42","guid":{"rendered":"https:\/\/www.gtlawyers.com.br\/?p=1556"},"modified":"2025-06-16T20:50:48","modified_gmt":"2025-06-16T23:50:48","slug":"nomeacao-de-tanzilli-tamy-como-diretora-juridica-da-la-bienfaisance","status":"publish","type":"post","link":"https:\/\/www.gtlawyers.com.br\/en\/noticia\/nomeacao-de-tanzilli-tamy-como-diretora-juridica-da-la-bienfaisance\/","title":{"rendered":"Appointment of Tanzilli Tamy as Legal Director of \u201cLa Bienfaisance\u201d"},"content":{"rendered":"<p>We are pleased to announce the appointment of Tanzilli Tamy, founding partner at GTLawyers, as Legal Director of the French association \u201cLa Bienfaisance\u201d.<\/p>\n\n\n\n<p>\u201cLa Bienfaisance\u201d is a non-profit organization dedicated to providing social support and assistance to people in vulnerable situations in S\u00e3o Paulo, fostering solidarity and collective commitment within the local French community.<\/p>\n\n\n\n<p>Tamy\u2019s involvement on the board reflects not only her personal commitment but also GTLawyers\u2019 dedication to social responsibility and collective well-being. This role enables the firm to expand its institutional presence, strengthen ties with the French and international communities, and reinforce its reputation as an active partner in citizenship, diversity, and social impact initiatives.<\/p>\n\n\n\n<p>We warmly congratulate Tamy on this appointment and wish her every success in this important mission, confident that her efforts will further enhance the positive impact of both the association and the firm on our society.<\/p>\n\n\n\n<figure class=\"wp-block-image size-large\"><img loading=\"lazy\" decoding=\"async\" width=\"1024\" height=\"803\" src=\"https:\/\/www.gtlawyers.com.br\/site\/wp-content\/uploads\/La-bienfaisance-1024x803.png\" alt=\"\" class=\"wp-image-1557\" style=\"aspect-ratio:4\/3;object-fit:cover\" srcset=\"https:\/\/www.gtlawyers.com.br\/site\/wp-content\/uploads\/La-bienfaisance-1024x803.png 1024w, https:\/\/www.gtlawyers.com.br\/site\/wp-content\/uploads\/La-bienfaisance-300x235.png 300w, https:\/\/www.gtlawyers.com.br\/site\/wp-content\/uploads\/La-bienfaisance-150x118.png 150w, https:\/\/www.gtlawyers.com.br\/site\/wp-content\/uploads\/La-bienfaisance-768x602.png 768w, https:\/\/www.gtlawyers.com.br\/site\/wp-content\/uploads\/La-bienfaisance-1536x1205.png 1536w, https:\/\/www.gtlawyers.com.br\/site\/wp-content\/uploads\/La-bienfaisance-15x12.png 15w, https:\/\/www.gtlawyers.com.br\/site\/wp-content\/uploads\/La-bienfaisance.png 1724w\" sizes=\"auto, (max-width: 1024px) 100vw, 1024px\" \/><\/figure>","protected":false},"excerpt":{"rendered":"<p>Temos o prazer de anunciar que Tanzilli Tamy, s\u00f3cia fundadora do GTLawyers, foi nomeada Diretora Jur\u00eddica da associa\u00e7\u00e3o francesa \u201cLa Bienfaisance\u201d. A \u201cLa Bienfaisance\u201d \u00e9 uma associa\u00e7\u00e3o sem fins lucrativos dedicada a oferecer assist\u00eancia e apoio social \u00e0s pessoas em situa\u00e7\u00e3o de vulnerabilidade na regi\u00e3o de S\u00e3o Paulo, promovendo a solidariedade&nbsp;e o compromisso social junto [&hellip;]<\/p>\n","protected":false},"author":5,"featured_media":1557,"comment_status":"open","ping_status":"open","sticky":false,"template":"","format":"standard","meta":{"_acf_changed":false,"footnotes":""},"categories":[7],"tags":[],"class_list":["post-1556","post","type-post","status-publish","format-standard","has-post-thumbnail","hentry","category-noticia"],"acf":[],"yoast_head":"<!-- This site is optimized with the Yoast SEO plugin v27.5 - https:\/\/yoast.com\/product\/yoast-seo-wordpress\/ -->\n<title>Nomea\u00e7\u00e3o de Tanzilli Tamy como Diretora Jur\u00eddica da \u201cLa Bienfaisance\u201d | GTLawyers | Escrit\u00f3rio boutique full-service<\/title>\n<meta name=\"robots\" content=\"index, follow, max-snippet:-1, max-image-preview:large, max-video-preview:-1\" \/>\n<link rel=\"canonical\" href=\"https:\/\/www.gtlawyers.com.br\/en\/noticia\/nomeacao-de-tanzilli-tamy-como-diretora-juridica-da-la-bienfaisance\/\" \/>\n<meta property=\"og:locale\" content=\"en_US\" \/>\n<meta property=\"og:type\" content=\"article\" \/>\n<meta property=\"og:title\" content=\"Nomea\u00e7\u00e3o de Tanzilli Tamy como Diretora Jur\u00eddica da \u201cLa Bienfaisance\u201d | GTLawyers | Escrit\u00f3rio boutique full-service\" \/>\n<meta property=\"og:description\" content=\"Temos o prazer de anunciar que Tanzilli Tamy, s\u00f3cia fundadora do GTLawyers, foi nomeada Diretora Jur\u00eddica da associa\u00e7\u00e3o francesa \u201cLa Bienfaisance\u201d. A \u201cLa Bienfaisance\u201d \u00e9 uma associa\u00e7\u00e3o sem fins lucrativos dedicada a oferecer assist\u00eancia e apoio social \u00e0s pessoas em situa\u00e7\u00e3o de vulnerabilidade na regi\u00e3o de S\u00e3o Paulo, promovendo a solidariedade&nbsp;e o compromisso social junto [&hellip;]\" \/>\n<meta property=\"og:url\" content=\"https:\/\/www.gtlawyers.com.br\/en\/noticia\/nomeacao-de-tanzilli-tamy-como-diretora-juridica-da-la-bienfaisance\/\" \/>\n<meta property=\"og:site_name\" content=\"GTLawyers | Escrit\u00f3rio boutique full-service\" \/>\n<meta property=\"article:published_time\" content=\"2025-06-16T23:44:42+00:00\" \/>\n<meta property=\"article:modified_time\" content=\"2025-06-16T23:50:48+00:00\" \/>\n<meta property=\"og:image\" content=\"https:\/\/www.gtlawyers.com.br\/site\/wp-content\/uploads\/La-bienfaisance.png\" \/>\n\t<meta property=\"og:image:width\" content=\"1724\" \/>\n\t<meta property=\"og:image:height\" content=\"1352\" \/>\n\t<meta property=\"og:image:type\" content=\"image\/png\" \/>\n<meta name=\"author\" content=\"Felipe Nascimento\" \/>\n<meta name=\"twitter:card\" content=\"summary_large_image\" \/>\n<meta name=\"twitter:label1\" content=\"Written by\" \/>\n\t<meta name=\"twitter:data1\" content=\"Felipe Nascimento\" \/>\n\t<meta name=\"twitter:label2\" content=\"Est. reading time\" \/>\n\t<meta name=\"twitter:data2\" content=\"2 minutes\" \/>\n<script type=\"application\/ld+json\" class=\"yoast-schema-graph\">{\"@context\":\"https:\\\/\\\/schema.org\",\"@graph\":[{\"@type\":\"Article\",\"@id\":\"https:\\\/\\\/www.gtlawyers.com.br\\\/noticia\\\/nomeacao-de-tanzilli-tamy-como-diretora-juridica-da-la-bienfaisance\\\/#article\",\"isPartOf\":{\"@id\":\"https:\\\/\\\/www.gtlawyers.com.br\\\/noticia\\\/nomeacao-de-tanzilli-tamy-como-diretora-juridica-da-la-bienfaisance\\\/\"},\"author\":{\"name\":\"Felipe Nascimento\",\"@id\":\"https:\\\/\\\/www.gtlawyers.com.br\\\/#\\\/schema\\\/person\\\/ddacb191167435332fe1305a7c77274f\"},\"headline\":\"Nomea\u00e7\u00e3o de Tanzilli Tamy como Diretora Jur\u00eddica da \u201cLa Bienfaisance\u201d\",\"datePublished\":\"2025-06-16T23:44:42+00:00\",\"dateModified\":\"2025-06-16T23:50:48+00:00\",\"mainEntityOfPage\":{\"@id\":\"https:\\\/\\\/www.gtlawyers.com.br\\\/noticia\\\/nomeacao-de-tanzilli-tamy-como-diretora-juridica-da-la-bienfaisance\\\/\"},\"wordCount\":198,\"commentCount\":0,\"publisher\":{\"@id\":\"https:\\\/\\\/www.gtlawyers.com.br\\\/#organization\"},\"image\":{\"@id\":\"https:\\\/\\\/www.gtlawyers.com.br\\\/noticia\\\/nomeacao-de-tanzilli-tamy-como-diretora-juridica-da-la-bienfaisance\\\/#primaryimage\"},\"thumbnailUrl\":\"https:\\\/\\\/www.gtlawyers.com.br\\\/site\\\/wp-content\\\/uploads\\\/La-bienfaisance.png\",\"articleSection\":[\"News\"],\"inLanguage\":\"en-US\",\"potentialAction\":[{\"@type\":\"CommentAction\",\"name\":\"Comment\",\"target\":[\"https:\\\/\\\/www.gtlawyers.com.br\\\/noticia\\\/nomeacao-de-tanzilli-tamy-como-diretora-juridica-da-la-bienfaisance\\\/#respond\"]}]},{\"@type\":\"WebPage\",\"@id\":\"https:\\\/\\\/www.gtlawyers.com.br\\\/noticia\\\/nomeacao-de-tanzilli-tamy-como-diretora-juridica-da-la-bienfaisance\\\/\",\"url\":\"https:\\\/\\\/www.gtlawyers.com.br\\\/noticia\\\/nomeacao-de-tanzilli-tamy-como-diretora-juridica-da-la-bienfaisance\\\/\",\"name\":\"Nomea\u00e7\u00e3o de Tanzilli Tamy como Diretora Jur\u00eddica da \u201cLa Bienfaisance\u201d | GTLawyers | Escrit\u00f3rio boutique full-service\",\"isPartOf\":{\"@id\":\"https:\\\/\\\/www.gtlawyers.com.br\\\/#website\"},\"primaryImageOfPage\":{\"@id\":\"https:\\\/\\\/www.gtlawyers.com.br\\\/noticia\\\/nomeacao-de-tanzilli-tamy-como-diretora-juridica-da-la-bienfaisance\\\/#primaryimage\"},\"image\":{\"@id\":\"https:\\\/\\\/www.gtlawyers.com.br\\\/noticia\\\/nomeacao-de-tanzilli-tamy-como-diretora-juridica-da-la-bienfaisance\\\/#primaryimage\"},\"thumbnailUrl\":\"https:\\\/\\\/www.gtlawyers.com.br\\\/site\\\/wp-content\\\/uploads\\\/La-bienfaisance.png\",\"datePublished\":\"2025-06-16T23:44:42+00:00\",\"dateModified\":\"2025-06-16T23:50:48+00:00\",\"breadcrumb\":{\"@id\":\"https:\\\/\\\/www.gtlawyers.com.br\\\/noticia\\\/nomeacao-de-tanzilli-tamy-como-diretora-juridica-da-la-bienfaisance\\\/#breadcrumb\"},\"inLanguage\":\"en-US\",\"potentialAction\":[{\"@type\":\"ReadAction\",\"target\":[\"https:\\\/\\\/www.gtlawyers.com.br\\\/noticia\\\/nomeacao-de-tanzilli-tamy-como-diretora-juridica-da-la-bienfaisance\\\/\"]}]},{\"@type\":\"ImageObject\",\"inLanguage\":\"en-US\",\"@id\":\"https:\\\/\\\/www.gtlawyers.com.br\\\/noticia\\\/nomeacao-de-tanzilli-tamy-como-diretora-juridica-da-la-bienfaisance\\\/#primaryimage\",\"url\":\"https:\\\/\\\/www.gtlawyers.com.br\\\/site\\\/wp-content\\\/uploads\\\/La-bienfaisance.png\",\"contentUrl\":\"https:\\\/\\\/www.gtlawyers.com.br\\\/site\\\/wp-content\\\/uploads\\\/La-bienfaisance.png\",\"width\":1724,\"height\":1352},{\"@type\":\"BreadcrumbList\",\"@id\":\"https:\\\/\\\/www.gtlawyers.com.br\\\/noticia\\\/nomeacao-de-tanzilli-tamy-como-diretora-juridica-da-la-bienfaisance\\\/#breadcrumb\",\"itemListElement\":[{\"@type\":\"ListItem\",\"position\":1,\"name\":\"In\u00edcio\",\"item\":\"https:\\\/\\\/www.gtlawyers.com.br\\\/\"},{\"@type\":\"ListItem\",\"position\":2,\"name\":\"Nomea\u00e7\u00e3o de Tanzilli Tamy como Diretora Jur\u00eddica da \u201cLa Bienfaisance\u201d\"}]},{\"@type\":\"WebSite\",\"@id\":\"https:\\\/\\\/www.gtlawyers.com.br\\\/#website\",\"url\":\"https:\\\/\\\/www.gtlawyers.com.br\\\/\",\"name\":\"GTLawyers | Escrit\u00f3rio boutique full-service\",\"description\":\"Escrit\u00f3rio de advocacia franco-brasileiro para empresas especializado em M&amp;A, direito societ\u00e1rio, tribut\u00e1rio, imobili\u00e1rio, contencioso e compliance\",\"publisher\":{\"@id\":\"https:\\\/\\\/www.gtlawyers.com.br\\\/#organization\"},\"alternateName\":\"GTLawyers\",\"potentialAction\":[{\"@type\":\"SearchAction\",\"target\":{\"@type\":\"EntryPoint\",\"urlTemplate\":\"https:\\\/\\\/www.gtlawyers.com.br\\\/?s={search_term_string}\"},\"query-input\":{\"@type\":\"PropertyValueSpecification\",\"valueRequired\":true,\"valueName\":\"search_term_string\"}}],\"inLanguage\":\"en-US\"},{\"@type\":\"Organization\",\"@id\":\"https:\\\/\\\/www.gtlawyers.com.br\\\/#organization\",\"name\":\"GTLawyers - Escrit\u00f3rio boutique full-service\",\"url\":\"https:\\\/\\\/www.gtlawyers.com.br\\\/\",\"logo\":{\"@type\":\"ImageObject\",\"inLanguage\":\"en-US\",\"@id\":\"https:\\\/\\\/www.gtlawyers.com.br\\\/#\\\/schema\\\/logo\\\/image\\\/\",\"url\":\"https:\\\/\\\/www.gtlawyers.com.br\\\/site\\\/wp-content\\\/uploads\\\/image-3.png\",\"contentUrl\":\"https:\\\/\\\/www.gtlawyers.com.br\\\/site\\\/wp-content\\\/uploads\\\/image-3.png\",\"width\":166,\"height\":44,\"caption\":\"GTLawyers - Escrit\u00f3rio boutique full-service\"},\"image\":{\"@id\":\"https:\\\/\\\/www.gtlawyers.com.br\\\/#\\\/schema\\\/logo\\\/image\\\/\"},\"sameAs\":[\"https:\\\/\\\/www.linkedin.com\\\/company\\\/gtlawyers\\\/mycompany\\\/\"]},{\"@type\":\"Person\",\"@id\":\"https:\\\/\\\/www.gtlawyers.com.br\\\/#\\\/schema\\\/person\\\/ddacb191167435332fe1305a7c77274f\",\"name\":\"Felipe Nascimento\",\"image\":{\"@type\":\"ImageObject\",\"inLanguage\":\"en-US\",\"@id\":\"https:\\\/\\\/secure.gravatar.com\\\/avatar\\\/99b2fc11283f57cb70c409ae58fd3f3e83dfe5f33ff50bf649361b2d7e2240e0?s=96&d=mm&r=g\",\"url\":\"https:\\\/\\\/secure.gravatar.com\\\/avatar\\\/99b2fc11283f57cb70c409ae58fd3f3e83dfe5f33ff50bf649361b2d7e2240e0?s=96&d=mm&r=g\",\"contentUrl\":\"https:\\\/\\\/secure.gravatar.com\\\/avatar\\\/99b2fc11283f57cb70c409ae58fd3f3e83dfe5f33ff50bf649361b2d7e2240e0?s=96&d=mm&r=g\",\"caption\":\"Felipe Nascimento\"},\"url\":\"https:\\\/\\\/www.gtlawyers.com.br\\\/en\\\/author\\\/felipe\\\/\"}]}<\/script>\n<!-- \/ Yoast SEO plugin. -->","yoast_head_json":{"title":"Nomea\u00e7\u00e3o de Tanzilli Tamy como Diretora Jur\u00eddica da \u201cLa Bienfaisance\u201d | GTLawyers | Escrit\u00f3rio boutique full-service","robots":{"index":"index","follow":"follow","max-snippet":"max-snippet:-1","max-image-preview":"max-image-preview:large","max-video-preview":"max-video-preview:-1"},"canonical":"https:\/\/www.gtlawyers.com.br\/en\/noticia\/nomeacao-de-tanzilli-tamy-como-diretora-juridica-da-la-bienfaisance\/","og_locale":"en_US","og_type":"article","og_title":"Nomea\u00e7\u00e3o de Tanzilli Tamy como Diretora Jur\u00eddica da \u201cLa Bienfaisance\u201d | GTLawyers | Escrit\u00f3rio boutique full-service","og_description":"Temos o prazer de anunciar que Tanzilli Tamy, s\u00f3cia fundadora do GTLawyers, foi nomeada Diretora Jur\u00eddica da associa\u00e7\u00e3o francesa \u201cLa Bienfaisance\u201d. A \u201cLa Bienfaisance\u201d \u00e9 uma associa\u00e7\u00e3o sem fins lucrativos dedicada a oferecer assist\u00eancia e apoio social \u00e0s pessoas em situa\u00e7\u00e3o de vulnerabilidade na regi\u00e3o de S\u00e3o Paulo, promovendo a solidariedade&nbsp;e o compromisso social junto [&hellip;]","og_url":"https:\/\/www.gtlawyers.com.br\/en\/noticia\/nomeacao-de-tanzilli-tamy-como-diretora-juridica-da-la-bienfaisance\/","og_site_name":"GTLawyers | Escrit\u00f3rio boutique full-service","article_published_time":"2025-06-16T23:44:42+00:00","article_modified_time":"2025-06-16T23:50:48+00:00","og_image":[{"width":1724,"height":1352,"url":"https:\/\/www.gtlawyers.com.br\/site\/wp-content\/uploads\/La-bienfaisance.png","type":"image\/png"}],"author":"Felipe Nascimento","twitter_card":"summary_large_image","twitter_misc":{"Written by":"Felipe Nascimento","Est. reading time":"2 minutes"},"schema":{"@context":"https:\/\/schema.org","@graph":[{"@type":"Article","@id":"https:\/\/www.gtlawyers.com.br\/noticia\/nomeacao-de-tanzilli-tamy-como-diretora-juridica-da-la-bienfaisance\/#article","isPartOf":{"@id":"https:\/\/www.gtlawyers.com.br\/noticia\/nomeacao-de-tanzilli-tamy-como-diretora-juridica-da-la-bienfaisance\/"},"author":{"name":"Felipe Nascimento","@id":"https:\/\/www.gtlawyers.com.br\/#\/schema\/person\/ddacb191167435332fe1305a7c77274f"},"headline":"Nomea\u00e7\u00e3o de Tanzilli Tamy como Diretora Jur\u00eddica da \u201cLa Bienfaisance\u201d","datePublished":"2025-06-16T23:44:42+00:00","dateModified":"2025-06-16T23:50:48+00:00","mainEntityOfPage":{"@id":"https:\/\/www.gtlawyers.com.br\/noticia\/nomeacao-de-tanzilli-tamy-como-diretora-juridica-da-la-bienfaisance\/"},"wordCount":198,"commentCount":0,"publisher":{"@id":"https:\/\/www.gtlawyers.com.br\/#organization"},"image":{"@id":"https:\/\/www.gtlawyers.com.br\/noticia\/nomeacao-de-tanzilli-tamy-como-diretora-juridica-da-la-bienfaisance\/#primaryimage"},"thumbnailUrl":"https:\/\/www.gtlawyers.com.br\/site\/wp-content\/uploads\/La-bienfaisance.png","articleSection":["News"],"inLanguage":"en-US","potentialAction":[{"@type":"CommentAction","name":"Comment","target":["https:\/\/www.gtlawyers.com.br\/noticia\/nomeacao-de-tanzilli-tamy-como-diretora-juridica-da-la-bienfaisance\/#respond"]}]},{"@type":"WebPage","@id":"https:\/\/www.gtlawyers.com.br\/noticia\/nomeacao-de-tanzilli-tamy-como-diretora-juridica-da-la-bienfaisance\/","url":"https:\/\/www.gtlawyers.com.br\/noticia\/nomeacao-de-tanzilli-tamy-como-diretora-juridica-da-la-bienfaisance\/","name":"Nomea\u00e7\u00e3o de Tanzilli Tamy como Diretora Jur\u00eddica da \u201cLa Bienfaisance\u201d | GTLawyers | Escrit\u00f3rio boutique full-service","isPartOf":{"@id":"https:\/\/www.gtlawyers.com.br\/#website"},"primaryImageOfPage":{"@id":"https:\/\/www.gtlawyers.com.br\/noticia\/nomeacao-de-tanzilli-tamy-como-diretora-juridica-da-la-bienfaisance\/#primaryimage"},"image":{"@id":"https:\/\/www.gtlawyers.com.br\/noticia\/nomeacao-de-tanzilli-tamy-como-diretora-juridica-da-la-bienfaisance\/#primaryimage"},"thumbnailUrl":"https:\/\/www.gtlawyers.com.br\/site\/wp-content\/uploads\/La-bienfaisance.png","datePublished":"2025-06-16T23:44:42+00:00","dateModified":"2025-06-16T23:50:48+00:00","breadcrumb":{"@id":"https:\/\/www.gtlawyers.com.br\/noticia\/nomeacao-de-tanzilli-tamy-como-diretora-juridica-da-la-bienfaisance\/#breadcrumb"},"inLanguage":"en-US","potentialAction":[{"@type":"ReadAction","target":["https:\/\/www.gtlawyers.com.br\/noticia\/nomeacao-de-tanzilli-tamy-como-diretora-juridica-da-la-bienfaisance\/"]}]},{"@type":"ImageObject","inLanguage":"en-US","@id":"https:\/\/www.gtlawyers.com.br\/noticia\/nomeacao-de-tanzilli-tamy-como-diretora-juridica-da-la-bienfaisance\/#primaryimage","url":"https:\/\/www.gtlawyers.com.br\/site\/wp-content\/uploads\/La-bienfaisance.png","contentUrl":"https:\/\/www.gtlawyers.com.br\/site\/wp-content\/uploads\/La-bienfaisance.png","width":1724,"height":1352},{"@type":"BreadcrumbList","@id":"https:\/\/www.gtlawyers.com.br\/noticia\/nomeacao-de-tanzilli-tamy-como-diretora-juridica-da-la-bienfaisance\/#breadcrumb","itemListElement":[{"@type":"ListItem","position":1,"name":"In\u00edcio","item":"https:\/\/www.gtlawyers.com.br\/"},{"@type":"ListItem","position":2,"name":"Nomea\u00e7\u00e3o de Tanzilli Tamy como Diretora Jur\u00eddica da \u201cLa Bienfaisance\u201d"}]},{"@type":"WebSite","@id":"https:\/\/www.gtlawyers.com.br\/#website","url":"https:\/\/www.gtlawyers.com.br\/","name":"GTLawyers | Escrit\u00f3rio boutique full-service","description":"Escrit\u00f3rio de advocacia franco-brasileiro para empresas especializado em M&amp;A, direito societ\u00e1rio, tribut\u00e1rio, imobili\u00e1rio, contencioso e compliance","publisher":{"@id":"https:\/\/www.gtlawyers.com.br\/#organization"},"alternateName":"GTLawyers","potentialAction":[{"@type":"SearchAction","target":{"@type":"EntryPoint","urlTemplate":"https:\/\/www.gtlawyers.com.br\/?s={search_term_string}"},"query-input":{"@type":"PropertyValueSpecification","valueRequired":true,"valueName":"search_term_string"}}],"inLanguage":"en-US"},{"@type":"Organization","@id":"https:\/\/www.gtlawyers.com.br\/#organization","name":"GTLawyers - Escrit\u00f3rio boutique full-service","url":"https:\/\/www.gtlawyers.com.br\/","logo":{"@type":"ImageObject","inLanguage":"en-US","@id":"https:\/\/www.gtlawyers.com.br\/#\/schema\/logo\/image\/","url":"https:\/\/www.gtlawyers.com.br\/site\/wp-content\/uploads\/image-3.png","contentUrl":"https:\/\/www.gtlawyers.com.br\/site\/wp-content\/uploads\/image-3.png","width":166,"height":44,"caption":"GTLawyers - Escrit\u00f3rio boutique full-service"},"image":{"@id":"https:\/\/www.gtlawyers.com.br\/#\/schema\/logo\/image\/"},"sameAs":["https:\/\/www.linkedin.com\/company\/gtlawyers\/mycompany\/"]},{"@type":"Person","@id":"https:\/\/www.gtlawyers.com.br\/#\/schema\/person\/ddacb191167435332fe1305a7c77274f","name":"Felipe Nascimento","image":{"@type":"ImageObject","inLanguage":"en-US","@id":"https:\/\/secure.gravatar.com\/avatar\/99b2fc11283f57cb70c409ae58fd3f3e83dfe5f33ff50bf649361b2d7e2240e0?s=96&d=mm&r=g","url":"https:\/\/secure.gravatar.com\/avatar\/99b2fc11283f57cb70c409ae58fd3f3e83dfe5f33ff50bf649361b2d7e2240e0?s=96&d=mm&r=g","contentUrl":"https:\/\/secure.gravatar.com\/avatar\/99b2fc11283f57cb70c409ae58fd3f3e83dfe5f33ff50bf649361b2d7e2240e0?s=96&d=mm&r=g","caption":"Felipe Nascimento"},"url":"https:\/\/www.gtlawyers.com.br\/en\/author\/felipe\/"}]}},"_links":{"self":[{"href":"https:\/\/www.gtlawyers.com.br\/en\/wp-json\/wp\/v2\/posts\/1556","targetHints":{"allow":["GET"]}}],"collection":[{"href":"https:\/\/www.gtlawyers.com.br\/en\/wp-json\/wp\/v2\/posts"}],"about":[{"href":"https:\/\/www.gtlawyers.com.br\/en\/wp-json\/wp\/v2\/types\/post"}],"author":[{"embeddable":true,"href":"https:\/\/www.gtlawyers.com.br\/en\/wp-json\/wp\/v2\/users\/5"}],"replies":[{"embeddable":true,"href":"https:\/\/www.gtlawyers.com.br\/en\/wp-json\/wp\/v2\/comments?post=1556"}],"version-history":[{"count":1,"href":"https:\/\/www.gtlawyers.com.br\/en\/wp-json\/wp\/v2\/posts\/1556\/revisions"}],"predecessor-version":[{"id":1558,"href":"https:\/\/www.gtlawyers.com.br\/en\/wp-json\/wp\/v2\/posts\/1556\/revisions\/1558"}],"wp:featuredmedia":[{"embeddable":true,"href":"https:\/\/www.gtlawyers.com.br\/en\/wp-json\/wp\/v2\/media\/1557"}],"wp:attachment":[{"href":"https:\/\/www.gtlawyers.com.br\/en\/wp-json\/wp\/v2\/media?parent=1556"}],"wp:term":[{"taxonomy":"category","embeddable":true,"href":"https:\/\/www.gtlawyers.com.br\/en\/wp-json\/wp\/v2\/categories?post=1556"},{"taxonomy":"post_tag","embeddable":true,"href":"https:\/\/www.gtlawyers.com.br\/en\/wp-json\/wp\/v2\/tags?post=1556"}],"curies":[{"name":"wp","href":"https:\/\/api.w.org\/{rel}","templated":true}]}}