{"id":1559,"date":"2025-06-16T21:29:44","date_gmt":"2025-06-17T00:29:44","guid":{"rendered":"https:\/\/www.gtlawyers.com.br\/?p=1559"},"modified":"2025-06-16T21:29:46","modified_gmt":"2025-06-17T00:29:46","slug":"o-engajamento-de-gtlawyers-nas-iniciativas-comunitarias-de-sao-paulo","status":"publish","type":"post","link":"https:\/\/www.gtlawyers.com.br\/en\/noticia\/o-engajamento-de-gtlawyers-nas-iniciativas-comunitarias-de-sao-paulo\/","title":{"rendered":"GTLawyers\u2019 Commitment to Community Initiatives in S\u00e3o Paulo"},"content":{"rendered":"<p>GTLawyers takes an active part in organizations supporting S\u00e3o Paulo\u2019s international community, helping to foster inclusion, solidarity, and social responsibility.<\/p>\n\n\n\n<p>C\u00e9cile Verdeaux serves on the audit board of S\u00e3o Paulo Accueil, which supports and guides newly arrived French-speaking families in the city. The firm also provides legal support to the organization, contributing to the structure and reliability of its social integration efforts.<\/p>\n\n\n\n<p>key aspect of this commitment is the involvement of Tanzilli Tamy as Legal Director of the French association \u201cLa Bienfaisance.\u201d In this role, Tamy is dedicated to strengthening the legal structure and governance of the organization, ensuring that support for vulnerable individuals in S\u00e3o Paulo is delivered with professionalism, rigor, and integrity. Her legal expertise advances the association\u2019s social mission and helps maximize the positive impact of its work for those who need it most.<\/p>\n\n\n\n<p>Through these various engagements, GTLawyers brings knowledge and institutional commitment to the development of a more inclusive and caring society.<\/p>\n\n\n\n<figure class=\"wp-block-image size-full\"><img loading=\"lazy\" decoding=\"async\" width=\"299\" height=\"136\" src=\"https:\/\/www.gtlawyers.com.br\/site\/wp-content\/uploads\/Sao-paulo-acceuil.png\" alt=\"\" class=\"wp-image-1560\" style=\"aspect-ratio:16\/9;object-fit:contain\" srcset=\"https:\/\/www.gtlawyers.com.br\/site\/wp-content\/uploads\/Sao-paulo-acceuil.png 299w, https:\/\/www.gtlawyers.com.br\/site\/wp-content\/uploads\/Sao-paulo-acceuil-150x68.png 150w, https:\/\/www.gtlawyers.com.br\/site\/wp-content\/uploads\/Sao-paulo-acceuil-18x8.png 18w\" sizes=\"auto, (max-width: 299px) 100vw, 299px\" \/><\/figure>","protected":false},"excerpt":{"rendered":"<p>GTLawyers mant\u00e9m uma participa\u00e7\u00e3o ativa em institui\u00e7\u00f5es que atuam junto \u00e0 comunidade internacional de S\u00e3o Paulo, promovendo inclus\u00e3o, solidariedade e responsabilidade social. C\u00e9cile Verdeaux integra o conselho fiscal da associa\u00e7\u00e3o S\u00e3o Paulo Accueil, que apoia e orienta fam\u00edlias franc\u00f3fonas rec\u00e9m-chegadas \u00e0 cidade. O escrit\u00f3rio tamb\u00e9m presta suporte jur\u00eddico \u00e0 associa\u00e7\u00e3o,&nbsp;contribuindo para a organiza\u00e7\u00e3o e para [&hellip;]<\/p>\n","protected":false},"author":5,"featured_media":1560,"comment_status":"open","ping_status":"open","sticky":false,"template":"","format":"standard","meta":{"_acf_changed":false,"footnotes":""},"categories":[7],"tags":[],"class_list":["post-1559","post","type-post","status-publish","format-standard","has-post-thumbnail","hentry","category-noticia"],"acf":[],"yoast_head":"<!-- This site is optimized with the Yoast SEO plugin v27.5 - https:\/\/yoast.com\/product\/yoast-seo-wordpress\/ -->\n<title>O engajamento de GTLawyers nas iniciativas comunit\u00e1rias de S\u00e3o Paulo | GTLawyers | Escrit\u00f3rio boutique full-service<\/title>\n<meta name=\"robots\" content=\"index, follow, max-snippet:-1, max-image-preview:large, max-video-preview:-1\" \/>\n<link rel=\"canonical\" href=\"https:\/\/www.gtlawyers.com.br\/en\/noticia\/o-engajamento-de-gtlawyers-nas-iniciativas-comunitarias-de-sao-paulo\/\" \/>\n<meta property=\"og:locale\" content=\"en_US\" \/>\n<meta property=\"og:type\" content=\"article\" \/>\n<meta property=\"og:title\" content=\"O engajamento de GTLawyers nas iniciativas comunit\u00e1rias de S\u00e3o Paulo | GTLawyers | Escrit\u00f3rio boutique full-service\" \/>\n<meta property=\"og:description\" content=\"GTLawyers mant\u00e9m uma participa\u00e7\u00e3o ativa em institui\u00e7\u00f5es que atuam junto \u00e0 comunidade internacional de S\u00e3o Paulo, promovendo inclus\u00e3o, solidariedade e responsabilidade social. C\u00e9cile Verdeaux integra o conselho fiscal da associa\u00e7\u00e3o S\u00e3o Paulo Accueil, que apoia e orienta fam\u00edlias franc\u00f3fonas rec\u00e9m-chegadas \u00e0 cidade. O escrit\u00f3rio tamb\u00e9m presta suporte jur\u00eddico \u00e0 associa\u00e7\u00e3o,&nbsp;contribuindo para a organiza\u00e7\u00e3o e para [&hellip;]\" \/>\n<meta property=\"og:url\" content=\"https:\/\/www.gtlawyers.com.br\/en\/noticia\/o-engajamento-de-gtlawyers-nas-iniciativas-comunitarias-de-sao-paulo\/\" \/>\n<meta property=\"og:site_name\" content=\"GTLawyers | Escrit\u00f3rio boutique full-service\" \/>\n<meta property=\"article:published_time\" content=\"2025-06-17T00:29:44+00:00\" \/>\n<meta property=\"article:modified_time\" content=\"2025-06-17T00:29:46+00:00\" \/>\n<meta property=\"og:image\" content=\"https:\/\/www.gtlawyers.com.br\/site\/wp-content\/uploads\/Sao-paulo-acceuil.png\" \/>\n\t<meta property=\"og:image:width\" content=\"299\" \/>\n\t<meta property=\"og:image:height\" content=\"136\" \/>\n\t<meta property=\"og:image:type\" content=\"image\/png\" \/>\n<meta name=\"author\" content=\"Felipe Nascimento\" \/>\n<meta name=\"twitter:card\" content=\"summary_large_image\" \/>\n<meta name=\"twitter:label1\" content=\"Written by\" \/>\n\t<meta name=\"twitter:data1\" content=\"Felipe Nascimento\" \/>\n\t<meta name=\"twitter:label2\" content=\"Est. reading time\" \/>\n\t<meta name=\"twitter:data2\" content=\"2 minutes\" \/>\n<script type=\"application\/ld+json\" class=\"yoast-schema-graph\">{\"@context\":\"https:\\\/\\\/schema.org\",\"@graph\":[{\"@type\":\"Article\",\"@id\":\"https:\\\/\\\/www.gtlawyers.com.br\\\/noticia\\\/o-engajamento-de-gtlawyers-nas-iniciativas-comunitarias-de-sao-paulo\\\/#article\",\"isPartOf\":{\"@id\":\"https:\\\/\\\/www.gtlawyers.com.br\\\/noticia\\\/o-engajamento-de-gtlawyers-nas-iniciativas-comunitarias-de-sao-paulo\\\/\"},\"author\":{\"name\":\"Felipe Nascimento\",\"@id\":\"https:\\\/\\\/www.gtlawyers.com.br\\\/#\\\/schema\\\/person\\\/ddacb191167435332fe1305a7c77274f\"},\"headline\":\"O engajamento de GTLawyers nas iniciativas comunit\u00e1rias de S\u00e3o Paulo\",\"datePublished\":\"2025-06-17T00:29:44+00:00\",\"dateModified\":\"2025-06-17T00:29:46+00:00\",\"mainEntityOfPage\":{\"@id\":\"https:\\\/\\\/www.gtlawyers.com.br\\\/noticia\\\/o-engajamento-de-gtlawyers-nas-iniciativas-comunitarias-de-sao-paulo\\\/\"},\"wordCount\":207,\"commentCount\":0,\"publisher\":{\"@id\":\"https:\\\/\\\/www.gtlawyers.com.br\\\/#organization\"},\"image\":{\"@id\":\"https:\\\/\\\/www.gtlawyers.com.br\\\/noticia\\\/o-engajamento-de-gtlawyers-nas-iniciativas-comunitarias-de-sao-paulo\\\/#primaryimage\"},\"thumbnailUrl\":\"https:\\\/\\\/www.gtlawyers.com.br\\\/site\\\/wp-content\\\/uploads\\\/Sao-paulo-acceuil.png\",\"articleSection\":[\"News\"],\"inLanguage\":\"en-US\",\"potentialAction\":[{\"@type\":\"CommentAction\",\"name\":\"Comment\",\"target\":[\"https:\\\/\\\/www.gtlawyers.com.br\\\/noticia\\\/o-engajamento-de-gtlawyers-nas-iniciativas-comunitarias-de-sao-paulo\\\/#respond\"]}]},{\"@type\":\"WebPage\",\"@id\":\"https:\\\/\\\/www.gtlawyers.com.br\\\/noticia\\\/o-engajamento-de-gtlawyers-nas-iniciativas-comunitarias-de-sao-paulo\\\/\",\"url\":\"https:\\\/\\\/www.gtlawyers.com.br\\\/noticia\\\/o-engajamento-de-gtlawyers-nas-iniciativas-comunitarias-de-sao-paulo\\\/\",\"name\":\"O engajamento de GTLawyers nas iniciativas comunit\u00e1rias de S\u00e3o Paulo | GTLawyers | Escrit\u00f3rio boutique full-service\",\"isPartOf\":{\"@id\":\"https:\\\/\\\/www.gtlawyers.com.br\\\/#website\"},\"primaryImageOfPage\":{\"@id\":\"https:\\\/\\\/www.gtlawyers.com.br\\\/noticia\\\/o-engajamento-de-gtlawyers-nas-iniciativas-comunitarias-de-sao-paulo\\\/#primaryimage\"},\"image\":{\"@id\":\"https:\\\/\\\/www.gtlawyers.com.br\\\/noticia\\\/o-engajamento-de-gtlawyers-nas-iniciativas-comunitarias-de-sao-paulo\\\/#primaryimage\"},\"thumbnailUrl\":\"https:\\\/\\\/www.gtlawyers.com.br\\\/site\\\/wp-content\\\/uploads\\\/Sao-paulo-acceuil.png\",\"datePublished\":\"2025-06-17T00:29:44+00:00\",\"dateModified\":\"2025-06-17T00:29:46+00:00\",\"breadcrumb\":{\"@id\":\"https:\\\/\\\/www.gtlawyers.com.br\\\/noticia\\\/o-engajamento-de-gtlawyers-nas-iniciativas-comunitarias-de-sao-paulo\\\/#breadcrumb\"},\"inLanguage\":\"en-US\",\"potentialAction\":[{\"@type\":\"ReadAction\",\"target\":[\"https:\\\/\\\/www.gtlawyers.com.br\\\/noticia\\\/o-engajamento-de-gtlawyers-nas-iniciativas-comunitarias-de-sao-paulo\\\/\"]}]},{\"@type\":\"ImageObject\",\"inLanguage\":\"en-US\",\"@id\":\"https:\\\/\\\/www.gtlawyers.com.br\\\/noticia\\\/o-engajamento-de-gtlawyers-nas-iniciativas-comunitarias-de-sao-paulo\\\/#primaryimage\",\"url\":\"https:\\\/\\\/www.gtlawyers.com.br\\\/site\\\/wp-content\\\/uploads\\\/Sao-paulo-acceuil.png\",\"contentUrl\":\"https:\\\/\\\/www.gtlawyers.com.br\\\/site\\\/wp-content\\\/uploads\\\/Sao-paulo-acceuil.png\",\"width\":299,\"height\":136},{\"@type\":\"BreadcrumbList\",\"@id\":\"https:\\\/\\\/www.gtlawyers.com.br\\\/noticia\\\/o-engajamento-de-gtlawyers-nas-iniciativas-comunitarias-de-sao-paulo\\\/#breadcrumb\",\"itemListElement\":[{\"@type\":\"ListItem\",\"position\":1,\"name\":\"In\u00edcio\",\"item\":\"https:\\\/\\\/www.gtlawyers.com.br\\\/\"},{\"@type\":\"ListItem\",\"position\":2,\"name\":\"O engajamento de GTLawyers nas iniciativas comunit\u00e1rias de S\u00e3o Paulo\"}]},{\"@type\":\"WebSite\",\"@id\":\"https:\\\/\\\/www.gtlawyers.com.br\\\/#website\",\"url\":\"https:\\\/\\\/www.gtlawyers.com.br\\\/\",\"name\":\"GTLawyers | Escrit\u00f3rio boutique full-service\",\"description\":\"Escrit\u00f3rio de advocacia franco-brasileiro para empresas especializado em M&amp;A, direito societ\u00e1rio, tribut\u00e1rio, imobili\u00e1rio, contencioso e compliance\",\"publisher\":{\"@id\":\"https:\\\/\\\/www.gtlawyers.com.br\\\/#organization\"},\"alternateName\":\"GTLawyers\",\"potentialAction\":[{\"@type\":\"SearchAction\",\"target\":{\"@type\":\"EntryPoint\",\"urlTemplate\":\"https:\\\/\\\/www.gtlawyers.com.br\\\/?s={search_term_string}\"},\"query-input\":{\"@type\":\"PropertyValueSpecification\",\"valueRequired\":true,\"valueName\":\"search_term_string\"}}],\"inLanguage\":\"en-US\"},{\"@type\":\"Organization\",\"@id\":\"https:\\\/\\\/www.gtlawyers.com.br\\\/#organization\",\"name\":\"GTLawyers - Escrit\u00f3rio boutique full-service\",\"url\":\"https:\\\/\\\/www.gtlawyers.com.br\\\/\",\"logo\":{\"@type\":\"ImageObject\",\"inLanguage\":\"en-US\",\"@id\":\"https:\\\/\\\/www.gtlawyers.com.br\\\/#\\\/schema\\\/logo\\\/image\\\/\",\"url\":\"https:\\\/\\\/www.gtlawyers.com.br\\\/site\\\/wp-content\\\/uploads\\\/image-3.png\",\"contentUrl\":\"https:\\\/\\\/www.gtlawyers.com.br\\\/site\\\/wp-content\\\/uploads\\\/image-3.png\",\"width\":166,\"height\":44,\"caption\":\"GTLawyers - Escrit\u00f3rio boutique full-service\"},\"image\":{\"@id\":\"https:\\\/\\\/www.gtlawyers.com.br\\\/#\\\/schema\\\/logo\\\/image\\\/\"},\"sameAs\":[\"https:\\\/\\\/www.linkedin.com\\\/company\\\/gtlawyers\\\/mycompany\\\/\"]},{\"@type\":\"Person\",\"@id\":\"https:\\\/\\\/www.gtlawyers.com.br\\\/#\\\/schema\\\/person\\\/ddacb191167435332fe1305a7c77274f\",\"name\":\"Felipe Nascimento\",\"image\":{\"@type\":\"ImageObject\",\"inLanguage\":\"en-US\",\"@id\":\"https:\\\/\\\/secure.gravatar.com\\\/avatar\\\/99b2fc11283f57cb70c409ae58fd3f3e83dfe5f33ff50bf649361b2d7e2240e0?s=96&d=mm&r=g\",\"url\":\"https:\\\/\\\/secure.gravatar.com\\\/avatar\\\/99b2fc11283f57cb70c409ae58fd3f3e83dfe5f33ff50bf649361b2d7e2240e0?s=96&d=mm&r=g\",\"contentUrl\":\"https:\\\/\\\/secure.gravatar.com\\\/avatar\\\/99b2fc11283f57cb70c409ae58fd3f3e83dfe5f33ff50bf649361b2d7e2240e0?s=96&d=mm&r=g\",\"caption\":\"Felipe Nascimento\"},\"url\":\"https:\\\/\\\/www.gtlawyers.com.br\\\/en\\\/author\\\/felipe\\\/\"}]}<\/script>\n<!-- \/ Yoast SEO plugin. -->","yoast_head_json":{"title":"O engajamento de GTLawyers nas iniciativas comunit\u00e1rias de S\u00e3o Paulo | GTLawyers | Escrit\u00f3rio boutique full-service","robots":{"index":"index","follow":"follow","max-snippet":"max-snippet:-1","max-image-preview":"max-image-preview:large","max-video-preview":"max-video-preview:-1"},"canonical":"https:\/\/www.gtlawyers.com.br\/en\/noticia\/o-engajamento-de-gtlawyers-nas-iniciativas-comunitarias-de-sao-paulo\/","og_locale":"en_US","og_type":"article","og_title":"O engajamento de GTLawyers nas iniciativas comunit\u00e1rias de S\u00e3o Paulo | GTLawyers | Escrit\u00f3rio boutique full-service","og_description":"GTLawyers mant\u00e9m uma participa\u00e7\u00e3o ativa em institui\u00e7\u00f5es que atuam junto \u00e0 comunidade internacional de S\u00e3o Paulo, promovendo inclus\u00e3o, solidariedade e responsabilidade social. C\u00e9cile Verdeaux integra o conselho fiscal da associa\u00e7\u00e3o S\u00e3o Paulo Accueil, que apoia e orienta fam\u00edlias franc\u00f3fonas rec\u00e9m-chegadas \u00e0 cidade. O escrit\u00f3rio tamb\u00e9m presta suporte jur\u00eddico \u00e0 associa\u00e7\u00e3o,&nbsp;contribuindo para a organiza\u00e7\u00e3o e para [&hellip;]","og_url":"https:\/\/www.gtlawyers.com.br\/en\/noticia\/o-engajamento-de-gtlawyers-nas-iniciativas-comunitarias-de-sao-paulo\/","og_site_name":"GTLawyers | Escrit\u00f3rio boutique full-service","article_published_time":"2025-06-17T00:29:44+00:00","article_modified_time":"2025-06-17T00:29:46+00:00","og_image":[{"width":299,"height":136,"url":"https:\/\/www.gtlawyers.com.br\/site\/wp-content\/uploads\/Sao-paulo-acceuil.png","type":"image\/png"}],"author":"Felipe Nascimento","twitter_card":"summary_large_image","twitter_misc":{"Written by":"Felipe Nascimento","Est. reading time":"2 minutes"},"schema":{"@context":"https:\/\/schema.org","@graph":[{"@type":"Article","@id":"https:\/\/www.gtlawyers.com.br\/noticia\/o-engajamento-de-gtlawyers-nas-iniciativas-comunitarias-de-sao-paulo\/#article","isPartOf":{"@id":"https:\/\/www.gtlawyers.com.br\/noticia\/o-engajamento-de-gtlawyers-nas-iniciativas-comunitarias-de-sao-paulo\/"},"author":{"name":"Felipe Nascimento","@id":"https:\/\/www.gtlawyers.com.br\/#\/schema\/person\/ddacb191167435332fe1305a7c77274f"},"headline":"O engajamento de GTLawyers nas iniciativas comunit\u00e1rias de S\u00e3o Paulo","datePublished":"2025-06-17T00:29:44+00:00","dateModified":"2025-06-17T00:29:46+00:00","mainEntityOfPage":{"@id":"https:\/\/www.gtlawyers.com.br\/noticia\/o-engajamento-de-gtlawyers-nas-iniciativas-comunitarias-de-sao-paulo\/"},"wordCount":207,"commentCount":0,"publisher":{"@id":"https:\/\/www.gtlawyers.com.br\/#organization"},"image":{"@id":"https:\/\/www.gtlawyers.com.br\/noticia\/o-engajamento-de-gtlawyers-nas-iniciativas-comunitarias-de-sao-paulo\/#primaryimage"},"thumbnailUrl":"https:\/\/www.gtlawyers.com.br\/site\/wp-content\/uploads\/Sao-paulo-acceuil.png","articleSection":["News"],"inLanguage":"en-US","potentialAction":[{"@type":"CommentAction","name":"Comment","target":["https:\/\/www.gtlawyers.com.br\/noticia\/o-engajamento-de-gtlawyers-nas-iniciativas-comunitarias-de-sao-paulo\/#respond"]}]},{"@type":"WebPage","@id":"https:\/\/www.gtlawyers.com.br\/noticia\/o-engajamento-de-gtlawyers-nas-iniciativas-comunitarias-de-sao-paulo\/","url":"https:\/\/www.gtlawyers.com.br\/noticia\/o-engajamento-de-gtlawyers-nas-iniciativas-comunitarias-de-sao-paulo\/","name":"O engajamento de GTLawyers nas iniciativas comunit\u00e1rias de S\u00e3o Paulo | GTLawyers | Escrit\u00f3rio boutique full-service","isPartOf":{"@id":"https:\/\/www.gtlawyers.com.br\/#website"},"primaryImageOfPage":{"@id":"https:\/\/www.gtlawyers.com.br\/noticia\/o-engajamento-de-gtlawyers-nas-iniciativas-comunitarias-de-sao-paulo\/#primaryimage"},"image":{"@id":"https:\/\/www.gtlawyers.com.br\/noticia\/o-engajamento-de-gtlawyers-nas-iniciativas-comunitarias-de-sao-paulo\/#primaryimage"},"thumbnailUrl":"https:\/\/www.gtlawyers.com.br\/site\/wp-content\/uploads\/Sao-paulo-acceuil.png","datePublished":"2025-06-17T00:29:44+00:00","dateModified":"2025-06-17T00:29:46+00:00","breadcrumb":{"@id":"https:\/\/www.gtlawyers.com.br\/noticia\/o-engajamento-de-gtlawyers-nas-iniciativas-comunitarias-de-sao-paulo\/#breadcrumb"},"inLanguage":"en-US","potentialAction":[{"@type":"ReadAction","target":["https:\/\/www.gtlawyers.com.br\/noticia\/o-engajamento-de-gtlawyers-nas-iniciativas-comunitarias-de-sao-paulo\/"]}]},{"@type":"ImageObject","inLanguage":"en-US","@id":"https:\/\/www.gtlawyers.com.br\/noticia\/o-engajamento-de-gtlawyers-nas-iniciativas-comunitarias-de-sao-paulo\/#primaryimage","url":"https:\/\/www.gtlawyers.com.br\/site\/wp-content\/uploads\/Sao-paulo-acceuil.png","contentUrl":"https:\/\/www.gtlawyers.com.br\/site\/wp-content\/uploads\/Sao-paulo-acceuil.png","width":299,"height":136},{"@type":"BreadcrumbList","@id":"https:\/\/www.gtlawyers.com.br\/noticia\/o-engajamento-de-gtlawyers-nas-iniciativas-comunitarias-de-sao-paulo\/#breadcrumb","itemListElement":[{"@type":"ListItem","position":1,"name":"In\u00edcio","item":"https:\/\/www.gtlawyers.com.br\/"},{"@type":"ListItem","position":2,"name":"O engajamento de GTLawyers nas iniciativas comunit\u00e1rias de S\u00e3o Paulo"}]},{"@type":"WebSite","@id":"https:\/\/www.gtlawyers.com.br\/#website","url":"https:\/\/www.gtlawyers.com.br\/","name":"GTLawyers | Escrit\u00f3rio boutique full-service","description":"Escrit\u00f3rio de advocacia franco-brasileiro para empresas especializado em M&amp;A, direito societ\u00e1rio, tribut\u00e1rio, imobili\u00e1rio, contencioso e compliance","publisher":{"@id":"https:\/\/www.gtlawyers.com.br\/#organization"},"alternateName":"GTLawyers","potentialAction":[{"@type":"SearchAction","target":{"@type":"EntryPoint","urlTemplate":"https:\/\/www.gtlawyers.com.br\/?s={search_term_string}"},"query-input":{"@type":"PropertyValueSpecification","valueRequired":true,"valueName":"search_term_string"}}],"inLanguage":"en-US"},{"@type":"Organization","@id":"https:\/\/www.gtlawyers.com.br\/#organization","name":"GTLawyers - Escrit\u00f3rio boutique full-service","url":"https:\/\/www.gtlawyers.com.br\/","logo":{"@type":"ImageObject","inLanguage":"en-US","@id":"https:\/\/www.gtlawyers.com.br\/#\/schema\/logo\/image\/","url":"https:\/\/www.gtlawyers.com.br\/site\/wp-content\/uploads\/image-3.png","contentUrl":"https:\/\/www.gtlawyers.com.br\/site\/wp-content\/uploads\/image-3.png","width":166,"height":44,"caption":"GTLawyers - Escrit\u00f3rio boutique full-service"},"image":{"@id":"https:\/\/www.gtlawyers.com.br\/#\/schema\/logo\/image\/"},"sameAs":["https:\/\/www.linkedin.com\/company\/gtlawyers\/mycompany\/"]},{"@type":"Person","@id":"https:\/\/www.gtlawyers.com.br\/#\/schema\/person\/ddacb191167435332fe1305a7c77274f","name":"Felipe Nascimento","image":{"@type":"ImageObject","inLanguage":"en-US","@id":"https:\/\/secure.gravatar.com\/avatar\/99b2fc11283f57cb70c409ae58fd3f3e83dfe5f33ff50bf649361b2d7e2240e0?s=96&d=mm&r=g","url":"https:\/\/secure.gravatar.com\/avatar\/99b2fc11283f57cb70c409ae58fd3f3e83dfe5f33ff50bf649361b2d7e2240e0?s=96&d=mm&r=g","contentUrl":"https:\/\/secure.gravatar.com\/avatar\/99b2fc11283f57cb70c409ae58fd3f3e83dfe5f33ff50bf649361b2d7e2240e0?s=96&d=mm&r=g","caption":"Felipe Nascimento"},"url":"https:\/\/www.gtlawyers.com.br\/en\/author\/felipe\/"}]}},"_links":{"self":[{"href":"https:\/\/www.gtlawyers.com.br\/en\/wp-json\/wp\/v2\/posts\/1559","targetHints":{"allow":["GET"]}}],"collection":[{"href":"https:\/\/www.gtlawyers.com.br\/en\/wp-json\/wp\/v2\/posts"}],"about":[{"href":"https:\/\/www.gtlawyers.com.br\/en\/wp-json\/wp\/v2\/types\/post"}],"author":[{"embeddable":true,"href":"https:\/\/www.gtlawyers.com.br\/en\/wp-json\/wp\/v2\/users\/5"}],"replies":[{"embeddable":true,"href":"https:\/\/www.gtlawyers.com.br\/en\/wp-json\/wp\/v2\/comments?post=1559"}],"version-history":[{"count":1,"href":"https:\/\/www.gtlawyers.com.br\/en\/wp-json\/wp\/v2\/posts\/1559\/revisions"}],"predecessor-version":[{"id":1561,"href":"https:\/\/www.gtlawyers.com.br\/en\/wp-json\/wp\/v2\/posts\/1559\/revisions\/1561"}],"wp:featuredmedia":[{"embeddable":true,"href":"https:\/\/www.gtlawyers.com.br\/en\/wp-json\/wp\/v2\/media\/1560"}],"wp:attachment":[{"href":"https:\/\/www.gtlawyers.com.br\/en\/wp-json\/wp\/v2\/media?parent=1559"}],"wp:term":[{"taxonomy":"category","embeddable":true,"href":"https:\/\/www.gtlawyers.com.br\/en\/wp-json\/wp\/v2\/categories?post=1559"},{"taxonomy":"post_tag","embeddable":true,"href":"https:\/\/www.gtlawyers.com.br\/en\/wp-json\/wp\/v2\/tags?post=1559"}],"curies":[{"name":"wp","href":"https:\/\/api.w.org\/{rel}","templated":true}]}}