{"id":1669,"date":"2025-08-14T17:18:44","date_gmt":"2025-08-14T20:18:44","guid":{"rendered":"https:\/\/www.gtlawyers.com.br\/?p=1669"},"modified":"2025-08-18T11:16:20","modified_gmt":"2025-08-18T14:16:20","slug":"gtlawyers-no-evento-brasil-canada-sobre-tecnologia-e-inovacao","status":"publish","type":"post","link":"https:\/\/www.gtlawyers.com.br\/en\/noticia\/gtlawyers-no-evento-brasil-canada-sobre-tecnologia-e-inovacao\/","title":{"rendered":"GTLawyers at the Brazil\u2013Canada event on Technology and Innovation"},"content":{"rendered":"<p>GTLawyers took part in the event organized by the CCBC \u2013 Brazil-Canada Chamber of Commerce \u2013 Rio de Janeiro Chapter, in partnership with Monte Bravo Corretora:<br>\u201cSetores de Tecnologia e Inova\u00e7\u00e3o a partir das perspectivas Brasil-Canad\u00e1: Conex\u00f5es e Oportunidades\u201d.<\/p>\n\n\n\n<p>The meeting, organized with our Managing Partner Anne-Catherine Brunschwig, who serves as Coordinator of CCBC \u2013 Brazil-Canada Chamber of Commerce activities in Rio de Janeiro, featured valuable exchanges on trends, strategies, and business opportunities between Brazil and Canada, exploring how innovation and technological transformation are shaping the future of trade and investment.<\/p>\n\n\n\n<p>We thank the CCBC \u2013 Brazil-Canada Chamber of Commerce for the partnership and Monte Bravo Corretora for hosting the event.<\/p>","protected":false},"excerpt":{"rendered":"<p>O GTLawyers marcou presen\u00e7a no evento promovido pela CCBC &#8211; Chambre de Commerce Br\u00e9sil-Canada \u2013 Chapter Rio de Janeiro, em parceria com a Monte Bravo Corretora:\u201cSetores de Tecnologia e Inova\u00e7\u00e3o a partir das perspectivas Brasil-Canad\u00e1: Conex\u00f5es e Oportunidades\u201d. O encontro foi organizado com nossa Managing Partner Anne-Catherine Brunschwig, que atua como coordenadora das atividades da [&hellip;]<\/p>\n","protected":false},"author":7,"featured_media":1696,"comment_status":"open","ping_status":"open","sticky":false,"template":"","format":"standard","meta":{"_acf_changed":false,"footnotes":""},"categories":[7],"tags":[],"class_list":["post-1669","post","type-post","status-publish","format-standard","has-post-thumbnail","hentry","category-noticia"],"acf":[],"yoast_head":"<!-- This site is optimized with the Yoast SEO plugin v27.5 - https:\/\/yoast.com\/product\/yoast-seo-wordpress\/ -->\n<title>GTLawyers no evento Brasil-Canad\u00e1 sobre Tecnologia e Inova\u00e7\u00e3o | GTLawyers | Escrit\u00f3rio boutique full-service<\/title>\n<meta name=\"robots\" content=\"index, follow, max-snippet:-1, max-image-preview:large, max-video-preview:-1\" \/>\n<link rel=\"canonical\" href=\"https:\/\/www.gtlawyers.com.br\/en\/noticia\/gtlawyers-no-evento-brasil-canada-sobre-tecnologia-e-inovacao\/\" \/>\n<meta property=\"og:locale\" content=\"en_US\" \/>\n<meta property=\"og:type\" content=\"article\" \/>\n<meta property=\"og:title\" content=\"GTLawyers no evento Brasil-Canad\u00e1 sobre Tecnologia e Inova\u00e7\u00e3o | GTLawyers | Escrit\u00f3rio boutique full-service\" \/>\n<meta property=\"og:description\" content=\"O GTLawyers marcou presen\u00e7a no evento promovido pela CCBC &#8211; Chambre de Commerce Br\u00e9sil-Canada \u2013 Chapter Rio de Janeiro, em parceria com a Monte Bravo Corretora:\u201cSetores de Tecnologia e Inova\u00e7\u00e3o a partir das perspectivas Brasil-Canad\u00e1: Conex\u00f5es e Oportunidades\u201d. O encontro foi organizado com nossa Managing Partner Anne-Catherine Brunschwig, que atua como coordenadora das atividades da [&hellip;]\" \/>\n<meta property=\"og:url\" content=\"https:\/\/www.gtlawyers.com.br\/en\/noticia\/gtlawyers-no-evento-brasil-canada-sobre-tecnologia-e-inovacao\/\" \/>\n<meta property=\"og:site_name\" content=\"GTLawyers | Escrit\u00f3rio boutique full-service\" \/>\n<meta property=\"article:published_time\" content=\"2025-08-14T20:18:44+00:00\" \/>\n<meta property=\"article:modified_time\" content=\"2025-08-18T14:16:20+00:00\" \/>\n<meta property=\"og:image\" content=\"https:\/\/www.gtlawyers.com.br\/site\/wp-content\/uploads\/WhatsApp-Image-2025-08-12-at-12.12.10.jpeg\" \/>\n\t<meta property=\"og:image:width\" content=\"1280\" \/>\n\t<meta property=\"og:image:height\" content=\"960\" \/>\n\t<meta property=\"og:image:type\" content=\"image\/jpeg\" \/>\n<meta name=\"author\" content=\"jpuech\" \/>\n<meta name=\"twitter:card\" content=\"summary_large_image\" \/>\n<meta name=\"twitter:label1\" content=\"Written by\" \/>\n\t<meta name=\"twitter:data1\" content=\"jpuech\" \/>\n\t<meta name=\"twitter:label2\" content=\"Est. reading time\" \/>\n\t<meta name=\"twitter:data2\" content=\"1 minute\" \/>\n<script type=\"application\/ld+json\" class=\"yoast-schema-graph\">{\"@context\":\"https:\\\/\\\/schema.org\",\"@graph\":[{\"@type\":\"Article\",\"@id\":\"https:\\\/\\\/www.gtlawyers.com.br\\\/noticia\\\/gtlawyers-no-evento-brasil-canada-sobre-tecnologia-e-inovacao\\\/#article\",\"isPartOf\":{\"@id\":\"https:\\\/\\\/www.gtlawyers.com.br\\\/noticia\\\/gtlawyers-no-evento-brasil-canada-sobre-tecnologia-e-inovacao\\\/\"},\"author\":{\"name\":\"jpuech\",\"@id\":\"https:\\\/\\\/www.gtlawyers.com.br\\\/#\\\/schema\\\/person\\\/e0db5b05dd070b41155ef644b597a673\"},\"headline\":\"GTLawyers no evento Brasil-Canad\u00e1 sobre Tecnologia e Inova\u00e7\u00e3o\",\"datePublished\":\"2025-08-14T20:18:44+00:00\",\"dateModified\":\"2025-08-18T14:16:20+00:00\",\"mainEntityOfPage\":{\"@id\":\"https:\\\/\\\/www.gtlawyers.com.br\\\/noticia\\\/gtlawyers-no-evento-brasil-canada-sobre-tecnologia-e-inovacao\\\/\"},\"wordCount\":140,\"commentCount\":0,\"publisher\":{\"@id\":\"https:\\\/\\\/www.gtlawyers.com.br\\\/#organization\"},\"image\":{\"@id\":\"https:\\\/\\\/www.gtlawyers.com.br\\\/noticia\\\/gtlawyers-no-evento-brasil-canada-sobre-tecnologia-e-inovacao\\\/#primaryimage\"},\"thumbnailUrl\":\"https:\\\/\\\/www.gtlawyers.com.br\\\/site\\\/wp-content\\\/uploads\\\/WhatsApp-Image-2025-08-12-at-12.12.10.jpeg\",\"articleSection\":[\"News\"],\"inLanguage\":\"en-US\",\"potentialAction\":[{\"@type\":\"CommentAction\",\"name\":\"Comment\",\"target\":[\"https:\\\/\\\/www.gtlawyers.com.br\\\/noticia\\\/gtlawyers-no-evento-brasil-canada-sobre-tecnologia-e-inovacao\\\/#respond\"]}]},{\"@type\":\"WebPage\",\"@id\":\"https:\\\/\\\/www.gtlawyers.com.br\\\/noticia\\\/gtlawyers-no-evento-brasil-canada-sobre-tecnologia-e-inovacao\\\/\",\"url\":\"https:\\\/\\\/www.gtlawyers.com.br\\\/noticia\\\/gtlawyers-no-evento-brasil-canada-sobre-tecnologia-e-inovacao\\\/\",\"name\":\"GTLawyers no evento Brasil-Canad\u00e1 sobre Tecnologia e Inova\u00e7\u00e3o | GTLawyers | Escrit\u00f3rio boutique full-service\",\"isPartOf\":{\"@id\":\"https:\\\/\\\/www.gtlawyers.com.br\\\/#website\"},\"primaryImageOfPage\":{\"@id\":\"https:\\\/\\\/www.gtlawyers.com.br\\\/noticia\\\/gtlawyers-no-evento-brasil-canada-sobre-tecnologia-e-inovacao\\\/#primaryimage\"},\"image\":{\"@id\":\"https:\\\/\\\/www.gtlawyers.com.br\\\/noticia\\\/gtlawyers-no-evento-brasil-canada-sobre-tecnologia-e-inovacao\\\/#primaryimage\"},\"thumbnailUrl\":\"https:\\\/\\\/www.gtlawyers.com.br\\\/site\\\/wp-content\\\/uploads\\\/WhatsApp-Image-2025-08-12-at-12.12.10.jpeg\",\"datePublished\":\"2025-08-14T20:18:44+00:00\",\"dateModified\":\"2025-08-18T14:16:20+00:00\",\"breadcrumb\":{\"@id\":\"https:\\\/\\\/www.gtlawyers.com.br\\\/noticia\\\/gtlawyers-no-evento-brasil-canada-sobre-tecnologia-e-inovacao\\\/#breadcrumb\"},\"inLanguage\":\"en-US\",\"potentialAction\":[{\"@type\":\"ReadAction\",\"target\":[\"https:\\\/\\\/www.gtlawyers.com.br\\\/noticia\\\/gtlawyers-no-evento-brasil-canada-sobre-tecnologia-e-inovacao\\\/\"]}]},{\"@type\":\"ImageObject\",\"inLanguage\":\"en-US\",\"@id\":\"https:\\\/\\\/www.gtlawyers.com.br\\\/noticia\\\/gtlawyers-no-evento-brasil-canada-sobre-tecnologia-e-inovacao\\\/#primaryimage\",\"url\":\"https:\\\/\\\/www.gtlawyers.com.br\\\/site\\\/wp-content\\\/uploads\\\/WhatsApp-Image-2025-08-12-at-12.12.10.jpeg\",\"contentUrl\":\"https:\\\/\\\/www.gtlawyers.com.br\\\/site\\\/wp-content\\\/uploads\\\/WhatsApp-Image-2025-08-12-at-12.12.10.jpeg\",\"width\":1280,\"height\":960},{\"@type\":\"BreadcrumbList\",\"@id\":\"https:\\\/\\\/www.gtlawyers.com.br\\\/noticia\\\/gtlawyers-no-evento-brasil-canada-sobre-tecnologia-e-inovacao\\\/#breadcrumb\",\"itemListElement\":[{\"@type\":\"ListItem\",\"position\":1,\"name\":\"In\u00edcio\",\"item\":\"https:\\\/\\\/www.gtlawyers.com.br\\\/\"},{\"@type\":\"ListItem\",\"position\":2,\"name\":\"GTLawyers no evento Brasil-Canad\u00e1 sobre Tecnologia e Inova\u00e7\u00e3o\"}]},{\"@type\":\"WebSite\",\"@id\":\"https:\\\/\\\/www.gtlawyers.com.br\\\/#website\",\"url\":\"https:\\\/\\\/www.gtlawyers.com.br\\\/\",\"name\":\"GTLawyers | Escrit\u00f3rio boutique full-service\",\"description\":\"Escrit\u00f3rio de advocacia franco-brasileiro para empresas especializado em M&amp;A, direito societ\u00e1rio, tribut\u00e1rio, imobili\u00e1rio, contencioso e compliance\",\"publisher\":{\"@id\":\"https:\\\/\\\/www.gtlawyers.com.br\\\/#organization\"},\"alternateName\":\"GTLawyers\",\"potentialAction\":[{\"@type\":\"SearchAction\",\"target\":{\"@type\":\"EntryPoint\",\"urlTemplate\":\"https:\\\/\\\/www.gtlawyers.com.br\\\/?s={search_term_string}\"},\"query-input\":{\"@type\":\"PropertyValueSpecification\",\"valueRequired\":true,\"valueName\":\"search_term_string\"}}],\"inLanguage\":\"en-US\"},{\"@type\":\"Organization\",\"@id\":\"https:\\\/\\\/www.gtlawyers.com.br\\\/#organization\",\"name\":\"GTLawyers - Escrit\u00f3rio boutique full-service\",\"url\":\"https:\\\/\\\/www.gtlawyers.com.br\\\/\",\"logo\":{\"@type\":\"ImageObject\",\"inLanguage\":\"en-US\",\"@id\":\"https:\\\/\\\/www.gtlawyers.com.br\\\/#\\\/schema\\\/logo\\\/image\\\/\",\"url\":\"https:\\\/\\\/www.gtlawyers.com.br\\\/site\\\/wp-content\\\/uploads\\\/image-3.png\",\"contentUrl\":\"https:\\\/\\\/www.gtlawyers.com.br\\\/site\\\/wp-content\\\/uploads\\\/image-3.png\",\"width\":166,\"height\":44,\"caption\":\"GTLawyers - Escrit\u00f3rio boutique full-service\"},\"image\":{\"@id\":\"https:\\\/\\\/www.gtlawyers.com.br\\\/#\\\/schema\\\/logo\\\/image\\\/\"},\"sameAs\":[\"https:\\\/\\\/www.linkedin.com\\\/company\\\/gtlawyers\\\/mycompany\\\/\"]},{\"@type\":\"Person\",\"@id\":\"https:\\\/\\\/www.gtlawyers.com.br\\\/#\\\/schema\\\/person\\\/e0db5b05dd070b41155ef644b597a673\",\"name\":\"jpuech\",\"image\":{\"@type\":\"ImageObject\",\"inLanguage\":\"en-US\",\"@id\":\"https:\\\/\\\/secure.gravatar.com\\\/avatar\\\/a4d9c2fd529856a7f009b58407a57904cdee663da0c2cd0a2ae1444149f1ca4d?s=96&d=mm&r=g\",\"url\":\"https:\\\/\\\/secure.gravatar.com\\\/avatar\\\/a4d9c2fd529856a7f009b58407a57904cdee663da0c2cd0a2ae1444149f1ca4d?s=96&d=mm&r=g\",\"contentUrl\":\"https:\\\/\\\/secure.gravatar.com\\\/avatar\\\/a4d9c2fd529856a7f009b58407a57904cdee663da0c2cd0a2ae1444149f1ca4d?s=96&d=mm&r=g\",\"caption\":\"jpuech\"},\"url\":\"https:\\\/\\\/www.gtlawyers.com.br\\\/en\\\/author\\\/jpuech\\\/\"}]}<\/script>\n<!-- \/ Yoast SEO plugin. -->","yoast_head_json":{"title":"GTLawyers no evento Brasil-Canad\u00e1 sobre Tecnologia e Inova\u00e7\u00e3o | GTLawyers | Escrit\u00f3rio boutique full-service","robots":{"index":"index","follow":"follow","max-snippet":"max-snippet:-1","max-image-preview":"max-image-preview:large","max-video-preview":"max-video-preview:-1"},"canonical":"https:\/\/www.gtlawyers.com.br\/en\/noticia\/gtlawyers-no-evento-brasil-canada-sobre-tecnologia-e-inovacao\/","og_locale":"en_US","og_type":"article","og_title":"GTLawyers no evento Brasil-Canad\u00e1 sobre Tecnologia e Inova\u00e7\u00e3o | GTLawyers | Escrit\u00f3rio boutique full-service","og_description":"O GTLawyers marcou presen\u00e7a no evento promovido pela CCBC &#8211; Chambre de Commerce Br\u00e9sil-Canada \u2013 Chapter Rio de Janeiro, em parceria com a Monte Bravo Corretora:\u201cSetores de Tecnologia e Inova\u00e7\u00e3o a partir das perspectivas Brasil-Canad\u00e1: Conex\u00f5es e Oportunidades\u201d. O encontro foi organizado com nossa Managing Partner Anne-Catherine Brunschwig, que atua como coordenadora das atividades da [&hellip;]","og_url":"https:\/\/www.gtlawyers.com.br\/en\/noticia\/gtlawyers-no-evento-brasil-canada-sobre-tecnologia-e-inovacao\/","og_site_name":"GTLawyers | Escrit\u00f3rio boutique full-service","article_published_time":"2025-08-14T20:18:44+00:00","article_modified_time":"2025-08-18T14:16:20+00:00","og_image":[{"width":1280,"height":960,"url":"https:\/\/www.gtlawyers.com.br\/site\/wp-content\/uploads\/WhatsApp-Image-2025-08-12-at-12.12.10.jpeg","type":"image\/jpeg"}],"author":"jpuech","twitter_card":"summary_large_image","twitter_misc":{"Written by":"jpuech","Est. reading time":"1 minute"},"schema":{"@context":"https:\/\/schema.org","@graph":[{"@type":"Article","@id":"https:\/\/www.gtlawyers.com.br\/noticia\/gtlawyers-no-evento-brasil-canada-sobre-tecnologia-e-inovacao\/#article","isPartOf":{"@id":"https:\/\/www.gtlawyers.com.br\/noticia\/gtlawyers-no-evento-brasil-canada-sobre-tecnologia-e-inovacao\/"},"author":{"name":"jpuech","@id":"https:\/\/www.gtlawyers.com.br\/#\/schema\/person\/e0db5b05dd070b41155ef644b597a673"},"headline":"GTLawyers no evento Brasil-Canad\u00e1 sobre Tecnologia e Inova\u00e7\u00e3o","datePublished":"2025-08-14T20:18:44+00:00","dateModified":"2025-08-18T14:16:20+00:00","mainEntityOfPage":{"@id":"https:\/\/www.gtlawyers.com.br\/noticia\/gtlawyers-no-evento-brasil-canada-sobre-tecnologia-e-inovacao\/"},"wordCount":140,"commentCount":0,"publisher":{"@id":"https:\/\/www.gtlawyers.com.br\/#organization"},"image":{"@id":"https:\/\/www.gtlawyers.com.br\/noticia\/gtlawyers-no-evento-brasil-canada-sobre-tecnologia-e-inovacao\/#primaryimage"},"thumbnailUrl":"https:\/\/www.gtlawyers.com.br\/site\/wp-content\/uploads\/WhatsApp-Image-2025-08-12-at-12.12.10.jpeg","articleSection":["News"],"inLanguage":"en-US","potentialAction":[{"@type":"CommentAction","name":"Comment","target":["https:\/\/www.gtlawyers.com.br\/noticia\/gtlawyers-no-evento-brasil-canada-sobre-tecnologia-e-inovacao\/#respond"]}]},{"@type":"WebPage","@id":"https:\/\/www.gtlawyers.com.br\/noticia\/gtlawyers-no-evento-brasil-canada-sobre-tecnologia-e-inovacao\/","url":"https:\/\/www.gtlawyers.com.br\/noticia\/gtlawyers-no-evento-brasil-canada-sobre-tecnologia-e-inovacao\/","name":"GTLawyers no evento Brasil-Canad\u00e1 sobre Tecnologia e Inova\u00e7\u00e3o | GTLawyers | Escrit\u00f3rio boutique full-service","isPartOf":{"@id":"https:\/\/www.gtlawyers.com.br\/#website"},"primaryImageOfPage":{"@id":"https:\/\/www.gtlawyers.com.br\/noticia\/gtlawyers-no-evento-brasil-canada-sobre-tecnologia-e-inovacao\/#primaryimage"},"image":{"@id":"https:\/\/www.gtlawyers.com.br\/noticia\/gtlawyers-no-evento-brasil-canada-sobre-tecnologia-e-inovacao\/#primaryimage"},"thumbnailUrl":"https:\/\/www.gtlawyers.com.br\/site\/wp-content\/uploads\/WhatsApp-Image-2025-08-12-at-12.12.10.jpeg","datePublished":"2025-08-14T20:18:44+00:00","dateModified":"2025-08-18T14:16:20+00:00","breadcrumb":{"@id":"https:\/\/www.gtlawyers.com.br\/noticia\/gtlawyers-no-evento-brasil-canada-sobre-tecnologia-e-inovacao\/#breadcrumb"},"inLanguage":"en-US","potentialAction":[{"@type":"ReadAction","target":["https:\/\/www.gtlawyers.com.br\/noticia\/gtlawyers-no-evento-brasil-canada-sobre-tecnologia-e-inovacao\/"]}]},{"@type":"ImageObject","inLanguage":"en-US","@id":"https:\/\/www.gtlawyers.com.br\/noticia\/gtlawyers-no-evento-brasil-canada-sobre-tecnologia-e-inovacao\/#primaryimage","url":"https:\/\/www.gtlawyers.com.br\/site\/wp-content\/uploads\/WhatsApp-Image-2025-08-12-at-12.12.10.jpeg","contentUrl":"https:\/\/www.gtlawyers.com.br\/site\/wp-content\/uploads\/WhatsApp-Image-2025-08-12-at-12.12.10.jpeg","width":1280,"height":960},{"@type":"BreadcrumbList","@id":"https:\/\/www.gtlawyers.com.br\/noticia\/gtlawyers-no-evento-brasil-canada-sobre-tecnologia-e-inovacao\/#breadcrumb","itemListElement":[{"@type":"ListItem","position":1,"name":"In\u00edcio","item":"https:\/\/www.gtlawyers.com.br\/"},{"@type":"ListItem","position":2,"name":"GTLawyers no evento Brasil-Canad\u00e1 sobre Tecnologia e Inova\u00e7\u00e3o"}]},{"@type":"WebSite","@id":"https:\/\/www.gtlawyers.com.br\/#website","url":"https:\/\/www.gtlawyers.com.br\/","name":"GTLawyers | Escrit\u00f3rio boutique full-service","description":"Escrit\u00f3rio de advocacia franco-brasileiro para empresas especializado em M&amp;A, direito societ\u00e1rio, tribut\u00e1rio, imobili\u00e1rio, contencioso e compliance","publisher":{"@id":"https:\/\/www.gtlawyers.com.br\/#organization"},"alternateName":"GTLawyers","potentialAction":[{"@type":"SearchAction","target":{"@type":"EntryPoint","urlTemplate":"https:\/\/www.gtlawyers.com.br\/?s={search_term_string}"},"query-input":{"@type":"PropertyValueSpecification","valueRequired":true,"valueName":"search_term_string"}}],"inLanguage":"en-US"},{"@type":"Organization","@id":"https:\/\/www.gtlawyers.com.br\/#organization","name":"GTLawyers - Escrit\u00f3rio boutique full-service","url":"https:\/\/www.gtlawyers.com.br\/","logo":{"@type":"ImageObject","inLanguage":"en-US","@id":"https:\/\/www.gtlawyers.com.br\/#\/schema\/logo\/image\/","url":"https:\/\/www.gtlawyers.com.br\/site\/wp-content\/uploads\/image-3.png","contentUrl":"https:\/\/www.gtlawyers.com.br\/site\/wp-content\/uploads\/image-3.png","width":166,"height":44,"caption":"GTLawyers - Escrit\u00f3rio boutique full-service"},"image":{"@id":"https:\/\/www.gtlawyers.com.br\/#\/schema\/logo\/image\/"},"sameAs":["https:\/\/www.linkedin.com\/company\/gtlawyers\/mycompany\/"]},{"@type":"Person","@id":"https:\/\/www.gtlawyers.com.br\/#\/schema\/person\/e0db5b05dd070b41155ef644b597a673","name":"jpuech","image":{"@type":"ImageObject","inLanguage":"en-US","@id":"https:\/\/secure.gravatar.com\/avatar\/a4d9c2fd529856a7f009b58407a57904cdee663da0c2cd0a2ae1444149f1ca4d?s=96&d=mm&r=g","url":"https:\/\/secure.gravatar.com\/avatar\/a4d9c2fd529856a7f009b58407a57904cdee663da0c2cd0a2ae1444149f1ca4d?s=96&d=mm&r=g","contentUrl":"https:\/\/secure.gravatar.com\/avatar\/a4d9c2fd529856a7f009b58407a57904cdee663da0c2cd0a2ae1444149f1ca4d?s=96&d=mm&r=g","caption":"jpuech"},"url":"https:\/\/www.gtlawyers.com.br\/en\/author\/jpuech\/"}]}},"_links":{"self":[{"href":"https:\/\/www.gtlawyers.com.br\/en\/wp-json\/wp\/v2\/posts\/1669","targetHints":{"allow":["GET"]}}],"collection":[{"href":"https:\/\/www.gtlawyers.com.br\/en\/wp-json\/wp\/v2\/posts"}],"about":[{"href":"https:\/\/www.gtlawyers.com.br\/en\/wp-json\/wp\/v2\/types\/post"}],"author":[{"embeddable":true,"href":"https:\/\/www.gtlawyers.com.br\/en\/wp-json\/wp\/v2\/users\/7"}],"replies":[{"embeddable":true,"href":"https:\/\/www.gtlawyers.com.br\/en\/wp-json\/wp\/v2\/comments?post=1669"}],"version-history":[{"count":2,"href":"https:\/\/www.gtlawyers.com.br\/en\/wp-json\/wp\/v2\/posts\/1669\/revisions"}],"predecessor-version":[{"id":1673,"href":"https:\/\/www.gtlawyers.com.br\/en\/wp-json\/wp\/v2\/posts\/1669\/revisions\/1673"}],"wp:featuredmedia":[{"embeddable":true,"href":"https:\/\/www.gtlawyers.com.br\/en\/wp-json\/wp\/v2\/media\/1696"}],"wp:attachment":[{"href":"https:\/\/www.gtlawyers.com.br\/en\/wp-json\/wp\/v2\/media?parent=1669"}],"wp:term":[{"taxonomy":"category","embeddable":true,"href":"https:\/\/www.gtlawyers.com.br\/en\/wp-json\/wp\/v2\/categories?post=1669"},{"taxonomy":"post_tag","embeddable":true,"href":"https:\/\/www.gtlawyers.com.br\/en\/wp-json\/wp\/v2\/tags?post=1669"}],"curies":[{"name":"wp","href":"https:\/\/api.w.org\/{rel}","templated":true}]}}