{"id":1703,"date":"2025-08-21T15:16:06","date_gmt":"2025-08-21T18:16:06","guid":{"rendered":"https:\/\/www.gtlawyers.com.br\/?p=1703"},"modified":"2025-08-21T15:16:07","modified_gmt":"2025-08-21T18:16:07","slug":"presenca-do-gtlawyers-no-debate-sobre-legaltech-e-venture-capital","status":"publish","type":"post","link":"https:\/\/www.gtlawyers.com.br\/en\/noticia\/presenca-do-gtlawyers-no-debate-sobre-legaltech-e-venture-capital\/","title":{"rendered":"GTLawyers\u2019 presence at the Legaltech and Venture Capital debate"},"content":{"rendered":"<p>GTLawyers participated in the event \"Legaltech &amp; Venture Capital: Growth and Challenges in the Legal Sector\" with our lawyers Paula Costa e Silva and Ana Paula Ruiz, organized by the Spanish Chamber of Commerce and its Legal Committee.<\/p>\n\n\n\n<p>The event focused on the current landscape of the legal sector, highlighting the significant transformation driven by technological innovations and the growing relevance of legaltechs and specialized investors. Topics such as process automation, artificial intelligence applied to law, and investment trends in the legal ecosystem were discussed during the meeting.<\/p>\n\n\n\n<p>We thank the Spanish Chamber of Commerce and its Legal Committee for the impeccable organization and for providing a valuable space for exchange and learning.<\/p>","protected":false},"excerpt":{"rendered":"<p>O GTLawyers marcou presen\u00e7a com as nossas advogadas Paula Costa e Silva e Ana Paula Ruiz no evento &#8220;Legaltech &amp; Venture Capital: Crescimento e Desafios no Setor Jur\u00eddico&#8221; promovido pela C\u00e2mara Espanhola e seu Comit\u00ea Jur\u00eddico. O encontro foi focado no panorama atual do setor jur\u00eddico, destacando a transforma\u00e7\u00e3o significativa impulsionada por inova\u00e7\u00f5es tecnol\u00f3gicas e [&hellip;]<\/p>\n","protected":false},"author":7,"featured_media":1704,"comment_status":"open","ping_status":"open","sticky":false,"template":"","format":"standard","meta":{"_acf_changed":false,"footnotes":""},"categories":[7],"tags":[],"class_list":["post-1703","post","type-post","status-publish","format-standard","has-post-thumbnail","hentry","category-noticia"],"acf":[],"yoast_head":"<!-- This site is optimized with the Yoast SEO plugin v27.5 - https:\/\/yoast.com\/product\/yoast-seo-wordpress\/ -->\n<title>Presen\u00e7a do GTLawyers no debate sobre Legaltech e Venture Capital | GTLawyers | Escrit\u00f3rio boutique full-service<\/title>\n<meta name=\"robots\" content=\"index, follow, max-snippet:-1, max-image-preview:large, max-video-preview:-1\" \/>\n<link rel=\"canonical\" href=\"https:\/\/www.gtlawyers.com.br\/en\/noticia\/presenca-do-gtlawyers-no-debate-sobre-legaltech-e-venture-capital\/\" \/>\n<meta property=\"og:locale\" content=\"en_US\" \/>\n<meta property=\"og:type\" content=\"article\" \/>\n<meta property=\"og:title\" content=\"Presen\u00e7a do GTLawyers no debate sobre Legaltech e Venture Capital | GTLawyers | Escrit\u00f3rio boutique full-service\" \/>\n<meta property=\"og:description\" content=\"O GTLawyers marcou presen\u00e7a com as nossas advogadas Paula Costa e Silva e Ana Paula Ruiz no evento &#8220;Legaltech &amp; Venture Capital: Crescimento e Desafios no Setor Jur\u00eddico&#8221; promovido pela C\u00e2mara Espanhola e seu Comit\u00ea Jur\u00eddico. O encontro foi focado no panorama atual do setor jur\u00eddico, destacando a transforma\u00e7\u00e3o significativa impulsionada por inova\u00e7\u00f5es tecnol\u00f3gicas e [&hellip;]\" \/>\n<meta property=\"og:url\" content=\"https:\/\/www.gtlawyers.com.br\/en\/noticia\/presenca-do-gtlawyers-no-debate-sobre-legaltech-e-venture-capital\/\" \/>\n<meta property=\"og:site_name\" content=\"GTLawyers | Escrit\u00f3rio boutique full-service\" \/>\n<meta property=\"article:published_time\" content=\"2025-08-21T18:16:06+00:00\" \/>\n<meta property=\"article:modified_time\" content=\"2025-08-21T18:16:07+00:00\" \/>\n<meta property=\"og:image\" content=\"https:\/\/www.gtlawyers.com.br\/site\/wp-content\/uploads\/WhatsApp-Image-2025-08-20-at-12.09.47.jpeg\" \/>\n\t<meta property=\"og:image:width\" content=\"1200\" \/>\n\t<meta property=\"og:image:height\" content=\"1600\" \/>\n\t<meta property=\"og:image:type\" content=\"image\/jpeg\" \/>\n<meta name=\"author\" content=\"jpuech\" \/>\n<meta name=\"twitter:card\" content=\"summary_large_image\" \/>\n<meta name=\"twitter:label1\" content=\"Written by\" \/>\n\t<meta name=\"twitter:data1\" content=\"jpuech\" \/>\n\t<meta name=\"twitter:label2\" content=\"Est. reading time\" \/>\n\t<meta name=\"twitter:data2\" content=\"1 minute\" \/>\n<script type=\"application\/ld+json\" class=\"yoast-schema-graph\">{\"@context\":\"https:\\\/\\\/schema.org\",\"@graph\":[{\"@type\":\"Article\",\"@id\":\"https:\\\/\\\/www.gtlawyers.com.br\\\/noticia\\\/presenca-do-gtlawyers-no-debate-sobre-legaltech-e-venture-capital\\\/#article\",\"isPartOf\":{\"@id\":\"https:\\\/\\\/www.gtlawyers.com.br\\\/noticia\\\/presenca-do-gtlawyers-no-debate-sobre-legaltech-e-venture-capital\\\/\"},\"author\":{\"name\":\"jpuech\",\"@id\":\"https:\\\/\\\/www.gtlawyers.com.br\\\/#\\\/schema\\\/person\\\/e0db5b05dd070b41155ef644b597a673\"},\"headline\":\"Presen\u00e7a do GTLawyers no debate sobre Legaltech e Venture Capital\",\"datePublished\":\"2025-08-21T18:16:06+00:00\",\"dateModified\":\"2025-08-21T18:16:07+00:00\",\"mainEntityOfPage\":{\"@id\":\"https:\\\/\\\/www.gtlawyers.com.br\\\/noticia\\\/presenca-do-gtlawyers-no-debate-sobre-legaltech-e-venture-capital\\\/\"},\"wordCount\":135,\"commentCount\":0,\"publisher\":{\"@id\":\"https:\\\/\\\/www.gtlawyers.com.br\\\/#organization\"},\"image\":{\"@id\":\"https:\\\/\\\/www.gtlawyers.com.br\\\/noticia\\\/presenca-do-gtlawyers-no-debate-sobre-legaltech-e-venture-capital\\\/#primaryimage\"},\"thumbnailUrl\":\"https:\\\/\\\/www.gtlawyers.com.br\\\/site\\\/wp-content\\\/uploads\\\/WhatsApp-Image-2025-08-20-at-12.09.47.jpeg\",\"articleSection\":[\"News\"],\"inLanguage\":\"en-US\",\"potentialAction\":[{\"@type\":\"CommentAction\",\"name\":\"Comment\",\"target\":[\"https:\\\/\\\/www.gtlawyers.com.br\\\/noticia\\\/presenca-do-gtlawyers-no-debate-sobre-legaltech-e-venture-capital\\\/#respond\"]}]},{\"@type\":\"WebPage\",\"@id\":\"https:\\\/\\\/www.gtlawyers.com.br\\\/noticia\\\/presenca-do-gtlawyers-no-debate-sobre-legaltech-e-venture-capital\\\/\",\"url\":\"https:\\\/\\\/www.gtlawyers.com.br\\\/noticia\\\/presenca-do-gtlawyers-no-debate-sobre-legaltech-e-venture-capital\\\/\",\"name\":\"Presen\u00e7a do GTLawyers no debate sobre Legaltech e Venture Capital | GTLawyers | Escrit\u00f3rio boutique full-service\",\"isPartOf\":{\"@id\":\"https:\\\/\\\/www.gtlawyers.com.br\\\/#website\"},\"primaryImageOfPage\":{\"@id\":\"https:\\\/\\\/www.gtlawyers.com.br\\\/noticia\\\/presenca-do-gtlawyers-no-debate-sobre-legaltech-e-venture-capital\\\/#primaryimage\"},\"image\":{\"@id\":\"https:\\\/\\\/www.gtlawyers.com.br\\\/noticia\\\/presenca-do-gtlawyers-no-debate-sobre-legaltech-e-venture-capital\\\/#primaryimage\"},\"thumbnailUrl\":\"https:\\\/\\\/www.gtlawyers.com.br\\\/site\\\/wp-content\\\/uploads\\\/WhatsApp-Image-2025-08-20-at-12.09.47.jpeg\",\"datePublished\":\"2025-08-21T18:16:06+00:00\",\"dateModified\":\"2025-08-21T18:16:07+00:00\",\"breadcrumb\":{\"@id\":\"https:\\\/\\\/www.gtlawyers.com.br\\\/noticia\\\/presenca-do-gtlawyers-no-debate-sobre-legaltech-e-venture-capital\\\/#breadcrumb\"},\"inLanguage\":\"en-US\",\"potentialAction\":[{\"@type\":\"ReadAction\",\"target\":[\"https:\\\/\\\/www.gtlawyers.com.br\\\/noticia\\\/presenca-do-gtlawyers-no-debate-sobre-legaltech-e-venture-capital\\\/\"]}]},{\"@type\":\"ImageObject\",\"inLanguage\":\"en-US\",\"@id\":\"https:\\\/\\\/www.gtlawyers.com.br\\\/noticia\\\/presenca-do-gtlawyers-no-debate-sobre-legaltech-e-venture-capital\\\/#primaryimage\",\"url\":\"https:\\\/\\\/www.gtlawyers.com.br\\\/site\\\/wp-content\\\/uploads\\\/WhatsApp-Image-2025-08-20-at-12.09.47.jpeg\",\"contentUrl\":\"https:\\\/\\\/www.gtlawyers.com.br\\\/site\\\/wp-content\\\/uploads\\\/WhatsApp-Image-2025-08-20-at-12.09.47.jpeg\",\"width\":1200,\"height\":1600},{\"@type\":\"BreadcrumbList\",\"@id\":\"https:\\\/\\\/www.gtlawyers.com.br\\\/noticia\\\/presenca-do-gtlawyers-no-debate-sobre-legaltech-e-venture-capital\\\/#breadcrumb\",\"itemListElement\":[{\"@type\":\"ListItem\",\"position\":1,\"name\":\"In\u00edcio\",\"item\":\"https:\\\/\\\/www.gtlawyers.com.br\\\/\"},{\"@type\":\"ListItem\",\"position\":2,\"name\":\"Presen\u00e7a do GTLawyers no debate sobre Legaltech e Venture Capital\"}]},{\"@type\":\"WebSite\",\"@id\":\"https:\\\/\\\/www.gtlawyers.com.br\\\/#website\",\"url\":\"https:\\\/\\\/www.gtlawyers.com.br\\\/\",\"name\":\"GTLawyers | Escrit\u00f3rio boutique full-service\",\"description\":\"Escrit\u00f3rio de advocacia franco-brasileiro para empresas especializado em M&amp;A, direito societ\u00e1rio, tribut\u00e1rio, imobili\u00e1rio, contencioso e compliance\",\"publisher\":{\"@id\":\"https:\\\/\\\/www.gtlawyers.com.br\\\/#organization\"},\"alternateName\":\"GTLawyers\",\"potentialAction\":[{\"@type\":\"SearchAction\",\"target\":{\"@type\":\"EntryPoint\",\"urlTemplate\":\"https:\\\/\\\/www.gtlawyers.com.br\\\/?s={search_term_string}\"},\"query-input\":{\"@type\":\"PropertyValueSpecification\",\"valueRequired\":true,\"valueName\":\"search_term_string\"}}],\"inLanguage\":\"en-US\"},{\"@type\":\"Organization\",\"@id\":\"https:\\\/\\\/www.gtlawyers.com.br\\\/#organization\",\"name\":\"GTLawyers - Escrit\u00f3rio boutique full-service\",\"url\":\"https:\\\/\\\/www.gtlawyers.com.br\\\/\",\"logo\":{\"@type\":\"ImageObject\",\"inLanguage\":\"en-US\",\"@id\":\"https:\\\/\\\/www.gtlawyers.com.br\\\/#\\\/schema\\\/logo\\\/image\\\/\",\"url\":\"https:\\\/\\\/www.gtlawyers.com.br\\\/site\\\/wp-content\\\/uploads\\\/image-3.png\",\"contentUrl\":\"https:\\\/\\\/www.gtlawyers.com.br\\\/site\\\/wp-content\\\/uploads\\\/image-3.png\",\"width\":166,\"height\":44,\"caption\":\"GTLawyers - Escrit\u00f3rio boutique full-service\"},\"image\":{\"@id\":\"https:\\\/\\\/www.gtlawyers.com.br\\\/#\\\/schema\\\/logo\\\/image\\\/\"},\"sameAs\":[\"https:\\\/\\\/www.linkedin.com\\\/company\\\/gtlawyers\\\/mycompany\\\/\"]},{\"@type\":\"Person\",\"@id\":\"https:\\\/\\\/www.gtlawyers.com.br\\\/#\\\/schema\\\/person\\\/e0db5b05dd070b41155ef644b597a673\",\"name\":\"jpuech\",\"image\":{\"@type\":\"ImageObject\",\"inLanguage\":\"en-US\",\"@id\":\"https:\\\/\\\/secure.gravatar.com\\\/avatar\\\/a4d9c2fd529856a7f009b58407a57904cdee663da0c2cd0a2ae1444149f1ca4d?s=96&d=mm&r=g\",\"url\":\"https:\\\/\\\/secure.gravatar.com\\\/avatar\\\/a4d9c2fd529856a7f009b58407a57904cdee663da0c2cd0a2ae1444149f1ca4d?s=96&d=mm&r=g\",\"contentUrl\":\"https:\\\/\\\/secure.gravatar.com\\\/avatar\\\/a4d9c2fd529856a7f009b58407a57904cdee663da0c2cd0a2ae1444149f1ca4d?s=96&d=mm&r=g\",\"caption\":\"jpuech\"},\"url\":\"https:\\\/\\\/www.gtlawyers.com.br\\\/en\\\/author\\\/jpuech\\\/\"}]}<\/script>\n<!-- \/ Yoast SEO plugin. -->","yoast_head_json":{"title":"Presen\u00e7a do GTLawyers no debate sobre Legaltech e Venture Capital | GTLawyers | Escrit\u00f3rio boutique full-service","robots":{"index":"index","follow":"follow","max-snippet":"max-snippet:-1","max-image-preview":"max-image-preview:large","max-video-preview":"max-video-preview:-1"},"canonical":"https:\/\/www.gtlawyers.com.br\/en\/noticia\/presenca-do-gtlawyers-no-debate-sobre-legaltech-e-venture-capital\/","og_locale":"en_US","og_type":"article","og_title":"Presen\u00e7a do GTLawyers no debate sobre Legaltech e Venture Capital | GTLawyers | Escrit\u00f3rio boutique full-service","og_description":"O GTLawyers marcou presen\u00e7a com as nossas advogadas Paula Costa e Silva e Ana Paula Ruiz no evento &#8220;Legaltech &amp; Venture Capital: Crescimento e Desafios no Setor Jur\u00eddico&#8221; promovido pela C\u00e2mara Espanhola e seu Comit\u00ea Jur\u00eddico. O encontro foi focado no panorama atual do setor jur\u00eddico, destacando a transforma\u00e7\u00e3o significativa impulsionada por inova\u00e7\u00f5es tecnol\u00f3gicas e [&hellip;]","og_url":"https:\/\/www.gtlawyers.com.br\/en\/noticia\/presenca-do-gtlawyers-no-debate-sobre-legaltech-e-venture-capital\/","og_site_name":"GTLawyers | Escrit\u00f3rio boutique full-service","article_published_time":"2025-08-21T18:16:06+00:00","article_modified_time":"2025-08-21T18:16:07+00:00","og_image":[{"width":1200,"height":1600,"url":"https:\/\/www.gtlawyers.com.br\/site\/wp-content\/uploads\/WhatsApp-Image-2025-08-20-at-12.09.47.jpeg","type":"image\/jpeg"}],"author":"jpuech","twitter_card":"summary_large_image","twitter_misc":{"Written by":"jpuech","Est. reading time":"1 minute"},"schema":{"@context":"https:\/\/schema.org","@graph":[{"@type":"Article","@id":"https:\/\/www.gtlawyers.com.br\/noticia\/presenca-do-gtlawyers-no-debate-sobre-legaltech-e-venture-capital\/#article","isPartOf":{"@id":"https:\/\/www.gtlawyers.com.br\/noticia\/presenca-do-gtlawyers-no-debate-sobre-legaltech-e-venture-capital\/"},"author":{"name":"jpuech","@id":"https:\/\/www.gtlawyers.com.br\/#\/schema\/person\/e0db5b05dd070b41155ef644b597a673"},"headline":"Presen\u00e7a do GTLawyers no debate sobre Legaltech e Venture Capital","datePublished":"2025-08-21T18:16:06+00:00","dateModified":"2025-08-21T18:16:07+00:00","mainEntityOfPage":{"@id":"https:\/\/www.gtlawyers.com.br\/noticia\/presenca-do-gtlawyers-no-debate-sobre-legaltech-e-venture-capital\/"},"wordCount":135,"commentCount":0,"publisher":{"@id":"https:\/\/www.gtlawyers.com.br\/#organization"},"image":{"@id":"https:\/\/www.gtlawyers.com.br\/noticia\/presenca-do-gtlawyers-no-debate-sobre-legaltech-e-venture-capital\/#primaryimage"},"thumbnailUrl":"https:\/\/www.gtlawyers.com.br\/site\/wp-content\/uploads\/WhatsApp-Image-2025-08-20-at-12.09.47.jpeg","articleSection":["News"],"inLanguage":"en-US","potentialAction":[{"@type":"CommentAction","name":"Comment","target":["https:\/\/www.gtlawyers.com.br\/noticia\/presenca-do-gtlawyers-no-debate-sobre-legaltech-e-venture-capital\/#respond"]}]},{"@type":"WebPage","@id":"https:\/\/www.gtlawyers.com.br\/noticia\/presenca-do-gtlawyers-no-debate-sobre-legaltech-e-venture-capital\/","url":"https:\/\/www.gtlawyers.com.br\/noticia\/presenca-do-gtlawyers-no-debate-sobre-legaltech-e-venture-capital\/","name":"Presen\u00e7a do GTLawyers no debate sobre Legaltech e Venture Capital | GTLawyers | Escrit\u00f3rio boutique full-service","isPartOf":{"@id":"https:\/\/www.gtlawyers.com.br\/#website"},"primaryImageOfPage":{"@id":"https:\/\/www.gtlawyers.com.br\/noticia\/presenca-do-gtlawyers-no-debate-sobre-legaltech-e-venture-capital\/#primaryimage"},"image":{"@id":"https:\/\/www.gtlawyers.com.br\/noticia\/presenca-do-gtlawyers-no-debate-sobre-legaltech-e-venture-capital\/#primaryimage"},"thumbnailUrl":"https:\/\/www.gtlawyers.com.br\/site\/wp-content\/uploads\/WhatsApp-Image-2025-08-20-at-12.09.47.jpeg","datePublished":"2025-08-21T18:16:06+00:00","dateModified":"2025-08-21T18:16:07+00:00","breadcrumb":{"@id":"https:\/\/www.gtlawyers.com.br\/noticia\/presenca-do-gtlawyers-no-debate-sobre-legaltech-e-venture-capital\/#breadcrumb"},"inLanguage":"en-US","potentialAction":[{"@type":"ReadAction","target":["https:\/\/www.gtlawyers.com.br\/noticia\/presenca-do-gtlawyers-no-debate-sobre-legaltech-e-venture-capital\/"]}]},{"@type":"ImageObject","inLanguage":"en-US","@id":"https:\/\/www.gtlawyers.com.br\/noticia\/presenca-do-gtlawyers-no-debate-sobre-legaltech-e-venture-capital\/#primaryimage","url":"https:\/\/www.gtlawyers.com.br\/site\/wp-content\/uploads\/WhatsApp-Image-2025-08-20-at-12.09.47.jpeg","contentUrl":"https:\/\/www.gtlawyers.com.br\/site\/wp-content\/uploads\/WhatsApp-Image-2025-08-20-at-12.09.47.jpeg","width":1200,"height":1600},{"@type":"BreadcrumbList","@id":"https:\/\/www.gtlawyers.com.br\/noticia\/presenca-do-gtlawyers-no-debate-sobre-legaltech-e-venture-capital\/#breadcrumb","itemListElement":[{"@type":"ListItem","position":1,"name":"In\u00edcio","item":"https:\/\/www.gtlawyers.com.br\/"},{"@type":"ListItem","position":2,"name":"Presen\u00e7a do GTLawyers no debate sobre Legaltech e Venture Capital"}]},{"@type":"WebSite","@id":"https:\/\/www.gtlawyers.com.br\/#website","url":"https:\/\/www.gtlawyers.com.br\/","name":"GTLawyers | Escrit\u00f3rio boutique full-service","description":"Escrit\u00f3rio de advocacia franco-brasileiro para empresas especializado em M&amp;A, direito societ\u00e1rio, tribut\u00e1rio, imobili\u00e1rio, contencioso e compliance","publisher":{"@id":"https:\/\/www.gtlawyers.com.br\/#organization"},"alternateName":"GTLawyers","potentialAction":[{"@type":"SearchAction","target":{"@type":"EntryPoint","urlTemplate":"https:\/\/www.gtlawyers.com.br\/?s={search_term_string}"},"query-input":{"@type":"PropertyValueSpecification","valueRequired":true,"valueName":"search_term_string"}}],"inLanguage":"en-US"},{"@type":"Organization","@id":"https:\/\/www.gtlawyers.com.br\/#organization","name":"GTLawyers - Escrit\u00f3rio boutique full-service","url":"https:\/\/www.gtlawyers.com.br\/","logo":{"@type":"ImageObject","inLanguage":"en-US","@id":"https:\/\/www.gtlawyers.com.br\/#\/schema\/logo\/image\/","url":"https:\/\/www.gtlawyers.com.br\/site\/wp-content\/uploads\/image-3.png","contentUrl":"https:\/\/www.gtlawyers.com.br\/site\/wp-content\/uploads\/image-3.png","width":166,"height":44,"caption":"GTLawyers - Escrit\u00f3rio boutique full-service"},"image":{"@id":"https:\/\/www.gtlawyers.com.br\/#\/schema\/logo\/image\/"},"sameAs":["https:\/\/www.linkedin.com\/company\/gtlawyers\/mycompany\/"]},{"@type":"Person","@id":"https:\/\/www.gtlawyers.com.br\/#\/schema\/person\/e0db5b05dd070b41155ef644b597a673","name":"jpuech","image":{"@type":"ImageObject","inLanguage":"en-US","@id":"https:\/\/secure.gravatar.com\/avatar\/a4d9c2fd529856a7f009b58407a57904cdee663da0c2cd0a2ae1444149f1ca4d?s=96&d=mm&r=g","url":"https:\/\/secure.gravatar.com\/avatar\/a4d9c2fd529856a7f009b58407a57904cdee663da0c2cd0a2ae1444149f1ca4d?s=96&d=mm&r=g","contentUrl":"https:\/\/secure.gravatar.com\/avatar\/a4d9c2fd529856a7f009b58407a57904cdee663da0c2cd0a2ae1444149f1ca4d?s=96&d=mm&r=g","caption":"jpuech"},"url":"https:\/\/www.gtlawyers.com.br\/en\/author\/jpuech\/"}]}},"_links":{"self":[{"href":"https:\/\/www.gtlawyers.com.br\/en\/wp-json\/wp\/v2\/posts\/1703","targetHints":{"allow":["GET"]}}],"collection":[{"href":"https:\/\/www.gtlawyers.com.br\/en\/wp-json\/wp\/v2\/posts"}],"about":[{"href":"https:\/\/www.gtlawyers.com.br\/en\/wp-json\/wp\/v2\/types\/post"}],"author":[{"embeddable":true,"href":"https:\/\/www.gtlawyers.com.br\/en\/wp-json\/wp\/v2\/users\/7"}],"replies":[{"embeddable":true,"href":"https:\/\/www.gtlawyers.com.br\/en\/wp-json\/wp\/v2\/comments?post=1703"}],"version-history":[{"count":1,"href":"https:\/\/www.gtlawyers.com.br\/en\/wp-json\/wp\/v2\/posts\/1703\/revisions"}],"predecessor-version":[{"id":1705,"href":"https:\/\/www.gtlawyers.com.br\/en\/wp-json\/wp\/v2\/posts\/1703\/revisions\/1705"}],"wp:featuredmedia":[{"embeddable":true,"href":"https:\/\/www.gtlawyers.com.br\/en\/wp-json\/wp\/v2\/media\/1704"}],"wp:attachment":[{"href":"https:\/\/www.gtlawyers.com.br\/en\/wp-json\/wp\/v2\/media?parent=1703"}],"wp:term":[{"taxonomy":"category","embeddable":true,"href":"https:\/\/www.gtlawyers.com.br\/en\/wp-json\/wp\/v2\/categories?post=1703"},{"taxonomy":"post_tag","embeddable":true,"href":"https:\/\/www.gtlawyers.com.br\/en\/wp-json\/wp\/v2\/tags?post=1703"}],"curies":[{"name":"wp","href":"https:\/\/api.w.org\/{rel}","templated":true}]}}