{"id":1747,"date":"2025-09-08T12:05:12","date_gmt":"2025-09-08T15:05:12","guid":{"rendered":"https:\/\/www.gtlawyers.com.br\/?p=1747"},"modified":"2025-09-15T19:23:09","modified_gmt":"2025-09-15T22:23:09","slug":"gtlawyers-em-debate-com-kpmg-e-italcam-luxo-diversidade-e-responsabilidade-no-consumo","status":"publish","type":"post","link":"https:\/\/www.gtlawyers.com.br\/en\/noticia\/gtlawyers-em-debate-com-kpmg-e-italcam-luxo-diversidade-e-responsabilidade-no-consumo\/","title":{"rendered":"GTLawyers in Debate with KPMG and Italcam: Luxury, Diversity, and Responsibility in Consumption"},"content":{"rendered":"<p>On Wednesday (03\/09), <a href=\"https:\/\/www.linkedin.com\/company\/3493884\/admin\/page-posts\/published\/\">GTLawyers<\/a> had the pleasure of participating in the event \"Luxury, Diversity, and Consumer Responsibility,\" promoted by <a href=\"https:\/\/www.linkedin.com\/company\/3493884\/admin\/page-posts\/published\/\">KPMG Brazil<\/a> and the <a href=\"https:\/\/www.linkedin.com\/company\/3493884\/admin\/page-posts\/published\/\">Italian Chamber of Commerce in S\u00e3o Paulo \u2013 Italcam<\/a>. This crucial meeting addressed how the female perspective has reshaped brands, influenced behaviors, and transformed consumption.<\/p>\n\n\n\n<p>During the event, leaders from major global brands analyzed how gender equality and diversity have directly impacted business strategies.<\/p>\n\n\n\n<p>The <a href=\"https:\/\/www.linkedin.com\/company\/3493884\/admin\/page-posts\/published\/\">GTLawyers<\/a> participation in this debate reinforces our strategic positioning in legal consulting, attentive to market dynamics, responsibility, and diversity.<\/p>","protected":false},"excerpt":{"rendered":"<p>Na quarta (03\/09), GTLawyers teve a satisfa\u00e7\u00e3o de participar do evento \u201cLuxo, diversidade e responsabilidade de consumo\u201d, promovido pela KPMG Brazil e pela C\u00e2mara de Com\u00e9rcio Italiana de S\u00e3o Paulo &#8211; Italcam. Este encontro crucial abordou como o olhar feminino tem redesenhado marcas, influenciado comportamentos e transformado o consumo. Durante o evento, lideran\u00e7as de grandes [&hellip;]<\/p>\n","protected":false},"author":8,"featured_media":1749,"comment_status":"open","ping_status":"open","sticky":false,"template":"","format":"standard","meta":{"_acf_changed":false,"footnotes":""},"categories":[7],"tags":[],"class_list":["post-1747","post","type-post","status-publish","format-standard","has-post-thumbnail","hentry","category-noticia"],"acf":[],"yoast_head":"<!-- This site is optimized with the Yoast SEO plugin v27.5 - https:\/\/yoast.com\/product\/yoast-seo-wordpress\/ -->\n<title>GTLawyers em Debate com KPMG e Italcam: Luxo, Diversidade e Responsabilidade no Consumo | GTLawyers | Escrit\u00f3rio boutique full-service<\/title>\n<meta name=\"robots\" content=\"index, follow, max-snippet:-1, max-image-preview:large, max-video-preview:-1\" \/>\n<link rel=\"canonical\" href=\"https:\/\/www.gtlawyers.com.br\/en\/noticia\/gtlawyers-em-debate-com-kpmg-e-italcam-luxo-diversidade-e-responsabilidade-no-consumo\/\" \/>\n<meta property=\"og:locale\" content=\"en_US\" \/>\n<meta property=\"og:type\" content=\"article\" \/>\n<meta property=\"og:title\" content=\"GTLawyers em Debate com KPMG e Italcam: Luxo, Diversidade e Responsabilidade no Consumo | GTLawyers | Escrit\u00f3rio boutique full-service\" \/>\n<meta property=\"og:description\" content=\"Na quarta (03\/09), GTLawyers teve a satisfa\u00e7\u00e3o de participar do evento \u201cLuxo, diversidade e responsabilidade de consumo\u201d, promovido pela KPMG Brazil e pela C\u00e2mara de Com\u00e9rcio Italiana de S\u00e3o Paulo &#8211; Italcam. Este encontro crucial abordou como o olhar feminino tem redesenhado marcas, influenciado comportamentos e transformado o consumo. Durante o evento, lideran\u00e7as de grandes [&hellip;]\" \/>\n<meta property=\"og:url\" content=\"https:\/\/www.gtlawyers.com.br\/en\/noticia\/gtlawyers-em-debate-com-kpmg-e-italcam-luxo-diversidade-e-responsabilidade-no-consumo\/\" \/>\n<meta property=\"og:site_name\" content=\"GTLawyers | Escrit\u00f3rio boutique full-service\" \/>\n<meta property=\"article:published_time\" content=\"2025-09-08T15:05:12+00:00\" \/>\n<meta property=\"article:modified_time\" content=\"2025-09-15T22:23:09+00:00\" \/>\n<meta property=\"og:image\" content=\"https:\/\/www.gtlawyers.com.br\/site\/wp-content\/uploads\/donna-1-e1757344001340.jpg\" \/>\n\t<meta property=\"og:image:width\" content=\"1200\" \/>\n\t<meta property=\"og:image:height\" content=\"712\" \/>\n\t<meta property=\"og:image:type\" content=\"image\/jpeg\" \/>\n<meta name=\"author\" content=\"ttanzilli\" \/>\n<meta name=\"twitter:card\" content=\"summary_large_image\" \/>\n<meta name=\"twitter:label1\" content=\"Written by\" \/>\n\t<meta name=\"twitter:data1\" content=\"ttanzilli\" \/>\n\t<meta name=\"twitter:label2\" content=\"Est. reading time\" \/>\n\t<meta name=\"twitter:data2\" content=\"1 minute\" \/>\n<script type=\"application\/ld+json\" class=\"yoast-schema-graph\">{\"@context\":\"https:\\\/\\\/schema.org\",\"@graph\":[{\"@type\":\"Article\",\"@id\":\"https:\\\/\\\/www.gtlawyers.com.br\\\/noticia\\\/gtlawyers-em-debate-com-kpmg-e-italcam-luxo-diversidade-e-responsabilidade-no-consumo\\\/#article\",\"isPartOf\":{\"@id\":\"https:\\\/\\\/www.gtlawyers.com.br\\\/noticia\\\/gtlawyers-em-debate-com-kpmg-e-italcam-luxo-diversidade-e-responsabilidade-no-consumo\\\/\"},\"author\":{\"name\":\"ttanzilli\",\"@id\":\"https:\\\/\\\/www.gtlawyers.com.br\\\/#\\\/schema\\\/person\\\/98e5d0d0df85fd7cef4aa9878da75a67\"},\"headline\":\"GTLawyers em Debate com KPMG e Italcam: Luxo, Diversidade e Responsabilidade no Consumo\",\"datePublished\":\"2025-09-08T15:05:12+00:00\",\"dateModified\":\"2025-09-15T22:23:09+00:00\",\"mainEntityOfPage\":{\"@id\":\"https:\\\/\\\/www.gtlawyers.com.br\\\/noticia\\\/gtlawyers-em-debate-com-kpmg-e-italcam-luxo-diversidade-e-responsabilidade-no-consumo\\\/\"},\"wordCount\":120,\"commentCount\":0,\"publisher\":{\"@id\":\"https:\\\/\\\/www.gtlawyers.com.br\\\/#organization\"},\"image\":{\"@id\":\"https:\\\/\\\/www.gtlawyers.com.br\\\/noticia\\\/gtlawyers-em-debate-com-kpmg-e-italcam-luxo-diversidade-e-responsabilidade-no-consumo\\\/#primaryimage\"},\"thumbnailUrl\":\"https:\\\/\\\/www.gtlawyers.com.br\\\/site\\\/wp-content\\\/uploads\\\/donna-1-e1757344001340.jpg\",\"articleSection\":[\"News\"],\"inLanguage\":\"en-US\",\"potentialAction\":[{\"@type\":\"CommentAction\",\"name\":\"Comment\",\"target\":[\"https:\\\/\\\/www.gtlawyers.com.br\\\/noticia\\\/gtlawyers-em-debate-com-kpmg-e-italcam-luxo-diversidade-e-responsabilidade-no-consumo\\\/#respond\"]}]},{\"@type\":\"WebPage\",\"@id\":\"https:\\\/\\\/www.gtlawyers.com.br\\\/noticia\\\/gtlawyers-em-debate-com-kpmg-e-italcam-luxo-diversidade-e-responsabilidade-no-consumo\\\/\",\"url\":\"https:\\\/\\\/www.gtlawyers.com.br\\\/noticia\\\/gtlawyers-em-debate-com-kpmg-e-italcam-luxo-diversidade-e-responsabilidade-no-consumo\\\/\",\"name\":\"GTLawyers em Debate com KPMG e Italcam: Luxo, Diversidade e Responsabilidade no Consumo | GTLawyers | Escrit\u00f3rio boutique full-service\",\"isPartOf\":{\"@id\":\"https:\\\/\\\/www.gtlawyers.com.br\\\/#website\"},\"primaryImageOfPage\":{\"@id\":\"https:\\\/\\\/www.gtlawyers.com.br\\\/noticia\\\/gtlawyers-em-debate-com-kpmg-e-italcam-luxo-diversidade-e-responsabilidade-no-consumo\\\/#primaryimage\"},\"image\":{\"@id\":\"https:\\\/\\\/www.gtlawyers.com.br\\\/noticia\\\/gtlawyers-em-debate-com-kpmg-e-italcam-luxo-diversidade-e-responsabilidade-no-consumo\\\/#primaryimage\"},\"thumbnailUrl\":\"https:\\\/\\\/www.gtlawyers.com.br\\\/site\\\/wp-content\\\/uploads\\\/donna-1-e1757344001340.jpg\",\"datePublished\":\"2025-09-08T15:05:12+00:00\",\"dateModified\":\"2025-09-15T22:23:09+00:00\",\"breadcrumb\":{\"@id\":\"https:\\\/\\\/www.gtlawyers.com.br\\\/noticia\\\/gtlawyers-em-debate-com-kpmg-e-italcam-luxo-diversidade-e-responsabilidade-no-consumo\\\/#breadcrumb\"},\"inLanguage\":\"en-US\",\"potentialAction\":[{\"@type\":\"ReadAction\",\"target\":[\"https:\\\/\\\/www.gtlawyers.com.br\\\/noticia\\\/gtlawyers-em-debate-com-kpmg-e-italcam-luxo-diversidade-e-responsabilidade-no-consumo\\\/\"]}]},{\"@type\":\"ImageObject\",\"inLanguage\":\"en-US\",\"@id\":\"https:\\\/\\\/www.gtlawyers.com.br\\\/noticia\\\/gtlawyers-em-debate-com-kpmg-e-italcam-luxo-diversidade-e-responsabilidade-no-consumo\\\/#primaryimage\",\"url\":\"https:\\\/\\\/www.gtlawyers.com.br\\\/site\\\/wp-content\\\/uploads\\\/donna-1-e1757344001340.jpg\",\"contentUrl\":\"https:\\\/\\\/www.gtlawyers.com.br\\\/site\\\/wp-content\\\/uploads\\\/donna-1-e1757344001340.jpg\",\"width\":1200,\"height\":712},{\"@type\":\"BreadcrumbList\",\"@id\":\"https:\\\/\\\/www.gtlawyers.com.br\\\/noticia\\\/gtlawyers-em-debate-com-kpmg-e-italcam-luxo-diversidade-e-responsabilidade-no-consumo\\\/#breadcrumb\",\"itemListElement\":[{\"@type\":\"ListItem\",\"position\":1,\"name\":\"In\u00edcio\",\"item\":\"https:\\\/\\\/www.gtlawyers.com.br\\\/\"},{\"@type\":\"ListItem\",\"position\":2,\"name\":\"GTLawyers em Debate com KPMG e Italcam: Luxo, Diversidade e Responsabilidade no Consumo\"}]},{\"@type\":\"WebSite\",\"@id\":\"https:\\\/\\\/www.gtlawyers.com.br\\\/#website\",\"url\":\"https:\\\/\\\/www.gtlawyers.com.br\\\/\",\"name\":\"GTLawyers | Escrit\u00f3rio boutique full-service\",\"description\":\"Escrit\u00f3rio de advocacia franco-brasileiro para empresas especializado em M&amp;A, direito societ\u00e1rio, tribut\u00e1rio, imobili\u00e1rio, contencioso e compliance\",\"publisher\":{\"@id\":\"https:\\\/\\\/www.gtlawyers.com.br\\\/#organization\"},\"alternateName\":\"GTLawyers\",\"potentialAction\":[{\"@type\":\"SearchAction\",\"target\":{\"@type\":\"EntryPoint\",\"urlTemplate\":\"https:\\\/\\\/www.gtlawyers.com.br\\\/?s={search_term_string}\"},\"query-input\":{\"@type\":\"PropertyValueSpecification\",\"valueRequired\":true,\"valueName\":\"search_term_string\"}}],\"inLanguage\":\"en-US\"},{\"@type\":\"Organization\",\"@id\":\"https:\\\/\\\/www.gtlawyers.com.br\\\/#organization\",\"name\":\"GTLawyers - Escrit\u00f3rio boutique full-service\",\"url\":\"https:\\\/\\\/www.gtlawyers.com.br\\\/\",\"logo\":{\"@type\":\"ImageObject\",\"inLanguage\":\"en-US\",\"@id\":\"https:\\\/\\\/www.gtlawyers.com.br\\\/#\\\/schema\\\/logo\\\/image\\\/\",\"url\":\"https:\\\/\\\/www.gtlawyers.com.br\\\/site\\\/wp-content\\\/uploads\\\/image-3.png\",\"contentUrl\":\"https:\\\/\\\/www.gtlawyers.com.br\\\/site\\\/wp-content\\\/uploads\\\/image-3.png\",\"width\":166,\"height\":44,\"caption\":\"GTLawyers - Escrit\u00f3rio boutique full-service\"},\"image\":{\"@id\":\"https:\\\/\\\/www.gtlawyers.com.br\\\/#\\\/schema\\\/logo\\\/image\\\/\"},\"sameAs\":[\"https:\\\/\\\/www.linkedin.com\\\/company\\\/gtlawyers\\\/mycompany\\\/\"]},{\"@type\":\"Person\",\"@id\":\"https:\\\/\\\/www.gtlawyers.com.br\\\/#\\\/schema\\\/person\\\/98e5d0d0df85fd7cef4aa9878da75a67\",\"name\":\"ttanzilli\",\"image\":{\"@type\":\"ImageObject\",\"inLanguage\":\"en-US\",\"@id\":\"https:\\\/\\\/secure.gravatar.com\\\/avatar\\\/295df42180df022e821b6d822b06057b0d8a14abd7a2b2dc65a3001e88c99730?s=96&d=mm&r=g\",\"url\":\"https:\\\/\\\/secure.gravatar.com\\\/avatar\\\/295df42180df022e821b6d822b06057b0d8a14abd7a2b2dc65a3001e88c99730?s=96&d=mm&r=g\",\"contentUrl\":\"https:\\\/\\\/secure.gravatar.com\\\/avatar\\\/295df42180df022e821b6d822b06057b0d8a14abd7a2b2dc65a3001e88c99730?s=96&d=mm&r=g\",\"caption\":\"ttanzilli\"},\"url\":\"https:\\\/\\\/www.gtlawyers.com.br\\\/en\\\/author\\\/ttanzilli\\\/\"}]}<\/script>\n<!-- \/ Yoast SEO plugin. -->","yoast_head_json":{"title":"GTLawyers em Debate com KPMG e Italcam: Luxo, Diversidade e Responsabilidade no Consumo | GTLawyers | Escrit\u00f3rio boutique full-service","robots":{"index":"index","follow":"follow","max-snippet":"max-snippet:-1","max-image-preview":"max-image-preview:large","max-video-preview":"max-video-preview:-1"},"canonical":"https:\/\/www.gtlawyers.com.br\/en\/noticia\/gtlawyers-em-debate-com-kpmg-e-italcam-luxo-diversidade-e-responsabilidade-no-consumo\/","og_locale":"en_US","og_type":"article","og_title":"GTLawyers em Debate com KPMG e Italcam: Luxo, Diversidade e Responsabilidade no Consumo | GTLawyers | Escrit\u00f3rio boutique full-service","og_description":"Na quarta (03\/09), GTLawyers teve a satisfa\u00e7\u00e3o de participar do evento \u201cLuxo, diversidade e responsabilidade de consumo\u201d, promovido pela KPMG Brazil e pela C\u00e2mara de Com\u00e9rcio Italiana de S\u00e3o Paulo &#8211; Italcam. Este encontro crucial abordou como o olhar feminino tem redesenhado marcas, influenciado comportamentos e transformado o consumo. Durante o evento, lideran\u00e7as de grandes [&hellip;]","og_url":"https:\/\/www.gtlawyers.com.br\/en\/noticia\/gtlawyers-em-debate-com-kpmg-e-italcam-luxo-diversidade-e-responsabilidade-no-consumo\/","og_site_name":"GTLawyers | Escrit\u00f3rio boutique full-service","article_published_time":"2025-09-08T15:05:12+00:00","article_modified_time":"2025-09-15T22:23:09+00:00","og_image":[{"width":1200,"height":712,"url":"https:\/\/www.gtlawyers.com.br\/site\/wp-content\/uploads\/donna-1-e1757344001340.jpg","type":"image\/jpeg"}],"author":"ttanzilli","twitter_card":"summary_large_image","twitter_misc":{"Written by":"ttanzilli","Est. reading time":"1 minute"},"schema":{"@context":"https:\/\/schema.org","@graph":[{"@type":"Article","@id":"https:\/\/www.gtlawyers.com.br\/noticia\/gtlawyers-em-debate-com-kpmg-e-italcam-luxo-diversidade-e-responsabilidade-no-consumo\/#article","isPartOf":{"@id":"https:\/\/www.gtlawyers.com.br\/noticia\/gtlawyers-em-debate-com-kpmg-e-italcam-luxo-diversidade-e-responsabilidade-no-consumo\/"},"author":{"name":"ttanzilli","@id":"https:\/\/www.gtlawyers.com.br\/#\/schema\/person\/98e5d0d0df85fd7cef4aa9878da75a67"},"headline":"GTLawyers em Debate com KPMG e Italcam: Luxo, Diversidade e Responsabilidade no Consumo","datePublished":"2025-09-08T15:05:12+00:00","dateModified":"2025-09-15T22:23:09+00:00","mainEntityOfPage":{"@id":"https:\/\/www.gtlawyers.com.br\/noticia\/gtlawyers-em-debate-com-kpmg-e-italcam-luxo-diversidade-e-responsabilidade-no-consumo\/"},"wordCount":120,"commentCount":0,"publisher":{"@id":"https:\/\/www.gtlawyers.com.br\/#organization"},"image":{"@id":"https:\/\/www.gtlawyers.com.br\/noticia\/gtlawyers-em-debate-com-kpmg-e-italcam-luxo-diversidade-e-responsabilidade-no-consumo\/#primaryimage"},"thumbnailUrl":"https:\/\/www.gtlawyers.com.br\/site\/wp-content\/uploads\/donna-1-e1757344001340.jpg","articleSection":["News"],"inLanguage":"en-US","potentialAction":[{"@type":"CommentAction","name":"Comment","target":["https:\/\/www.gtlawyers.com.br\/noticia\/gtlawyers-em-debate-com-kpmg-e-italcam-luxo-diversidade-e-responsabilidade-no-consumo\/#respond"]}]},{"@type":"WebPage","@id":"https:\/\/www.gtlawyers.com.br\/noticia\/gtlawyers-em-debate-com-kpmg-e-italcam-luxo-diversidade-e-responsabilidade-no-consumo\/","url":"https:\/\/www.gtlawyers.com.br\/noticia\/gtlawyers-em-debate-com-kpmg-e-italcam-luxo-diversidade-e-responsabilidade-no-consumo\/","name":"GTLawyers em Debate com KPMG e Italcam: Luxo, Diversidade e Responsabilidade no Consumo | GTLawyers | Escrit\u00f3rio boutique full-service","isPartOf":{"@id":"https:\/\/www.gtlawyers.com.br\/#website"},"primaryImageOfPage":{"@id":"https:\/\/www.gtlawyers.com.br\/noticia\/gtlawyers-em-debate-com-kpmg-e-italcam-luxo-diversidade-e-responsabilidade-no-consumo\/#primaryimage"},"image":{"@id":"https:\/\/www.gtlawyers.com.br\/noticia\/gtlawyers-em-debate-com-kpmg-e-italcam-luxo-diversidade-e-responsabilidade-no-consumo\/#primaryimage"},"thumbnailUrl":"https:\/\/www.gtlawyers.com.br\/site\/wp-content\/uploads\/donna-1-e1757344001340.jpg","datePublished":"2025-09-08T15:05:12+00:00","dateModified":"2025-09-15T22:23:09+00:00","breadcrumb":{"@id":"https:\/\/www.gtlawyers.com.br\/noticia\/gtlawyers-em-debate-com-kpmg-e-italcam-luxo-diversidade-e-responsabilidade-no-consumo\/#breadcrumb"},"inLanguage":"en-US","potentialAction":[{"@type":"ReadAction","target":["https:\/\/www.gtlawyers.com.br\/noticia\/gtlawyers-em-debate-com-kpmg-e-italcam-luxo-diversidade-e-responsabilidade-no-consumo\/"]}]},{"@type":"ImageObject","inLanguage":"en-US","@id":"https:\/\/www.gtlawyers.com.br\/noticia\/gtlawyers-em-debate-com-kpmg-e-italcam-luxo-diversidade-e-responsabilidade-no-consumo\/#primaryimage","url":"https:\/\/www.gtlawyers.com.br\/site\/wp-content\/uploads\/donna-1-e1757344001340.jpg","contentUrl":"https:\/\/www.gtlawyers.com.br\/site\/wp-content\/uploads\/donna-1-e1757344001340.jpg","width":1200,"height":712},{"@type":"BreadcrumbList","@id":"https:\/\/www.gtlawyers.com.br\/noticia\/gtlawyers-em-debate-com-kpmg-e-italcam-luxo-diversidade-e-responsabilidade-no-consumo\/#breadcrumb","itemListElement":[{"@type":"ListItem","position":1,"name":"In\u00edcio","item":"https:\/\/www.gtlawyers.com.br\/"},{"@type":"ListItem","position":2,"name":"GTLawyers em Debate com KPMG e Italcam: Luxo, Diversidade e Responsabilidade no Consumo"}]},{"@type":"WebSite","@id":"https:\/\/www.gtlawyers.com.br\/#website","url":"https:\/\/www.gtlawyers.com.br\/","name":"GTLawyers | Escrit\u00f3rio boutique full-service","description":"Escrit\u00f3rio de advocacia franco-brasileiro para empresas especializado em M&amp;A, direito societ\u00e1rio, tribut\u00e1rio, imobili\u00e1rio, contencioso e compliance","publisher":{"@id":"https:\/\/www.gtlawyers.com.br\/#organization"},"alternateName":"GTLawyers","potentialAction":[{"@type":"SearchAction","target":{"@type":"EntryPoint","urlTemplate":"https:\/\/www.gtlawyers.com.br\/?s={search_term_string}"},"query-input":{"@type":"PropertyValueSpecification","valueRequired":true,"valueName":"search_term_string"}}],"inLanguage":"en-US"},{"@type":"Organization","@id":"https:\/\/www.gtlawyers.com.br\/#organization","name":"GTLawyers - Escrit\u00f3rio boutique full-service","url":"https:\/\/www.gtlawyers.com.br\/","logo":{"@type":"ImageObject","inLanguage":"en-US","@id":"https:\/\/www.gtlawyers.com.br\/#\/schema\/logo\/image\/","url":"https:\/\/www.gtlawyers.com.br\/site\/wp-content\/uploads\/image-3.png","contentUrl":"https:\/\/www.gtlawyers.com.br\/site\/wp-content\/uploads\/image-3.png","width":166,"height":44,"caption":"GTLawyers - Escrit\u00f3rio boutique full-service"},"image":{"@id":"https:\/\/www.gtlawyers.com.br\/#\/schema\/logo\/image\/"},"sameAs":["https:\/\/www.linkedin.com\/company\/gtlawyers\/mycompany\/"]},{"@type":"Person","@id":"https:\/\/www.gtlawyers.com.br\/#\/schema\/person\/98e5d0d0df85fd7cef4aa9878da75a67","name":"ttanzilli","image":{"@type":"ImageObject","inLanguage":"en-US","@id":"https:\/\/secure.gravatar.com\/avatar\/295df42180df022e821b6d822b06057b0d8a14abd7a2b2dc65a3001e88c99730?s=96&d=mm&r=g","url":"https:\/\/secure.gravatar.com\/avatar\/295df42180df022e821b6d822b06057b0d8a14abd7a2b2dc65a3001e88c99730?s=96&d=mm&r=g","contentUrl":"https:\/\/secure.gravatar.com\/avatar\/295df42180df022e821b6d822b06057b0d8a14abd7a2b2dc65a3001e88c99730?s=96&d=mm&r=g","caption":"ttanzilli"},"url":"https:\/\/www.gtlawyers.com.br\/en\/author\/ttanzilli\/"}]}},"_links":{"self":[{"href":"https:\/\/www.gtlawyers.com.br\/en\/wp-json\/wp\/v2\/posts\/1747","targetHints":{"allow":["GET"]}}],"collection":[{"href":"https:\/\/www.gtlawyers.com.br\/en\/wp-json\/wp\/v2\/posts"}],"about":[{"href":"https:\/\/www.gtlawyers.com.br\/en\/wp-json\/wp\/v2\/types\/post"}],"author":[{"embeddable":true,"href":"https:\/\/www.gtlawyers.com.br\/en\/wp-json\/wp\/v2\/users\/8"}],"replies":[{"embeddable":true,"href":"https:\/\/www.gtlawyers.com.br\/en\/wp-json\/wp\/v2\/comments?post=1747"}],"version-history":[{"count":4,"href":"https:\/\/www.gtlawyers.com.br\/en\/wp-json\/wp\/v2\/posts\/1747\/revisions"}],"predecessor-version":[{"id":1871,"href":"https:\/\/www.gtlawyers.com.br\/en\/wp-json\/wp\/v2\/posts\/1747\/revisions\/1871"}],"wp:featuredmedia":[{"embeddable":true,"href":"https:\/\/www.gtlawyers.com.br\/en\/wp-json\/wp\/v2\/media\/1749"}],"wp:attachment":[{"href":"https:\/\/www.gtlawyers.com.br\/en\/wp-json\/wp\/v2\/media?parent=1747"}],"wp:term":[{"taxonomy":"category","embeddable":true,"href":"https:\/\/www.gtlawyers.com.br\/en\/wp-json\/wp\/v2\/categories?post=1747"},{"taxonomy":"post_tag","embeddable":true,"href":"https:\/\/www.gtlawyers.com.br\/en\/wp-json\/wp\/v2\/tags?post=1747"}],"curies":[{"name":"wp","href":"https:\/\/api.w.org\/{rel}","templated":true}]}}