{"id":1988,"date":"2025-10-06T13:27:48","date_gmt":"2025-10-06T16:27:48","guid":{"rendered":"https:\/\/www.gtlawyers.com.br\/?p=1988"},"modified":"2025-10-06T13:27:50","modified_gmt":"2025-10-06T16:27:50","slug":"gtlawyers-organiza-evento-sobre-ciberseguranca-na-camara-de-comercio-franca-brasil","status":"publish","type":"post","link":"https:\/\/www.gtlawyers.com.br\/en\/noticia\/gtlawyers-organiza-evento-sobre-ciberseguranca-na-camara-de-comercio-franca-brasil\/","title":{"rendered":"GTLawyers organizes an event on cybersecurity at the France-Brazil Chamber of Commerce"},"content":{"rendered":"<p>Yesterday, GTLawyers had the pleasure of hosting an event at the France-Brazil Chamber of Commerce - CCIFB to discuss an essential topic: cybersecurity.<\/p>\n\n\n\n<p>Over 70 participants.<br>7 industry experts.<br>1 immersive crisis simulation.<br>More than 50 shared insights.<br>1 buffet featuring French specialties.<br>2 gathered commissions from the France-Brazil Chamber of Commerce - CCIFB.<\/p>\n\n\n\n<p>This event brought together leading experts who shared advice and guided participants through a hands-on cybersecurity crisis simulation. We were honored by the presence of our founding partner, Tamy Tanzilli, who inaugurated the event.<\/p>\n\n\n\n<p>We would like to express our heartfelt thanks:<\/p>\n\n\n\n<ul class=\"wp-block-list\">\n<li>To the France-Brazil Chamber of Commerce - CCIFB, for their flawless hosting.<\/li>\n\n\n\n<li>To Le Pain Quotidien Brasil, for the incredible buffet that added a refined touch to the event with its delicate flavors.<\/li>\n\n\n\n<li>To our brilliant speakers, who made this event a milestone by enriching the discussions with their technical expertise: Rony Vainzof, Partner at VLK Advogados; Marcelo Malagutti, Special Advisor to the Minister of GSI and Executive Secretary of the National Cybersecurity Committee; Anne-Catherine Brunschwig, our Managing Partner in Rio de Janeiro; Domingo Montanaro, Founding Partner and CEO of Ventura ERM; Carlos Campagnoli, Data Protection Manager at Sanofi; Marileusa Cortez, Head of Data Governance at Keyrus; Fernando Antonio Santiago Jr., PhD., Co-founder and Partner at Chenut.<\/li>\n<\/ul>\n\n\n\n<p>Finally, our special thanks go to the participants, who turned this journey into a space for sharing, learning, and collaboration.<\/p>\n\n\n\n<p>Thank you all, and see you soon for new gatherings on strategic topics like this one!<\/p>","protected":false},"excerpt":{"rendered":"<p>Ontem, o GTLawyers teve o prazer de organizar um evento na C\u00e2mara de Com\u00e9rcio Fran\u00e7a Brasil &#8211; CCIFB para debater um tema essencial: a ciberseguran\u00e7a. Mais de 70 participantes.7 especialistas do setor.1 simula\u00e7\u00e3o de crise imersiva.Mais de 50 conselhos compartilhados.1 buffet de especialidades francesas.2 comiss\u00f5es reunidas da C\u00e2mara de Com\u00e9rcio Fran\u00e7a Brasil &#8211; CCIFB. Esse [&hellip;]<\/p>\n","protected":false},"author":8,"featured_media":1993,"comment_status":"open","ping_status":"open","sticky":false,"template":"","format":"standard","meta":{"_acf_changed":false,"footnotes":""},"categories":[7],"tags":[],"class_list":["post-1988","post","type-post","status-publish","format-standard","has-post-thumbnail","hentry","category-noticia"],"acf":[],"yoast_head":"<!-- This site is optimized with the Yoast SEO plugin v27.5 - https:\/\/yoast.com\/product\/yoast-seo-wordpress\/ -->\n<title>GTLawyers organiza evento sobre ciberseguran\u00e7a na C\u00e2mara de Com\u00e9rcio Fran\u00e7a Brasil | GTLawyers | Escrit\u00f3rio boutique full-service<\/title>\n<meta name=\"robots\" content=\"index, follow, max-snippet:-1, max-image-preview:large, max-video-preview:-1\" \/>\n<link rel=\"canonical\" href=\"https:\/\/www.gtlawyers.com.br\/en\/noticia\/gtlawyers-organiza-evento-sobre-ciberseguranca-na-camara-de-comercio-franca-brasil\/\" \/>\n<meta property=\"og:locale\" content=\"en_US\" \/>\n<meta property=\"og:type\" content=\"article\" \/>\n<meta property=\"og:title\" content=\"GTLawyers organiza evento sobre ciberseguran\u00e7a na C\u00e2mara de Com\u00e9rcio Fran\u00e7a Brasil | GTLawyers | Escrit\u00f3rio boutique full-service\" \/>\n<meta property=\"og:description\" content=\"Ontem, o GTLawyers teve o prazer de organizar um evento na C\u00e2mara de Com\u00e9rcio Fran\u00e7a Brasil &#8211; CCIFB para debater um tema essencial: a ciberseguran\u00e7a. Mais de 70 participantes.7 especialistas do setor.1 simula\u00e7\u00e3o de crise imersiva.Mais de 50 conselhos compartilhados.1 buffet de especialidades francesas.2 comiss\u00f5es reunidas da C\u00e2mara de Com\u00e9rcio Fran\u00e7a Brasil &#8211; CCIFB. Esse [&hellip;]\" \/>\n<meta property=\"og:url\" content=\"https:\/\/www.gtlawyers.com.br\/en\/noticia\/gtlawyers-organiza-evento-sobre-ciberseguranca-na-camara-de-comercio-franca-brasil\/\" \/>\n<meta property=\"og:site_name\" content=\"GTLawyers | Escrit\u00f3rio boutique full-service\" \/>\n<meta property=\"article:published_time\" content=\"2025-10-06T16:27:48+00:00\" \/>\n<meta property=\"article:modified_time\" content=\"2025-10-06T16:27:50+00:00\" \/>\n<meta property=\"og:image\" content=\"https:\/\/www.gtlawyers.com.br\/site\/wp-content\/uploads\/WhatsApp-Image-2025-10-02-at-16.49.07-e1759768046111.jpeg\" \/>\n\t<meta property=\"og:image:width\" content=\"1587\" \/>\n\t<meta property=\"og:image:height\" content=\"917\" \/>\n\t<meta property=\"og:image:type\" content=\"image\/jpeg\" \/>\n<meta name=\"author\" content=\"ttanzilli\" \/>\n<meta name=\"twitter:card\" content=\"summary_large_image\" \/>\n<meta name=\"twitter:label1\" content=\"Written by\" \/>\n\t<meta name=\"twitter:data1\" content=\"ttanzilli\" \/>\n\t<meta name=\"twitter:label2\" content=\"Est. reading time\" \/>\n\t<meta name=\"twitter:data2\" content=\"2 minutes\" \/>\n<script type=\"application\/ld+json\" class=\"yoast-schema-graph\">{\"@context\":\"https:\\\/\\\/schema.org\",\"@graph\":[{\"@type\":\"Article\",\"@id\":\"https:\\\/\\\/www.gtlawyers.com.br\\\/noticia\\\/gtlawyers-organiza-evento-sobre-ciberseguranca-na-camara-de-comercio-franca-brasil\\\/#article\",\"isPartOf\":{\"@id\":\"https:\\\/\\\/www.gtlawyers.com.br\\\/noticia\\\/gtlawyers-organiza-evento-sobre-ciberseguranca-na-camara-de-comercio-franca-brasil\\\/\"},\"author\":{\"name\":\"ttanzilli\",\"@id\":\"https:\\\/\\\/www.gtlawyers.com.br\\\/#\\\/schema\\\/person\\\/98e5d0d0df85fd7cef4aa9878da75a67\"},\"headline\":\"GTLawyers organiza evento sobre ciberseguran\u00e7a na C\u00e2mara de Com\u00e9rcio Fran\u00e7a Brasil\",\"datePublished\":\"2025-10-06T16:27:48+00:00\",\"dateModified\":\"2025-10-06T16:27:50+00:00\",\"mainEntityOfPage\":{\"@id\":\"https:\\\/\\\/www.gtlawyers.com.br\\\/noticia\\\/gtlawyers-organiza-evento-sobre-ciberseguranca-na-camara-de-comercio-franca-brasil\\\/\"},\"wordCount\":280,\"commentCount\":0,\"publisher\":{\"@id\":\"https:\\\/\\\/www.gtlawyers.com.br\\\/#organization\"},\"image\":{\"@id\":\"https:\\\/\\\/www.gtlawyers.com.br\\\/noticia\\\/gtlawyers-organiza-evento-sobre-ciberseguranca-na-camara-de-comercio-franca-brasil\\\/#primaryimage\"},\"thumbnailUrl\":\"https:\\\/\\\/www.gtlawyers.com.br\\\/site\\\/wp-content\\\/uploads\\\/WhatsApp-Image-2025-10-02-at-16.49.07-e1759768046111.jpeg\",\"articleSection\":[\"News\"],\"inLanguage\":\"en-US\",\"potentialAction\":[{\"@type\":\"CommentAction\",\"name\":\"Comment\",\"target\":[\"https:\\\/\\\/www.gtlawyers.com.br\\\/noticia\\\/gtlawyers-organiza-evento-sobre-ciberseguranca-na-camara-de-comercio-franca-brasil\\\/#respond\"]}]},{\"@type\":\"WebPage\",\"@id\":\"https:\\\/\\\/www.gtlawyers.com.br\\\/noticia\\\/gtlawyers-organiza-evento-sobre-ciberseguranca-na-camara-de-comercio-franca-brasil\\\/\",\"url\":\"https:\\\/\\\/www.gtlawyers.com.br\\\/noticia\\\/gtlawyers-organiza-evento-sobre-ciberseguranca-na-camara-de-comercio-franca-brasil\\\/\",\"name\":\"GTLawyers organiza evento sobre ciberseguran\u00e7a na C\u00e2mara de Com\u00e9rcio Fran\u00e7a Brasil | GTLawyers | Escrit\u00f3rio boutique full-service\",\"isPartOf\":{\"@id\":\"https:\\\/\\\/www.gtlawyers.com.br\\\/#website\"},\"primaryImageOfPage\":{\"@id\":\"https:\\\/\\\/www.gtlawyers.com.br\\\/noticia\\\/gtlawyers-organiza-evento-sobre-ciberseguranca-na-camara-de-comercio-franca-brasil\\\/#primaryimage\"},\"image\":{\"@id\":\"https:\\\/\\\/www.gtlawyers.com.br\\\/noticia\\\/gtlawyers-organiza-evento-sobre-ciberseguranca-na-camara-de-comercio-franca-brasil\\\/#primaryimage\"},\"thumbnailUrl\":\"https:\\\/\\\/www.gtlawyers.com.br\\\/site\\\/wp-content\\\/uploads\\\/WhatsApp-Image-2025-10-02-at-16.49.07-e1759768046111.jpeg\",\"datePublished\":\"2025-10-06T16:27:48+00:00\",\"dateModified\":\"2025-10-06T16:27:50+00:00\",\"breadcrumb\":{\"@id\":\"https:\\\/\\\/www.gtlawyers.com.br\\\/noticia\\\/gtlawyers-organiza-evento-sobre-ciberseguranca-na-camara-de-comercio-franca-brasil\\\/#breadcrumb\"},\"inLanguage\":\"en-US\",\"potentialAction\":[{\"@type\":\"ReadAction\",\"target\":[\"https:\\\/\\\/www.gtlawyers.com.br\\\/noticia\\\/gtlawyers-organiza-evento-sobre-ciberseguranca-na-camara-de-comercio-franca-brasil\\\/\"]}]},{\"@type\":\"ImageObject\",\"inLanguage\":\"en-US\",\"@id\":\"https:\\\/\\\/www.gtlawyers.com.br\\\/noticia\\\/gtlawyers-organiza-evento-sobre-ciberseguranca-na-camara-de-comercio-franca-brasil\\\/#primaryimage\",\"url\":\"https:\\\/\\\/www.gtlawyers.com.br\\\/site\\\/wp-content\\\/uploads\\\/WhatsApp-Image-2025-10-02-at-16.49.07-e1759768046111.jpeg\",\"contentUrl\":\"https:\\\/\\\/www.gtlawyers.com.br\\\/site\\\/wp-content\\\/uploads\\\/WhatsApp-Image-2025-10-02-at-16.49.07-e1759768046111.jpeg\",\"width\":1587,\"height\":917},{\"@type\":\"BreadcrumbList\",\"@id\":\"https:\\\/\\\/www.gtlawyers.com.br\\\/noticia\\\/gtlawyers-organiza-evento-sobre-ciberseguranca-na-camara-de-comercio-franca-brasil\\\/#breadcrumb\",\"itemListElement\":[{\"@type\":\"ListItem\",\"position\":1,\"name\":\"In\u00edcio\",\"item\":\"https:\\\/\\\/www.gtlawyers.com.br\\\/\"},{\"@type\":\"ListItem\",\"position\":2,\"name\":\"GTLawyers organiza evento sobre ciberseguran\u00e7a na C\u00e2mara de Com\u00e9rcio Fran\u00e7a Brasil\"}]},{\"@type\":\"WebSite\",\"@id\":\"https:\\\/\\\/www.gtlawyers.com.br\\\/#website\",\"url\":\"https:\\\/\\\/www.gtlawyers.com.br\\\/\",\"name\":\"GTLawyers | Escrit\u00f3rio boutique full-service\",\"description\":\"Escrit\u00f3rio de advocacia franco-brasileiro para empresas especializado em M&amp;A, direito societ\u00e1rio, tribut\u00e1rio, imobili\u00e1rio, contencioso e compliance\",\"publisher\":{\"@id\":\"https:\\\/\\\/www.gtlawyers.com.br\\\/#organization\"},\"alternateName\":\"GTLawyers\",\"potentialAction\":[{\"@type\":\"SearchAction\",\"target\":{\"@type\":\"EntryPoint\",\"urlTemplate\":\"https:\\\/\\\/www.gtlawyers.com.br\\\/?s={search_term_string}\"},\"query-input\":{\"@type\":\"PropertyValueSpecification\",\"valueRequired\":true,\"valueName\":\"search_term_string\"}}],\"inLanguage\":\"en-US\"},{\"@type\":\"Organization\",\"@id\":\"https:\\\/\\\/www.gtlawyers.com.br\\\/#organization\",\"name\":\"GTLawyers - Escrit\u00f3rio boutique full-service\",\"url\":\"https:\\\/\\\/www.gtlawyers.com.br\\\/\",\"logo\":{\"@type\":\"ImageObject\",\"inLanguage\":\"en-US\",\"@id\":\"https:\\\/\\\/www.gtlawyers.com.br\\\/#\\\/schema\\\/logo\\\/image\\\/\",\"url\":\"https:\\\/\\\/www.gtlawyers.com.br\\\/site\\\/wp-content\\\/uploads\\\/image-3.png\",\"contentUrl\":\"https:\\\/\\\/www.gtlawyers.com.br\\\/site\\\/wp-content\\\/uploads\\\/image-3.png\",\"width\":166,\"height\":44,\"caption\":\"GTLawyers - Escrit\u00f3rio boutique full-service\"},\"image\":{\"@id\":\"https:\\\/\\\/www.gtlawyers.com.br\\\/#\\\/schema\\\/logo\\\/image\\\/\"},\"sameAs\":[\"https:\\\/\\\/www.linkedin.com\\\/company\\\/gtlawyers\\\/mycompany\\\/\"]},{\"@type\":\"Person\",\"@id\":\"https:\\\/\\\/www.gtlawyers.com.br\\\/#\\\/schema\\\/person\\\/98e5d0d0df85fd7cef4aa9878da75a67\",\"name\":\"ttanzilli\",\"image\":{\"@type\":\"ImageObject\",\"inLanguage\":\"en-US\",\"@id\":\"https:\\\/\\\/secure.gravatar.com\\\/avatar\\\/295df42180df022e821b6d822b06057b0d8a14abd7a2b2dc65a3001e88c99730?s=96&d=mm&r=g\",\"url\":\"https:\\\/\\\/secure.gravatar.com\\\/avatar\\\/295df42180df022e821b6d822b06057b0d8a14abd7a2b2dc65a3001e88c99730?s=96&d=mm&r=g\",\"contentUrl\":\"https:\\\/\\\/secure.gravatar.com\\\/avatar\\\/295df42180df022e821b6d822b06057b0d8a14abd7a2b2dc65a3001e88c99730?s=96&d=mm&r=g\",\"caption\":\"ttanzilli\"},\"url\":\"https:\\\/\\\/www.gtlawyers.com.br\\\/en\\\/author\\\/ttanzilli\\\/\"}]}<\/script>\n<!-- \/ Yoast SEO plugin. -->","yoast_head_json":{"title":"GTLawyers organiza evento sobre ciberseguran\u00e7a na C\u00e2mara de Com\u00e9rcio Fran\u00e7a Brasil | GTLawyers | Escrit\u00f3rio boutique full-service","robots":{"index":"index","follow":"follow","max-snippet":"max-snippet:-1","max-image-preview":"max-image-preview:large","max-video-preview":"max-video-preview:-1"},"canonical":"https:\/\/www.gtlawyers.com.br\/en\/noticia\/gtlawyers-organiza-evento-sobre-ciberseguranca-na-camara-de-comercio-franca-brasil\/","og_locale":"en_US","og_type":"article","og_title":"GTLawyers organiza evento sobre ciberseguran\u00e7a na C\u00e2mara de Com\u00e9rcio Fran\u00e7a Brasil | GTLawyers | Escrit\u00f3rio boutique full-service","og_description":"Ontem, o GTLawyers teve o prazer de organizar um evento na C\u00e2mara de Com\u00e9rcio Fran\u00e7a Brasil &#8211; CCIFB para debater um tema essencial: a ciberseguran\u00e7a. Mais de 70 participantes.7 especialistas do setor.1 simula\u00e7\u00e3o de crise imersiva.Mais de 50 conselhos compartilhados.1 buffet de especialidades francesas.2 comiss\u00f5es reunidas da C\u00e2mara de Com\u00e9rcio Fran\u00e7a Brasil &#8211; CCIFB. Esse [&hellip;]","og_url":"https:\/\/www.gtlawyers.com.br\/en\/noticia\/gtlawyers-organiza-evento-sobre-ciberseguranca-na-camara-de-comercio-franca-brasil\/","og_site_name":"GTLawyers | Escrit\u00f3rio boutique full-service","article_published_time":"2025-10-06T16:27:48+00:00","article_modified_time":"2025-10-06T16:27:50+00:00","og_image":[{"width":1587,"height":917,"url":"https:\/\/www.gtlawyers.com.br\/site\/wp-content\/uploads\/WhatsApp-Image-2025-10-02-at-16.49.07-e1759768046111.jpeg","type":"image\/jpeg"}],"author":"ttanzilli","twitter_card":"summary_large_image","twitter_misc":{"Written by":"ttanzilli","Est. reading time":"2 minutes"},"schema":{"@context":"https:\/\/schema.org","@graph":[{"@type":"Article","@id":"https:\/\/www.gtlawyers.com.br\/noticia\/gtlawyers-organiza-evento-sobre-ciberseguranca-na-camara-de-comercio-franca-brasil\/#article","isPartOf":{"@id":"https:\/\/www.gtlawyers.com.br\/noticia\/gtlawyers-organiza-evento-sobre-ciberseguranca-na-camara-de-comercio-franca-brasil\/"},"author":{"name":"ttanzilli","@id":"https:\/\/www.gtlawyers.com.br\/#\/schema\/person\/98e5d0d0df85fd7cef4aa9878da75a67"},"headline":"GTLawyers organiza evento sobre ciberseguran\u00e7a na C\u00e2mara de Com\u00e9rcio Fran\u00e7a Brasil","datePublished":"2025-10-06T16:27:48+00:00","dateModified":"2025-10-06T16:27:50+00:00","mainEntityOfPage":{"@id":"https:\/\/www.gtlawyers.com.br\/noticia\/gtlawyers-organiza-evento-sobre-ciberseguranca-na-camara-de-comercio-franca-brasil\/"},"wordCount":280,"commentCount":0,"publisher":{"@id":"https:\/\/www.gtlawyers.com.br\/#organization"},"image":{"@id":"https:\/\/www.gtlawyers.com.br\/noticia\/gtlawyers-organiza-evento-sobre-ciberseguranca-na-camara-de-comercio-franca-brasil\/#primaryimage"},"thumbnailUrl":"https:\/\/www.gtlawyers.com.br\/site\/wp-content\/uploads\/WhatsApp-Image-2025-10-02-at-16.49.07-e1759768046111.jpeg","articleSection":["News"],"inLanguage":"en-US","potentialAction":[{"@type":"CommentAction","name":"Comment","target":["https:\/\/www.gtlawyers.com.br\/noticia\/gtlawyers-organiza-evento-sobre-ciberseguranca-na-camara-de-comercio-franca-brasil\/#respond"]}]},{"@type":"WebPage","@id":"https:\/\/www.gtlawyers.com.br\/noticia\/gtlawyers-organiza-evento-sobre-ciberseguranca-na-camara-de-comercio-franca-brasil\/","url":"https:\/\/www.gtlawyers.com.br\/noticia\/gtlawyers-organiza-evento-sobre-ciberseguranca-na-camara-de-comercio-franca-brasil\/","name":"GTLawyers organiza evento sobre ciberseguran\u00e7a na C\u00e2mara de Com\u00e9rcio Fran\u00e7a Brasil | GTLawyers | Escrit\u00f3rio boutique full-service","isPartOf":{"@id":"https:\/\/www.gtlawyers.com.br\/#website"},"primaryImageOfPage":{"@id":"https:\/\/www.gtlawyers.com.br\/noticia\/gtlawyers-organiza-evento-sobre-ciberseguranca-na-camara-de-comercio-franca-brasil\/#primaryimage"},"image":{"@id":"https:\/\/www.gtlawyers.com.br\/noticia\/gtlawyers-organiza-evento-sobre-ciberseguranca-na-camara-de-comercio-franca-brasil\/#primaryimage"},"thumbnailUrl":"https:\/\/www.gtlawyers.com.br\/site\/wp-content\/uploads\/WhatsApp-Image-2025-10-02-at-16.49.07-e1759768046111.jpeg","datePublished":"2025-10-06T16:27:48+00:00","dateModified":"2025-10-06T16:27:50+00:00","breadcrumb":{"@id":"https:\/\/www.gtlawyers.com.br\/noticia\/gtlawyers-organiza-evento-sobre-ciberseguranca-na-camara-de-comercio-franca-brasil\/#breadcrumb"},"inLanguage":"en-US","potentialAction":[{"@type":"ReadAction","target":["https:\/\/www.gtlawyers.com.br\/noticia\/gtlawyers-organiza-evento-sobre-ciberseguranca-na-camara-de-comercio-franca-brasil\/"]}]},{"@type":"ImageObject","inLanguage":"en-US","@id":"https:\/\/www.gtlawyers.com.br\/noticia\/gtlawyers-organiza-evento-sobre-ciberseguranca-na-camara-de-comercio-franca-brasil\/#primaryimage","url":"https:\/\/www.gtlawyers.com.br\/site\/wp-content\/uploads\/WhatsApp-Image-2025-10-02-at-16.49.07-e1759768046111.jpeg","contentUrl":"https:\/\/www.gtlawyers.com.br\/site\/wp-content\/uploads\/WhatsApp-Image-2025-10-02-at-16.49.07-e1759768046111.jpeg","width":1587,"height":917},{"@type":"BreadcrumbList","@id":"https:\/\/www.gtlawyers.com.br\/noticia\/gtlawyers-organiza-evento-sobre-ciberseguranca-na-camara-de-comercio-franca-brasil\/#breadcrumb","itemListElement":[{"@type":"ListItem","position":1,"name":"In\u00edcio","item":"https:\/\/www.gtlawyers.com.br\/"},{"@type":"ListItem","position":2,"name":"GTLawyers organiza evento sobre ciberseguran\u00e7a na C\u00e2mara de Com\u00e9rcio Fran\u00e7a Brasil"}]},{"@type":"WebSite","@id":"https:\/\/www.gtlawyers.com.br\/#website","url":"https:\/\/www.gtlawyers.com.br\/","name":"GTLawyers | Escrit\u00f3rio boutique full-service","description":"Escrit\u00f3rio de advocacia franco-brasileiro para empresas especializado em M&amp;A, direito societ\u00e1rio, tribut\u00e1rio, imobili\u00e1rio, contencioso e compliance","publisher":{"@id":"https:\/\/www.gtlawyers.com.br\/#organization"},"alternateName":"GTLawyers","potentialAction":[{"@type":"SearchAction","target":{"@type":"EntryPoint","urlTemplate":"https:\/\/www.gtlawyers.com.br\/?s={search_term_string}"},"query-input":{"@type":"PropertyValueSpecification","valueRequired":true,"valueName":"search_term_string"}}],"inLanguage":"en-US"},{"@type":"Organization","@id":"https:\/\/www.gtlawyers.com.br\/#organization","name":"GTLawyers - Escrit\u00f3rio boutique full-service","url":"https:\/\/www.gtlawyers.com.br\/","logo":{"@type":"ImageObject","inLanguage":"en-US","@id":"https:\/\/www.gtlawyers.com.br\/#\/schema\/logo\/image\/","url":"https:\/\/www.gtlawyers.com.br\/site\/wp-content\/uploads\/image-3.png","contentUrl":"https:\/\/www.gtlawyers.com.br\/site\/wp-content\/uploads\/image-3.png","width":166,"height":44,"caption":"GTLawyers - Escrit\u00f3rio boutique full-service"},"image":{"@id":"https:\/\/www.gtlawyers.com.br\/#\/schema\/logo\/image\/"},"sameAs":["https:\/\/www.linkedin.com\/company\/gtlawyers\/mycompany\/"]},{"@type":"Person","@id":"https:\/\/www.gtlawyers.com.br\/#\/schema\/person\/98e5d0d0df85fd7cef4aa9878da75a67","name":"ttanzilli","image":{"@type":"ImageObject","inLanguage":"en-US","@id":"https:\/\/secure.gravatar.com\/avatar\/295df42180df022e821b6d822b06057b0d8a14abd7a2b2dc65a3001e88c99730?s=96&d=mm&r=g","url":"https:\/\/secure.gravatar.com\/avatar\/295df42180df022e821b6d822b06057b0d8a14abd7a2b2dc65a3001e88c99730?s=96&d=mm&r=g","contentUrl":"https:\/\/secure.gravatar.com\/avatar\/295df42180df022e821b6d822b06057b0d8a14abd7a2b2dc65a3001e88c99730?s=96&d=mm&r=g","caption":"ttanzilli"},"url":"https:\/\/www.gtlawyers.com.br\/en\/author\/ttanzilli\/"}]}},"_links":{"self":[{"href":"https:\/\/www.gtlawyers.com.br\/en\/wp-json\/wp\/v2\/posts\/1988","targetHints":{"allow":["GET"]}}],"collection":[{"href":"https:\/\/www.gtlawyers.com.br\/en\/wp-json\/wp\/v2\/posts"}],"about":[{"href":"https:\/\/www.gtlawyers.com.br\/en\/wp-json\/wp\/v2\/types\/post"}],"author":[{"embeddable":true,"href":"https:\/\/www.gtlawyers.com.br\/en\/wp-json\/wp\/v2\/users\/8"}],"replies":[{"embeddable":true,"href":"https:\/\/www.gtlawyers.com.br\/en\/wp-json\/wp\/v2\/comments?post=1988"}],"version-history":[{"count":1,"href":"https:\/\/www.gtlawyers.com.br\/en\/wp-json\/wp\/v2\/posts\/1988\/revisions"}],"predecessor-version":[{"id":1991,"href":"https:\/\/www.gtlawyers.com.br\/en\/wp-json\/wp\/v2\/posts\/1988\/revisions\/1991"}],"wp:featuredmedia":[{"embeddable":true,"href":"https:\/\/www.gtlawyers.com.br\/en\/wp-json\/wp\/v2\/media\/1993"}],"wp:attachment":[{"href":"https:\/\/www.gtlawyers.com.br\/en\/wp-json\/wp\/v2\/media?parent=1988"}],"wp:term":[{"taxonomy":"category","embeddable":true,"href":"https:\/\/www.gtlawyers.com.br\/en\/wp-json\/wp\/v2\/categories?post=1988"},{"taxonomy":"post_tag","embeddable":true,"href":"https:\/\/www.gtlawyers.com.br\/en\/wp-json\/wp\/v2\/tags?post=1988"}],"curies":[{"name":"wp","href":"https:\/\/api.w.org\/{rel}","templated":true}]}}