{"id":2114,"date":"2025-12-03T14:42:08","date_gmt":"2025-12-03T17:42:08","guid":{"rendered":"https:\/\/www.gtlawyers.com.br\/?p=2114"},"modified":"2025-12-03T14:42:11","modified_gmt":"2025-12-03T17:42:11","slug":"lideranca-feminina-em-destaque-as-tres-socias-de-gtlawyers-sao-reconhecidas-no-analise-advocacia-2026","status":"publish","type":"post","link":"https:\/\/www.gtlawyers.com.br\/en\/noticia\/lideranca-feminina-em-destaque-as-tres-socias-de-gtlawyers-sao-reconhecidas-no-analise-advocacia-2026\/","title":{"rendered":"Female leadership in the spotlight: GTLawyers' three partners recognized in An\u00e1lise Advocacia 2026"},"content":{"rendered":"<p>We are proud to celebrate yet another achievement \u2014 and, above all, to celebrate the strength of women in the legal profession.<\/p>\n\n\n\n<p>The three partners of GTLawyers \u2013 Tamy Tanzilli, Carolina Moresco, and Anne-Catherine Brunschwig \u2013 were recognized in An\u00e1lise Advocacia 2026, reaffirming the excellence, competence, and female leadership that inspire our firm every single day.\n\nIt is impossible not to recall that just over a century ago, women were still fighting for the right to practice law:\nIn Brazil, access to the profession was only solidified in 1906; in France, full authorization arrived in 1900.<\/p>\n\n\n\n<p>Today, seeing three women at the helm of GTLawyers, counted among the most admired names in the country, is an achievement that echoes this historical journey and symbolizes how far we have come.\n\nThis recognition reflects not only each of their journeys but also GTLawyers' commitment to building an environment of excellence, ethics, and humanization, where female talent occupies the place it has always deserved.<\/p>\n\n\n\n<p>We congratulate our partners for this important milestone!<\/p>","protected":false},"excerpt":{"rendered":"<p>Temos orgulho em celebrar mais uma conquista \u2014 e, sobretudo, em celebrar a for\u00e7a das mulheres na advocacia. As tr\u00eas s\u00f3cias da GTLawyers \u2013 Tamy Tanzilli, Carolina Moresco e Anne-Catherine Brunschwig \u2013 foram reconhecidas no An\u00e1lise Advocacia 2026, reafirmando a excel\u00eancia, a compet\u00eancia e a lideran\u00e7a feminina que inspiram o nosso escrit\u00f3rio todos os dias. [&hellip;]<\/p>\n","protected":false},"author":8,"featured_media":2115,"comment_status":"open","ping_status":"open","sticky":false,"template":"","format":"standard","meta":{"_acf_changed":false,"footnotes":""},"categories":[7],"tags":[],"class_list":["post-2114","post","type-post","status-publish","format-standard","has-post-thumbnail","hentry","category-noticia"],"acf":[],"yoast_head":"<!-- This site is optimized with the Yoast SEO plugin v27.5 - https:\/\/yoast.com\/product\/yoast-seo-wordpress\/ -->\n<title>Lideran\u00e7a feminina em destaque: as tr\u00eas s\u00f3cias de GTLawyers s\u00e3o reconhecidas no An\u00e1lise Advocacia 2026 | GTLawyers | Escrit\u00f3rio boutique full-service<\/title>\n<meta name=\"robots\" content=\"index, follow, max-snippet:-1, max-image-preview:large, max-video-preview:-1\" \/>\n<link rel=\"canonical\" href=\"https:\/\/www.gtlawyers.com.br\/en\/noticia\/lideranca-feminina-em-destaque-as-tres-socias-de-gtlawyers-sao-reconhecidas-no-analise-advocacia-2026\/\" \/>\n<meta property=\"og:locale\" content=\"en_US\" \/>\n<meta property=\"og:type\" content=\"article\" \/>\n<meta property=\"og:title\" content=\"Lideran\u00e7a feminina em destaque: as tr\u00eas s\u00f3cias de GTLawyers s\u00e3o reconhecidas no An\u00e1lise Advocacia 2026 | GTLawyers | Escrit\u00f3rio boutique full-service\" \/>\n<meta property=\"og:description\" content=\"Temos orgulho em celebrar mais uma conquista \u2014 e, sobretudo, em celebrar a for\u00e7a das mulheres na advocacia. As tr\u00eas s\u00f3cias da GTLawyers \u2013 Tamy Tanzilli, Carolina Moresco e Anne-Catherine Brunschwig \u2013 foram reconhecidas no An\u00e1lise Advocacia 2026, reafirmando a excel\u00eancia, a compet\u00eancia e a lideran\u00e7a feminina que inspiram o nosso escrit\u00f3rio todos os dias. [&hellip;]\" \/>\n<meta property=\"og:url\" content=\"https:\/\/www.gtlawyers.com.br\/en\/noticia\/lideranca-feminina-em-destaque-as-tres-socias-de-gtlawyers-sao-reconhecidas-no-analise-advocacia-2026\/\" \/>\n<meta property=\"og:site_name\" content=\"GTLawyers | Escrit\u00f3rio boutique full-service\" \/>\n<meta property=\"article:published_time\" content=\"2025-12-03T17:42:08+00:00\" \/>\n<meta property=\"article:modified_time\" content=\"2025-12-03T17:42:11+00:00\" \/>\n<meta property=\"og:image\" content=\"https:\/\/www.gtlawyers.com.br\/site\/wp-content\/uploads\/Photo-a-poster-5.png\" \/>\n\t<meta property=\"og:image:width\" content=\"940\" \/>\n\t<meta property=\"og:image:height\" content=\"788\" \/>\n\t<meta property=\"og:image:type\" content=\"image\/png\" \/>\n<meta name=\"author\" content=\"ttanzilli\" \/>\n<meta name=\"twitter:card\" content=\"summary_large_image\" \/>\n<meta name=\"twitter:label1\" content=\"Written by\" \/>\n\t<meta name=\"twitter:data1\" content=\"ttanzilli\" \/>\n\t<meta name=\"twitter:label2\" content=\"Est. reading time\" \/>\n\t<meta name=\"twitter:data2\" content=\"2 minutes\" \/>\n<script type=\"application\/ld+json\" class=\"yoast-schema-graph\">{\"@context\":\"https:\\\/\\\/schema.org\",\"@graph\":[{\"@type\":\"Article\",\"@id\":\"https:\\\/\\\/www.gtlawyers.com.br\\\/noticia\\\/lideranca-feminina-em-destaque-as-tres-socias-de-gtlawyers-sao-reconhecidas-no-analise-advocacia-2026\\\/#article\",\"isPartOf\":{\"@id\":\"https:\\\/\\\/www.gtlawyers.com.br\\\/noticia\\\/lideranca-feminina-em-destaque-as-tres-socias-de-gtlawyers-sao-reconhecidas-no-analise-advocacia-2026\\\/\"},\"author\":{\"name\":\"ttanzilli\",\"@id\":\"https:\\\/\\\/www.gtlawyers.com.br\\\/#\\\/schema\\\/person\\\/98e5d0d0df85fd7cef4aa9878da75a67\"},\"headline\":\"Lideran\u00e7a feminina em destaque: as tr\u00eas s\u00f3cias de GTLawyers s\u00e3o reconhecidas no An\u00e1lise Advocacia 2026\",\"datePublished\":\"2025-12-03T17:42:08+00:00\",\"dateModified\":\"2025-12-03T17:42:11+00:00\",\"mainEntityOfPage\":{\"@id\":\"https:\\\/\\\/www.gtlawyers.com.br\\\/noticia\\\/lideranca-feminina-em-destaque-as-tres-socias-de-gtlawyers-sao-reconhecidas-no-analise-advocacia-2026\\\/\"},\"wordCount\":197,\"commentCount\":0,\"publisher\":{\"@id\":\"https:\\\/\\\/www.gtlawyers.com.br\\\/#organization\"},\"image\":{\"@id\":\"https:\\\/\\\/www.gtlawyers.com.br\\\/noticia\\\/lideranca-feminina-em-destaque-as-tres-socias-de-gtlawyers-sao-reconhecidas-no-analise-advocacia-2026\\\/#primaryimage\"},\"thumbnailUrl\":\"https:\\\/\\\/www.gtlawyers.com.br\\\/site\\\/wp-content\\\/uploads\\\/Photo-a-poster-5.png\",\"articleSection\":[\"News\"],\"inLanguage\":\"en-US\",\"potentialAction\":[{\"@type\":\"CommentAction\",\"name\":\"Comment\",\"target\":[\"https:\\\/\\\/www.gtlawyers.com.br\\\/noticia\\\/lideranca-feminina-em-destaque-as-tres-socias-de-gtlawyers-sao-reconhecidas-no-analise-advocacia-2026\\\/#respond\"]}]},{\"@type\":\"WebPage\",\"@id\":\"https:\\\/\\\/www.gtlawyers.com.br\\\/noticia\\\/lideranca-feminina-em-destaque-as-tres-socias-de-gtlawyers-sao-reconhecidas-no-analise-advocacia-2026\\\/\",\"url\":\"https:\\\/\\\/www.gtlawyers.com.br\\\/noticia\\\/lideranca-feminina-em-destaque-as-tres-socias-de-gtlawyers-sao-reconhecidas-no-analise-advocacia-2026\\\/\",\"name\":\"Lideran\u00e7a feminina em destaque: as tr\u00eas s\u00f3cias de GTLawyers s\u00e3o reconhecidas no An\u00e1lise Advocacia 2026 | GTLawyers | Escrit\u00f3rio boutique full-service\",\"isPartOf\":{\"@id\":\"https:\\\/\\\/www.gtlawyers.com.br\\\/#website\"},\"primaryImageOfPage\":{\"@id\":\"https:\\\/\\\/www.gtlawyers.com.br\\\/noticia\\\/lideranca-feminina-em-destaque-as-tres-socias-de-gtlawyers-sao-reconhecidas-no-analise-advocacia-2026\\\/#primaryimage\"},\"image\":{\"@id\":\"https:\\\/\\\/www.gtlawyers.com.br\\\/noticia\\\/lideranca-feminina-em-destaque-as-tres-socias-de-gtlawyers-sao-reconhecidas-no-analise-advocacia-2026\\\/#primaryimage\"},\"thumbnailUrl\":\"https:\\\/\\\/www.gtlawyers.com.br\\\/site\\\/wp-content\\\/uploads\\\/Photo-a-poster-5.png\",\"datePublished\":\"2025-12-03T17:42:08+00:00\",\"dateModified\":\"2025-12-03T17:42:11+00:00\",\"breadcrumb\":{\"@id\":\"https:\\\/\\\/www.gtlawyers.com.br\\\/noticia\\\/lideranca-feminina-em-destaque-as-tres-socias-de-gtlawyers-sao-reconhecidas-no-analise-advocacia-2026\\\/#breadcrumb\"},\"inLanguage\":\"en-US\",\"potentialAction\":[{\"@type\":\"ReadAction\",\"target\":[\"https:\\\/\\\/www.gtlawyers.com.br\\\/noticia\\\/lideranca-feminina-em-destaque-as-tres-socias-de-gtlawyers-sao-reconhecidas-no-analise-advocacia-2026\\\/\"]}]},{\"@type\":\"ImageObject\",\"inLanguage\":\"en-US\",\"@id\":\"https:\\\/\\\/www.gtlawyers.com.br\\\/noticia\\\/lideranca-feminina-em-destaque-as-tres-socias-de-gtlawyers-sao-reconhecidas-no-analise-advocacia-2026\\\/#primaryimage\",\"url\":\"https:\\\/\\\/www.gtlawyers.com.br\\\/site\\\/wp-content\\\/uploads\\\/Photo-a-poster-5.png\",\"contentUrl\":\"https:\\\/\\\/www.gtlawyers.com.br\\\/site\\\/wp-content\\\/uploads\\\/Photo-a-poster-5.png\",\"width\":940,\"height\":788},{\"@type\":\"BreadcrumbList\",\"@id\":\"https:\\\/\\\/www.gtlawyers.com.br\\\/noticia\\\/lideranca-feminina-em-destaque-as-tres-socias-de-gtlawyers-sao-reconhecidas-no-analise-advocacia-2026\\\/#breadcrumb\",\"itemListElement\":[{\"@type\":\"ListItem\",\"position\":1,\"name\":\"In\u00edcio\",\"item\":\"https:\\\/\\\/www.gtlawyers.com.br\\\/\"},{\"@type\":\"ListItem\",\"position\":2,\"name\":\"Lideran\u00e7a feminina em destaque: as tr\u00eas s\u00f3cias de GTLawyers s\u00e3o reconhecidas no An\u00e1lise Advocacia 2026\"}]},{\"@type\":\"WebSite\",\"@id\":\"https:\\\/\\\/www.gtlawyers.com.br\\\/#website\",\"url\":\"https:\\\/\\\/www.gtlawyers.com.br\\\/\",\"name\":\"GTLawyers | Escrit\u00f3rio boutique full-service\",\"description\":\"Escrit\u00f3rio de advocacia franco-brasileiro para empresas especializado em M&amp;A, direito societ\u00e1rio, tribut\u00e1rio, imobili\u00e1rio, contencioso e compliance\",\"publisher\":{\"@id\":\"https:\\\/\\\/www.gtlawyers.com.br\\\/#organization\"},\"alternateName\":\"GTLawyers\",\"potentialAction\":[{\"@type\":\"SearchAction\",\"target\":{\"@type\":\"EntryPoint\",\"urlTemplate\":\"https:\\\/\\\/www.gtlawyers.com.br\\\/?s={search_term_string}\"},\"query-input\":{\"@type\":\"PropertyValueSpecification\",\"valueRequired\":true,\"valueName\":\"search_term_string\"}}],\"inLanguage\":\"en-US\"},{\"@type\":\"Organization\",\"@id\":\"https:\\\/\\\/www.gtlawyers.com.br\\\/#organization\",\"name\":\"GTLawyers - Escrit\u00f3rio boutique full-service\",\"url\":\"https:\\\/\\\/www.gtlawyers.com.br\\\/\",\"logo\":{\"@type\":\"ImageObject\",\"inLanguage\":\"en-US\",\"@id\":\"https:\\\/\\\/www.gtlawyers.com.br\\\/#\\\/schema\\\/logo\\\/image\\\/\",\"url\":\"https:\\\/\\\/www.gtlawyers.com.br\\\/site\\\/wp-content\\\/uploads\\\/image-3.png\",\"contentUrl\":\"https:\\\/\\\/www.gtlawyers.com.br\\\/site\\\/wp-content\\\/uploads\\\/image-3.png\",\"width\":166,\"height\":44,\"caption\":\"GTLawyers - Escrit\u00f3rio boutique full-service\"},\"image\":{\"@id\":\"https:\\\/\\\/www.gtlawyers.com.br\\\/#\\\/schema\\\/logo\\\/image\\\/\"},\"sameAs\":[\"https:\\\/\\\/www.linkedin.com\\\/company\\\/gtlawyers\\\/mycompany\\\/\"]},{\"@type\":\"Person\",\"@id\":\"https:\\\/\\\/www.gtlawyers.com.br\\\/#\\\/schema\\\/person\\\/98e5d0d0df85fd7cef4aa9878da75a67\",\"name\":\"ttanzilli\",\"image\":{\"@type\":\"ImageObject\",\"inLanguage\":\"en-US\",\"@id\":\"https:\\\/\\\/secure.gravatar.com\\\/avatar\\\/295df42180df022e821b6d822b06057b0d8a14abd7a2b2dc65a3001e88c99730?s=96&d=mm&r=g\",\"url\":\"https:\\\/\\\/secure.gravatar.com\\\/avatar\\\/295df42180df022e821b6d822b06057b0d8a14abd7a2b2dc65a3001e88c99730?s=96&d=mm&r=g\",\"contentUrl\":\"https:\\\/\\\/secure.gravatar.com\\\/avatar\\\/295df42180df022e821b6d822b06057b0d8a14abd7a2b2dc65a3001e88c99730?s=96&d=mm&r=g\",\"caption\":\"ttanzilli\"},\"url\":\"https:\\\/\\\/www.gtlawyers.com.br\\\/en\\\/author\\\/ttanzilli\\\/\"}]}<\/script>\n<!-- \/ Yoast SEO plugin. -->","yoast_head_json":{"title":"Lideran\u00e7a feminina em destaque: as tr\u00eas s\u00f3cias de GTLawyers s\u00e3o reconhecidas no An\u00e1lise Advocacia 2026 | GTLawyers | Escrit\u00f3rio boutique full-service","robots":{"index":"index","follow":"follow","max-snippet":"max-snippet:-1","max-image-preview":"max-image-preview:large","max-video-preview":"max-video-preview:-1"},"canonical":"https:\/\/www.gtlawyers.com.br\/en\/noticia\/lideranca-feminina-em-destaque-as-tres-socias-de-gtlawyers-sao-reconhecidas-no-analise-advocacia-2026\/","og_locale":"en_US","og_type":"article","og_title":"Lideran\u00e7a feminina em destaque: as tr\u00eas s\u00f3cias de GTLawyers s\u00e3o reconhecidas no An\u00e1lise Advocacia 2026 | GTLawyers | Escrit\u00f3rio boutique full-service","og_description":"Temos orgulho em celebrar mais uma conquista \u2014 e, sobretudo, em celebrar a for\u00e7a das mulheres na advocacia. As tr\u00eas s\u00f3cias da GTLawyers \u2013 Tamy Tanzilli, Carolina Moresco e Anne-Catherine Brunschwig \u2013 foram reconhecidas no An\u00e1lise Advocacia 2026, reafirmando a excel\u00eancia, a compet\u00eancia e a lideran\u00e7a feminina que inspiram o nosso escrit\u00f3rio todos os dias. [&hellip;]","og_url":"https:\/\/www.gtlawyers.com.br\/en\/noticia\/lideranca-feminina-em-destaque-as-tres-socias-de-gtlawyers-sao-reconhecidas-no-analise-advocacia-2026\/","og_site_name":"GTLawyers | Escrit\u00f3rio boutique full-service","article_published_time":"2025-12-03T17:42:08+00:00","article_modified_time":"2025-12-03T17:42:11+00:00","og_image":[{"width":940,"height":788,"url":"https:\/\/www.gtlawyers.com.br\/site\/wp-content\/uploads\/Photo-a-poster-5.png","type":"image\/png"}],"author":"ttanzilli","twitter_card":"summary_large_image","twitter_misc":{"Written by":"ttanzilli","Est. reading time":"2 minutes"},"schema":{"@context":"https:\/\/schema.org","@graph":[{"@type":"Article","@id":"https:\/\/www.gtlawyers.com.br\/noticia\/lideranca-feminina-em-destaque-as-tres-socias-de-gtlawyers-sao-reconhecidas-no-analise-advocacia-2026\/#article","isPartOf":{"@id":"https:\/\/www.gtlawyers.com.br\/noticia\/lideranca-feminina-em-destaque-as-tres-socias-de-gtlawyers-sao-reconhecidas-no-analise-advocacia-2026\/"},"author":{"name":"ttanzilli","@id":"https:\/\/www.gtlawyers.com.br\/#\/schema\/person\/98e5d0d0df85fd7cef4aa9878da75a67"},"headline":"Lideran\u00e7a feminina em destaque: as tr\u00eas s\u00f3cias de GTLawyers s\u00e3o reconhecidas no An\u00e1lise Advocacia 2026","datePublished":"2025-12-03T17:42:08+00:00","dateModified":"2025-12-03T17:42:11+00:00","mainEntityOfPage":{"@id":"https:\/\/www.gtlawyers.com.br\/noticia\/lideranca-feminina-em-destaque-as-tres-socias-de-gtlawyers-sao-reconhecidas-no-analise-advocacia-2026\/"},"wordCount":197,"commentCount":0,"publisher":{"@id":"https:\/\/www.gtlawyers.com.br\/#organization"},"image":{"@id":"https:\/\/www.gtlawyers.com.br\/noticia\/lideranca-feminina-em-destaque-as-tres-socias-de-gtlawyers-sao-reconhecidas-no-analise-advocacia-2026\/#primaryimage"},"thumbnailUrl":"https:\/\/www.gtlawyers.com.br\/site\/wp-content\/uploads\/Photo-a-poster-5.png","articleSection":["News"],"inLanguage":"en-US","potentialAction":[{"@type":"CommentAction","name":"Comment","target":["https:\/\/www.gtlawyers.com.br\/noticia\/lideranca-feminina-em-destaque-as-tres-socias-de-gtlawyers-sao-reconhecidas-no-analise-advocacia-2026\/#respond"]}]},{"@type":"WebPage","@id":"https:\/\/www.gtlawyers.com.br\/noticia\/lideranca-feminina-em-destaque-as-tres-socias-de-gtlawyers-sao-reconhecidas-no-analise-advocacia-2026\/","url":"https:\/\/www.gtlawyers.com.br\/noticia\/lideranca-feminina-em-destaque-as-tres-socias-de-gtlawyers-sao-reconhecidas-no-analise-advocacia-2026\/","name":"Lideran\u00e7a feminina em destaque: as tr\u00eas s\u00f3cias de GTLawyers s\u00e3o reconhecidas no An\u00e1lise Advocacia 2026 | GTLawyers | Escrit\u00f3rio boutique full-service","isPartOf":{"@id":"https:\/\/www.gtlawyers.com.br\/#website"},"primaryImageOfPage":{"@id":"https:\/\/www.gtlawyers.com.br\/noticia\/lideranca-feminina-em-destaque-as-tres-socias-de-gtlawyers-sao-reconhecidas-no-analise-advocacia-2026\/#primaryimage"},"image":{"@id":"https:\/\/www.gtlawyers.com.br\/noticia\/lideranca-feminina-em-destaque-as-tres-socias-de-gtlawyers-sao-reconhecidas-no-analise-advocacia-2026\/#primaryimage"},"thumbnailUrl":"https:\/\/www.gtlawyers.com.br\/site\/wp-content\/uploads\/Photo-a-poster-5.png","datePublished":"2025-12-03T17:42:08+00:00","dateModified":"2025-12-03T17:42:11+00:00","breadcrumb":{"@id":"https:\/\/www.gtlawyers.com.br\/noticia\/lideranca-feminina-em-destaque-as-tres-socias-de-gtlawyers-sao-reconhecidas-no-analise-advocacia-2026\/#breadcrumb"},"inLanguage":"en-US","potentialAction":[{"@type":"ReadAction","target":["https:\/\/www.gtlawyers.com.br\/noticia\/lideranca-feminina-em-destaque-as-tres-socias-de-gtlawyers-sao-reconhecidas-no-analise-advocacia-2026\/"]}]},{"@type":"ImageObject","inLanguage":"en-US","@id":"https:\/\/www.gtlawyers.com.br\/noticia\/lideranca-feminina-em-destaque-as-tres-socias-de-gtlawyers-sao-reconhecidas-no-analise-advocacia-2026\/#primaryimage","url":"https:\/\/www.gtlawyers.com.br\/site\/wp-content\/uploads\/Photo-a-poster-5.png","contentUrl":"https:\/\/www.gtlawyers.com.br\/site\/wp-content\/uploads\/Photo-a-poster-5.png","width":940,"height":788},{"@type":"BreadcrumbList","@id":"https:\/\/www.gtlawyers.com.br\/noticia\/lideranca-feminina-em-destaque-as-tres-socias-de-gtlawyers-sao-reconhecidas-no-analise-advocacia-2026\/#breadcrumb","itemListElement":[{"@type":"ListItem","position":1,"name":"In\u00edcio","item":"https:\/\/www.gtlawyers.com.br\/"},{"@type":"ListItem","position":2,"name":"Lideran\u00e7a feminina em destaque: as tr\u00eas s\u00f3cias de GTLawyers s\u00e3o reconhecidas no An\u00e1lise Advocacia 2026"}]},{"@type":"WebSite","@id":"https:\/\/www.gtlawyers.com.br\/#website","url":"https:\/\/www.gtlawyers.com.br\/","name":"GTLawyers | Escrit\u00f3rio boutique full-service","description":"Escrit\u00f3rio de advocacia franco-brasileiro para empresas especializado em M&amp;A, direito societ\u00e1rio, tribut\u00e1rio, imobili\u00e1rio, contencioso e compliance","publisher":{"@id":"https:\/\/www.gtlawyers.com.br\/#organization"},"alternateName":"GTLawyers","potentialAction":[{"@type":"SearchAction","target":{"@type":"EntryPoint","urlTemplate":"https:\/\/www.gtlawyers.com.br\/?s={search_term_string}"},"query-input":{"@type":"PropertyValueSpecification","valueRequired":true,"valueName":"search_term_string"}}],"inLanguage":"en-US"},{"@type":"Organization","@id":"https:\/\/www.gtlawyers.com.br\/#organization","name":"GTLawyers - Escrit\u00f3rio boutique full-service","url":"https:\/\/www.gtlawyers.com.br\/","logo":{"@type":"ImageObject","inLanguage":"en-US","@id":"https:\/\/www.gtlawyers.com.br\/#\/schema\/logo\/image\/","url":"https:\/\/www.gtlawyers.com.br\/site\/wp-content\/uploads\/image-3.png","contentUrl":"https:\/\/www.gtlawyers.com.br\/site\/wp-content\/uploads\/image-3.png","width":166,"height":44,"caption":"GTLawyers - Escrit\u00f3rio boutique full-service"},"image":{"@id":"https:\/\/www.gtlawyers.com.br\/#\/schema\/logo\/image\/"},"sameAs":["https:\/\/www.linkedin.com\/company\/gtlawyers\/mycompany\/"]},{"@type":"Person","@id":"https:\/\/www.gtlawyers.com.br\/#\/schema\/person\/98e5d0d0df85fd7cef4aa9878da75a67","name":"ttanzilli","image":{"@type":"ImageObject","inLanguage":"en-US","@id":"https:\/\/secure.gravatar.com\/avatar\/295df42180df022e821b6d822b06057b0d8a14abd7a2b2dc65a3001e88c99730?s=96&d=mm&r=g","url":"https:\/\/secure.gravatar.com\/avatar\/295df42180df022e821b6d822b06057b0d8a14abd7a2b2dc65a3001e88c99730?s=96&d=mm&r=g","contentUrl":"https:\/\/secure.gravatar.com\/avatar\/295df42180df022e821b6d822b06057b0d8a14abd7a2b2dc65a3001e88c99730?s=96&d=mm&r=g","caption":"ttanzilli"},"url":"https:\/\/www.gtlawyers.com.br\/en\/author\/ttanzilli\/"}]}},"_links":{"self":[{"href":"https:\/\/www.gtlawyers.com.br\/en\/wp-json\/wp\/v2\/posts\/2114","targetHints":{"allow":["GET"]}}],"collection":[{"href":"https:\/\/www.gtlawyers.com.br\/en\/wp-json\/wp\/v2\/posts"}],"about":[{"href":"https:\/\/www.gtlawyers.com.br\/en\/wp-json\/wp\/v2\/types\/post"}],"author":[{"embeddable":true,"href":"https:\/\/www.gtlawyers.com.br\/en\/wp-json\/wp\/v2\/users\/8"}],"replies":[{"embeddable":true,"href":"https:\/\/www.gtlawyers.com.br\/en\/wp-json\/wp\/v2\/comments?post=2114"}],"version-history":[{"count":1,"href":"https:\/\/www.gtlawyers.com.br\/en\/wp-json\/wp\/v2\/posts\/2114\/revisions"}],"predecessor-version":[{"id":2116,"href":"https:\/\/www.gtlawyers.com.br\/en\/wp-json\/wp\/v2\/posts\/2114\/revisions\/2116"}],"wp:featuredmedia":[{"embeddable":true,"href":"https:\/\/www.gtlawyers.com.br\/en\/wp-json\/wp\/v2\/media\/2115"}],"wp:attachment":[{"href":"https:\/\/www.gtlawyers.com.br\/en\/wp-json\/wp\/v2\/media?parent=2114"}],"wp:term":[{"taxonomy":"category","embeddable":true,"href":"https:\/\/www.gtlawyers.com.br\/en\/wp-json\/wp\/v2\/categories?post=2114"},{"taxonomy":"post_tag","embeddable":true,"href":"https:\/\/www.gtlawyers.com.br\/en\/wp-json\/wp\/v2\/tags?post=2114"}],"curies":[{"name":"wp","href":"https:\/\/api.w.org\/{rel}","templated":true}]}}