{"id":2126,"date":"2025-12-11T17:56:06","date_gmt":"2025-12-11T20:56:06","guid":{"rendered":"https:\/\/www.gtlawyers.com.br\/?p=2126"},"modified":"2025-12-11T17:56:09","modified_gmt":"2025-12-11T20:56:09","slug":"o-gtlawyers-e-o-primeiro-escritorio-de-advocacia-no-brasil-a-obter-o-selo-efe-empresa-de-franceses-no-exterior","status":"publish","type":"post","link":"https:\/\/www.gtlawyers.com.br\/en\/noticia\/o-gtlawyers-e-o-primeiro-escritorio-de-advocacia-no-brasil-a-obter-o-selo-efe-empresa-de-franceses-no-exterior\/","title":{"rendered":"GTLawyers is the first law firm in Brazil to obtain the EFE label \u2013 French Companies Abroad!"},"content":{"rendered":"<p>The EFE label (Entreprise de Fran\u00e7ais \u00e0 l\u2019\u00c9tranger) is a distinction that recognizes companies founded by French nationals abroad, which, through their activities, contribute to the influence of France worldwide.It rewards initiatives that locally and globally promote values related to culture, economy, technology, science, and the France brand.<\/p>\n\n\n\n<p>This recognition is, above all, an acknowledgment of the work we carry out with our French clients in Brazil. This achievement reflects our trajectory and commitment to the partnership between France and Brazil, promoting values such as integrity, professionalism, and excellence in supporting international companies and groups.<\/p>\n\n\n\n<p>We thank EFE International for this distinction, which reinforces GTLawyers' role in supporting not only French companies choosing Brazil as their destination but also contributing to France\u2019s visibility and influence abroad.<\/p>","protected":false},"excerpt":{"rendered":"<p>O selo EFE (Entreprise de Fran\u00e7ais \u00e0 l\u2019\u00c9tranger) \u00e9 uma distin\u00e7\u00e3o que reconhece empresas criadas por franceses no exterior, que, por meio de suas atividades, contribuem para o rayonnement da Fran\u00e7a no mundo. Ele premia iniciativas que promovem, de forma local e global, valores relacionados \u00e0 cultura, economia, tecnologia, ci\u00eancia e a marca Fran\u00e7a. Este [&hellip;]<\/p>\n","protected":false},"author":8,"featured_media":2127,"comment_status":"open","ping_status":"open","sticky":false,"template":"","format":"standard","meta":{"_acf_changed":false,"footnotes":""},"categories":[7],"tags":[],"class_list":["post-2126","post","type-post","status-publish","format-standard","has-post-thumbnail","hentry","category-noticia"],"acf":[],"yoast_head":"<!-- This site is optimized with the Yoast SEO plugin v27.5 - https:\/\/yoast.com\/product\/yoast-seo-wordpress\/ -->\n<title>O GTLawyers \u00e9 o primeiro escrit\u00f3rio de advocacia no Brasil a obter o selo EFE \u2013 Empresa de Franceses no Exterior! | GTLawyers | Escrit\u00f3rio boutique full-service<\/title>\n<meta name=\"robots\" content=\"index, follow, max-snippet:-1, max-image-preview:large, max-video-preview:-1\" \/>\n<link rel=\"canonical\" href=\"https:\/\/www.gtlawyers.com.br\/en\/noticia\/o-gtlawyers-e-o-primeiro-escritorio-de-advocacia-no-brasil-a-obter-o-selo-efe-empresa-de-franceses-no-exterior\/\" \/>\n<meta property=\"og:locale\" content=\"en_US\" \/>\n<meta property=\"og:type\" content=\"article\" \/>\n<meta property=\"og:title\" content=\"O GTLawyers \u00e9 o primeiro escrit\u00f3rio de advocacia no Brasil a obter o selo EFE \u2013 Empresa de Franceses no Exterior! | GTLawyers | Escrit\u00f3rio boutique full-service\" \/>\n<meta property=\"og:description\" content=\"O selo EFE (Entreprise de Fran\u00e7ais \u00e0 l\u2019\u00c9tranger) \u00e9 uma distin\u00e7\u00e3o que reconhece empresas criadas por franceses no exterior, que, por meio de suas atividades, contribuem para o rayonnement da Fran\u00e7a no mundo. Ele premia iniciativas que promovem, de forma local e global, valores relacionados \u00e0 cultura, economia, tecnologia, ci\u00eancia e a marca Fran\u00e7a. Este [&hellip;]\" \/>\n<meta property=\"og:url\" content=\"https:\/\/www.gtlawyers.com.br\/en\/noticia\/o-gtlawyers-e-o-primeiro-escritorio-de-advocacia-no-brasil-a-obter-o-selo-efe-empresa-de-franceses-no-exterior\/\" \/>\n<meta property=\"og:site_name\" content=\"GTLawyers | Escrit\u00f3rio boutique full-service\" \/>\n<meta property=\"article:published_time\" content=\"2025-12-11T20:56:06+00:00\" \/>\n<meta property=\"article:modified_time\" content=\"2025-12-11T20:56:09+00:00\" \/>\n<meta property=\"og:image\" content=\"https:\/\/www.gtlawyers.com.br\/site\/wp-content\/uploads\/LOGO-EFE-max_compressed_page-0001-scaled.jpg\" \/>\n\t<meta property=\"og:image:width\" content=\"2560\" \/>\n\t<meta property=\"og:image:height\" content=\"2560\" \/>\n\t<meta property=\"og:image:type\" content=\"image\/jpeg\" \/>\n<meta name=\"author\" content=\"ttanzilli\" \/>\n<meta name=\"twitter:card\" content=\"summary_large_image\" \/>\n<meta name=\"twitter:label1\" content=\"Written by\" \/>\n\t<meta name=\"twitter:data1\" content=\"ttanzilli\" \/>\n\t<meta name=\"twitter:label2\" content=\"Est. reading time\" \/>\n\t<meta name=\"twitter:data2\" content=\"1 minute\" \/>\n<script type=\"application\/ld+json\" class=\"yoast-schema-graph\">{\"@context\":\"https:\\\/\\\/schema.org\",\"@graph\":[{\"@type\":\"Article\",\"@id\":\"https:\\\/\\\/www.gtlawyers.com.br\\\/noticia\\\/o-gtlawyers-e-o-primeiro-escritorio-de-advocacia-no-brasil-a-obter-o-selo-efe-empresa-de-franceses-no-exterior\\\/#article\",\"isPartOf\":{\"@id\":\"https:\\\/\\\/www.gtlawyers.com.br\\\/noticia\\\/o-gtlawyers-e-o-primeiro-escritorio-de-advocacia-no-brasil-a-obter-o-selo-efe-empresa-de-franceses-no-exterior\\\/\"},\"author\":{\"name\":\"ttanzilli\",\"@id\":\"https:\\\/\\\/www.gtlawyers.com.br\\\/#\\\/schema\\\/person\\\/98e5d0d0df85fd7cef4aa9878da75a67\"},\"headline\":\"O GTLawyers \u00e9 o primeiro escrit\u00f3rio de advocacia no Brasil a obter o selo EFE \u2013 Empresa de Franceses no Exterior!\",\"datePublished\":\"2025-12-11T20:56:06+00:00\",\"dateModified\":\"2025-12-11T20:56:09+00:00\",\"mainEntityOfPage\":{\"@id\":\"https:\\\/\\\/www.gtlawyers.com.br\\\/noticia\\\/o-gtlawyers-e-o-primeiro-escritorio-de-advocacia-no-brasil-a-obter-o-selo-efe-empresa-de-franceses-no-exterior\\\/\"},\"wordCount\":173,\"commentCount\":0,\"publisher\":{\"@id\":\"https:\\\/\\\/www.gtlawyers.com.br\\\/#organization\"},\"image\":{\"@id\":\"https:\\\/\\\/www.gtlawyers.com.br\\\/noticia\\\/o-gtlawyers-e-o-primeiro-escritorio-de-advocacia-no-brasil-a-obter-o-selo-efe-empresa-de-franceses-no-exterior\\\/#primaryimage\"},\"thumbnailUrl\":\"https:\\\/\\\/www.gtlawyers.com.br\\\/site\\\/wp-content\\\/uploads\\\/LOGO-EFE-max_compressed_page-0001-scaled.jpg\",\"articleSection\":[\"News\"],\"inLanguage\":\"en-US\",\"potentialAction\":[{\"@type\":\"CommentAction\",\"name\":\"Comment\",\"target\":[\"https:\\\/\\\/www.gtlawyers.com.br\\\/noticia\\\/o-gtlawyers-e-o-primeiro-escritorio-de-advocacia-no-brasil-a-obter-o-selo-efe-empresa-de-franceses-no-exterior\\\/#respond\"]}]},{\"@type\":\"WebPage\",\"@id\":\"https:\\\/\\\/www.gtlawyers.com.br\\\/noticia\\\/o-gtlawyers-e-o-primeiro-escritorio-de-advocacia-no-brasil-a-obter-o-selo-efe-empresa-de-franceses-no-exterior\\\/\",\"url\":\"https:\\\/\\\/www.gtlawyers.com.br\\\/noticia\\\/o-gtlawyers-e-o-primeiro-escritorio-de-advocacia-no-brasil-a-obter-o-selo-efe-empresa-de-franceses-no-exterior\\\/\",\"name\":\"O GTLawyers \u00e9 o primeiro escrit\u00f3rio de advocacia no Brasil a obter o selo EFE \u2013 Empresa de Franceses no Exterior! | GTLawyers | Escrit\u00f3rio boutique full-service\",\"isPartOf\":{\"@id\":\"https:\\\/\\\/www.gtlawyers.com.br\\\/#website\"},\"primaryImageOfPage\":{\"@id\":\"https:\\\/\\\/www.gtlawyers.com.br\\\/noticia\\\/o-gtlawyers-e-o-primeiro-escritorio-de-advocacia-no-brasil-a-obter-o-selo-efe-empresa-de-franceses-no-exterior\\\/#primaryimage\"},\"image\":{\"@id\":\"https:\\\/\\\/www.gtlawyers.com.br\\\/noticia\\\/o-gtlawyers-e-o-primeiro-escritorio-de-advocacia-no-brasil-a-obter-o-selo-efe-empresa-de-franceses-no-exterior\\\/#primaryimage\"},\"thumbnailUrl\":\"https:\\\/\\\/www.gtlawyers.com.br\\\/site\\\/wp-content\\\/uploads\\\/LOGO-EFE-max_compressed_page-0001-scaled.jpg\",\"datePublished\":\"2025-12-11T20:56:06+00:00\",\"dateModified\":\"2025-12-11T20:56:09+00:00\",\"breadcrumb\":{\"@id\":\"https:\\\/\\\/www.gtlawyers.com.br\\\/noticia\\\/o-gtlawyers-e-o-primeiro-escritorio-de-advocacia-no-brasil-a-obter-o-selo-efe-empresa-de-franceses-no-exterior\\\/#breadcrumb\"},\"inLanguage\":\"en-US\",\"potentialAction\":[{\"@type\":\"ReadAction\",\"target\":[\"https:\\\/\\\/www.gtlawyers.com.br\\\/noticia\\\/o-gtlawyers-e-o-primeiro-escritorio-de-advocacia-no-brasil-a-obter-o-selo-efe-empresa-de-franceses-no-exterior\\\/\"]}]},{\"@type\":\"ImageObject\",\"inLanguage\":\"en-US\",\"@id\":\"https:\\\/\\\/www.gtlawyers.com.br\\\/noticia\\\/o-gtlawyers-e-o-primeiro-escritorio-de-advocacia-no-brasil-a-obter-o-selo-efe-empresa-de-franceses-no-exterior\\\/#primaryimage\",\"url\":\"https:\\\/\\\/www.gtlawyers.com.br\\\/site\\\/wp-content\\\/uploads\\\/LOGO-EFE-max_compressed_page-0001-scaled.jpg\",\"contentUrl\":\"https:\\\/\\\/www.gtlawyers.com.br\\\/site\\\/wp-content\\\/uploads\\\/LOGO-EFE-max_compressed_page-0001-scaled.jpg\",\"width\":2560,\"height\":2560},{\"@type\":\"BreadcrumbList\",\"@id\":\"https:\\\/\\\/www.gtlawyers.com.br\\\/noticia\\\/o-gtlawyers-e-o-primeiro-escritorio-de-advocacia-no-brasil-a-obter-o-selo-efe-empresa-de-franceses-no-exterior\\\/#breadcrumb\",\"itemListElement\":[{\"@type\":\"ListItem\",\"position\":1,\"name\":\"In\u00edcio\",\"item\":\"https:\\\/\\\/www.gtlawyers.com.br\\\/\"},{\"@type\":\"ListItem\",\"position\":2,\"name\":\"O GTLawyers \u00e9 o primeiro escrit\u00f3rio de advocacia no Brasil a obter o selo EFE \u2013 Empresa de Franceses no Exterior!\"}]},{\"@type\":\"WebSite\",\"@id\":\"https:\\\/\\\/www.gtlawyers.com.br\\\/#website\",\"url\":\"https:\\\/\\\/www.gtlawyers.com.br\\\/\",\"name\":\"GTLawyers | Escrit\u00f3rio boutique full-service\",\"description\":\"Escrit\u00f3rio de advocacia franco-brasileiro para empresas especializado em M&amp;A, direito societ\u00e1rio, tribut\u00e1rio, imobili\u00e1rio, contencioso e compliance\",\"publisher\":{\"@id\":\"https:\\\/\\\/www.gtlawyers.com.br\\\/#organization\"},\"alternateName\":\"GTLawyers\",\"potentialAction\":[{\"@type\":\"SearchAction\",\"target\":{\"@type\":\"EntryPoint\",\"urlTemplate\":\"https:\\\/\\\/www.gtlawyers.com.br\\\/?s={search_term_string}\"},\"query-input\":{\"@type\":\"PropertyValueSpecification\",\"valueRequired\":true,\"valueName\":\"search_term_string\"}}],\"inLanguage\":\"en-US\"},{\"@type\":\"Organization\",\"@id\":\"https:\\\/\\\/www.gtlawyers.com.br\\\/#organization\",\"name\":\"GTLawyers - Escrit\u00f3rio boutique full-service\",\"url\":\"https:\\\/\\\/www.gtlawyers.com.br\\\/\",\"logo\":{\"@type\":\"ImageObject\",\"inLanguage\":\"en-US\",\"@id\":\"https:\\\/\\\/www.gtlawyers.com.br\\\/#\\\/schema\\\/logo\\\/image\\\/\",\"url\":\"https:\\\/\\\/www.gtlawyers.com.br\\\/site\\\/wp-content\\\/uploads\\\/image-3.png\",\"contentUrl\":\"https:\\\/\\\/www.gtlawyers.com.br\\\/site\\\/wp-content\\\/uploads\\\/image-3.png\",\"width\":166,\"height\":44,\"caption\":\"GTLawyers - Escrit\u00f3rio boutique full-service\"},\"image\":{\"@id\":\"https:\\\/\\\/www.gtlawyers.com.br\\\/#\\\/schema\\\/logo\\\/image\\\/\"},\"sameAs\":[\"https:\\\/\\\/www.linkedin.com\\\/company\\\/gtlawyers\\\/mycompany\\\/\"]},{\"@type\":\"Person\",\"@id\":\"https:\\\/\\\/www.gtlawyers.com.br\\\/#\\\/schema\\\/person\\\/98e5d0d0df85fd7cef4aa9878da75a67\",\"name\":\"ttanzilli\",\"image\":{\"@type\":\"ImageObject\",\"inLanguage\":\"en-US\",\"@id\":\"https:\\\/\\\/secure.gravatar.com\\\/avatar\\\/295df42180df022e821b6d822b06057b0d8a14abd7a2b2dc65a3001e88c99730?s=96&d=mm&r=g\",\"url\":\"https:\\\/\\\/secure.gravatar.com\\\/avatar\\\/295df42180df022e821b6d822b06057b0d8a14abd7a2b2dc65a3001e88c99730?s=96&d=mm&r=g\",\"contentUrl\":\"https:\\\/\\\/secure.gravatar.com\\\/avatar\\\/295df42180df022e821b6d822b06057b0d8a14abd7a2b2dc65a3001e88c99730?s=96&d=mm&r=g\",\"caption\":\"ttanzilli\"},\"url\":\"https:\\\/\\\/www.gtlawyers.com.br\\\/en\\\/author\\\/ttanzilli\\\/\"}]}<\/script>\n<!-- \/ Yoast SEO plugin. -->","yoast_head_json":{"title":"O GTLawyers \u00e9 o primeiro escrit\u00f3rio de advocacia no Brasil a obter o selo EFE \u2013 Empresa de Franceses no Exterior! | GTLawyers | Escrit\u00f3rio boutique full-service","robots":{"index":"index","follow":"follow","max-snippet":"max-snippet:-1","max-image-preview":"max-image-preview:large","max-video-preview":"max-video-preview:-1"},"canonical":"https:\/\/www.gtlawyers.com.br\/en\/noticia\/o-gtlawyers-e-o-primeiro-escritorio-de-advocacia-no-brasil-a-obter-o-selo-efe-empresa-de-franceses-no-exterior\/","og_locale":"en_US","og_type":"article","og_title":"O GTLawyers \u00e9 o primeiro escrit\u00f3rio de advocacia no Brasil a obter o selo EFE \u2013 Empresa de Franceses no Exterior! | GTLawyers | Escrit\u00f3rio boutique full-service","og_description":"O selo EFE (Entreprise de Fran\u00e7ais \u00e0 l\u2019\u00c9tranger) \u00e9 uma distin\u00e7\u00e3o que reconhece empresas criadas por franceses no exterior, que, por meio de suas atividades, contribuem para o rayonnement da Fran\u00e7a no mundo. Ele premia iniciativas que promovem, de forma local e global, valores relacionados \u00e0 cultura, economia, tecnologia, ci\u00eancia e a marca Fran\u00e7a. Este [&hellip;]","og_url":"https:\/\/www.gtlawyers.com.br\/en\/noticia\/o-gtlawyers-e-o-primeiro-escritorio-de-advocacia-no-brasil-a-obter-o-selo-efe-empresa-de-franceses-no-exterior\/","og_site_name":"GTLawyers | Escrit\u00f3rio boutique full-service","article_published_time":"2025-12-11T20:56:06+00:00","article_modified_time":"2025-12-11T20:56:09+00:00","og_image":[{"width":2560,"height":2560,"url":"https:\/\/www.gtlawyers.com.br\/site\/wp-content\/uploads\/LOGO-EFE-max_compressed_page-0001-scaled.jpg","type":"image\/jpeg"}],"author":"ttanzilli","twitter_card":"summary_large_image","twitter_misc":{"Written by":"ttanzilli","Est. reading time":"1 minute"},"schema":{"@context":"https:\/\/schema.org","@graph":[{"@type":"Article","@id":"https:\/\/www.gtlawyers.com.br\/noticia\/o-gtlawyers-e-o-primeiro-escritorio-de-advocacia-no-brasil-a-obter-o-selo-efe-empresa-de-franceses-no-exterior\/#article","isPartOf":{"@id":"https:\/\/www.gtlawyers.com.br\/noticia\/o-gtlawyers-e-o-primeiro-escritorio-de-advocacia-no-brasil-a-obter-o-selo-efe-empresa-de-franceses-no-exterior\/"},"author":{"name":"ttanzilli","@id":"https:\/\/www.gtlawyers.com.br\/#\/schema\/person\/98e5d0d0df85fd7cef4aa9878da75a67"},"headline":"O GTLawyers \u00e9 o primeiro escrit\u00f3rio de advocacia no Brasil a obter o selo EFE \u2013 Empresa de Franceses no Exterior!","datePublished":"2025-12-11T20:56:06+00:00","dateModified":"2025-12-11T20:56:09+00:00","mainEntityOfPage":{"@id":"https:\/\/www.gtlawyers.com.br\/noticia\/o-gtlawyers-e-o-primeiro-escritorio-de-advocacia-no-brasil-a-obter-o-selo-efe-empresa-de-franceses-no-exterior\/"},"wordCount":173,"commentCount":0,"publisher":{"@id":"https:\/\/www.gtlawyers.com.br\/#organization"},"image":{"@id":"https:\/\/www.gtlawyers.com.br\/noticia\/o-gtlawyers-e-o-primeiro-escritorio-de-advocacia-no-brasil-a-obter-o-selo-efe-empresa-de-franceses-no-exterior\/#primaryimage"},"thumbnailUrl":"https:\/\/www.gtlawyers.com.br\/site\/wp-content\/uploads\/LOGO-EFE-max_compressed_page-0001-scaled.jpg","articleSection":["News"],"inLanguage":"en-US","potentialAction":[{"@type":"CommentAction","name":"Comment","target":["https:\/\/www.gtlawyers.com.br\/noticia\/o-gtlawyers-e-o-primeiro-escritorio-de-advocacia-no-brasil-a-obter-o-selo-efe-empresa-de-franceses-no-exterior\/#respond"]}]},{"@type":"WebPage","@id":"https:\/\/www.gtlawyers.com.br\/noticia\/o-gtlawyers-e-o-primeiro-escritorio-de-advocacia-no-brasil-a-obter-o-selo-efe-empresa-de-franceses-no-exterior\/","url":"https:\/\/www.gtlawyers.com.br\/noticia\/o-gtlawyers-e-o-primeiro-escritorio-de-advocacia-no-brasil-a-obter-o-selo-efe-empresa-de-franceses-no-exterior\/","name":"O GTLawyers \u00e9 o primeiro escrit\u00f3rio de advocacia no Brasil a obter o selo EFE \u2013 Empresa de Franceses no Exterior! | GTLawyers | Escrit\u00f3rio boutique full-service","isPartOf":{"@id":"https:\/\/www.gtlawyers.com.br\/#website"},"primaryImageOfPage":{"@id":"https:\/\/www.gtlawyers.com.br\/noticia\/o-gtlawyers-e-o-primeiro-escritorio-de-advocacia-no-brasil-a-obter-o-selo-efe-empresa-de-franceses-no-exterior\/#primaryimage"},"image":{"@id":"https:\/\/www.gtlawyers.com.br\/noticia\/o-gtlawyers-e-o-primeiro-escritorio-de-advocacia-no-brasil-a-obter-o-selo-efe-empresa-de-franceses-no-exterior\/#primaryimage"},"thumbnailUrl":"https:\/\/www.gtlawyers.com.br\/site\/wp-content\/uploads\/LOGO-EFE-max_compressed_page-0001-scaled.jpg","datePublished":"2025-12-11T20:56:06+00:00","dateModified":"2025-12-11T20:56:09+00:00","breadcrumb":{"@id":"https:\/\/www.gtlawyers.com.br\/noticia\/o-gtlawyers-e-o-primeiro-escritorio-de-advocacia-no-brasil-a-obter-o-selo-efe-empresa-de-franceses-no-exterior\/#breadcrumb"},"inLanguage":"en-US","potentialAction":[{"@type":"ReadAction","target":["https:\/\/www.gtlawyers.com.br\/noticia\/o-gtlawyers-e-o-primeiro-escritorio-de-advocacia-no-brasil-a-obter-o-selo-efe-empresa-de-franceses-no-exterior\/"]}]},{"@type":"ImageObject","inLanguage":"en-US","@id":"https:\/\/www.gtlawyers.com.br\/noticia\/o-gtlawyers-e-o-primeiro-escritorio-de-advocacia-no-brasil-a-obter-o-selo-efe-empresa-de-franceses-no-exterior\/#primaryimage","url":"https:\/\/www.gtlawyers.com.br\/site\/wp-content\/uploads\/LOGO-EFE-max_compressed_page-0001-scaled.jpg","contentUrl":"https:\/\/www.gtlawyers.com.br\/site\/wp-content\/uploads\/LOGO-EFE-max_compressed_page-0001-scaled.jpg","width":2560,"height":2560},{"@type":"BreadcrumbList","@id":"https:\/\/www.gtlawyers.com.br\/noticia\/o-gtlawyers-e-o-primeiro-escritorio-de-advocacia-no-brasil-a-obter-o-selo-efe-empresa-de-franceses-no-exterior\/#breadcrumb","itemListElement":[{"@type":"ListItem","position":1,"name":"In\u00edcio","item":"https:\/\/www.gtlawyers.com.br\/"},{"@type":"ListItem","position":2,"name":"O GTLawyers \u00e9 o primeiro escrit\u00f3rio de advocacia no Brasil a obter o selo EFE \u2013 Empresa de Franceses no Exterior!"}]},{"@type":"WebSite","@id":"https:\/\/www.gtlawyers.com.br\/#website","url":"https:\/\/www.gtlawyers.com.br\/","name":"GTLawyers | Escrit\u00f3rio boutique full-service","description":"Escrit\u00f3rio de advocacia franco-brasileiro para empresas especializado em M&amp;A, direito societ\u00e1rio, tribut\u00e1rio, imobili\u00e1rio, contencioso e compliance","publisher":{"@id":"https:\/\/www.gtlawyers.com.br\/#organization"},"alternateName":"GTLawyers","potentialAction":[{"@type":"SearchAction","target":{"@type":"EntryPoint","urlTemplate":"https:\/\/www.gtlawyers.com.br\/?s={search_term_string}"},"query-input":{"@type":"PropertyValueSpecification","valueRequired":true,"valueName":"search_term_string"}}],"inLanguage":"en-US"},{"@type":"Organization","@id":"https:\/\/www.gtlawyers.com.br\/#organization","name":"GTLawyers - Escrit\u00f3rio boutique full-service","url":"https:\/\/www.gtlawyers.com.br\/","logo":{"@type":"ImageObject","inLanguage":"en-US","@id":"https:\/\/www.gtlawyers.com.br\/#\/schema\/logo\/image\/","url":"https:\/\/www.gtlawyers.com.br\/site\/wp-content\/uploads\/image-3.png","contentUrl":"https:\/\/www.gtlawyers.com.br\/site\/wp-content\/uploads\/image-3.png","width":166,"height":44,"caption":"GTLawyers - Escrit\u00f3rio boutique full-service"},"image":{"@id":"https:\/\/www.gtlawyers.com.br\/#\/schema\/logo\/image\/"},"sameAs":["https:\/\/www.linkedin.com\/company\/gtlawyers\/mycompany\/"]},{"@type":"Person","@id":"https:\/\/www.gtlawyers.com.br\/#\/schema\/person\/98e5d0d0df85fd7cef4aa9878da75a67","name":"ttanzilli","image":{"@type":"ImageObject","inLanguage":"en-US","@id":"https:\/\/secure.gravatar.com\/avatar\/295df42180df022e821b6d822b06057b0d8a14abd7a2b2dc65a3001e88c99730?s=96&d=mm&r=g","url":"https:\/\/secure.gravatar.com\/avatar\/295df42180df022e821b6d822b06057b0d8a14abd7a2b2dc65a3001e88c99730?s=96&d=mm&r=g","contentUrl":"https:\/\/secure.gravatar.com\/avatar\/295df42180df022e821b6d822b06057b0d8a14abd7a2b2dc65a3001e88c99730?s=96&d=mm&r=g","caption":"ttanzilli"},"url":"https:\/\/www.gtlawyers.com.br\/en\/author\/ttanzilli\/"}]}},"_links":{"self":[{"href":"https:\/\/www.gtlawyers.com.br\/en\/wp-json\/wp\/v2\/posts\/2126","targetHints":{"allow":["GET"]}}],"collection":[{"href":"https:\/\/www.gtlawyers.com.br\/en\/wp-json\/wp\/v2\/posts"}],"about":[{"href":"https:\/\/www.gtlawyers.com.br\/en\/wp-json\/wp\/v2\/types\/post"}],"author":[{"embeddable":true,"href":"https:\/\/www.gtlawyers.com.br\/en\/wp-json\/wp\/v2\/users\/8"}],"replies":[{"embeddable":true,"href":"https:\/\/www.gtlawyers.com.br\/en\/wp-json\/wp\/v2\/comments?post=2126"}],"version-history":[{"count":1,"href":"https:\/\/www.gtlawyers.com.br\/en\/wp-json\/wp\/v2\/posts\/2126\/revisions"}],"predecessor-version":[{"id":2128,"href":"https:\/\/www.gtlawyers.com.br\/en\/wp-json\/wp\/v2\/posts\/2126\/revisions\/2128"}],"wp:featuredmedia":[{"embeddable":true,"href":"https:\/\/www.gtlawyers.com.br\/en\/wp-json\/wp\/v2\/media\/2127"}],"wp:attachment":[{"href":"https:\/\/www.gtlawyers.com.br\/en\/wp-json\/wp\/v2\/media?parent=2126"}],"wp:term":[{"taxonomy":"category","embeddable":true,"href":"https:\/\/www.gtlawyers.com.br\/en\/wp-json\/wp\/v2\/categories?post=2126"},{"taxonomy":"post_tag","embeddable":true,"href":"https:\/\/www.gtlawyers.com.br\/en\/wp-json\/wp\/v2\/tags?post=2126"}],"curies":[{"name":"wp","href":"https:\/\/api.w.org\/{rel}","templated":true}]}}