{"id":2136,"date":"2026-01-06T14:14:23","date_gmt":"2026-01-06T17:14:23","guid":{"rendered":"https:\/\/www.gtlawyers.com.br\/?p=2136"},"modified":"2026-01-06T14:14:25","modified_gmt":"2026-01-06T17:14:25","slug":"organizacao-de-um-evento-de-la-bienfaisance-na-residencia-consular","status":"publish","type":"post","link":"https:\/\/www.gtlawyers.com.br\/en\/noticia\/organizacao-de-um-evento-de-la-bienfaisance-na-residencia-consular\/","title":{"rendered":"Organization of a La Bienfaisance Event at the Consular Residence"},"content":{"rendered":"<p>Last week, we had the pleasure of assisting in the organization, alongside La Bienfaisance, of a very special end-of-year cocktail event at the French Consular Residence in S\u00e3o Paulo.<\/p>\n\n\n\n<p>Representing our founding partner, Tamy Tanzilli, who also serves as the legal director of the association, the GTLawyers team\u2014composed of C\u00e9cile Verdeaux and Jeanne Puech\u2014was fully engaged in the organization of this significant event for us.<\/p>\n\n\n\n<p>The gathering was honored by the presence of Alexandra Mias, Consul-General of France, who warmly welcomed us. Additionally, it was a unique opportunity to bring together friends, partners, volunteers, and donors who, through their support of La Bienfaisance, help transform lives.<\/p>\n\n\n\n<p>For over 140 years, La Bienfaisance has been supporting French citizens in vulnerable situations in Brazil. With a presence in states such as S\u00e3o Paulo, Rio Grande do Sul, Santa Catarina, Paran\u00e1, and Mato Grosso do Sul, the association carries on the legacy of its founder, Jules Martin, by providing support and dignity to those who need it most. Driven by the voluntary efforts of professionals from a variety of fields, the association undertakes concrete actions, creates opportunities, and strengthens bonds of solidarity and fraternity.<\/p>\n\n\n\n<p>Our heartfelt thanks go to the team at the General Consulate for opening its doors, as well as to the tireless support of all the friends, volunteers, and donors of La Bienfaisance. It is thanks to you that this mission remains alive and strong after all these years. May the values of solidarity and fraternity continue to unite us in this beautiful journey!<\/p>","protected":false},"excerpt":{"rendered":"<p>Na \u00faltima semana, tivemos a alegria de ajudar a organizar, com La Bienfaisance, um Cocktail de fim de ano muito especial na Resid\u00eancia Consular da Fran\u00e7a em S\u00e3o Paulo. Representando a nossa s\u00f3cia fundadora, Tamy Tanzilli, que \u00e9 tamb\u00e9m diretora jur\u00eddica da associa\u00e7\u00e3o e, a equipe da GTLawyers \u2013 composta por C\u00e9cile Verdeaux e Jeanne [&hellip;]<\/p>\n","protected":false},"author":7,"featured_media":2137,"comment_status":"open","ping_status":"open","sticky":false,"template":"","format":"standard","meta":{"_acf_changed":false,"footnotes":""},"categories":[7],"tags":[],"class_list":["post-2136","post","type-post","status-publish","format-standard","has-post-thumbnail","hentry","category-noticia"],"acf":[],"yoast_head":"<!-- This site is optimized with the Yoast SEO plugin v27.5 - https:\/\/yoast.com\/product\/yoast-seo-wordpress\/ -->\n<title>Organiza\u00e7\u00e3o de um evento de La Bienfaisance na resid\u00eancia consular | GTLawyers | Escrit\u00f3rio boutique full-service<\/title>\n<meta name=\"robots\" content=\"index, follow, max-snippet:-1, max-image-preview:large, max-video-preview:-1\" \/>\n<link rel=\"canonical\" href=\"https:\/\/www.gtlawyers.com.br\/en\/noticia\/organizacao-de-um-evento-de-la-bienfaisance-na-residencia-consular\/\" \/>\n<meta property=\"og:locale\" content=\"en_US\" \/>\n<meta property=\"og:type\" content=\"article\" \/>\n<meta property=\"og:title\" content=\"Organiza\u00e7\u00e3o de um evento de La Bienfaisance na resid\u00eancia consular | GTLawyers | Escrit\u00f3rio boutique full-service\" \/>\n<meta property=\"og:description\" content=\"Na \u00faltima semana, tivemos a alegria de ajudar a organizar, com La Bienfaisance, um Cocktail de fim de ano muito especial na Resid\u00eancia Consular da Fran\u00e7a em S\u00e3o Paulo. Representando a nossa s\u00f3cia fundadora, Tamy Tanzilli, que \u00e9 tamb\u00e9m diretora jur\u00eddica da associa\u00e7\u00e3o e, a equipe da GTLawyers \u2013 composta por C\u00e9cile Verdeaux e Jeanne [&hellip;]\" \/>\n<meta property=\"og:url\" content=\"https:\/\/www.gtlawyers.com.br\/en\/noticia\/organizacao-de-um-evento-de-la-bienfaisance-na-residencia-consular\/\" \/>\n<meta property=\"og:site_name\" content=\"GTLawyers | Escrit\u00f3rio boutique full-service\" \/>\n<meta property=\"article:published_time\" content=\"2026-01-06T17:14:23+00:00\" \/>\n<meta property=\"article:modified_time\" content=\"2026-01-06T17:14:25+00:00\" \/>\n<meta property=\"og:image\" content=\"https:\/\/www.gtlawyers.com.br\/site\/wp-content\/uploads\/La-Bienfaisance-SP-DEZ-2025-086-scaled.jpg\" \/>\n\t<meta property=\"og:image:width\" content=\"2560\" \/>\n\t<meta property=\"og:image:height\" content=\"1706\" \/>\n\t<meta property=\"og:image:type\" content=\"image\/jpeg\" \/>\n<meta name=\"author\" content=\"jpuech\" \/>\n<meta name=\"twitter:card\" content=\"summary_large_image\" \/>\n<meta name=\"twitter:label1\" content=\"Written by\" \/>\n\t<meta name=\"twitter:data1\" content=\"jpuech\" \/>\n\t<meta name=\"twitter:label2\" content=\"Est. reading time\" \/>\n\t<meta name=\"twitter:data2\" content=\"2 minutes\" \/>\n<script type=\"application\/ld+json\" class=\"yoast-schema-graph\">{\"@context\":\"https:\\\/\\\/schema.org\",\"@graph\":[{\"@type\":\"Article\",\"@id\":\"https:\\\/\\\/www.gtlawyers.com.br\\\/noticia\\\/organizacao-de-um-evento-de-la-bienfaisance-na-residencia-consular\\\/#article\",\"isPartOf\":{\"@id\":\"https:\\\/\\\/www.gtlawyers.com.br\\\/noticia\\\/organizacao-de-um-evento-de-la-bienfaisance-na-residencia-consular\\\/\"},\"author\":{\"name\":\"jpuech\",\"@id\":\"https:\\\/\\\/www.gtlawyers.com.br\\\/#\\\/schema\\\/person\\\/e0db5b05dd070b41155ef644b597a673\"},\"headline\":\"Organiza\u00e7\u00e3o de um evento de La Bienfaisance na resid\u00eancia consular\",\"datePublished\":\"2026-01-06T17:14:23+00:00\",\"dateModified\":\"2026-01-06T17:14:25+00:00\",\"mainEntityOfPage\":{\"@id\":\"https:\\\/\\\/www.gtlawyers.com.br\\\/noticia\\\/organizacao-de-um-evento-de-la-bienfaisance-na-residencia-consular\\\/\"},\"wordCount\":271,\"commentCount\":0,\"publisher\":{\"@id\":\"https:\\\/\\\/www.gtlawyers.com.br\\\/#organization\"},\"image\":{\"@id\":\"https:\\\/\\\/www.gtlawyers.com.br\\\/noticia\\\/organizacao-de-um-evento-de-la-bienfaisance-na-residencia-consular\\\/#primaryimage\"},\"thumbnailUrl\":\"https:\\\/\\\/www.gtlawyers.com.br\\\/site\\\/wp-content\\\/uploads\\\/La-Bienfaisance-SP-DEZ-2025-086-scaled.jpg\",\"articleSection\":[\"News\"],\"inLanguage\":\"en-US\",\"potentialAction\":[{\"@type\":\"CommentAction\",\"name\":\"Comment\",\"target\":[\"https:\\\/\\\/www.gtlawyers.com.br\\\/noticia\\\/organizacao-de-um-evento-de-la-bienfaisance-na-residencia-consular\\\/#respond\"]}]},{\"@type\":\"WebPage\",\"@id\":\"https:\\\/\\\/www.gtlawyers.com.br\\\/noticia\\\/organizacao-de-um-evento-de-la-bienfaisance-na-residencia-consular\\\/\",\"url\":\"https:\\\/\\\/www.gtlawyers.com.br\\\/noticia\\\/organizacao-de-um-evento-de-la-bienfaisance-na-residencia-consular\\\/\",\"name\":\"Organiza\u00e7\u00e3o de um evento de La Bienfaisance na resid\u00eancia consular | GTLawyers | Escrit\u00f3rio boutique full-service\",\"isPartOf\":{\"@id\":\"https:\\\/\\\/www.gtlawyers.com.br\\\/#website\"},\"primaryImageOfPage\":{\"@id\":\"https:\\\/\\\/www.gtlawyers.com.br\\\/noticia\\\/organizacao-de-um-evento-de-la-bienfaisance-na-residencia-consular\\\/#primaryimage\"},\"image\":{\"@id\":\"https:\\\/\\\/www.gtlawyers.com.br\\\/noticia\\\/organizacao-de-um-evento-de-la-bienfaisance-na-residencia-consular\\\/#primaryimage\"},\"thumbnailUrl\":\"https:\\\/\\\/www.gtlawyers.com.br\\\/site\\\/wp-content\\\/uploads\\\/La-Bienfaisance-SP-DEZ-2025-086-scaled.jpg\",\"datePublished\":\"2026-01-06T17:14:23+00:00\",\"dateModified\":\"2026-01-06T17:14:25+00:00\",\"breadcrumb\":{\"@id\":\"https:\\\/\\\/www.gtlawyers.com.br\\\/noticia\\\/organizacao-de-um-evento-de-la-bienfaisance-na-residencia-consular\\\/#breadcrumb\"},\"inLanguage\":\"en-US\",\"potentialAction\":[{\"@type\":\"ReadAction\",\"target\":[\"https:\\\/\\\/www.gtlawyers.com.br\\\/noticia\\\/organizacao-de-um-evento-de-la-bienfaisance-na-residencia-consular\\\/\"]}]},{\"@type\":\"ImageObject\",\"inLanguage\":\"en-US\",\"@id\":\"https:\\\/\\\/www.gtlawyers.com.br\\\/noticia\\\/organizacao-de-um-evento-de-la-bienfaisance-na-residencia-consular\\\/#primaryimage\",\"url\":\"https:\\\/\\\/www.gtlawyers.com.br\\\/site\\\/wp-content\\\/uploads\\\/La-Bienfaisance-SP-DEZ-2025-086-scaled.jpg\",\"contentUrl\":\"https:\\\/\\\/www.gtlawyers.com.br\\\/site\\\/wp-content\\\/uploads\\\/La-Bienfaisance-SP-DEZ-2025-086-scaled.jpg\",\"width\":2560,\"height\":1706},{\"@type\":\"BreadcrumbList\",\"@id\":\"https:\\\/\\\/www.gtlawyers.com.br\\\/noticia\\\/organizacao-de-um-evento-de-la-bienfaisance-na-residencia-consular\\\/#breadcrumb\",\"itemListElement\":[{\"@type\":\"ListItem\",\"position\":1,\"name\":\"In\u00edcio\",\"item\":\"https:\\\/\\\/www.gtlawyers.com.br\\\/\"},{\"@type\":\"ListItem\",\"position\":2,\"name\":\"Organiza\u00e7\u00e3o de um evento de La Bienfaisance na resid\u00eancia consular\"}]},{\"@type\":\"WebSite\",\"@id\":\"https:\\\/\\\/www.gtlawyers.com.br\\\/#website\",\"url\":\"https:\\\/\\\/www.gtlawyers.com.br\\\/\",\"name\":\"GTLawyers | Escrit\u00f3rio boutique full-service\",\"description\":\"Escrit\u00f3rio de advocacia franco-brasileiro para empresas especializado em M&amp;A, direito societ\u00e1rio, tribut\u00e1rio, imobili\u00e1rio, contencioso e compliance\",\"publisher\":{\"@id\":\"https:\\\/\\\/www.gtlawyers.com.br\\\/#organization\"},\"alternateName\":\"GTLawyers\",\"potentialAction\":[{\"@type\":\"SearchAction\",\"target\":{\"@type\":\"EntryPoint\",\"urlTemplate\":\"https:\\\/\\\/www.gtlawyers.com.br\\\/?s={search_term_string}\"},\"query-input\":{\"@type\":\"PropertyValueSpecification\",\"valueRequired\":true,\"valueName\":\"search_term_string\"}}],\"inLanguage\":\"en-US\"},{\"@type\":\"Organization\",\"@id\":\"https:\\\/\\\/www.gtlawyers.com.br\\\/#organization\",\"name\":\"GTLawyers - Escrit\u00f3rio boutique full-service\",\"url\":\"https:\\\/\\\/www.gtlawyers.com.br\\\/\",\"logo\":{\"@type\":\"ImageObject\",\"inLanguage\":\"en-US\",\"@id\":\"https:\\\/\\\/www.gtlawyers.com.br\\\/#\\\/schema\\\/logo\\\/image\\\/\",\"url\":\"https:\\\/\\\/www.gtlawyers.com.br\\\/site\\\/wp-content\\\/uploads\\\/image-3.png\",\"contentUrl\":\"https:\\\/\\\/www.gtlawyers.com.br\\\/site\\\/wp-content\\\/uploads\\\/image-3.png\",\"width\":166,\"height\":44,\"caption\":\"GTLawyers - Escrit\u00f3rio boutique full-service\"},\"image\":{\"@id\":\"https:\\\/\\\/www.gtlawyers.com.br\\\/#\\\/schema\\\/logo\\\/image\\\/\"},\"sameAs\":[\"https:\\\/\\\/www.linkedin.com\\\/company\\\/gtlawyers\\\/mycompany\\\/\"]},{\"@type\":\"Person\",\"@id\":\"https:\\\/\\\/www.gtlawyers.com.br\\\/#\\\/schema\\\/person\\\/e0db5b05dd070b41155ef644b597a673\",\"name\":\"jpuech\",\"image\":{\"@type\":\"ImageObject\",\"inLanguage\":\"en-US\",\"@id\":\"https:\\\/\\\/secure.gravatar.com\\\/avatar\\\/a4d9c2fd529856a7f009b58407a57904cdee663da0c2cd0a2ae1444149f1ca4d?s=96&d=mm&r=g\",\"url\":\"https:\\\/\\\/secure.gravatar.com\\\/avatar\\\/a4d9c2fd529856a7f009b58407a57904cdee663da0c2cd0a2ae1444149f1ca4d?s=96&d=mm&r=g\",\"contentUrl\":\"https:\\\/\\\/secure.gravatar.com\\\/avatar\\\/a4d9c2fd529856a7f009b58407a57904cdee663da0c2cd0a2ae1444149f1ca4d?s=96&d=mm&r=g\",\"caption\":\"jpuech\"},\"url\":\"https:\\\/\\\/www.gtlawyers.com.br\\\/en\\\/author\\\/jpuech\\\/\"}]}<\/script>\n<!-- \/ Yoast SEO plugin. -->","yoast_head_json":{"title":"Organiza\u00e7\u00e3o de um evento de La Bienfaisance na resid\u00eancia consular | GTLawyers | Escrit\u00f3rio boutique full-service","robots":{"index":"index","follow":"follow","max-snippet":"max-snippet:-1","max-image-preview":"max-image-preview:large","max-video-preview":"max-video-preview:-1"},"canonical":"https:\/\/www.gtlawyers.com.br\/en\/noticia\/organizacao-de-um-evento-de-la-bienfaisance-na-residencia-consular\/","og_locale":"en_US","og_type":"article","og_title":"Organiza\u00e7\u00e3o de um evento de La Bienfaisance na resid\u00eancia consular | GTLawyers | Escrit\u00f3rio boutique full-service","og_description":"Na \u00faltima semana, tivemos a alegria de ajudar a organizar, com La Bienfaisance, um Cocktail de fim de ano muito especial na Resid\u00eancia Consular da Fran\u00e7a em S\u00e3o Paulo. Representando a nossa s\u00f3cia fundadora, Tamy Tanzilli, que \u00e9 tamb\u00e9m diretora jur\u00eddica da associa\u00e7\u00e3o e, a equipe da GTLawyers \u2013 composta por C\u00e9cile Verdeaux e Jeanne [&hellip;]","og_url":"https:\/\/www.gtlawyers.com.br\/en\/noticia\/organizacao-de-um-evento-de-la-bienfaisance-na-residencia-consular\/","og_site_name":"GTLawyers | Escrit\u00f3rio boutique full-service","article_published_time":"2026-01-06T17:14:23+00:00","article_modified_time":"2026-01-06T17:14:25+00:00","og_image":[{"width":2560,"height":1706,"url":"https:\/\/www.gtlawyers.com.br\/site\/wp-content\/uploads\/La-Bienfaisance-SP-DEZ-2025-086-scaled.jpg","type":"image\/jpeg"}],"author":"jpuech","twitter_card":"summary_large_image","twitter_misc":{"Written by":"jpuech","Est. reading time":"2 minutes"},"schema":{"@context":"https:\/\/schema.org","@graph":[{"@type":"Article","@id":"https:\/\/www.gtlawyers.com.br\/noticia\/organizacao-de-um-evento-de-la-bienfaisance-na-residencia-consular\/#article","isPartOf":{"@id":"https:\/\/www.gtlawyers.com.br\/noticia\/organizacao-de-um-evento-de-la-bienfaisance-na-residencia-consular\/"},"author":{"name":"jpuech","@id":"https:\/\/www.gtlawyers.com.br\/#\/schema\/person\/e0db5b05dd070b41155ef644b597a673"},"headline":"Organiza\u00e7\u00e3o de um evento de La Bienfaisance na resid\u00eancia consular","datePublished":"2026-01-06T17:14:23+00:00","dateModified":"2026-01-06T17:14:25+00:00","mainEntityOfPage":{"@id":"https:\/\/www.gtlawyers.com.br\/noticia\/organizacao-de-um-evento-de-la-bienfaisance-na-residencia-consular\/"},"wordCount":271,"commentCount":0,"publisher":{"@id":"https:\/\/www.gtlawyers.com.br\/#organization"},"image":{"@id":"https:\/\/www.gtlawyers.com.br\/noticia\/organizacao-de-um-evento-de-la-bienfaisance-na-residencia-consular\/#primaryimage"},"thumbnailUrl":"https:\/\/www.gtlawyers.com.br\/site\/wp-content\/uploads\/La-Bienfaisance-SP-DEZ-2025-086-scaled.jpg","articleSection":["News"],"inLanguage":"en-US","potentialAction":[{"@type":"CommentAction","name":"Comment","target":["https:\/\/www.gtlawyers.com.br\/noticia\/organizacao-de-um-evento-de-la-bienfaisance-na-residencia-consular\/#respond"]}]},{"@type":"WebPage","@id":"https:\/\/www.gtlawyers.com.br\/noticia\/organizacao-de-um-evento-de-la-bienfaisance-na-residencia-consular\/","url":"https:\/\/www.gtlawyers.com.br\/noticia\/organizacao-de-um-evento-de-la-bienfaisance-na-residencia-consular\/","name":"Organiza\u00e7\u00e3o de um evento de La Bienfaisance na resid\u00eancia consular | GTLawyers | Escrit\u00f3rio boutique full-service","isPartOf":{"@id":"https:\/\/www.gtlawyers.com.br\/#website"},"primaryImageOfPage":{"@id":"https:\/\/www.gtlawyers.com.br\/noticia\/organizacao-de-um-evento-de-la-bienfaisance-na-residencia-consular\/#primaryimage"},"image":{"@id":"https:\/\/www.gtlawyers.com.br\/noticia\/organizacao-de-um-evento-de-la-bienfaisance-na-residencia-consular\/#primaryimage"},"thumbnailUrl":"https:\/\/www.gtlawyers.com.br\/site\/wp-content\/uploads\/La-Bienfaisance-SP-DEZ-2025-086-scaled.jpg","datePublished":"2026-01-06T17:14:23+00:00","dateModified":"2026-01-06T17:14:25+00:00","breadcrumb":{"@id":"https:\/\/www.gtlawyers.com.br\/noticia\/organizacao-de-um-evento-de-la-bienfaisance-na-residencia-consular\/#breadcrumb"},"inLanguage":"en-US","potentialAction":[{"@type":"ReadAction","target":["https:\/\/www.gtlawyers.com.br\/noticia\/organizacao-de-um-evento-de-la-bienfaisance-na-residencia-consular\/"]}]},{"@type":"ImageObject","inLanguage":"en-US","@id":"https:\/\/www.gtlawyers.com.br\/noticia\/organizacao-de-um-evento-de-la-bienfaisance-na-residencia-consular\/#primaryimage","url":"https:\/\/www.gtlawyers.com.br\/site\/wp-content\/uploads\/La-Bienfaisance-SP-DEZ-2025-086-scaled.jpg","contentUrl":"https:\/\/www.gtlawyers.com.br\/site\/wp-content\/uploads\/La-Bienfaisance-SP-DEZ-2025-086-scaled.jpg","width":2560,"height":1706},{"@type":"BreadcrumbList","@id":"https:\/\/www.gtlawyers.com.br\/noticia\/organizacao-de-um-evento-de-la-bienfaisance-na-residencia-consular\/#breadcrumb","itemListElement":[{"@type":"ListItem","position":1,"name":"In\u00edcio","item":"https:\/\/www.gtlawyers.com.br\/"},{"@type":"ListItem","position":2,"name":"Organiza\u00e7\u00e3o de um evento de La Bienfaisance na resid\u00eancia consular"}]},{"@type":"WebSite","@id":"https:\/\/www.gtlawyers.com.br\/#website","url":"https:\/\/www.gtlawyers.com.br\/","name":"GTLawyers | Escrit\u00f3rio boutique full-service","description":"Escrit\u00f3rio de advocacia franco-brasileiro para empresas especializado em M&amp;A, direito societ\u00e1rio, tribut\u00e1rio, imobili\u00e1rio, contencioso e compliance","publisher":{"@id":"https:\/\/www.gtlawyers.com.br\/#organization"},"alternateName":"GTLawyers","potentialAction":[{"@type":"SearchAction","target":{"@type":"EntryPoint","urlTemplate":"https:\/\/www.gtlawyers.com.br\/?s={search_term_string}"},"query-input":{"@type":"PropertyValueSpecification","valueRequired":true,"valueName":"search_term_string"}}],"inLanguage":"en-US"},{"@type":"Organization","@id":"https:\/\/www.gtlawyers.com.br\/#organization","name":"GTLawyers - Escrit\u00f3rio boutique full-service","url":"https:\/\/www.gtlawyers.com.br\/","logo":{"@type":"ImageObject","inLanguage":"en-US","@id":"https:\/\/www.gtlawyers.com.br\/#\/schema\/logo\/image\/","url":"https:\/\/www.gtlawyers.com.br\/site\/wp-content\/uploads\/image-3.png","contentUrl":"https:\/\/www.gtlawyers.com.br\/site\/wp-content\/uploads\/image-3.png","width":166,"height":44,"caption":"GTLawyers - Escrit\u00f3rio boutique full-service"},"image":{"@id":"https:\/\/www.gtlawyers.com.br\/#\/schema\/logo\/image\/"},"sameAs":["https:\/\/www.linkedin.com\/company\/gtlawyers\/mycompany\/"]},{"@type":"Person","@id":"https:\/\/www.gtlawyers.com.br\/#\/schema\/person\/e0db5b05dd070b41155ef644b597a673","name":"jpuech","image":{"@type":"ImageObject","inLanguage":"en-US","@id":"https:\/\/secure.gravatar.com\/avatar\/a4d9c2fd529856a7f009b58407a57904cdee663da0c2cd0a2ae1444149f1ca4d?s=96&d=mm&r=g","url":"https:\/\/secure.gravatar.com\/avatar\/a4d9c2fd529856a7f009b58407a57904cdee663da0c2cd0a2ae1444149f1ca4d?s=96&d=mm&r=g","contentUrl":"https:\/\/secure.gravatar.com\/avatar\/a4d9c2fd529856a7f009b58407a57904cdee663da0c2cd0a2ae1444149f1ca4d?s=96&d=mm&r=g","caption":"jpuech"},"url":"https:\/\/www.gtlawyers.com.br\/en\/author\/jpuech\/"}]}},"_links":{"self":[{"href":"https:\/\/www.gtlawyers.com.br\/en\/wp-json\/wp\/v2\/posts\/2136","targetHints":{"allow":["GET"]}}],"collection":[{"href":"https:\/\/www.gtlawyers.com.br\/en\/wp-json\/wp\/v2\/posts"}],"about":[{"href":"https:\/\/www.gtlawyers.com.br\/en\/wp-json\/wp\/v2\/types\/post"}],"author":[{"embeddable":true,"href":"https:\/\/www.gtlawyers.com.br\/en\/wp-json\/wp\/v2\/users\/7"}],"replies":[{"embeddable":true,"href":"https:\/\/www.gtlawyers.com.br\/en\/wp-json\/wp\/v2\/comments?post=2136"}],"version-history":[{"count":1,"href":"https:\/\/www.gtlawyers.com.br\/en\/wp-json\/wp\/v2\/posts\/2136\/revisions"}],"predecessor-version":[{"id":2138,"href":"https:\/\/www.gtlawyers.com.br\/en\/wp-json\/wp\/v2\/posts\/2136\/revisions\/2138"}],"wp:featuredmedia":[{"embeddable":true,"href":"https:\/\/www.gtlawyers.com.br\/en\/wp-json\/wp\/v2\/media\/2137"}],"wp:attachment":[{"href":"https:\/\/www.gtlawyers.com.br\/en\/wp-json\/wp\/v2\/media?parent=2136"}],"wp:term":[{"taxonomy":"category","embeddable":true,"href":"https:\/\/www.gtlawyers.com.br\/en\/wp-json\/wp\/v2\/categories?post=2136"},{"taxonomy":"post_tag","embeddable":true,"href":"https:\/\/www.gtlawyers.com.br\/en\/wp-json\/wp\/v2\/tags?post=2136"}],"curies":[{"name":"wp","href":"https:\/\/api.w.org\/{rel}","templated":true}]}}