{"id":386,"date":"2022-05-23T15:43:00","date_gmt":"2022-05-23T18:43:00","guid":{"rendered":"https:\/\/www.gtlawyers.com.br\/site\/?p=386"},"modified":"2022-06-03T11:23:17","modified_gmt":"2022-06-03T14:23:17","slug":"proposta-de-alteracao-a-legislacao-tributaria-federal","status":"publish","type":"post","link":"https:\/\/www.gtlawyers.com.br\/en\/noticia\/proposta-de-alteracao-a-legislacao-tributaria-federal\/","title":{"rendered":"Proposta de altera\u00e7\u00e3o \u00e0 legisla\u00e7\u00e3o tribut\u00e1ria federal"},"content":{"rendered":"<p id=\"viewer-272tb\">Dear all,<\/p>\n\n\n\n<p id=\"viewer-dhq0b\">Como j\u00e1 noticiado pela imprensa, na semana passada o Governo Federal apresentou proposta de altera\u00e7\u00e3o \u00e0 legisla\u00e7\u00e3o tribut\u00e1ria federal, que foi intitulada, de forma exagerada, de \u201creforma tribut\u00e1ria\u201d.<\/p>\n\n\n\n<p id=\"viewer-7841t\">A verdade \u00e9 que n\u00e3o h\u00e1 absolutamente nenhuma reforma tribut\u00e1ria, apenas altera\u00e7\u00f5es (redu\u00e7\u00f5es e majora\u00e7\u00f5es) de tributos de compet\u00eancia da Uni\u00e3o, sem qualquer altera\u00e7\u00e3o substancial no sistema tribut\u00e1rio j\u00e1 existente.<\/p>\n\n\n\n<p id=\"viewer-bsnvf\">O ponto de maior destaque est\u00e1, certamente, na tributa\u00e7\u00e3o das distribui\u00e7\u00f5es patrimoniais empresa-s\u00f3cio. Com efeito, a proposta prev\u00ea a tributa\u00e7\u00e3o dos dividendos distribu\u00eddos por pessoas jur\u00eddicas brasileiras pelo imposto de renda, pondo fim a uma isen\u00e7\u00e3o que j\u00e1 durava mais de vinte anos. Embora n\u00e3o seja uma novidade, j\u00e1 que tal tributa\u00e7\u00e3o ocorreu at\u00e9 1994, a verdade \u00e9 que essa medida dever\u00e1 impactar todo o sistema econ\u00f4mico, em especial o setor de servi\u00e7os.<\/p>\n\n\n\n<p id=\"viewer-d3rpi\">Mas o ponto de maior destaque para as pessoas com investimentos no exterior via sociedades offshore se refere \u00e0 regra \u201c<em>anti-diferimento<\/em>\u201d, que n\u00e3o passa de mais uma tentativa de tributa\u00e7\u00e3o dos lucros dessas sociedades antes da sua distribui\u00e7\u00e3o, \u00e0 exemplo do que ocorrera na Medida Provis\u00f3ria 627\/2013 \u2013 tal tributa\u00e7\u00e3o foi recha\u00e7ada pelo Congresso Nacional quando da sua convers\u00e3o na Lei 12.973.<\/p>\n\n\n\n<p id=\"viewer-8qfmm\">De acordo com essa previs\u00e3o, os lucros decorrentes de participa\u00e7\u00f5es em controladas, residentes ou domiciliadas no exterior, ser\u00e3o considerados disponibilizados para a pessoa f\u00edsica controladora residente no Brasil na data do balan\u00e7o no qual tiverem sido apurados e estar\u00e3o sujeitos \u00e0 tributa\u00e7\u00e3o do imposto sobre a renda, quando se verificar que a controlada est\u00e1 localizada em pa\u00eds ou depend\u00eancia com tributa\u00e7\u00e3o favorecida, ou for benefici\u00e1ria de regime fiscal privilegiado.<\/p>\n\n\n\n<p id=\"viewer-cr22p\">Caso essa previs\u00e3o seja aprovada, as pessoas f\u00edsicas com investimentos em sociedades nos chamados para\u00edsos fiscais (Panam\u00e1, BVI, Cayman, Guernsey, etc) dever\u00e3o, todos os anos, oferecer \u00e0 tributa\u00e7\u00e3o do imposto de renda no Brasil a parcela dos lucros dessas sociedades a que tiverem direito, conforme a propor\u00e7\u00e3o de sua participa\u00e7\u00e3o no capital dessas sociedades.<\/p>\n\n\n\n<p id=\"viewer-7spnf\">A nosso ver, essa regra \u00e9 de constitucionalidade duvidosa, uma vez que imp\u00f5e tributa\u00e7\u00e3o de lucros do exterior sem a sua disponibiliza\u00e7\u00e3o efetiva \u00e0 pessoa f\u00edsica no Brasil, contrariando o conceito de renda e de disponibilidade da renda (ADI 2.588-DF).<\/p>\n\n\n\n<p id=\"viewer-fbgd8\">De toda forma, o assunto \u00e9 de extrema relev\u00e2ncia para os investidores que possuem sociedades em para\u00edsos fiscais, uma vez que poder\u00e1 implicar no pagamento do imposto de renda sobre lucros do exterior ainda n\u00e3o distribu\u00eddos.<\/p>\n\n\n\n<p id=\"viewer-4uvgl\">Por fim, lembramos que, caso aprovada pelo Congresso nacional, a tributa\u00e7\u00e3o pretendida s\u00f3 se aplicaria aos lucros apurados pelas sociedades offshore a partir de 2022.<\/p>\n\n\n\n<p id=\"viewer-b8jfu\">Ficamos \u00e0 disposi\u00e7\u00e3o para esclarecimentos adicionais sobre a mat\u00e9ria.<\/p>","protected":false},"excerpt":{"rendered":"<p>Prezados, Como j\u00e1 noticiado pela imprensa, na semana passada o Governo Federal apresentou proposta de altera\u00e7\u00e3o \u00e0 legisla\u00e7\u00e3o tribut\u00e1ria federal, que foi intitulada, de forma exagerada, de \u201creforma tribut\u00e1ria\u201d. A verdade \u00e9 que n\u00e3o h\u00e1 absolutamente nenhuma reforma tribut\u00e1ria, apenas altera\u00e7\u00f5es (redu\u00e7\u00f5es e majora\u00e7\u00f5es) de tributos de compet\u00eancia da Uni\u00e3o, sem qualquer altera\u00e7\u00e3o substancial no [&hellip;]<\/p>\n","protected":false},"author":1,"featured_media":387,"comment_status":"open","ping_status":"open","sticky":false,"template":"","format":"standard","meta":{"_acf_changed":false,"footnotes":""},"categories":[7],"tags":[],"class_list":["post-386","post","type-post","status-publish","format-standard","has-post-thumbnail","hentry","category-noticia"],"acf":[],"yoast_head":"<!-- This site is optimized with the Yoast SEO plugin v27.5 - https:\/\/yoast.com\/product\/yoast-seo-wordpress\/ -->\n<title>Proposta de altera\u00e7\u00e3o \u00e0 legisla\u00e7\u00e3o tribut\u00e1ria federal | GTLawyers | Escrit\u00f3rio boutique full-service<\/title>\n<meta name=\"robots\" content=\"index, follow, max-snippet:-1, max-image-preview:large, max-video-preview:-1\" \/>\n<link rel=\"canonical\" href=\"https:\/\/www.gtlawyers.com.br\/en\/noticia\/proposta-de-alteracao-a-legislacao-tributaria-federal\/\" \/>\n<meta property=\"og:locale\" content=\"en_US\" \/>\n<meta property=\"og:type\" content=\"article\" \/>\n<meta property=\"og:title\" content=\"Proposta de altera\u00e7\u00e3o \u00e0 legisla\u00e7\u00e3o tribut\u00e1ria federal | GTLawyers | Escrit\u00f3rio boutique full-service\" \/>\n<meta property=\"og:description\" content=\"Prezados, Como j\u00e1 noticiado pela imprensa, na semana passada o Governo Federal apresentou proposta de altera\u00e7\u00e3o \u00e0 legisla\u00e7\u00e3o tribut\u00e1ria federal, que foi intitulada, de forma exagerada, de \u201creforma tribut\u00e1ria\u201d. A verdade \u00e9 que n\u00e3o h\u00e1 absolutamente nenhuma reforma tribut\u00e1ria, apenas altera\u00e7\u00f5es (redu\u00e7\u00f5es e majora\u00e7\u00f5es) de tributos de compet\u00eancia da Uni\u00e3o, sem qualquer altera\u00e7\u00e3o substancial no [&hellip;]\" \/>\n<meta property=\"og:url\" content=\"https:\/\/www.gtlawyers.com.br\/en\/noticia\/proposta-de-alteracao-a-legislacao-tributaria-federal\/\" \/>\n<meta property=\"og:site_name\" content=\"GTLawyers | Escrit\u00f3rio boutique full-service\" \/>\n<meta property=\"article:published_time\" content=\"2022-05-23T18:43:00+00:00\" \/>\n<meta property=\"article:modified_time\" content=\"2022-06-03T14:23:17+00:00\" \/>\n<meta property=\"og:image\" content=\"https:\/\/www.gtlawyers.com.br\/site\/wp-content\/uploads\/d6297d_b1e9a64b32d04cd5b1cce3eae4a4d351_mv2.webp\" \/>\n\t<meta property=\"og:image:width\" content=\"360\" \/>\n\t<meta property=\"og:image:height\" content=\"240\" \/>\n\t<meta property=\"og:image:type\" content=\"image\/webp\" \/>\n<meta name=\"author\" content=\"planetaw\" \/>\n<meta name=\"twitter:card\" content=\"summary_large_image\" \/>\n<meta name=\"twitter:label1\" content=\"Written by\" \/>\n\t<meta name=\"twitter:data1\" content=\"planetaw\" \/>\n\t<meta name=\"twitter:label2\" content=\"Est. reading time\" \/>\n\t<meta name=\"twitter:data2\" content=\"2 minutes\" \/>\n<script type=\"application\/ld+json\" class=\"yoast-schema-graph\">{\"@context\":\"https:\\\/\\\/schema.org\",\"@graph\":[{\"@type\":\"Article\",\"@id\":\"https:\\\/\\\/www.gtlawyers.com.br\\\/noticia\\\/proposta-de-alteracao-a-legislacao-tributaria-federal\\\/#article\",\"isPartOf\":{\"@id\":\"https:\\\/\\\/www.gtlawyers.com.br\\\/noticia\\\/proposta-de-alteracao-a-legislacao-tributaria-federal\\\/\"},\"author\":{\"name\":\"planetaw\",\"@id\":\"https:\\\/\\\/www.gtlawyers.com.br\\\/#\\\/schema\\\/person\\\/445dbbc8624baa6cd74ffdc962062fea\"},\"headline\":\"Proposta de altera\u00e7\u00e3o \u00e0 legisla\u00e7\u00e3o tribut\u00e1ria federal\",\"datePublished\":\"2022-05-23T18:43:00+00:00\",\"dateModified\":\"2022-06-03T14:23:17+00:00\",\"mainEntityOfPage\":{\"@id\":\"https:\\\/\\\/www.gtlawyers.com.br\\\/noticia\\\/proposta-de-alteracao-a-legislacao-tributaria-federal\\\/\"},\"wordCount\":480,\"commentCount\":0,\"publisher\":{\"@id\":\"https:\\\/\\\/www.gtlawyers.com.br\\\/#organization\"},\"image\":{\"@id\":\"https:\\\/\\\/www.gtlawyers.com.br\\\/noticia\\\/proposta-de-alteracao-a-legislacao-tributaria-federal\\\/#primaryimage\"},\"thumbnailUrl\":\"https:\\\/\\\/www.gtlawyers.com.br\\\/site\\\/wp-content\\\/uploads\\\/d6297d_b1e9a64b32d04cd5b1cce3eae4a4d351_mv2.webp\",\"articleSection\":[\"News\"],\"inLanguage\":\"en-US\",\"potentialAction\":[{\"@type\":\"CommentAction\",\"name\":\"Comment\",\"target\":[\"https:\\\/\\\/www.gtlawyers.com.br\\\/noticia\\\/proposta-de-alteracao-a-legislacao-tributaria-federal\\\/#respond\"]}]},{\"@type\":\"WebPage\",\"@id\":\"https:\\\/\\\/www.gtlawyers.com.br\\\/noticia\\\/proposta-de-alteracao-a-legislacao-tributaria-federal\\\/\",\"url\":\"https:\\\/\\\/www.gtlawyers.com.br\\\/noticia\\\/proposta-de-alteracao-a-legislacao-tributaria-federal\\\/\",\"name\":\"Proposta de altera\u00e7\u00e3o \u00e0 legisla\u00e7\u00e3o tribut\u00e1ria federal | GTLawyers | Escrit\u00f3rio boutique full-service\",\"isPartOf\":{\"@id\":\"https:\\\/\\\/www.gtlawyers.com.br\\\/#website\"},\"primaryImageOfPage\":{\"@id\":\"https:\\\/\\\/www.gtlawyers.com.br\\\/noticia\\\/proposta-de-alteracao-a-legislacao-tributaria-federal\\\/#primaryimage\"},\"image\":{\"@id\":\"https:\\\/\\\/www.gtlawyers.com.br\\\/noticia\\\/proposta-de-alteracao-a-legislacao-tributaria-federal\\\/#primaryimage\"},\"thumbnailUrl\":\"https:\\\/\\\/www.gtlawyers.com.br\\\/site\\\/wp-content\\\/uploads\\\/d6297d_b1e9a64b32d04cd5b1cce3eae4a4d351_mv2.webp\",\"datePublished\":\"2022-05-23T18:43:00+00:00\",\"dateModified\":\"2022-06-03T14:23:17+00:00\",\"breadcrumb\":{\"@id\":\"https:\\\/\\\/www.gtlawyers.com.br\\\/noticia\\\/proposta-de-alteracao-a-legislacao-tributaria-federal\\\/#breadcrumb\"},\"inLanguage\":\"en-US\",\"potentialAction\":[{\"@type\":\"ReadAction\",\"target\":[\"https:\\\/\\\/www.gtlawyers.com.br\\\/noticia\\\/proposta-de-alteracao-a-legislacao-tributaria-federal\\\/\"]}]},{\"@type\":\"ImageObject\",\"inLanguage\":\"en-US\",\"@id\":\"https:\\\/\\\/www.gtlawyers.com.br\\\/noticia\\\/proposta-de-alteracao-a-legislacao-tributaria-federal\\\/#primaryimage\",\"url\":\"https:\\\/\\\/www.gtlawyers.com.br\\\/site\\\/wp-content\\\/uploads\\\/d6297d_b1e9a64b32d04cd5b1cce3eae4a4d351_mv2.webp\",\"contentUrl\":\"https:\\\/\\\/www.gtlawyers.com.br\\\/site\\\/wp-content\\\/uploads\\\/d6297d_b1e9a64b32d04cd5b1cce3eae4a4d351_mv2.webp\",\"width\":360,\"height\":240},{\"@type\":\"BreadcrumbList\",\"@id\":\"https:\\\/\\\/www.gtlawyers.com.br\\\/noticia\\\/proposta-de-alteracao-a-legislacao-tributaria-federal\\\/#breadcrumb\",\"itemListElement\":[{\"@type\":\"ListItem\",\"position\":1,\"name\":\"In\u00edcio\",\"item\":\"https:\\\/\\\/www.gtlawyers.com.br\\\/\"},{\"@type\":\"ListItem\",\"position\":2,\"name\":\"Proposta de altera\u00e7\u00e3o \u00e0 legisla\u00e7\u00e3o tribut\u00e1ria federal\"}]},{\"@type\":\"WebSite\",\"@id\":\"https:\\\/\\\/www.gtlawyers.com.br\\\/#website\",\"url\":\"https:\\\/\\\/www.gtlawyers.com.br\\\/\",\"name\":\"GTLawyers | Escrit\u00f3rio boutique full-service\",\"description\":\"Escrit\u00f3rio de advocacia franco-brasileiro para empresas especializado em M&amp;A, direito societ\u00e1rio, tribut\u00e1rio, imobili\u00e1rio, contencioso e compliance\",\"publisher\":{\"@id\":\"https:\\\/\\\/www.gtlawyers.com.br\\\/#organization\"},\"alternateName\":\"GTLawyers\",\"potentialAction\":[{\"@type\":\"SearchAction\",\"target\":{\"@type\":\"EntryPoint\",\"urlTemplate\":\"https:\\\/\\\/www.gtlawyers.com.br\\\/?s={search_term_string}\"},\"query-input\":{\"@type\":\"PropertyValueSpecification\",\"valueRequired\":true,\"valueName\":\"search_term_string\"}}],\"inLanguage\":\"en-US\"},{\"@type\":\"Organization\",\"@id\":\"https:\\\/\\\/www.gtlawyers.com.br\\\/#organization\",\"name\":\"GTLawyers - Escrit\u00f3rio boutique full-service\",\"url\":\"https:\\\/\\\/www.gtlawyers.com.br\\\/\",\"logo\":{\"@type\":\"ImageObject\",\"inLanguage\":\"en-US\",\"@id\":\"https:\\\/\\\/www.gtlawyers.com.br\\\/#\\\/schema\\\/logo\\\/image\\\/\",\"url\":\"https:\\\/\\\/www.gtlawyers.com.br\\\/site\\\/wp-content\\\/uploads\\\/image-3.png\",\"contentUrl\":\"https:\\\/\\\/www.gtlawyers.com.br\\\/site\\\/wp-content\\\/uploads\\\/image-3.png\",\"width\":166,\"height\":44,\"caption\":\"GTLawyers - Escrit\u00f3rio boutique full-service\"},\"image\":{\"@id\":\"https:\\\/\\\/www.gtlawyers.com.br\\\/#\\\/schema\\\/logo\\\/image\\\/\"},\"sameAs\":[\"https:\\\/\\\/www.linkedin.com\\\/company\\\/gtlawyers\\\/mycompany\\\/\"]},{\"@type\":\"Person\",\"@id\":\"https:\\\/\\\/www.gtlawyers.com.br\\\/#\\\/schema\\\/person\\\/445dbbc8624baa6cd74ffdc962062fea\",\"name\":\"planetaw\",\"image\":{\"@type\":\"ImageObject\",\"inLanguage\":\"en-US\",\"@id\":\"https:\\\/\\\/secure.gravatar.com\\\/avatar\\\/a09e3105af0f28d7ee4ec00ff1c6f17e0e33f7aaf6253c730b912f62af0b331c?s=96&d=mm&r=g\",\"url\":\"https:\\\/\\\/secure.gravatar.com\\\/avatar\\\/a09e3105af0f28d7ee4ec00ff1c6f17e0e33f7aaf6253c730b912f62af0b331c?s=96&d=mm&r=g\",\"contentUrl\":\"https:\\\/\\\/secure.gravatar.com\\\/avatar\\\/a09e3105af0f28d7ee4ec00ff1c6f17e0e33f7aaf6253c730b912f62af0b331c?s=96&d=mm&r=g\",\"caption\":\"planetaw\"},\"sameAs\":[\"http:\\\/\\\/gtlawyers1.hospedagemdesites.ws\\\/site\"],\"url\":\"https:\\\/\\\/www.gtlawyers.com.br\\\/en\\\/author\\\/planetaw\\\/\"}]}<\/script>\n<!-- \/ Yoast SEO plugin. -->","yoast_head_json":{"title":"Proposta de altera\u00e7\u00e3o \u00e0 legisla\u00e7\u00e3o tribut\u00e1ria federal | GTLawyers | Escrit\u00f3rio boutique full-service","robots":{"index":"index","follow":"follow","max-snippet":"max-snippet:-1","max-image-preview":"max-image-preview:large","max-video-preview":"max-video-preview:-1"},"canonical":"https:\/\/www.gtlawyers.com.br\/en\/noticia\/proposta-de-alteracao-a-legislacao-tributaria-federal\/","og_locale":"en_US","og_type":"article","og_title":"Proposta de altera\u00e7\u00e3o \u00e0 legisla\u00e7\u00e3o tribut\u00e1ria federal | GTLawyers | Escrit\u00f3rio boutique full-service","og_description":"Prezados, Como j\u00e1 noticiado pela imprensa, na semana passada o Governo Federal apresentou proposta de altera\u00e7\u00e3o \u00e0 legisla\u00e7\u00e3o tribut\u00e1ria federal, que foi intitulada, de forma exagerada, de \u201creforma tribut\u00e1ria\u201d. A verdade \u00e9 que n\u00e3o h\u00e1 absolutamente nenhuma reforma tribut\u00e1ria, apenas altera\u00e7\u00f5es (redu\u00e7\u00f5es e majora\u00e7\u00f5es) de tributos de compet\u00eancia da Uni\u00e3o, sem qualquer altera\u00e7\u00e3o substancial no [&hellip;]","og_url":"https:\/\/www.gtlawyers.com.br\/en\/noticia\/proposta-de-alteracao-a-legislacao-tributaria-federal\/","og_site_name":"GTLawyers | Escrit\u00f3rio boutique full-service","article_published_time":"2022-05-23T18:43:00+00:00","article_modified_time":"2022-06-03T14:23:17+00:00","og_image":[{"width":360,"height":240,"url":"https:\/\/www.gtlawyers.com.br\/site\/wp-content\/uploads\/d6297d_b1e9a64b32d04cd5b1cce3eae4a4d351_mv2.webp","type":"image\/webp"}],"author":"planetaw","twitter_card":"summary_large_image","twitter_misc":{"Written by":"planetaw","Est. reading time":"2 minutes"},"schema":{"@context":"https:\/\/schema.org","@graph":[{"@type":"Article","@id":"https:\/\/www.gtlawyers.com.br\/noticia\/proposta-de-alteracao-a-legislacao-tributaria-federal\/#article","isPartOf":{"@id":"https:\/\/www.gtlawyers.com.br\/noticia\/proposta-de-alteracao-a-legislacao-tributaria-federal\/"},"author":{"name":"planetaw","@id":"https:\/\/www.gtlawyers.com.br\/#\/schema\/person\/445dbbc8624baa6cd74ffdc962062fea"},"headline":"Proposta de altera\u00e7\u00e3o \u00e0 legisla\u00e7\u00e3o tribut\u00e1ria federal","datePublished":"2022-05-23T18:43:00+00:00","dateModified":"2022-06-03T14:23:17+00:00","mainEntityOfPage":{"@id":"https:\/\/www.gtlawyers.com.br\/noticia\/proposta-de-alteracao-a-legislacao-tributaria-federal\/"},"wordCount":480,"commentCount":0,"publisher":{"@id":"https:\/\/www.gtlawyers.com.br\/#organization"},"image":{"@id":"https:\/\/www.gtlawyers.com.br\/noticia\/proposta-de-alteracao-a-legislacao-tributaria-federal\/#primaryimage"},"thumbnailUrl":"https:\/\/www.gtlawyers.com.br\/site\/wp-content\/uploads\/d6297d_b1e9a64b32d04cd5b1cce3eae4a4d351_mv2.webp","articleSection":["News"],"inLanguage":"en-US","potentialAction":[{"@type":"CommentAction","name":"Comment","target":["https:\/\/www.gtlawyers.com.br\/noticia\/proposta-de-alteracao-a-legislacao-tributaria-federal\/#respond"]}]},{"@type":"WebPage","@id":"https:\/\/www.gtlawyers.com.br\/noticia\/proposta-de-alteracao-a-legislacao-tributaria-federal\/","url":"https:\/\/www.gtlawyers.com.br\/noticia\/proposta-de-alteracao-a-legislacao-tributaria-federal\/","name":"Proposta de altera\u00e7\u00e3o \u00e0 legisla\u00e7\u00e3o tribut\u00e1ria federal | GTLawyers | Escrit\u00f3rio boutique full-service","isPartOf":{"@id":"https:\/\/www.gtlawyers.com.br\/#website"},"primaryImageOfPage":{"@id":"https:\/\/www.gtlawyers.com.br\/noticia\/proposta-de-alteracao-a-legislacao-tributaria-federal\/#primaryimage"},"image":{"@id":"https:\/\/www.gtlawyers.com.br\/noticia\/proposta-de-alteracao-a-legislacao-tributaria-federal\/#primaryimage"},"thumbnailUrl":"https:\/\/www.gtlawyers.com.br\/site\/wp-content\/uploads\/d6297d_b1e9a64b32d04cd5b1cce3eae4a4d351_mv2.webp","datePublished":"2022-05-23T18:43:00+00:00","dateModified":"2022-06-03T14:23:17+00:00","breadcrumb":{"@id":"https:\/\/www.gtlawyers.com.br\/noticia\/proposta-de-alteracao-a-legislacao-tributaria-federal\/#breadcrumb"},"inLanguage":"en-US","potentialAction":[{"@type":"ReadAction","target":["https:\/\/www.gtlawyers.com.br\/noticia\/proposta-de-alteracao-a-legislacao-tributaria-federal\/"]}]},{"@type":"ImageObject","inLanguage":"en-US","@id":"https:\/\/www.gtlawyers.com.br\/noticia\/proposta-de-alteracao-a-legislacao-tributaria-federal\/#primaryimage","url":"https:\/\/www.gtlawyers.com.br\/site\/wp-content\/uploads\/d6297d_b1e9a64b32d04cd5b1cce3eae4a4d351_mv2.webp","contentUrl":"https:\/\/www.gtlawyers.com.br\/site\/wp-content\/uploads\/d6297d_b1e9a64b32d04cd5b1cce3eae4a4d351_mv2.webp","width":360,"height":240},{"@type":"BreadcrumbList","@id":"https:\/\/www.gtlawyers.com.br\/noticia\/proposta-de-alteracao-a-legislacao-tributaria-federal\/#breadcrumb","itemListElement":[{"@type":"ListItem","position":1,"name":"In\u00edcio","item":"https:\/\/www.gtlawyers.com.br\/"},{"@type":"ListItem","position":2,"name":"Proposta de altera\u00e7\u00e3o \u00e0 legisla\u00e7\u00e3o tribut\u00e1ria federal"}]},{"@type":"WebSite","@id":"https:\/\/www.gtlawyers.com.br\/#website","url":"https:\/\/www.gtlawyers.com.br\/","name":"GTLawyers | Escrit\u00f3rio boutique full-service","description":"Escrit\u00f3rio de advocacia franco-brasileiro para empresas especializado em M&amp;A, direito societ\u00e1rio, tribut\u00e1rio, imobili\u00e1rio, contencioso e compliance","publisher":{"@id":"https:\/\/www.gtlawyers.com.br\/#organization"},"alternateName":"GTLawyers","potentialAction":[{"@type":"SearchAction","target":{"@type":"EntryPoint","urlTemplate":"https:\/\/www.gtlawyers.com.br\/?s={search_term_string}"},"query-input":{"@type":"PropertyValueSpecification","valueRequired":true,"valueName":"search_term_string"}}],"inLanguage":"en-US"},{"@type":"Organization","@id":"https:\/\/www.gtlawyers.com.br\/#organization","name":"GTLawyers - Escrit\u00f3rio boutique full-service","url":"https:\/\/www.gtlawyers.com.br\/","logo":{"@type":"ImageObject","inLanguage":"en-US","@id":"https:\/\/www.gtlawyers.com.br\/#\/schema\/logo\/image\/","url":"https:\/\/www.gtlawyers.com.br\/site\/wp-content\/uploads\/image-3.png","contentUrl":"https:\/\/www.gtlawyers.com.br\/site\/wp-content\/uploads\/image-3.png","width":166,"height":44,"caption":"GTLawyers - Escrit\u00f3rio boutique full-service"},"image":{"@id":"https:\/\/www.gtlawyers.com.br\/#\/schema\/logo\/image\/"},"sameAs":["https:\/\/www.linkedin.com\/company\/gtlawyers\/mycompany\/"]},{"@type":"Person","@id":"https:\/\/www.gtlawyers.com.br\/#\/schema\/person\/445dbbc8624baa6cd74ffdc962062fea","name":"planetaw","image":{"@type":"ImageObject","inLanguage":"en-US","@id":"https:\/\/secure.gravatar.com\/avatar\/a09e3105af0f28d7ee4ec00ff1c6f17e0e33f7aaf6253c730b912f62af0b331c?s=96&d=mm&r=g","url":"https:\/\/secure.gravatar.com\/avatar\/a09e3105af0f28d7ee4ec00ff1c6f17e0e33f7aaf6253c730b912f62af0b331c?s=96&d=mm&r=g","contentUrl":"https:\/\/secure.gravatar.com\/avatar\/a09e3105af0f28d7ee4ec00ff1c6f17e0e33f7aaf6253c730b912f62af0b331c?s=96&d=mm&r=g","caption":"planetaw"},"sameAs":["http:\/\/gtlawyers1.hospedagemdesites.ws\/site"],"url":"https:\/\/www.gtlawyers.com.br\/en\/author\/planetaw\/"}]}},"_links":{"self":[{"href":"https:\/\/www.gtlawyers.com.br\/en\/wp-json\/wp\/v2\/posts\/386","targetHints":{"allow":["GET"]}}],"collection":[{"href":"https:\/\/www.gtlawyers.com.br\/en\/wp-json\/wp\/v2\/posts"}],"about":[{"href":"https:\/\/www.gtlawyers.com.br\/en\/wp-json\/wp\/v2\/types\/post"}],"author":[{"embeddable":true,"href":"https:\/\/www.gtlawyers.com.br\/en\/wp-json\/wp\/v2\/users\/1"}],"replies":[{"embeddable":true,"href":"https:\/\/www.gtlawyers.com.br\/en\/wp-json\/wp\/v2\/comments?post=386"}],"version-history":[{"count":1,"href":"https:\/\/www.gtlawyers.com.br\/en\/wp-json\/wp\/v2\/posts\/386\/revisions"}],"predecessor-version":[{"id":388,"href":"https:\/\/www.gtlawyers.com.br\/en\/wp-json\/wp\/v2\/posts\/386\/revisions\/388"}],"wp:featuredmedia":[{"embeddable":true,"href":"https:\/\/www.gtlawyers.com.br\/en\/wp-json\/wp\/v2\/media\/387"}],"wp:attachment":[{"href":"https:\/\/www.gtlawyers.com.br\/en\/wp-json\/wp\/v2\/media?parent=386"}],"wp:term":[{"taxonomy":"category","embeddable":true,"href":"https:\/\/www.gtlawyers.com.br\/en\/wp-json\/wp\/v2\/categories?post=386"},{"taxonomy":"post_tag","embeddable":true,"href":"https:\/\/www.gtlawyers.com.br\/en\/wp-json\/wp\/v2\/tags?post=386"}],"curies":[{"name":"wp","href":"https:\/\/api.w.org\/{rel}","templated":true}]}}