{"id":401,"date":"2022-03-27T15:48:00","date_gmt":"2022-03-27T18:48:00","guid":{"rendered":"https:\/\/www.gtlawyers.com.br\/site\/?p=401"},"modified":"2022-06-03T11:48:37","modified_gmt":"2022-06-03T14:48:37","slug":"quinquennial-foreign-capital-survey-regarding-2015-censo-quinquenal-de-capitais-estrangeiros-no-pais","status":"publish","type":"post","link":"https:\/\/www.gtlawyers.com.br\/en\/noticia\/quinquennial-foreign-capital-survey-regarding-2015-censo-quinquenal-de-capitais-estrangeiros-no-pais\/","title":{"rendered":"Recensement quinquennal des capitaux \u00e9trangers &#8211; ann\u00e9e de r\u00e9f\u00e9rence 2015 (Censo Quinquenal de Capita)"},"content":{"rendered":"<p id=\"viewer-6hdq0\">Nous venons aux pr\u00e9sentes vous rappeler que la date limite du recensement quinquennal des capitaux \u00e9trangers (ann\u00e9e de r\u00e9f\u00e9rence 2015) est fix\u00e9e au 15 ao\u00fbt 2016 \u00e0 18h.<\/p>\n\n\n\n<p id=\"viewer-2q8vu\">Les d\u00e9clarations quinquennales li\u00e9es \u00e0 ce recensement, relatives aux ann\u00e9es se terminant en \u00ab 0 \u00bb et \u00ab 5 \u00bb (2015,2020, etc.), et les d\u00e9clarations annuelles relatives aux autres ann\u00e9es, sont r\u00e9glement\u00e9es par la circulaire de la Banque Centrale du Br\u00e9sil n\u00ba 3795 du 16 Juin 2016.<\/p>\n\n\n\n<p id=\"viewer-yny46\">Cette circulaire comprend tout d\u2019abord les informations n\u00e9cessaires pour classifier et compiler les statistiques de l\u00b4entreprise en ce qui concerne son activit\u00e9 ext\u00e9rieure. D\u00b4autre part, le document apporte des pr\u00e9cisions en ce qui concerne les associ\u00e9s ou les investisseurs non-r\u00e9sidents, les informations \u00e9conomiques et financi\u00e8res de l\u00b4entreprise ou du fond d\u00b4investissement localis\u00e9 au Br\u00e9sil, ainsi que les informations li\u00e9es aux dettes d\u00e9tenues par des cr\u00e9anciers non-r\u00e9sidents.<\/p>\n\n\n\n<figure class=\"wp-block-image\"><img decoding=\"async\" src=\"https:\/\/static.wixstatic.com\/media\/6d79c54530184470983d0f7861e36ea6.jpg\/v1\/fill\/w_360,h_240,al_c,q_90\/6d79c54530184470983d0f7861e36ea6.webp\" alt=\"\"\/><\/figure>\n\n\n\n<p id=\"viewer-6g2an\">La circulaire dispose que les d\u00e9clarations du recensement devront \u00eatre r\u00e9alis\u00e9es au travers du formulaire disponible sur le site WEB du Banco do Brasil. Cette formalit\u00e9 s\u00b4applique \u00e0 toutes les soci\u00e9t\u00e9s ayant leur si\u00e8ge social dans un pays b\u00e9n\u00e9ficiaire d\u00b4investissements \u00e9trangers, c\u00b4est \u00e0 dire :<\/p>\n\n\n\n<p id=\"viewer-kegkh\">(i) Les soci\u00e9t\u00e9s ayant leur si\u00e8ge social au Br\u00e9sil, dont le capital social est constitu\u00e9 en tout ou partie d\u00b4une participation directe d\u00b4investisseurs \u00e9trangers (non-r\u00e9sidents) au 31 d\u00e9cembre 2015 (ann\u00e9e de r\u00e9f\u00e9rence).<\/p>\n\n\n\n<p id=\"viewer-l3ang\">(ii) Les fonds d\u00b4investissement constitu\u00e9s d\u00b4investisseurs non-r\u00e9sidents, par leurs administrateurs, au 31 d\u00e9cembre 2015.<\/p>\n\n\n\n<p id=\"viewer-9e05z\">(iii) Les soci\u00e9t\u00e9s ayant leur si\u00e8ge social au Br\u00e9sil, dont le solde d\u00e9biteur des cr\u00e9ances commerciales \u00e0 court terme (exigible en 360 jours) accord\u00e9es par des non-r\u00e9sidents constitue un montant \u00e9gal ou sup\u00e9rieur \u00e0 US$ 1 million (un million de dollars) au 31 d\u00e9cembre 2015.<\/p>\n\n\n\n<p id=\"viewer-bv3f4\">Nous signalons \u00e9galement que le prochain recensement annuel relatif \u00e0 l\u00b4ann\u00e9e de base prenant fin au 31 d\u00e9cembre 2016 aura lieu entre le 1er juillet et le 8 ao\u00fbt 2017. Il sera obligatoire uniquement pour les soci\u00e9t\u00e9s ou fonds d\u00b4investissement ayant des participations \u00e9trang\u00e8res dont la valeur des capitaux propres est \u00e9gale ou sup\u00e9rieure \u00e0 US$100 millions, \u00e0 la date de r\u00e9f\u00e9rence. Il s\u2019appliquera aussi aux soci\u00e9t\u00e9s d\u00e9tentrices d\u00b4une dette commerciale \u00e0 court terme octroy\u00e9e par des cr\u00e9anciers non-r\u00e9sidents et dont la valeur est \u00e9gale ou sup\u00e9rieure \u00e0 US$10 millions \u00e0 la date de r\u00e9f\u00e9rence.<\/p>\n\n\n\n<p id=\"viewer-zqncx\">Nous avertissons que la non-pr\u00e9sentation ou la pr\u00e9sentation post\u00e9rieurement \u00e0 la date limite des informations et d\u00e9clarations du recensement aupr\u00e8s de la banque centrale du Br\u00e9sil, ou encore la pr\u00e9sentation d\u00b4informations incompl\u00e8tes ou falsifi\u00e9es, peuvent engager la responsabilit\u00e9 de la personne morale (soci\u00e9t\u00e9 ou fond d\u00b4investissement), en particulier l\u2019obligation du paiement d\u00b4une amende dont le montant maximum peut atteindre les R$ 250,000.00 (R\u00e9solution n \u00b0 4104 du Conseil mon\u00e9taire national (CMN)).<\/p>\n\n\n\n<p id=\"viewer-qh349\">Nous restons \u00e0 votre disposition pour tout conseil relatif \u00e0 la proc\u00e9dure du recensement quinquennal, ainsi que pour toute autre question \u00e9ventuelle.<\/p>","protected":false},"excerpt":{"rendered":"<p>Nous venons aux pr\u00e9sentes vous rappeler que la date limite du recensement quinquennal des capitaux \u00e9trangers (ann\u00e9e de r\u00e9f\u00e9rence 2015) est fix\u00e9e au 15 ao\u00fbt 2016 \u00e0 18h. Les d\u00e9clarations quinquennales li\u00e9es \u00e0 ce recensement, relatives aux ann\u00e9es se terminant en \u00ab 0 \u00bb et \u00ab 5 \u00bb (2015,2020, etc.), et les d\u00e9clarations annuelles relatives [&hellip;]<\/p>\n","protected":false},"author":1,"featured_media":633,"comment_status":"open","ping_status":"open","sticky":false,"template":"","format":"standard","meta":{"_acf_changed":false,"footnotes":""},"categories":[7],"tags":[],"class_list":["post-401","post","type-post","status-publish","format-standard","has-post-thumbnail","hentry","category-noticia"],"acf":[],"yoast_head":"<!-- This site is optimized with the Yoast SEO plugin v27.5 - https:\/\/yoast.com\/product\/yoast-seo-wordpress\/ -->\n<title>Recensement quinquennal des capitaux \u00e9trangers - ann\u00e9e de r\u00e9f\u00e9rence 2015 (Censo Quinquenal de Capita) | GTLawyers | Escrit\u00f3rio boutique full-service<\/title>\n<meta name=\"robots\" content=\"index, follow, max-snippet:-1, max-image-preview:large, max-video-preview:-1\" \/>\n<link rel=\"canonical\" href=\"https:\/\/www.gtlawyers.com.br\/en\/noticia\/quinquennial-foreign-capital-survey-regarding-2015-censo-quinquenal-de-capitais-estrangeiros-no-pais\/\" \/>\n<meta property=\"og:locale\" content=\"en_US\" \/>\n<meta property=\"og:type\" content=\"article\" \/>\n<meta property=\"og:title\" content=\"Recensement quinquennal des capitaux \u00e9trangers - ann\u00e9e de r\u00e9f\u00e9rence 2015 (Censo Quinquenal de Capita) | GTLawyers | Escrit\u00f3rio boutique full-service\" \/>\n<meta property=\"og:description\" content=\"Nous venons aux pr\u00e9sentes vous rappeler que la date limite du recensement quinquennal des capitaux \u00e9trangers (ann\u00e9e de r\u00e9f\u00e9rence 2015) est fix\u00e9e au 15 ao\u00fbt 2016 \u00e0 18h. Les d\u00e9clarations quinquennales li\u00e9es \u00e0 ce recensement, relatives aux ann\u00e9es se terminant en \u00ab 0 \u00bb et \u00ab 5 \u00bb (2015,2020, etc.), et les d\u00e9clarations annuelles relatives [&hellip;]\" \/>\n<meta property=\"og:url\" content=\"https:\/\/www.gtlawyers.com.br\/en\/noticia\/quinquennial-foreign-capital-survey-regarding-2015-censo-quinquenal-de-capitais-estrangeiros-no-pais\/\" \/>\n<meta property=\"og:site_name\" content=\"GTLawyers | Escrit\u00f3rio boutique full-service\" \/>\n<meta property=\"article:published_time\" content=\"2022-03-27T18:48:00+00:00\" \/>\n<meta property=\"article:modified_time\" content=\"2022-06-03T14:48:37+00:00\" \/>\n<meta property=\"og:image\" content=\"https:\/\/www.gtlawyers.com.br\/site\/wp-content\/uploads\/6d79c54530184470983d0f7861e36ea6-1.webp\" \/>\n\t<meta property=\"og:image:width\" content=\"360\" \/>\n\t<meta property=\"og:image:height\" content=\"240\" \/>\n\t<meta property=\"og:image:type\" content=\"image\/webp\" \/>\n<meta name=\"author\" content=\"planetaw\" \/>\n<meta name=\"twitter:card\" content=\"summary_large_image\" \/>\n<meta name=\"twitter:label1\" content=\"Written by\" \/>\n\t<meta name=\"twitter:data1\" content=\"planetaw\" \/>\n\t<meta name=\"twitter:label2\" content=\"Est. reading time\" \/>\n\t<meta name=\"twitter:data2\" content=\"3 minutes\" \/>\n<script type=\"application\/ld+json\" class=\"yoast-schema-graph\">{\"@context\":\"https:\\\/\\\/schema.org\",\"@graph\":[{\"@type\":\"Article\",\"@id\":\"https:\\\/\\\/www.gtlawyers.com.br\\\/noticia\\\/quinquennial-foreign-capital-survey-regarding-2015-censo-quinquenal-de-capitais-estrangeiros-no-pais\\\/#article\",\"isPartOf\":{\"@id\":\"https:\\\/\\\/www.gtlawyers.com.br\\\/noticia\\\/quinquennial-foreign-capital-survey-regarding-2015-censo-quinquenal-de-capitais-estrangeiros-no-pais\\\/\"},\"author\":{\"name\":\"planetaw\",\"@id\":\"https:\\\/\\\/www.gtlawyers.com.br\\\/#\\\/schema\\\/person\\\/445dbbc8624baa6cd74ffdc962062fea\"},\"headline\":\"Recensement quinquennal des capitaux \u00e9trangers &#8211; ann\u00e9e de r\u00e9f\u00e9rence 2015 (Censo Quinquenal de Capita)\",\"datePublished\":\"2022-03-27T18:48:00+00:00\",\"dateModified\":\"2022-06-03T14:48:37+00:00\",\"mainEntityOfPage\":{\"@id\":\"https:\\\/\\\/www.gtlawyers.com.br\\\/noticia\\\/quinquennial-foreign-capital-survey-regarding-2015-censo-quinquenal-de-capitais-estrangeiros-no-pais\\\/\"},\"wordCount\":543,\"commentCount\":0,\"publisher\":{\"@id\":\"https:\\\/\\\/www.gtlawyers.com.br\\\/#organization\"},\"image\":{\"@id\":\"https:\\\/\\\/www.gtlawyers.com.br\\\/noticia\\\/quinquennial-foreign-capital-survey-regarding-2015-censo-quinquenal-de-capitais-estrangeiros-no-pais\\\/#primaryimage\"},\"thumbnailUrl\":\"https:\\\/\\\/www.gtlawyers.com.br\\\/site\\\/wp-content\\\/uploads\\\/6d79c54530184470983d0f7861e36ea6-1.webp\",\"articleSection\":[\"News\"],\"inLanguage\":\"en-US\",\"potentialAction\":[{\"@type\":\"CommentAction\",\"name\":\"Comment\",\"target\":[\"https:\\\/\\\/www.gtlawyers.com.br\\\/noticia\\\/quinquennial-foreign-capital-survey-regarding-2015-censo-quinquenal-de-capitais-estrangeiros-no-pais\\\/#respond\"]}]},{\"@type\":\"WebPage\",\"@id\":\"https:\\\/\\\/www.gtlawyers.com.br\\\/noticia\\\/quinquennial-foreign-capital-survey-regarding-2015-censo-quinquenal-de-capitais-estrangeiros-no-pais\\\/\",\"url\":\"https:\\\/\\\/www.gtlawyers.com.br\\\/noticia\\\/quinquennial-foreign-capital-survey-regarding-2015-censo-quinquenal-de-capitais-estrangeiros-no-pais\\\/\",\"name\":\"Recensement quinquennal des capitaux \u00e9trangers - ann\u00e9e de r\u00e9f\u00e9rence 2015 (Censo Quinquenal de Capita) | GTLawyers | Escrit\u00f3rio boutique full-service\",\"isPartOf\":{\"@id\":\"https:\\\/\\\/www.gtlawyers.com.br\\\/#website\"},\"primaryImageOfPage\":{\"@id\":\"https:\\\/\\\/www.gtlawyers.com.br\\\/noticia\\\/quinquennial-foreign-capital-survey-regarding-2015-censo-quinquenal-de-capitais-estrangeiros-no-pais\\\/#primaryimage\"},\"image\":{\"@id\":\"https:\\\/\\\/www.gtlawyers.com.br\\\/noticia\\\/quinquennial-foreign-capital-survey-regarding-2015-censo-quinquenal-de-capitais-estrangeiros-no-pais\\\/#primaryimage\"},\"thumbnailUrl\":\"https:\\\/\\\/www.gtlawyers.com.br\\\/site\\\/wp-content\\\/uploads\\\/6d79c54530184470983d0f7861e36ea6-1.webp\",\"datePublished\":\"2022-03-27T18:48:00+00:00\",\"dateModified\":\"2022-06-03T14:48:37+00:00\",\"breadcrumb\":{\"@id\":\"https:\\\/\\\/www.gtlawyers.com.br\\\/noticia\\\/quinquennial-foreign-capital-survey-regarding-2015-censo-quinquenal-de-capitais-estrangeiros-no-pais\\\/#breadcrumb\"},\"inLanguage\":\"en-US\",\"potentialAction\":[{\"@type\":\"ReadAction\",\"target\":[\"https:\\\/\\\/www.gtlawyers.com.br\\\/noticia\\\/quinquennial-foreign-capital-survey-regarding-2015-censo-quinquenal-de-capitais-estrangeiros-no-pais\\\/\"]}]},{\"@type\":\"ImageObject\",\"inLanguage\":\"en-US\",\"@id\":\"https:\\\/\\\/www.gtlawyers.com.br\\\/noticia\\\/quinquennial-foreign-capital-survey-regarding-2015-censo-quinquenal-de-capitais-estrangeiros-no-pais\\\/#primaryimage\",\"url\":\"https:\\\/\\\/www.gtlawyers.com.br\\\/site\\\/wp-content\\\/uploads\\\/6d79c54530184470983d0f7861e36ea6-1.webp\",\"contentUrl\":\"https:\\\/\\\/www.gtlawyers.com.br\\\/site\\\/wp-content\\\/uploads\\\/6d79c54530184470983d0f7861e36ea6-1.webp\",\"width\":360,\"height\":240},{\"@type\":\"BreadcrumbList\",\"@id\":\"https:\\\/\\\/www.gtlawyers.com.br\\\/noticia\\\/quinquennial-foreign-capital-survey-regarding-2015-censo-quinquenal-de-capitais-estrangeiros-no-pais\\\/#breadcrumb\",\"itemListElement\":[{\"@type\":\"ListItem\",\"position\":1,\"name\":\"In\u00edcio\",\"item\":\"https:\\\/\\\/www.gtlawyers.com.br\\\/\"},{\"@type\":\"ListItem\",\"position\":2,\"name\":\"Recensement quinquennal des capitaux \u00e9trangers &#8211; ann\u00e9e de r\u00e9f\u00e9rence 2015 (Censo Quinquenal de Capita)\"}]},{\"@type\":\"WebSite\",\"@id\":\"https:\\\/\\\/www.gtlawyers.com.br\\\/#website\",\"url\":\"https:\\\/\\\/www.gtlawyers.com.br\\\/\",\"name\":\"GTLawyers | Escrit\u00f3rio boutique full-service\",\"description\":\"Escrit\u00f3rio de advocacia franco-brasileiro para empresas especializado em M&amp;A, direito societ\u00e1rio, tribut\u00e1rio, imobili\u00e1rio, contencioso e compliance\",\"publisher\":{\"@id\":\"https:\\\/\\\/www.gtlawyers.com.br\\\/#organization\"},\"alternateName\":\"GTLawyers\",\"potentialAction\":[{\"@type\":\"SearchAction\",\"target\":{\"@type\":\"EntryPoint\",\"urlTemplate\":\"https:\\\/\\\/www.gtlawyers.com.br\\\/?s={search_term_string}\"},\"query-input\":{\"@type\":\"PropertyValueSpecification\",\"valueRequired\":true,\"valueName\":\"search_term_string\"}}],\"inLanguage\":\"en-US\"},{\"@type\":\"Organization\",\"@id\":\"https:\\\/\\\/www.gtlawyers.com.br\\\/#organization\",\"name\":\"GTLawyers - Escrit\u00f3rio boutique full-service\",\"url\":\"https:\\\/\\\/www.gtlawyers.com.br\\\/\",\"logo\":{\"@type\":\"ImageObject\",\"inLanguage\":\"en-US\",\"@id\":\"https:\\\/\\\/www.gtlawyers.com.br\\\/#\\\/schema\\\/logo\\\/image\\\/\",\"url\":\"https:\\\/\\\/www.gtlawyers.com.br\\\/site\\\/wp-content\\\/uploads\\\/image-3.png\",\"contentUrl\":\"https:\\\/\\\/www.gtlawyers.com.br\\\/site\\\/wp-content\\\/uploads\\\/image-3.png\",\"width\":166,\"height\":44,\"caption\":\"GTLawyers - Escrit\u00f3rio boutique full-service\"},\"image\":{\"@id\":\"https:\\\/\\\/www.gtlawyers.com.br\\\/#\\\/schema\\\/logo\\\/image\\\/\"},\"sameAs\":[\"https:\\\/\\\/www.linkedin.com\\\/company\\\/gtlawyers\\\/mycompany\\\/\"]},{\"@type\":\"Person\",\"@id\":\"https:\\\/\\\/www.gtlawyers.com.br\\\/#\\\/schema\\\/person\\\/445dbbc8624baa6cd74ffdc962062fea\",\"name\":\"planetaw\",\"image\":{\"@type\":\"ImageObject\",\"inLanguage\":\"en-US\",\"@id\":\"https:\\\/\\\/secure.gravatar.com\\\/avatar\\\/a09e3105af0f28d7ee4ec00ff1c6f17e0e33f7aaf6253c730b912f62af0b331c?s=96&d=mm&r=g\",\"url\":\"https:\\\/\\\/secure.gravatar.com\\\/avatar\\\/a09e3105af0f28d7ee4ec00ff1c6f17e0e33f7aaf6253c730b912f62af0b331c?s=96&d=mm&r=g\",\"contentUrl\":\"https:\\\/\\\/secure.gravatar.com\\\/avatar\\\/a09e3105af0f28d7ee4ec00ff1c6f17e0e33f7aaf6253c730b912f62af0b331c?s=96&d=mm&r=g\",\"caption\":\"planetaw\"},\"sameAs\":[\"http:\\\/\\\/gtlawyers1.hospedagemdesites.ws\\\/site\"],\"url\":\"https:\\\/\\\/www.gtlawyers.com.br\\\/en\\\/author\\\/planetaw\\\/\"}]}<\/script>\n<!-- \/ Yoast SEO plugin. -->","yoast_head_json":{"title":"Recensement quinquennal des capitaux \u00e9trangers - ann\u00e9e de r\u00e9f\u00e9rence 2015 (Censo Quinquenal de Capita) | GTLawyers | Escrit\u00f3rio boutique full-service","robots":{"index":"index","follow":"follow","max-snippet":"max-snippet:-1","max-image-preview":"max-image-preview:large","max-video-preview":"max-video-preview:-1"},"canonical":"https:\/\/www.gtlawyers.com.br\/en\/noticia\/quinquennial-foreign-capital-survey-regarding-2015-censo-quinquenal-de-capitais-estrangeiros-no-pais\/","og_locale":"en_US","og_type":"article","og_title":"Recensement quinquennal des capitaux \u00e9trangers - ann\u00e9e de r\u00e9f\u00e9rence 2015 (Censo Quinquenal de Capita) | GTLawyers | Escrit\u00f3rio boutique full-service","og_description":"Nous venons aux pr\u00e9sentes vous rappeler que la date limite du recensement quinquennal des capitaux \u00e9trangers (ann\u00e9e de r\u00e9f\u00e9rence 2015) est fix\u00e9e au 15 ao\u00fbt 2016 \u00e0 18h. Les d\u00e9clarations quinquennales li\u00e9es \u00e0 ce recensement, relatives aux ann\u00e9es se terminant en \u00ab 0 \u00bb et \u00ab 5 \u00bb (2015,2020, etc.), et les d\u00e9clarations annuelles relatives [&hellip;]","og_url":"https:\/\/www.gtlawyers.com.br\/en\/noticia\/quinquennial-foreign-capital-survey-regarding-2015-censo-quinquenal-de-capitais-estrangeiros-no-pais\/","og_site_name":"GTLawyers | Escrit\u00f3rio boutique full-service","article_published_time":"2022-03-27T18:48:00+00:00","article_modified_time":"2022-06-03T14:48:37+00:00","og_image":[{"width":360,"height":240,"url":"https:\/\/www.gtlawyers.com.br\/site\/wp-content\/uploads\/6d79c54530184470983d0f7861e36ea6-1.webp","type":"image\/webp"}],"author":"planetaw","twitter_card":"summary_large_image","twitter_misc":{"Written by":"planetaw","Est. reading time":"3 minutes"},"schema":{"@context":"https:\/\/schema.org","@graph":[{"@type":"Article","@id":"https:\/\/www.gtlawyers.com.br\/noticia\/quinquennial-foreign-capital-survey-regarding-2015-censo-quinquenal-de-capitais-estrangeiros-no-pais\/#article","isPartOf":{"@id":"https:\/\/www.gtlawyers.com.br\/noticia\/quinquennial-foreign-capital-survey-regarding-2015-censo-quinquenal-de-capitais-estrangeiros-no-pais\/"},"author":{"name":"planetaw","@id":"https:\/\/www.gtlawyers.com.br\/#\/schema\/person\/445dbbc8624baa6cd74ffdc962062fea"},"headline":"Recensement quinquennal des capitaux \u00e9trangers &#8211; ann\u00e9e de r\u00e9f\u00e9rence 2015 (Censo Quinquenal de Capita)","datePublished":"2022-03-27T18:48:00+00:00","dateModified":"2022-06-03T14:48:37+00:00","mainEntityOfPage":{"@id":"https:\/\/www.gtlawyers.com.br\/noticia\/quinquennial-foreign-capital-survey-regarding-2015-censo-quinquenal-de-capitais-estrangeiros-no-pais\/"},"wordCount":543,"commentCount":0,"publisher":{"@id":"https:\/\/www.gtlawyers.com.br\/#organization"},"image":{"@id":"https:\/\/www.gtlawyers.com.br\/noticia\/quinquennial-foreign-capital-survey-regarding-2015-censo-quinquenal-de-capitais-estrangeiros-no-pais\/#primaryimage"},"thumbnailUrl":"https:\/\/www.gtlawyers.com.br\/site\/wp-content\/uploads\/6d79c54530184470983d0f7861e36ea6-1.webp","articleSection":["News"],"inLanguage":"en-US","potentialAction":[{"@type":"CommentAction","name":"Comment","target":["https:\/\/www.gtlawyers.com.br\/noticia\/quinquennial-foreign-capital-survey-regarding-2015-censo-quinquenal-de-capitais-estrangeiros-no-pais\/#respond"]}]},{"@type":"WebPage","@id":"https:\/\/www.gtlawyers.com.br\/noticia\/quinquennial-foreign-capital-survey-regarding-2015-censo-quinquenal-de-capitais-estrangeiros-no-pais\/","url":"https:\/\/www.gtlawyers.com.br\/noticia\/quinquennial-foreign-capital-survey-regarding-2015-censo-quinquenal-de-capitais-estrangeiros-no-pais\/","name":"Recensement quinquennal des capitaux \u00e9trangers - ann\u00e9e de r\u00e9f\u00e9rence 2015 (Censo Quinquenal de Capita) | GTLawyers | Escrit\u00f3rio boutique full-service","isPartOf":{"@id":"https:\/\/www.gtlawyers.com.br\/#website"},"primaryImageOfPage":{"@id":"https:\/\/www.gtlawyers.com.br\/noticia\/quinquennial-foreign-capital-survey-regarding-2015-censo-quinquenal-de-capitais-estrangeiros-no-pais\/#primaryimage"},"image":{"@id":"https:\/\/www.gtlawyers.com.br\/noticia\/quinquennial-foreign-capital-survey-regarding-2015-censo-quinquenal-de-capitais-estrangeiros-no-pais\/#primaryimage"},"thumbnailUrl":"https:\/\/www.gtlawyers.com.br\/site\/wp-content\/uploads\/6d79c54530184470983d0f7861e36ea6-1.webp","datePublished":"2022-03-27T18:48:00+00:00","dateModified":"2022-06-03T14:48:37+00:00","breadcrumb":{"@id":"https:\/\/www.gtlawyers.com.br\/noticia\/quinquennial-foreign-capital-survey-regarding-2015-censo-quinquenal-de-capitais-estrangeiros-no-pais\/#breadcrumb"},"inLanguage":"en-US","potentialAction":[{"@type":"ReadAction","target":["https:\/\/www.gtlawyers.com.br\/noticia\/quinquennial-foreign-capital-survey-regarding-2015-censo-quinquenal-de-capitais-estrangeiros-no-pais\/"]}]},{"@type":"ImageObject","inLanguage":"en-US","@id":"https:\/\/www.gtlawyers.com.br\/noticia\/quinquennial-foreign-capital-survey-regarding-2015-censo-quinquenal-de-capitais-estrangeiros-no-pais\/#primaryimage","url":"https:\/\/www.gtlawyers.com.br\/site\/wp-content\/uploads\/6d79c54530184470983d0f7861e36ea6-1.webp","contentUrl":"https:\/\/www.gtlawyers.com.br\/site\/wp-content\/uploads\/6d79c54530184470983d0f7861e36ea6-1.webp","width":360,"height":240},{"@type":"BreadcrumbList","@id":"https:\/\/www.gtlawyers.com.br\/noticia\/quinquennial-foreign-capital-survey-regarding-2015-censo-quinquenal-de-capitais-estrangeiros-no-pais\/#breadcrumb","itemListElement":[{"@type":"ListItem","position":1,"name":"In\u00edcio","item":"https:\/\/www.gtlawyers.com.br\/"},{"@type":"ListItem","position":2,"name":"Recensement quinquennal des capitaux \u00e9trangers &#8211; ann\u00e9e de r\u00e9f\u00e9rence 2015 (Censo Quinquenal de Capita)"}]},{"@type":"WebSite","@id":"https:\/\/www.gtlawyers.com.br\/#website","url":"https:\/\/www.gtlawyers.com.br\/","name":"GTLawyers | Escrit\u00f3rio boutique full-service","description":"Escrit\u00f3rio de advocacia franco-brasileiro para empresas especializado em M&amp;A, direito societ\u00e1rio, tribut\u00e1rio, imobili\u00e1rio, contencioso e compliance","publisher":{"@id":"https:\/\/www.gtlawyers.com.br\/#organization"},"alternateName":"GTLawyers","potentialAction":[{"@type":"SearchAction","target":{"@type":"EntryPoint","urlTemplate":"https:\/\/www.gtlawyers.com.br\/?s={search_term_string}"},"query-input":{"@type":"PropertyValueSpecification","valueRequired":true,"valueName":"search_term_string"}}],"inLanguage":"en-US"},{"@type":"Organization","@id":"https:\/\/www.gtlawyers.com.br\/#organization","name":"GTLawyers - Escrit\u00f3rio boutique full-service","url":"https:\/\/www.gtlawyers.com.br\/","logo":{"@type":"ImageObject","inLanguage":"en-US","@id":"https:\/\/www.gtlawyers.com.br\/#\/schema\/logo\/image\/","url":"https:\/\/www.gtlawyers.com.br\/site\/wp-content\/uploads\/image-3.png","contentUrl":"https:\/\/www.gtlawyers.com.br\/site\/wp-content\/uploads\/image-3.png","width":166,"height":44,"caption":"GTLawyers - Escrit\u00f3rio boutique full-service"},"image":{"@id":"https:\/\/www.gtlawyers.com.br\/#\/schema\/logo\/image\/"},"sameAs":["https:\/\/www.linkedin.com\/company\/gtlawyers\/mycompany\/"]},{"@type":"Person","@id":"https:\/\/www.gtlawyers.com.br\/#\/schema\/person\/445dbbc8624baa6cd74ffdc962062fea","name":"planetaw","image":{"@type":"ImageObject","inLanguage":"en-US","@id":"https:\/\/secure.gravatar.com\/avatar\/a09e3105af0f28d7ee4ec00ff1c6f17e0e33f7aaf6253c730b912f62af0b331c?s=96&d=mm&r=g","url":"https:\/\/secure.gravatar.com\/avatar\/a09e3105af0f28d7ee4ec00ff1c6f17e0e33f7aaf6253c730b912f62af0b331c?s=96&d=mm&r=g","contentUrl":"https:\/\/secure.gravatar.com\/avatar\/a09e3105af0f28d7ee4ec00ff1c6f17e0e33f7aaf6253c730b912f62af0b331c?s=96&d=mm&r=g","caption":"planetaw"},"sameAs":["http:\/\/gtlawyers1.hospedagemdesites.ws\/site"],"url":"https:\/\/www.gtlawyers.com.br\/en\/author\/planetaw\/"}]}},"_links":{"self":[{"href":"https:\/\/www.gtlawyers.com.br\/en\/wp-json\/wp\/v2\/posts\/401","targetHints":{"allow":["GET"]}}],"collection":[{"href":"https:\/\/www.gtlawyers.com.br\/en\/wp-json\/wp\/v2\/posts"}],"about":[{"href":"https:\/\/www.gtlawyers.com.br\/en\/wp-json\/wp\/v2\/types\/post"}],"author":[{"embeddable":true,"href":"https:\/\/www.gtlawyers.com.br\/en\/wp-json\/wp\/v2\/users\/1"}],"replies":[{"embeddable":true,"href":"https:\/\/www.gtlawyers.com.br\/en\/wp-json\/wp\/v2\/comments?post=401"}],"version-history":[{"count":3,"href":"https:\/\/www.gtlawyers.com.br\/en\/wp-json\/wp\/v2\/posts\/401\/revisions"}],"predecessor-version":[{"id":635,"href":"https:\/\/www.gtlawyers.com.br\/en\/wp-json\/wp\/v2\/posts\/401\/revisions\/635"}],"wp:featuredmedia":[{"embeddable":true,"href":"https:\/\/www.gtlawyers.com.br\/en\/wp-json\/wp\/v2\/media\/633"}],"wp:attachment":[{"href":"https:\/\/www.gtlawyers.com.br\/en\/wp-json\/wp\/v2\/media?parent=401"}],"wp:term":[{"taxonomy":"category","embeddable":true,"href":"https:\/\/www.gtlawyers.com.br\/en\/wp-json\/wp\/v2\/categories?post=401"},{"taxonomy":"post_tag","embeddable":true,"href":"https:\/\/www.gtlawyers.com.br\/en\/wp-json\/wp\/v2\/tags?post=401"}],"curies":[{"name":"wp","href":"https:\/\/api.w.org\/{rel}","templated":true}]}}