{"id":424,"date":"2022-03-31T15:55:00","date_gmt":"2022-03-31T18:55:00","guid":{"rendered":"https:\/\/www.gtlawyers.com.br\/site\/?p=424"},"modified":"2022-05-30T15:56:19","modified_gmt":"2022-05-30T18:56:19","slug":"prazo-para-realizacao-da-reuniao-anual-de-socios-e-da-assembleia-geral-ordinaria","status":"publish","type":"post","link":"https:\/\/www.gtlawyers.com.br\/en\/noticia\/prazo-para-realizacao-da-reuniao-anual-de-socios-e-da-assembleia-geral-ordinaria\/","title":{"rendered":"Prazo para realiza\u00e7\u00e3o da Reuni\u00e3o Anual de S\u00f3cios e da Assembleia Geral Ordin\u00e1ria"},"content":{"rendered":"<p id=\"viewer-84m9h\">Conforme o art. 1.078 do C\u00f3digo Civil (Lei n\u00ba 10.406\/02) e o art. 132 da Lei das Sociedades An\u00f4nimas (Lei n\u00ba 6.404\/76), as Sociedades Limitadas e as Sociedades An\u00f4nimas devem realizar anualmente, nos quatro meses seguintes ao t\u00e9rmino do exerc\u00edcio social, a Reuni\u00e3o de S\u00f3cios ou a Assembleia Geral Ordin\u00e1ria, conforme o caso, para: (i) tomar as contas dos administradores; (ii) deliberar sobre as demonstra\u00e7\u00f5es financeiras; (iii) eleger os administradores, quando<\/p>\n\n\n\n<p id=\"viewer-hgu1j\">for o caso; (iv) deliberar sobre a destina\u00e7\u00e3o do lucro l\u00edquido ou preju\u00edzo do exerc\u00edcio; e (v) deliberar outros assuntos de interesse da sociedade.<\/p>\n\n\n\n<p id=\"viewer-7x2yz\">Considerando que, salvo estipula\u00e7\u00e3o em sentido contr\u00e1rio, o exerc\u00edcio social coincide com o ano civil (ou seja, tem in\u00edcio no 1\u00ba de janeiro e se encerra em 31 de dezembro do mesmo ano), as mencionadas reuni\u00f5es e assembleias devem ser realizadas, em regra, at\u00e9 o dia 30 de abril de cada ano.<\/p>\n\n\n\n<p id=\"viewer-h8z8x\">As Sociedades dever\u00e3o observar as formalidades de registro da Junta Comercial do respectivo Estado, bem como a necessidade de publica\u00e7\u00e3o do balan\u00e7o no caso das Sociedades An\u00f4nimas e das Limitadas quando forem de grande porte, isto \u00e9 a sociedade ou conjunto de sociedades sob controle comum que tiver, no exerc\u00edcio social anterior, ativo total superior a R$ 240.000.000,00 (duzentos e quarenta milh\u00f5es de reais) ou receita bruta anual superior a R$ 300.000.000,00 (trezentos milh\u00f5es de reais).<\/p>\n\n\n\n<p id=\"viewer-z39ty\">\u00c9 importante ressaltar que a aprova\u00e7\u00e3o das demonstra\u00e7\u00f5es financeiras pelos s\u00f3cios ou acionistas exonera a responsabilidade dos membros da administra\u00e7\u00e3o por suas a\u00e7\u00f5es durante o \u00faltimo exerc\u00edcio social. Portanto, referida aprova\u00e7\u00e3o \u00e9 uma medida preventiva contra eventual responsabiliza\u00e7\u00e3o dos administradores.<\/p>","protected":false},"excerpt":{"rendered":"<p>Conforme o art. 1.078 do C\u00f3digo Civil (Lei n\u00ba 10.406\/02) e o art. 132 da Lei das Sociedades An\u00f4nimas (Lei n\u00ba 6.404\/76), as Sociedades Limitadas e as Sociedades An\u00f4nimas devem realizar anualmente, nos quatro meses seguintes ao t\u00e9rmino do exerc\u00edcio social, a Reuni\u00e3o de S\u00f3cios ou a Assembleia Geral Ordin\u00e1ria, conforme o caso, para: (i) [&hellip;]<\/p>\n","protected":false},"author":1,"featured_media":427,"comment_status":"open","ping_status":"open","sticky":false,"template":"","format":"standard","meta":{"_acf_changed":false,"footnotes":""},"categories":[7],"tags":[],"class_list":["post-424","post","type-post","status-publish","format-standard","has-post-thumbnail","hentry","category-noticia"],"acf":[],"yoast_head":"<!-- This site is optimized with the Yoast SEO plugin v27.5 - https:\/\/yoast.com\/product\/yoast-seo-wordpress\/ -->\n<title>Prazo para realiza\u00e7\u00e3o da Reuni\u00e3o Anual de S\u00f3cios e da Assembleia Geral Ordin\u00e1ria | GTLawyers | Escrit\u00f3rio boutique full-service<\/title>\n<meta name=\"robots\" content=\"index, follow, max-snippet:-1, max-image-preview:large, max-video-preview:-1\" \/>\n<link rel=\"canonical\" href=\"https:\/\/www.gtlawyers.com.br\/en\/noticia\/prazo-para-realizacao-da-reuniao-anual-de-socios-e-da-assembleia-geral-ordinaria\/\" \/>\n<meta property=\"og:locale\" content=\"en_US\" \/>\n<meta property=\"og:type\" content=\"article\" \/>\n<meta property=\"og:title\" content=\"Prazo para realiza\u00e7\u00e3o da Reuni\u00e3o Anual de S\u00f3cios e da Assembleia Geral Ordin\u00e1ria | GTLawyers | Escrit\u00f3rio boutique full-service\" \/>\n<meta property=\"og:description\" content=\"Conforme o art. 1.078 do C\u00f3digo Civil (Lei n\u00ba 10.406\/02) e o art. 132 da Lei das Sociedades An\u00f4nimas (Lei n\u00ba 6.404\/76), as Sociedades Limitadas e as Sociedades An\u00f4nimas devem realizar anualmente, nos quatro meses seguintes ao t\u00e9rmino do exerc\u00edcio social, a Reuni\u00e3o de S\u00f3cios ou a Assembleia Geral Ordin\u00e1ria, conforme o caso, para: (i) [&hellip;]\" \/>\n<meta property=\"og:url\" content=\"https:\/\/www.gtlawyers.com.br\/en\/noticia\/prazo-para-realizacao-da-reuniao-anual-de-socios-e-da-assembleia-geral-ordinaria\/\" \/>\n<meta property=\"og:site_name\" content=\"GTLawyers | Escrit\u00f3rio boutique full-service\" \/>\n<meta property=\"article:published_time\" content=\"2022-03-31T18:55:00+00:00\" \/>\n<meta property=\"article:modified_time\" content=\"2022-05-30T18:56:19+00:00\" \/>\n<meta property=\"og:image\" content=\"https:\/\/www.gtlawyers.com.br\/site\/wp-content\/uploads\/8f26dd417e9b44dba5e1039a4989b477.webp\" \/>\n\t<meta property=\"og:image:width\" content=\"1449\" \/>\n\t<meta property=\"og:image:height\" content=\"966\" \/>\n\t<meta property=\"og:image:type\" content=\"image\/webp\" \/>\n<meta name=\"author\" content=\"planetaw\" \/>\n<meta name=\"twitter:card\" content=\"summary_large_image\" \/>\n<meta name=\"twitter:label1\" content=\"Written by\" \/>\n\t<meta name=\"twitter:data1\" content=\"planetaw\" \/>\n\t<meta name=\"twitter:label2\" content=\"Est. reading time\" \/>\n\t<meta name=\"twitter:data2\" content=\"1 minute\" \/>\n<script type=\"application\/ld+json\" class=\"yoast-schema-graph\">{\"@context\":\"https:\\\/\\\/schema.org\",\"@graph\":[{\"@type\":\"Article\",\"@id\":\"https:\\\/\\\/www.gtlawyers.com.br\\\/noticia\\\/prazo-para-realizacao-da-reuniao-anual-de-socios-e-da-assembleia-geral-ordinaria\\\/#article\",\"isPartOf\":{\"@id\":\"https:\\\/\\\/www.gtlawyers.com.br\\\/noticia\\\/prazo-para-realizacao-da-reuniao-anual-de-socios-e-da-assembleia-geral-ordinaria\\\/\"},\"author\":{\"name\":\"planetaw\",\"@id\":\"https:\\\/\\\/www.gtlawyers.com.br\\\/#\\\/schema\\\/person\\\/445dbbc8624baa6cd74ffdc962062fea\"},\"headline\":\"Prazo para realiza\u00e7\u00e3o da Reuni\u00e3o Anual de S\u00f3cios e da Assembleia Geral Ordin\u00e1ria\",\"datePublished\":\"2022-03-31T18:55:00+00:00\",\"dateModified\":\"2022-05-30T18:56:19+00:00\",\"mainEntityOfPage\":{\"@id\":\"https:\\\/\\\/www.gtlawyers.com.br\\\/noticia\\\/prazo-para-realizacao-da-reuniao-anual-de-socios-e-da-assembleia-geral-ordinaria\\\/\"},\"wordCount\":301,\"commentCount\":0,\"publisher\":{\"@id\":\"https:\\\/\\\/www.gtlawyers.com.br\\\/#organization\"},\"image\":{\"@id\":\"https:\\\/\\\/www.gtlawyers.com.br\\\/noticia\\\/prazo-para-realizacao-da-reuniao-anual-de-socios-e-da-assembleia-geral-ordinaria\\\/#primaryimage\"},\"thumbnailUrl\":\"https:\\\/\\\/www.gtlawyers.com.br\\\/site\\\/wp-content\\\/uploads\\\/8f26dd417e9b44dba5e1039a4989b477.webp\",\"articleSection\":[\"News\"],\"inLanguage\":\"en-US\",\"potentialAction\":[{\"@type\":\"CommentAction\",\"name\":\"Comment\",\"target\":[\"https:\\\/\\\/www.gtlawyers.com.br\\\/noticia\\\/prazo-para-realizacao-da-reuniao-anual-de-socios-e-da-assembleia-geral-ordinaria\\\/#respond\"]}]},{\"@type\":\"WebPage\",\"@id\":\"https:\\\/\\\/www.gtlawyers.com.br\\\/noticia\\\/prazo-para-realizacao-da-reuniao-anual-de-socios-e-da-assembleia-geral-ordinaria\\\/\",\"url\":\"https:\\\/\\\/www.gtlawyers.com.br\\\/noticia\\\/prazo-para-realizacao-da-reuniao-anual-de-socios-e-da-assembleia-geral-ordinaria\\\/\",\"name\":\"Prazo para realiza\u00e7\u00e3o da Reuni\u00e3o Anual de S\u00f3cios e da Assembleia Geral Ordin\u00e1ria | GTLawyers | Escrit\u00f3rio boutique full-service\",\"isPartOf\":{\"@id\":\"https:\\\/\\\/www.gtlawyers.com.br\\\/#website\"},\"primaryImageOfPage\":{\"@id\":\"https:\\\/\\\/www.gtlawyers.com.br\\\/noticia\\\/prazo-para-realizacao-da-reuniao-anual-de-socios-e-da-assembleia-geral-ordinaria\\\/#primaryimage\"},\"image\":{\"@id\":\"https:\\\/\\\/www.gtlawyers.com.br\\\/noticia\\\/prazo-para-realizacao-da-reuniao-anual-de-socios-e-da-assembleia-geral-ordinaria\\\/#primaryimage\"},\"thumbnailUrl\":\"https:\\\/\\\/www.gtlawyers.com.br\\\/site\\\/wp-content\\\/uploads\\\/8f26dd417e9b44dba5e1039a4989b477.webp\",\"datePublished\":\"2022-03-31T18:55:00+00:00\",\"dateModified\":\"2022-05-30T18:56:19+00:00\",\"breadcrumb\":{\"@id\":\"https:\\\/\\\/www.gtlawyers.com.br\\\/noticia\\\/prazo-para-realizacao-da-reuniao-anual-de-socios-e-da-assembleia-geral-ordinaria\\\/#breadcrumb\"},\"inLanguage\":\"en-US\",\"potentialAction\":[{\"@type\":\"ReadAction\",\"target\":[\"https:\\\/\\\/www.gtlawyers.com.br\\\/noticia\\\/prazo-para-realizacao-da-reuniao-anual-de-socios-e-da-assembleia-geral-ordinaria\\\/\"]}]},{\"@type\":\"ImageObject\",\"inLanguage\":\"en-US\",\"@id\":\"https:\\\/\\\/www.gtlawyers.com.br\\\/noticia\\\/prazo-para-realizacao-da-reuniao-anual-de-socios-e-da-assembleia-geral-ordinaria\\\/#primaryimage\",\"url\":\"https:\\\/\\\/www.gtlawyers.com.br\\\/site\\\/wp-content\\\/uploads\\\/8f26dd417e9b44dba5e1039a4989b477.webp\",\"contentUrl\":\"https:\\\/\\\/www.gtlawyers.com.br\\\/site\\\/wp-content\\\/uploads\\\/8f26dd417e9b44dba5e1039a4989b477.webp\",\"width\":1449,\"height\":966},{\"@type\":\"BreadcrumbList\",\"@id\":\"https:\\\/\\\/www.gtlawyers.com.br\\\/noticia\\\/prazo-para-realizacao-da-reuniao-anual-de-socios-e-da-assembleia-geral-ordinaria\\\/#breadcrumb\",\"itemListElement\":[{\"@type\":\"ListItem\",\"position\":1,\"name\":\"In\u00edcio\",\"item\":\"https:\\\/\\\/www.gtlawyers.com.br\\\/\"},{\"@type\":\"ListItem\",\"position\":2,\"name\":\"Prazo para realiza\u00e7\u00e3o da Reuni\u00e3o Anual de S\u00f3cios e da Assembleia Geral Ordin\u00e1ria\"}]},{\"@type\":\"WebSite\",\"@id\":\"https:\\\/\\\/www.gtlawyers.com.br\\\/#website\",\"url\":\"https:\\\/\\\/www.gtlawyers.com.br\\\/\",\"name\":\"GTLawyers | Escrit\u00f3rio boutique full-service\",\"description\":\"Escrit\u00f3rio de advocacia franco-brasileiro para empresas especializado em M&amp;A, direito societ\u00e1rio, tribut\u00e1rio, imobili\u00e1rio, contencioso e compliance\",\"publisher\":{\"@id\":\"https:\\\/\\\/www.gtlawyers.com.br\\\/#organization\"},\"alternateName\":\"GTLawyers\",\"potentialAction\":[{\"@type\":\"SearchAction\",\"target\":{\"@type\":\"EntryPoint\",\"urlTemplate\":\"https:\\\/\\\/www.gtlawyers.com.br\\\/?s={search_term_string}\"},\"query-input\":{\"@type\":\"PropertyValueSpecification\",\"valueRequired\":true,\"valueName\":\"search_term_string\"}}],\"inLanguage\":\"en-US\"},{\"@type\":\"Organization\",\"@id\":\"https:\\\/\\\/www.gtlawyers.com.br\\\/#organization\",\"name\":\"GTLawyers - Escrit\u00f3rio boutique full-service\",\"url\":\"https:\\\/\\\/www.gtlawyers.com.br\\\/\",\"logo\":{\"@type\":\"ImageObject\",\"inLanguage\":\"en-US\",\"@id\":\"https:\\\/\\\/www.gtlawyers.com.br\\\/#\\\/schema\\\/logo\\\/image\\\/\",\"url\":\"https:\\\/\\\/www.gtlawyers.com.br\\\/site\\\/wp-content\\\/uploads\\\/image-3.png\",\"contentUrl\":\"https:\\\/\\\/www.gtlawyers.com.br\\\/site\\\/wp-content\\\/uploads\\\/image-3.png\",\"width\":166,\"height\":44,\"caption\":\"GTLawyers - Escrit\u00f3rio boutique full-service\"},\"image\":{\"@id\":\"https:\\\/\\\/www.gtlawyers.com.br\\\/#\\\/schema\\\/logo\\\/image\\\/\"},\"sameAs\":[\"https:\\\/\\\/www.linkedin.com\\\/company\\\/gtlawyers\\\/mycompany\\\/\"]},{\"@type\":\"Person\",\"@id\":\"https:\\\/\\\/www.gtlawyers.com.br\\\/#\\\/schema\\\/person\\\/445dbbc8624baa6cd74ffdc962062fea\",\"name\":\"planetaw\",\"image\":{\"@type\":\"ImageObject\",\"inLanguage\":\"en-US\",\"@id\":\"https:\\\/\\\/secure.gravatar.com\\\/avatar\\\/a09e3105af0f28d7ee4ec00ff1c6f17e0e33f7aaf6253c730b912f62af0b331c?s=96&d=mm&r=g\",\"url\":\"https:\\\/\\\/secure.gravatar.com\\\/avatar\\\/a09e3105af0f28d7ee4ec00ff1c6f17e0e33f7aaf6253c730b912f62af0b331c?s=96&d=mm&r=g\",\"contentUrl\":\"https:\\\/\\\/secure.gravatar.com\\\/avatar\\\/a09e3105af0f28d7ee4ec00ff1c6f17e0e33f7aaf6253c730b912f62af0b331c?s=96&d=mm&r=g\",\"caption\":\"planetaw\"},\"sameAs\":[\"http:\\\/\\\/gtlawyers1.hospedagemdesites.ws\\\/site\"],\"url\":\"https:\\\/\\\/www.gtlawyers.com.br\\\/en\\\/author\\\/planetaw\\\/\"}]}<\/script>\n<!-- \/ Yoast SEO plugin. -->","yoast_head_json":{"title":"Prazo para realiza\u00e7\u00e3o da Reuni\u00e3o Anual de S\u00f3cios e da Assembleia Geral Ordin\u00e1ria | GTLawyers | Escrit\u00f3rio boutique full-service","robots":{"index":"index","follow":"follow","max-snippet":"max-snippet:-1","max-image-preview":"max-image-preview:large","max-video-preview":"max-video-preview:-1"},"canonical":"https:\/\/www.gtlawyers.com.br\/en\/noticia\/prazo-para-realizacao-da-reuniao-anual-de-socios-e-da-assembleia-geral-ordinaria\/","og_locale":"en_US","og_type":"article","og_title":"Prazo para realiza\u00e7\u00e3o da Reuni\u00e3o Anual de S\u00f3cios e da Assembleia Geral Ordin\u00e1ria | GTLawyers | Escrit\u00f3rio boutique full-service","og_description":"Conforme o art. 1.078 do C\u00f3digo Civil (Lei n\u00ba 10.406\/02) e o art. 132 da Lei das Sociedades An\u00f4nimas (Lei n\u00ba 6.404\/76), as Sociedades Limitadas e as Sociedades An\u00f4nimas devem realizar anualmente, nos quatro meses seguintes ao t\u00e9rmino do exerc\u00edcio social, a Reuni\u00e3o de S\u00f3cios ou a Assembleia Geral Ordin\u00e1ria, conforme o caso, para: (i) [&hellip;]","og_url":"https:\/\/www.gtlawyers.com.br\/en\/noticia\/prazo-para-realizacao-da-reuniao-anual-de-socios-e-da-assembleia-geral-ordinaria\/","og_site_name":"GTLawyers | Escrit\u00f3rio boutique full-service","article_published_time":"2022-03-31T18:55:00+00:00","article_modified_time":"2022-05-30T18:56:19+00:00","og_image":[{"width":1449,"height":966,"url":"https:\/\/www.gtlawyers.com.br\/site\/wp-content\/uploads\/8f26dd417e9b44dba5e1039a4989b477.webp","type":"image\/webp"}],"author":"planetaw","twitter_card":"summary_large_image","twitter_misc":{"Written by":"planetaw","Est. reading time":"1 minute"},"schema":{"@context":"https:\/\/schema.org","@graph":[{"@type":"Article","@id":"https:\/\/www.gtlawyers.com.br\/noticia\/prazo-para-realizacao-da-reuniao-anual-de-socios-e-da-assembleia-geral-ordinaria\/#article","isPartOf":{"@id":"https:\/\/www.gtlawyers.com.br\/noticia\/prazo-para-realizacao-da-reuniao-anual-de-socios-e-da-assembleia-geral-ordinaria\/"},"author":{"name":"planetaw","@id":"https:\/\/www.gtlawyers.com.br\/#\/schema\/person\/445dbbc8624baa6cd74ffdc962062fea"},"headline":"Prazo para realiza\u00e7\u00e3o da Reuni\u00e3o Anual de S\u00f3cios e da Assembleia Geral Ordin\u00e1ria","datePublished":"2022-03-31T18:55:00+00:00","dateModified":"2022-05-30T18:56:19+00:00","mainEntityOfPage":{"@id":"https:\/\/www.gtlawyers.com.br\/noticia\/prazo-para-realizacao-da-reuniao-anual-de-socios-e-da-assembleia-geral-ordinaria\/"},"wordCount":301,"commentCount":0,"publisher":{"@id":"https:\/\/www.gtlawyers.com.br\/#organization"},"image":{"@id":"https:\/\/www.gtlawyers.com.br\/noticia\/prazo-para-realizacao-da-reuniao-anual-de-socios-e-da-assembleia-geral-ordinaria\/#primaryimage"},"thumbnailUrl":"https:\/\/www.gtlawyers.com.br\/site\/wp-content\/uploads\/8f26dd417e9b44dba5e1039a4989b477.webp","articleSection":["News"],"inLanguage":"en-US","potentialAction":[{"@type":"CommentAction","name":"Comment","target":["https:\/\/www.gtlawyers.com.br\/noticia\/prazo-para-realizacao-da-reuniao-anual-de-socios-e-da-assembleia-geral-ordinaria\/#respond"]}]},{"@type":"WebPage","@id":"https:\/\/www.gtlawyers.com.br\/noticia\/prazo-para-realizacao-da-reuniao-anual-de-socios-e-da-assembleia-geral-ordinaria\/","url":"https:\/\/www.gtlawyers.com.br\/noticia\/prazo-para-realizacao-da-reuniao-anual-de-socios-e-da-assembleia-geral-ordinaria\/","name":"Prazo para realiza\u00e7\u00e3o da Reuni\u00e3o Anual de S\u00f3cios e da Assembleia Geral Ordin\u00e1ria | GTLawyers | Escrit\u00f3rio boutique full-service","isPartOf":{"@id":"https:\/\/www.gtlawyers.com.br\/#website"},"primaryImageOfPage":{"@id":"https:\/\/www.gtlawyers.com.br\/noticia\/prazo-para-realizacao-da-reuniao-anual-de-socios-e-da-assembleia-geral-ordinaria\/#primaryimage"},"image":{"@id":"https:\/\/www.gtlawyers.com.br\/noticia\/prazo-para-realizacao-da-reuniao-anual-de-socios-e-da-assembleia-geral-ordinaria\/#primaryimage"},"thumbnailUrl":"https:\/\/www.gtlawyers.com.br\/site\/wp-content\/uploads\/8f26dd417e9b44dba5e1039a4989b477.webp","datePublished":"2022-03-31T18:55:00+00:00","dateModified":"2022-05-30T18:56:19+00:00","breadcrumb":{"@id":"https:\/\/www.gtlawyers.com.br\/noticia\/prazo-para-realizacao-da-reuniao-anual-de-socios-e-da-assembleia-geral-ordinaria\/#breadcrumb"},"inLanguage":"en-US","potentialAction":[{"@type":"ReadAction","target":["https:\/\/www.gtlawyers.com.br\/noticia\/prazo-para-realizacao-da-reuniao-anual-de-socios-e-da-assembleia-geral-ordinaria\/"]}]},{"@type":"ImageObject","inLanguage":"en-US","@id":"https:\/\/www.gtlawyers.com.br\/noticia\/prazo-para-realizacao-da-reuniao-anual-de-socios-e-da-assembleia-geral-ordinaria\/#primaryimage","url":"https:\/\/www.gtlawyers.com.br\/site\/wp-content\/uploads\/8f26dd417e9b44dba5e1039a4989b477.webp","contentUrl":"https:\/\/www.gtlawyers.com.br\/site\/wp-content\/uploads\/8f26dd417e9b44dba5e1039a4989b477.webp","width":1449,"height":966},{"@type":"BreadcrumbList","@id":"https:\/\/www.gtlawyers.com.br\/noticia\/prazo-para-realizacao-da-reuniao-anual-de-socios-e-da-assembleia-geral-ordinaria\/#breadcrumb","itemListElement":[{"@type":"ListItem","position":1,"name":"In\u00edcio","item":"https:\/\/www.gtlawyers.com.br\/"},{"@type":"ListItem","position":2,"name":"Prazo para realiza\u00e7\u00e3o da Reuni\u00e3o Anual de S\u00f3cios e da Assembleia Geral Ordin\u00e1ria"}]},{"@type":"WebSite","@id":"https:\/\/www.gtlawyers.com.br\/#website","url":"https:\/\/www.gtlawyers.com.br\/","name":"GTLawyers | Escrit\u00f3rio boutique full-service","description":"Escrit\u00f3rio de advocacia franco-brasileiro para empresas especializado em M&amp;A, direito societ\u00e1rio, tribut\u00e1rio, imobili\u00e1rio, contencioso e compliance","publisher":{"@id":"https:\/\/www.gtlawyers.com.br\/#organization"},"alternateName":"GTLawyers","potentialAction":[{"@type":"SearchAction","target":{"@type":"EntryPoint","urlTemplate":"https:\/\/www.gtlawyers.com.br\/?s={search_term_string}"},"query-input":{"@type":"PropertyValueSpecification","valueRequired":true,"valueName":"search_term_string"}}],"inLanguage":"en-US"},{"@type":"Organization","@id":"https:\/\/www.gtlawyers.com.br\/#organization","name":"GTLawyers - Escrit\u00f3rio boutique full-service","url":"https:\/\/www.gtlawyers.com.br\/","logo":{"@type":"ImageObject","inLanguage":"en-US","@id":"https:\/\/www.gtlawyers.com.br\/#\/schema\/logo\/image\/","url":"https:\/\/www.gtlawyers.com.br\/site\/wp-content\/uploads\/image-3.png","contentUrl":"https:\/\/www.gtlawyers.com.br\/site\/wp-content\/uploads\/image-3.png","width":166,"height":44,"caption":"GTLawyers - Escrit\u00f3rio boutique full-service"},"image":{"@id":"https:\/\/www.gtlawyers.com.br\/#\/schema\/logo\/image\/"},"sameAs":["https:\/\/www.linkedin.com\/company\/gtlawyers\/mycompany\/"]},{"@type":"Person","@id":"https:\/\/www.gtlawyers.com.br\/#\/schema\/person\/445dbbc8624baa6cd74ffdc962062fea","name":"planetaw","image":{"@type":"ImageObject","inLanguage":"en-US","@id":"https:\/\/secure.gravatar.com\/avatar\/a09e3105af0f28d7ee4ec00ff1c6f17e0e33f7aaf6253c730b912f62af0b331c?s=96&d=mm&r=g","url":"https:\/\/secure.gravatar.com\/avatar\/a09e3105af0f28d7ee4ec00ff1c6f17e0e33f7aaf6253c730b912f62af0b331c?s=96&d=mm&r=g","contentUrl":"https:\/\/secure.gravatar.com\/avatar\/a09e3105af0f28d7ee4ec00ff1c6f17e0e33f7aaf6253c730b912f62af0b331c?s=96&d=mm&r=g","caption":"planetaw"},"sameAs":["http:\/\/gtlawyers1.hospedagemdesites.ws\/site"],"url":"https:\/\/www.gtlawyers.com.br\/en\/author\/planetaw\/"}]}},"_links":{"self":[{"href":"https:\/\/www.gtlawyers.com.br\/en\/wp-json\/wp\/v2\/posts\/424","targetHints":{"allow":["GET"]}}],"collection":[{"href":"https:\/\/www.gtlawyers.com.br\/en\/wp-json\/wp\/v2\/posts"}],"about":[{"href":"https:\/\/www.gtlawyers.com.br\/en\/wp-json\/wp\/v2\/types\/post"}],"author":[{"embeddable":true,"href":"https:\/\/www.gtlawyers.com.br\/en\/wp-json\/wp\/v2\/users\/1"}],"replies":[{"embeddable":true,"href":"https:\/\/www.gtlawyers.com.br\/en\/wp-json\/wp\/v2\/comments?post=424"}],"version-history":[{"count":1,"href":"https:\/\/www.gtlawyers.com.br\/en\/wp-json\/wp\/v2\/posts\/424\/revisions"}],"predecessor-version":[{"id":428,"href":"https:\/\/www.gtlawyers.com.br\/en\/wp-json\/wp\/v2\/posts\/424\/revisions\/428"}],"wp:featuredmedia":[{"embeddable":true,"href":"https:\/\/www.gtlawyers.com.br\/en\/wp-json\/wp\/v2\/media\/427"}],"wp:attachment":[{"href":"https:\/\/www.gtlawyers.com.br\/en\/wp-json\/wp\/v2\/media?parent=424"}],"wp:term":[{"taxonomy":"category","embeddable":true,"href":"https:\/\/www.gtlawyers.com.br\/en\/wp-json\/wp\/v2\/categories?post=424"},{"taxonomy":"post_tag","embeddable":true,"href":"https:\/\/www.gtlawyers.com.br\/en\/wp-json\/wp\/v2\/tags?post=424"}],"curies":[{"name":"wp","href":"https:\/\/api.w.org\/{rel}","templated":true}]}}