{"id":425,"date":"2022-04-01T15:55:00","date_gmt":"2022-04-01T18:55:00","guid":{"rendered":"https:\/\/www.gtlawyers.com.br\/site\/?p=425"},"modified":"2022-06-03T12:06:10","modified_gmt":"2022-06-03T15:06:10","slug":"eireli-pessoa-juridica-nacional-ou-estrangeira-como-titular","status":"publish","type":"post","link":"https:\/\/www.gtlawyers.com.br\/en\/noticia\/eireli-pessoa-juridica-nacional-ou-estrangeira-como-titular\/","title":{"rendered":"EIRELI: pessoa jur\u00eddica nacional ou estrangeira como titular"},"content":{"rendered":"<p id=\"viewer-urxw7\">A partir do dia 2 de maio de 2017, entra em vigor, em todo o territ\u00f3rio nacional, o novo manual de registro da Empresa Individual de Responsabilidade Limitada (EIRELI), o qual foi reformulado pelo DREI \u2013 Departamento de Registro Empresarial e Integra\u00e7\u00e3o \u2013 \u00f3rg\u00e3o respons\u00e1vel pela supervis\u00e3o, orienta\u00e7\u00e3o e normatiza\u00e7\u00e3o das pr\u00e1ticas das Juntas Comerciais no Brasil.<\/p>\n\n\n\n<p id=\"viewer-br3oc\">A altera\u00e7\u00e3o supracitada, por meio da Instru\u00e7\u00e3o Normativa n\u00ba 38\/17, reconhece e prev\u00ea expressamente no item 1.2.5, do Anexo V, a possibilidade de pessoa jur\u00eddica, nacional ou estrangeira, ser titular de EIRELI.<\/p>\n\n\n\n<p id=\"viewer-cd7ac\">Assim, com a Pessoa Jur\u00eddica sendo titular de EIRELI, haver\u00e1 novos formatos de holdings, e tamb\u00e9m a possibilidade de separa\u00e7\u00e3o da atua\u00e7\u00e3o das sociedades, que poder\u00e3o adotar uma EIRELI para cada ramo de atividade.<\/p>\n\n\n\n<p id=\"viewer-jyw4q\">Al\u00e9m disso, a mencionada altera\u00e7\u00e3o da regra favorecer\u00e1 os investimentos estrangeiros diretos no Brasil, trazendo mais dinamismo e praticidade no ingresso de investidores deste seguimento.<\/p>\n\n\n\n<p id=\"viewer-2ys7z\">Os demais requisitos para constitui\u00e7\u00e3o da EIRELI permanecem inalterados, tais como capital social igual ou superior a 100 (cem) sal\u00e1rios m\u00ednimos, integraliza\u00e7\u00e3o do capital no ato da constitui\u00e7\u00e3o, por meio de declara\u00e7\u00e3o, etc.<\/p>","protected":false},"excerpt":{"rendered":"<p>A partir do dia 2 de maio de 2017, entra em vigor, em todo o territ\u00f3rio nacional, o novo manual de registro da Empresa Individual de Responsabilidade Limitada (EIRELI), o qual foi reformulado pelo DREI \u2013 Departamento de Registro Empresarial e Integra\u00e7\u00e3o \u2013 \u00f3rg\u00e3o respons\u00e1vel pela supervis\u00e3o, orienta\u00e7\u00e3o e normatiza\u00e7\u00e3o das pr\u00e1ticas das Juntas Comerciais [&hellip;]<\/p>\n","protected":false},"author":1,"featured_media":429,"comment_status":"open","ping_status":"open","sticky":false,"template":"","format":"standard","meta":{"_acf_changed":false,"footnotes":""},"categories":[7],"tags":[],"class_list":["post-425","post","type-post","status-publish","format-standard","has-post-thumbnail","hentry","category-noticia"],"acf":[],"yoast_head":"<!-- This site is optimized with the Yoast SEO plugin v27.5 - https:\/\/yoast.com\/product\/yoast-seo-wordpress\/ -->\n<title>EIRELI: pessoa jur\u00eddica nacional ou estrangeira como titular | GTLawyers | Escrit\u00f3rio boutique full-service<\/title>\n<meta name=\"robots\" content=\"index, follow, max-snippet:-1, max-image-preview:large, max-video-preview:-1\" \/>\n<link rel=\"canonical\" href=\"https:\/\/www.gtlawyers.com.br\/en\/noticia\/eireli-pessoa-juridica-nacional-ou-estrangeira-como-titular\/\" \/>\n<meta property=\"og:locale\" content=\"en_US\" \/>\n<meta property=\"og:type\" content=\"article\" \/>\n<meta property=\"og:title\" content=\"EIRELI: pessoa jur\u00eddica nacional ou estrangeira como titular | GTLawyers | Escrit\u00f3rio boutique full-service\" \/>\n<meta property=\"og:description\" content=\"A partir do dia 2 de maio de 2017, entra em vigor, em todo o territ\u00f3rio nacional, o novo manual de registro da Empresa Individual de Responsabilidade Limitada (EIRELI), o qual foi reformulado pelo DREI \u2013 Departamento de Registro Empresarial e Integra\u00e7\u00e3o \u2013 \u00f3rg\u00e3o respons\u00e1vel pela supervis\u00e3o, orienta\u00e7\u00e3o e normatiza\u00e7\u00e3o das pr\u00e1ticas das Juntas Comerciais [&hellip;]\" \/>\n<meta property=\"og:url\" content=\"https:\/\/www.gtlawyers.com.br\/en\/noticia\/eireli-pessoa-juridica-nacional-ou-estrangeira-como-titular\/\" \/>\n<meta property=\"og:site_name\" content=\"GTLawyers | Escrit\u00f3rio boutique full-service\" \/>\n<meta property=\"article:published_time\" content=\"2022-04-01T18:55:00+00:00\" \/>\n<meta property=\"article:modified_time\" content=\"2022-06-03T15:06:10+00:00\" \/>\n<meta property=\"og:image\" content=\"https:\/\/www.gtlawyers.com.br\/site\/wp-content\/uploads\/d6297d_f0f9ed4817b44f3da7da8fcc017d991e_mv2.jpg\" \/>\n\t<meta property=\"og:image:width\" content=\"440\" \/>\n\t<meta property=\"og:image:height\" content=\"329\" \/>\n\t<meta property=\"og:image:type\" content=\"image\/jpeg\" \/>\n<meta name=\"author\" content=\"planetaw\" \/>\n<meta name=\"twitter:card\" content=\"summary_large_image\" \/>\n<meta name=\"twitter:label1\" content=\"Written by\" \/>\n\t<meta name=\"twitter:data1\" content=\"planetaw\" \/>\n\t<meta name=\"twitter:label2\" content=\"Est. reading time\" \/>\n\t<meta name=\"twitter:data2\" content=\"1 minute\" \/>\n<script type=\"application\/ld+json\" class=\"yoast-schema-graph\">{\"@context\":\"https:\\\/\\\/schema.org\",\"@graph\":[{\"@type\":\"Article\",\"@id\":\"https:\\\/\\\/www.gtlawyers.com.br\\\/noticia\\\/eireli-pessoa-juridica-nacional-ou-estrangeira-como-titular\\\/#article\",\"isPartOf\":{\"@id\":\"https:\\\/\\\/www.gtlawyers.com.br\\\/noticia\\\/eireli-pessoa-juridica-nacional-ou-estrangeira-como-titular\\\/\"},\"author\":{\"name\":\"planetaw\",\"@id\":\"https:\\\/\\\/www.gtlawyers.com.br\\\/#\\\/schema\\\/person\\\/445dbbc8624baa6cd74ffdc962062fea\"},\"headline\":\"EIRELI: pessoa jur\u00eddica nacional ou estrangeira como titular\",\"datePublished\":\"2022-04-01T18:55:00+00:00\",\"dateModified\":\"2022-06-03T15:06:10+00:00\",\"mainEntityOfPage\":{\"@id\":\"https:\\\/\\\/www.gtlawyers.com.br\\\/noticia\\\/eireli-pessoa-juridica-nacional-ou-estrangeira-como-titular\\\/\"},\"wordCount\":207,\"commentCount\":0,\"publisher\":{\"@id\":\"https:\\\/\\\/www.gtlawyers.com.br\\\/#organization\"},\"image\":{\"@id\":\"https:\\\/\\\/www.gtlawyers.com.br\\\/noticia\\\/eireli-pessoa-juridica-nacional-ou-estrangeira-como-titular\\\/#primaryimage\"},\"thumbnailUrl\":\"https:\\\/\\\/www.gtlawyers.com.br\\\/site\\\/wp-content\\\/uploads\\\/d6297d_f0f9ed4817b44f3da7da8fcc017d991e_mv2.jpg\",\"articleSection\":[\"News\"],\"inLanguage\":\"en-US\",\"potentialAction\":[{\"@type\":\"CommentAction\",\"name\":\"Comment\",\"target\":[\"https:\\\/\\\/www.gtlawyers.com.br\\\/noticia\\\/eireli-pessoa-juridica-nacional-ou-estrangeira-como-titular\\\/#respond\"]}]},{\"@type\":\"WebPage\",\"@id\":\"https:\\\/\\\/www.gtlawyers.com.br\\\/noticia\\\/eireli-pessoa-juridica-nacional-ou-estrangeira-como-titular\\\/\",\"url\":\"https:\\\/\\\/www.gtlawyers.com.br\\\/noticia\\\/eireli-pessoa-juridica-nacional-ou-estrangeira-como-titular\\\/\",\"name\":\"EIRELI: pessoa jur\u00eddica nacional ou estrangeira como titular | GTLawyers | Escrit\u00f3rio boutique full-service\",\"isPartOf\":{\"@id\":\"https:\\\/\\\/www.gtlawyers.com.br\\\/#website\"},\"primaryImageOfPage\":{\"@id\":\"https:\\\/\\\/www.gtlawyers.com.br\\\/noticia\\\/eireli-pessoa-juridica-nacional-ou-estrangeira-como-titular\\\/#primaryimage\"},\"image\":{\"@id\":\"https:\\\/\\\/www.gtlawyers.com.br\\\/noticia\\\/eireli-pessoa-juridica-nacional-ou-estrangeira-como-titular\\\/#primaryimage\"},\"thumbnailUrl\":\"https:\\\/\\\/www.gtlawyers.com.br\\\/site\\\/wp-content\\\/uploads\\\/d6297d_f0f9ed4817b44f3da7da8fcc017d991e_mv2.jpg\",\"datePublished\":\"2022-04-01T18:55:00+00:00\",\"dateModified\":\"2022-06-03T15:06:10+00:00\",\"breadcrumb\":{\"@id\":\"https:\\\/\\\/www.gtlawyers.com.br\\\/noticia\\\/eireli-pessoa-juridica-nacional-ou-estrangeira-como-titular\\\/#breadcrumb\"},\"inLanguage\":\"en-US\",\"potentialAction\":[{\"@type\":\"ReadAction\",\"target\":[\"https:\\\/\\\/www.gtlawyers.com.br\\\/noticia\\\/eireli-pessoa-juridica-nacional-ou-estrangeira-como-titular\\\/\"]}]},{\"@type\":\"ImageObject\",\"inLanguage\":\"en-US\",\"@id\":\"https:\\\/\\\/www.gtlawyers.com.br\\\/noticia\\\/eireli-pessoa-juridica-nacional-ou-estrangeira-como-titular\\\/#primaryimage\",\"url\":\"https:\\\/\\\/www.gtlawyers.com.br\\\/site\\\/wp-content\\\/uploads\\\/d6297d_f0f9ed4817b44f3da7da8fcc017d991e_mv2.jpg\",\"contentUrl\":\"https:\\\/\\\/www.gtlawyers.com.br\\\/site\\\/wp-content\\\/uploads\\\/d6297d_f0f9ed4817b44f3da7da8fcc017d991e_mv2.jpg\",\"width\":440,\"height\":329},{\"@type\":\"BreadcrumbList\",\"@id\":\"https:\\\/\\\/www.gtlawyers.com.br\\\/noticia\\\/eireli-pessoa-juridica-nacional-ou-estrangeira-como-titular\\\/#breadcrumb\",\"itemListElement\":[{\"@type\":\"ListItem\",\"position\":1,\"name\":\"In\u00edcio\",\"item\":\"https:\\\/\\\/www.gtlawyers.com.br\\\/\"},{\"@type\":\"ListItem\",\"position\":2,\"name\":\"EIRELI: pessoa jur\u00eddica nacional ou estrangeira como titular\"}]},{\"@type\":\"WebSite\",\"@id\":\"https:\\\/\\\/www.gtlawyers.com.br\\\/#website\",\"url\":\"https:\\\/\\\/www.gtlawyers.com.br\\\/\",\"name\":\"GTLawyers | Escrit\u00f3rio boutique full-service\",\"description\":\"Escrit\u00f3rio de advocacia franco-brasileiro para empresas especializado em M&amp;A, direito societ\u00e1rio, tribut\u00e1rio, imobili\u00e1rio, contencioso e compliance\",\"publisher\":{\"@id\":\"https:\\\/\\\/www.gtlawyers.com.br\\\/#organization\"},\"alternateName\":\"GTLawyers\",\"potentialAction\":[{\"@type\":\"SearchAction\",\"target\":{\"@type\":\"EntryPoint\",\"urlTemplate\":\"https:\\\/\\\/www.gtlawyers.com.br\\\/?s={search_term_string}\"},\"query-input\":{\"@type\":\"PropertyValueSpecification\",\"valueRequired\":true,\"valueName\":\"search_term_string\"}}],\"inLanguage\":\"en-US\"},{\"@type\":\"Organization\",\"@id\":\"https:\\\/\\\/www.gtlawyers.com.br\\\/#organization\",\"name\":\"GTLawyers - Escrit\u00f3rio boutique full-service\",\"url\":\"https:\\\/\\\/www.gtlawyers.com.br\\\/\",\"logo\":{\"@type\":\"ImageObject\",\"inLanguage\":\"en-US\",\"@id\":\"https:\\\/\\\/www.gtlawyers.com.br\\\/#\\\/schema\\\/logo\\\/image\\\/\",\"url\":\"https:\\\/\\\/www.gtlawyers.com.br\\\/site\\\/wp-content\\\/uploads\\\/image-3.png\",\"contentUrl\":\"https:\\\/\\\/www.gtlawyers.com.br\\\/site\\\/wp-content\\\/uploads\\\/image-3.png\",\"width\":166,\"height\":44,\"caption\":\"GTLawyers - Escrit\u00f3rio boutique full-service\"},\"image\":{\"@id\":\"https:\\\/\\\/www.gtlawyers.com.br\\\/#\\\/schema\\\/logo\\\/image\\\/\"},\"sameAs\":[\"https:\\\/\\\/www.linkedin.com\\\/company\\\/gtlawyers\\\/mycompany\\\/\"]},{\"@type\":\"Person\",\"@id\":\"https:\\\/\\\/www.gtlawyers.com.br\\\/#\\\/schema\\\/person\\\/445dbbc8624baa6cd74ffdc962062fea\",\"name\":\"planetaw\",\"image\":{\"@type\":\"ImageObject\",\"inLanguage\":\"en-US\",\"@id\":\"https:\\\/\\\/secure.gravatar.com\\\/avatar\\\/a09e3105af0f28d7ee4ec00ff1c6f17e0e33f7aaf6253c730b912f62af0b331c?s=96&d=mm&r=g\",\"url\":\"https:\\\/\\\/secure.gravatar.com\\\/avatar\\\/a09e3105af0f28d7ee4ec00ff1c6f17e0e33f7aaf6253c730b912f62af0b331c?s=96&d=mm&r=g\",\"contentUrl\":\"https:\\\/\\\/secure.gravatar.com\\\/avatar\\\/a09e3105af0f28d7ee4ec00ff1c6f17e0e33f7aaf6253c730b912f62af0b331c?s=96&d=mm&r=g\",\"caption\":\"planetaw\"},\"sameAs\":[\"http:\\\/\\\/gtlawyers1.hospedagemdesites.ws\\\/site\"],\"url\":\"https:\\\/\\\/www.gtlawyers.com.br\\\/en\\\/author\\\/planetaw\\\/\"}]}<\/script>\n<!-- \/ Yoast SEO plugin. -->","yoast_head_json":{"title":"EIRELI: pessoa jur\u00eddica nacional ou estrangeira como titular | GTLawyers | Escrit\u00f3rio boutique full-service","robots":{"index":"index","follow":"follow","max-snippet":"max-snippet:-1","max-image-preview":"max-image-preview:large","max-video-preview":"max-video-preview:-1"},"canonical":"https:\/\/www.gtlawyers.com.br\/en\/noticia\/eireli-pessoa-juridica-nacional-ou-estrangeira-como-titular\/","og_locale":"en_US","og_type":"article","og_title":"EIRELI: pessoa jur\u00eddica nacional ou estrangeira como titular | GTLawyers | Escrit\u00f3rio boutique full-service","og_description":"A partir do dia 2 de maio de 2017, entra em vigor, em todo o territ\u00f3rio nacional, o novo manual de registro da Empresa Individual de Responsabilidade Limitada (EIRELI), o qual foi reformulado pelo DREI \u2013 Departamento de Registro Empresarial e Integra\u00e7\u00e3o \u2013 \u00f3rg\u00e3o respons\u00e1vel pela supervis\u00e3o, orienta\u00e7\u00e3o e normatiza\u00e7\u00e3o das pr\u00e1ticas das Juntas Comerciais [&hellip;]","og_url":"https:\/\/www.gtlawyers.com.br\/en\/noticia\/eireli-pessoa-juridica-nacional-ou-estrangeira-como-titular\/","og_site_name":"GTLawyers | Escrit\u00f3rio boutique full-service","article_published_time":"2022-04-01T18:55:00+00:00","article_modified_time":"2022-06-03T15:06:10+00:00","og_image":[{"width":440,"height":329,"url":"https:\/\/www.gtlawyers.com.br\/site\/wp-content\/uploads\/d6297d_f0f9ed4817b44f3da7da8fcc017d991e_mv2.jpg","type":"image\/jpeg"}],"author":"planetaw","twitter_card":"summary_large_image","twitter_misc":{"Written by":"planetaw","Est. reading time":"1 minute"},"schema":{"@context":"https:\/\/schema.org","@graph":[{"@type":"Article","@id":"https:\/\/www.gtlawyers.com.br\/noticia\/eireli-pessoa-juridica-nacional-ou-estrangeira-como-titular\/#article","isPartOf":{"@id":"https:\/\/www.gtlawyers.com.br\/noticia\/eireli-pessoa-juridica-nacional-ou-estrangeira-como-titular\/"},"author":{"name":"planetaw","@id":"https:\/\/www.gtlawyers.com.br\/#\/schema\/person\/445dbbc8624baa6cd74ffdc962062fea"},"headline":"EIRELI: pessoa jur\u00eddica nacional ou estrangeira como titular","datePublished":"2022-04-01T18:55:00+00:00","dateModified":"2022-06-03T15:06:10+00:00","mainEntityOfPage":{"@id":"https:\/\/www.gtlawyers.com.br\/noticia\/eireli-pessoa-juridica-nacional-ou-estrangeira-como-titular\/"},"wordCount":207,"commentCount":0,"publisher":{"@id":"https:\/\/www.gtlawyers.com.br\/#organization"},"image":{"@id":"https:\/\/www.gtlawyers.com.br\/noticia\/eireli-pessoa-juridica-nacional-ou-estrangeira-como-titular\/#primaryimage"},"thumbnailUrl":"https:\/\/www.gtlawyers.com.br\/site\/wp-content\/uploads\/d6297d_f0f9ed4817b44f3da7da8fcc017d991e_mv2.jpg","articleSection":["News"],"inLanguage":"en-US","potentialAction":[{"@type":"CommentAction","name":"Comment","target":["https:\/\/www.gtlawyers.com.br\/noticia\/eireli-pessoa-juridica-nacional-ou-estrangeira-como-titular\/#respond"]}]},{"@type":"WebPage","@id":"https:\/\/www.gtlawyers.com.br\/noticia\/eireli-pessoa-juridica-nacional-ou-estrangeira-como-titular\/","url":"https:\/\/www.gtlawyers.com.br\/noticia\/eireli-pessoa-juridica-nacional-ou-estrangeira-como-titular\/","name":"EIRELI: pessoa jur\u00eddica nacional ou estrangeira como titular | GTLawyers | Escrit\u00f3rio boutique full-service","isPartOf":{"@id":"https:\/\/www.gtlawyers.com.br\/#website"},"primaryImageOfPage":{"@id":"https:\/\/www.gtlawyers.com.br\/noticia\/eireli-pessoa-juridica-nacional-ou-estrangeira-como-titular\/#primaryimage"},"image":{"@id":"https:\/\/www.gtlawyers.com.br\/noticia\/eireli-pessoa-juridica-nacional-ou-estrangeira-como-titular\/#primaryimage"},"thumbnailUrl":"https:\/\/www.gtlawyers.com.br\/site\/wp-content\/uploads\/d6297d_f0f9ed4817b44f3da7da8fcc017d991e_mv2.jpg","datePublished":"2022-04-01T18:55:00+00:00","dateModified":"2022-06-03T15:06:10+00:00","breadcrumb":{"@id":"https:\/\/www.gtlawyers.com.br\/noticia\/eireli-pessoa-juridica-nacional-ou-estrangeira-como-titular\/#breadcrumb"},"inLanguage":"en-US","potentialAction":[{"@type":"ReadAction","target":["https:\/\/www.gtlawyers.com.br\/noticia\/eireli-pessoa-juridica-nacional-ou-estrangeira-como-titular\/"]}]},{"@type":"ImageObject","inLanguage":"en-US","@id":"https:\/\/www.gtlawyers.com.br\/noticia\/eireli-pessoa-juridica-nacional-ou-estrangeira-como-titular\/#primaryimage","url":"https:\/\/www.gtlawyers.com.br\/site\/wp-content\/uploads\/d6297d_f0f9ed4817b44f3da7da8fcc017d991e_mv2.jpg","contentUrl":"https:\/\/www.gtlawyers.com.br\/site\/wp-content\/uploads\/d6297d_f0f9ed4817b44f3da7da8fcc017d991e_mv2.jpg","width":440,"height":329},{"@type":"BreadcrumbList","@id":"https:\/\/www.gtlawyers.com.br\/noticia\/eireli-pessoa-juridica-nacional-ou-estrangeira-como-titular\/#breadcrumb","itemListElement":[{"@type":"ListItem","position":1,"name":"In\u00edcio","item":"https:\/\/www.gtlawyers.com.br\/"},{"@type":"ListItem","position":2,"name":"EIRELI: pessoa jur\u00eddica nacional ou estrangeira como titular"}]},{"@type":"WebSite","@id":"https:\/\/www.gtlawyers.com.br\/#website","url":"https:\/\/www.gtlawyers.com.br\/","name":"GTLawyers | Escrit\u00f3rio boutique full-service","description":"Escrit\u00f3rio de advocacia franco-brasileiro para empresas especializado em M&amp;A, direito societ\u00e1rio, tribut\u00e1rio, imobili\u00e1rio, contencioso e compliance","publisher":{"@id":"https:\/\/www.gtlawyers.com.br\/#organization"},"alternateName":"GTLawyers","potentialAction":[{"@type":"SearchAction","target":{"@type":"EntryPoint","urlTemplate":"https:\/\/www.gtlawyers.com.br\/?s={search_term_string}"},"query-input":{"@type":"PropertyValueSpecification","valueRequired":true,"valueName":"search_term_string"}}],"inLanguage":"en-US"},{"@type":"Organization","@id":"https:\/\/www.gtlawyers.com.br\/#organization","name":"GTLawyers - Escrit\u00f3rio boutique full-service","url":"https:\/\/www.gtlawyers.com.br\/","logo":{"@type":"ImageObject","inLanguage":"en-US","@id":"https:\/\/www.gtlawyers.com.br\/#\/schema\/logo\/image\/","url":"https:\/\/www.gtlawyers.com.br\/site\/wp-content\/uploads\/image-3.png","contentUrl":"https:\/\/www.gtlawyers.com.br\/site\/wp-content\/uploads\/image-3.png","width":166,"height":44,"caption":"GTLawyers - Escrit\u00f3rio boutique full-service"},"image":{"@id":"https:\/\/www.gtlawyers.com.br\/#\/schema\/logo\/image\/"},"sameAs":["https:\/\/www.linkedin.com\/company\/gtlawyers\/mycompany\/"]},{"@type":"Person","@id":"https:\/\/www.gtlawyers.com.br\/#\/schema\/person\/445dbbc8624baa6cd74ffdc962062fea","name":"planetaw","image":{"@type":"ImageObject","inLanguage":"en-US","@id":"https:\/\/secure.gravatar.com\/avatar\/a09e3105af0f28d7ee4ec00ff1c6f17e0e33f7aaf6253c730b912f62af0b331c?s=96&d=mm&r=g","url":"https:\/\/secure.gravatar.com\/avatar\/a09e3105af0f28d7ee4ec00ff1c6f17e0e33f7aaf6253c730b912f62af0b331c?s=96&d=mm&r=g","contentUrl":"https:\/\/secure.gravatar.com\/avatar\/a09e3105af0f28d7ee4ec00ff1c6f17e0e33f7aaf6253c730b912f62af0b331c?s=96&d=mm&r=g","caption":"planetaw"},"sameAs":["http:\/\/gtlawyers1.hospedagemdesites.ws\/site"],"url":"https:\/\/www.gtlawyers.com.br\/en\/author\/planetaw\/"}]}},"_links":{"self":[{"href":"https:\/\/www.gtlawyers.com.br\/en\/wp-json\/wp\/v2\/posts\/425","targetHints":{"allow":["GET"]}}],"collection":[{"href":"https:\/\/www.gtlawyers.com.br\/en\/wp-json\/wp\/v2\/posts"}],"about":[{"href":"https:\/\/www.gtlawyers.com.br\/en\/wp-json\/wp\/v2\/types\/post"}],"author":[{"embeddable":true,"href":"https:\/\/www.gtlawyers.com.br\/en\/wp-json\/wp\/v2\/users\/1"}],"replies":[{"embeddable":true,"href":"https:\/\/www.gtlawyers.com.br\/en\/wp-json\/wp\/v2\/comments?post=425"}],"version-history":[{"count":2,"href":"https:\/\/www.gtlawyers.com.br\/en\/wp-json\/wp\/v2\/posts\/425\/revisions"}],"predecessor-version":[{"id":626,"href":"https:\/\/www.gtlawyers.com.br\/en\/wp-json\/wp\/v2\/posts\/425\/revisions\/626"}],"wp:featuredmedia":[{"embeddable":true,"href":"https:\/\/www.gtlawyers.com.br\/en\/wp-json\/wp\/v2\/media\/429"}],"wp:attachment":[{"href":"https:\/\/www.gtlawyers.com.br\/en\/wp-json\/wp\/v2\/media?parent=425"}],"wp:term":[{"taxonomy":"category","embeddable":true,"href":"https:\/\/www.gtlawyers.com.br\/en\/wp-json\/wp\/v2\/categories?post=425"},{"taxonomy":"post_tag","embeddable":true,"href":"https:\/\/www.gtlawyers.com.br\/en\/wp-json\/wp\/v2\/tags?post=425"}],"curies":[{"name":"wp","href":"https:\/\/api.w.org\/{rel}","templated":true}]}}