{"id":451,"date":"2022-04-28T16:09:00","date_gmt":"2022-04-28T19:09:00","guid":{"rendered":"https:\/\/www.gtlawyers.com.br\/site\/?p=451"},"modified":"2022-06-06T09:55:57","modified_gmt":"2022-06-06T12:55:57","slug":"tamy-tanzilli-participa-de-debate-da-rede-french-executive-women-sao-paulo","status":"publish","type":"post","link":"https:\/\/www.gtlawyers.com.br\/en\/noticia\/tamy-tanzilli-participa-de-debate-da-rede-french-executive-women-sao-paulo\/","title":{"rendered":"Tamy Tanzilli participa de debate da rede French Executive Women S\u00e3o Paulo"},"content":{"rendered":"<p id=\"viewer-ylird\">A French Executive WomenS\u00e3o Paulo\u00e9 uma rede profissional de mulheres francesas no Brasil voltada para o desenvolvimento de carreiras. Tem como miss\u00e3o promover interc\u00e2mbios profissionais, por meio de networkings\u00f3lido e acess\u00edvel. A organiza\u00e7\u00e3o foi criada recentemente por quatro mulheres de diferentes \u00e1reas profissionais e, atualmente, conta com 140 integrantes, chamadas de &#8220;FEW&#8221;.<\/p>\n\n\n<div class=\"wp-block-image\">\n<figure class=\"aligncenter\"><img decoding=\"async\" src=\"https:\/\/static.wixstatic.com\/media\/d6297d_1917c25806fc4a2a847bfeb289372c9f~mv2.png\/v1\/fit\/w_300,h_300,al_c,q_5,enc_auto\/file.png\" alt=\"\"\/><\/figure>\n<\/div>\n\n\n<p id=\"viewer-ba5fc\">Desde outubro de 2017, as reuni\u00f5es se alternam entre caf\u00e9 da manh\u00e3 e Happy Hour. Os primeiros eventos tinham como objetivo reunir as integrantes para apresenta\u00e7\u00f5es e trocas de experi\u00eancias. Em fevereiro, as organizadoras Claire, Julie, Isabeau e Amandine decidiram experimentar um novo formato: o debate com perguntas do p\u00fablico.<\/p>\n\n\n\n<p id=\"viewer-hu5c9\">Este evento reuniu 60 pessoas e foi realizado na resid\u00eancia do C\u00f4nsul da Fran\u00e7a em S\u00e3o Paulo. As FEW convidaram tr\u00eas mulheres para falar neste encontro- duas altas executivas franceses e Tamy Tanzilli, uma advogada franco-brasileira e propriet\u00e1ria do escrit\u00f3rio de advocacia GT Lawyers, que debateram temas como : \u00ab Existe uma estrat\u00e9gia para evoluir profissionalmente quando voc\u00ea \u00e9 mulher? \u00bb ; \u00ab Existe um estilo de gest\u00e3o feminina? \u00bb e \u00ab O que a expatria\u00e7\u00e3o trouxe para voc\u00ea e quais s\u00e3o as dificuldades? .<\/p>\n\n\n\n<p id=\"viewer-fvlcf\">Tamy compartilhou sua experi\u00eancia com as integrantes da rede, explicando o progresso de sua carreira, mas tamb\u00e9m respondendo de maneira espont\u00e2nea e aut\u00eantica \u00e0s perguntas que lhe foram feitas. Ela destacou o crescimento do escrit\u00f3rio desde sua cria\u00e7\u00e3o em 2013.<\/p>\n\n\n\n<p id=\"viewer-bmugs\">A reuni\u00e3o seguida de caf\u00e9 da manh\u00e3 foi um sucesso e mostrou a import\u00e2ncia do interc\u00e2mbio entre as integrantes da rede French Executive Women. A m\u00e9dio prazo, um dos objetivos \u00e9 continuar a diversificar as reuni\u00f5es com confer\u00eancias, debates e grupos de trabalho, al\u00e9m de criar parcerias.<\/p>","protected":false},"excerpt":{"rendered":"<p>A French Executive WomenS\u00e3o Paulo\u00e9 uma rede profissional de mulheres francesas no Brasil voltada para o desenvolvimento de carreiras. Tem como miss\u00e3o promover interc\u00e2mbios profissionais, por meio de networkings\u00f3lido e acess\u00edvel. A organiza\u00e7\u00e3o foi criada recentemente por quatro mulheres de diferentes \u00e1reas profissionais e, atualmente, conta com 140 integrantes, chamadas de &#8220;FEW&#8221;. Desde outubro de [&hellip;]<\/p>\n","protected":false},"author":1,"featured_media":454,"comment_status":"open","ping_status":"open","sticky":false,"template":"","format":"standard","meta":{"_acf_changed":false,"footnotes":""},"categories":[7],"tags":[],"class_list":["post-451","post","type-post","status-publish","format-standard","has-post-thumbnail","hentry","category-noticia"],"acf":[],"yoast_head":"<!-- This site is optimized with the Yoast SEO plugin v27.5 - https:\/\/yoast.com\/product\/yoast-seo-wordpress\/ -->\n<title>Tamy Tanzilli participa de debate da rede French Executive Women S\u00e3o Paulo | GTLawyers | Escrit\u00f3rio boutique full-service<\/title>\n<meta name=\"robots\" content=\"index, follow, max-snippet:-1, max-image-preview:large, max-video-preview:-1\" \/>\n<link rel=\"canonical\" href=\"https:\/\/www.gtlawyers.com.br\/en\/noticia\/tamy-tanzilli-participa-de-debate-da-rede-french-executive-women-sao-paulo\/\" \/>\n<meta property=\"og:locale\" content=\"en_US\" \/>\n<meta property=\"og:type\" content=\"article\" \/>\n<meta property=\"og:title\" content=\"Tamy Tanzilli participa de debate da rede French Executive Women S\u00e3o Paulo | GTLawyers | Escrit\u00f3rio boutique full-service\" \/>\n<meta property=\"og:description\" content=\"A French Executive WomenS\u00e3o Paulo\u00e9 uma rede profissional de mulheres francesas no Brasil voltada para o desenvolvimento de carreiras. Tem como miss\u00e3o promover interc\u00e2mbios profissionais, por meio de networkings\u00f3lido e acess\u00edvel. A organiza\u00e7\u00e3o foi criada recentemente por quatro mulheres de diferentes \u00e1reas profissionais e, atualmente, conta com 140 integrantes, chamadas de &#8220;FEW&#8221;. Desde outubro de [&hellip;]\" \/>\n<meta property=\"og:url\" content=\"https:\/\/www.gtlawyers.com.br\/en\/noticia\/tamy-tanzilli-participa-de-debate-da-rede-french-executive-women-sao-paulo\/\" \/>\n<meta property=\"og:site_name\" content=\"GTLawyers | Escrit\u00f3rio boutique full-service\" \/>\n<meta property=\"article:published_time\" content=\"2022-04-28T19:09:00+00:00\" \/>\n<meta property=\"article:modified_time\" content=\"2022-06-06T12:55:57+00:00\" \/>\n<meta property=\"og:image\" content=\"https:\/\/www.gtlawyers.com.br\/site\/wp-content\/uploads\/d6297d_1917c25806fc4a2a847bfeb289372c9f_mv2.png\" \/>\n\t<meta property=\"og:image:width\" content=\"886\" \/>\n\t<meta property=\"og:image:height\" content=\"886\" \/>\n\t<meta property=\"og:image:type\" content=\"image\/png\" \/>\n<meta name=\"author\" content=\"planetaw\" \/>\n<meta name=\"twitter:card\" content=\"summary_large_image\" \/>\n<meta name=\"twitter:label1\" content=\"Written by\" \/>\n\t<meta name=\"twitter:data1\" content=\"planetaw\" \/>\n\t<meta name=\"twitter:label2\" content=\"Est. reading time\" \/>\n\t<meta name=\"twitter:data2\" content=\"1 minute\" \/>\n<script type=\"application\/ld+json\" class=\"yoast-schema-graph\">{\"@context\":\"https:\\\/\\\/schema.org\",\"@graph\":[{\"@type\":\"Article\",\"@id\":\"https:\\\/\\\/www.gtlawyers.com.br\\\/noticia\\\/tamy-tanzilli-participa-de-debate-da-rede-french-executive-women-sao-paulo\\\/#article\",\"isPartOf\":{\"@id\":\"https:\\\/\\\/www.gtlawyers.com.br\\\/noticia\\\/tamy-tanzilli-participa-de-debate-da-rede-french-executive-women-sao-paulo\\\/\"},\"author\":{\"name\":\"planetaw\",\"@id\":\"https:\\\/\\\/www.gtlawyers.com.br\\\/#\\\/schema\\\/person\\\/445dbbc8624baa6cd74ffdc962062fea\"},\"headline\":\"Tamy Tanzilli participa de debate da rede French Executive Women S\u00e3o Paulo\",\"datePublished\":\"2022-04-28T19:09:00+00:00\",\"dateModified\":\"2022-06-06T12:55:57+00:00\",\"mainEntityOfPage\":{\"@id\":\"https:\\\/\\\/www.gtlawyers.com.br\\\/noticia\\\/tamy-tanzilli-participa-de-debate-da-rede-french-executive-women-sao-paulo\\\/\"},\"wordCount\":307,\"commentCount\":0,\"publisher\":{\"@id\":\"https:\\\/\\\/www.gtlawyers.com.br\\\/#organization\"},\"image\":{\"@id\":\"https:\\\/\\\/www.gtlawyers.com.br\\\/noticia\\\/tamy-tanzilli-participa-de-debate-da-rede-french-executive-women-sao-paulo\\\/#primaryimage\"},\"thumbnailUrl\":\"https:\\\/\\\/www.gtlawyers.com.br\\\/site\\\/wp-content\\\/uploads\\\/d6297d_1917c25806fc4a2a847bfeb289372c9f_mv2.png\",\"articleSection\":[\"News\"],\"inLanguage\":\"en-US\",\"potentialAction\":[{\"@type\":\"CommentAction\",\"name\":\"Comment\",\"target\":[\"https:\\\/\\\/www.gtlawyers.com.br\\\/noticia\\\/tamy-tanzilli-participa-de-debate-da-rede-french-executive-women-sao-paulo\\\/#respond\"]}]},{\"@type\":\"WebPage\",\"@id\":\"https:\\\/\\\/www.gtlawyers.com.br\\\/noticia\\\/tamy-tanzilli-participa-de-debate-da-rede-french-executive-women-sao-paulo\\\/\",\"url\":\"https:\\\/\\\/www.gtlawyers.com.br\\\/noticia\\\/tamy-tanzilli-participa-de-debate-da-rede-french-executive-women-sao-paulo\\\/\",\"name\":\"Tamy Tanzilli participa de debate da rede French Executive Women S\u00e3o Paulo | GTLawyers | Escrit\u00f3rio boutique full-service\",\"isPartOf\":{\"@id\":\"https:\\\/\\\/www.gtlawyers.com.br\\\/#website\"},\"primaryImageOfPage\":{\"@id\":\"https:\\\/\\\/www.gtlawyers.com.br\\\/noticia\\\/tamy-tanzilli-participa-de-debate-da-rede-french-executive-women-sao-paulo\\\/#primaryimage\"},\"image\":{\"@id\":\"https:\\\/\\\/www.gtlawyers.com.br\\\/noticia\\\/tamy-tanzilli-participa-de-debate-da-rede-french-executive-women-sao-paulo\\\/#primaryimage\"},\"thumbnailUrl\":\"https:\\\/\\\/www.gtlawyers.com.br\\\/site\\\/wp-content\\\/uploads\\\/d6297d_1917c25806fc4a2a847bfeb289372c9f_mv2.png\",\"datePublished\":\"2022-04-28T19:09:00+00:00\",\"dateModified\":\"2022-06-06T12:55:57+00:00\",\"breadcrumb\":{\"@id\":\"https:\\\/\\\/www.gtlawyers.com.br\\\/noticia\\\/tamy-tanzilli-participa-de-debate-da-rede-french-executive-women-sao-paulo\\\/#breadcrumb\"},\"inLanguage\":\"en-US\",\"potentialAction\":[{\"@type\":\"ReadAction\",\"target\":[\"https:\\\/\\\/www.gtlawyers.com.br\\\/noticia\\\/tamy-tanzilli-participa-de-debate-da-rede-french-executive-women-sao-paulo\\\/\"]}]},{\"@type\":\"ImageObject\",\"inLanguage\":\"en-US\",\"@id\":\"https:\\\/\\\/www.gtlawyers.com.br\\\/noticia\\\/tamy-tanzilli-participa-de-debate-da-rede-french-executive-women-sao-paulo\\\/#primaryimage\",\"url\":\"https:\\\/\\\/www.gtlawyers.com.br\\\/site\\\/wp-content\\\/uploads\\\/d6297d_1917c25806fc4a2a847bfeb289372c9f_mv2.png\",\"contentUrl\":\"https:\\\/\\\/www.gtlawyers.com.br\\\/site\\\/wp-content\\\/uploads\\\/d6297d_1917c25806fc4a2a847bfeb289372c9f_mv2.png\",\"width\":886,\"height\":886},{\"@type\":\"BreadcrumbList\",\"@id\":\"https:\\\/\\\/www.gtlawyers.com.br\\\/noticia\\\/tamy-tanzilli-participa-de-debate-da-rede-french-executive-women-sao-paulo\\\/#breadcrumb\",\"itemListElement\":[{\"@type\":\"ListItem\",\"position\":1,\"name\":\"In\u00edcio\",\"item\":\"https:\\\/\\\/www.gtlawyers.com.br\\\/\"},{\"@type\":\"ListItem\",\"position\":2,\"name\":\"Tamy Tanzilli participa de debate da rede French Executive Women S\u00e3o Paulo\"}]},{\"@type\":\"WebSite\",\"@id\":\"https:\\\/\\\/www.gtlawyers.com.br\\\/#website\",\"url\":\"https:\\\/\\\/www.gtlawyers.com.br\\\/\",\"name\":\"GTLawyers | Escrit\u00f3rio boutique full-service\",\"description\":\"Escrit\u00f3rio de advocacia franco-brasileiro para empresas especializado em M&amp;A, direito societ\u00e1rio, tribut\u00e1rio, imobili\u00e1rio, contencioso e compliance\",\"publisher\":{\"@id\":\"https:\\\/\\\/www.gtlawyers.com.br\\\/#organization\"},\"alternateName\":\"GTLawyers\",\"potentialAction\":[{\"@type\":\"SearchAction\",\"target\":{\"@type\":\"EntryPoint\",\"urlTemplate\":\"https:\\\/\\\/www.gtlawyers.com.br\\\/?s={search_term_string}\"},\"query-input\":{\"@type\":\"PropertyValueSpecification\",\"valueRequired\":true,\"valueName\":\"search_term_string\"}}],\"inLanguage\":\"en-US\"},{\"@type\":\"Organization\",\"@id\":\"https:\\\/\\\/www.gtlawyers.com.br\\\/#organization\",\"name\":\"GTLawyers - Escrit\u00f3rio boutique full-service\",\"url\":\"https:\\\/\\\/www.gtlawyers.com.br\\\/\",\"logo\":{\"@type\":\"ImageObject\",\"inLanguage\":\"en-US\",\"@id\":\"https:\\\/\\\/www.gtlawyers.com.br\\\/#\\\/schema\\\/logo\\\/image\\\/\",\"url\":\"https:\\\/\\\/www.gtlawyers.com.br\\\/site\\\/wp-content\\\/uploads\\\/image-3.png\",\"contentUrl\":\"https:\\\/\\\/www.gtlawyers.com.br\\\/site\\\/wp-content\\\/uploads\\\/image-3.png\",\"width\":166,\"height\":44,\"caption\":\"GTLawyers - Escrit\u00f3rio boutique full-service\"},\"image\":{\"@id\":\"https:\\\/\\\/www.gtlawyers.com.br\\\/#\\\/schema\\\/logo\\\/image\\\/\"},\"sameAs\":[\"https:\\\/\\\/www.linkedin.com\\\/company\\\/gtlawyers\\\/mycompany\\\/\"]},{\"@type\":\"Person\",\"@id\":\"https:\\\/\\\/www.gtlawyers.com.br\\\/#\\\/schema\\\/person\\\/445dbbc8624baa6cd74ffdc962062fea\",\"name\":\"planetaw\",\"image\":{\"@type\":\"ImageObject\",\"inLanguage\":\"en-US\",\"@id\":\"https:\\\/\\\/secure.gravatar.com\\\/avatar\\\/a09e3105af0f28d7ee4ec00ff1c6f17e0e33f7aaf6253c730b912f62af0b331c?s=96&d=mm&r=g\",\"url\":\"https:\\\/\\\/secure.gravatar.com\\\/avatar\\\/a09e3105af0f28d7ee4ec00ff1c6f17e0e33f7aaf6253c730b912f62af0b331c?s=96&d=mm&r=g\",\"contentUrl\":\"https:\\\/\\\/secure.gravatar.com\\\/avatar\\\/a09e3105af0f28d7ee4ec00ff1c6f17e0e33f7aaf6253c730b912f62af0b331c?s=96&d=mm&r=g\",\"caption\":\"planetaw\"},\"sameAs\":[\"http:\\\/\\\/gtlawyers1.hospedagemdesites.ws\\\/site\"],\"url\":\"https:\\\/\\\/www.gtlawyers.com.br\\\/en\\\/author\\\/planetaw\\\/\"}]}<\/script>\n<!-- \/ Yoast SEO plugin. -->","yoast_head_json":{"title":"Tamy Tanzilli participa de debate da rede French Executive Women S\u00e3o Paulo | GTLawyers | Escrit\u00f3rio boutique full-service","robots":{"index":"index","follow":"follow","max-snippet":"max-snippet:-1","max-image-preview":"max-image-preview:large","max-video-preview":"max-video-preview:-1"},"canonical":"https:\/\/www.gtlawyers.com.br\/en\/noticia\/tamy-tanzilli-participa-de-debate-da-rede-french-executive-women-sao-paulo\/","og_locale":"en_US","og_type":"article","og_title":"Tamy Tanzilli participa de debate da rede French Executive Women S\u00e3o Paulo | GTLawyers | Escrit\u00f3rio boutique full-service","og_description":"A French Executive WomenS\u00e3o Paulo\u00e9 uma rede profissional de mulheres francesas no Brasil voltada para o desenvolvimento de carreiras. Tem como miss\u00e3o promover interc\u00e2mbios profissionais, por meio de networkings\u00f3lido e acess\u00edvel. A organiza\u00e7\u00e3o foi criada recentemente por quatro mulheres de diferentes \u00e1reas profissionais e, atualmente, conta com 140 integrantes, chamadas de &#8220;FEW&#8221;. Desde outubro de [&hellip;]","og_url":"https:\/\/www.gtlawyers.com.br\/en\/noticia\/tamy-tanzilli-participa-de-debate-da-rede-french-executive-women-sao-paulo\/","og_site_name":"GTLawyers | Escrit\u00f3rio boutique full-service","article_published_time":"2022-04-28T19:09:00+00:00","article_modified_time":"2022-06-06T12:55:57+00:00","og_image":[{"width":886,"height":886,"url":"https:\/\/www.gtlawyers.com.br\/site\/wp-content\/uploads\/d6297d_1917c25806fc4a2a847bfeb289372c9f_mv2.png","type":"image\/png"}],"author":"planetaw","twitter_card":"summary_large_image","twitter_misc":{"Written by":"planetaw","Est. reading time":"1 minute"},"schema":{"@context":"https:\/\/schema.org","@graph":[{"@type":"Article","@id":"https:\/\/www.gtlawyers.com.br\/noticia\/tamy-tanzilli-participa-de-debate-da-rede-french-executive-women-sao-paulo\/#article","isPartOf":{"@id":"https:\/\/www.gtlawyers.com.br\/noticia\/tamy-tanzilli-participa-de-debate-da-rede-french-executive-women-sao-paulo\/"},"author":{"name":"planetaw","@id":"https:\/\/www.gtlawyers.com.br\/#\/schema\/person\/445dbbc8624baa6cd74ffdc962062fea"},"headline":"Tamy Tanzilli participa de debate da rede French Executive Women S\u00e3o Paulo","datePublished":"2022-04-28T19:09:00+00:00","dateModified":"2022-06-06T12:55:57+00:00","mainEntityOfPage":{"@id":"https:\/\/www.gtlawyers.com.br\/noticia\/tamy-tanzilli-participa-de-debate-da-rede-french-executive-women-sao-paulo\/"},"wordCount":307,"commentCount":0,"publisher":{"@id":"https:\/\/www.gtlawyers.com.br\/#organization"},"image":{"@id":"https:\/\/www.gtlawyers.com.br\/noticia\/tamy-tanzilli-participa-de-debate-da-rede-french-executive-women-sao-paulo\/#primaryimage"},"thumbnailUrl":"https:\/\/www.gtlawyers.com.br\/site\/wp-content\/uploads\/d6297d_1917c25806fc4a2a847bfeb289372c9f_mv2.png","articleSection":["News"],"inLanguage":"en-US","potentialAction":[{"@type":"CommentAction","name":"Comment","target":["https:\/\/www.gtlawyers.com.br\/noticia\/tamy-tanzilli-participa-de-debate-da-rede-french-executive-women-sao-paulo\/#respond"]}]},{"@type":"WebPage","@id":"https:\/\/www.gtlawyers.com.br\/noticia\/tamy-tanzilli-participa-de-debate-da-rede-french-executive-women-sao-paulo\/","url":"https:\/\/www.gtlawyers.com.br\/noticia\/tamy-tanzilli-participa-de-debate-da-rede-french-executive-women-sao-paulo\/","name":"Tamy Tanzilli participa de debate da rede French Executive Women S\u00e3o Paulo | GTLawyers | Escrit\u00f3rio boutique full-service","isPartOf":{"@id":"https:\/\/www.gtlawyers.com.br\/#website"},"primaryImageOfPage":{"@id":"https:\/\/www.gtlawyers.com.br\/noticia\/tamy-tanzilli-participa-de-debate-da-rede-french-executive-women-sao-paulo\/#primaryimage"},"image":{"@id":"https:\/\/www.gtlawyers.com.br\/noticia\/tamy-tanzilli-participa-de-debate-da-rede-french-executive-women-sao-paulo\/#primaryimage"},"thumbnailUrl":"https:\/\/www.gtlawyers.com.br\/site\/wp-content\/uploads\/d6297d_1917c25806fc4a2a847bfeb289372c9f_mv2.png","datePublished":"2022-04-28T19:09:00+00:00","dateModified":"2022-06-06T12:55:57+00:00","breadcrumb":{"@id":"https:\/\/www.gtlawyers.com.br\/noticia\/tamy-tanzilli-participa-de-debate-da-rede-french-executive-women-sao-paulo\/#breadcrumb"},"inLanguage":"en-US","potentialAction":[{"@type":"ReadAction","target":["https:\/\/www.gtlawyers.com.br\/noticia\/tamy-tanzilli-participa-de-debate-da-rede-french-executive-women-sao-paulo\/"]}]},{"@type":"ImageObject","inLanguage":"en-US","@id":"https:\/\/www.gtlawyers.com.br\/noticia\/tamy-tanzilli-participa-de-debate-da-rede-french-executive-women-sao-paulo\/#primaryimage","url":"https:\/\/www.gtlawyers.com.br\/site\/wp-content\/uploads\/d6297d_1917c25806fc4a2a847bfeb289372c9f_mv2.png","contentUrl":"https:\/\/www.gtlawyers.com.br\/site\/wp-content\/uploads\/d6297d_1917c25806fc4a2a847bfeb289372c9f_mv2.png","width":886,"height":886},{"@type":"BreadcrumbList","@id":"https:\/\/www.gtlawyers.com.br\/noticia\/tamy-tanzilli-participa-de-debate-da-rede-french-executive-women-sao-paulo\/#breadcrumb","itemListElement":[{"@type":"ListItem","position":1,"name":"In\u00edcio","item":"https:\/\/www.gtlawyers.com.br\/"},{"@type":"ListItem","position":2,"name":"Tamy Tanzilli participa de debate da rede French Executive Women S\u00e3o Paulo"}]},{"@type":"WebSite","@id":"https:\/\/www.gtlawyers.com.br\/#website","url":"https:\/\/www.gtlawyers.com.br\/","name":"GTLawyers | Escrit\u00f3rio boutique full-service","description":"Escrit\u00f3rio de advocacia franco-brasileiro para empresas especializado em M&amp;A, direito societ\u00e1rio, tribut\u00e1rio, imobili\u00e1rio, contencioso e compliance","publisher":{"@id":"https:\/\/www.gtlawyers.com.br\/#organization"},"alternateName":"GTLawyers","potentialAction":[{"@type":"SearchAction","target":{"@type":"EntryPoint","urlTemplate":"https:\/\/www.gtlawyers.com.br\/?s={search_term_string}"},"query-input":{"@type":"PropertyValueSpecification","valueRequired":true,"valueName":"search_term_string"}}],"inLanguage":"en-US"},{"@type":"Organization","@id":"https:\/\/www.gtlawyers.com.br\/#organization","name":"GTLawyers - Escrit\u00f3rio boutique full-service","url":"https:\/\/www.gtlawyers.com.br\/","logo":{"@type":"ImageObject","inLanguage":"en-US","@id":"https:\/\/www.gtlawyers.com.br\/#\/schema\/logo\/image\/","url":"https:\/\/www.gtlawyers.com.br\/site\/wp-content\/uploads\/image-3.png","contentUrl":"https:\/\/www.gtlawyers.com.br\/site\/wp-content\/uploads\/image-3.png","width":166,"height":44,"caption":"GTLawyers - Escrit\u00f3rio boutique full-service"},"image":{"@id":"https:\/\/www.gtlawyers.com.br\/#\/schema\/logo\/image\/"},"sameAs":["https:\/\/www.linkedin.com\/company\/gtlawyers\/mycompany\/"]},{"@type":"Person","@id":"https:\/\/www.gtlawyers.com.br\/#\/schema\/person\/445dbbc8624baa6cd74ffdc962062fea","name":"planetaw","image":{"@type":"ImageObject","inLanguage":"en-US","@id":"https:\/\/secure.gravatar.com\/avatar\/a09e3105af0f28d7ee4ec00ff1c6f17e0e33f7aaf6253c730b912f62af0b331c?s=96&d=mm&r=g","url":"https:\/\/secure.gravatar.com\/avatar\/a09e3105af0f28d7ee4ec00ff1c6f17e0e33f7aaf6253c730b912f62af0b331c?s=96&d=mm&r=g","contentUrl":"https:\/\/secure.gravatar.com\/avatar\/a09e3105af0f28d7ee4ec00ff1c6f17e0e33f7aaf6253c730b912f62af0b331c?s=96&d=mm&r=g","caption":"planetaw"},"sameAs":["http:\/\/gtlawyers1.hospedagemdesites.ws\/site"],"url":"https:\/\/www.gtlawyers.com.br\/en\/author\/planetaw\/"}]}},"_links":{"self":[{"href":"https:\/\/www.gtlawyers.com.br\/en\/wp-json\/wp\/v2\/posts\/451","targetHints":{"allow":["GET"]}}],"collection":[{"href":"https:\/\/www.gtlawyers.com.br\/en\/wp-json\/wp\/v2\/posts"}],"about":[{"href":"https:\/\/www.gtlawyers.com.br\/en\/wp-json\/wp\/v2\/types\/post"}],"author":[{"embeddable":true,"href":"https:\/\/www.gtlawyers.com.br\/en\/wp-json\/wp\/v2\/users\/1"}],"replies":[{"embeddable":true,"href":"https:\/\/www.gtlawyers.com.br\/en\/wp-json\/wp\/v2\/comments?post=451"}],"version-history":[{"count":2,"href":"https:\/\/www.gtlawyers.com.br\/en\/wp-json\/wp\/v2\/posts\/451\/revisions"}],"predecessor-version":[{"id":619,"href":"https:\/\/www.gtlawyers.com.br\/en\/wp-json\/wp\/v2\/posts\/451\/revisions\/619"}],"wp:featuredmedia":[{"embeddable":true,"href":"https:\/\/www.gtlawyers.com.br\/en\/wp-json\/wp\/v2\/media\/454"}],"wp:attachment":[{"href":"https:\/\/www.gtlawyers.com.br\/en\/wp-json\/wp\/v2\/media?parent=451"}],"wp:term":[{"taxonomy":"category","embeddable":true,"href":"https:\/\/www.gtlawyers.com.br\/en\/wp-json\/wp\/v2\/categories?post=451"},{"taxonomy":"post_tag","embeddable":true,"href":"https:\/\/www.gtlawyers.com.br\/en\/wp-json\/wp\/v2\/tags?post=451"}],"curies":[{"name":"wp","href":"https:\/\/api.w.org\/{rel}","templated":true}]}}