{"id":925,"date":"2022-12-07T21:15:16","date_gmt":"2022-12-08T00:15:16","guid":{"rendered":"https:\/\/www.gtlawyers.com.br\/?p=925"},"modified":"2022-12-12T13:57:38","modified_gmt":"2022-12-12T16:57:38","slug":"coquetel-de-lancamento-do-nosso-socio-diogo-tabosa-foi-coautor","status":"publish","type":"post","link":"https:\/\/www.gtlawyers.com.br\/en\/noticia\/coquetel-de-lancamento-do-nosso-socio-diogo-tabosa-foi-coautor\/","title":{"rendered":"Coquetel de lan\u00e7amento do livro do qual nosso s\u00f3cio, Diogo Tabosa, foi coautor."},"content":{"rendered":"<figure class=\"wp-block-image size-large is-resized\"><img loading=\"lazy\" decoding=\"async\" src=\"https:\/\/www.gtlawyers.com.br\/site\/wp-content\/uploads\/Foto-capa-1024x774.jpeg\" alt=\"\" class=\"wp-image-926\" width=\"512\" height=\"387\" srcset=\"https:\/\/www.gtlawyers.com.br\/site\/wp-content\/uploads\/Foto-capa-1024x774.jpeg 1024w, https:\/\/www.gtlawyers.com.br\/site\/wp-content\/uploads\/Foto-capa-300x227.jpeg 300w, https:\/\/www.gtlawyers.com.br\/site\/wp-content\/uploads\/Foto-capa-150x113.jpeg 150w, https:\/\/www.gtlawyers.com.br\/site\/wp-content\/uploads\/Foto-capa-768x580.jpeg 768w, https:\/\/www.gtlawyers.com.br\/site\/wp-content\/uploads\/Foto-capa-16x12.jpeg 16w, https:\/\/www.gtlawyers.com.br\/site\/wp-content\/uploads\/Foto-capa.jpeg 1280w\" sizes=\"auto, (max-width: 512px) 100vw, 512px\" \/><\/figure>\n\n\n\n<p class=\"has-text-align-left\">Esse livro \u00e9 fruto de estudos de associados da APRES \u2013 Associa\u00e7\u00e3o Paulista de Rela\u00e7\u00f5es e Estudos Sindicais. A APRES surgiu em dezembro de 2019, nascida de um grupo independente de estudos sindicais composto por profissionais da \u00e1rea das rela\u00e7\u00f5es sindicais que percebiam a necessidade de estudos mais profundos atinentes ao tema. Hoje, fazem parte dela profissionais da \u00e1rea jur\u00eddica e das rela\u00e7\u00f5es sindicais em geral.<\/p>\n\n\n\n<p class=\"has-text-align-left\"><\/p>\n\n\n\n<p class=\"has-text-align-left\">&nbsp;A APRES \u00e9 defensora da Liberdade sindical e estuda formas de alcan\u00e7\u00e1-la de forma plena, ainda inexistente em nosso ordenamento jur\u00eddico, que ainda mant\u00e9m a unicidade sindical, fruto da legisla\u00e7\u00e3o da d\u00e9cada de 1930.<\/p>\n\n\n\n<p class=\"has-text-align-left\"><\/p>\n\n\n\n<p class=\"has-text-align-left\">Mas essa busca n\u00e3o impede que os associados da APRES discutam como gerir as rela\u00e7\u00f5es sindicais dentro da legisla\u00e7\u00e3o vigente. Sempre prezando pela \u00e9tica e cumprimento das normas existentes, ao contr\u00e1rio, isso os estimula a encontrar caminhos para as melhores solu\u00e7\u00f5es das situa\u00e7\u00f5es que se apresentam. Essa discuss\u00e3o importa no estudo te\u00f3rico voltado para a pr\u00e1tica do dia a dia das rela\u00e7\u00f5es sindicais, ou seja, como encontrar as respostas para quest\u00f5es pr\u00e1ticas.<\/p>\n\n\n\n<p class=\"has-text-align-left\"><\/p>\n\n\n\n<p class=\"has-text-align-left\">Desses estudos, surge este livro que n\u00e3o esgota de modo algum a mat\u00e9ria, mas tem a esperan\u00e7a de gerar novas reflex\u00f5es e um maior interesse para o estudo da \u00e1rea sindical.<\/p>\n\n\n\n<div style=\"height:62px\" aria-hidden=\"true\" class=\"wp-block-spacer\"><\/div>\n\n\n\n<p><a href=\"https:\/\/loja.matrioskaeditora.com.br\/produtos\/temas-atuais-de-relacoes-sindicais\/\" target=\"_blank\" rel=\"noreferrer noopener\">Editora Matrioska<\/a>   <\/p>\n\n\n\n<p><a href=\"https:\/\/www.linkedin.com\/feed\/update\/urn:li:activity:7003675629137092608\/\">Diogo Tabosa<\/a><\/p>","protected":false},"excerpt":{"rendered":"<p>Esse livro \u00e9 fruto de estudos de associados da APRES \u2013 Associa\u00e7\u00e3o Paulista de Rela\u00e7\u00f5es e Estudos Sindicais. A APRES surgiu em dezembro de 2019, nascida de um grupo independente de estudos sindicais composto por profissionais da \u00e1rea das rela\u00e7\u00f5es sindicais que percebiam a necessidade de estudos mais profundos atinentes ao tema. Hoje, fazem parte [&hellip;]<\/p>\n","protected":false},"author":5,"featured_media":926,"comment_status":"open","ping_status":"open","sticky":false,"template":"","format":"standard","meta":{"_acf_changed":false,"footnotes":""},"categories":[7],"tags":[],"class_list":["post-925","post","type-post","status-publish","format-standard","has-post-thumbnail","hentry","category-noticia"],"acf":[],"yoast_head":"<!-- This site is optimized with the Yoast SEO plugin v27.5 - https:\/\/yoast.com\/product\/yoast-seo-wordpress\/ -->\n<title>Coquetel de lan\u00e7amento do livro do qual nosso s\u00f3cio, Diogo Tabosa, foi coautor. | GTLawyers | Escrit\u00f3rio boutique full-service<\/title>\n<meta name=\"robots\" content=\"index, follow, max-snippet:-1, max-image-preview:large, max-video-preview:-1\" \/>\n<link rel=\"canonical\" href=\"https:\/\/www.gtlawyers.com.br\/en\/noticia\/coquetel-de-lancamento-do-nosso-socio-diogo-tabosa-foi-coautor\/\" \/>\n<meta property=\"og:locale\" content=\"en_US\" \/>\n<meta property=\"og:type\" content=\"article\" \/>\n<meta property=\"og:title\" content=\"Coquetel de lan\u00e7amento do livro do qual nosso s\u00f3cio, Diogo Tabosa, foi coautor. | GTLawyers | Escrit\u00f3rio boutique full-service\" \/>\n<meta property=\"og:description\" content=\"Esse livro \u00e9 fruto de estudos de associados da APRES \u2013 Associa\u00e7\u00e3o Paulista de Rela\u00e7\u00f5es e Estudos Sindicais. A APRES surgiu em dezembro de 2019, nascida de um grupo independente de estudos sindicais composto por profissionais da \u00e1rea das rela\u00e7\u00f5es sindicais que percebiam a necessidade de estudos mais profundos atinentes ao tema. Hoje, fazem parte [&hellip;]\" \/>\n<meta property=\"og:url\" content=\"https:\/\/www.gtlawyers.com.br\/en\/noticia\/coquetel-de-lancamento-do-nosso-socio-diogo-tabosa-foi-coautor\/\" \/>\n<meta property=\"og:site_name\" content=\"GTLawyers | Escrit\u00f3rio boutique full-service\" \/>\n<meta property=\"article:published_time\" content=\"2022-12-08T00:15:16+00:00\" \/>\n<meta property=\"article:modified_time\" content=\"2022-12-12T16:57:38+00:00\" \/>\n<meta property=\"og:image\" content=\"https:\/\/www.gtlawyers.com.br\/site\/wp-content\/uploads\/Foto-capa.jpeg\" \/>\n\t<meta property=\"og:image:width\" content=\"1280\" \/>\n\t<meta property=\"og:image:height\" content=\"967\" \/>\n\t<meta property=\"og:image:type\" content=\"image\/jpeg\" \/>\n<meta name=\"author\" content=\"Felipe Nascimento\" \/>\n<meta name=\"twitter:card\" content=\"summary_large_image\" \/>\n<meta name=\"twitter:label1\" content=\"Written by\" \/>\n\t<meta name=\"twitter:data1\" content=\"Felipe Nascimento\" \/>\n\t<meta name=\"twitter:label2\" content=\"Est. reading time\" \/>\n\t<meta name=\"twitter:data2\" content=\"2 minutes\" \/>\n<script type=\"application\/ld+json\" class=\"yoast-schema-graph\">{\"@context\":\"https:\\\/\\\/schema.org\",\"@graph\":[{\"@type\":\"Article\",\"@id\":\"https:\\\/\\\/www.gtlawyers.com.br\\\/noticia\\\/coquetel-de-lancamento-do-nosso-socio-diogo-tabosa-foi-coautor\\\/#article\",\"isPartOf\":{\"@id\":\"https:\\\/\\\/www.gtlawyers.com.br\\\/noticia\\\/coquetel-de-lancamento-do-nosso-socio-diogo-tabosa-foi-coautor\\\/\"},\"author\":{\"name\":\"Felipe Nascimento\",\"@id\":\"https:\\\/\\\/www.gtlawyers.com.br\\\/#\\\/schema\\\/person\\\/ddacb191167435332fe1305a7c77274f\"},\"headline\":\"Coquetel de lan\u00e7amento do livro do qual nosso s\u00f3cio, Diogo Tabosa, foi coautor.\",\"datePublished\":\"2022-12-08T00:15:16+00:00\",\"dateModified\":\"2022-12-12T16:57:38+00:00\",\"mainEntityOfPage\":{\"@id\":\"https:\\\/\\\/www.gtlawyers.com.br\\\/noticia\\\/coquetel-de-lancamento-do-nosso-socio-diogo-tabosa-foi-coautor\\\/\"},\"wordCount\":244,\"commentCount\":0,\"publisher\":{\"@id\":\"https:\\\/\\\/www.gtlawyers.com.br\\\/#organization\"},\"image\":{\"@id\":\"https:\\\/\\\/www.gtlawyers.com.br\\\/noticia\\\/coquetel-de-lancamento-do-nosso-socio-diogo-tabosa-foi-coautor\\\/#primaryimage\"},\"thumbnailUrl\":\"https:\\\/\\\/www.gtlawyers.com.br\\\/site\\\/wp-content\\\/uploads\\\/Foto-capa.jpeg\",\"articleSection\":[\"News\"],\"inLanguage\":\"en-US\",\"potentialAction\":[{\"@type\":\"CommentAction\",\"name\":\"Comment\",\"target\":[\"https:\\\/\\\/www.gtlawyers.com.br\\\/noticia\\\/coquetel-de-lancamento-do-nosso-socio-diogo-tabosa-foi-coautor\\\/#respond\"]}]},{\"@type\":\"WebPage\",\"@id\":\"https:\\\/\\\/www.gtlawyers.com.br\\\/noticia\\\/coquetel-de-lancamento-do-nosso-socio-diogo-tabosa-foi-coautor\\\/\",\"url\":\"https:\\\/\\\/www.gtlawyers.com.br\\\/noticia\\\/coquetel-de-lancamento-do-nosso-socio-diogo-tabosa-foi-coautor\\\/\",\"name\":\"Coquetel de lan\u00e7amento do livro do qual nosso s\u00f3cio, Diogo Tabosa, foi coautor. | GTLawyers | Escrit\u00f3rio boutique full-service\",\"isPartOf\":{\"@id\":\"https:\\\/\\\/www.gtlawyers.com.br\\\/#website\"},\"primaryImageOfPage\":{\"@id\":\"https:\\\/\\\/www.gtlawyers.com.br\\\/noticia\\\/coquetel-de-lancamento-do-nosso-socio-diogo-tabosa-foi-coautor\\\/#primaryimage\"},\"image\":{\"@id\":\"https:\\\/\\\/www.gtlawyers.com.br\\\/noticia\\\/coquetel-de-lancamento-do-nosso-socio-diogo-tabosa-foi-coautor\\\/#primaryimage\"},\"thumbnailUrl\":\"https:\\\/\\\/www.gtlawyers.com.br\\\/site\\\/wp-content\\\/uploads\\\/Foto-capa.jpeg\",\"datePublished\":\"2022-12-08T00:15:16+00:00\",\"dateModified\":\"2022-12-12T16:57:38+00:00\",\"breadcrumb\":{\"@id\":\"https:\\\/\\\/www.gtlawyers.com.br\\\/noticia\\\/coquetel-de-lancamento-do-nosso-socio-diogo-tabosa-foi-coautor\\\/#breadcrumb\"},\"inLanguage\":\"en-US\",\"potentialAction\":[{\"@type\":\"ReadAction\",\"target\":[\"https:\\\/\\\/www.gtlawyers.com.br\\\/noticia\\\/coquetel-de-lancamento-do-nosso-socio-diogo-tabosa-foi-coautor\\\/\"]}]},{\"@type\":\"ImageObject\",\"inLanguage\":\"en-US\",\"@id\":\"https:\\\/\\\/www.gtlawyers.com.br\\\/noticia\\\/coquetel-de-lancamento-do-nosso-socio-diogo-tabosa-foi-coautor\\\/#primaryimage\",\"url\":\"https:\\\/\\\/www.gtlawyers.com.br\\\/site\\\/wp-content\\\/uploads\\\/Foto-capa.jpeg\",\"contentUrl\":\"https:\\\/\\\/www.gtlawyers.com.br\\\/site\\\/wp-content\\\/uploads\\\/Foto-capa.jpeg\",\"width\":1280,\"height\":967},{\"@type\":\"BreadcrumbList\",\"@id\":\"https:\\\/\\\/www.gtlawyers.com.br\\\/noticia\\\/coquetel-de-lancamento-do-nosso-socio-diogo-tabosa-foi-coautor\\\/#breadcrumb\",\"itemListElement\":[{\"@type\":\"ListItem\",\"position\":1,\"name\":\"In\u00edcio\",\"item\":\"https:\\\/\\\/www.gtlawyers.com.br\\\/\"},{\"@type\":\"ListItem\",\"position\":2,\"name\":\"Coquetel de lan\u00e7amento do livro do qual nosso s\u00f3cio, Diogo Tabosa, foi coautor.\"}]},{\"@type\":\"WebSite\",\"@id\":\"https:\\\/\\\/www.gtlawyers.com.br\\\/#website\",\"url\":\"https:\\\/\\\/www.gtlawyers.com.br\\\/\",\"name\":\"GTLawyers | Escrit\u00f3rio boutique full-service\",\"description\":\"Escrit\u00f3rio de advocacia franco-brasileiro para empresas especializado em M&amp;A, direito societ\u00e1rio, tribut\u00e1rio, imobili\u00e1rio, contencioso e compliance\",\"publisher\":{\"@id\":\"https:\\\/\\\/www.gtlawyers.com.br\\\/#organization\"},\"alternateName\":\"GTLawyers\",\"potentialAction\":[{\"@type\":\"SearchAction\",\"target\":{\"@type\":\"EntryPoint\",\"urlTemplate\":\"https:\\\/\\\/www.gtlawyers.com.br\\\/?s={search_term_string}\"},\"query-input\":{\"@type\":\"PropertyValueSpecification\",\"valueRequired\":true,\"valueName\":\"search_term_string\"}}],\"inLanguage\":\"en-US\"},{\"@type\":\"Organization\",\"@id\":\"https:\\\/\\\/www.gtlawyers.com.br\\\/#organization\",\"name\":\"GTLawyers - Escrit\u00f3rio boutique full-service\",\"url\":\"https:\\\/\\\/www.gtlawyers.com.br\\\/\",\"logo\":{\"@type\":\"ImageObject\",\"inLanguage\":\"en-US\",\"@id\":\"https:\\\/\\\/www.gtlawyers.com.br\\\/#\\\/schema\\\/logo\\\/image\\\/\",\"url\":\"https:\\\/\\\/www.gtlawyers.com.br\\\/site\\\/wp-content\\\/uploads\\\/image-3.png\",\"contentUrl\":\"https:\\\/\\\/www.gtlawyers.com.br\\\/site\\\/wp-content\\\/uploads\\\/image-3.png\",\"width\":166,\"height\":44,\"caption\":\"GTLawyers - Escrit\u00f3rio boutique full-service\"},\"image\":{\"@id\":\"https:\\\/\\\/www.gtlawyers.com.br\\\/#\\\/schema\\\/logo\\\/image\\\/\"},\"sameAs\":[\"https:\\\/\\\/www.linkedin.com\\\/company\\\/gtlawyers\\\/mycompany\\\/\"]},{\"@type\":\"Person\",\"@id\":\"https:\\\/\\\/www.gtlawyers.com.br\\\/#\\\/schema\\\/person\\\/ddacb191167435332fe1305a7c77274f\",\"name\":\"Felipe Nascimento\",\"image\":{\"@type\":\"ImageObject\",\"inLanguage\":\"en-US\",\"@id\":\"https:\\\/\\\/secure.gravatar.com\\\/avatar\\\/99b2fc11283f57cb70c409ae58fd3f3e83dfe5f33ff50bf649361b2d7e2240e0?s=96&d=mm&r=g\",\"url\":\"https:\\\/\\\/secure.gravatar.com\\\/avatar\\\/99b2fc11283f57cb70c409ae58fd3f3e83dfe5f33ff50bf649361b2d7e2240e0?s=96&d=mm&r=g\",\"contentUrl\":\"https:\\\/\\\/secure.gravatar.com\\\/avatar\\\/99b2fc11283f57cb70c409ae58fd3f3e83dfe5f33ff50bf649361b2d7e2240e0?s=96&d=mm&r=g\",\"caption\":\"Felipe Nascimento\"},\"url\":\"https:\\\/\\\/www.gtlawyers.com.br\\\/en\\\/author\\\/felipe\\\/\"}]}<\/script>\n<!-- \/ Yoast SEO plugin. -->","yoast_head_json":{"title":"Coquetel de lan\u00e7amento do livro do qual nosso s\u00f3cio, Diogo Tabosa, foi coautor. | GTLawyers | Escrit\u00f3rio boutique full-service","robots":{"index":"index","follow":"follow","max-snippet":"max-snippet:-1","max-image-preview":"max-image-preview:large","max-video-preview":"max-video-preview:-1"},"canonical":"https:\/\/www.gtlawyers.com.br\/en\/noticia\/coquetel-de-lancamento-do-nosso-socio-diogo-tabosa-foi-coautor\/","og_locale":"en_US","og_type":"article","og_title":"Coquetel de lan\u00e7amento do livro do qual nosso s\u00f3cio, Diogo Tabosa, foi coautor. | GTLawyers | Escrit\u00f3rio boutique full-service","og_description":"Esse livro \u00e9 fruto de estudos de associados da APRES \u2013 Associa\u00e7\u00e3o Paulista de Rela\u00e7\u00f5es e Estudos Sindicais. A APRES surgiu em dezembro de 2019, nascida de um grupo independente de estudos sindicais composto por profissionais da \u00e1rea das rela\u00e7\u00f5es sindicais que percebiam a necessidade de estudos mais profundos atinentes ao tema. Hoje, fazem parte [&hellip;]","og_url":"https:\/\/www.gtlawyers.com.br\/en\/noticia\/coquetel-de-lancamento-do-nosso-socio-diogo-tabosa-foi-coautor\/","og_site_name":"GTLawyers | Escrit\u00f3rio boutique full-service","article_published_time":"2022-12-08T00:15:16+00:00","article_modified_time":"2022-12-12T16:57:38+00:00","og_image":[{"width":1280,"height":967,"url":"https:\/\/www.gtlawyers.com.br\/site\/wp-content\/uploads\/Foto-capa.jpeg","type":"image\/jpeg"}],"author":"Felipe Nascimento","twitter_card":"summary_large_image","twitter_misc":{"Written by":"Felipe Nascimento","Est. reading time":"2 minutes"},"schema":{"@context":"https:\/\/schema.org","@graph":[{"@type":"Article","@id":"https:\/\/www.gtlawyers.com.br\/noticia\/coquetel-de-lancamento-do-nosso-socio-diogo-tabosa-foi-coautor\/#article","isPartOf":{"@id":"https:\/\/www.gtlawyers.com.br\/noticia\/coquetel-de-lancamento-do-nosso-socio-diogo-tabosa-foi-coautor\/"},"author":{"name":"Felipe Nascimento","@id":"https:\/\/www.gtlawyers.com.br\/#\/schema\/person\/ddacb191167435332fe1305a7c77274f"},"headline":"Coquetel de lan\u00e7amento do livro do qual nosso s\u00f3cio, Diogo Tabosa, foi coautor.","datePublished":"2022-12-08T00:15:16+00:00","dateModified":"2022-12-12T16:57:38+00:00","mainEntityOfPage":{"@id":"https:\/\/www.gtlawyers.com.br\/noticia\/coquetel-de-lancamento-do-nosso-socio-diogo-tabosa-foi-coautor\/"},"wordCount":244,"commentCount":0,"publisher":{"@id":"https:\/\/www.gtlawyers.com.br\/#organization"},"image":{"@id":"https:\/\/www.gtlawyers.com.br\/noticia\/coquetel-de-lancamento-do-nosso-socio-diogo-tabosa-foi-coautor\/#primaryimage"},"thumbnailUrl":"https:\/\/www.gtlawyers.com.br\/site\/wp-content\/uploads\/Foto-capa.jpeg","articleSection":["News"],"inLanguage":"en-US","potentialAction":[{"@type":"CommentAction","name":"Comment","target":["https:\/\/www.gtlawyers.com.br\/noticia\/coquetel-de-lancamento-do-nosso-socio-diogo-tabosa-foi-coautor\/#respond"]}]},{"@type":"WebPage","@id":"https:\/\/www.gtlawyers.com.br\/noticia\/coquetel-de-lancamento-do-nosso-socio-diogo-tabosa-foi-coautor\/","url":"https:\/\/www.gtlawyers.com.br\/noticia\/coquetel-de-lancamento-do-nosso-socio-diogo-tabosa-foi-coautor\/","name":"Coquetel de lan\u00e7amento do livro do qual nosso s\u00f3cio, Diogo Tabosa, foi coautor. | GTLawyers | Escrit\u00f3rio boutique full-service","isPartOf":{"@id":"https:\/\/www.gtlawyers.com.br\/#website"},"primaryImageOfPage":{"@id":"https:\/\/www.gtlawyers.com.br\/noticia\/coquetel-de-lancamento-do-nosso-socio-diogo-tabosa-foi-coautor\/#primaryimage"},"image":{"@id":"https:\/\/www.gtlawyers.com.br\/noticia\/coquetel-de-lancamento-do-nosso-socio-diogo-tabosa-foi-coautor\/#primaryimage"},"thumbnailUrl":"https:\/\/www.gtlawyers.com.br\/site\/wp-content\/uploads\/Foto-capa.jpeg","datePublished":"2022-12-08T00:15:16+00:00","dateModified":"2022-12-12T16:57:38+00:00","breadcrumb":{"@id":"https:\/\/www.gtlawyers.com.br\/noticia\/coquetel-de-lancamento-do-nosso-socio-diogo-tabosa-foi-coautor\/#breadcrumb"},"inLanguage":"en-US","potentialAction":[{"@type":"ReadAction","target":["https:\/\/www.gtlawyers.com.br\/noticia\/coquetel-de-lancamento-do-nosso-socio-diogo-tabosa-foi-coautor\/"]}]},{"@type":"ImageObject","inLanguage":"en-US","@id":"https:\/\/www.gtlawyers.com.br\/noticia\/coquetel-de-lancamento-do-nosso-socio-diogo-tabosa-foi-coautor\/#primaryimage","url":"https:\/\/www.gtlawyers.com.br\/site\/wp-content\/uploads\/Foto-capa.jpeg","contentUrl":"https:\/\/www.gtlawyers.com.br\/site\/wp-content\/uploads\/Foto-capa.jpeg","width":1280,"height":967},{"@type":"BreadcrumbList","@id":"https:\/\/www.gtlawyers.com.br\/noticia\/coquetel-de-lancamento-do-nosso-socio-diogo-tabosa-foi-coautor\/#breadcrumb","itemListElement":[{"@type":"ListItem","position":1,"name":"In\u00edcio","item":"https:\/\/www.gtlawyers.com.br\/"},{"@type":"ListItem","position":2,"name":"Coquetel de lan\u00e7amento do livro do qual nosso s\u00f3cio, Diogo Tabosa, foi coautor."}]},{"@type":"WebSite","@id":"https:\/\/www.gtlawyers.com.br\/#website","url":"https:\/\/www.gtlawyers.com.br\/","name":"GTLawyers | Escrit\u00f3rio boutique full-service","description":"Escrit\u00f3rio de advocacia franco-brasileiro para empresas especializado em M&amp;A, direito societ\u00e1rio, tribut\u00e1rio, imobili\u00e1rio, contencioso e compliance","publisher":{"@id":"https:\/\/www.gtlawyers.com.br\/#organization"},"alternateName":"GTLawyers","potentialAction":[{"@type":"SearchAction","target":{"@type":"EntryPoint","urlTemplate":"https:\/\/www.gtlawyers.com.br\/?s={search_term_string}"},"query-input":{"@type":"PropertyValueSpecification","valueRequired":true,"valueName":"search_term_string"}}],"inLanguage":"en-US"},{"@type":"Organization","@id":"https:\/\/www.gtlawyers.com.br\/#organization","name":"GTLawyers - Escrit\u00f3rio boutique full-service","url":"https:\/\/www.gtlawyers.com.br\/","logo":{"@type":"ImageObject","inLanguage":"en-US","@id":"https:\/\/www.gtlawyers.com.br\/#\/schema\/logo\/image\/","url":"https:\/\/www.gtlawyers.com.br\/site\/wp-content\/uploads\/image-3.png","contentUrl":"https:\/\/www.gtlawyers.com.br\/site\/wp-content\/uploads\/image-3.png","width":166,"height":44,"caption":"GTLawyers - Escrit\u00f3rio boutique full-service"},"image":{"@id":"https:\/\/www.gtlawyers.com.br\/#\/schema\/logo\/image\/"},"sameAs":["https:\/\/www.linkedin.com\/company\/gtlawyers\/mycompany\/"]},{"@type":"Person","@id":"https:\/\/www.gtlawyers.com.br\/#\/schema\/person\/ddacb191167435332fe1305a7c77274f","name":"Felipe Nascimento","image":{"@type":"ImageObject","inLanguage":"en-US","@id":"https:\/\/secure.gravatar.com\/avatar\/99b2fc11283f57cb70c409ae58fd3f3e83dfe5f33ff50bf649361b2d7e2240e0?s=96&d=mm&r=g","url":"https:\/\/secure.gravatar.com\/avatar\/99b2fc11283f57cb70c409ae58fd3f3e83dfe5f33ff50bf649361b2d7e2240e0?s=96&d=mm&r=g","contentUrl":"https:\/\/secure.gravatar.com\/avatar\/99b2fc11283f57cb70c409ae58fd3f3e83dfe5f33ff50bf649361b2d7e2240e0?s=96&d=mm&r=g","caption":"Felipe Nascimento"},"url":"https:\/\/www.gtlawyers.com.br\/en\/author\/felipe\/"}]}},"_links":{"self":[{"href":"https:\/\/www.gtlawyers.com.br\/en\/wp-json\/wp\/v2\/posts\/925","targetHints":{"allow":["GET"]}}],"collection":[{"href":"https:\/\/www.gtlawyers.com.br\/en\/wp-json\/wp\/v2\/posts"}],"about":[{"href":"https:\/\/www.gtlawyers.com.br\/en\/wp-json\/wp\/v2\/types\/post"}],"author":[{"embeddable":true,"href":"https:\/\/www.gtlawyers.com.br\/en\/wp-json\/wp\/v2\/users\/5"}],"replies":[{"embeddable":true,"href":"https:\/\/www.gtlawyers.com.br\/en\/wp-json\/wp\/v2\/comments?post=925"}],"version-history":[{"count":4,"href":"https:\/\/www.gtlawyers.com.br\/en\/wp-json\/wp\/v2\/posts\/925\/revisions"}],"predecessor-version":[{"id":934,"href":"https:\/\/www.gtlawyers.com.br\/en\/wp-json\/wp\/v2\/posts\/925\/revisions\/934"}],"wp:featuredmedia":[{"embeddable":true,"href":"https:\/\/www.gtlawyers.com.br\/en\/wp-json\/wp\/v2\/media\/926"}],"wp:attachment":[{"href":"https:\/\/www.gtlawyers.com.br\/en\/wp-json\/wp\/v2\/media?parent=925"}],"wp:term":[{"taxonomy":"category","embeddable":true,"href":"https:\/\/www.gtlawyers.com.br\/en\/wp-json\/wp\/v2\/categories?post=925"},{"taxonomy":"post_tag","embeddable":true,"href":"https:\/\/www.gtlawyers.com.br\/en\/wp-json\/wp\/v2\/tags?post=925"}],"curies":[{"name":"wp","href":"https:\/\/api.w.org\/{rel}","templated":true}]}}