{"id":936,"date":"2022-12-15T18:48:38","date_gmt":"2022-12-15T21:48:38","guid":{"rendered":"https:\/\/www.gtlawyers.com.br\/?p=936"},"modified":"2022-12-15T18:48:39","modified_gmt":"2022-12-15T21:48:39","slug":"jantar-beneficente-la-bienfaisance-associacao-francesa-de-beneficencia-14-de-julho-de-sao-paulojunto-com-sao-paulo-accueil-e-a-camara-de-comercio-franca-brasil","status":"publish","type":"post","link":"https:\/\/www.gtlawyers.com.br\/en\/noticia\/jantar-beneficente-la-bienfaisance-associacao-francesa-de-beneficencia-14-de-julho-de-sao-paulojunto-com-sao-paulo-accueil-e-a-camara-de-comercio-franca-brasil\/","title":{"rendered":"Jantar beneficente La Bienfaisance, (<strong>Associa\u00e7\u00e3o Francesa de Benefic\u00eancia 14 de julho de\u00a0S\u00e3o Paulo),<\/strong>junto com S\u00e3o Paulo Accueil e a C\u00e2mara de Comercio Fran\u00e7a Brasil."},"content":{"rendered":"<figure class=\"wp-block-image size-large is-resized\"><img decoding=\"async\" src=\"https:\/\/www.gtlawyers.com.br\/site\/wp-content\/uploads\/La-Bienfaisance-683x1024.jpg\" alt=\"\" class=\"wp-image-937\" height=\"960\" srcset=\"https:\/\/www.gtlawyers.com.br\/site\/wp-content\/uploads\/La-Bienfaisance-683x1024.jpg 683w, https:\/\/www.gtlawyers.com.br\/site\/wp-content\/uploads\/La-Bienfaisance-200x300.jpg 200w, https:\/\/www.gtlawyers.com.br\/site\/wp-content\/uploads\/La-Bienfaisance-100x150.jpg 100w, https:\/\/www.gtlawyers.com.br\/site\/wp-content\/uploads\/La-Bienfaisance-768x1152.jpg 768w, https:\/\/www.gtlawyers.com.br\/site\/wp-content\/uploads\/La-Bienfaisance-1024x1536.jpg 1024w, https:\/\/www.gtlawyers.com.br\/site\/wp-content\/uploads\/La-Bienfaisance-1366x2048.jpg 1366w, https:\/\/www.gtlawyers.com.br\/site\/wp-content\/uploads\/La-Bienfaisance-8x12.jpg 8w, https:\/\/www.gtlawyers.com.br\/site\/wp-content\/uploads\/La-Bienfaisance-scaled.jpg 1707w\" sizes=\"(max-width: 683px) 100vw, 683px\" \/><\/figure>\n\n\n\n<p>No \u00faltimo dia 06 de dezembro de 2022, Gt Lawyers participou do coquetel beneficente da La Bienfaisance, com o objetivo de apoiar a\u00e7\u00f5es de solidariedade e arrecada\u00e7\u00e3o de fundos para as atividades sociais das tr\u00eas entidades.<\/p>\n\n\n\n<p>Participantes:  Fernanda Buff, Rafaela Sampaio, Clavdia Chabreuil e Ana Lucia Villela<\/p>","protected":false},"excerpt":{"rendered":"<p>No \u00faltimo dia 06 de dezembro de 2022, Gt Lawyers participou do coquetel beneficente da La Bienfaisance, com o objetivo de apoiar a\u00e7\u00f5es de solidariedade e arrecada\u00e7\u00e3o de fundos para as atividades sociais das tr\u00eas entidades. Participantes: Fernanda Buff, Rafaela Sampaio, Clavdia Chabreuil e Ana Lucia Villela<\/p>","protected":false},"author":5,"featured_media":937,"comment_status":"open","ping_status":"open","sticky":false,"template":"","format":"standard","meta":{"_acf_changed":false,"footnotes":""},"categories":[7],"tags":[],"class_list":["post-936","post","type-post","status-publish","format-standard","has-post-thumbnail","hentry","category-noticia"],"acf":[],"yoast_head":"<!-- This site is optimized with the Yoast SEO plugin v27.5 - https:\/\/yoast.com\/product\/yoast-seo-wordpress\/ -->\n<title>Jantar beneficente La Bienfaisance, (Associa\u00e7\u00e3o Francesa de Benefic\u00eancia 14 de julho de\u00a0S\u00e3o Paulo),junto com S\u00e3o Paulo Accueil e a C\u00e2mara de Comercio Fran\u00e7a Brasil. | GTLawyers | Escrit\u00f3rio boutique full-service<\/title>\n<meta name=\"robots\" content=\"index, follow, max-snippet:-1, max-image-preview:large, max-video-preview:-1\" \/>\n<link rel=\"canonical\" href=\"https:\/\/www.gtlawyers.com.br\/en\/noticia\/jantar-beneficente-la-bienfaisance-associacao-francesa-de-beneficencia-14-de-julho-de-sao-paulojunto-com-sao-paulo-accueil-e-a-camara-de-comercio-franca-brasil\/\" \/>\n<meta property=\"og:locale\" content=\"en_US\" \/>\n<meta property=\"og:type\" content=\"article\" \/>\n<meta property=\"og:title\" content=\"Jantar beneficente La Bienfaisance, (Associa\u00e7\u00e3o Francesa de Benefic\u00eancia 14 de julho de\u00a0S\u00e3o Paulo),junto com S\u00e3o Paulo Accueil e a C\u00e2mara de Comercio Fran\u00e7a Brasil. | GTLawyers | Escrit\u00f3rio boutique full-service\" \/>\n<meta property=\"og:description\" content=\"No \u00faltimo dia 06 de dezembro de 2022, Gt Lawyers participou do coquetel beneficente da La Bienfaisance, com o objetivo de apoiar a\u00e7\u00f5es de solidariedade e arrecada\u00e7\u00e3o de fundos para as atividades sociais das tr\u00eas entidades. Participantes: Fernanda Buff, Rafaela Sampaio, Clavdia Chabreuil e Ana Lucia Villela\" \/>\n<meta property=\"og:url\" content=\"https:\/\/www.gtlawyers.com.br\/en\/noticia\/jantar-beneficente-la-bienfaisance-associacao-francesa-de-beneficencia-14-de-julho-de-sao-paulojunto-com-sao-paulo-accueil-e-a-camara-de-comercio-franca-brasil\/\" \/>\n<meta property=\"og:site_name\" content=\"GTLawyers | Escrit\u00f3rio boutique full-service\" \/>\n<meta property=\"article:published_time\" content=\"2022-12-15T21:48:38+00:00\" \/>\n<meta property=\"article:modified_time\" content=\"2022-12-15T21:48:39+00:00\" \/>\n<meta property=\"og:image\" content=\"https:\/\/www.gtlawyers.com.br\/site\/wp-content\/uploads\/La-Bienfaisance-scaled.jpg\" \/>\n\t<meta property=\"og:image:width\" content=\"1707\" \/>\n\t<meta property=\"og:image:height\" content=\"2560\" \/>\n\t<meta property=\"og:image:type\" content=\"image\/jpeg\" \/>\n<meta name=\"author\" content=\"Felipe Nascimento\" \/>\n<meta name=\"twitter:card\" content=\"summary_large_image\" \/>\n<meta name=\"twitter:label1\" content=\"Written by\" \/>\n\t<meta name=\"twitter:data1\" content=\"Felipe Nascimento\" \/>\n\t<meta name=\"twitter:label2\" content=\"Est. reading time\" \/>\n\t<meta name=\"twitter:data2\" content=\"1 minute\" \/>\n<script type=\"application\/ld+json\" class=\"yoast-schema-graph\">{\"@context\":\"https:\\\/\\\/schema.org\",\"@graph\":[{\"@type\":\"Article\",\"@id\":\"https:\\\/\\\/www.gtlawyers.com.br\\\/noticia\\\/jantar-beneficente-la-bienfaisance-associacao-francesa-de-beneficencia-14-de-julho-de-sao-paulojunto-com-sao-paulo-accueil-e-a-camara-de-comercio-franca-brasil\\\/#article\",\"isPartOf\":{\"@id\":\"https:\\\/\\\/www.gtlawyers.com.br\\\/noticia\\\/jantar-beneficente-la-bienfaisance-associacao-francesa-de-beneficencia-14-de-julho-de-sao-paulojunto-com-sao-paulo-accueil-e-a-camara-de-comercio-franca-brasil\\\/\"},\"author\":{\"name\":\"Felipe Nascimento\",\"@id\":\"https:\\\/\\\/www.gtlawyers.com.br\\\/#\\\/schema\\\/person\\\/ddacb191167435332fe1305a7c77274f\"},\"headline\":\"Jantar beneficente La Bienfaisance, (Associa\u00e7\u00e3o Francesa de Benefic\u00eancia 14 de julho de\u00a0S\u00e3o Paulo),junto com S\u00e3o Paulo Accueil e a C\u00e2mara de Comercio Fran\u00e7a Brasil.\",\"datePublished\":\"2022-12-15T21:48:38+00:00\",\"dateModified\":\"2022-12-15T21:48:39+00:00\",\"mainEntityOfPage\":{\"@id\":\"https:\\\/\\\/www.gtlawyers.com.br\\\/noticia\\\/jantar-beneficente-la-bienfaisance-associacao-francesa-de-beneficencia-14-de-julho-de-sao-paulojunto-com-sao-paulo-accueil-e-a-camara-de-comercio-franca-brasil\\\/\"},\"wordCount\":79,\"commentCount\":0,\"publisher\":{\"@id\":\"https:\\\/\\\/www.gtlawyers.com.br\\\/#organization\"},\"image\":{\"@id\":\"https:\\\/\\\/www.gtlawyers.com.br\\\/noticia\\\/jantar-beneficente-la-bienfaisance-associacao-francesa-de-beneficencia-14-de-julho-de-sao-paulojunto-com-sao-paulo-accueil-e-a-camara-de-comercio-franca-brasil\\\/#primaryimage\"},\"thumbnailUrl\":\"https:\\\/\\\/www.gtlawyers.com.br\\\/site\\\/wp-content\\\/uploads\\\/La-Bienfaisance-scaled.jpg\",\"articleSection\":[\"News\"],\"inLanguage\":\"en-US\",\"potentialAction\":[{\"@type\":\"CommentAction\",\"name\":\"Comment\",\"target\":[\"https:\\\/\\\/www.gtlawyers.com.br\\\/noticia\\\/jantar-beneficente-la-bienfaisance-associacao-francesa-de-beneficencia-14-de-julho-de-sao-paulojunto-com-sao-paulo-accueil-e-a-camara-de-comercio-franca-brasil\\\/#respond\"]}]},{\"@type\":\"WebPage\",\"@id\":\"https:\\\/\\\/www.gtlawyers.com.br\\\/noticia\\\/jantar-beneficente-la-bienfaisance-associacao-francesa-de-beneficencia-14-de-julho-de-sao-paulojunto-com-sao-paulo-accueil-e-a-camara-de-comercio-franca-brasil\\\/\",\"url\":\"https:\\\/\\\/www.gtlawyers.com.br\\\/noticia\\\/jantar-beneficente-la-bienfaisance-associacao-francesa-de-beneficencia-14-de-julho-de-sao-paulojunto-com-sao-paulo-accueil-e-a-camara-de-comercio-franca-brasil\\\/\",\"name\":\"Jantar beneficente La Bienfaisance, (Associa\u00e7\u00e3o Francesa de Benefic\u00eancia 14 de julho de\u00a0S\u00e3o Paulo),junto com S\u00e3o Paulo Accueil e a C\u00e2mara de Comercio Fran\u00e7a Brasil. | GTLawyers | Escrit\u00f3rio boutique full-service\",\"isPartOf\":{\"@id\":\"https:\\\/\\\/www.gtlawyers.com.br\\\/#website\"},\"primaryImageOfPage\":{\"@id\":\"https:\\\/\\\/www.gtlawyers.com.br\\\/noticia\\\/jantar-beneficente-la-bienfaisance-associacao-francesa-de-beneficencia-14-de-julho-de-sao-paulojunto-com-sao-paulo-accueil-e-a-camara-de-comercio-franca-brasil\\\/#primaryimage\"},\"image\":{\"@id\":\"https:\\\/\\\/www.gtlawyers.com.br\\\/noticia\\\/jantar-beneficente-la-bienfaisance-associacao-francesa-de-beneficencia-14-de-julho-de-sao-paulojunto-com-sao-paulo-accueil-e-a-camara-de-comercio-franca-brasil\\\/#primaryimage\"},\"thumbnailUrl\":\"https:\\\/\\\/www.gtlawyers.com.br\\\/site\\\/wp-content\\\/uploads\\\/La-Bienfaisance-scaled.jpg\",\"datePublished\":\"2022-12-15T21:48:38+00:00\",\"dateModified\":\"2022-12-15T21:48:39+00:00\",\"breadcrumb\":{\"@id\":\"https:\\\/\\\/www.gtlawyers.com.br\\\/noticia\\\/jantar-beneficente-la-bienfaisance-associacao-francesa-de-beneficencia-14-de-julho-de-sao-paulojunto-com-sao-paulo-accueil-e-a-camara-de-comercio-franca-brasil\\\/#breadcrumb\"},\"inLanguage\":\"en-US\",\"potentialAction\":[{\"@type\":\"ReadAction\",\"target\":[\"https:\\\/\\\/www.gtlawyers.com.br\\\/noticia\\\/jantar-beneficente-la-bienfaisance-associacao-francesa-de-beneficencia-14-de-julho-de-sao-paulojunto-com-sao-paulo-accueil-e-a-camara-de-comercio-franca-brasil\\\/\"]}]},{\"@type\":\"ImageObject\",\"inLanguage\":\"en-US\",\"@id\":\"https:\\\/\\\/www.gtlawyers.com.br\\\/noticia\\\/jantar-beneficente-la-bienfaisance-associacao-francesa-de-beneficencia-14-de-julho-de-sao-paulojunto-com-sao-paulo-accueil-e-a-camara-de-comercio-franca-brasil\\\/#primaryimage\",\"url\":\"https:\\\/\\\/www.gtlawyers.com.br\\\/site\\\/wp-content\\\/uploads\\\/La-Bienfaisance-scaled.jpg\",\"contentUrl\":\"https:\\\/\\\/www.gtlawyers.com.br\\\/site\\\/wp-content\\\/uploads\\\/La-Bienfaisance-scaled.jpg\",\"width\":1707,\"height\":2560},{\"@type\":\"BreadcrumbList\",\"@id\":\"https:\\\/\\\/www.gtlawyers.com.br\\\/noticia\\\/jantar-beneficente-la-bienfaisance-associacao-francesa-de-beneficencia-14-de-julho-de-sao-paulojunto-com-sao-paulo-accueil-e-a-camara-de-comercio-franca-brasil\\\/#breadcrumb\",\"itemListElement\":[{\"@type\":\"ListItem\",\"position\":1,\"name\":\"In\u00edcio\",\"item\":\"https:\\\/\\\/www.gtlawyers.com.br\\\/\"},{\"@type\":\"ListItem\",\"position\":2,\"name\":\"Jantar beneficente La Bienfaisance, (Associa\u00e7\u00e3o Francesa de Benefic\u00eancia 14 de julho de\u00a0S\u00e3o Paulo),junto com S\u00e3o Paulo Accueil e a C\u00e2mara de Comercio Fran\u00e7a Brasil.\"}]},{\"@type\":\"WebSite\",\"@id\":\"https:\\\/\\\/www.gtlawyers.com.br\\\/#website\",\"url\":\"https:\\\/\\\/www.gtlawyers.com.br\\\/\",\"name\":\"GTLawyers | Escrit\u00f3rio boutique full-service\",\"description\":\"Escrit\u00f3rio de advocacia franco-brasileiro para empresas especializado em M&amp;A, direito societ\u00e1rio, tribut\u00e1rio, imobili\u00e1rio, contencioso e compliance\",\"publisher\":{\"@id\":\"https:\\\/\\\/www.gtlawyers.com.br\\\/#organization\"},\"alternateName\":\"GTLawyers\",\"potentialAction\":[{\"@type\":\"SearchAction\",\"target\":{\"@type\":\"EntryPoint\",\"urlTemplate\":\"https:\\\/\\\/www.gtlawyers.com.br\\\/?s={search_term_string}\"},\"query-input\":{\"@type\":\"PropertyValueSpecification\",\"valueRequired\":true,\"valueName\":\"search_term_string\"}}],\"inLanguage\":\"en-US\"},{\"@type\":\"Organization\",\"@id\":\"https:\\\/\\\/www.gtlawyers.com.br\\\/#organization\",\"name\":\"GTLawyers - Escrit\u00f3rio boutique full-service\",\"url\":\"https:\\\/\\\/www.gtlawyers.com.br\\\/\",\"logo\":{\"@type\":\"ImageObject\",\"inLanguage\":\"en-US\",\"@id\":\"https:\\\/\\\/www.gtlawyers.com.br\\\/#\\\/schema\\\/logo\\\/image\\\/\",\"url\":\"https:\\\/\\\/www.gtlawyers.com.br\\\/site\\\/wp-content\\\/uploads\\\/image-3.png\",\"contentUrl\":\"https:\\\/\\\/www.gtlawyers.com.br\\\/site\\\/wp-content\\\/uploads\\\/image-3.png\",\"width\":166,\"height\":44,\"caption\":\"GTLawyers - Escrit\u00f3rio boutique full-service\"},\"image\":{\"@id\":\"https:\\\/\\\/www.gtlawyers.com.br\\\/#\\\/schema\\\/logo\\\/image\\\/\"},\"sameAs\":[\"https:\\\/\\\/www.linkedin.com\\\/company\\\/gtlawyers\\\/mycompany\\\/\"]},{\"@type\":\"Person\",\"@id\":\"https:\\\/\\\/www.gtlawyers.com.br\\\/#\\\/schema\\\/person\\\/ddacb191167435332fe1305a7c77274f\",\"name\":\"Felipe Nascimento\",\"image\":{\"@type\":\"ImageObject\",\"inLanguage\":\"en-US\",\"@id\":\"https:\\\/\\\/secure.gravatar.com\\\/avatar\\\/99b2fc11283f57cb70c409ae58fd3f3e83dfe5f33ff50bf649361b2d7e2240e0?s=96&d=mm&r=g\",\"url\":\"https:\\\/\\\/secure.gravatar.com\\\/avatar\\\/99b2fc11283f57cb70c409ae58fd3f3e83dfe5f33ff50bf649361b2d7e2240e0?s=96&d=mm&r=g\",\"contentUrl\":\"https:\\\/\\\/secure.gravatar.com\\\/avatar\\\/99b2fc11283f57cb70c409ae58fd3f3e83dfe5f33ff50bf649361b2d7e2240e0?s=96&d=mm&r=g\",\"caption\":\"Felipe Nascimento\"},\"url\":\"https:\\\/\\\/www.gtlawyers.com.br\\\/en\\\/author\\\/felipe\\\/\"}]}<\/script>\n<!-- \/ Yoast SEO plugin. -->","yoast_head_json":{"title":"Jantar beneficente La Bienfaisance, (Associa\u00e7\u00e3o Francesa de Benefic\u00eancia 14 de julho de\u00a0S\u00e3o Paulo),junto com S\u00e3o Paulo Accueil e a C\u00e2mara de Comercio Fran\u00e7a Brasil. | GTLawyers | Escrit\u00f3rio boutique full-service","robots":{"index":"index","follow":"follow","max-snippet":"max-snippet:-1","max-image-preview":"max-image-preview:large","max-video-preview":"max-video-preview:-1"},"canonical":"https:\/\/www.gtlawyers.com.br\/en\/noticia\/jantar-beneficente-la-bienfaisance-associacao-francesa-de-beneficencia-14-de-julho-de-sao-paulojunto-com-sao-paulo-accueil-e-a-camara-de-comercio-franca-brasil\/","og_locale":"en_US","og_type":"article","og_title":"Jantar beneficente La Bienfaisance, (Associa\u00e7\u00e3o Francesa de Benefic\u00eancia 14 de julho de\u00a0S\u00e3o Paulo),junto com S\u00e3o Paulo Accueil e a C\u00e2mara de Comercio Fran\u00e7a Brasil. | GTLawyers | Escrit\u00f3rio boutique full-service","og_description":"No \u00faltimo dia 06 de dezembro de 2022, Gt Lawyers participou do coquetel beneficente da La Bienfaisance, com o objetivo de apoiar a\u00e7\u00f5es de solidariedade e arrecada\u00e7\u00e3o de fundos para as atividades sociais das tr\u00eas entidades. Participantes: Fernanda Buff, Rafaela Sampaio, Clavdia Chabreuil e Ana Lucia Villela","og_url":"https:\/\/www.gtlawyers.com.br\/en\/noticia\/jantar-beneficente-la-bienfaisance-associacao-francesa-de-beneficencia-14-de-julho-de-sao-paulojunto-com-sao-paulo-accueil-e-a-camara-de-comercio-franca-brasil\/","og_site_name":"GTLawyers | Escrit\u00f3rio boutique full-service","article_published_time":"2022-12-15T21:48:38+00:00","article_modified_time":"2022-12-15T21:48:39+00:00","og_image":[{"width":1707,"height":2560,"url":"https:\/\/www.gtlawyers.com.br\/site\/wp-content\/uploads\/La-Bienfaisance-scaled.jpg","type":"image\/jpeg"}],"author":"Felipe Nascimento","twitter_card":"summary_large_image","twitter_misc":{"Written by":"Felipe Nascimento","Est. reading time":"1 minute"},"schema":{"@context":"https:\/\/schema.org","@graph":[{"@type":"Article","@id":"https:\/\/www.gtlawyers.com.br\/noticia\/jantar-beneficente-la-bienfaisance-associacao-francesa-de-beneficencia-14-de-julho-de-sao-paulojunto-com-sao-paulo-accueil-e-a-camara-de-comercio-franca-brasil\/#article","isPartOf":{"@id":"https:\/\/www.gtlawyers.com.br\/noticia\/jantar-beneficente-la-bienfaisance-associacao-francesa-de-beneficencia-14-de-julho-de-sao-paulojunto-com-sao-paulo-accueil-e-a-camara-de-comercio-franca-brasil\/"},"author":{"name":"Felipe Nascimento","@id":"https:\/\/www.gtlawyers.com.br\/#\/schema\/person\/ddacb191167435332fe1305a7c77274f"},"headline":"Jantar beneficente La Bienfaisance, (Associa\u00e7\u00e3o Francesa de Benefic\u00eancia 14 de julho de\u00a0S\u00e3o Paulo),junto com S\u00e3o Paulo Accueil e a C\u00e2mara de Comercio Fran\u00e7a Brasil.","datePublished":"2022-12-15T21:48:38+00:00","dateModified":"2022-12-15T21:48:39+00:00","mainEntityOfPage":{"@id":"https:\/\/www.gtlawyers.com.br\/noticia\/jantar-beneficente-la-bienfaisance-associacao-francesa-de-beneficencia-14-de-julho-de-sao-paulojunto-com-sao-paulo-accueil-e-a-camara-de-comercio-franca-brasil\/"},"wordCount":79,"commentCount":0,"publisher":{"@id":"https:\/\/www.gtlawyers.com.br\/#organization"},"image":{"@id":"https:\/\/www.gtlawyers.com.br\/noticia\/jantar-beneficente-la-bienfaisance-associacao-francesa-de-beneficencia-14-de-julho-de-sao-paulojunto-com-sao-paulo-accueil-e-a-camara-de-comercio-franca-brasil\/#primaryimage"},"thumbnailUrl":"https:\/\/www.gtlawyers.com.br\/site\/wp-content\/uploads\/La-Bienfaisance-scaled.jpg","articleSection":["News"],"inLanguage":"en-US","potentialAction":[{"@type":"CommentAction","name":"Comment","target":["https:\/\/www.gtlawyers.com.br\/noticia\/jantar-beneficente-la-bienfaisance-associacao-francesa-de-beneficencia-14-de-julho-de-sao-paulojunto-com-sao-paulo-accueil-e-a-camara-de-comercio-franca-brasil\/#respond"]}]},{"@type":"WebPage","@id":"https:\/\/www.gtlawyers.com.br\/noticia\/jantar-beneficente-la-bienfaisance-associacao-francesa-de-beneficencia-14-de-julho-de-sao-paulojunto-com-sao-paulo-accueil-e-a-camara-de-comercio-franca-brasil\/","url":"https:\/\/www.gtlawyers.com.br\/noticia\/jantar-beneficente-la-bienfaisance-associacao-francesa-de-beneficencia-14-de-julho-de-sao-paulojunto-com-sao-paulo-accueil-e-a-camara-de-comercio-franca-brasil\/","name":"Jantar beneficente La Bienfaisance, (Associa\u00e7\u00e3o Francesa de Benefic\u00eancia 14 de julho de\u00a0S\u00e3o Paulo),junto com S\u00e3o Paulo Accueil e a C\u00e2mara de Comercio Fran\u00e7a Brasil. | GTLawyers | Escrit\u00f3rio boutique full-service","isPartOf":{"@id":"https:\/\/www.gtlawyers.com.br\/#website"},"primaryImageOfPage":{"@id":"https:\/\/www.gtlawyers.com.br\/noticia\/jantar-beneficente-la-bienfaisance-associacao-francesa-de-beneficencia-14-de-julho-de-sao-paulojunto-com-sao-paulo-accueil-e-a-camara-de-comercio-franca-brasil\/#primaryimage"},"image":{"@id":"https:\/\/www.gtlawyers.com.br\/noticia\/jantar-beneficente-la-bienfaisance-associacao-francesa-de-beneficencia-14-de-julho-de-sao-paulojunto-com-sao-paulo-accueil-e-a-camara-de-comercio-franca-brasil\/#primaryimage"},"thumbnailUrl":"https:\/\/www.gtlawyers.com.br\/site\/wp-content\/uploads\/La-Bienfaisance-scaled.jpg","datePublished":"2022-12-15T21:48:38+00:00","dateModified":"2022-12-15T21:48:39+00:00","breadcrumb":{"@id":"https:\/\/www.gtlawyers.com.br\/noticia\/jantar-beneficente-la-bienfaisance-associacao-francesa-de-beneficencia-14-de-julho-de-sao-paulojunto-com-sao-paulo-accueil-e-a-camara-de-comercio-franca-brasil\/#breadcrumb"},"inLanguage":"en-US","potentialAction":[{"@type":"ReadAction","target":["https:\/\/www.gtlawyers.com.br\/noticia\/jantar-beneficente-la-bienfaisance-associacao-francesa-de-beneficencia-14-de-julho-de-sao-paulojunto-com-sao-paulo-accueil-e-a-camara-de-comercio-franca-brasil\/"]}]},{"@type":"ImageObject","inLanguage":"en-US","@id":"https:\/\/www.gtlawyers.com.br\/noticia\/jantar-beneficente-la-bienfaisance-associacao-francesa-de-beneficencia-14-de-julho-de-sao-paulojunto-com-sao-paulo-accueil-e-a-camara-de-comercio-franca-brasil\/#primaryimage","url":"https:\/\/www.gtlawyers.com.br\/site\/wp-content\/uploads\/La-Bienfaisance-scaled.jpg","contentUrl":"https:\/\/www.gtlawyers.com.br\/site\/wp-content\/uploads\/La-Bienfaisance-scaled.jpg","width":1707,"height":2560},{"@type":"BreadcrumbList","@id":"https:\/\/www.gtlawyers.com.br\/noticia\/jantar-beneficente-la-bienfaisance-associacao-francesa-de-beneficencia-14-de-julho-de-sao-paulojunto-com-sao-paulo-accueil-e-a-camara-de-comercio-franca-brasil\/#breadcrumb","itemListElement":[{"@type":"ListItem","position":1,"name":"In\u00edcio","item":"https:\/\/www.gtlawyers.com.br\/"},{"@type":"ListItem","position":2,"name":"Jantar beneficente La Bienfaisance, (Associa\u00e7\u00e3o Francesa de Benefic\u00eancia 14 de julho de\u00a0S\u00e3o Paulo),junto com S\u00e3o Paulo Accueil e a C\u00e2mara de Comercio Fran\u00e7a Brasil."}]},{"@type":"WebSite","@id":"https:\/\/www.gtlawyers.com.br\/#website","url":"https:\/\/www.gtlawyers.com.br\/","name":"GTLawyers | Escrit\u00f3rio boutique full-service","description":"Escrit\u00f3rio de advocacia franco-brasileiro para empresas especializado em M&amp;A, direito societ\u00e1rio, tribut\u00e1rio, imobili\u00e1rio, contencioso e compliance","publisher":{"@id":"https:\/\/www.gtlawyers.com.br\/#organization"},"alternateName":"GTLawyers","potentialAction":[{"@type":"SearchAction","target":{"@type":"EntryPoint","urlTemplate":"https:\/\/www.gtlawyers.com.br\/?s={search_term_string}"},"query-input":{"@type":"PropertyValueSpecification","valueRequired":true,"valueName":"search_term_string"}}],"inLanguage":"en-US"},{"@type":"Organization","@id":"https:\/\/www.gtlawyers.com.br\/#organization","name":"GTLawyers - Escrit\u00f3rio boutique full-service","url":"https:\/\/www.gtlawyers.com.br\/","logo":{"@type":"ImageObject","inLanguage":"en-US","@id":"https:\/\/www.gtlawyers.com.br\/#\/schema\/logo\/image\/","url":"https:\/\/www.gtlawyers.com.br\/site\/wp-content\/uploads\/image-3.png","contentUrl":"https:\/\/www.gtlawyers.com.br\/site\/wp-content\/uploads\/image-3.png","width":166,"height":44,"caption":"GTLawyers - Escrit\u00f3rio boutique full-service"},"image":{"@id":"https:\/\/www.gtlawyers.com.br\/#\/schema\/logo\/image\/"},"sameAs":["https:\/\/www.linkedin.com\/company\/gtlawyers\/mycompany\/"]},{"@type":"Person","@id":"https:\/\/www.gtlawyers.com.br\/#\/schema\/person\/ddacb191167435332fe1305a7c77274f","name":"Felipe Nascimento","image":{"@type":"ImageObject","inLanguage":"en-US","@id":"https:\/\/secure.gravatar.com\/avatar\/99b2fc11283f57cb70c409ae58fd3f3e83dfe5f33ff50bf649361b2d7e2240e0?s=96&d=mm&r=g","url":"https:\/\/secure.gravatar.com\/avatar\/99b2fc11283f57cb70c409ae58fd3f3e83dfe5f33ff50bf649361b2d7e2240e0?s=96&d=mm&r=g","contentUrl":"https:\/\/secure.gravatar.com\/avatar\/99b2fc11283f57cb70c409ae58fd3f3e83dfe5f33ff50bf649361b2d7e2240e0?s=96&d=mm&r=g","caption":"Felipe Nascimento"},"url":"https:\/\/www.gtlawyers.com.br\/en\/author\/felipe\/"}]}},"_links":{"self":[{"href":"https:\/\/www.gtlawyers.com.br\/en\/wp-json\/wp\/v2\/posts\/936","targetHints":{"allow":["GET"]}}],"collection":[{"href":"https:\/\/www.gtlawyers.com.br\/en\/wp-json\/wp\/v2\/posts"}],"about":[{"href":"https:\/\/www.gtlawyers.com.br\/en\/wp-json\/wp\/v2\/types\/post"}],"author":[{"embeddable":true,"href":"https:\/\/www.gtlawyers.com.br\/en\/wp-json\/wp\/v2\/users\/5"}],"replies":[{"embeddable":true,"href":"https:\/\/www.gtlawyers.com.br\/en\/wp-json\/wp\/v2\/comments?post=936"}],"version-history":[{"count":1,"href":"https:\/\/www.gtlawyers.com.br\/en\/wp-json\/wp\/v2\/posts\/936\/revisions"}],"predecessor-version":[{"id":938,"href":"https:\/\/www.gtlawyers.com.br\/en\/wp-json\/wp\/v2\/posts\/936\/revisions\/938"}],"wp:featuredmedia":[{"embeddable":true,"href":"https:\/\/www.gtlawyers.com.br\/en\/wp-json\/wp\/v2\/media\/937"}],"wp:attachment":[{"href":"https:\/\/www.gtlawyers.com.br\/en\/wp-json\/wp\/v2\/media?parent=936"}],"wp:term":[{"taxonomy":"category","embeddable":true,"href":"https:\/\/www.gtlawyers.com.br\/en\/wp-json\/wp\/v2\/categories?post=936"},{"taxonomy":"post_tag","embeddable":true,"href":"https:\/\/www.gtlawyers.com.br\/en\/wp-json\/wp\/v2\/tags?post=936"}],"curies":[{"name":"wp","href":"https:\/\/api.w.org\/{rel}","templated":true}]}}