{"id":1110,"date":"2023-11-30T18:26:47","date_gmt":"2023-11-30T21:26:47","guid":{"rendered":"https:\/\/www.gtlawyers.com.br\/?p=1110"},"modified":"2023-12-01T07:49:05","modified_gmt":"2023-12-01T10:49:05","slug":"jantar-de-fim-de-ano-na-ccifb","status":"publish","type":"post","link":"https:\/\/www.gtlawyers.com.br\/fr\/noticia\/jantar-de-fim-de-ano-na-ccifb\/","title":{"rendered":"Jantar de fim de Ano na CCIFB"},"content":{"rendered":"<p>Gostar\u00edamos de compartilhar que nosso escrit\u00f3rio teve a honra de ser um dos patrocinadores do Jantar de fim de Ano da C\u00e2mara de Com\u00e9rcio Fran\u00e7a-Brasil!<\/p>\n\n\n\n<p>Foi uma noite memor\u00e1vel, onde celebramos n\u00e3o apenas o encerramento de um ano bem-sucedido, mas tamb\u00e9m o fortalecimento das rela\u00e7\u00f5es comerciais entre a Fran\u00e7a e o Brasil, na presen\u00e7a do novo embaixador franc\u00eas, Emmanuel Lenain.<\/p>\n\n\n\n<p>Agradecemos \u00e0 C\u00e2mara de Com\u00e9rcio Fran\u00e7a-Brasil por seu papel fundamental na promo\u00e7\u00e3o do com\u00e9rcio bilateral e pelo trabalho incans\u00e1vel em conectar as comunidades empresariais francesa e brasileira. Estamos orgulhosos de fazer parte dessa iniciativa e esperamos continuar contribuindo para o crescimento e o sucesso das parcerias entre nossos pa\u00edses em 2024.<\/p>\n\n\n\n<p>Que o pr\u00f3ximo ano nos traga ainda mais oportunidades de coopera\u00e7\u00e3o e prosperidade!<\/p>\n\n\n\n<div class=\"wp-block-group\"><div class=\"wp-block-group__inner-container is-layout-constrained wp-block-group-is-layout-constrained\">\n<figure class=\"wp-block-image size-large\"><img loading=\"lazy\" decoding=\"async\" width=\"1024\" height=\"797\" src=\"https:\/\/www.gtlawyers.com.br\/site\/wp-content\/uploads\/jantar-CCIFB1-1024x797.jpg\" alt=\"\" class=\"wp-image-1111\" srcset=\"https:\/\/www.gtlawyers.com.br\/site\/wp-content\/uploads\/jantar-CCIFB1-1024x797.jpg 1024w, https:\/\/www.gtlawyers.com.br\/site\/wp-content\/uploads\/jantar-CCIFB1-300x233.jpg 300w, https:\/\/www.gtlawyers.com.br\/site\/wp-content\/uploads\/jantar-CCIFB1-150x117.jpg 150w, https:\/\/www.gtlawyers.com.br\/site\/wp-content\/uploads\/jantar-CCIFB1-768x598.jpg 768w, https:\/\/www.gtlawyers.com.br\/site\/wp-content\/uploads\/jantar-CCIFB1-1536x1195.jpg 1536w, https:\/\/www.gtlawyers.com.br\/site\/wp-content\/uploads\/jantar-CCIFB1-15x12.jpg 15w, https:\/\/www.gtlawyers.com.br\/site\/wp-content\/uploads\/jantar-CCIFB1.jpg 1943w\" sizes=\"auto, (max-width: 1024px) 100vw, 1024px\" \/><\/figure>\n\n\n\n<figure class=\"wp-block-image size-large\"><img loading=\"lazy\" decoding=\"async\" width=\"1024\" height=\"768\" src=\"https:\/\/www.gtlawyers.com.br\/site\/wp-content\/uploads\/jantar-CCIFB3-1024x768.jpg\" alt=\"\" class=\"wp-image-1113\" srcset=\"https:\/\/www.gtlawyers.com.br\/site\/wp-content\/uploads\/jantar-CCIFB3-1024x768.jpg 1024w, https:\/\/www.gtlawyers.com.br\/site\/wp-content\/uploads\/jantar-CCIFB3-300x225.jpg 300w, https:\/\/www.gtlawyers.com.br\/site\/wp-content\/uploads\/jantar-CCIFB3-150x113.jpg 150w, https:\/\/www.gtlawyers.com.br\/site\/wp-content\/uploads\/jantar-CCIFB3-768x576.jpg 768w, https:\/\/www.gtlawyers.com.br\/site\/wp-content\/uploads\/jantar-CCIFB3-1536x1152.jpg 1536w, https:\/\/www.gtlawyers.com.br\/site\/wp-content\/uploads\/jantar-CCIFB3-2048x1536.jpg 2048w, https:\/\/www.gtlawyers.com.br\/site\/wp-content\/uploads\/jantar-CCIFB3-16x12.jpg 16w\" sizes=\"auto, (max-width: 1024px) 100vw, 1024px\" \/><\/figure>\n\n\n\n<figure class=\"wp-block-image size-large\"><img loading=\"lazy\" decoding=\"async\" width=\"768\" height=\"1024\" src=\"https:\/\/www.gtlawyers.com.br\/site\/wp-content\/uploads\/WhatsApp-Image-2023-11-30-at-19.25.21-768x1024.jpeg\" alt=\"\" class=\"wp-image-1116\" srcset=\"https:\/\/www.gtlawyers.com.br\/site\/wp-content\/uploads\/WhatsApp-Image-2023-11-30-at-19.25.21-768x1024.jpeg 768w, https:\/\/www.gtlawyers.com.br\/site\/wp-content\/uploads\/WhatsApp-Image-2023-11-30-at-19.25.21-225x300.jpeg 225w, https:\/\/www.gtlawyers.com.br\/site\/wp-content\/uploads\/WhatsApp-Image-2023-11-30-at-19.25.21-113x150.jpeg 113w, https:\/\/www.gtlawyers.com.br\/site\/wp-content\/uploads\/WhatsApp-Image-2023-11-30-at-19.25.21-1152x1536.jpeg 1152w, https:\/\/www.gtlawyers.com.br\/site\/wp-content\/uploads\/WhatsApp-Image-2023-11-30-at-19.25.21-9x12.jpeg 9w, https:\/\/www.gtlawyers.com.br\/site\/wp-content\/uploads\/WhatsApp-Image-2023-11-30-at-19.25.21.jpeg 1200w\" sizes=\"auto, (max-width: 768px) 100vw, 768px\" \/><\/figure>\n<\/div><\/div>","protected":false},"excerpt":{"rendered":"<p>Gostar\u00edamos de compartilhar que nosso escrit\u00f3rio teve a honra de ser um dos patrocinadores do Jantar de fim de Ano da C\u00e2mara de Com\u00e9rcio Fran\u00e7a-Brasil! Foi uma noite memor\u00e1vel, onde celebramos n\u00e3o apenas o encerramento de um ano bem-sucedido, mas tamb\u00e9m o fortalecimento das rela\u00e7\u00f5es comerciais entre a Fran\u00e7a e o Brasil, na presen\u00e7a do [&hellip;]<\/p>\n","protected":false},"author":5,"featured_media":1111,"comment_status":"open","ping_status":"open","sticky":false,"template":"","format":"standard","meta":{"_acf_changed":false,"footnotes":""},"categories":[7],"tags":[],"class_list":["post-1110","post","type-post","status-publish","format-standard","has-post-thumbnail","hentry","category-noticia"],"acf":[],"yoast_head":"<!-- This site is optimized with the Yoast SEO plugin v27.5 - https:\/\/yoast.com\/product\/yoast-seo-wordpress\/ -->\n<title>Jantar de fim de Ano na CCIFB | GTLawyers | Escrit\u00f3rio boutique full-service<\/title>\n<meta name=\"robots\" content=\"index, follow, max-snippet:-1, max-image-preview:large, max-video-preview:-1\" \/>\n<link rel=\"canonical\" href=\"https:\/\/www.gtlawyers.com.br\/fr\/noticia\/jantar-de-fim-de-ano-na-ccifb\/\" \/>\n<meta property=\"og:locale\" content=\"fr_FR\" \/>\n<meta property=\"og:type\" content=\"article\" \/>\n<meta property=\"og:title\" content=\"Jantar de fim de Ano na CCIFB | GTLawyers | Escrit\u00f3rio boutique full-service\" \/>\n<meta property=\"og:description\" content=\"Gostar\u00edamos de compartilhar que nosso escrit\u00f3rio teve a honra de ser um dos patrocinadores do Jantar de fim de Ano da C\u00e2mara de Com\u00e9rcio Fran\u00e7a-Brasil! Foi uma noite memor\u00e1vel, onde celebramos n\u00e3o apenas o encerramento de um ano bem-sucedido, mas tamb\u00e9m o fortalecimento das rela\u00e7\u00f5es comerciais entre a Fran\u00e7a e o Brasil, na presen\u00e7a do [&hellip;]\" \/>\n<meta property=\"og:url\" content=\"https:\/\/www.gtlawyers.com.br\/fr\/noticia\/jantar-de-fim-de-ano-na-ccifb\/\" \/>\n<meta property=\"og:site_name\" content=\"GTLawyers | Escrit\u00f3rio boutique full-service\" \/>\n<meta property=\"article:published_time\" content=\"2023-11-30T21:26:47+00:00\" \/>\n<meta property=\"article:modified_time\" content=\"2023-12-01T10:49:05+00:00\" \/>\n<meta property=\"og:image\" content=\"https:\/\/www.gtlawyers.com.br\/site\/wp-content\/uploads\/jantar-CCIFB1.jpg\" \/>\n\t<meta property=\"og:image:width\" content=\"1943\" \/>\n\t<meta property=\"og:image:height\" content=\"1512\" \/>\n\t<meta property=\"og:image:type\" content=\"image\/jpeg\" \/>\n<meta name=\"author\" content=\"Felipe Nascimento\" \/>\n<meta name=\"twitter:card\" content=\"summary_large_image\" \/>\n<meta name=\"twitter:label1\" content=\"\u00c9crit par\" \/>\n\t<meta name=\"twitter:data1\" content=\"Felipe Nascimento\" \/>\n\t<meta name=\"twitter:label2\" content=\"Dur\u00e9e de lecture estim\u00e9e\" \/>\n\t<meta name=\"twitter:data2\" content=\"1 minute\" \/>\n<script type=\"application\/ld+json\" class=\"yoast-schema-graph\">{\"@context\":\"https:\\\/\\\/schema.org\",\"@graph\":[{\"@type\":\"Article\",\"@id\":\"https:\\\/\\\/www.gtlawyers.com.br\\\/noticia\\\/jantar-de-fim-de-ano-na-ccifb\\\/#article\",\"isPartOf\":{\"@id\":\"https:\\\/\\\/www.gtlawyers.com.br\\\/noticia\\\/jantar-de-fim-de-ano-na-ccifb\\\/\"},\"author\":{\"name\":\"Felipe Nascimento\",\"@id\":\"https:\\\/\\\/www.gtlawyers.com.br\\\/#\\\/schema\\\/person\\\/ddacb191167435332fe1305a7c77274f\"},\"headline\":\"Jantar de fim de Ano na CCIFB\",\"datePublished\":\"2023-11-30T21:26:47+00:00\",\"dateModified\":\"2023-12-01T10:49:05+00:00\",\"mainEntityOfPage\":{\"@id\":\"https:\\\/\\\/www.gtlawyers.com.br\\\/noticia\\\/jantar-de-fim-de-ano-na-ccifb\\\/\"},\"wordCount\":150,\"commentCount\":0,\"publisher\":{\"@id\":\"https:\\\/\\\/www.gtlawyers.com.br\\\/#organization\"},\"image\":{\"@id\":\"https:\\\/\\\/www.gtlawyers.com.br\\\/noticia\\\/jantar-de-fim-de-ano-na-ccifb\\\/#primaryimage\"},\"thumbnailUrl\":\"https:\\\/\\\/www.gtlawyers.com.br\\\/site\\\/wp-content\\\/uploads\\\/jantar-CCIFB1.jpg\",\"articleSection\":[\"News\"],\"inLanguage\":\"fr-FR\",\"potentialAction\":[{\"@type\":\"CommentAction\",\"name\":\"Comment\",\"target\":[\"https:\\\/\\\/www.gtlawyers.com.br\\\/noticia\\\/jantar-de-fim-de-ano-na-ccifb\\\/#respond\"]}]},{\"@type\":\"WebPage\",\"@id\":\"https:\\\/\\\/www.gtlawyers.com.br\\\/noticia\\\/jantar-de-fim-de-ano-na-ccifb\\\/\",\"url\":\"https:\\\/\\\/www.gtlawyers.com.br\\\/noticia\\\/jantar-de-fim-de-ano-na-ccifb\\\/\",\"name\":\"Jantar de fim de Ano na CCIFB | GTLawyers | Escrit\u00f3rio boutique full-service\",\"isPartOf\":{\"@id\":\"https:\\\/\\\/www.gtlawyers.com.br\\\/#website\"},\"primaryImageOfPage\":{\"@id\":\"https:\\\/\\\/www.gtlawyers.com.br\\\/noticia\\\/jantar-de-fim-de-ano-na-ccifb\\\/#primaryimage\"},\"image\":{\"@id\":\"https:\\\/\\\/www.gtlawyers.com.br\\\/noticia\\\/jantar-de-fim-de-ano-na-ccifb\\\/#primaryimage\"},\"thumbnailUrl\":\"https:\\\/\\\/www.gtlawyers.com.br\\\/site\\\/wp-content\\\/uploads\\\/jantar-CCIFB1.jpg\",\"datePublished\":\"2023-11-30T21:26:47+00:00\",\"dateModified\":\"2023-12-01T10:49:05+00:00\",\"breadcrumb\":{\"@id\":\"https:\\\/\\\/www.gtlawyers.com.br\\\/noticia\\\/jantar-de-fim-de-ano-na-ccifb\\\/#breadcrumb\"},\"inLanguage\":\"fr-FR\",\"potentialAction\":[{\"@type\":\"ReadAction\",\"target\":[\"https:\\\/\\\/www.gtlawyers.com.br\\\/noticia\\\/jantar-de-fim-de-ano-na-ccifb\\\/\"]}]},{\"@type\":\"ImageObject\",\"inLanguage\":\"fr-FR\",\"@id\":\"https:\\\/\\\/www.gtlawyers.com.br\\\/noticia\\\/jantar-de-fim-de-ano-na-ccifb\\\/#primaryimage\",\"url\":\"https:\\\/\\\/www.gtlawyers.com.br\\\/site\\\/wp-content\\\/uploads\\\/jantar-CCIFB1.jpg\",\"contentUrl\":\"https:\\\/\\\/www.gtlawyers.com.br\\\/site\\\/wp-content\\\/uploads\\\/jantar-CCIFB1.jpg\",\"width\":1943,\"height\":1512},{\"@type\":\"BreadcrumbList\",\"@id\":\"https:\\\/\\\/www.gtlawyers.com.br\\\/noticia\\\/jantar-de-fim-de-ano-na-ccifb\\\/#breadcrumb\",\"itemListElement\":[{\"@type\":\"ListItem\",\"position\":1,\"name\":\"In\u00edcio\",\"item\":\"https:\\\/\\\/www.gtlawyers.com.br\\\/\"},{\"@type\":\"ListItem\",\"position\":2,\"name\":\"Jantar de fim de Ano na CCIFB\"}]},{\"@type\":\"WebSite\",\"@id\":\"https:\\\/\\\/www.gtlawyers.com.br\\\/#website\",\"url\":\"https:\\\/\\\/www.gtlawyers.com.br\\\/\",\"name\":\"GTLawyers | Escrit\u00f3rio boutique full-service\",\"description\":\"Escrit\u00f3rio de advocacia franco-brasileiro para empresas especializado em M&amp;A, direito societ\u00e1rio, tribut\u00e1rio, imobili\u00e1rio, contencioso e compliance\",\"publisher\":{\"@id\":\"https:\\\/\\\/www.gtlawyers.com.br\\\/#organization\"},\"alternateName\":\"GTLawyers\",\"potentialAction\":[{\"@type\":\"SearchAction\",\"target\":{\"@type\":\"EntryPoint\",\"urlTemplate\":\"https:\\\/\\\/www.gtlawyers.com.br\\\/?s={search_term_string}\"},\"query-input\":{\"@type\":\"PropertyValueSpecification\",\"valueRequired\":true,\"valueName\":\"search_term_string\"}}],\"inLanguage\":\"fr-FR\"},{\"@type\":\"Organization\",\"@id\":\"https:\\\/\\\/www.gtlawyers.com.br\\\/#organization\",\"name\":\"GTLawyers - Escrit\u00f3rio boutique full-service\",\"url\":\"https:\\\/\\\/www.gtlawyers.com.br\\\/\",\"logo\":{\"@type\":\"ImageObject\",\"inLanguage\":\"fr-FR\",\"@id\":\"https:\\\/\\\/www.gtlawyers.com.br\\\/#\\\/schema\\\/logo\\\/image\\\/\",\"url\":\"https:\\\/\\\/www.gtlawyers.com.br\\\/site\\\/wp-content\\\/uploads\\\/image-3.png\",\"contentUrl\":\"https:\\\/\\\/www.gtlawyers.com.br\\\/site\\\/wp-content\\\/uploads\\\/image-3.png\",\"width\":166,\"height\":44,\"caption\":\"GTLawyers - Escrit\u00f3rio boutique full-service\"},\"image\":{\"@id\":\"https:\\\/\\\/www.gtlawyers.com.br\\\/#\\\/schema\\\/logo\\\/image\\\/\"},\"sameAs\":[\"https:\\\/\\\/www.linkedin.com\\\/company\\\/gtlawyers\\\/mycompany\\\/\"]},{\"@type\":\"Person\",\"@id\":\"https:\\\/\\\/www.gtlawyers.com.br\\\/#\\\/schema\\\/person\\\/ddacb191167435332fe1305a7c77274f\",\"name\":\"Felipe Nascimento\",\"image\":{\"@type\":\"ImageObject\",\"inLanguage\":\"fr-FR\",\"@id\":\"https:\\\/\\\/secure.gravatar.com\\\/avatar\\\/99b2fc11283f57cb70c409ae58fd3f3e83dfe5f33ff50bf649361b2d7e2240e0?s=96&d=mm&r=g\",\"url\":\"https:\\\/\\\/secure.gravatar.com\\\/avatar\\\/99b2fc11283f57cb70c409ae58fd3f3e83dfe5f33ff50bf649361b2d7e2240e0?s=96&d=mm&r=g\",\"contentUrl\":\"https:\\\/\\\/secure.gravatar.com\\\/avatar\\\/99b2fc11283f57cb70c409ae58fd3f3e83dfe5f33ff50bf649361b2d7e2240e0?s=96&d=mm&r=g\",\"caption\":\"Felipe Nascimento\"},\"url\":\"https:\\\/\\\/www.gtlawyers.com.br\\\/fr\\\/author\\\/felipe\\\/\"}]}<\/script>\n<!-- \/ Yoast SEO plugin. -->","yoast_head_json":{"title":"Jantar de fim de Ano na CCIFB | GTLawyers | Escrit\u00f3rio boutique full-service","robots":{"index":"index","follow":"follow","max-snippet":"max-snippet:-1","max-image-preview":"max-image-preview:large","max-video-preview":"max-video-preview:-1"},"canonical":"https:\/\/www.gtlawyers.com.br\/fr\/noticia\/jantar-de-fim-de-ano-na-ccifb\/","og_locale":"fr_FR","og_type":"article","og_title":"Jantar de fim de Ano na CCIFB | GTLawyers | Escrit\u00f3rio boutique full-service","og_description":"Gostar\u00edamos de compartilhar que nosso escrit\u00f3rio teve a honra de ser um dos patrocinadores do Jantar de fim de Ano da C\u00e2mara de Com\u00e9rcio Fran\u00e7a-Brasil! Foi uma noite memor\u00e1vel, onde celebramos n\u00e3o apenas o encerramento de um ano bem-sucedido, mas tamb\u00e9m o fortalecimento das rela\u00e7\u00f5es comerciais entre a Fran\u00e7a e o Brasil, na presen\u00e7a do [&hellip;]","og_url":"https:\/\/www.gtlawyers.com.br\/fr\/noticia\/jantar-de-fim-de-ano-na-ccifb\/","og_site_name":"GTLawyers | Escrit\u00f3rio boutique full-service","article_published_time":"2023-11-30T21:26:47+00:00","article_modified_time":"2023-12-01T10:49:05+00:00","og_image":[{"width":1943,"height":1512,"url":"https:\/\/www.gtlawyers.com.br\/site\/wp-content\/uploads\/jantar-CCIFB1.jpg","type":"image\/jpeg"}],"author":"Felipe Nascimento","twitter_card":"summary_large_image","twitter_misc":{"\u00c9crit par":"Felipe Nascimento","Dur\u00e9e de lecture estim\u00e9e":"1 minute"},"schema":{"@context":"https:\/\/schema.org","@graph":[{"@type":"Article","@id":"https:\/\/www.gtlawyers.com.br\/noticia\/jantar-de-fim-de-ano-na-ccifb\/#article","isPartOf":{"@id":"https:\/\/www.gtlawyers.com.br\/noticia\/jantar-de-fim-de-ano-na-ccifb\/"},"author":{"name":"Felipe Nascimento","@id":"https:\/\/www.gtlawyers.com.br\/#\/schema\/person\/ddacb191167435332fe1305a7c77274f"},"headline":"Jantar de fim de Ano na CCIFB","datePublished":"2023-11-30T21:26:47+00:00","dateModified":"2023-12-01T10:49:05+00:00","mainEntityOfPage":{"@id":"https:\/\/www.gtlawyers.com.br\/noticia\/jantar-de-fim-de-ano-na-ccifb\/"},"wordCount":150,"commentCount":0,"publisher":{"@id":"https:\/\/www.gtlawyers.com.br\/#organization"},"image":{"@id":"https:\/\/www.gtlawyers.com.br\/noticia\/jantar-de-fim-de-ano-na-ccifb\/#primaryimage"},"thumbnailUrl":"https:\/\/www.gtlawyers.com.br\/site\/wp-content\/uploads\/jantar-CCIFB1.jpg","articleSection":["News"],"inLanguage":"fr-FR","potentialAction":[{"@type":"CommentAction","name":"Comment","target":["https:\/\/www.gtlawyers.com.br\/noticia\/jantar-de-fim-de-ano-na-ccifb\/#respond"]}]},{"@type":"WebPage","@id":"https:\/\/www.gtlawyers.com.br\/noticia\/jantar-de-fim-de-ano-na-ccifb\/","url":"https:\/\/www.gtlawyers.com.br\/noticia\/jantar-de-fim-de-ano-na-ccifb\/","name":"Jantar de fim de Ano na CCIFB | GTLawyers | Escrit\u00f3rio boutique full-service","isPartOf":{"@id":"https:\/\/www.gtlawyers.com.br\/#website"},"primaryImageOfPage":{"@id":"https:\/\/www.gtlawyers.com.br\/noticia\/jantar-de-fim-de-ano-na-ccifb\/#primaryimage"},"image":{"@id":"https:\/\/www.gtlawyers.com.br\/noticia\/jantar-de-fim-de-ano-na-ccifb\/#primaryimage"},"thumbnailUrl":"https:\/\/www.gtlawyers.com.br\/site\/wp-content\/uploads\/jantar-CCIFB1.jpg","datePublished":"2023-11-30T21:26:47+00:00","dateModified":"2023-12-01T10:49:05+00:00","breadcrumb":{"@id":"https:\/\/www.gtlawyers.com.br\/noticia\/jantar-de-fim-de-ano-na-ccifb\/#breadcrumb"},"inLanguage":"fr-FR","potentialAction":[{"@type":"ReadAction","target":["https:\/\/www.gtlawyers.com.br\/noticia\/jantar-de-fim-de-ano-na-ccifb\/"]}]},{"@type":"ImageObject","inLanguage":"fr-FR","@id":"https:\/\/www.gtlawyers.com.br\/noticia\/jantar-de-fim-de-ano-na-ccifb\/#primaryimage","url":"https:\/\/www.gtlawyers.com.br\/site\/wp-content\/uploads\/jantar-CCIFB1.jpg","contentUrl":"https:\/\/www.gtlawyers.com.br\/site\/wp-content\/uploads\/jantar-CCIFB1.jpg","width":1943,"height":1512},{"@type":"BreadcrumbList","@id":"https:\/\/www.gtlawyers.com.br\/noticia\/jantar-de-fim-de-ano-na-ccifb\/#breadcrumb","itemListElement":[{"@type":"ListItem","position":1,"name":"In\u00edcio","item":"https:\/\/www.gtlawyers.com.br\/"},{"@type":"ListItem","position":2,"name":"Jantar de fim de Ano na CCIFB"}]},{"@type":"WebSite","@id":"https:\/\/www.gtlawyers.com.br\/#website","url":"https:\/\/www.gtlawyers.com.br\/","name":"GTLawyers | Escrit\u00f3rio boutique full-service","description":"Escrit\u00f3rio de advocacia franco-brasileiro para empresas especializado em M&amp;A, direito societ\u00e1rio, tribut\u00e1rio, imobili\u00e1rio, contencioso e compliance","publisher":{"@id":"https:\/\/www.gtlawyers.com.br\/#organization"},"alternateName":"GTLawyers","potentialAction":[{"@type":"SearchAction","target":{"@type":"EntryPoint","urlTemplate":"https:\/\/www.gtlawyers.com.br\/?s={search_term_string}"},"query-input":{"@type":"PropertyValueSpecification","valueRequired":true,"valueName":"search_term_string"}}],"inLanguage":"fr-FR"},{"@type":"Organization","@id":"https:\/\/www.gtlawyers.com.br\/#organization","name":"GTLawyers - Escrit\u00f3rio boutique full-service","url":"https:\/\/www.gtlawyers.com.br\/","logo":{"@type":"ImageObject","inLanguage":"fr-FR","@id":"https:\/\/www.gtlawyers.com.br\/#\/schema\/logo\/image\/","url":"https:\/\/www.gtlawyers.com.br\/site\/wp-content\/uploads\/image-3.png","contentUrl":"https:\/\/www.gtlawyers.com.br\/site\/wp-content\/uploads\/image-3.png","width":166,"height":44,"caption":"GTLawyers - Escrit\u00f3rio boutique full-service"},"image":{"@id":"https:\/\/www.gtlawyers.com.br\/#\/schema\/logo\/image\/"},"sameAs":["https:\/\/www.linkedin.com\/company\/gtlawyers\/mycompany\/"]},{"@type":"Person","@id":"https:\/\/www.gtlawyers.com.br\/#\/schema\/person\/ddacb191167435332fe1305a7c77274f","name":"Felipe Nascimento","image":{"@type":"ImageObject","inLanguage":"fr-FR","@id":"https:\/\/secure.gravatar.com\/avatar\/99b2fc11283f57cb70c409ae58fd3f3e83dfe5f33ff50bf649361b2d7e2240e0?s=96&d=mm&r=g","url":"https:\/\/secure.gravatar.com\/avatar\/99b2fc11283f57cb70c409ae58fd3f3e83dfe5f33ff50bf649361b2d7e2240e0?s=96&d=mm&r=g","contentUrl":"https:\/\/secure.gravatar.com\/avatar\/99b2fc11283f57cb70c409ae58fd3f3e83dfe5f33ff50bf649361b2d7e2240e0?s=96&d=mm&r=g","caption":"Felipe Nascimento"},"url":"https:\/\/www.gtlawyers.com.br\/fr\/author\/felipe\/"}]}},"_links":{"self":[{"href":"https:\/\/www.gtlawyers.com.br\/fr\/wp-json\/wp\/v2\/posts\/1110","targetHints":{"allow":["GET"]}}],"collection":[{"href":"https:\/\/www.gtlawyers.com.br\/fr\/wp-json\/wp\/v2\/posts"}],"about":[{"href":"https:\/\/www.gtlawyers.com.br\/fr\/wp-json\/wp\/v2\/types\/post"}],"author":[{"embeddable":true,"href":"https:\/\/www.gtlawyers.com.br\/fr\/wp-json\/wp\/v2\/users\/5"}],"replies":[{"embeddable":true,"href":"https:\/\/www.gtlawyers.com.br\/fr\/wp-json\/wp\/v2\/comments?post=1110"}],"version-history":[{"count":3,"href":"https:\/\/www.gtlawyers.com.br\/fr\/wp-json\/wp\/v2\/posts\/1110\/revisions"}],"predecessor-version":[{"id":1118,"href":"https:\/\/www.gtlawyers.com.br\/fr\/wp-json\/wp\/v2\/posts\/1110\/revisions\/1118"}],"wp:featuredmedia":[{"embeddable":true,"href":"https:\/\/www.gtlawyers.com.br\/fr\/wp-json\/wp\/v2\/media\/1111"}],"wp:attachment":[{"href":"https:\/\/www.gtlawyers.com.br\/fr\/wp-json\/wp\/v2\/media?parent=1110"}],"wp:term":[{"taxonomy":"category","embeddable":true,"href":"https:\/\/www.gtlawyers.com.br\/fr\/wp-json\/wp\/v2\/categories?post=1110"},{"taxonomy":"post_tag","embeddable":true,"href":"https:\/\/www.gtlawyers.com.br\/fr\/wp-json\/wp\/v2\/tags?post=1110"}],"curies":[{"name":"wp","href":"https:\/\/api.w.org\/{rel}","templated":true}]}}