{"id":1215,"date":"2024-04-09T21:25:46","date_gmt":"2024-04-10T00:25:46","guid":{"rendered":"https:\/\/www.gtlawyers.com.br\/?p=1215"},"modified":"2024-04-09T21:27:52","modified_gmt":"2024-04-10T00:27:52","slug":"gtlawyers-participou-na-ago-da-ccifb-em-sao-paulo","status":"publish","type":"post","link":"https:\/\/www.gtlawyers.com.br\/fr\/noticia\/gtlawyers-participou-na-ago-da-ccifb-em-sao-paulo\/","title":{"rendered":"GTLAWYERS participou na AGO da CCIFB em S\u00e3o Paulo"},"content":{"rendered":"<p><em>Na semana passada, GTLAWYERS participou na AGO da CCIFB em S\u00e3o Paulo, um evento anual que representa um momento de fortalecimento de nossas conex\u00f5es e parcerias na comunidade francesa.<\/em><\/p>\n\n\n\n<figure class=\"wp-block-image size-large is-resized\"><img loading=\"lazy\" decoding=\"async\" width=\"1024\" height=\"593\" src=\"https:\/\/www.gtlawyers.com.br\/site\/wp-content\/uploads\/assembleia-1024x593.png\" alt=\"\" class=\"wp-image-1217\" style=\"width:769px;height:auto\" srcset=\"https:\/\/www.gtlawyers.com.br\/site\/wp-content\/uploads\/assembleia-1024x593.png 1024w, https:\/\/www.gtlawyers.com.br\/site\/wp-content\/uploads\/assembleia-300x174.png 300w, https:\/\/www.gtlawyers.com.br\/site\/wp-content\/uploads\/assembleia-150x87.png 150w, https:\/\/www.gtlawyers.com.br\/site\/wp-content\/uploads\/assembleia-768x445.png 768w, https:\/\/www.gtlawyers.com.br\/site\/wp-content\/uploads\/assembleia-18x10.png 18w, https:\/\/www.gtlawyers.com.br\/site\/wp-content\/uploads\/assembleia.png 1123w\" sizes=\"auto, (max-width: 1024px) 100vw, 1024px\" \/><\/figure>\n\n\n\n<p><em>Aproveitamos para compartilhar que a Tamy Tanzilli permanece como conselheira e vice-l\u00edder da Comiss\u00e3o Legal da C\u00e2mara.<\/em><\/p>\n\n\n\n<figure class=\"wp-block-image size-large\"><img loading=\"lazy\" decoding=\"async\" width=\"768\" height=\"1024\" src=\"https:\/\/www.gtlawyers.com.br\/site\/wp-content\/uploads\/ago3-768x1024.jpg\" alt=\"\" class=\"wp-image-1216\" srcset=\"https:\/\/www.gtlawyers.com.br\/site\/wp-content\/uploads\/ago3-768x1024.jpg 768w, https:\/\/www.gtlawyers.com.br\/site\/wp-content\/uploads\/ago3-225x300.jpg 225w, https:\/\/www.gtlawyers.com.br\/site\/wp-content\/uploads\/ago3-113x150.jpg 113w, https:\/\/www.gtlawyers.com.br\/site\/wp-content\/uploads\/ago3-1152x1536.jpg 1152w, https:\/\/www.gtlawyers.com.br\/site\/wp-content\/uploads\/ago3-9x12.jpg 9w, https:\/\/www.gtlawyers.com.br\/site\/wp-content\/uploads\/ago3.jpg 1200w\" sizes=\"auto, (max-width: 768px) 100vw, 768px\" \/><\/figure>\n\n\n\n<p><em>Agradecemos \u00e0 CCIFB por esta oportunidade de colabora\u00e7\u00e3o e crescimento m\u00fatuo. Estamos ansiosos para continuar contribuindo para o fortalecimento dos la\u00e7os entre a comunidade empresarial francesa e brasileira.<\/em><\/p>","protected":false},"excerpt":{"rendered":"<p>Na semana passada, GTLAWYERS participou na AGO da CCIFB em S\u00e3o Paulo, um evento anual que representa um momento de fortalecimento de nossas conex\u00f5es e parcerias na comunidade francesa. Aproveitamos para compartilhar que a Tamy Tanzilli permanece como conselheira e vice-l\u00edder da Comiss\u00e3o Legal da C\u00e2mara. Agradecemos \u00e0 CCIFB por esta oportunidade de colabora\u00e7\u00e3o e [&hellip;]<\/p>\n","protected":false},"author":5,"featured_media":1220,"comment_status":"open","ping_status":"open","sticky":false,"template":"","format":"standard","meta":{"_acf_changed":false,"footnotes":""},"categories":[7],"tags":[],"class_list":["post-1215","post","type-post","status-publish","format-standard","has-post-thumbnail","hentry","category-noticia"],"acf":[],"yoast_head":"<!-- This site is optimized with the Yoast SEO plugin v27.5 - https:\/\/yoast.com\/product\/yoast-seo-wordpress\/ -->\n<title>GTLAWYERS participou na AGO da CCIFB em S\u00e3o Paulo | GTLawyers | Escrit\u00f3rio boutique full-service<\/title>\n<meta name=\"robots\" content=\"index, follow, max-snippet:-1, max-image-preview:large, max-video-preview:-1\" \/>\n<link rel=\"canonical\" href=\"https:\/\/www.gtlawyers.com.br\/fr\/noticia\/gtlawyers-participou-na-ago-da-ccifb-em-sao-paulo\/\" \/>\n<meta property=\"og:locale\" content=\"fr_FR\" \/>\n<meta property=\"og:type\" content=\"article\" \/>\n<meta property=\"og:title\" content=\"GTLAWYERS participou na AGO da CCIFB em S\u00e3o Paulo | GTLawyers | Escrit\u00f3rio boutique full-service\" \/>\n<meta property=\"og:description\" content=\"Na semana passada, GTLAWYERS participou na AGO da CCIFB em S\u00e3o Paulo, um evento anual que representa um momento de fortalecimento de nossas conex\u00f5es e parcerias na comunidade francesa. Aproveitamos para compartilhar que a Tamy Tanzilli permanece como conselheira e vice-l\u00edder da Comiss\u00e3o Legal da C\u00e2mara. Agradecemos \u00e0 CCIFB por esta oportunidade de colabora\u00e7\u00e3o e [&hellip;]\" \/>\n<meta property=\"og:url\" content=\"https:\/\/www.gtlawyers.com.br\/fr\/noticia\/gtlawyers-participou-na-ago-da-ccifb-em-sao-paulo\/\" \/>\n<meta property=\"og:site_name\" content=\"GTLawyers | Escrit\u00f3rio boutique full-service\" \/>\n<meta property=\"article:published_time\" content=\"2024-04-10T00:25:46+00:00\" \/>\n<meta property=\"article:modified_time\" content=\"2024-04-10T00:27:52+00:00\" \/>\n<meta property=\"og:image\" content=\"https:\/\/www.gtlawyers.com.br\/site\/wp-content\/uploads\/capa.png\" \/>\n\t<meta property=\"og:image:width\" content=\"465\" \/>\n\t<meta property=\"og:image:height\" content=\"485\" \/>\n\t<meta property=\"og:image:type\" content=\"image\/png\" \/>\n<meta name=\"author\" content=\"Felipe Nascimento\" \/>\n<meta name=\"twitter:card\" content=\"summary_large_image\" \/>\n<meta name=\"twitter:label1\" content=\"\u00c9crit par\" \/>\n\t<meta name=\"twitter:data1\" content=\"Felipe Nascimento\" \/>\n<script type=\"application\/ld+json\" class=\"yoast-schema-graph\">{\"@context\":\"https:\\\/\\\/schema.org\",\"@graph\":[{\"@type\":\"Article\",\"@id\":\"https:\\\/\\\/www.gtlawyers.com.br\\\/noticia\\\/gtlawyers-participou-na-ago-da-ccifb-em-sao-paulo\\\/#article\",\"isPartOf\":{\"@id\":\"https:\\\/\\\/www.gtlawyers.com.br\\\/noticia\\\/gtlawyers-participou-na-ago-da-ccifb-em-sao-paulo\\\/\"},\"author\":{\"name\":\"Felipe Nascimento\",\"@id\":\"https:\\\/\\\/www.gtlawyers.com.br\\\/#\\\/schema\\\/person\\\/ddacb191167435332fe1305a7c77274f\"},\"headline\":\"GTLAWYERS participou na AGO da CCIFB em S\u00e3o Paulo\",\"datePublished\":\"2024-04-10T00:25:46+00:00\",\"dateModified\":\"2024-04-10T00:27:52+00:00\",\"mainEntityOfPage\":{\"@id\":\"https:\\\/\\\/www.gtlawyers.com.br\\\/noticia\\\/gtlawyers-participou-na-ago-da-ccifb-em-sao-paulo\\\/\"},\"wordCount\":91,\"commentCount\":0,\"publisher\":{\"@id\":\"https:\\\/\\\/www.gtlawyers.com.br\\\/#organization\"},\"image\":{\"@id\":\"https:\\\/\\\/www.gtlawyers.com.br\\\/noticia\\\/gtlawyers-participou-na-ago-da-ccifb-em-sao-paulo\\\/#primaryimage\"},\"thumbnailUrl\":\"https:\\\/\\\/www.gtlawyers.com.br\\\/site\\\/wp-content\\\/uploads\\\/capa.png\",\"articleSection\":[\"News\"],\"inLanguage\":\"fr-FR\",\"potentialAction\":[{\"@type\":\"CommentAction\",\"name\":\"Comment\",\"target\":[\"https:\\\/\\\/www.gtlawyers.com.br\\\/noticia\\\/gtlawyers-participou-na-ago-da-ccifb-em-sao-paulo\\\/#respond\"]}]},{\"@type\":\"WebPage\",\"@id\":\"https:\\\/\\\/www.gtlawyers.com.br\\\/noticia\\\/gtlawyers-participou-na-ago-da-ccifb-em-sao-paulo\\\/\",\"url\":\"https:\\\/\\\/www.gtlawyers.com.br\\\/noticia\\\/gtlawyers-participou-na-ago-da-ccifb-em-sao-paulo\\\/\",\"name\":\"GTLAWYERS participou na AGO da CCIFB em S\u00e3o Paulo | GTLawyers | Escrit\u00f3rio boutique full-service\",\"isPartOf\":{\"@id\":\"https:\\\/\\\/www.gtlawyers.com.br\\\/#website\"},\"primaryImageOfPage\":{\"@id\":\"https:\\\/\\\/www.gtlawyers.com.br\\\/noticia\\\/gtlawyers-participou-na-ago-da-ccifb-em-sao-paulo\\\/#primaryimage\"},\"image\":{\"@id\":\"https:\\\/\\\/www.gtlawyers.com.br\\\/noticia\\\/gtlawyers-participou-na-ago-da-ccifb-em-sao-paulo\\\/#primaryimage\"},\"thumbnailUrl\":\"https:\\\/\\\/www.gtlawyers.com.br\\\/site\\\/wp-content\\\/uploads\\\/capa.png\",\"datePublished\":\"2024-04-10T00:25:46+00:00\",\"dateModified\":\"2024-04-10T00:27:52+00:00\",\"breadcrumb\":{\"@id\":\"https:\\\/\\\/www.gtlawyers.com.br\\\/noticia\\\/gtlawyers-participou-na-ago-da-ccifb-em-sao-paulo\\\/#breadcrumb\"},\"inLanguage\":\"fr-FR\",\"potentialAction\":[{\"@type\":\"ReadAction\",\"target\":[\"https:\\\/\\\/www.gtlawyers.com.br\\\/noticia\\\/gtlawyers-participou-na-ago-da-ccifb-em-sao-paulo\\\/\"]}]},{\"@type\":\"ImageObject\",\"inLanguage\":\"fr-FR\",\"@id\":\"https:\\\/\\\/www.gtlawyers.com.br\\\/noticia\\\/gtlawyers-participou-na-ago-da-ccifb-em-sao-paulo\\\/#primaryimage\",\"url\":\"https:\\\/\\\/www.gtlawyers.com.br\\\/site\\\/wp-content\\\/uploads\\\/capa.png\",\"contentUrl\":\"https:\\\/\\\/www.gtlawyers.com.br\\\/site\\\/wp-content\\\/uploads\\\/capa.png\",\"width\":465,\"height\":485},{\"@type\":\"BreadcrumbList\",\"@id\":\"https:\\\/\\\/www.gtlawyers.com.br\\\/noticia\\\/gtlawyers-participou-na-ago-da-ccifb-em-sao-paulo\\\/#breadcrumb\",\"itemListElement\":[{\"@type\":\"ListItem\",\"position\":1,\"name\":\"In\u00edcio\",\"item\":\"https:\\\/\\\/www.gtlawyers.com.br\\\/\"},{\"@type\":\"ListItem\",\"position\":2,\"name\":\"GTLAWYERS participou na AGO da CCIFB em S\u00e3o Paulo\"}]},{\"@type\":\"WebSite\",\"@id\":\"https:\\\/\\\/www.gtlawyers.com.br\\\/#website\",\"url\":\"https:\\\/\\\/www.gtlawyers.com.br\\\/\",\"name\":\"GTLawyers | Escrit\u00f3rio boutique full-service\",\"description\":\"Escrit\u00f3rio de advocacia franco-brasileiro para empresas especializado em M&amp;A, direito societ\u00e1rio, tribut\u00e1rio, imobili\u00e1rio, contencioso e compliance\",\"publisher\":{\"@id\":\"https:\\\/\\\/www.gtlawyers.com.br\\\/#organization\"},\"alternateName\":\"GTLawyers\",\"potentialAction\":[{\"@type\":\"SearchAction\",\"target\":{\"@type\":\"EntryPoint\",\"urlTemplate\":\"https:\\\/\\\/www.gtlawyers.com.br\\\/?s={search_term_string}\"},\"query-input\":{\"@type\":\"PropertyValueSpecification\",\"valueRequired\":true,\"valueName\":\"search_term_string\"}}],\"inLanguage\":\"fr-FR\"},{\"@type\":\"Organization\",\"@id\":\"https:\\\/\\\/www.gtlawyers.com.br\\\/#organization\",\"name\":\"GTLawyers - Escrit\u00f3rio boutique full-service\",\"url\":\"https:\\\/\\\/www.gtlawyers.com.br\\\/\",\"logo\":{\"@type\":\"ImageObject\",\"inLanguage\":\"fr-FR\",\"@id\":\"https:\\\/\\\/www.gtlawyers.com.br\\\/#\\\/schema\\\/logo\\\/image\\\/\",\"url\":\"https:\\\/\\\/www.gtlawyers.com.br\\\/site\\\/wp-content\\\/uploads\\\/image-3.png\",\"contentUrl\":\"https:\\\/\\\/www.gtlawyers.com.br\\\/site\\\/wp-content\\\/uploads\\\/image-3.png\",\"width\":166,\"height\":44,\"caption\":\"GTLawyers - Escrit\u00f3rio boutique full-service\"},\"image\":{\"@id\":\"https:\\\/\\\/www.gtlawyers.com.br\\\/#\\\/schema\\\/logo\\\/image\\\/\"},\"sameAs\":[\"https:\\\/\\\/www.linkedin.com\\\/company\\\/gtlawyers\\\/mycompany\\\/\"]},{\"@type\":\"Person\",\"@id\":\"https:\\\/\\\/www.gtlawyers.com.br\\\/#\\\/schema\\\/person\\\/ddacb191167435332fe1305a7c77274f\",\"name\":\"Felipe Nascimento\",\"image\":{\"@type\":\"ImageObject\",\"inLanguage\":\"fr-FR\",\"@id\":\"https:\\\/\\\/secure.gravatar.com\\\/avatar\\\/99b2fc11283f57cb70c409ae58fd3f3e83dfe5f33ff50bf649361b2d7e2240e0?s=96&d=mm&r=g\",\"url\":\"https:\\\/\\\/secure.gravatar.com\\\/avatar\\\/99b2fc11283f57cb70c409ae58fd3f3e83dfe5f33ff50bf649361b2d7e2240e0?s=96&d=mm&r=g\",\"contentUrl\":\"https:\\\/\\\/secure.gravatar.com\\\/avatar\\\/99b2fc11283f57cb70c409ae58fd3f3e83dfe5f33ff50bf649361b2d7e2240e0?s=96&d=mm&r=g\",\"caption\":\"Felipe Nascimento\"},\"url\":\"https:\\\/\\\/www.gtlawyers.com.br\\\/fr\\\/author\\\/felipe\\\/\"}]}<\/script>\n<!-- \/ Yoast SEO plugin. -->","yoast_head_json":{"title":"GTLAWYERS participou na AGO da CCIFB em S\u00e3o Paulo | GTLawyers | Escrit\u00f3rio boutique full-service","robots":{"index":"index","follow":"follow","max-snippet":"max-snippet:-1","max-image-preview":"max-image-preview:large","max-video-preview":"max-video-preview:-1"},"canonical":"https:\/\/www.gtlawyers.com.br\/fr\/noticia\/gtlawyers-participou-na-ago-da-ccifb-em-sao-paulo\/","og_locale":"fr_FR","og_type":"article","og_title":"GTLAWYERS participou na AGO da CCIFB em S\u00e3o Paulo | GTLawyers | Escrit\u00f3rio boutique full-service","og_description":"Na semana passada, GTLAWYERS participou na AGO da CCIFB em S\u00e3o Paulo, um evento anual que representa um momento de fortalecimento de nossas conex\u00f5es e parcerias na comunidade francesa. Aproveitamos para compartilhar que a Tamy Tanzilli permanece como conselheira e vice-l\u00edder da Comiss\u00e3o Legal da C\u00e2mara. Agradecemos \u00e0 CCIFB por esta oportunidade de colabora\u00e7\u00e3o e [&hellip;]","og_url":"https:\/\/www.gtlawyers.com.br\/fr\/noticia\/gtlawyers-participou-na-ago-da-ccifb-em-sao-paulo\/","og_site_name":"GTLawyers | Escrit\u00f3rio boutique full-service","article_published_time":"2024-04-10T00:25:46+00:00","article_modified_time":"2024-04-10T00:27:52+00:00","og_image":[{"width":465,"height":485,"url":"https:\/\/www.gtlawyers.com.br\/site\/wp-content\/uploads\/capa.png","type":"image\/png"}],"author":"Felipe Nascimento","twitter_card":"summary_large_image","twitter_misc":{"\u00c9crit par":"Felipe Nascimento"},"schema":{"@context":"https:\/\/schema.org","@graph":[{"@type":"Article","@id":"https:\/\/www.gtlawyers.com.br\/noticia\/gtlawyers-participou-na-ago-da-ccifb-em-sao-paulo\/#article","isPartOf":{"@id":"https:\/\/www.gtlawyers.com.br\/noticia\/gtlawyers-participou-na-ago-da-ccifb-em-sao-paulo\/"},"author":{"name":"Felipe Nascimento","@id":"https:\/\/www.gtlawyers.com.br\/#\/schema\/person\/ddacb191167435332fe1305a7c77274f"},"headline":"GTLAWYERS participou na AGO da CCIFB em S\u00e3o Paulo","datePublished":"2024-04-10T00:25:46+00:00","dateModified":"2024-04-10T00:27:52+00:00","mainEntityOfPage":{"@id":"https:\/\/www.gtlawyers.com.br\/noticia\/gtlawyers-participou-na-ago-da-ccifb-em-sao-paulo\/"},"wordCount":91,"commentCount":0,"publisher":{"@id":"https:\/\/www.gtlawyers.com.br\/#organization"},"image":{"@id":"https:\/\/www.gtlawyers.com.br\/noticia\/gtlawyers-participou-na-ago-da-ccifb-em-sao-paulo\/#primaryimage"},"thumbnailUrl":"https:\/\/www.gtlawyers.com.br\/site\/wp-content\/uploads\/capa.png","articleSection":["News"],"inLanguage":"fr-FR","potentialAction":[{"@type":"CommentAction","name":"Comment","target":["https:\/\/www.gtlawyers.com.br\/noticia\/gtlawyers-participou-na-ago-da-ccifb-em-sao-paulo\/#respond"]}]},{"@type":"WebPage","@id":"https:\/\/www.gtlawyers.com.br\/noticia\/gtlawyers-participou-na-ago-da-ccifb-em-sao-paulo\/","url":"https:\/\/www.gtlawyers.com.br\/noticia\/gtlawyers-participou-na-ago-da-ccifb-em-sao-paulo\/","name":"GTLAWYERS participou na AGO da CCIFB em S\u00e3o Paulo | GTLawyers | Escrit\u00f3rio boutique full-service","isPartOf":{"@id":"https:\/\/www.gtlawyers.com.br\/#website"},"primaryImageOfPage":{"@id":"https:\/\/www.gtlawyers.com.br\/noticia\/gtlawyers-participou-na-ago-da-ccifb-em-sao-paulo\/#primaryimage"},"image":{"@id":"https:\/\/www.gtlawyers.com.br\/noticia\/gtlawyers-participou-na-ago-da-ccifb-em-sao-paulo\/#primaryimage"},"thumbnailUrl":"https:\/\/www.gtlawyers.com.br\/site\/wp-content\/uploads\/capa.png","datePublished":"2024-04-10T00:25:46+00:00","dateModified":"2024-04-10T00:27:52+00:00","breadcrumb":{"@id":"https:\/\/www.gtlawyers.com.br\/noticia\/gtlawyers-participou-na-ago-da-ccifb-em-sao-paulo\/#breadcrumb"},"inLanguage":"fr-FR","potentialAction":[{"@type":"ReadAction","target":["https:\/\/www.gtlawyers.com.br\/noticia\/gtlawyers-participou-na-ago-da-ccifb-em-sao-paulo\/"]}]},{"@type":"ImageObject","inLanguage":"fr-FR","@id":"https:\/\/www.gtlawyers.com.br\/noticia\/gtlawyers-participou-na-ago-da-ccifb-em-sao-paulo\/#primaryimage","url":"https:\/\/www.gtlawyers.com.br\/site\/wp-content\/uploads\/capa.png","contentUrl":"https:\/\/www.gtlawyers.com.br\/site\/wp-content\/uploads\/capa.png","width":465,"height":485},{"@type":"BreadcrumbList","@id":"https:\/\/www.gtlawyers.com.br\/noticia\/gtlawyers-participou-na-ago-da-ccifb-em-sao-paulo\/#breadcrumb","itemListElement":[{"@type":"ListItem","position":1,"name":"In\u00edcio","item":"https:\/\/www.gtlawyers.com.br\/"},{"@type":"ListItem","position":2,"name":"GTLAWYERS participou na AGO da CCIFB em S\u00e3o Paulo"}]},{"@type":"WebSite","@id":"https:\/\/www.gtlawyers.com.br\/#website","url":"https:\/\/www.gtlawyers.com.br\/","name":"GTLawyers | Escrit\u00f3rio boutique full-service","description":"Escrit\u00f3rio de advocacia franco-brasileiro para empresas especializado em M&amp;A, direito societ\u00e1rio, tribut\u00e1rio, imobili\u00e1rio, contencioso e compliance","publisher":{"@id":"https:\/\/www.gtlawyers.com.br\/#organization"},"alternateName":"GTLawyers","potentialAction":[{"@type":"SearchAction","target":{"@type":"EntryPoint","urlTemplate":"https:\/\/www.gtlawyers.com.br\/?s={search_term_string}"},"query-input":{"@type":"PropertyValueSpecification","valueRequired":true,"valueName":"search_term_string"}}],"inLanguage":"fr-FR"},{"@type":"Organization","@id":"https:\/\/www.gtlawyers.com.br\/#organization","name":"GTLawyers - Escrit\u00f3rio boutique full-service","url":"https:\/\/www.gtlawyers.com.br\/","logo":{"@type":"ImageObject","inLanguage":"fr-FR","@id":"https:\/\/www.gtlawyers.com.br\/#\/schema\/logo\/image\/","url":"https:\/\/www.gtlawyers.com.br\/site\/wp-content\/uploads\/image-3.png","contentUrl":"https:\/\/www.gtlawyers.com.br\/site\/wp-content\/uploads\/image-3.png","width":166,"height":44,"caption":"GTLawyers - Escrit\u00f3rio boutique full-service"},"image":{"@id":"https:\/\/www.gtlawyers.com.br\/#\/schema\/logo\/image\/"},"sameAs":["https:\/\/www.linkedin.com\/company\/gtlawyers\/mycompany\/"]},{"@type":"Person","@id":"https:\/\/www.gtlawyers.com.br\/#\/schema\/person\/ddacb191167435332fe1305a7c77274f","name":"Felipe Nascimento","image":{"@type":"ImageObject","inLanguage":"fr-FR","@id":"https:\/\/secure.gravatar.com\/avatar\/99b2fc11283f57cb70c409ae58fd3f3e83dfe5f33ff50bf649361b2d7e2240e0?s=96&d=mm&r=g","url":"https:\/\/secure.gravatar.com\/avatar\/99b2fc11283f57cb70c409ae58fd3f3e83dfe5f33ff50bf649361b2d7e2240e0?s=96&d=mm&r=g","contentUrl":"https:\/\/secure.gravatar.com\/avatar\/99b2fc11283f57cb70c409ae58fd3f3e83dfe5f33ff50bf649361b2d7e2240e0?s=96&d=mm&r=g","caption":"Felipe Nascimento"},"url":"https:\/\/www.gtlawyers.com.br\/fr\/author\/felipe\/"}]}},"_links":{"self":[{"href":"https:\/\/www.gtlawyers.com.br\/fr\/wp-json\/wp\/v2\/posts\/1215","targetHints":{"allow":["GET"]}}],"collection":[{"href":"https:\/\/www.gtlawyers.com.br\/fr\/wp-json\/wp\/v2\/posts"}],"about":[{"href":"https:\/\/www.gtlawyers.com.br\/fr\/wp-json\/wp\/v2\/types\/post"}],"author":[{"embeddable":true,"href":"https:\/\/www.gtlawyers.com.br\/fr\/wp-json\/wp\/v2\/users\/5"}],"replies":[{"embeddable":true,"href":"https:\/\/www.gtlawyers.com.br\/fr\/wp-json\/wp\/v2\/comments?post=1215"}],"version-history":[{"count":1,"href":"https:\/\/www.gtlawyers.com.br\/fr\/wp-json\/wp\/v2\/posts\/1215\/revisions"}],"predecessor-version":[{"id":1218,"href":"https:\/\/www.gtlawyers.com.br\/fr\/wp-json\/wp\/v2\/posts\/1215\/revisions\/1218"}],"wp:featuredmedia":[{"embeddable":true,"href":"https:\/\/www.gtlawyers.com.br\/fr\/wp-json\/wp\/v2\/media\/1220"}],"wp:attachment":[{"href":"https:\/\/www.gtlawyers.com.br\/fr\/wp-json\/wp\/v2\/media?parent=1215"}],"wp:term":[{"taxonomy":"category","embeddable":true,"href":"https:\/\/www.gtlawyers.com.br\/fr\/wp-json\/wp\/v2\/categories?post=1215"},{"taxonomy":"post_tag","embeddable":true,"href":"https:\/\/www.gtlawyers.com.br\/fr\/wp-json\/wp\/v2\/tags?post=1215"}],"curies":[{"name":"wp","href":"https:\/\/api.w.org\/{rel}","templated":true}]}}