{"id":1409,"date":"2024-10-29T13:31:53","date_gmt":"2024-10-29T16:31:53","guid":{"rendered":"https:\/\/www.gtlawyers.com.br\/?p=1409"},"modified":"2024-10-29T13:31:54","modified_gmt":"2024-10-29T16:31:54","slug":"gtlawyers-organized-a-conference-on-foreign-investment-in-brazil-at-the-brazilian-embassy-in-paris","status":"publish","type":"post","link":"https:\/\/www.gtlawyers.com.br\/fr\/noticia\/gtlawyers-organized-a-conference-on-foreign-investment-in-brazil-at-the-brazilian-embassy-in-paris\/","title":{"rendered":"GTLAWYERS organized a conference on foreign investment in Brazil at the Brazilian Embassy in Paris"},"content":{"rendered":"<p>During a week-long business trip in Paris, Tamy Tanzilli, Anne-Catherine Brunschwig, Carolina Moresco, and C\u00e9cile Verdeaux have had the opportunity to organize, on October 10, a conference on foreign investment in Brazil at the Brazilian Embassy in Paris, in collaboration with Pramex International and Velours International.<\/p>\n\n\n\n<p>Conference Speakers:<\/p>\n\n\n\n<ol start=\"1\" class=\"wp-block-list\">\n<li><strong>Pramex International<\/strong>, with Jerome Dupas, who shared insights on the economic context in Brazil, M&amp;A and the positive economic recovery in 2024.<\/li>\n\n\n\n<li><strong>GTLawyers<\/strong>, represented by Tanzilli Tamy, who presented a legal overview of investments in Brazil: towards a simplification of the legal and regulatory framework.<\/li>\n\n\n\n<li><strong>Velours International<\/strong>, with Laurent Serafini, addressed the topic: how to protect your investments and assets in Brazil?<\/li>\n<\/ol>\n\n\n\n<p>We\u2019ve also had the privilege of hearing two inspiring testimonials from&nbsp;<strong>J\u00e9r\u00f4me Leboeuf<\/strong>&nbsp;of NOREMAT Ltda. and&nbsp;<strong>Stephane Lehning<\/strong>&nbsp;of Laboratoires Lehning, who shared their investment experience in Brazil, whether through company creation or acquisition.<\/p>\n\n\n\n<p>A huge thank you to all participants for their valuable contributions! We would also like to thank the&nbsp;<strong>Brazil-France Chamber of Commerce of Brazil (CCBF)<\/strong>, its president&nbsp;<strong>Philippe Lecourtier<\/strong>, as well as&nbsp;<strong>Rosemeire Martins<\/strong>&nbsp;for the perfect organization of this event.<\/p>\n\n\n\n<figure class=\"wp-block-image size-large\"><img loading=\"lazy\" decoding=\"async\" width=\"1024\" height=\"643\" src=\"https:\/\/www.gtlawyers.com.br\/site\/wp-content\/uploads\/CCBF1-1024x643.jpg\" alt=\"\" class=\"wp-image-1391\" srcset=\"https:\/\/www.gtlawyers.com.br\/site\/wp-content\/uploads\/CCBF1-1024x643.jpg 1024w, https:\/\/www.gtlawyers.com.br\/site\/wp-content\/uploads\/CCBF1-300x188.jpg 300w, https:\/\/www.gtlawyers.com.br\/site\/wp-content\/uploads\/CCBF1-150x94.jpg 150w, https:\/\/www.gtlawyers.com.br\/site\/wp-content\/uploads\/CCBF1-768x482.jpg 768w, https:\/\/www.gtlawyers.com.br\/site\/wp-content\/uploads\/CCBF1-18x12.jpg 18w, https:\/\/www.gtlawyers.com.br\/site\/wp-content\/uploads\/CCBF1.jpg 1449w\" sizes=\"auto, (max-width: 1024px) 100vw, 1024px\" \/><\/figure>\n\n\n\n<figure class=\"wp-block-image size-large\"><img loading=\"lazy\" decoding=\"async\" width=\"830\" height=\"1024\" src=\"https:\/\/www.gtlawyers.com.br\/site\/wp-content\/uploads\/CCBF2-830x1024.jpg\" alt=\"\" class=\"wp-image-1392\" srcset=\"https:\/\/www.gtlawyers.com.br\/site\/wp-content\/uploads\/CCBF2-830x1024.jpg 830w, https:\/\/www.gtlawyers.com.br\/site\/wp-content\/uploads\/CCBF2-243x300.jpg 243w, https:\/\/www.gtlawyers.com.br\/site\/wp-content\/uploads\/CCBF2-122x150.jpg 122w, https:\/\/www.gtlawyers.com.br\/site\/wp-content\/uploads\/CCBF2-768x947.jpg 768w, https:\/\/www.gtlawyers.com.br\/site\/wp-content\/uploads\/CCBF2-1245x1536.jpg 1245w, https:\/\/www.gtlawyers.com.br\/site\/wp-content\/uploads\/CCBF2-10x12.jpg 10w, https:\/\/www.gtlawyers.com.br\/site\/wp-content\/uploads\/CCBF2.jpg 1297w\" sizes=\"auto, (max-width: 830px) 100vw, 830px\" \/><\/figure>\n\n\n\n<figure class=\"wp-block-image size-large\"><img loading=\"lazy\" decoding=\"async\" width=\"1024\" height=\"768\" src=\"https:\/\/www.gtlawyers.com.br\/site\/wp-content\/uploads\/CCBF3-1024x768.jpg\" alt=\"\" class=\"wp-image-1393\" srcset=\"https:\/\/www.gtlawyers.com.br\/site\/wp-content\/uploads\/CCBF3-1024x768.jpg 1024w, https:\/\/www.gtlawyers.com.br\/site\/wp-content\/uploads\/CCBF3-300x225.jpg 300w, https:\/\/www.gtlawyers.com.br\/site\/wp-content\/uploads\/CCBF3-150x113.jpg 150w, https:\/\/www.gtlawyers.com.br\/site\/wp-content\/uploads\/CCBF3-768x576.jpg 768w, https:\/\/www.gtlawyers.com.br\/site\/wp-content\/uploads\/CCBF3-1536x1152.jpg 1536w, https:\/\/www.gtlawyers.com.br\/site\/wp-content\/uploads\/CCBF3-16x12.jpg 16w, https:\/\/www.gtlawyers.com.br\/site\/wp-content\/uploads\/CCBF3.jpg 1600w\" sizes=\"auto, (max-width: 1024px) 100vw, 1024px\" \/><\/figure>","protected":false},"excerpt":{"rendered":"<p>During a week-long business trip in Paris, Tamy Tanzilli, Anne-Catherine Brunschwig, Carolina Moresco, and C\u00e9cile Verdeaux have had the opportunity to organize, on October 10, a conference on foreign investment in Brazil at the Brazilian Embassy in Paris, in collaboration with Pramex International and Velours International. Conference Speakers: We\u2019ve also had the privilege of hearing [&hellip;]<\/p>\n","protected":false},"author":5,"featured_media":1391,"comment_status":"open","ping_status":"open","sticky":false,"template":"","format":"standard","meta":{"_acf_changed":false,"footnotes":""},"categories":[7],"tags":[],"class_list":["post-1409","post","type-post","status-publish","format-standard","has-post-thumbnail","hentry","category-noticia"],"acf":[],"yoast_head":"<!-- This site is optimized with the Yoast SEO plugin v27.5 - https:\/\/yoast.com\/product\/yoast-seo-wordpress\/ -->\n<title>GTLAWYERS organized a conference on foreign investment in Brazil at the Brazilian Embassy in Paris | GTLawyers | Escrit\u00f3rio boutique full-service<\/title>\n<meta name=\"robots\" content=\"index, follow, max-snippet:-1, max-image-preview:large, max-video-preview:-1\" \/>\n<link rel=\"canonical\" href=\"https:\/\/www.gtlawyers.com.br\/fr\/noticia\/gtlawyers-organized-a-conference-on-foreign-investment-in-brazil-at-the-brazilian-embassy-in-paris\/\" \/>\n<meta property=\"og:locale\" content=\"fr_FR\" \/>\n<meta property=\"og:type\" content=\"article\" \/>\n<meta property=\"og:title\" content=\"GTLAWYERS organized a conference on foreign investment in Brazil at the Brazilian Embassy in Paris | GTLawyers | Escrit\u00f3rio boutique full-service\" \/>\n<meta property=\"og:description\" content=\"During a week-long business trip in Paris, Tamy Tanzilli, Anne-Catherine Brunschwig, Carolina Moresco, and C\u00e9cile Verdeaux have had the opportunity to organize, on October 10, a conference on foreign investment in Brazil at the Brazilian Embassy in Paris, in collaboration with Pramex International and Velours International. Conference Speakers: We\u2019ve also had the privilege of hearing [&hellip;]\" \/>\n<meta property=\"og:url\" content=\"https:\/\/www.gtlawyers.com.br\/fr\/noticia\/gtlawyers-organized-a-conference-on-foreign-investment-in-brazil-at-the-brazilian-embassy-in-paris\/\" \/>\n<meta property=\"og:site_name\" content=\"GTLawyers | Escrit\u00f3rio boutique full-service\" \/>\n<meta property=\"article:published_time\" content=\"2024-10-29T16:31:53+00:00\" \/>\n<meta property=\"article:modified_time\" content=\"2024-10-29T16:31:54+00:00\" \/>\n<meta property=\"og:image\" content=\"https:\/\/www.gtlawyers.com.br\/site\/wp-content\/uploads\/CCBF1.jpg\" \/>\n\t<meta property=\"og:image:width\" content=\"1449\" \/>\n\t<meta property=\"og:image:height\" content=\"910\" \/>\n\t<meta property=\"og:image:type\" content=\"image\/jpeg\" \/>\n<meta name=\"author\" content=\"Felipe Nascimento\" \/>\n<meta name=\"twitter:card\" content=\"summary_large_image\" \/>\n<meta name=\"twitter:label1\" content=\"\u00c9crit par\" \/>\n\t<meta name=\"twitter:data1\" content=\"Felipe Nascimento\" \/>\n\t<meta name=\"twitter:label2\" content=\"Dur\u00e9e de lecture estim\u00e9e\" \/>\n\t<meta name=\"twitter:data2\" content=\"2 minutes\" \/>\n<script type=\"application\/ld+json\" class=\"yoast-schema-graph\">{\"@context\":\"https:\\\/\\\/schema.org\",\"@graph\":[{\"@type\":\"Article\",\"@id\":\"https:\\\/\\\/www.gtlawyers.com.br\\\/noticia\\\/gtlawyers-organized-a-conference-on-foreign-investment-in-brazil-at-the-brazilian-embassy-in-paris\\\/#article\",\"isPartOf\":{\"@id\":\"https:\\\/\\\/www.gtlawyers.com.br\\\/noticia\\\/gtlawyers-organized-a-conference-on-foreign-investment-in-brazil-at-the-brazilian-embassy-in-paris\\\/\"},\"author\":{\"name\":\"Felipe Nascimento\",\"@id\":\"https:\\\/\\\/www.gtlawyers.com.br\\\/#\\\/schema\\\/person\\\/ddacb191167435332fe1305a7c77274f\"},\"headline\":\"GTLAWYERS organized a conference on foreign investment in Brazil at the Brazilian Embassy in Paris\",\"datePublished\":\"2024-10-29T16:31:53+00:00\",\"dateModified\":\"2024-10-29T16:31:54+00:00\",\"mainEntityOfPage\":{\"@id\":\"https:\\\/\\\/www.gtlawyers.com.br\\\/noticia\\\/gtlawyers-organized-a-conference-on-foreign-investment-in-brazil-at-the-brazilian-embassy-in-paris\\\/\"},\"wordCount\":213,\"commentCount\":0,\"publisher\":{\"@id\":\"https:\\\/\\\/www.gtlawyers.com.br\\\/#organization\"},\"image\":{\"@id\":\"https:\\\/\\\/www.gtlawyers.com.br\\\/noticia\\\/gtlawyers-organized-a-conference-on-foreign-investment-in-brazil-at-the-brazilian-embassy-in-paris\\\/#primaryimage\"},\"thumbnailUrl\":\"https:\\\/\\\/www.gtlawyers.com.br\\\/site\\\/wp-content\\\/uploads\\\/CCBF1.jpg\",\"articleSection\":[\"News\"],\"inLanguage\":\"fr-FR\",\"potentialAction\":[{\"@type\":\"CommentAction\",\"name\":\"Comment\",\"target\":[\"https:\\\/\\\/www.gtlawyers.com.br\\\/noticia\\\/gtlawyers-organized-a-conference-on-foreign-investment-in-brazil-at-the-brazilian-embassy-in-paris\\\/#respond\"]}]},{\"@type\":\"WebPage\",\"@id\":\"https:\\\/\\\/www.gtlawyers.com.br\\\/noticia\\\/gtlawyers-organized-a-conference-on-foreign-investment-in-brazil-at-the-brazilian-embassy-in-paris\\\/\",\"url\":\"https:\\\/\\\/www.gtlawyers.com.br\\\/noticia\\\/gtlawyers-organized-a-conference-on-foreign-investment-in-brazil-at-the-brazilian-embassy-in-paris\\\/\",\"name\":\"GTLAWYERS organized a conference on foreign investment in Brazil at the Brazilian Embassy in Paris | GTLawyers | Escrit\u00f3rio boutique full-service\",\"isPartOf\":{\"@id\":\"https:\\\/\\\/www.gtlawyers.com.br\\\/#website\"},\"primaryImageOfPage\":{\"@id\":\"https:\\\/\\\/www.gtlawyers.com.br\\\/noticia\\\/gtlawyers-organized-a-conference-on-foreign-investment-in-brazil-at-the-brazilian-embassy-in-paris\\\/#primaryimage\"},\"image\":{\"@id\":\"https:\\\/\\\/www.gtlawyers.com.br\\\/noticia\\\/gtlawyers-organized-a-conference-on-foreign-investment-in-brazil-at-the-brazilian-embassy-in-paris\\\/#primaryimage\"},\"thumbnailUrl\":\"https:\\\/\\\/www.gtlawyers.com.br\\\/site\\\/wp-content\\\/uploads\\\/CCBF1.jpg\",\"datePublished\":\"2024-10-29T16:31:53+00:00\",\"dateModified\":\"2024-10-29T16:31:54+00:00\",\"breadcrumb\":{\"@id\":\"https:\\\/\\\/www.gtlawyers.com.br\\\/noticia\\\/gtlawyers-organized-a-conference-on-foreign-investment-in-brazil-at-the-brazilian-embassy-in-paris\\\/#breadcrumb\"},\"inLanguage\":\"fr-FR\",\"potentialAction\":[{\"@type\":\"ReadAction\",\"target\":[\"https:\\\/\\\/www.gtlawyers.com.br\\\/noticia\\\/gtlawyers-organized-a-conference-on-foreign-investment-in-brazil-at-the-brazilian-embassy-in-paris\\\/\"]}]},{\"@type\":\"ImageObject\",\"inLanguage\":\"fr-FR\",\"@id\":\"https:\\\/\\\/www.gtlawyers.com.br\\\/noticia\\\/gtlawyers-organized-a-conference-on-foreign-investment-in-brazil-at-the-brazilian-embassy-in-paris\\\/#primaryimage\",\"url\":\"https:\\\/\\\/www.gtlawyers.com.br\\\/site\\\/wp-content\\\/uploads\\\/CCBF1.jpg\",\"contentUrl\":\"https:\\\/\\\/www.gtlawyers.com.br\\\/site\\\/wp-content\\\/uploads\\\/CCBF1.jpg\",\"width\":1449,\"height\":910},{\"@type\":\"BreadcrumbList\",\"@id\":\"https:\\\/\\\/www.gtlawyers.com.br\\\/noticia\\\/gtlawyers-organized-a-conference-on-foreign-investment-in-brazil-at-the-brazilian-embassy-in-paris\\\/#breadcrumb\",\"itemListElement\":[{\"@type\":\"ListItem\",\"position\":1,\"name\":\"In\u00edcio\",\"item\":\"https:\\\/\\\/www.gtlawyers.com.br\\\/\"},{\"@type\":\"ListItem\",\"position\":2,\"name\":\"GTLAWYERS organized a conference on foreign investment in Brazil at the Brazilian Embassy in Paris\"}]},{\"@type\":\"WebSite\",\"@id\":\"https:\\\/\\\/www.gtlawyers.com.br\\\/#website\",\"url\":\"https:\\\/\\\/www.gtlawyers.com.br\\\/\",\"name\":\"GTLawyers | Escrit\u00f3rio boutique full-service\",\"description\":\"Escrit\u00f3rio de advocacia franco-brasileiro para empresas especializado em M&amp;A, direito societ\u00e1rio, tribut\u00e1rio, imobili\u00e1rio, contencioso e compliance\",\"publisher\":{\"@id\":\"https:\\\/\\\/www.gtlawyers.com.br\\\/#organization\"},\"alternateName\":\"GTLawyers\",\"potentialAction\":[{\"@type\":\"SearchAction\",\"target\":{\"@type\":\"EntryPoint\",\"urlTemplate\":\"https:\\\/\\\/www.gtlawyers.com.br\\\/?s={search_term_string}\"},\"query-input\":{\"@type\":\"PropertyValueSpecification\",\"valueRequired\":true,\"valueName\":\"search_term_string\"}}],\"inLanguage\":\"fr-FR\"},{\"@type\":\"Organization\",\"@id\":\"https:\\\/\\\/www.gtlawyers.com.br\\\/#organization\",\"name\":\"GTLawyers - Escrit\u00f3rio boutique full-service\",\"url\":\"https:\\\/\\\/www.gtlawyers.com.br\\\/\",\"logo\":{\"@type\":\"ImageObject\",\"inLanguage\":\"fr-FR\",\"@id\":\"https:\\\/\\\/www.gtlawyers.com.br\\\/#\\\/schema\\\/logo\\\/image\\\/\",\"url\":\"https:\\\/\\\/www.gtlawyers.com.br\\\/site\\\/wp-content\\\/uploads\\\/image-3.png\",\"contentUrl\":\"https:\\\/\\\/www.gtlawyers.com.br\\\/site\\\/wp-content\\\/uploads\\\/image-3.png\",\"width\":166,\"height\":44,\"caption\":\"GTLawyers - Escrit\u00f3rio boutique full-service\"},\"image\":{\"@id\":\"https:\\\/\\\/www.gtlawyers.com.br\\\/#\\\/schema\\\/logo\\\/image\\\/\"},\"sameAs\":[\"https:\\\/\\\/www.linkedin.com\\\/company\\\/gtlawyers\\\/mycompany\\\/\"]},{\"@type\":\"Person\",\"@id\":\"https:\\\/\\\/www.gtlawyers.com.br\\\/#\\\/schema\\\/person\\\/ddacb191167435332fe1305a7c77274f\",\"name\":\"Felipe Nascimento\",\"image\":{\"@type\":\"ImageObject\",\"inLanguage\":\"fr-FR\",\"@id\":\"https:\\\/\\\/secure.gravatar.com\\\/avatar\\\/99b2fc11283f57cb70c409ae58fd3f3e83dfe5f33ff50bf649361b2d7e2240e0?s=96&d=mm&r=g\",\"url\":\"https:\\\/\\\/secure.gravatar.com\\\/avatar\\\/99b2fc11283f57cb70c409ae58fd3f3e83dfe5f33ff50bf649361b2d7e2240e0?s=96&d=mm&r=g\",\"contentUrl\":\"https:\\\/\\\/secure.gravatar.com\\\/avatar\\\/99b2fc11283f57cb70c409ae58fd3f3e83dfe5f33ff50bf649361b2d7e2240e0?s=96&d=mm&r=g\",\"caption\":\"Felipe Nascimento\"},\"url\":\"https:\\\/\\\/www.gtlawyers.com.br\\\/fr\\\/author\\\/felipe\\\/\"}]}<\/script>\n<!-- \/ Yoast SEO plugin. -->","yoast_head_json":{"title":"GTLAWYERS organized a conference on foreign investment in Brazil at the Brazilian Embassy in Paris | GTLawyers | Escrit\u00f3rio boutique full-service","robots":{"index":"index","follow":"follow","max-snippet":"max-snippet:-1","max-image-preview":"max-image-preview:large","max-video-preview":"max-video-preview:-1"},"canonical":"https:\/\/www.gtlawyers.com.br\/fr\/noticia\/gtlawyers-organized-a-conference-on-foreign-investment-in-brazil-at-the-brazilian-embassy-in-paris\/","og_locale":"fr_FR","og_type":"article","og_title":"GTLAWYERS organized a conference on foreign investment in Brazil at the Brazilian Embassy in Paris | GTLawyers | Escrit\u00f3rio boutique full-service","og_description":"During a week-long business trip in Paris, Tamy Tanzilli, Anne-Catherine Brunschwig, Carolina Moresco, and C\u00e9cile Verdeaux have had the opportunity to organize, on October 10, a conference on foreign investment in Brazil at the Brazilian Embassy in Paris, in collaboration with Pramex International and Velours International. Conference Speakers: We\u2019ve also had the privilege of hearing [&hellip;]","og_url":"https:\/\/www.gtlawyers.com.br\/fr\/noticia\/gtlawyers-organized-a-conference-on-foreign-investment-in-brazil-at-the-brazilian-embassy-in-paris\/","og_site_name":"GTLawyers | Escrit\u00f3rio boutique full-service","article_published_time":"2024-10-29T16:31:53+00:00","article_modified_time":"2024-10-29T16:31:54+00:00","og_image":[{"width":1449,"height":910,"url":"https:\/\/www.gtlawyers.com.br\/site\/wp-content\/uploads\/CCBF1.jpg","type":"image\/jpeg"}],"author":"Felipe Nascimento","twitter_card":"summary_large_image","twitter_misc":{"\u00c9crit par":"Felipe Nascimento","Dur\u00e9e de lecture estim\u00e9e":"2 minutes"},"schema":{"@context":"https:\/\/schema.org","@graph":[{"@type":"Article","@id":"https:\/\/www.gtlawyers.com.br\/noticia\/gtlawyers-organized-a-conference-on-foreign-investment-in-brazil-at-the-brazilian-embassy-in-paris\/#article","isPartOf":{"@id":"https:\/\/www.gtlawyers.com.br\/noticia\/gtlawyers-organized-a-conference-on-foreign-investment-in-brazil-at-the-brazilian-embassy-in-paris\/"},"author":{"name":"Felipe Nascimento","@id":"https:\/\/www.gtlawyers.com.br\/#\/schema\/person\/ddacb191167435332fe1305a7c77274f"},"headline":"GTLAWYERS organized a conference on foreign investment in Brazil at the Brazilian Embassy in Paris","datePublished":"2024-10-29T16:31:53+00:00","dateModified":"2024-10-29T16:31:54+00:00","mainEntityOfPage":{"@id":"https:\/\/www.gtlawyers.com.br\/noticia\/gtlawyers-organized-a-conference-on-foreign-investment-in-brazil-at-the-brazilian-embassy-in-paris\/"},"wordCount":213,"commentCount":0,"publisher":{"@id":"https:\/\/www.gtlawyers.com.br\/#organization"},"image":{"@id":"https:\/\/www.gtlawyers.com.br\/noticia\/gtlawyers-organized-a-conference-on-foreign-investment-in-brazil-at-the-brazilian-embassy-in-paris\/#primaryimage"},"thumbnailUrl":"https:\/\/www.gtlawyers.com.br\/site\/wp-content\/uploads\/CCBF1.jpg","articleSection":["News"],"inLanguage":"fr-FR","potentialAction":[{"@type":"CommentAction","name":"Comment","target":["https:\/\/www.gtlawyers.com.br\/noticia\/gtlawyers-organized-a-conference-on-foreign-investment-in-brazil-at-the-brazilian-embassy-in-paris\/#respond"]}]},{"@type":"WebPage","@id":"https:\/\/www.gtlawyers.com.br\/noticia\/gtlawyers-organized-a-conference-on-foreign-investment-in-brazil-at-the-brazilian-embassy-in-paris\/","url":"https:\/\/www.gtlawyers.com.br\/noticia\/gtlawyers-organized-a-conference-on-foreign-investment-in-brazil-at-the-brazilian-embassy-in-paris\/","name":"GTLAWYERS organized a conference on foreign investment in Brazil at the Brazilian Embassy in Paris | GTLawyers | Escrit\u00f3rio boutique full-service","isPartOf":{"@id":"https:\/\/www.gtlawyers.com.br\/#website"},"primaryImageOfPage":{"@id":"https:\/\/www.gtlawyers.com.br\/noticia\/gtlawyers-organized-a-conference-on-foreign-investment-in-brazil-at-the-brazilian-embassy-in-paris\/#primaryimage"},"image":{"@id":"https:\/\/www.gtlawyers.com.br\/noticia\/gtlawyers-organized-a-conference-on-foreign-investment-in-brazil-at-the-brazilian-embassy-in-paris\/#primaryimage"},"thumbnailUrl":"https:\/\/www.gtlawyers.com.br\/site\/wp-content\/uploads\/CCBF1.jpg","datePublished":"2024-10-29T16:31:53+00:00","dateModified":"2024-10-29T16:31:54+00:00","breadcrumb":{"@id":"https:\/\/www.gtlawyers.com.br\/noticia\/gtlawyers-organized-a-conference-on-foreign-investment-in-brazil-at-the-brazilian-embassy-in-paris\/#breadcrumb"},"inLanguage":"fr-FR","potentialAction":[{"@type":"ReadAction","target":["https:\/\/www.gtlawyers.com.br\/noticia\/gtlawyers-organized-a-conference-on-foreign-investment-in-brazil-at-the-brazilian-embassy-in-paris\/"]}]},{"@type":"ImageObject","inLanguage":"fr-FR","@id":"https:\/\/www.gtlawyers.com.br\/noticia\/gtlawyers-organized-a-conference-on-foreign-investment-in-brazil-at-the-brazilian-embassy-in-paris\/#primaryimage","url":"https:\/\/www.gtlawyers.com.br\/site\/wp-content\/uploads\/CCBF1.jpg","contentUrl":"https:\/\/www.gtlawyers.com.br\/site\/wp-content\/uploads\/CCBF1.jpg","width":1449,"height":910},{"@type":"BreadcrumbList","@id":"https:\/\/www.gtlawyers.com.br\/noticia\/gtlawyers-organized-a-conference-on-foreign-investment-in-brazil-at-the-brazilian-embassy-in-paris\/#breadcrumb","itemListElement":[{"@type":"ListItem","position":1,"name":"In\u00edcio","item":"https:\/\/www.gtlawyers.com.br\/"},{"@type":"ListItem","position":2,"name":"GTLAWYERS organized a conference on foreign investment in Brazil at the Brazilian Embassy in Paris"}]},{"@type":"WebSite","@id":"https:\/\/www.gtlawyers.com.br\/#website","url":"https:\/\/www.gtlawyers.com.br\/","name":"GTLawyers | Escrit\u00f3rio boutique full-service","description":"Escrit\u00f3rio de advocacia franco-brasileiro para empresas especializado em M&amp;A, direito societ\u00e1rio, tribut\u00e1rio, imobili\u00e1rio, contencioso e compliance","publisher":{"@id":"https:\/\/www.gtlawyers.com.br\/#organization"},"alternateName":"GTLawyers","potentialAction":[{"@type":"SearchAction","target":{"@type":"EntryPoint","urlTemplate":"https:\/\/www.gtlawyers.com.br\/?s={search_term_string}"},"query-input":{"@type":"PropertyValueSpecification","valueRequired":true,"valueName":"search_term_string"}}],"inLanguage":"fr-FR"},{"@type":"Organization","@id":"https:\/\/www.gtlawyers.com.br\/#organization","name":"GTLawyers - Escrit\u00f3rio boutique full-service","url":"https:\/\/www.gtlawyers.com.br\/","logo":{"@type":"ImageObject","inLanguage":"fr-FR","@id":"https:\/\/www.gtlawyers.com.br\/#\/schema\/logo\/image\/","url":"https:\/\/www.gtlawyers.com.br\/site\/wp-content\/uploads\/image-3.png","contentUrl":"https:\/\/www.gtlawyers.com.br\/site\/wp-content\/uploads\/image-3.png","width":166,"height":44,"caption":"GTLawyers - Escrit\u00f3rio boutique full-service"},"image":{"@id":"https:\/\/www.gtlawyers.com.br\/#\/schema\/logo\/image\/"},"sameAs":["https:\/\/www.linkedin.com\/company\/gtlawyers\/mycompany\/"]},{"@type":"Person","@id":"https:\/\/www.gtlawyers.com.br\/#\/schema\/person\/ddacb191167435332fe1305a7c77274f","name":"Felipe Nascimento","image":{"@type":"ImageObject","inLanguage":"fr-FR","@id":"https:\/\/secure.gravatar.com\/avatar\/99b2fc11283f57cb70c409ae58fd3f3e83dfe5f33ff50bf649361b2d7e2240e0?s=96&d=mm&r=g","url":"https:\/\/secure.gravatar.com\/avatar\/99b2fc11283f57cb70c409ae58fd3f3e83dfe5f33ff50bf649361b2d7e2240e0?s=96&d=mm&r=g","contentUrl":"https:\/\/secure.gravatar.com\/avatar\/99b2fc11283f57cb70c409ae58fd3f3e83dfe5f33ff50bf649361b2d7e2240e0?s=96&d=mm&r=g","caption":"Felipe Nascimento"},"url":"https:\/\/www.gtlawyers.com.br\/fr\/author\/felipe\/"}]}},"_links":{"self":[{"href":"https:\/\/www.gtlawyers.com.br\/fr\/wp-json\/wp\/v2\/posts\/1409","targetHints":{"allow":["GET"]}}],"collection":[{"href":"https:\/\/www.gtlawyers.com.br\/fr\/wp-json\/wp\/v2\/posts"}],"about":[{"href":"https:\/\/www.gtlawyers.com.br\/fr\/wp-json\/wp\/v2\/types\/post"}],"author":[{"embeddable":true,"href":"https:\/\/www.gtlawyers.com.br\/fr\/wp-json\/wp\/v2\/users\/5"}],"replies":[{"embeddable":true,"href":"https:\/\/www.gtlawyers.com.br\/fr\/wp-json\/wp\/v2\/comments?post=1409"}],"version-history":[{"count":1,"href":"https:\/\/www.gtlawyers.com.br\/fr\/wp-json\/wp\/v2\/posts\/1409\/revisions"}],"predecessor-version":[{"id":1410,"href":"https:\/\/www.gtlawyers.com.br\/fr\/wp-json\/wp\/v2\/posts\/1409\/revisions\/1410"}],"wp:featuredmedia":[{"embeddable":true,"href":"https:\/\/www.gtlawyers.com.br\/fr\/wp-json\/wp\/v2\/media\/1391"}],"wp:attachment":[{"href":"https:\/\/www.gtlawyers.com.br\/fr\/wp-json\/wp\/v2\/media?parent=1409"}],"wp:term":[{"taxonomy":"category","embeddable":true,"href":"https:\/\/www.gtlawyers.com.br\/fr\/wp-json\/wp\/v2\/categories?post=1409"},{"taxonomy":"post_tag","embeddable":true,"href":"https:\/\/www.gtlawyers.com.br\/fr\/wp-json\/wp\/v2\/tags?post=1409"}],"curies":[{"name":"wp","href":"https:\/\/api.w.org\/{rel}","templated":true}]}}