{"id":1488,"date":"2025-03-24T09:41:17","date_gmt":"2025-03-24T12:41:17","guid":{"rendered":"https:\/\/www.gtlawyers.com.br\/?p=1488"},"modified":"2025-08-26T16:06:07","modified_gmt":"2025-08-26T19:06:07","slug":"a-proposta-de-reforma-do-irpf","status":"publish","type":"post","link":"https:\/\/www.gtlawyers.com.br\/fr\/artigos\/a-proposta-de-reforma-do-irpf\/","title":{"rendered":"A proposta de reforma do IRPF"},"content":{"rendered":"<p>Conforme veiculado pelos principais \u00f3rg\u00e3os de imprensa, o Governo Federal apresentou ao Congresso Nacional o projeto de lei 1.085 (PL 1.087\/2025) objetivando a reforma do imposto de renda devido pelas pessoas f\u00edsicas (\u201cIRPF\u201d). Apresentamos abaixo um breve resumo e considera\u00e7\u00f5es acerca desse novo projeto:<\/p>\n\n\n\n<p><strong>Redu\u00e7\u00f5es do IRPF<\/strong><\/p>\n\n\n\n<p>O projeto concede uma redu\u00e7\u00e3o de 100% do IRPF de contribuintes cujos rendimentos tribut\u00e1veis n\u00e3o excedam R$ 5 mil\/m\u00eas, e redu\u00e7\u00f5es menores e escalonadas para quem recebe entre R$ 5 mil e R$ 7 mil\/m\u00eas.<\/p>\n\n\n\n<p>Contrariando o hist\u00f3rico da tributa\u00e7\u00e3o com base na tabela progressiva (tributa\u00e7\u00e3o por faixa), essa redu\u00e7\u00e3o se aplica <strong>exclusivamente<\/strong> para os contribuintes com essa faixa de renda (benef\u00edcio pessoal), e n\u00e3o para contribuintes com renda superior. Ou seja, o contribuinte que receber R$ 8 mil\/m\u00eas, por exemplo, continuar\u00e1 pagando IRPF com base nas al\u00edquotas da tabela progressiva vigente, sem direito aos redutores do IRPF sobre a faixa de renda de at\u00e9 R$ 7 mil\/m\u00eas.<\/p>\n\n\n\n<p>Entendemos que essa distin\u00e7\u00e3o \u00e9 bastante question\u00e1vel, uma vez que restringe o benef\u00edcio do redutor a contribuintes, e n\u00e3o \u00e0 faixas de renda, tratando de forma desigual contribuintes em situa\u00e7\u00f5es econ\u00f4micas muito similares (eg. contribuinte com renda mensal de R$ 5 mil versus renda mensal de R$ 7 mil) e ignorando que a capacidade contributiva dessa faixa de renda \u00e9 a mesma, independentemente do contribuinte.<\/p>\n\n\n\n<p><strong>IRPF m\u00ednimo para altas rendas<\/strong><\/p>\n\n\n\n<p>O projeto pretende instituir um piso m\u00ednimo de IRPF para contribuintes classificados em altas faixas de renda, conforme as seguintes medidas:<\/p>\n\n\n\n<ul class=\"wp-block-list\">\n<li><strong>IRPF m\u00ednimo: <\/strong>institui\u00e7\u00e3o do IRPF m\u00ednimo para contribuintes com renda anual superior a R$ 600 mil. Nesse c\u00e1lculo dever\u00e3o ser exclu\u00eddos os ganhos de capital, doa\u00e7\u00f5es e heran\u00e7as. O IRPF m\u00ednimo ser\u00e1 progressivo (0-10%) para rendas acima de R$ 600 mil e inferiores a R$ 1,2 milh\u00e3o. Acima desse limite, o IRPF m\u00ednimo ser\u00e1 de 10%.<\/li>\n<\/ul>\n\n\n\n<ul class=\"wp-block-list\">\n<li>Do IRPF m\u00ednimo, poder\u00e3o ser deduzidos: (i) o IRPF apurado sob o regime regular, devido na Declara\u00e7\u00e3o de Ajuste Anual; (ii) o IR retido sob a sistem\u00e1tica de tributa\u00e7\u00e3o exclusiva na fonte; (iii) o IR devido sobre investimentos no exterior; (iv) IR definitivo, pago sobre rendimentos que comp\u00f5e sua base de c\u00e1lculo (ganhos l\u00edquidos, por exemplo) e (v) redutor sobre dividendos (comentado a seguir). Se a soma dos itens (i) a (iv) exceder o valor do IRPF m\u00ednimo, este ser\u00e1 igual a zero.<\/li>\n<\/ul>\n\n\n\n<ul class=\"wp-block-list\">\n<li><strong>Lucros e dividendos<\/strong>: tributa\u00e7\u00e3o pelo IRPF, \u00e0 al\u00edquota de 10%, sobre lucros e dividendos pagos por sociedades no Brasil a uma mesma pessoa f\u00edsica, desde que o montante mensal exceda R$ 50 mil\/m\u00eas;<\/li>\n<\/ul>\n\n\n\n<ul class=\"wp-block-list\">\n<li>Dividendos e IRPF m\u00ednimo: caso a soma da al\u00edquota efetiva de tributa\u00e7\u00e3o dos lucros da pessoa jur\u00eddica (IRPJ e CSLL) com a al\u00edquota efetiva do IRPF m\u00ednimo ultrapasse as al\u00edquotas nominais de IRPJ\/CSLL, haver\u00e1 a concess\u00e3o de um redutor de IRPF m\u00ednimo sobre os lucros e dividendos distribu\u00eddos. O racional do redutor \u00e9 que a tributa\u00e7\u00e3o global sobre os lucros\/dividendos sujeitos ao IRPF m\u00ednimo n\u00e3o exceda as al\u00edquotas nominais do IRPJ\/CSLL (34%, 40% ou 45%, a depender da atividade desenvolvida pela empresa). O redutor dever\u00e1 ser considerado com base na al\u00edquota efetiva de IRPJ\/CSLL recolhida pela pessoa jur\u00eddica, considerando o total desses tributos e o lucro l\u00edquido da sociedade.<\/li>\n<\/ul>\n\n\n\n<ul class=\"wp-block-list\">\n<li><strong>Exterior<\/strong>: Al\u00edquota de 10% de IRFonte sobre lucros e dividendos pagos ao exterior;<\/li>\n<\/ul>\n\n\n\n<ul class=\"wp-block-list\">\n<li>Tamb\u00e9m neste caso, se a soma da al\u00edquota efetiva de tributa\u00e7\u00e3o dos lucros da pessoa jur\u00eddica (IRPJ e CSLL) com o IRFonte exceder as al\u00edquotas nominais de IRPJ\/CSLL (34%, 40% ou 45%), haver\u00e1 a concess\u00e3o de um cr\u00e9dito ao n\u00e3o residente, que poder\u00e1 ser pleiteado em at\u00e9 360 dias contados do encerramento de cada exerc\u00edcio<\/li>\n<\/ul>\n\n\n\n<p>Nous nous tenons \u00e0 votre disposition pour toute clarification compl\u00e9mentaire.<\/p>\n\n\n\n<p><em>Artigo preparado por Estev\u00e3o Gross, s\u00f3cio de GTLawyers. Para mais informa\u00e7\u00f5es favor contatar o telefone 11.3504.7618 ou o e-mail egross@gtlawyers.com.br.<\/em><\/p>","protected":false},"excerpt":{"rendered":"<p>Conforme veiculado pelos principais \u00f3rg\u00e3os de imprensa, o Governo Federal apresentou ao Congresso Nacional o projeto de lei 1.085 (PL 1.087\/2025) objetivando a reforma do imposto de renda devido pelas pessoas f\u00edsicas (\u201cIRPF\u201d). Apresentamos abaixo um breve resumo e considera\u00e7\u00f5es acerca desse novo projeto: Redu\u00e7\u00f5es do IRPF O projeto concede uma redu\u00e7\u00e3o de 100% do [&hellip;]<\/p>\n","protected":false},"author":5,"featured_media":0,"comment_status":"open","ping_status":"open","sticky":false,"template":"","format":"standard","meta":{"_acf_changed":false,"footnotes":""},"categories":[6],"tags":[],"class_list":["post-1488","post","type-post","status-publish","format-standard","hentry","category-artigos"],"acf":[],"yoast_head":"<!-- This site is optimized with the Yoast SEO plugin v27.5 - https:\/\/yoast.com\/product\/yoast-seo-wordpress\/ -->\n<title>A proposta de reforma do IRPF | GTLawyers | Escrit\u00f3rio boutique full-service<\/title>\n<meta name=\"robots\" content=\"index, follow, max-snippet:-1, max-image-preview:large, max-video-preview:-1\" \/>\n<link rel=\"canonical\" href=\"https:\/\/www.gtlawyers.com.br\/fr\/artigos\/a-proposta-de-reforma-do-irpf\/\" \/>\n<meta property=\"og:locale\" content=\"fr_FR\" \/>\n<meta property=\"og:type\" content=\"article\" \/>\n<meta property=\"og:title\" content=\"A proposta de reforma do IRPF | GTLawyers | Escrit\u00f3rio boutique full-service\" \/>\n<meta property=\"og:description\" content=\"Conforme veiculado pelos principais \u00f3rg\u00e3os de imprensa, o Governo Federal apresentou ao Congresso Nacional o projeto de lei 1.085 (PL 1.087\/2025) objetivando a reforma do imposto de renda devido pelas pessoas f\u00edsicas (\u201cIRPF\u201d). Apresentamos abaixo um breve resumo e considera\u00e7\u00f5es acerca desse novo projeto: Redu\u00e7\u00f5es do IRPF O projeto concede uma redu\u00e7\u00e3o de 100% do [&hellip;]\" \/>\n<meta property=\"og:url\" content=\"https:\/\/www.gtlawyers.com.br\/fr\/artigos\/a-proposta-de-reforma-do-irpf\/\" \/>\n<meta property=\"og:site_name\" content=\"GTLawyers | Escrit\u00f3rio boutique full-service\" \/>\n<meta property=\"article:published_time\" content=\"2025-03-24T12:41:17+00:00\" \/>\n<meta property=\"article:modified_time\" content=\"2025-08-26T19:06:07+00:00\" \/>\n<meta name=\"author\" content=\"Felipe Nascimento\" \/>\n<meta name=\"twitter:card\" content=\"summary_large_image\" \/>\n<meta name=\"twitter:label1\" content=\"\u00c9crit par\" \/>\n\t<meta name=\"twitter:data1\" content=\"Felipe Nascimento\" \/>\n\t<meta name=\"twitter:label2\" content=\"Dur\u00e9e de lecture estim\u00e9e\" \/>\n\t<meta name=\"twitter:data2\" content=\"4 minutes\" \/>\n<script type=\"application\/ld+json\" class=\"yoast-schema-graph\">{\"@context\":\"https:\\\/\\\/schema.org\",\"@graph\":[{\"@type\":\"Article\",\"@id\":\"https:\\\/\\\/www.gtlawyers.com.br\\\/artigos\\\/a-proposta-de-reforma-do-irpf\\\/#article\",\"isPartOf\":{\"@id\":\"https:\\\/\\\/www.gtlawyers.com.br\\\/artigos\\\/a-proposta-de-reforma-do-irpf\\\/\"},\"author\":{\"name\":\"Felipe Nascimento\",\"@id\":\"https:\\\/\\\/www.gtlawyers.com.br\\\/#\\\/schema\\\/person\\\/ddacb191167435332fe1305a7c77274f\"},\"headline\":\"A proposta de reforma do IRPF\",\"datePublished\":\"2025-03-24T12:41:17+00:00\",\"dateModified\":\"2025-08-26T19:06:07+00:00\",\"mainEntityOfPage\":{\"@id\":\"https:\\\/\\\/www.gtlawyers.com.br\\\/artigos\\\/a-proposta-de-reforma-do-irpf\\\/\"},\"wordCount\":695,\"commentCount\":0,\"publisher\":{\"@id\":\"https:\\\/\\\/www.gtlawyers.com.br\\\/#organization\"},\"articleSection\":[\"Artigos\"],\"inLanguage\":\"fr-FR\",\"potentialAction\":[{\"@type\":\"CommentAction\",\"name\":\"Comment\",\"target\":[\"https:\\\/\\\/www.gtlawyers.com.br\\\/artigos\\\/a-proposta-de-reforma-do-irpf\\\/#respond\"]}]},{\"@type\":\"WebPage\",\"@id\":\"https:\\\/\\\/www.gtlawyers.com.br\\\/artigos\\\/a-proposta-de-reforma-do-irpf\\\/\",\"url\":\"https:\\\/\\\/www.gtlawyers.com.br\\\/artigos\\\/a-proposta-de-reforma-do-irpf\\\/\",\"name\":\"A proposta de reforma do IRPF | GTLawyers | Escrit\u00f3rio boutique full-service\",\"isPartOf\":{\"@id\":\"https:\\\/\\\/www.gtlawyers.com.br\\\/#website\"},\"datePublished\":\"2025-03-24T12:41:17+00:00\",\"dateModified\":\"2025-08-26T19:06:07+00:00\",\"breadcrumb\":{\"@id\":\"https:\\\/\\\/www.gtlawyers.com.br\\\/artigos\\\/a-proposta-de-reforma-do-irpf\\\/#breadcrumb\"},\"inLanguage\":\"fr-FR\",\"potentialAction\":[{\"@type\":\"ReadAction\",\"target\":[\"https:\\\/\\\/www.gtlawyers.com.br\\\/artigos\\\/a-proposta-de-reforma-do-irpf\\\/\"]}]},{\"@type\":\"BreadcrumbList\",\"@id\":\"https:\\\/\\\/www.gtlawyers.com.br\\\/artigos\\\/a-proposta-de-reforma-do-irpf\\\/#breadcrumb\",\"itemListElement\":[{\"@type\":\"ListItem\",\"position\":1,\"name\":\"In\u00edcio\",\"item\":\"https:\\\/\\\/www.gtlawyers.com.br\\\/\"},{\"@type\":\"ListItem\",\"position\":2,\"name\":\"A proposta de reforma do IRPF\"}]},{\"@type\":\"WebSite\",\"@id\":\"https:\\\/\\\/www.gtlawyers.com.br\\\/#website\",\"url\":\"https:\\\/\\\/www.gtlawyers.com.br\\\/\",\"name\":\"GTLawyers | Escrit\u00f3rio boutique full-service\",\"description\":\"Escrit\u00f3rio de advocacia franco-brasileiro para empresas especializado em M&amp;A, direito societ\u00e1rio, tribut\u00e1rio, imobili\u00e1rio, contencioso e compliance\",\"publisher\":{\"@id\":\"https:\\\/\\\/www.gtlawyers.com.br\\\/#organization\"},\"alternateName\":\"GTLawyers\",\"potentialAction\":[{\"@type\":\"SearchAction\",\"target\":{\"@type\":\"EntryPoint\",\"urlTemplate\":\"https:\\\/\\\/www.gtlawyers.com.br\\\/?s={search_term_string}\"},\"query-input\":{\"@type\":\"PropertyValueSpecification\",\"valueRequired\":true,\"valueName\":\"search_term_string\"}}],\"inLanguage\":\"fr-FR\"},{\"@type\":\"Organization\",\"@id\":\"https:\\\/\\\/www.gtlawyers.com.br\\\/#organization\",\"name\":\"GTLawyers - Escrit\u00f3rio boutique full-service\",\"url\":\"https:\\\/\\\/www.gtlawyers.com.br\\\/\",\"logo\":{\"@type\":\"ImageObject\",\"inLanguage\":\"fr-FR\",\"@id\":\"https:\\\/\\\/www.gtlawyers.com.br\\\/#\\\/schema\\\/logo\\\/image\\\/\",\"url\":\"https:\\\/\\\/www.gtlawyers.com.br\\\/site\\\/wp-content\\\/uploads\\\/image-3.png\",\"contentUrl\":\"https:\\\/\\\/www.gtlawyers.com.br\\\/site\\\/wp-content\\\/uploads\\\/image-3.png\",\"width\":166,\"height\":44,\"caption\":\"GTLawyers - Escrit\u00f3rio boutique full-service\"},\"image\":{\"@id\":\"https:\\\/\\\/www.gtlawyers.com.br\\\/#\\\/schema\\\/logo\\\/image\\\/\"},\"sameAs\":[\"https:\\\/\\\/www.linkedin.com\\\/company\\\/gtlawyers\\\/mycompany\\\/\"]},{\"@type\":\"Person\",\"@id\":\"https:\\\/\\\/www.gtlawyers.com.br\\\/#\\\/schema\\\/person\\\/ddacb191167435332fe1305a7c77274f\",\"name\":\"Felipe Nascimento\",\"image\":{\"@type\":\"ImageObject\",\"inLanguage\":\"fr-FR\",\"@id\":\"https:\\\/\\\/secure.gravatar.com\\\/avatar\\\/99b2fc11283f57cb70c409ae58fd3f3e83dfe5f33ff50bf649361b2d7e2240e0?s=96&d=mm&r=g\",\"url\":\"https:\\\/\\\/secure.gravatar.com\\\/avatar\\\/99b2fc11283f57cb70c409ae58fd3f3e83dfe5f33ff50bf649361b2d7e2240e0?s=96&d=mm&r=g\",\"contentUrl\":\"https:\\\/\\\/secure.gravatar.com\\\/avatar\\\/99b2fc11283f57cb70c409ae58fd3f3e83dfe5f33ff50bf649361b2d7e2240e0?s=96&d=mm&r=g\",\"caption\":\"Felipe Nascimento\"},\"url\":\"https:\\\/\\\/www.gtlawyers.com.br\\\/fr\\\/author\\\/felipe\\\/\"}]}<\/script>\n<!-- \/ Yoast SEO plugin. -->","yoast_head_json":{"title":"A proposta de reforma do IRPF | GTLawyers | Escrit\u00f3rio boutique full-service","robots":{"index":"index","follow":"follow","max-snippet":"max-snippet:-1","max-image-preview":"max-image-preview:large","max-video-preview":"max-video-preview:-1"},"canonical":"https:\/\/www.gtlawyers.com.br\/fr\/artigos\/a-proposta-de-reforma-do-irpf\/","og_locale":"fr_FR","og_type":"article","og_title":"A proposta de reforma do IRPF | GTLawyers | Escrit\u00f3rio boutique full-service","og_description":"Conforme veiculado pelos principais \u00f3rg\u00e3os de imprensa, o Governo Federal apresentou ao Congresso Nacional o projeto de lei 1.085 (PL 1.087\/2025) objetivando a reforma do imposto de renda devido pelas pessoas f\u00edsicas (\u201cIRPF\u201d). Apresentamos abaixo um breve resumo e considera\u00e7\u00f5es acerca desse novo projeto: Redu\u00e7\u00f5es do IRPF O projeto concede uma redu\u00e7\u00e3o de 100% do [&hellip;]","og_url":"https:\/\/www.gtlawyers.com.br\/fr\/artigos\/a-proposta-de-reforma-do-irpf\/","og_site_name":"GTLawyers | Escrit\u00f3rio boutique full-service","article_published_time":"2025-03-24T12:41:17+00:00","article_modified_time":"2025-08-26T19:06:07+00:00","author":"Felipe Nascimento","twitter_card":"summary_large_image","twitter_misc":{"\u00c9crit par":"Felipe Nascimento","Dur\u00e9e de lecture estim\u00e9e":"4 minutes"},"schema":{"@context":"https:\/\/schema.org","@graph":[{"@type":"Article","@id":"https:\/\/www.gtlawyers.com.br\/artigos\/a-proposta-de-reforma-do-irpf\/#article","isPartOf":{"@id":"https:\/\/www.gtlawyers.com.br\/artigos\/a-proposta-de-reforma-do-irpf\/"},"author":{"name":"Felipe Nascimento","@id":"https:\/\/www.gtlawyers.com.br\/#\/schema\/person\/ddacb191167435332fe1305a7c77274f"},"headline":"A proposta de reforma do IRPF","datePublished":"2025-03-24T12:41:17+00:00","dateModified":"2025-08-26T19:06:07+00:00","mainEntityOfPage":{"@id":"https:\/\/www.gtlawyers.com.br\/artigos\/a-proposta-de-reforma-do-irpf\/"},"wordCount":695,"commentCount":0,"publisher":{"@id":"https:\/\/www.gtlawyers.com.br\/#organization"},"articleSection":["Artigos"],"inLanguage":"fr-FR","potentialAction":[{"@type":"CommentAction","name":"Comment","target":["https:\/\/www.gtlawyers.com.br\/artigos\/a-proposta-de-reforma-do-irpf\/#respond"]}]},{"@type":"WebPage","@id":"https:\/\/www.gtlawyers.com.br\/artigos\/a-proposta-de-reforma-do-irpf\/","url":"https:\/\/www.gtlawyers.com.br\/artigos\/a-proposta-de-reforma-do-irpf\/","name":"A proposta de reforma do IRPF | GTLawyers | Escrit\u00f3rio boutique full-service","isPartOf":{"@id":"https:\/\/www.gtlawyers.com.br\/#website"},"datePublished":"2025-03-24T12:41:17+00:00","dateModified":"2025-08-26T19:06:07+00:00","breadcrumb":{"@id":"https:\/\/www.gtlawyers.com.br\/artigos\/a-proposta-de-reforma-do-irpf\/#breadcrumb"},"inLanguage":"fr-FR","potentialAction":[{"@type":"ReadAction","target":["https:\/\/www.gtlawyers.com.br\/artigos\/a-proposta-de-reforma-do-irpf\/"]}]},{"@type":"BreadcrumbList","@id":"https:\/\/www.gtlawyers.com.br\/artigos\/a-proposta-de-reforma-do-irpf\/#breadcrumb","itemListElement":[{"@type":"ListItem","position":1,"name":"In\u00edcio","item":"https:\/\/www.gtlawyers.com.br\/"},{"@type":"ListItem","position":2,"name":"A proposta de reforma do IRPF"}]},{"@type":"WebSite","@id":"https:\/\/www.gtlawyers.com.br\/#website","url":"https:\/\/www.gtlawyers.com.br\/","name":"GTLawyers | Escrit\u00f3rio boutique full-service","description":"Escrit\u00f3rio de advocacia franco-brasileiro para empresas especializado em M&amp;A, direito societ\u00e1rio, tribut\u00e1rio, imobili\u00e1rio, contencioso e compliance","publisher":{"@id":"https:\/\/www.gtlawyers.com.br\/#organization"},"alternateName":"GTLawyers","potentialAction":[{"@type":"SearchAction","target":{"@type":"EntryPoint","urlTemplate":"https:\/\/www.gtlawyers.com.br\/?s={search_term_string}"},"query-input":{"@type":"PropertyValueSpecification","valueRequired":true,"valueName":"search_term_string"}}],"inLanguage":"fr-FR"},{"@type":"Organization","@id":"https:\/\/www.gtlawyers.com.br\/#organization","name":"GTLawyers - Escrit\u00f3rio boutique full-service","url":"https:\/\/www.gtlawyers.com.br\/","logo":{"@type":"ImageObject","inLanguage":"fr-FR","@id":"https:\/\/www.gtlawyers.com.br\/#\/schema\/logo\/image\/","url":"https:\/\/www.gtlawyers.com.br\/site\/wp-content\/uploads\/image-3.png","contentUrl":"https:\/\/www.gtlawyers.com.br\/site\/wp-content\/uploads\/image-3.png","width":166,"height":44,"caption":"GTLawyers - Escrit\u00f3rio boutique full-service"},"image":{"@id":"https:\/\/www.gtlawyers.com.br\/#\/schema\/logo\/image\/"},"sameAs":["https:\/\/www.linkedin.com\/company\/gtlawyers\/mycompany\/"]},{"@type":"Person","@id":"https:\/\/www.gtlawyers.com.br\/#\/schema\/person\/ddacb191167435332fe1305a7c77274f","name":"Felipe Nascimento","image":{"@type":"ImageObject","inLanguage":"fr-FR","@id":"https:\/\/secure.gravatar.com\/avatar\/99b2fc11283f57cb70c409ae58fd3f3e83dfe5f33ff50bf649361b2d7e2240e0?s=96&d=mm&r=g","url":"https:\/\/secure.gravatar.com\/avatar\/99b2fc11283f57cb70c409ae58fd3f3e83dfe5f33ff50bf649361b2d7e2240e0?s=96&d=mm&r=g","contentUrl":"https:\/\/secure.gravatar.com\/avatar\/99b2fc11283f57cb70c409ae58fd3f3e83dfe5f33ff50bf649361b2d7e2240e0?s=96&d=mm&r=g","caption":"Felipe Nascimento"},"url":"https:\/\/www.gtlawyers.com.br\/fr\/author\/felipe\/"}]}},"_links":{"self":[{"href":"https:\/\/www.gtlawyers.com.br\/fr\/wp-json\/wp\/v2\/posts\/1488","targetHints":{"allow":["GET"]}}],"collection":[{"href":"https:\/\/www.gtlawyers.com.br\/fr\/wp-json\/wp\/v2\/posts"}],"about":[{"href":"https:\/\/www.gtlawyers.com.br\/fr\/wp-json\/wp\/v2\/types\/post"}],"author":[{"embeddable":true,"href":"https:\/\/www.gtlawyers.com.br\/fr\/wp-json\/wp\/v2\/users\/5"}],"replies":[{"embeddable":true,"href":"https:\/\/www.gtlawyers.com.br\/fr\/wp-json\/wp\/v2\/comments?post=1488"}],"version-history":[{"count":1,"href":"https:\/\/www.gtlawyers.com.br\/fr\/wp-json\/wp\/v2\/posts\/1488\/revisions"}],"predecessor-version":[{"id":1489,"href":"https:\/\/www.gtlawyers.com.br\/fr\/wp-json\/wp\/v2\/posts\/1488\/revisions\/1489"}],"wp:attachment":[{"href":"https:\/\/www.gtlawyers.com.br\/fr\/wp-json\/wp\/v2\/media?parent=1488"}],"wp:term":[{"taxonomy":"category","embeddable":true,"href":"https:\/\/www.gtlawyers.com.br\/fr\/wp-json\/wp\/v2\/categories?post=1488"},{"taxonomy":"post_tag","embeddable":true,"href":"https:\/\/www.gtlawyers.com.br\/fr\/wp-json\/wp\/v2\/tags?post=1488"}],"curies":[{"name":"wp","href":"https:\/\/api.w.org\/{rel}","templated":true}]}}