{"id":1531,"date":"2025-06-10T17:04:12","date_gmt":"2025-06-10T20:04:12","guid":{"rendered":"https:\/\/www.gtlawyers.com.br\/?p=1531"},"modified":"2025-06-10T17:04:14","modified_gmt":"2025-06-10T20:04:14","slug":"participacao-no-evento-da-camara-de-comercio-brasil-canada-panorama-politico-economico-do-brasil","status":"publish","type":"post","link":"https:\/\/www.gtlawyers.com.br\/fr\/noticia\/participacao-no-evento-da-camara-de-comercio-brasil-canada-panorama-politico-economico-do-brasil\/","title":{"rendered":"Participation \u00e0 l\u2019\u00e9v\u00e9nement de la Chambre de Commerce Br\u00e9sil-Canada \u2013 Panorama politico-\u00e9conomique du Br\u00e9sil"},"content":{"rendered":"<p><em>GTLawyers a particip\u00e9 \u00e0 la derni\u00e8re r\u00e9union de la Commission des Affaires \u00c9conomiques de la CCBC, qui s\u2019est tenue le 05\/06, et a \u00e9t\u00e9 repr\u00e9sent\u00e9 par notre associ\u00e9e Carolina Moresco.<\/em><\/p>\n\n\n\n<p><em>Cette rencontre a permis une analyse approfondie du panorama politico-\u00e9conomique du Br\u00e9sil et des relations avec le Canada, soulignant \u00e0 quel point le partenariat entre les deux pays devient de plus en plus strat\u00e9gique dans le contexte g\u00e9opolitique actuel.<\/em><\/p>\n\n\n\n<p><em>Nous demeurons engag\u00e9s \u00e0 contribuer activement aux discussions institutionnelles et au renforcement des relations bilat\u00e9rales entre le Br\u00e9sil et le Canada.<\/em><\/p>\n\n\n\n<figure class=\"wp-block-image size-full\"><img loading=\"lazy\" decoding=\"async\" width=\"1024\" height=\"683\" src=\"https:\/\/www.gtlawyers.com.br\/site\/wp-content\/uploads\/cae-panorama-politico-economico-do-brasil-tendencias-e-perspectivas-18.jpg\" alt=\"\" class=\"wp-image-1532\" srcset=\"https:\/\/www.gtlawyers.com.br\/site\/wp-content\/uploads\/cae-panorama-politico-economico-do-brasil-tendencias-e-perspectivas-18.jpg 1024w, https:\/\/www.gtlawyers.com.br\/site\/wp-content\/uploads\/cae-panorama-politico-economico-do-brasil-tendencias-e-perspectivas-18-300x200.jpg 300w, https:\/\/www.gtlawyers.com.br\/site\/wp-content\/uploads\/cae-panorama-politico-economico-do-brasil-tendencias-e-perspectivas-18-150x100.jpg 150w, https:\/\/www.gtlawyers.com.br\/site\/wp-content\/uploads\/cae-panorama-politico-economico-do-brasil-tendencias-e-perspectivas-18-768x512.jpg 768w, https:\/\/www.gtlawyers.com.br\/site\/wp-content\/uploads\/cae-panorama-politico-economico-do-brasil-tendencias-e-perspectivas-18-18x12.jpg 18w\" sizes=\"auto, (max-width: 1024px) 100vw, 1024px\" \/><\/figure>","protected":false},"excerpt":{"rendered":"<p>GTLawyers marcou presen\u00e7a na \u00faltima reuni\u00e3o da Comiss\u00e3o de Assuntos Econ\u00f4micos da&nbsp;CCBC realizado em 05\/06, e foi representado por nossa s\u00f3cia Carolina Moresco. O encontro proporcionou uma an\u00e1lise aprofundada sobre o panorama pol\u00edtico-econ\u00f4mico do Brasil e as rela\u00e7\u00f5es com o Canad\u00e1, refor\u00e7ando como a parceria entre os dois pa\u00edses se torna cada vez mais&nbsp;estrat\u00e9gica no [&hellip;]<\/p>\n","protected":false},"author":5,"featured_media":1532,"comment_status":"open","ping_status":"open","sticky":false,"template":"","format":"standard","meta":{"_acf_changed":false,"footnotes":""},"categories":[7],"tags":[],"class_list":["post-1531","post","type-post","status-publish","format-standard","has-post-thumbnail","hentry","category-noticia"],"acf":[],"yoast_head":"<!-- This site is optimized with the Yoast SEO plugin v27.5 - https:\/\/yoast.com\/product\/yoast-seo-wordpress\/ -->\n<title>Participa\u00e7\u00e3o no evento da C\u00e2mara de Com\u00e9rcio Brasil-Canada \u2013 Panorama Pol\u00edtico-Econ\u00f4mico do Brasil | GTLawyers | Escrit\u00f3rio boutique full-service<\/title>\n<meta name=\"robots\" content=\"index, follow, max-snippet:-1, max-image-preview:large, max-video-preview:-1\" \/>\n<link rel=\"canonical\" href=\"https:\/\/www.gtlawyers.com.br\/fr\/noticia\/participacao-no-evento-da-camara-de-comercio-brasil-canada-panorama-politico-economico-do-brasil\/\" \/>\n<meta property=\"og:locale\" content=\"fr_FR\" \/>\n<meta property=\"og:type\" content=\"article\" \/>\n<meta property=\"og:title\" content=\"Participa\u00e7\u00e3o no evento da C\u00e2mara de Com\u00e9rcio Brasil-Canada \u2013 Panorama Pol\u00edtico-Econ\u00f4mico do Brasil | GTLawyers | Escrit\u00f3rio boutique full-service\" \/>\n<meta property=\"og:description\" content=\"GTLawyers marcou presen\u00e7a na \u00faltima reuni\u00e3o da Comiss\u00e3o de Assuntos Econ\u00f4micos da&nbsp;CCBC realizado em 05\/06, e foi representado por nossa s\u00f3cia Carolina Moresco. O encontro proporcionou uma an\u00e1lise aprofundada sobre o panorama pol\u00edtico-econ\u00f4mico do Brasil e as rela\u00e7\u00f5es com o Canad\u00e1, refor\u00e7ando como a parceria entre os dois pa\u00edses se torna cada vez mais&nbsp;estrat\u00e9gica no [&hellip;]\" \/>\n<meta property=\"og:url\" content=\"https:\/\/www.gtlawyers.com.br\/fr\/noticia\/participacao-no-evento-da-camara-de-comercio-brasil-canada-panorama-politico-economico-do-brasil\/\" \/>\n<meta property=\"og:site_name\" content=\"GTLawyers | Escrit\u00f3rio boutique full-service\" \/>\n<meta property=\"article:published_time\" content=\"2025-06-10T20:04:12+00:00\" \/>\n<meta property=\"article:modified_time\" content=\"2025-06-10T20:04:14+00:00\" \/>\n<meta property=\"og:image\" content=\"https:\/\/www.gtlawyers.com.br\/site\/wp-content\/uploads\/cae-panorama-politico-economico-do-brasil-tendencias-e-perspectivas-18.jpg\" \/>\n\t<meta property=\"og:image:width\" content=\"1024\" \/>\n\t<meta property=\"og:image:height\" content=\"683\" \/>\n\t<meta property=\"og:image:type\" content=\"image\/jpeg\" \/>\n<meta name=\"author\" content=\"Felipe Nascimento\" \/>\n<meta name=\"twitter:card\" content=\"summary_large_image\" \/>\n<meta name=\"twitter:label1\" content=\"\u00c9crit par\" \/>\n\t<meta name=\"twitter:data1\" content=\"Felipe Nascimento\" \/>\n\t<meta name=\"twitter:label2\" content=\"Dur\u00e9e de lecture estim\u00e9e\" \/>\n\t<meta name=\"twitter:data2\" content=\"1 minute\" \/>\n<script type=\"application\/ld+json\" class=\"yoast-schema-graph\">{\"@context\":\"https:\\\/\\\/schema.org\",\"@graph\":[{\"@type\":\"Article\",\"@id\":\"https:\\\/\\\/www.gtlawyers.com.br\\\/noticia\\\/participacao-no-evento-da-camara-de-comercio-brasil-canada-panorama-politico-economico-do-brasil\\\/#article\",\"isPartOf\":{\"@id\":\"https:\\\/\\\/www.gtlawyers.com.br\\\/noticia\\\/participacao-no-evento-da-camara-de-comercio-brasil-canada-panorama-politico-economico-do-brasil\\\/\"},\"author\":{\"name\":\"Felipe Nascimento\",\"@id\":\"https:\\\/\\\/www.gtlawyers.com.br\\\/#\\\/schema\\\/person\\\/ddacb191167435332fe1305a7c77274f\"},\"headline\":\"Participa\u00e7\u00e3o no evento da C\u00e2mara de Com\u00e9rcio Brasil-Canada \u2013 Panorama Pol\u00edtico-Econ\u00f4mico do Brasil\",\"datePublished\":\"2025-06-10T20:04:12+00:00\",\"dateModified\":\"2025-06-10T20:04:14+00:00\",\"mainEntityOfPage\":{\"@id\":\"https:\\\/\\\/www.gtlawyers.com.br\\\/noticia\\\/participacao-no-evento-da-camara-de-comercio-brasil-canada-panorama-politico-economico-do-brasil\\\/\"},\"wordCount\":109,\"commentCount\":0,\"publisher\":{\"@id\":\"https:\\\/\\\/www.gtlawyers.com.br\\\/#organization\"},\"image\":{\"@id\":\"https:\\\/\\\/www.gtlawyers.com.br\\\/noticia\\\/participacao-no-evento-da-camara-de-comercio-brasil-canada-panorama-politico-economico-do-brasil\\\/#primaryimage\"},\"thumbnailUrl\":\"https:\\\/\\\/www.gtlawyers.com.br\\\/site\\\/wp-content\\\/uploads\\\/cae-panorama-politico-economico-do-brasil-tendencias-e-perspectivas-18.jpg\",\"articleSection\":[\"News\"],\"inLanguage\":\"fr-FR\",\"potentialAction\":[{\"@type\":\"CommentAction\",\"name\":\"Comment\",\"target\":[\"https:\\\/\\\/www.gtlawyers.com.br\\\/noticia\\\/participacao-no-evento-da-camara-de-comercio-brasil-canada-panorama-politico-economico-do-brasil\\\/#respond\"]}]},{\"@type\":\"WebPage\",\"@id\":\"https:\\\/\\\/www.gtlawyers.com.br\\\/noticia\\\/participacao-no-evento-da-camara-de-comercio-brasil-canada-panorama-politico-economico-do-brasil\\\/\",\"url\":\"https:\\\/\\\/www.gtlawyers.com.br\\\/noticia\\\/participacao-no-evento-da-camara-de-comercio-brasil-canada-panorama-politico-economico-do-brasil\\\/\",\"name\":\"Participa\u00e7\u00e3o no evento da C\u00e2mara de Com\u00e9rcio Brasil-Canada \u2013 Panorama Pol\u00edtico-Econ\u00f4mico do Brasil | GTLawyers | Escrit\u00f3rio boutique full-service\",\"isPartOf\":{\"@id\":\"https:\\\/\\\/www.gtlawyers.com.br\\\/#website\"},\"primaryImageOfPage\":{\"@id\":\"https:\\\/\\\/www.gtlawyers.com.br\\\/noticia\\\/participacao-no-evento-da-camara-de-comercio-brasil-canada-panorama-politico-economico-do-brasil\\\/#primaryimage\"},\"image\":{\"@id\":\"https:\\\/\\\/www.gtlawyers.com.br\\\/noticia\\\/participacao-no-evento-da-camara-de-comercio-brasil-canada-panorama-politico-economico-do-brasil\\\/#primaryimage\"},\"thumbnailUrl\":\"https:\\\/\\\/www.gtlawyers.com.br\\\/site\\\/wp-content\\\/uploads\\\/cae-panorama-politico-economico-do-brasil-tendencias-e-perspectivas-18.jpg\",\"datePublished\":\"2025-06-10T20:04:12+00:00\",\"dateModified\":\"2025-06-10T20:04:14+00:00\",\"breadcrumb\":{\"@id\":\"https:\\\/\\\/www.gtlawyers.com.br\\\/noticia\\\/participacao-no-evento-da-camara-de-comercio-brasil-canada-panorama-politico-economico-do-brasil\\\/#breadcrumb\"},\"inLanguage\":\"fr-FR\",\"potentialAction\":[{\"@type\":\"ReadAction\",\"target\":[\"https:\\\/\\\/www.gtlawyers.com.br\\\/noticia\\\/participacao-no-evento-da-camara-de-comercio-brasil-canada-panorama-politico-economico-do-brasil\\\/\"]}]},{\"@type\":\"ImageObject\",\"inLanguage\":\"fr-FR\",\"@id\":\"https:\\\/\\\/www.gtlawyers.com.br\\\/noticia\\\/participacao-no-evento-da-camara-de-comercio-brasil-canada-panorama-politico-economico-do-brasil\\\/#primaryimage\",\"url\":\"https:\\\/\\\/www.gtlawyers.com.br\\\/site\\\/wp-content\\\/uploads\\\/cae-panorama-politico-economico-do-brasil-tendencias-e-perspectivas-18.jpg\",\"contentUrl\":\"https:\\\/\\\/www.gtlawyers.com.br\\\/site\\\/wp-content\\\/uploads\\\/cae-panorama-politico-economico-do-brasil-tendencias-e-perspectivas-18.jpg\",\"width\":1024,\"height\":683},{\"@type\":\"BreadcrumbList\",\"@id\":\"https:\\\/\\\/www.gtlawyers.com.br\\\/noticia\\\/participacao-no-evento-da-camara-de-comercio-brasil-canada-panorama-politico-economico-do-brasil\\\/#breadcrumb\",\"itemListElement\":[{\"@type\":\"ListItem\",\"position\":1,\"name\":\"In\u00edcio\",\"item\":\"https:\\\/\\\/www.gtlawyers.com.br\\\/\"},{\"@type\":\"ListItem\",\"position\":2,\"name\":\"Participa\u00e7\u00e3o no evento da C\u00e2mara de Com\u00e9rcio Brasil-Canada \u2013 Panorama Pol\u00edtico-Econ\u00f4mico do Brasil\"}]},{\"@type\":\"WebSite\",\"@id\":\"https:\\\/\\\/www.gtlawyers.com.br\\\/#website\",\"url\":\"https:\\\/\\\/www.gtlawyers.com.br\\\/\",\"name\":\"GTLawyers | Escrit\u00f3rio boutique full-service\",\"description\":\"Escrit\u00f3rio de advocacia franco-brasileiro para empresas especializado em M&amp;A, direito societ\u00e1rio, tribut\u00e1rio, imobili\u00e1rio, contencioso e compliance\",\"publisher\":{\"@id\":\"https:\\\/\\\/www.gtlawyers.com.br\\\/#organization\"},\"alternateName\":\"GTLawyers\",\"potentialAction\":[{\"@type\":\"SearchAction\",\"target\":{\"@type\":\"EntryPoint\",\"urlTemplate\":\"https:\\\/\\\/www.gtlawyers.com.br\\\/?s={search_term_string}\"},\"query-input\":{\"@type\":\"PropertyValueSpecification\",\"valueRequired\":true,\"valueName\":\"search_term_string\"}}],\"inLanguage\":\"fr-FR\"},{\"@type\":\"Organization\",\"@id\":\"https:\\\/\\\/www.gtlawyers.com.br\\\/#organization\",\"name\":\"GTLawyers - Escrit\u00f3rio boutique full-service\",\"url\":\"https:\\\/\\\/www.gtlawyers.com.br\\\/\",\"logo\":{\"@type\":\"ImageObject\",\"inLanguage\":\"fr-FR\",\"@id\":\"https:\\\/\\\/www.gtlawyers.com.br\\\/#\\\/schema\\\/logo\\\/image\\\/\",\"url\":\"https:\\\/\\\/www.gtlawyers.com.br\\\/site\\\/wp-content\\\/uploads\\\/image-3.png\",\"contentUrl\":\"https:\\\/\\\/www.gtlawyers.com.br\\\/site\\\/wp-content\\\/uploads\\\/image-3.png\",\"width\":166,\"height\":44,\"caption\":\"GTLawyers - Escrit\u00f3rio boutique full-service\"},\"image\":{\"@id\":\"https:\\\/\\\/www.gtlawyers.com.br\\\/#\\\/schema\\\/logo\\\/image\\\/\"},\"sameAs\":[\"https:\\\/\\\/www.linkedin.com\\\/company\\\/gtlawyers\\\/mycompany\\\/\"]},{\"@type\":\"Person\",\"@id\":\"https:\\\/\\\/www.gtlawyers.com.br\\\/#\\\/schema\\\/person\\\/ddacb191167435332fe1305a7c77274f\",\"name\":\"Felipe Nascimento\",\"image\":{\"@type\":\"ImageObject\",\"inLanguage\":\"fr-FR\",\"@id\":\"https:\\\/\\\/secure.gravatar.com\\\/avatar\\\/99b2fc11283f57cb70c409ae58fd3f3e83dfe5f33ff50bf649361b2d7e2240e0?s=96&d=mm&r=g\",\"url\":\"https:\\\/\\\/secure.gravatar.com\\\/avatar\\\/99b2fc11283f57cb70c409ae58fd3f3e83dfe5f33ff50bf649361b2d7e2240e0?s=96&d=mm&r=g\",\"contentUrl\":\"https:\\\/\\\/secure.gravatar.com\\\/avatar\\\/99b2fc11283f57cb70c409ae58fd3f3e83dfe5f33ff50bf649361b2d7e2240e0?s=96&d=mm&r=g\",\"caption\":\"Felipe Nascimento\"},\"url\":\"https:\\\/\\\/www.gtlawyers.com.br\\\/fr\\\/author\\\/felipe\\\/\"}]}<\/script>\n<!-- \/ Yoast SEO plugin. -->","yoast_head_json":{"title":"Participa\u00e7\u00e3o no evento da C\u00e2mara de Com\u00e9rcio Brasil-Canada \u2013 Panorama Pol\u00edtico-Econ\u00f4mico do Brasil | GTLawyers | Escrit\u00f3rio boutique full-service","robots":{"index":"index","follow":"follow","max-snippet":"max-snippet:-1","max-image-preview":"max-image-preview:large","max-video-preview":"max-video-preview:-1"},"canonical":"https:\/\/www.gtlawyers.com.br\/fr\/noticia\/participacao-no-evento-da-camara-de-comercio-brasil-canada-panorama-politico-economico-do-brasil\/","og_locale":"fr_FR","og_type":"article","og_title":"Participa\u00e7\u00e3o no evento da C\u00e2mara de Com\u00e9rcio Brasil-Canada \u2013 Panorama Pol\u00edtico-Econ\u00f4mico do Brasil | GTLawyers | Escrit\u00f3rio boutique full-service","og_description":"GTLawyers marcou presen\u00e7a na \u00faltima reuni\u00e3o da Comiss\u00e3o de Assuntos Econ\u00f4micos da&nbsp;CCBC realizado em 05\/06, e foi representado por nossa s\u00f3cia Carolina Moresco. O encontro proporcionou uma an\u00e1lise aprofundada sobre o panorama pol\u00edtico-econ\u00f4mico do Brasil e as rela\u00e7\u00f5es com o Canad\u00e1, refor\u00e7ando como a parceria entre os dois pa\u00edses se torna cada vez mais&nbsp;estrat\u00e9gica no [&hellip;]","og_url":"https:\/\/www.gtlawyers.com.br\/fr\/noticia\/participacao-no-evento-da-camara-de-comercio-brasil-canada-panorama-politico-economico-do-brasil\/","og_site_name":"GTLawyers | Escrit\u00f3rio boutique full-service","article_published_time":"2025-06-10T20:04:12+00:00","article_modified_time":"2025-06-10T20:04:14+00:00","og_image":[{"width":1024,"height":683,"url":"https:\/\/www.gtlawyers.com.br\/site\/wp-content\/uploads\/cae-panorama-politico-economico-do-brasil-tendencias-e-perspectivas-18.jpg","type":"image\/jpeg"}],"author":"Felipe Nascimento","twitter_card":"summary_large_image","twitter_misc":{"\u00c9crit par":"Felipe Nascimento","Dur\u00e9e de lecture estim\u00e9e":"1 minute"},"schema":{"@context":"https:\/\/schema.org","@graph":[{"@type":"Article","@id":"https:\/\/www.gtlawyers.com.br\/noticia\/participacao-no-evento-da-camara-de-comercio-brasil-canada-panorama-politico-economico-do-brasil\/#article","isPartOf":{"@id":"https:\/\/www.gtlawyers.com.br\/noticia\/participacao-no-evento-da-camara-de-comercio-brasil-canada-panorama-politico-economico-do-brasil\/"},"author":{"name":"Felipe Nascimento","@id":"https:\/\/www.gtlawyers.com.br\/#\/schema\/person\/ddacb191167435332fe1305a7c77274f"},"headline":"Participa\u00e7\u00e3o no evento da C\u00e2mara de Com\u00e9rcio Brasil-Canada \u2013 Panorama Pol\u00edtico-Econ\u00f4mico do Brasil","datePublished":"2025-06-10T20:04:12+00:00","dateModified":"2025-06-10T20:04:14+00:00","mainEntityOfPage":{"@id":"https:\/\/www.gtlawyers.com.br\/noticia\/participacao-no-evento-da-camara-de-comercio-brasil-canada-panorama-politico-economico-do-brasil\/"},"wordCount":109,"commentCount":0,"publisher":{"@id":"https:\/\/www.gtlawyers.com.br\/#organization"},"image":{"@id":"https:\/\/www.gtlawyers.com.br\/noticia\/participacao-no-evento-da-camara-de-comercio-brasil-canada-panorama-politico-economico-do-brasil\/#primaryimage"},"thumbnailUrl":"https:\/\/www.gtlawyers.com.br\/site\/wp-content\/uploads\/cae-panorama-politico-economico-do-brasil-tendencias-e-perspectivas-18.jpg","articleSection":["News"],"inLanguage":"fr-FR","potentialAction":[{"@type":"CommentAction","name":"Comment","target":["https:\/\/www.gtlawyers.com.br\/noticia\/participacao-no-evento-da-camara-de-comercio-brasil-canada-panorama-politico-economico-do-brasil\/#respond"]}]},{"@type":"WebPage","@id":"https:\/\/www.gtlawyers.com.br\/noticia\/participacao-no-evento-da-camara-de-comercio-brasil-canada-panorama-politico-economico-do-brasil\/","url":"https:\/\/www.gtlawyers.com.br\/noticia\/participacao-no-evento-da-camara-de-comercio-brasil-canada-panorama-politico-economico-do-brasil\/","name":"Participa\u00e7\u00e3o no evento da C\u00e2mara de Com\u00e9rcio Brasil-Canada \u2013 Panorama Pol\u00edtico-Econ\u00f4mico do Brasil | GTLawyers | Escrit\u00f3rio boutique full-service","isPartOf":{"@id":"https:\/\/www.gtlawyers.com.br\/#website"},"primaryImageOfPage":{"@id":"https:\/\/www.gtlawyers.com.br\/noticia\/participacao-no-evento-da-camara-de-comercio-brasil-canada-panorama-politico-economico-do-brasil\/#primaryimage"},"image":{"@id":"https:\/\/www.gtlawyers.com.br\/noticia\/participacao-no-evento-da-camara-de-comercio-brasil-canada-panorama-politico-economico-do-brasil\/#primaryimage"},"thumbnailUrl":"https:\/\/www.gtlawyers.com.br\/site\/wp-content\/uploads\/cae-panorama-politico-economico-do-brasil-tendencias-e-perspectivas-18.jpg","datePublished":"2025-06-10T20:04:12+00:00","dateModified":"2025-06-10T20:04:14+00:00","breadcrumb":{"@id":"https:\/\/www.gtlawyers.com.br\/noticia\/participacao-no-evento-da-camara-de-comercio-brasil-canada-panorama-politico-economico-do-brasil\/#breadcrumb"},"inLanguage":"fr-FR","potentialAction":[{"@type":"ReadAction","target":["https:\/\/www.gtlawyers.com.br\/noticia\/participacao-no-evento-da-camara-de-comercio-brasil-canada-panorama-politico-economico-do-brasil\/"]}]},{"@type":"ImageObject","inLanguage":"fr-FR","@id":"https:\/\/www.gtlawyers.com.br\/noticia\/participacao-no-evento-da-camara-de-comercio-brasil-canada-panorama-politico-economico-do-brasil\/#primaryimage","url":"https:\/\/www.gtlawyers.com.br\/site\/wp-content\/uploads\/cae-panorama-politico-economico-do-brasil-tendencias-e-perspectivas-18.jpg","contentUrl":"https:\/\/www.gtlawyers.com.br\/site\/wp-content\/uploads\/cae-panorama-politico-economico-do-brasil-tendencias-e-perspectivas-18.jpg","width":1024,"height":683},{"@type":"BreadcrumbList","@id":"https:\/\/www.gtlawyers.com.br\/noticia\/participacao-no-evento-da-camara-de-comercio-brasil-canada-panorama-politico-economico-do-brasil\/#breadcrumb","itemListElement":[{"@type":"ListItem","position":1,"name":"In\u00edcio","item":"https:\/\/www.gtlawyers.com.br\/"},{"@type":"ListItem","position":2,"name":"Participa\u00e7\u00e3o no evento da C\u00e2mara de Com\u00e9rcio Brasil-Canada \u2013 Panorama Pol\u00edtico-Econ\u00f4mico do Brasil"}]},{"@type":"WebSite","@id":"https:\/\/www.gtlawyers.com.br\/#website","url":"https:\/\/www.gtlawyers.com.br\/","name":"GTLawyers | Escrit\u00f3rio boutique full-service","description":"Escrit\u00f3rio de advocacia franco-brasileiro para empresas especializado em M&amp;A, direito societ\u00e1rio, tribut\u00e1rio, imobili\u00e1rio, contencioso e compliance","publisher":{"@id":"https:\/\/www.gtlawyers.com.br\/#organization"},"alternateName":"GTLawyers","potentialAction":[{"@type":"SearchAction","target":{"@type":"EntryPoint","urlTemplate":"https:\/\/www.gtlawyers.com.br\/?s={search_term_string}"},"query-input":{"@type":"PropertyValueSpecification","valueRequired":true,"valueName":"search_term_string"}}],"inLanguage":"fr-FR"},{"@type":"Organization","@id":"https:\/\/www.gtlawyers.com.br\/#organization","name":"GTLawyers - Escrit\u00f3rio boutique full-service","url":"https:\/\/www.gtlawyers.com.br\/","logo":{"@type":"ImageObject","inLanguage":"fr-FR","@id":"https:\/\/www.gtlawyers.com.br\/#\/schema\/logo\/image\/","url":"https:\/\/www.gtlawyers.com.br\/site\/wp-content\/uploads\/image-3.png","contentUrl":"https:\/\/www.gtlawyers.com.br\/site\/wp-content\/uploads\/image-3.png","width":166,"height":44,"caption":"GTLawyers - Escrit\u00f3rio boutique full-service"},"image":{"@id":"https:\/\/www.gtlawyers.com.br\/#\/schema\/logo\/image\/"},"sameAs":["https:\/\/www.linkedin.com\/company\/gtlawyers\/mycompany\/"]},{"@type":"Person","@id":"https:\/\/www.gtlawyers.com.br\/#\/schema\/person\/ddacb191167435332fe1305a7c77274f","name":"Felipe Nascimento","image":{"@type":"ImageObject","inLanguage":"fr-FR","@id":"https:\/\/secure.gravatar.com\/avatar\/99b2fc11283f57cb70c409ae58fd3f3e83dfe5f33ff50bf649361b2d7e2240e0?s=96&d=mm&r=g","url":"https:\/\/secure.gravatar.com\/avatar\/99b2fc11283f57cb70c409ae58fd3f3e83dfe5f33ff50bf649361b2d7e2240e0?s=96&d=mm&r=g","contentUrl":"https:\/\/secure.gravatar.com\/avatar\/99b2fc11283f57cb70c409ae58fd3f3e83dfe5f33ff50bf649361b2d7e2240e0?s=96&d=mm&r=g","caption":"Felipe Nascimento"},"url":"https:\/\/www.gtlawyers.com.br\/fr\/author\/felipe\/"}]}},"_links":{"self":[{"href":"https:\/\/www.gtlawyers.com.br\/fr\/wp-json\/wp\/v2\/posts\/1531","targetHints":{"allow":["GET"]}}],"collection":[{"href":"https:\/\/www.gtlawyers.com.br\/fr\/wp-json\/wp\/v2\/posts"}],"about":[{"href":"https:\/\/www.gtlawyers.com.br\/fr\/wp-json\/wp\/v2\/types\/post"}],"author":[{"embeddable":true,"href":"https:\/\/www.gtlawyers.com.br\/fr\/wp-json\/wp\/v2\/users\/5"}],"replies":[{"embeddable":true,"href":"https:\/\/www.gtlawyers.com.br\/fr\/wp-json\/wp\/v2\/comments?post=1531"}],"version-history":[{"count":1,"href":"https:\/\/www.gtlawyers.com.br\/fr\/wp-json\/wp\/v2\/posts\/1531\/revisions"}],"predecessor-version":[{"id":1533,"href":"https:\/\/www.gtlawyers.com.br\/fr\/wp-json\/wp\/v2\/posts\/1531\/revisions\/1533"}],"wp:featuredmedia":[{"embeddable":true,"href":"https:\/\/www.gtlawyers.com.br\/fr\/wp-json\/wp\/v2\/media\/1532"}],"wp:attachment":[{"href":"https:\/\/www.gtlawyers.com.br\/fr\/wp-json\/wp\/v2\/media?parent=1531"}],"wp:term":[{"taxonomy":"category","embeddable":true,"href":"https:\/\/www.gtlawyers.com.br\/fr\/wp-json\/wp\/v2\/categories?post=1531"},{"taxonomy":"post_tag","embeddable":true,"href":"https:\/\/www.gtlawyers.com.br\/fr\/wp-json\/wp\/v2\/tags?post=1531"}],"curies":[{"name":"wp","href":"https:\/\/api.w.org\/{rel}","templated":true}]}}