{"id":1562,"date":"2025-06-16T21:34:14","date_gmt":"2025-06-17T00:34:14","guid":{"rendered":"https:\/\/www.gtlawyers.com.br\/?p=1562"},"modified":"2025-08-05T16:38:32","modified_gmt":"2025-08-05T19:38:32","slug":"gtlawyers-presente-no-bootcamp-boosters-amerique-latine-indopacifico-2025","status":"publish","type":"post","link":"https:\/\/www.gtlawyers.com.br\/fr\/noticia\/gtlawyers-presente-no-bootcamp-boosters-amerique-latine-indopacifico-2025\/","title":{"rendered":"GTLAWYERS pr\u00e9sent au Bootcamp Boosters Am\u00e9rique Latine &amp; Indopacifique 2025"},"content":{"rendered":"<p>Au cours du premier semestre, notre associ\u00e9e Tamy Tanzilli a apport\u00e9 son expertise lors du Bootcamp Boosters Am\u00e9rique Latine &amp; Indopacifique 2025, \u00e9v\u00e9nement organis\u00e9 par Business France.<\/p>\n\n\n\n<p>Aux c\u00f4t\u00e9s de Maristela Bischof, de Pramex International, Tamy a partag\u00e9 de pr\u00e9cieux insights sur les d\u00e9fis et opportunit\u00e9s pour les entreprises souhaitant d\u00e9velopper leurs activit\u00e9s en Am\u00e9rique latine. La pr\u00e9sentation a abord\u00e9 des sujets tels que les strat\u00e9gies d\u2019implantation, les aspects r\u00e9glementaires et le contexte des fusions et acquisitions dans la r\u00e9gion.<\/p>\n\n\n\n<p>La participation de GTLAWYERS \u00e0 cet \u00e9v\u00e9nement majeur t\u00e9moigne de notre engagement \u00e0 soutenir le d\u00e9veloppement des affaires entre la France et l\u2019Am\u00e9rique latine, en offrant des solutions juridiques strat\u00e9giques et une connaissance approfondie de l\u2019environnement entrepreneurial local.<\/p>\n\n\n\n<p>Nous remercions Business France pour l\u2019invitation et f\u00e9licitons tous les participants du Bootcamp !<\/p>","protected":false},"excerpt":{"rendered":"<p>No primeiro semestre, nossa s\u00f3cia Tamy Tanzilli contribuiu com sua expertise no Bootcamp Boosters Am\u00e9rique Latine &amp; Indopac\u00edfico 2025, evento promovido pela Business France. Em conjunto com Maristela Bischof, da Pramex International, Tamy compartilhou insights valiosos sobre os desafios e as oportunidades para empresas que buscam expandir seus neg\u00f3cios na Am\u00e9rica Latina.&nbsp;A apresenta\u00e7\u00e3o abordou temas [&hellip;]<\/p>\n","protected":false},"author":5,"featured_media":1563,"comment_status":"open","ping_status":"open","sticky":false,"template":"","format":"standard","meta":{"_acf_changed":false,"footnotes":""},"categories":[7],"tags":[],"class_list":["post-1562","post","type-post","status-publish","format-standard","has-post-thumbnail","hentry","category-noticia"],"acf":[],"yoast_head":"<!-- This site is optimized with the Yoast SEO plugin v27.5 - https:\/\/yoast.com\/product\/yoast-seo-wordpress\/ -->\n<title>GTLAWYERS presente no Bootcamp Boosters Am\u00e9rique Latine &amp; Indopac\u00edfico 2025 | GTLawyers | Escrit\u00f3rio boutique full-service<\/title>\n<meta name=\"robots\" content=\"index, follow, max-snippet:-1, max-image-preview:large, max-video-preview:-1\" \/>\n<link rel=\"canonical\" href=\"https:\/\/www.gtlawyers.com.br\/fr\/noticia\/gtlawyers-presente-no-bootcamp-boosters-amerique-latine-indopacifico-2025\/\" \/>\n<meta property=\"og:locale\" content=\"fr_FR\" \/>\n<meta property=\"og:type\" content=\"article\" \/>\n<meta property=\"og:title\" content=\"GTLAWYERS presente no Bootcamp Boosters Am\u00e9rique Latine &amp; Indopac\u00edfico 2025 | GTLawyers | Escrit\u00f3rio boutique full-service\" \/>\n<meta property=\"og:description\" content=\"No primeiro semestre, nossa s\u00f3cia Tamy Tanzilli contribuiu com sua expertise no Bootcamp Boosters Am\u00e9rique Latine &amp; Indopac\u00edfico 2025, evento promovido pela Business France. Em conjunto com Maristela Bischof, da Pramex International, Tamy compartilhou insights valiosos sobre os desafios e as oportunidades para empresas que buscam expandir seus neg\u00f3cios na Am\u00e9rica Latina.&nbsp;A apresenta\u00e7\u00e3o abordou temas [&hellip;]\" \/>\n<meta property=\"og:url\" content=\"https:\/\/www.gtlawyers.com.br\/fr\/noticia\/gtlawyers-presente-no-bootcamp-boosters-amerique-latine-indopacifico-2025\/\" \/>\n<meta property=\"og:site_name\" content=\"GTLawyers | Escrit\u00f3rio boutique full-service\" \/>\n<meta property=\"article:published_time\" content=\"2025-06-17T00:34:14+00:00\" \/>\n<meta property=\"article:modified_time\" content=\"2025-08-05T19:38:32+00:00\" \/>\n<meta property=\"og:image\" content=\"https:\/\/www.gtlawyers.com.br\/site\/wp-content\/uploads\/Booster-Business-france.png\" \/>\n\t<meta property=\"og:image:width\" content=\"1200\" \/>\n\t<meta property=\"og:image:height\" content=\"500\" \/>\n\t<meta property=\"og:image:type\" content=\"image\/png\" \/>\n<meta name=\"author\" content=\"Felipe Nascimento\" \/>\n<meta name=\"twitter:card\" content=\"summary_large_image\" \/>\n<meta name=\"twitter:label1\" content=\"\u00c9crit par\" \/>\n\t<meta name=\"twitter:data1\" content=\"Felipe Nascimento\" \/>\n\t<meta name=\"twitter:label2\" content=\"Dur\u00e9e de lecture estim\u00e9e\" \/>\n\t<meta name=\"twitter:data2\" content=\"1 minute\" \/>\n<script type=\"application\/ld+json\" class=\"yoast-schema-graph\">{\"@context\":\"https:\\\/\\\/schema.org\",\"@graph\":[{\"@type\":\"Article\",\"@id\":\"https:\\\/\\\/www.gtlawyers.com.br\\\/noticia\\\/gtlawyers-presente-no-bootcamp-boosters-amerique-latine-indopacifico-2025\\\/#article\",\"isPartOf\":{\"@id\":\"https:\\\/\\\/www.gtlawyers.com.br\\\/noticia\\\/gtlawyers-presente-no-bootcamp-boosters-amerique-latine-indopacifico-2025\\\/\"},\"author\":{\"name\":\"Felipe Nascimento\",\"@id\":\"https:\\\/\\\/www.gtlawyers.com.br\\\/#\\\/schema\\\/person\\\/ddacb191167435332fe1305a7c77274f\"},\"headline\":\"GTLAWYERS presente no Bootcamp Boosters Am\u00e9rique Latine &amp; Indopac\u00edfico 2025\",\"datePublished\":\"2025-06-17T00:34:14+00:00\",\"dateModified\":\"2025-08-05T19:38:32+00:00\",\"mainEntityOfPage\":{\"@id\":\"https:\\\/\\\/www.gtlawyers.com.br\\\/noticia\\\/gtlawyers-presente-no-bootcamp-boosters-amerique-latine-indopacifico-2025\\\/\"},\"wordCount\":151,\"commentCount\":0,\"publisher\":{\"@id\":\"https:\\\/\\\/www.gtlawyers.com.br\\\/#organization\"},\"image\":{\"@id\":\"https:\\\/\\\/www.gtlawyers.com.br\\\/noticia\\\/gtlawyers-presente-no-bootcamp-boosters-amerique-latine-indopacifico-2025\\\/#primaryimage\"},\"thumbnailUrl\":\"https:\\\/\\\/www.gtlawyers.com.br\\\/site\\\/wp-content\\\/uploads\\\/Booster-Business-france.png\",\"articleSection\":[\"News\"],\"inLanguage\":\"fr-FR\",\"potentialAction\":[{\"@type\":\"CommentAction\",\"name\":\"Comment\",\"target\":[\"https:\\\/\\\/www.gtlawyers.com.br\\\/noticia\\\/gtlawyers-presente-no-bootcamp-boosters-amerique-latine-indopacifico-2025\\\/#respond\"]}]},{\"@type\":\"WebPage\",\"@id\":\"https:\\\/\\\/www.gtlawyers.com.br\\\/noticia\\\/gtlawyers-presente-no-bootcamp-boosters-amerique-latine-indopacifico-2025\\\/\",\"url\":\"https:\\\/\\\/www.gtlawyers.com.br\\\/noticia\\\/gtlawyers-presente-no-bootcamp-boosters-amerique-latine-indopacifico-2025\\\/\",\"name\":\"GTLAWYERS presente no Bootcamp Boosters Am\u00e9rique Latine &amp; Indopac\u00edfico 2025 | GTLawyers | Escrit\u00f3rio boutique full-service\",\"isPartOf\":{\"@id\":\"https:\\\/\\\/www.gtlawyers.com.br\\\/#website\"},\"primaryImageOfPage\":{\"@id\":\"https:\\\/\\\/www.gtlawyers.com.br\\\/noticia\\\/gtlawyers-presente-no-bootcamp-boosters-amerique-latine-indopacifico-2025\\\/#primaryimage\"},\"image\":{\"@id\":\"https:\\\/\\\/www.gtlawyers.com.br\\\/noticia\\\/gtlawyers-presente-no-bootcamp-boosters-amerique-latine-indopacifico-2025\\\/#primaryimage\"},\"thumbnailUrl\":\"https:\\\/\\\/www.gtlawyers.com.br\\\/site\\\/wp-content\\\/uploads\\\/Booster-Business-france.png\",\"datePublished\":\"2025-06-17T00:34:14+00:00\",\"dateModified\":\"2025-08-05T19:38:32+00:00\",\"breadcrumb\":{\"@id\":\"https:\\\/\\\/www.gtlawyers.com.br\\\/noticia\\\/gtlawyers-presente-no-bootcamp-boosters-amerique-latine-indopacifico-2025\\\/#breadcrumb\"},\"inLanguage\":\"fr-FR\",\"potentialAction\":[{\"@type\":\"ReadAction\",\"target\":[\"https:\\\/\\\/www.gtlawyers.com.br\\\/noticia\\\/gtlawyers-presente-no-bootcamp-boosters-amerique-latine-indopacifico-2025\\\/\"]}]},{\"@type\":\"ImageObject\",\"inLanguage\":\"fr-FR\",\"@id\":\"https:\\\/\\\/www.gtlawyers.com.br\\\/noticia\\\/gtlawyers-presente-no-bootcamp-boosters-amerique-latine-indopacifico-2025\\\/#primaryimage\",\"url\":\"https:\\\/\\\/www.gtlawyers.com.br\\\/site\\\/wp-content\\\/uploads\\\/Booster-Business-france.png\",\"contentUrl\":\"https:\\\/\\\/www.gtlawyers.com.br\\\/site\\\/wp-content\\\/uploads\\\/Booster-Business-france.png\",\"width\":1200,\"height\":500},{\"@type\":\"BreadcrumbList\",\"@id\":\"https:\\\/\\\/www.gtlawyers.com.br\\\/noticia\\\/gtlawyers-presente-no-bootcamp-boosters-amerique-latine-indopacifico-2025\\\/#breadcrumb\",\"itemListElement\":[{\"@type\":\"ListItem\",\"position\":1,\"name\":\"In\u00edcio\",\"item\":\"https:\\\/\\\/www.gtlawyers.com.br\\\/\"},{\"@type\":\"ListItem\",\"position\":2,\"name\":\"GTLAWYERS presente no Bootcamp Boosters Am\u00e9rique Latine &amp; Indopac\u00edfico 2025\"}]},{\"@type\":\"WebSite\",\"@id\":\"https:\\\/\\\/www.gtlawyers.com.br\\\/#website\",\"url\":\"https:\\\/\\\/www.gtlawyers.com.br\\\/\",\"name\":\"GTLawyers | Escrit\u00f3rio boutique full-service\",\"description\":\"Escrit\u00f3rio de advocacia franco-brasileiro para empresas especializado em M&amp;A, direito societ\u00e1rio, tribut\u00e1rio, imobili\u00e1rio, contencioso e compliance\",\"publisher\":{\"@id\":\"https:\\\/\\\/www.gtlawyers.com.br\\\/#organization\"},\"alternateName\":\"GTLawyers\",\"potentialAction\":[{\"@type\":\"SearchAction\",\"target\":{\"@type\":\"EntryPoint\",\"urlTemplate\":\"https:\\\/\\\/www.gtlawyers.com.br\\\/?s={search_term_string}\"},\"query-input\":{\"@type\":\"PropertyValueSpecification\",\"valueRequired\":true,\"valueName\":\"search_term_string\"}}],\"inLanguage\":\"fr-FR\"},{\"@type\":\"Organization\",\"@id\":\"https:\\\/\\\/www.gtlawyers.com.br\\\/#organization\",\"name\":\"GTLawyers - Escrit\u00f3rio boutique full-service\",\"url\":\"https:\\\/\\\/www.gtlawyers.com.br\\\/\",\"logo\":{\"@type\":\"ImageObject\",\"inLanguage\":\"fr-FR\",\"@id\":\"https:\\\/\\\/www.gtlawyers.com.br\\\/#\\\/schema\\\/logo\\\/image\\\/\",\"url\":\"https:\\\/\\\/www.gtlawyers.com.br\\\/site\\\/wp-content\\\/uploads\\\/image-3.png\",\"contentUrl\":\"https:\\\/\\\/www.gtlawyers.com.br\\\/site\\\/wp-content\\\/uploads\\\/image-3.png\",\"width\":166,\"height\":44,\"caption\":\"GTLawyers - Escrit\u00f3rio boutique full-service\"},\"image\":{\"@id\":\"https:\\\/\\\/www.gtlawyers.com.br\\\/#\\\/schema\\\/logo\\\/image\\\/\"},\"sameAs\":[\"https:\\\/\\\/www.linkedin.com\\\/company\\\/gtlawyers\\\/mycompany\\\/\"]},{\"@type\":\"Person\",\"@id\":\"https:\\\/\\\/www.gtlawyers.com.br\\\/#\\\/schema\\\/person\\\/ddacb191167435332fe1305a7c77274f\",\"name\":\"Felipe Nascimento\",\"image\":{\"@type\":\"ImageObject\",\"inLanguage\":\"fr-FR\",\"@id\":\"https:\\\/\\\/secure.gravatar.com\\\/avatar\\\/99b2fc11283f57cb70c409ae58fd3f3e83dfe5f33ff50bf649361b2d7e2240e0?s=96&d=mm&r=g\",\"url\":\"https:\\\/\\\/secure.gravatar.com\\\/avatar\\\/99b2fc11283f57cb70c409ae58fd3f3e83dfe5f33ff50bf649361b2d7e2240e0?s=96&d=mm&r=g\",\"contentUrl\":\"https:\\\/\\\/secure.gravatar.com\\\/avatar\\\/99b2fc11283f57cb70c409ae58fd3f3e83dfe5f33ff50bf649361b2d7e2240e0?s=96&d=mm&r=g\",\"caption\":\"Felipe Nascimento\"},\"url\":\"https:\\\/\\\/www.gtlawyers.com.br\\\/fr\\\/author\\\/felipe\\\/\"}]}<\/script>\n<!-- \/ Yoast SEO plugin. -->","yoast_head_json":{"title":"GTLAWYERS presente no Bootcamp Boosters Am\u00e9rique Latine &amp; Indopac\u00edfico 2025 | GTLawyers | Escrit\u00f3rio boutique full-service","robots":{"index":"index","follow":"follow","max-snippet":"max-snippet:-1","max-image-preview":"max-image-preview:large","max-video-preview":"max-video-preview:-1"},"canonical":"https:\/\/www.gtlawyers.com.br\/fr\/noticia\/gtlawyers-presente-no-bootcamp-boosters-amerique-latine-indopacifico-2025\/","og_locale":"fr_FR","og_type":"article","og_title":"GTLAWYERS presente no Bootcamp Boosters Am\u00e9rique Latine &amp; Indopac\u00edfico 2025 | GTLawyers | Escrit\u00f3rio boutique full-service","og_description":"No primeiro semestre, nossa s\u00f3cia Tamy Tanzilli contribuiu com sua expertise no Bootcamp Boosters Am\u00e9rique Latine &amp; Indopac\u00edfico 2025, evento promovido pela Business France. Em conjunto com Maristela Bischof, da Pramex International, Tamy compartilhou insights valiosos sobre os desafios e as oportunidades para empresas que buscam expandir seus neg\u00f3cios na Am\u00e9rica Latina.&nbsp;A apresenta\u00e7\u00e3o abordou temas [&hellip;]","og_url":"https:\/\/www.gtlawyers.com.br\/fr\/noticia\/gtlawyers-presente-no-bootcamp-boosters-amerique-latine-indopacifico-2025\/","og_site_name":"GTLawyers | Escrit\u00f3rio boutique full-service","article_published_time":"2025-06-17T00:34:14+00:00","article_modified_time":"2025-08-05T19:38:32+00:00","og_image":[{"width":1200,"height":500,"url":"https:\/\/www.gtlawyers.com.br\/site\/wp-content\/uploads\/Booster-Business-france.png","type":"image\/png"}],"author":"Felipe Nascimento","twitter_card":"summary_large_image","twitter_misc":{"\u00c9crit par":"Felipe Nascimento","Dur\u00e9e de lecture estim\u00e9e":"1 minute"},"schema":{"@context":"https:\/\/schema.org","@graph":[{"@type":"Article","@id":"https:\/\/www.gtlawyers.com.br\/noticia\/gtlawyers-presente-no-bootcamp-boosters-amerique-latine-indopacifico-2025\/#article","isPartOf":{"@id":"https:\/\/www.gtlawyers.com.br\/noticia\/gtlawyers-presente-no-bootcamp-boosters-amerique-latine-indopacifico-2025\/"},"author":{"name":"Felipe Nascimento","@id":"https:\/\/www.gtlawyers.com.br\/#\/schema\/person\/ddacb191167435332fe1305a7c77274f"},"headline":"GTLAWYERS presente no Bootcamp Boosters Am\u00e9rique Latine &amp; Indopac\u00edfico 2025","datePublished":"2025-06-17T00:34:14+00:00","dateModified":"2025-08-05T19:38:32+00:00","mainEntityOfPage":{"@id":"https:\/\/www.gtlawyers.com.br\/noticia\/gtlawyers-presente-no-bootcamp-boosters-amerique-latine-indopacifico-2025\/"},"wordCount":151,"commentCount":0,"publisher":{"@id":"https:\/\/www.gtlawyers.com.br\/#organization"},"image":{"@id":"https:\/\/www.gtlawyers.com.br\/noticia\/gtlawyers-presente-no-bootcamp-boosters-amerique-latine-indopacifico-2025\/#primaryimage"},"thumbnailUrl":"https:\/\/www.gtlawyers.com.br\/site\/wp-content\/uploads\/Booster-Business-france.png","articleSection":["News"],"inLanguage":"fr-FR","potentialAction":[{"@type":"CommentAction","name":"Comment","target":["https:\/\/www.gtlawyers.com.br\/noticia\/gtlawyers-presente-no-bootcamp-boosters-amerique-latine-indopacifico-2025\/#respond"]}]},{"@type":"WebPage","@id":"https:\/\/www.gtlawyers.com.br\/noticia\/gtlawyers-presente-no-bootcamp-boosters-amerique-latine-indopacifico-2025\/","url":"https:\/\/www.gtlawyers.com.br\/noticia\/gtlawyers-presente-no-bootcamp-boosters-amerique-latine-indopacifico-2025\/","name":"GTLAWYERS presente no Bootcamp Boosters Am\u00e9rique Latine &amp; Indopac\u00edfico 2025 | GTLawyers | Escrit\u00f3rio boutique full-service","isPartOf":{"@id":"https:\/\/www.gtlawyers.com.br\/#website"},"primaryImageOfPage":{"@id":"https:\/\/www.gtlawyers.com.br\/noticia\/gtlawyers-presente-no-bootcamp-boosters-amerique-latine-indopacifico-2025\/#primaryimage"},"image":{"@id":"https:\/\/www.gtlawyers.com.br\/noticia\/gtlawyers-presente-no-bootcamp-boosters-amerique-latine-indopacifico-2025\/#primaryimage"},"thumbnailUrl":"https:\/\/www.gtlawyers.com.br\/site\/wp-content\/uploads\/Booster-Business-france.png","datePublished":"2025-06-17T00:34:14+00:00","dateModified":"2025-08-05T19:38:32+00:00","breadcrumb":{"@id":"https:\/\/www.gtlawyers.com.br\/noticia\/gtlawyers-presente-no-bootcamp-boosters-amerique-latine-indopacifico-2025\/#breadcrumb"},"inLanguage":"fr-FR","potentialAction":[{"@type":"ReadAction","target":["https:\/\/www.gtlawyers.com.br\/noticia\/gtlawyers-presente-no-bootcamp-boosters-amerique-latine-indopacifico-2025\/"]}]},{"@type":"ImageObject","inLanguage":"fr-FR","@id":"https:\/\/www.gtlawyers.com.br\/noticia\/gtlawyers-presente-no-bootcamp-boosters-amerique-latine-indopacifico-2025\/#primaryimage","url":"https:\/\/www.gtlawyers.com.br\/site\/wp-content\/uploads\/Booster-Business-france.png","contentUrl":"https:\/\/www.gtlawyers.com.br\/site\/wp-content\/uploads\/Booster-Business-france.png","width":1200,"height":500},{"@type":"BreadcrumbList","@id":"https:\/\/www.gtlawyers.com.br\/noticia\/gtlawyers-presente-no-bootcamp-boosters-amerique-latine-indopacifico-2025\/#breadcrumb","itemListElement":[{"@type":"ListItem","position":1,"name":"In\u00edcio","item":"https:\/\/www.gtlawyers.com.br\/"},{"@type":"ListItem","position":2,"name":"GTLAWYERS presente no Bootcamp Boosters Am\u00e9rique Latine &amp; Indopac\u00edfico 2025"}]},{"@type":"WebSite","@id":"https:\/\/www.gtlawyers.com.br\/#website","url":"https:\/\/www.gtlawyers.com.br\/","name":"GTLawyers | Escrit\u00f3rio boutique full-service","description":"Escrit\u00f3rio de advocacia franco-brasileiro para empresas especializado em M&amp;A, direito societ\u00e1rio, tribut\u00e1rio, imobili\u00e1rio, contencioso e compliance","publisher":{"@id":"https:\/\/www.gtlawyers.com.br\/#organization"},"alternateName":"GTLawyers","potentialAction":[{"@type":"SearchAction","target":{"@type":"EntryPoint","urlTemplate":"https:\/\/www.gtlawyers.com.br\/?s={search_term_string}"},"query-input":{"@type":"PropertyValueSpecification","valueRequired":true,"valueName":"search_term_string"}}],"inLanguage":"fr-FR"},{"@type":"Organization","@id":"https:\/\/www.gtlawyers.com.br\/#organization","name":"GTLawyers - Escrit\u00f3rio boutique full-service","url":"https:\/\/www.gtlawyers.com.br\/","logo":{"@type":"ImageObject","inLanguage":"fr-FR","@id":"https:\/\/www.gtlawyers.com.br\/#\/schema\/logo\/image\/","url":"https:\/\/www.gtlawyers.com.br\/site\/wp-content\/uploads\/image-3.png","contentUrl":"https:\/\/www.gtlawyers.com.br\/site\/wp-content\/uploads\/image-3.png","width":166,"height":44,"caption":"GTLawyers - Escrit\u00f3rio boutique full-service"},"image":{"@id":"https:\/\/www.gtlawyers.com.br\/#\/schema\/logo\/image\/"},"sameAs":["https:\/\/www.linkedin.com\/company\/gtlawyers\/mycompany\/"]},{"@type":"Person","@id":"https:\/\/www.gtlawyers.com.br\/#\/schema\/person\/ddacb191167435332fe1305a7c77274f","name":"Felipe Nascimento","image":{"@type":"ImageObject","inLanguage":"fr-FR","@id":"https:\/\/secure.gravatar.com\/avatar\/99b2fc11283f57cb70c409ae58fd3f3e83dfe5f33ff50bf649361b2d7e2240e0?s=96&d=mm&r=g","url":"https:\/\/secure.gravatar.com\/avatar\/99b2fc11283f57cb70c409ae58fd3f3e83dfe5f33ff50bf649361b2d7e2240e0?s=96&d=mm&r=g","contentUrl":"https:\/\/secure.gravatar.com\/avatar\/99b2fc11283f57cb70c409ae58fd3f3e83dfe5f33ff50bf649361b2d7e2240e0?s=96&d=mm&r=g","caption":"Felipe Nascimento"},"url":"https:\/\/www.gtlawyers.com.br\/fr\/author\/felipe\/"}]}},"_links":{"self":[{"href":"https:\/\/www.gtlawyers.com.br\/fr\/wp-json\/wp\/v2\/posts\/1562","targetHints":{"allow":["GET"]}}],"collection":[{"href":"https:\/\/www.gtlawyers.com.br\/fr\/wp-json\/wp\/v2\/posts"}],"about":[{"href":"https:\/\/www.gtlawyers.com.br\/fr\/wp-json\/wp\/v2\/types\/post"}],"author":[{"embeddable":true,"href":"https:\/\/www.gtlawyers.com.br\/fr\/wp-json\/wp\/v2\/users\/5"}],"replies":[{"embeddable":true,"href":"https:\/\/www.gtlawyers.com.br\/fr\/wp-json\/wp\/v2\/comments?post=1562"}],"version-history":[{"count":2,"href":"https:\/\/www.gtlawyers.com.br\/fr\/wp-json\/wp\/v2\/posts\/1562\/revisions"}],"predecessor-version":[{"id":1663,"href":"https:\/\/www.gtlawyers.com.br\/fr\/wp-json\/wp\/v2\/posts\/1562\/revisions\/1663"}],"wp:featuredmedia":[{"embeddable":true,"href":"https:\/\/www.gtlawyers.com.br\/fr\/wp-json\/wp\/v2\/media\/1563"}],"wp:attachment":[{"href":"https:\/\/www.gtlawyers.com.br\/fr\/wp-json\/wp\/v2\/media?parent=1562"}],"wp:term":[{"taxonomy":"category","embeddable":true,"href":"https:\/\/www.gtlawyers.com.br\/fr\/wp-json\/wp\/v2\/categories?post=1562"},{"taxonomy":"post_tag","embeddable":true,"href":"https:\/\/www.gtlawyers.com.br\/fr\/wp-json\/wp\/v2\/tags?post=1562"}],"curies":[{"name":"wp","href":"https:\/\/api.w.org\/{rel}","templated":true}]}}