{"id":1565,"date":"2025-06-16T21:39:37","date_gmt":"2025-06-17T00:39:37","guid":{"rendered":"https:\/\/www.gtlawyers.com.br\/?p=1565"},"modified":"2025-06-16T21:39:38","modified_gmt":"2025-06-17T00:39:38","slug":"tanzilli-tamy-tanzilli-e-eleita-diretora-de-pmes-na-camara-de-comercio-franca-brasil-ccifb","status":"publish","type":"post","link":"https:\/\/www.gtlawyers.com.br\/fr\/noticia\/tanzilli-tamy-tanzilli-e-eleita-diretora-de-pmes-na-camara-de-comercio-franca-brasil-ccifb\/","title":{"rendered":"Tamy Tanzilli \u00e9lue Directrice des PME \u00e0 la Chambre de Commerce France-Br\u00e9sil \u2013 CCIFB"},"content":{"rendered":"<p>C\u2019est avec une grande satisfaction que nous annon\u00e7ons l\u2019\u00e9lection de Tamy Tanzilli, associ\u00e9e fondatrice de GTLawyers, au poste de Directrice des PME de la Chambre de Commerce France-Br\u00e9sil \u2013 CCIFB.<\/p>\n\n\n\n<p>Cette nomination repr\u00e9sente la reconnaissance de son expertise et de son engagement aupr\u00e8s des entreprises fran\u00e7aises souhaitant s\u2019implanter sur le march\u00e9 br\u00e9silien. Forte d\u2019une vaste exp\u00e9rience en conseil juridique international, Tamy Tanzilli prend cette fonction strat\u00e9gique \u00e0 un moment de rapprochement croissant entre les deux pays.<\/p>\n\n\n\n<p>Nous adressons \u00e9galement nos f\u00e9licitations au nouveau pr\u00e9sident, Thierry Besse, ainsi qu\u2019\u00e0 toute l\u2019\u00e9quipe r\u00e9cemment investie, en leur souhaitant une mandature riche en r\u00e9ussites.<\/p>\n\n\n\n<figure class=\"wp-block-image size-full\"><img loading=\"lazy\" decoding=\"async\" width=\"683\" height=\"1024\" src=\"https:\/\/www.gtlawyers.com.br\/site\/wp-content\/uploads\/Tamy-directrice-PME-CCIFB.jpg\" alt=\"\" class=\"wp-image-1566\" srcset=\"https:\/\/www.gtlawyers.com.br\/site\/wp-content\/uploads\/Tamy-directrice-PME-CCIFB.jpg 683w, https:\/\/www.gtlawyers.com.br\/site\/wp-content\/uploads\/Tamy-directrice-PME-CCIFB-200x300.jpg 200w, https:\/\/www.gtlawyers.com.br\/site\/wp-content\/uploads\/Tamy-directrice-PME-CCIFB-100x150.jpg 100w, https:\/\/www.gtlawyers.com.br\/site\/wp-content\/uploads\/Tamy-directrice-PME-CCIFB-8x12.jpg 8w\" sizes=\"auto, (max-width: 683px) 100vw, 683px\" \/><\/figure>\n\n\n\n<figure class=\"wp-block-image size-full\"><img loading=\"lazy\" decoding=\"async\" width=\"1024\" height=\"683\" src=\"https:\/\/www.gtlawyers.com.br\/site\/wp-content\/uploads\/Tamy-directrice-PME-CCIFB-2.jpg\" alt=\"\" class=\"wp-image-1567\" srcset=\"https:\/\/www.gtlawyers.com.br\/site\/wp-content\/uploads\/Tamy-directrice-PME-CCIFB-2.jpg 1024w, https:\/\/www.gtlawyers.com.br\/site\/wp-content\/uploads\/Tamy-directrice-PME-CCIFB-2-300x200.jpg 300w, https:\/\/www.gtlawyers.com.br\/site\/wp-content\/uploads\/Tamy-directrice-PME-CCIFB-2-150x100.jpg 150w, https:\/\/www.gtlawyers.com.br\/site\/wp-content\/uploads\/Tamy-directrice-PME-CCIFB-2-768x512.jpg 768w, https:\/\/www.gtlawyers.com.br\/site\/wp-content\/uploads\/Tamy-directrice-PME-CCIFB-2-18x12.jpg 18w\" sizes=\"auto, (max-width: 1024px) 100vw, 1024px\" \/><\/figure>","protected":false},"excerpt":{"rendered":"<p>\u00c9 com grande satisfa\u00e7\u00e3o que anunciamos a elei\u00e7\u00e3o de Tanzilli Tamy, s\u00f3cia fundadora do GTLawyers, como Diretora de PMEs da C\u00e2mara de Com\u00e9rcio Fran\u00e7a Brasil &#8211; CCIFB. Esta nomea\u00e7\u00e3o representa o reconhecimento de sua expertise e dedica\u00e7\u00e3o no atendimento \u00e0s empresas francesas que buscam se estabelecer no mercado brasileiro. Com vasta experi\u00eancia no assessoramento&nbsp;jur\u00eddico internacional, [&hellip;]<\/p>\n","protected":false},"author":5,"featured_media":1567,"comment_status":"open","ping_status":"open","sticky":false,"template":"","format":"standard","meta":{"_acf_changed":false,"footnotes":""},"categories":[7],"tags":[],"class_list":["post-1565","post","type-post","status-publish","format-standard","has-post-thumbnail","hentry","category-noticia"],"acf":[],"yoast_head":"<!-- This site is optimized with the Yoast SEO plugin v27.5 - https:\/\/yoast.com\/product\/yoast-seo-wordpress\/ -->\n<title>Tanzilli Tamy Tanzilli \u00e9 eleita Diretora de PMEs na C\u00e2mara de Com\u00e9rcio Fran\u00e7a Brasil - CCIFB | GTLawyers | Escrit\u00f3rio boutique full-service<\/title>\n<meta name=\"robots\" content=\"index, follow, max-snippet:-1, max-image-preview:large, max-video-preview:-1\" \/>\n<link rel=\"canonical\" href=\"https:\/\/www.gtlawyers.com.br\/fr\/noticia\/tanzilli-tamy-tanzilli-e-eleita-diretora-de-pmes-na-camara-de-comercio-franca-brasil-ccifb\/\" \/>\n<meta property=\"og:locale\" content=\"fr_FR\" \/>\n<meta property=\"og:type\" content=\"article\" \/>\n<meta property=\"og:title\" content=\"Tanzilli Tamy Tanzilli \u00e9 eleita Diretora de PMEs na C\u00e2mara de Com\u00e9rcio Fran\u00e7a Brasil - CCIFB | GTLawyers | Escrit\u00f3rio boutique full-service\" \/>\n<meta property=\"og:description\" content=\"\u00c9 com grande satisfa\u00e7\u00e3o que anunciamos a elei\u00e7\u00e3o de Tanzilli Tamy, s\u00f3cia fundadora do GTLawyers, como Diretora de PMEs da C\u00e2mara de Com\u00e9rcio Fran\u00e7a Brasil &#8211; CCIFB. Esta nomea\u00e7\u00e3o representa o reconhecimento de sua expertise e dedica\u00e7\u00e3o no atendimento \u00e0s empresas francesas que buscam se estabelecer no mercado brasileiro. Com vasta experi\u00eancia no assessoramento&nbsp;jur\u00eddico internacional, [&hellip;]\" \/>\n<meta property=\"og:url\" content=\"https:\/\/www.gtlawyers.com.br\/fr\/noticia\/tanzilli-tamy-tanzilli-e-eleita-diretora-de-pmes-na-camara-de-comercio-franca-brasil-ccifb\/\" \/>\n<meta property=\"og:site_name\" content=\"GTLawyers | Escrit\u00f3rio boutique full-service\" \/>\n<meta property=\"article:published_time\" content=\"2025-06-17T00:39:37+00:00\" \/>\n<meta property=\"article:modified_time\" content=\"2025-06-17T00:39:38+00:00\" \/>\n<meta property=\"og:image\" content=\"https:\/\/www.gtlawyers.com.br\/site\/wp-content\/uploads\/Tamy-directrice-PME-CCIFB-2.jpg\" \/>\n\t<meta property=\"og:image:width\" content=\"1024\" \/>\n\t<meta property=\"og:image:height\" content=\"683\" \/>\n\t<meta property=\"og:image:type\" content=\"image\/jpeg\" \/>\n<meta name=\"author\" content=\"Felipe Nascimento\" \/>\n<meta name=\"twitter:card\" content=\"summary_large_image\" \/>\n<meta name=\"twitter:label1\" content=\"\u00c9crit par\" \/>\n\t<meta name=\"twitter:data1\" content=\"Felipe Nascimento\" \/>\n\t<meta name=\"twitter:label2\" content=\"Dur\u00e9e de lecture estim\u00e9e\" \/>\n\t<meta name=\"twitter:data2\" content=\"1 minute\" \/>\n<script type=\"application\/ld+json\" class=\"yoast-schema-graph\">{\"@context\":\"https:\\\/\\\/schema.org\",\"@graph\":[{\"@type\":\"Article\",\"@id\":\"https:\\\/\\\/www.gtlawyers.com.br\\\/noticia\\\/tanzilli-tamy-tanzilli-e-eleita-diretora-de-pmes-na-camara-de-comercio-franca-brasil-ccifb\\\/#article\",\"isPartOf\":{\"@id\":\"https:\\\/\\\/www.gtlawyers.com.br\\\/noticia\\\/tanzilli-tamy-tanzilli-e-eleita-diretora-de-pmes-na-camara-de-comercio-franca-brasil-ccifb\\\/\"},\"author\":{\"name\":\"Felipe Nascimento\",\"@id\":\"https:\\\/\\\/www.gtlawyers.com.br\\\/#\\\/schema\\\/person\\\/ddacb191167435332fe1305a7c77274f\"},\"headline\":\"Tanzilli Tamy Tanzilli \u00e9 eleita Diretora de PMEs na C\u00e2mara de Com\u00e9rcio Fran\u00e7a Brasil &#8211; CCIFB\",\"datePublished\":\"2025-06-17T00:39:37+00:00\",\"dateModified\":\"2025-06-17T00:39:38+00:00\",\"mainEntityOfPage\":{\"@id\":\"https:\\\/\\\/www.gtlawyers.com.br\\\/noticia\\\/tanzilli-tamy-tanzilli-e-eleita-diretora-de-pmes-na-camara-de-comercio-franca-brasil-ccifb\\\/\"},\"wordCount\":126,\"commentCount\":0,\"publisher\":{\"@id\":\"https:\\\/\\\/www.gtlawyers.com.br\\\/#organization\"},\"image\":{\"@id\":\"https:\\\/\\\/www.gtlawyers.com.br\\\/noticia\\\/tanzilli-tamy-tanzilli-e-eleita-diretora-de-pmes-na-camara-de-comercio-franca-brasil-ccifb\\\/#primaryimage\"},\"thumbnailUrl\":\"https:\\\/\\\/www.gtlawyers.com.br\\\/site\\\/wp-content\\\/uploads\\\/Tamy-directrice-PME-CCIFB-2.jpg\",\"articleSection\":[\"News\"],\"inLanguage\":\"fr-FR\",\"potentialAction\":[{\"@type\":\"CommentAction\",\"name\":\"Comment\",\"target\":[\"https:\\\/\\\/www.gtlawyers.com.br\\\/noticia\\\/tanzilli-tamy-tanzilli-e-eleita-diretora-de-pmes-na-camara-de-comercio-franca-brasil-ccifb\\\/#respond\"]}]},{\"@type\":\"WebPage\",\"@id\":\"https:\\\/\\\/www.gtlawyers.com.br\\\/noticia\\\/tanzilli-tamy-tanzilli-e-eleita-diretora-de-pmes-na-camara-de-comercio-franca-brasil-ccifb\\\/\",\"url\":\"https:\\\/\\\/www.gtlawyers.com.br\\\/noticia\\\/tanzilli-tamy-tanzilli-e-eleita-diretora-de-pmes-na-camara-de-comercio-franca-brasil-ccifb\\\/\",\"name\":\"Tanzilli Tamy Tanzilli \u00e9 eleita Diretora de PMEs na C\u00e2mara de Com\u00e9rcio Fran\u00e7a Brasil - CCIFB | GTLawyers | Escrit\u00f3rio boutique full-service\",\"isPartOf\":{\"@id\":\"https:\\\/\\\/www.gtlawyers.com.br\\\/#website\"},\"primaryImageOfPage\":{\"@id\":\"https:\\\/\\\/www.gtlawyers.com.br\\\/noticia\\\/tanzilli-tamy-tanzilli-e-eleita-diretora-de-pmes-na-camara-de-comercio-franca-brasil-ccifb\\\/#primaryimage\"},\"image\":{\"@id\":\"https:\\\/\\\/www.gtlawyers.com.br\\\/noticia\\\/tanzilli-tamy-tanzilli-e-eleita-diretora-de-pmes-na-camara-de-comercio-franca-brasil-ccifb\\\/#primaryimage\"},\"thumbnailUrl\":\"https:\\\/\\\/www.gtlawyers.com.br\\\/site\\\/wp-content\\\/uploads\\\/Tamy-directrice-PME-CCIFB-2.jpg\",\"datePublished\":\"2025-06-17T00:39:37+00:00\",\"dateModified\":\"2025-06-17T00:39:38+00:00\",\"breadcrumb\":{\"@id\":\"https:\\\/\\\/www.gtlawyers.com.br\\\/noticia\\\/tanzilli-tamy-tanzilli-e-eleita-diretora-de-pmes-na-camara-de-comercio-franca-brasil-ccifb\\\/#breadcrumb\"},\"inLanguage\":\"fr-FR\",\"potentialAction\":[{\"@type\":\"ReadAction\",\"target\":[\"https:\\\/\\\/www.gtlawyers.com.br\\\/noticia\\\/tanzilli-tamy-tanzilli-e-eleita-diretora-de-pmes-na-camara-de-comercio-franca-brasil-ccifb\\\/\"]}]},{\"@type\":\"ImageObject\",\"inLanguage\":\"fr-FR\",\"@id\":\"https:\\\/\\\/www.gtlawyers.com.br\\\/noticia\\\/tanzilli-tamy-tanzilli-e-eleita-diretora-de-pmes-na-camara-de-comercio-franca-brasil-ccifb\\\/#primaryimage\",\"url\":\"https:\\\/\\\/www.gtlawyers.com.br\\\/site\\\/wp-content\\\/uploads\\\/Tamy-directrice-PME-CCIFB-2.jpg\",\"contentUrl\":\"https:\\\/\\\/www.gtlawyers.com.br\\\/site\\\/wp-content\\\/uploads\\\/Tamy-directrice-PME-CCIFB-2.jpg\",\"width\":1024,\"height\":683},{\"@type\":\"BreadcrumbList\",\"@id\":\"https:\\\/\\\/www.gtlawyers.com.br\\\/noticia\\\/tanzilli-tamy-tanzilli-e-eleita-diretora-de-pmes-na-camara-de-comercio-franca-brasil-ccifb\\\/#breadcrumb\",\"itemListElement\":[{\"@type\":\"ListItem\",\"position\":1,\"name\":\"In\u00edcio\",\"item\":\"https:\\\/\\\/www.gtlawyers.com.br\\\/\"},{\"@type\":\"ListItem\",\"position\":2,\"name\":\"Tanzilli Tamy Tanzilli \u00e9 eleita Diretora de PMEs na C\u00e2mara de Com\u00e9rcio Fran\u00e7a Brasil &#8211; CCIFB\"}]},{\"@type\":\"WebSite\",\"@id\":\"https:\\\/\\\/www.gtlawyers.com.br\\\/#website\",\"url\":\"https:\\\/\\\/www.gtlawyers.com.br\\\/\",\"name\":\"GTLawyers | Escrit\u00f3rio boutique full-service\",\"description\":\"Escrit\u00f3rio de advocacia franco-brasileiro para empresas especializado em M&amp;A, direito societ\u00e1rio, tribut\u00e1rio, imobili\u00e1rio, contencioso e compliance\",\"publisher\":{\"@id\":\"https:\\\/\\\/www.gtlawyers.com.br\\\/#organization\"},\"alternateName\":\"GTLawyers\",\"potentialAction\":[{\"@type\":\"SearchAction\",\"target\":{\"@type\":\"EntryPoint\",\"urlTemplate\":\"https:\\\/\\\/www.gtlawyers.com.br\\\/?s={search_term_string}\"},\"query-input\":{\"@type\":\"PropertyValueSpecification\",\"valueRequired\":true,\"valueName\":\"search_term_string\"}}],\"inLanguage\":\"fr-FR\"},{\"@type\":\"Organization\",\"@id\":\"https:\\\/\\\/www.gtlawyers.com.br\\\/#organization\",\"name\":\"GTLawyers - Escrit\u00f3rio boutique full-service\",\"url\":\"https:\\\/\\\/www.gtlawyers.com.br\\\/\",\"logo\":{\"@type\":\"ImageObject\",\"inLanguage\":\"fr-FR\",\"@id\":\"https:\\\/\\\/www.gtlawyers.com.br\\\/#\\\/schema\\\/logo\\\/image\\\/\",\"url\":\"https:\\\/\\\/www.gtlawyers.com.br\\\/site\\\/wp-content\\\/uploads\\\/image-3.png\",\"contentUrl\":\"https:\\\/\\\/www.gtlawyers.com.br\\\/site\\\/wp-content\\\/uploads\\\/image-3.png\",\"width\":166,\"height\":44,\"caption\":\"GTLawyers - Escrit\u00f3rio boutique full-service\"},\"image\":{\"@id\":\"https:\\\/\\\/www.gtlawyers.com.br\\\/#\\\/schema\\\/logo\\\/image\\\/\"},\"sameAs\":[\"https:\\\/\\\/www.linkedin.com\\\/company\\\/gtlawyers\\\/mycompany\\\/\"]},{\"@type\":\"Person\",\"@id\":\"https:\\\/\\\/www.gtlawyers.com.br\\\/#\\\/schema\\\/person\\\/ddacb191167435332fe1305a7c77274f\",\"name\":\"Felipe Nascimento\",\"image\":{\"@type\":\"ImageObject\",\"inLanguage\":\"fr-FR\",\"@id\":\"https:\\\/\\\/secure.gravatar.com\\\/avatar\\\/99b2fc11283f57cb70c409ae58fd3f3e83dfe5f33ff50bf649361b2d7e2240e0?s=96&d=mm&r=g\",\"url\":\"https:\\\/\\\/secure.gravatar.com\\\/avatar\\\/99b2fc11283f57cb70c409ae58fd3f3e83dfe5f33ff50bf649361b2d7e2240e0?s=96&d=mm&r=g\",\"contentUrl\":\"https:\\\/\\\/secure.gravatar.com\\\/avatar\\\/99b2fc11283f57cb70c409ae58fd3f3e83dfe5f33ff50bf649361b2d7e2240e0?s=96&d=mm&r=g\",\"caption\":\"Felipe Nascimento\"},\"url\":\"https:\\\/\\\/www.gtlawyers.com.br\\\/fr\\\/author\\\/felipe\\\/\"}]}<\/script>\n<!-- \/ Yoast SEO plugin. -->","yoast_head_json":{"title":"Tanzilli Tamy Tanzilli \u00e9 eleita Diretora de PMEs na C\u00e2mara de Com\u00e9rcio Fran\u00e7a Brasil - CCIFB | GTLawyers | Escrit\u00f3rio boutique full-service","robots":{"index":"index","follow":"follow","max-snippet":"max-snippet:-1","max-image-preview":"max-image-preview:large","max-video-preview":"max-video-preview:-1"},"canonical":"https:\/\/www.gtlawyers.com.br\/fr\/noticia\/tanzilli-tamy-tanzilli-e-eleita-diretora-de-pmes-na-camara-de-comercio-franca-brasil-ccifb\/","og_locale":"fr_FR","og_type":"article","og_title":"Tanzilli Tamy Tanzilli \u00e9 eleita Diretora de PMEs na C\u00e2mara de Com\u00e9rcio Fran\u00e7a Brasil - CCIFB | GTLawyers | Escrit\u00f3rio boutique full-service","og_description":"\u00c9 com grande satisfa\u00e7\u00e3o que anunciamos a elei\u00e7\u00e3o de Tanzilli Tamy, s\u00f3cia fundadora do GTLawyers, como Diretora de PMEs da C\u00e2mara de Com\u00e9rcio Fran\u00e7a Brasil &#8211; CCIFB. Esta nomea\u00e7\u00e3o representa o reconhecimento de sua expertise e dedica\u00e7\u00e3o no atendimento \u00e0s empresas francesas que buscam se estabelecer no mercado brasileiro. Com vasta experi\u00eancia no assessoramento&nbsp;jur\u00eddico internacional, [&hellip;]","og_url":"https:\/\/www.gtlawyers.com.br\/fr\/noticia\/tanzilli-tamy-tanzilli-e-eleita-diretora-de-pmes-na-camara-de-comercio-franca-brasil-ccifb\/","og_site_name":"GTLawyers | Escrit\u00f3rio boutique full-service","article_published_time":"2025-06-17T00:39:37+00:00","article_modified_time":"2025-06-17T00:39:38+00:00","og_image":[{"width":1024,"height":683,"url":"https:\/\/www.gtlawyers.com.br\/site\/wp-content\/uploads\/Tamy-directrice-PME-CCIFB-2.jpg","type":"image\/jpeg"}],"author":"Felipe Nascimento","twitter_card":"summary_large_image","twitter_misc":{"\u00c9crit par":"Felipe Nascimento","Dur\u00e9e de lecture estim\u00e9e":"1 minute"},"schema":{"@context":"https:\/\/schema.org","@graph":[{"@type":"Article","@id":"https:\/\/www.gtlawyers.com.br\/noticia\/tanzilli-tamy-tanzilli-e-eleita-diretora-de-pmes-na-camara-de-comercio-franca-brasil-ccifb\/#article","isPartOf":{"@id":"https:\/\/www.gtlawyers.com.br\/noticia\/tanzilli-tamy-tanzilli-e-eleita-diretora-de-pmes-na-camara-de-comercio-franca-brasil-ccifb\/"},"author":{"name":"Felipe Nascimento","@id":"https:\/\/www.gtlawyers.com.br\/#\/schema\/person\/ddacb191167435332fe1305a7c77274f"},"headline":"Tanzilli Tamy Tanzilli \u00e9 eleita Diretora de PMEs na C\u00e2mara de Com\u00e9rcio Fran\u00e7a Brasil &#8211; CCIFB","datePublished":"2025-06-17T00:39:37+00:00","dateModified":"2025-06-17T00:39:38+00:00","mainEntityOfPage":{"@id":"https:\/\/www.gtlawyers.com.br\/noticia\/tanzilli-tamy-tanzilli-e-eleita-diretora-de-pmes-na-camara-de-comercio-franca-brasil-ccifb\/"},"wordCount":126,"commentCount":0,"publisher":{"@id":"https:\/\/www.gtlawyers.com.br\/#organization"},"image":{"@id":"https:\/\/www.gtlawyers.com.br\/noticia\/tanzilli-tamy-tanzilli-e-eleita-diretora-de-pmes-na-camara-de-comercio-franca-brasil-ccifb\/#primaryimage"},"thumbnailUrl":"https:\/\/www.gtlawyers.com.br\/site\/wp-content\/uploads\/Tamy-directrice-PME-CCIFB-2.jpg","articleSection":["News"],"inLanguage":"fr-FR","potentialAction":[{"@type":"CommentAction","name":"Comment","target":["https:\/\/www.gtlawyers.com.br\/noticia\/tanzilli-tamy-tanzilli-e-eleita-diretora-de-pmes-na-camara-de-comercio-franca-brasil-ccifb\/#respond"]}]},{"@type":"WebPage","@id":"https:\/\/www.gtlawyers.com.br\/noticia\/tanzilli-tamy-tanzilli-e-eleita-diretora-de-pmes-na-camara-de-comercio-franca-brasil-ccifb\/","url":"https:\/\/www.gtlawyers.com.br\/noticia\/tanzilli-tamy-tanzilli-e-eleita-diretora-de-pmes-na-camara-de-comercio-franca-brasil-ccifb\/","name":"Tanzilli Tamy Tanzilli \u00e9 eleita Diretora de PMEs na C\u00e2mara de Com\u00e9rcio Fran\u00e7a Brasil - CCIFB | GTLawyers | Escrit\u00f3rio boutique full-service","isPartOf":{"@id":"https:\/\/www.gtlawyers.com.br\/#website"},"primaryImageOfPage":{"@id":"https:\/\/www.gtlawyers.com.br\/noticia\/tanzilli-tamy-tanzilli-e-eleita-diretora-de-pmes-na-camara-de-comercio-franca-brasil-ccifb\/#primaryimage"},"image":{"@id":"https:\/\/www.gtlawyers.com.br\/noticia\/tanzilli-tamy-tanzilli-e-eleita-diretora-de-pmes-na-camara-de-comercio-franca-brasil-ccifb\/#primaryimage"},"thumbnailUrl":"https:\/\/www.gtlawyers.com.br\/site\/wp-content\/uploads\/Tamy-directrice-PME-CCIFB-2.jpg","datePublished":"2025-06-17T00:39:37+00:00","dateModified":"2025-06-17T00:39:38+00:00","breadcrumb":{"@id":"https:\/\/www.gtlawyers.com.br\/noticia\/tanzilli-tamy-tanzilli-e-eleita-diretora-de-pmes-na-camara-de-comercio-franca-brasil-ccifb\/#breadcrumb"},"inLanguage":"fr-FR","potentialAction":[{"@type":"ReadAction","target":["https:\/\/www.gtlawyers.com.br\/noticia\/tanzilli-tamy-tanzilli-e-eleita-diretora-de-pmes-na-camara-de-comercio-franca-brasil-ccifb\/"]}]},{"@type":"ImageObject","inLanguage":"fr-FR","@id":"https:\/\/www.gtlawyers.com.br\/noticia\/tanzilli-tamy-tanzilli-e-eleita-diretora-de-pmes-na-camara-de-comercio-franca-brasil-ccifb\/#primaryimage","url":"https:\/\/www.gtlawyers.com.br\/site\/wp-content\/uploads\/Tamy-directrice-PME-CCIFB-2.jpg","contentUrl":"https:\/\/www.gtlawyers.com.br\/site\/wp-content\/uploads\/Tamy-directrice-PME-CCIFB-2.jpg","width":1024,"height":683},{"@type":"BreadcrumbList","@id":"https:\/\/www.gtlawyers.com.br\/noticia\/tanzilli-tamy-tanzilli-e-eleita-diretora-de-pmes-na-camara-de-comercio-franca-brasil-ccifb\/#breadcrumb","itemListElement":[{"@type":"ListItem","position":1,"name":"In\u00edcio","item":"https:\/\/www.gtlawyers.com.br\/"},{"@type":"ListItem","position":2,"name":"Tanzilli Tamy Tanzilli \u00e9 eleita Diretora de PMEs na C\u00e2mara de Com\u00e9rcio Fran\u00e7a Brasil &#8211; CCIFB"}]},{"@type":"WebSite","@id":"https:\/\/www.gtlawyers.com.br\/#website","url":"https:\/\/www.gtlawyers.com.br\/","name":"GTLawyers | Escrit\u00f3rio boutique full-service","description":"Escrit\u00f3rio de advocacia franco-brasileiro para empresas especializado em M&amp;A, direito societ\u00e1rio, tribut\u00e1rio, imobili\u00e1rio, contencioso e compliance","publisher":{"@id":"https:\/\/www.gtlawyers.com.br\/#organization"},"alternateName":"GTLawyers","potentialAction":[{"@type":"SearchAction","target":{"@type":"EntryPoint","urlTemplate":"https:\/\/www.gtlawyers.com.br\/?s={search_term_string}"},"query-input":{"@type":"PropertyValueSpecification","valueRequired":true,"valueName":"search_term_string"}}],"inLanguage":"fr-FR"},{"@type":"Organization","@id":"https:\/\/www.gtlawyers.com.br\/#organization","name":"GTLawyers - Escrit\u00f3rio boutique full-service","url":"https:\/\/www.gtlawyers.com.br\/","logo":{"@type":"ImageObject","inLanguage":"fr-FR","@id":"https:\/\/www.gtlawyers.com.br\/#\/schema\/logo\/image\/","url":"https:\/\/www.gtlawyers.com.br\/site\/wp-content\/uploads\/image-3.png","contentUrl":"https:\/\/www.gtlawyers.com.br\/site\/wp-content\/uploads\/image-3.png","width":166,"height":44,"caption":"GTLawyers - Escrit\u00f3rio boutique full-service"},"image":{"@id":"https:\/\/www.gtlawyers.com.br\/#\/schema\/logo\/image\/"},"sameAs":["https:\/\/www.linkedin.com\/company\/gtlawyers\/mycompany\/"]},{"@type":"Person","@id":"https:\/\/www.gtlawyers.com.br\/#\/schema\/person\/ddacb191167435332fe1305a7c77274f","name":"Felipe Nascimento","image":{"@type":"ImageObject","inLanguage":"fr-FR","@id":"https:\/\/secure.gravatar.com\/avatar\/99b2fc11283f57cb70c409ae58fd3f3e83dfe5f33ff50bf649361b2d7e2240e0?s=96&d=mm&r=g","url":"https:\/\/secure.gravatar.com\/avatar\/99b2fc11283f57cb70c409ae58fd3f3e83dfe5f33ff50bf649361b2d7e2240e0?s=96&d=mm&r=g","contentUrl":"https:\/\/secure.gravatar.com\/avatar\/99b2fc11283f57cb70c409ae58fd3f3e83dfe5f33ff50bf649361b2d7e2240e0?s=96&d=mm&r=g","caption":"Felipe Nascimento"},"url":"https:\/\/www.gtlawyers.com.br\/fr\/author\/felipe\/"}]}},"_links":{"self":[{"href":"https:\/\/www.gtlawyers.com.br\/fr\/wp-json\/wp\/v2\/posts\/1565","targetHints":{"allow":["GET"]}}],"collection":[{"href":"https:\/\/www.gtlawyers.com.br\/fr\/wp-json\/wp\/v2\/posts"}],"about":[{"href":"https:\/\/www.gtlawyers.com.br\/fr\/wp-json\/wp\/v2\/types\/post"}],"author":[{"embeddable":true,"href":"https:\/\/www.gtlawyers.com.br\/fr\/wp-json\/wp\/v2\/users\/5"}],"replies":[{"embeddable":true,"href":"https:\/\/www.gtlawyers.com.br\/fr\/wp-json\/wp\/v2\/comments?post=1565"}],"version-history":[{"count":1,"href":"https:\/\/www.gtlawyers.com.br\/fr\/wp-json\/wp\/v2\/posts\/1565\/revisions"}],"predecessor-version":[{"id":1568,"href":"https:\/\/www.gtlawyers.com.br\/fr\/wp-json\/wp\/v2\/posts\/1565\/revisions\/1568"}],"wp:featuredmedia":[{"embeddable":true,"href":"https:\/\/www.gtlawyers.com.br\/fr\/wp-json\/wp\/v2\/media\/1567"}],"wp:attachment":[{"href":"https:\/\/www.gtlawyers.com.br\/fr\/wp-json\/wp\/v2\/media?parent=1565"}],"wp:term":[{"taxonomy":"category","embeddable":true,"href":"https:\/\/www.gtlawyers.com.br\/fr\/wp-json\/wp\/v2\/categories?post=1565"},{"taxonomy":"post_tag","embeddable":true,"href":"https:\/\/www.gtlawyers.com.br\/fr\/wp-json\/wp\/v2\/tags?post=1565"}],"curies":[{"name":"wp","href":"https:\/\/api.w.org\/{rel}","templated":true}]}}