{"id":1607,"date":"2025-07-12T15:03:05","date_gmt":"2025-07-12T18:03:05","guid":{"rendered":"https:\/\/www.gtlawyers.com.br\/?p=1607"},"modified":"2025-07-12T15:11:36","modified_gmt":"2025-07-12T18:11:36","slug":"duplo-reconhecimento-do-gtlawyers-na-analise-regional-advocacia-2025","status":"publish","type":"post","link":"https:\/\/www.gtlawyers.com.br\/fr\/noticia\/duplo-reconhecimento-do-gtlawyers-na-analise-regional-advocacia-2025\/","title":{"rendered":"Double reconnaissance pour GTLawyers dans l\u2019An\u00e1lise Regional \u2013 Advocacia 2025"},"content":{"rendered":"<p class=\"translation-block\">Nous avons le plaisir d\u2019annoncer que  <a href=\"https:\/\/www.linkedin.com\/company\/gtlawyers\/\" target=\"_blank\" rel=\"noreferrer noopener nofollow\">GTLawyers<\/a> a \u00e9t\u00e9 doublement reconnu par la publication An\u00e1lise Regional \u2013 Advocacia 2025, qui met en lumi\u00e8re les cabinets et professionnels les plus admir\u00e9s dans le paysage juridique br\u00e9silien.<\/p>\n\n\n\n<p>D\u2019une part, le cabinet a \u00e9t\u00e9 cit\u00e9 parmi les cabinets les plus admir\u00e9s de la r\u00e9gion, une reconnaissance que nous accueillons avec gratitude et qui refl\u00e8te le travail rigoureux, collaboratif et engag\u00e9 que nous menons aux c\u00f4t\u00e9s de nos clients et partenaires.<\/p>\n\n\n\n<p>D\u2019autre part, six de nos associ\u00e9s ont \u00e9t\u00e9 distingu\u00e9s \u00e0 titre individuel pour leur engagement et leur excellence professionnelle : <a href=\"https:\/\/www.linkedin.com\/in\/ACoAAANPH4IB_wZ8ViBs-wmENZJ-ty1i3ltOVXA\" target=\"_blank\" rel=\"noreferrer noopener nofollow\">Tamy Tanzilli<\/a>, <a href=\"https:\/\/www.linkedin.com\/in\/ACoAACd8pFsBDTuqgprbDqfGfRZRmLOf02TgWwI\" target=\"_blank\" rel=\"noreferrer noopener nofollow\">Andr\u00e9s Berridi<\/a>, <a href=\"https:\/\/www.linkedin.com\/in\/ACoAAAYHU8cB5HGatsloIpHPlkv6MA1nU955qLI\" target=\"_blank\" rel=\"noreferrer noopener nofollow\">Anne-Catherine Brunschwig<\/a>, <a href=\"https:\/\/www.linkedin.com\/in\/ACoAAAALT04BA6Vv7la_Q0hI6VI2J4M6S6-Y_bE\" target=\"_blank\" rel=\"noreferrer noopener nofollow\">Estev\u00e3o Gross<\/a>, <a href=\"https:\/\/www.linkedin.com\/in\/ACoAAAqCWC0BDUFTMi0IJgEQYCE6jGZqzbQj9Mc\" target=\"_blank\" rel=\"noreferrer noopener nofollow\">Carolina Moresco<\/a> et <a href=\"https:\/\/www.linkedin.com\/in\/ACoAAANK2UABSvje-dEFN_gH5VTItn5MsIAer38\" target=\"_blank\" rel=\"noreferrer noopener nofollow\">Diogo Tabosa<\/a> .<\/p>\n\n\n\n<p>Nous remercions sinc\u00e8rement nos clients, coll\u00e8gues et partenaires pour leur confiance renouvel\u00e9e.<\/p>\n\n\n<div class=\"wp-block-image\">\n<figure class=\"aligncenter size-large\"><img loading=\"lazy\" decoding=\"async\" width=\"819\" height=\"1024\" src=\"https:\/\/www.gtlawyers.com.br\/site\/wp-content\/uploads\/post-gt-lawyers-analise-advocacia-regional-1080x1350-1-819x1024.png\" alt=\"\" class=\"wp-image-1608\" srcset=\"https:\/\/www.gtlawyers.com.br\/site\/wp-content\/uploads\/post-gt-lawyers-analise-advocacia-regional-1080x1350-1-819x1024.png 819w, https:\/\/www.gtlawyers.com.br\/site\/wp-content\/uploads\/post-gt-lawyers-analise-advocacia-regional-1080x1350-1-240x300.png 240w, https:\/\/www.gtlawyers.com.br\/site\/wp-content\/uploads\/post-gt-lawyers-analise-advocacia-regional-1080x1350-1-120x150.png 120w, https:\/\/www.gtlawyers.com.br\/site\/wp-content\/uploads\/post-gt-lawyers-analise-advocacia-regional-1080x1350-1-768x960.png 768w, https:\/\/www.gtlawyers.com.br\/site\/wp-content\/uploads\/post-gt-lawyers-analise-advocacia-regional-1080x1350-1-10x12.png 10w, https:\/\/www.gtlawyers.com.br\/site\/wp-content\/uploads\/post-gt-lawyers-analise-advocacia-regional-1080x1350-1.png 1080w\" sizes=\"auto, (max-width: 819px) 100vw, 819px\" \/><\/figure>\n<\/div>","protected":false},"excerpt":{"rendered":"<p>Temos o prazer de compartilhar um duplo reconhecimento do GTLawyers na publica\u00e7\u00e3o An\u00e1lise Regional \u2013 Advocacia 2025 que reconhece os profissionais mais admirados do mercado jur\u00eddico em suas respectivas regi\u00f5es. Por um lado, o escrit\u00f3rio foi citado entre os mais admirados da regi\u00e3o, reconhecimento que recebemos com satisfa\u00e7\u00e3o e que reflete o trabalho s\u00e9rio e [&hellip;]<\/p>\n","protected":false},"author":1,"featured_media":1608,"comment_status":"open","ping_status":"open","sticky":false,"template":"","format":"standard","meta":{"_acf_changed":false,"footnotes":""},"categories":[7],"tags":[],"class_list":["post-1607","post","type-post","status-publish","format-standard","has-post-thumbnail","hentry","category-noticia"],"acf":[],"yoast_head":"<!-- This site is optimized with the Yoast SEO plugin v27.5 - https:\/\/yoast.com\/product\/yoast-seo-wordpress\/ -->\n<title>Duplo reconhecimento do GTLawyers na An\u00e1lise Regional \u2013 Advocacia 2025 | GTLawyers | Escrit\u00f3rio boutique full-service<\/title>\n<meta name=\"robots\" content=\"index, follow, max-snippet:-1, max-image-preview:large, max-video-preview:-1\" \/>\n<link rel=\"canonical\" href=\"https:\/\/www.gtlawyers.com.br\/fr\/noticia\/duplo-reconhecimento-do-gtlawyers-na-analise-regional-advocacia-2025\/\" \/>\n<meta property=\"og:locale\" content=\"fr_FR\" \/>\n<meta property=\"og:type\" content=\"article\" \/>\n<meta property=\"og:title\" content=\"Duplo reconhecimento do GTLawyers na An\u00e1lise Regional \u2013 Advocacia 2025 | GTLawyers | Escrit\u00f3rio boutique full-service\" \/>\n<meta property=\"og:description\" content=\"Temos o prazer de compartilhar um duplo reconhecimento do GTLawyers na publica\u00e7\u00e3o An\u00e1lise Regional \u2013 Advocacia 2025 que reconhece os profissionais mais admirados do mercado jur\u00eddico em suas respectivas regi\u00f5es. Por um lado, o escrit\u00f3rio foi citado entre os mais admirados da regi\u00e3o, reconhecimento que recebemos com satisfa\u00e7\u00e3o e que reflete o trabalho s\u00e9rio e [&hellip;]\" \/>\n<meta property=\"og:url\" content=\"https:\/\/www.gtlawyers.com.br\/fr\/noticia\/duplo-reconhecimento-do-gtlawyers-na-analise-regional-advocacia-2025\/\" \/>\n<meta property=\"og:site_name\" content=\"GTLawyers | Escrit\u00f3rio boutique full-service\" \/>\n<meta property=\"article:published_time\" content=\"2025-07-12T18:03:05+00:00\" \/>\n<meta property=\"article:modified_time\" content=\"2025-07-12T18:11:36+00:00\" \/>\n<meta property=\"og:image\" content=\"https:\/\/www.gtlawyers.com.br\/site\/wp-content\/uploads\/post-gt-lawyers-analise-advocacia-regional-1080x1350-1-819x1024.png\" \/>\n\t<meta property=\"og:image:width\" content=\"819\" \/>\n\t<meta property=\"og:image:height\" content=\"1024\" \/>\n\t<meta property=\"og:image:type\" content=\"image\/png\" \/>\n<meta name=\"author\" content=\"planetaw\" \/>\n<meta name=\"twitter:card\" content=\"summary_large_image\" \/>\n<meta name=\"twitter:label1\" content=\"\u00c9crit par\" \/>\n\t<meta name=\"twitter:data1\" content=\"planetaw\" \/>\n\t<meta name=\"twitter:label2\" content=\"Dur\u00e9e de lecture estim\u00e9e\" \/>\n\t<meta name=\"twitter:data2\" content=\"2 minutes\" \/>\n<script type=\"application\/ld+json\" class=\"yoast-schema-graph\">{\"@context\":\"https:\\\/\\\/schema.org\",\"@graph\":[{\"@type\":\"Article\",\"@id\":\"https:\\\/\\\/www.gtlawyers.com.br\\\/noticia\\\/duplo-reconhecimento-do-gtlawyers-na-analise-regional-advocacia-2025\\\/#article\",\"isPartOf\":{\"@id\":\"https:\\\/\\\/www.gtlawyers.com.br\\\/noticia\\\/duplo-reconhecimento-do-gtlawyers-na-analise-regional-advocacia-2025\\\/\"},\"author\":{\"name\":\"planetaw\",\"@id\":\"https:\\\/\\\/www.gtlawyers.com.br\\\/#\\\/schema\\\/person\\\/445dbbc8624baa6cd74ffdc962062fea\"},\"headline\":\"Duplo reconhecimento do GTLawyers na An\u00e1lise Regional \u2013 Advocacia 2025\",\"datePublished\":\"2025-07-12T18:03:05+00:00\",\"dateModified\":\"2025-07-12T18:11:36+00:00\",\"mainEntityOfPage\":{\"@id\":\"https:\\\/\\\/www.gtlawyers.com.br\\\/noticia\\\/duplo-reconhecimento-do-gtlawyers-na-analise-regional-advocacia-2025\\\/\"},\"wordCount\":144,\"commentCount\":0,\"publisher\":{\"@id\":\"https:\\\/\\\/www.gtlawyers.com.br\\\/#organization\"},\"image\":{\"@id\":\"https:\\\/\\\/www.gtlawyers.com.br\\\/noticia\\\/duplo-reconhecimento-do-gtlawyers-na-analise-regional-advocacia-2025\\\/#primaryimage\"},\"thumbnailUrl\":\"https:\\\/\\\/www.gtlawyers.com.br\\\/site\\\/wp-content\\\/uploads\\\/post-gt-lawyers-analise-advocacia-regional-1080x1350-1.png\",\"articleSection\":[\"News\"],\"inLanguage\":\"fr-FR\",\"potentialAction\":[{\"@type\":\"CommentAction\",\"name\":\"Comment\",\"target\":[\"https:\\\/\\\/www.gtlawyers.com.br\\\/noticia\\\/duplo-reconhecimento-do-gtlawyers-na-analise-regional-advocacia-2025\\\/#respond\"]}]},{\"@type\":\"WebPage\",\"@id\":\"https:\\\/\\\/www.gtlawyers.com.br\\\/noticia\\\/duplo-reconhecimento-do-gtlawyers-na-analise-regional-advocacia-2025\\\/\",\"url\":\"https:\\\/\\\/www.gtlawyers.com.br\\\/noticia\\\/duplo-reconhecimento-do-gtlawyers-na-analise-regional-advocacia-2025\\\/\",\"name\":\"Duplo reconhecimento do GTLawyers na An\u00e1lise Regional \u2013 Advocacia 2025 | GTLawyers | Escrit\u00f3rio boutique full-service\",\"isPartOf\":{\"@id\":\"https:\\\/\\\/www.gtlawyers.com.br\\\/#website\"},\"primaryImageOfPage\":{\"@id\":\"https:\\\/\\\/www.gtlawyers.com.br\\\/noticia\\\/duplo-reconhecimento-do-gtlawyers-na-analise-regional-advocacia-2025\\\/#primaryimage\"},\"image\":{\"@id\":\"https:\\\/\\\/www.gtlawyers.com.br\\\/noticia\\\/duplo-reconhecimento-do-gtlawyers-na-analise-regional-advocacia-2025\\\/#primaryimage\"},\"thumbnailUrl\":\"https:\\\/\\\/www.gtlawyers.com.br\\\/site\\\/wp-content\\\/uploads\\\/post-gt-lawyers-analise-advocacia-regional-1080x1350-1.png\",\"datePublished\":\"2025-07-12T18:03:05+00:00\",\"dateModified\":\"2025-07-12T18:11:36+00:00\",\"breadcrumb\":{\"@id\":\"https:\\\/\\\/www.gtlawyers.com.br\\\/noticia\\\/duplo-reconhecimento-do-gtlawyers-na-analise-regional-advocacia-2025\\\/#breadcrumb\"},\"inLanguage\":\"fr-FR\",\"potentialAction\":[{\"@type\":\"ReadAction\",\"target\":[\"https:\\\/\\\/www.gtlawyers.com.br\\\/noticia\\\/duplo-reconhecimento-do-gtlawyers-na-analise-regional-advocacia-2025\\\/\"]}]},{\"@type\":\"ImageObject\",\"inLanguage\":\"fr-FR\",\"@id\":\"https:\\\/\\\/www.gtlawyers.com.br\\\/noticia\\\/duplo-reconhecimento-do-gtlawyers-na-analise-regional-advocacia-2025\\\/#primaryimage\",\"url\":\"https:\\\/\\\/www.gtlawyers.com.br\\\/site\\\/wp-content\\\/uploads\\\/post-gt-lawyers-analise-advocacia-regional-1080x1350-1.png\",\"contentUrl\":\"https:\\\/\\\/www.gtlawyers.com.br\\\/site\\\/wp-content\\\/uploads\\\/post-gt-lawyers-analise-advocacia-regional-1080x1350-1.png\",\"width\":1080,\"height\":1350},{\"@type\":\"BreadcrumbList\",\"@id\":\"https:\\\/\\\/www.gtlawyers.com.br\\\/noticia\\\/duplo-reconhecimento-do-gtlawyers-na-analise-regional-advocacia-2025\\\/#breadcrumb\",\"itemListElement\":[{\"@type\":\"ListItem\",\"position\":1,\"name\":\"In\u00edcio\",\"item\":\"https:\\\/\\\/www.gtlawyers.com.br\\\/\"},{\"@type\":\"ListItem\",\"position\":2,\"name\":\"Duplo reconhecimento do GTLawyers na An\u00e1lise Regional \u2013 Advocacia 2025\"}]},{\"@type\":\"WebSite\",\"@id\":\"https:\\\/\\\/www.gtlawyers.com.br\\\/#website\",\"url\":\"https:\\\/\\\/www.gtlawyers.com.br\\\/\",\"name\":\"GTLawyers | Escrit\u00f3rio boutique full-service\",\"description\":\"Escrit\u00f3rio de advocacia franco-brasileiro para empresas especializado em M&amp;A, direito societ\u00e1rio, tribut\u00e1rio, imobili\u00e1rio, contencioso e compliance\",\"publisher\":{\"@id\":\"https:\\\/\\\/www.gtlawyers.com.br\\\/#organization\"},\"alternateName\":\"GTLawyers\",\"potentialAction\":[{\"@type\":\"SearchAction\",\"target\":{\"@type\":\"EntryPoint\",\"urlTemplate\":\"https:\\\/\\\/www.gtlawyers.com.br\\\/?s={search_term_string}\"},\"query-input\":{\"@type\":\"PropertyValueSpecification\",\"valueRequired\":true,\"valueName\":\"search_term_string\"}}],\"inLanguage\":\"fr-FR\"},{\"@type\":\"Organization\",\"@id\":\"https:\\\/\\\/www.gtlawyers.com.br\\\/#organization\",\"name\":\"GTLawyers - Escrit\u00f3rio boutique full-service\",\"url\":\"https:\\\/\\\/www.gtlawyers.com.br\\\/\",\"logo\":{\"@type\":\"ImageObject\",\"inLanguage\":\"fr-FR\",\"@id\":\"https:\\\/\\\/www.gtlawyers.com.br\\\/#\\\/schema\\\/logo\\\/image\\\/\",\"url\":\"https:\\\/\\\/www.gtlawyers.com.br\\\/site\\\/wp-content\\\/uploads\\\/image-3.png\",\"contentUrl\":\"https:\\\/\\\/www.gtlawyers.com.br\\\/site\\\/wp-content\\\/uploads\\\/image-3.png\",\"width\":166,\"height\":44,\"caption\":\"GTLawyers - Escrit\u00f3rio boutique full-service\"},\"image\":{\"@id\":\"https:\\\/\\\/www.gtlawyers.com.br\\\/#\\\/schema\\\/logo\\\/image\\\/\"},\"sameAs\":[\"https:\\\/\\\/www.linkedin.com\\\/company\\\/gtlawyers\\\/mycompany\\\/\"]},{\"@type\":\"Person\",\"@id\":\"https:\\\/\\\/www.gtlawyers.com.br\\\/#\\\/schema\\\/person\\\/445dbbc8624baa6cd74ffdc962062fea\",\"name\":\"planetaw\",\"image\":{\"@type\":\"ImageObject\",\"inLanguage\":\"fr-FR\",\"@id\":\"https:\\\/\\\/secure.gravatar.com\\\/avatar\\\/a09e3105af0f28d7ee4ec00ff1c6f17e0e33f7aaf6253c730b912f62af0b331c?s=96&d=mm&r=g\",\"url\":\"https:\\\/\\\/secure.gravatar.com\\\/avatar\\\/a09e3105af0f28d7ee4ec00ff1c6f17e0e33f7aaf6253c730b912f62af0b331c?s=96&d=mm&r=g\",\"contentUrl\":\"https:\\\/\\\/secure.gravatar.com\\\/avatar\\\/a09e3105af0f28d7ee4ec00ff1c6f17e0e33f7aaf6253c730b912f62af0b331c?s=96&d=mm&r=g\",\"caption\":\"planetaw\"},\"sameAs\":[\"http:\\\/\\\/gtlawyers1.hospedagemdesites.ws\\\/site\"],\"url\":\"https:\\\/\\\/www.gtlawyers.com.br\\\/fr\\\/author\\\/planetaw\\\/\"}]}<\/script>\n<!-- \/ Yoast SEO plugin. -->","yoast_head_json":{"title":"Duplo reconhecimento do GTLawyers na An\u00e1lise Regional \u2013 Advocacia 2025 | GTLawyers | Escrit\u00f3rio boutique full-service","robots":{"index":"index","follow":"follow","max-snippet":"max-snippet:-1","max-image-preview":"max-image-preview:large","max-video-preview":"max-video-preview:-1"},"canonical":"https:\/\/www.gtlawyers.com.br\/fr\/noticia\/duplo-reconhecimento-do-gtlawyers-na-analise-regional-advocacia-2025\/","og_locale":"fr_FR","og_type":"article","og_title":"Duplo reconhecimento do GTLawyers na An\u00e1lise Regional \u2013 Advocacia 2025 | GTLawyers | Escrit\u00f3rio boutique full-service","og_description":"Temos o prazer de compartilhar um duplo reconhecimento do GTLawyers na publica\u00e7\u00e3o An\u00e1lise Regional \u2013 Advocacia 2025 que reconhece os profissionais mais admirados do mercado jur\u00eddico em suas respectivas regi\u00f5es. Por um lado, o escrit\u00f3rio foi citado entre os mais admirados da regi\u00e3o, reconhecimento que recebemos com satisfa\u00e7\u00e3o e que reflete o trabalho s\u00e9rio e [&hellip;]","og_url":"https:\/\/www.gtlawyers.com.br\/fr\/noticia\/duplo-reconhecimento-do-gtlawyers-na-analise-regional-advocacia-2025\/","og_site_name":"GTLawyers | Escrit\u00f3rio boutique full-service","article_published_time":"2025-07-12T18:03:05+00:00","article_modified_time":"2025-07-12T18:11:36+00:00","og_image":[{"width":819,"height":1024,"url":"https:\/\/www.gtlawyers.com.br\/site\/wp-content\/uploads\/post-gt-lawyers-analise-advocacia-regional-1080x1350-1-819x1024.png","type":"image\/png"}],"author":"planetaw","twitter_card":"summary_large_image","twitter_misc":{"\u00c9crit par":"planetaw","Dur\u00e9e de lecture estim\u00e9e":"2 minutes"},"schema":{"@context":"https:\/\/schema.org","@graph":[{"@type":"Article","@id":"https:\/\/www.gtlawyers.com.br\/noticia\/duplo-reconhecimento-do-gtlawyers-na-analise-regional-advocacia-2025\/#article","isPartOf":{"@id":"https:\/\/www.gtlawyers.com.br\/noticia\/duplo-reconhecimento-do-gtlawyers-na-analise-regional-advocacia-2025\/"},"author":{"name":"planetaw","@id":"https:\/\/www.gtlawyers.com.br\/#\/schema\/person\/445dbbc8624baa6cd74ffdc962062fea"},"headline":"Duplo reconhecimento do GTLawyers na An\u00e1lise Regional \u2013 Advocacia 2025","datePublished":"2025-07-12T18:03:05+00:00","dateModified":"2025-07-12T18:11:36+00:00","mainEntityOfPage":{"@id":"https:\/\/www.gtlawyers.com.br\/noticia\/duplo-reconhecimento-do-gtlawyers-na-analise-regional-advocacia-2025\/"},"wordCount":144,"commentCount":0,"publisher":{"@id":"https:\/\/www.gtlawyers.com.br\/#organization"},"image":{"@id":"https:\/\/www.gtlawyers.com.br\/noticia\/duplo-reconhecimento-do-gtlawyers-na-analise-regional-advocacia-2025\/#primaryimage"},"thumbnailUrl":"https:\/\/www.gtlawyers.com.br\/site\/wp-content\/uploads\/post-gt-lawyers-analise-advocacia-regional-1080x1350-1.png","articleSection":["News"],"inLanguage":"fr-FR","potentialAction":[{"@type":"CommentAction","name":"Comment","target":["https:\/\/www.gtlawyers.com.br\/noticia\/duplo-reconhecimento-do-gtlawyers-na-analise-regional-advocacia-2025\/#respond"]}]},{"@type":"WebPage","@id":"https:\/\/www.gtlawyers.com.br\/noticia\/duplo-reconhecimento-do-gtlawyers-na-analise-regional-advocacia-2025\/","url":"https:\/\/www.gtlawyers.com.br\/noticia\/duplo-reconhecimento-do-gtlawyers-na-analise-regional-advocacia-2025\/","name":"Duplo reconhecimento do GTLawyers na An\u00e1lise Regional \u2013 Advocacia 2025 | GTLawyers | Escrit\u00f3rio boutique full-service","isPartOf":{"@id":"https:\/\/www.gtlawyers.com.br\/#website"},"primaryImageOfPage":{"@id":"https:\/\/www.gtlawyers.com.br\/noticia\/duplo-reconhecimento-do-gtlawyers-na-analise-regional-advocacia-2025\/#primaryimage"},"image":{"@id":"https:\/\/www.gtlawyers.com.br\/noticia\/duplo-reconhecimento-do-gtlawyers-na-analise-regional-advocacia-2025\/#primaryimage"},"thumbnailUrl":"https:\/\/www.gtlawyers.com.br\/site\/wp-content\/uploads\/post-gt-lawyers-analise-advocacia-regional-1080x1350-1.png","datePublished":"2025-07-12T18:03:05+00:00","dateModified":"2025-07-12T18:11:36+00:00","breadcrumb":{"@id":"https:\/\/www.gtlawyers.com.br\/noticia\/duplo-reconhecimento-do-gtlawyers-na-analise-regional-advocacia-2025\/#breadcrumb"},"inLanguage":"fr-FR","potentialAction":[{"@type":"ReadAction","target":["https:\/\/www.gtlawyers.com.br\/noticia\/duplo-reconhecimento-do-gtlawyers-na-analise-regional-advocacia-2025\/"]}]},{"@type":"ImageObject","inLanguage":"fr-FR","@id":"https:\/\/www.gtlawyers.com.br\/noticia\/duplo-reconhecimento-do-gtlawyers-na-analise-regional-advocacia-2025\/#primaryimage","url":"https:\/\/www.gtlawyers.com.br\/site\/wp-content\/uploads\/post-gt-lawyers-analise-advocacia-regional-1080x1350-1.png","contentUrl":"https:\/\/www.gtlawyers.com.br\/site\/wp-content\/uploads\/post-gt-lawyers-analise-advocacia-regional-1080x1350-1.png","width":1080,"height":1350},{"@type":"BreadcrumbList","@id":"https:\/\/www.gtlawyers.com.br\/noticia\/duplo-reconhecimento-do-gtlawyers-na-analise-regional-advocacia-2025\/#breadcrumb","itemListElement":[{"@type":"ListItem","position":1,"name":"In\u00edcio","item":"https:\/\/www.gtlawyers.com.br\/"},{"@type":"ListItem","position":2,"name":"Duplo reconhecimento do GTLawyers na An\u00e1lise Regional \u2013 Advocacia 2025"}]},{"@type":"WebSite","@id":"https:\/\/www.gtlawyers.com.br\/#website","url":"https:\/\/www.gtlawyers.com.br\/","name":"GTLawyers | Escrit\u00f3rio boutique full-service","description":"Escrit\u00f3rio de advocacia franco-brasileiro para empresas especializado em M&amp;A, direito societ\u00e1rio, tribut\u00e1rio, imobili\u00e1rio, contencioso e compliance","publisher":{"@id":"https:\/\/www.gtlawyers.com.br\/#organization"},"alternateName":"GTLawyers","potentialAction":[{"@type":"SearchAction","target":{"@type":"EntryPoint","urlTemplate":"https:\/\/www.gtlawyers.com.br\/?s={search_term_string}"},"query-input":{"@type":"PropertyValueSpecification","valueRequired":true,"valueName":"search_term_string"}}],"inLanguage":"fr-FR"},{"@type":"Organization","@id":"https:\/\/www.gtlawyers.com.br\/#organization","name":"GTLawyers - Escrit\u00f3rio boutique full-service","url":"https:\/\/www.gtlawyers.com.br\/","logo":{"@type":"ImageObject","inLanguage":"fr-FR","@id":"https:\/\/www.gtlawyers.com.br\/#\/schema\/logo\/image\/","url":"https:\/\/www.gtlawyers.com.br\/site\/wp-content\/uploads\/image-3.png","contentUrl":"https:\/\/www.gtlawyers.com.br\/site\/wp-content\/uploads\/image-3.png","width":166,"height":44,"caption":"GTLawyers - Escrit\u00f3rio boutique full-service"},"image":{"@id":"https:\/\/www.gtlawyers.com.br\/#\/schema\/logo\/image\/"},"sameAs":["https:\/\/www.linkedin.com\/company\/gtlawyers\/mycompany\/"]},{"@type":"Person","@id":"https:\/\/www.gtlawyers.com.br\/#\/schema\/person\/445dbbc8624baa6cd74ffdc962062fea","name":"planetaw","image":{"@type":"ImageObject","inLanguage":"fr-FR","@id":"https:\/\/secure.gravatar.com\/avatar\/a09e3105af0f28d7ee4ec00ff1c6f17e0e33f7aaf6253c730b912f62af0b331c?s=96&d=mm&r=g","url":"https:\/\/secure.gravatar.com\/avatar\/a09e3105af0f28d7ee4ec00ff1c6f17e0e33f7aaf6253c730b912f62af0b331c?s=96&d=mm&r=g","contentUrl":"https:\/\/secure.gravatar.com\/avatar\/a09e3105af0f28d7ee4ec00ff1c6f17e0e33f7aaf6253c730b912f62af0b331c?s=96&d=mm&r=g","caption":"planetaw"},"sameAs":["http:\/\/gtlawyers1.hospedagemdesites.ws\/site"],"url":"https:\/\/www.gtlawyers.com.br\/fr\/author\/planetaw\/"}]}},"_links":{"self":[{"href":"https:\/\/www.gtlawyers.com.br\/fr\/wp-json\/wp\/v2\/posts\/1607","targetHints":{"allow":["GET"]}}],"collection":[{"href":"https:\/\/www.gtlawyers.com.br\/fr\/wp-json\/wp\/v2\/posts"}],"about":[{"href":"https:\/\/www.gtlawyers.com.br\/fr\/wp-json\/wp\/v2\/types\/post"}],"author":[{"embeddable":true,"href":"https:\/\/www.gtlawyers.com.br\/fr\/wp-json\/wp\/v2\/users\/1"}],"replies":[{"embeddable":true,"href":"https:\/\/www.gtlawyers.com.br\/fr\/wp-json\/wp\/v2\/comments?post=1607"}],"version-history":[{"count":6,"href":"https:\/\/www.gtlawyers.com.br\/fr\/wp-json\/wp\/v2\/posts\/1607\/revisions"}],"predecessor-version":[{"id":1616,"href":"https:\/\/www.gtlawyers.com.br\/fr\/wp-json\/wp\/v2\/posts\/1607\/revisions\/1616"}],"wp:featuredmedia":[{"embeddable":true,"href":"https:\/\/www.gtlawyers.com.br\/fr\/wp-json\/wp\/v2\/media\/1608"}],"wp:attachment":[{"href":"https:\/\/www.gtlawyers.com.br\/fr\/wp-json\/wp\/v2\/media?parent=1607"}],"wp:term":[{"taxonomy":"category","embeddable":true,"href":"https:\/\/www.gtlawyers.com.br\/fr\/wp-json\/wp\/v2\/categories?post=1607"},{"taxonomy":"post_tag","embeddable":true,"href":"https:\/\/www.gtlawyers.com.br\/fr\/wp-json\/wp\/v2\/tags?post=1607"}],"curies":[{"name":"wp","href":"https:\/\/api.w.org\/{rel}","templated":true}]}}