{"id":1738,"date":"2025-09-05T18:37:56","date_gmt":"2025-09-05T21:37:56","guid":{"rendered":"https:\/\/www.gtlawyers.com.br\/?p=1738"},"modified":"2025-09-15T19:23:56","modified_gmt":"2025-09-15T22:23:56","slug":"tamy-tanzilli-e-governador-do-amazonas-wilson-lima-em-dialogo-crucial-sobre-zona-franca-de-manaus-e-sustentabilidade-da-amazonia","status":"publish","type":"post","link":"https:\/\/www.gtlawyers.com.br\/fr\/noticia\/tamy-tanzilli-e-governador-do-amazonas-wilson-lima-em-dialogo-crucial-sobre-zona-franca-de-manaus-e-sustentabilidade-da-amazonia\/","title":{"rendered":"Tamy Tanzilli et le Gouverneur de l'Amazonas, Wilson Lima, en Dialogue Crucial sur la Zone Franche de Manaus et la Durabilit\u00e9 de l'Amazonie"},"content":{"rendered":"<p><a href=\"https:\/\/www.linkedin.com\/company\/gtlawyers\/\">GTLawyers<\/a> a eu le plaisir de participer au D\u00e9jeuner-D\u00e9bat organis\u00e9 par la <a href=\"https:\/\/www.linkedin.com\/company\/c-mara-de-com-rcio-fran-a-brasil-rj\/\">C\u00e2mara de Com\u00e9rcio Fran\u00e7a Brasil &#8211; CCIFB<\/a>, qui a accueilli le Gouverneur de l'Amazonas, Wilson Lima. <a href=\"https:\/\/www.linkedin.com\/in\/tamy-tanzilli-b1671316\/\">Tamy Tanzilli<\/a> a pris part \u00e0 cette rencontre importante, qui portait sur les \u00ab D\u00e9fis et Opportunit\u00e9s pour le D\u00e9veloppement Durable de l'Amazonie et l'Avenir de la Zone Franche de Manaus \u00bb, rassemblant des leaders pour d\u00e9battre d'\u00e9conomie, de durabilit\u00e9 et de coop\u00e9ration internationale.<br><br>La discussion autour du P\u00f4le Industriel de Manaus, de la Zone Franche et du potentiel de la bio\u00e9conomie rev\u00eat une grande importance pour les entreprises op\u00e9rant \u00e0 l\u2019\u00e9chelle nationale et internationale, s\u2019alignant sur notre expertise en op\u00e9rations complexes et notre vision \u00e0 long terme.<\/p>","protected":false},"excerpt":{"rendered":"<p>GTLawyers teve a satisfa\u00e7\u00e3o de marcar presen\u00e7a no Almo\u00e7o-Debate promovido pela C\u00e2mara de Com\u00e9rcio Fran\u00e7a Brasil &#8211; CCIFB, que recebeu o Governador do Amazonas, Wilson Lima. Tamy Tanzilli participou deste importante encontro, que abordou os &#8220;Desafios e Oportunidades para o Desenvolvimento Sustent\u00e1vel da Amaz\u00f4nia e o Futuro da Zona Franca de Manaus&#8221;, reunindo l\u00edderes para [&hellip;]<\/p>\n","protected":false},"author":8,"featured_media":1740,"comment_status":"open","ping_status":"open","sticky":false,"template":"","format":"standard","meta":{"_acf_changed":false,"footnotes":""},"categories":[7],"tags":[],"class_list":["post-1738","post","type-post","status-publish","format-standard","has-post-thumbnail","hentry","category-noticia"],"acf":[],"yoast_head":"<!-- This site is optimized with the Yoast SEO plugin v27.5 - https:\/\/yoast.com\/product\/yoast-seo-wordpress\/ -->\n<title>Tamy Tanzilli e Governador do Amazonas Wilson Lima em Di\u00e1logo Crucial sobre Zona Franca de Manaus e Sustentabilidade da Amaz\u00f4nia | GTLawyers | Escrit\u00f3rio boutique full-service<\/title>\n<meta name=\"robots\" content=\"index, follow, max-snippet:-1, max-image-preview:large, max-video-preview:-1\" \/>\n<link rel=\"canonical\" href=\"https:\/\/www.gtlawyers.com.br\/fr\/noticia\/tamy-tanzilli-e-governador-do-amazonas-wilson-lima-em-dialogo-crucial-sobre-zona-franca-de-manaus-e-sustentabilidade-da-amazonia\/\" \/>\n<meta property=\"og:locale\" content=\"fr_FR\" \/>\n<meta property=\"og:type\" content=\"article\" \/>\n<meta property=\"og:title\" content=\"Tamy Tanzilli e Governador do Amazonas Wilson Lima em Di\u00e1logo Crucial sobre Zona Franca de Manaus e Sustentabilidade da Amaz\u00f4nia | GTLawyers | Escrit\u00f3rio boutique full-service\" \/>\n<meta property=\"og:description\" content=\"GTLawyers teve a satisfa\u00e7\u00e3o de marcar presen\u00e7a no Almo\u00e7o-Debate promovido pela C\u00e2mara de Com\u00e9rcio Fran\u00e7a Brasil &#8211; CCIFB, que recebeu o Governador do Amazonas, Wilson Lima. Tamy Tanzilli participou deste importante encontro, que abordou os &#8220;Desafios e Oportunidades para o Desenvolvimento Sustent\u00e1vel da Amaz\u00f4nia e o Futuro da Zona Franca de Manaus&#8221;, reunindo l\u00edderes para [&hellip;]\" \/>\n<meta property=\"og:url\" content=\"https:\/\/www.gtlawyers.com.br\/fr\/noticia\/tamy-tanzilli-e-governador-do-amazonas-wilson-lima-em-dialogo-crucial-sobre-zona-franca-de-manaus-e-sustentabilidade-da-amazonia\/\" \/>\n<meta property=\"og:site_name\" content=\"GTLawyers | Escrit\u00f3rio boutique full-service\" \/>\n<meta property=\"article:published_time\" content=\"2025-09-05T21:37:56+00:00\" \/>\n<meta property=\"article:modified_time\" content=\"2025-09-15T22:23:56+00:00\" \/>\n<meta property=\"og:image\" content=\"https:\/\/www.gtlawyers.com.br\/site\/wp-content\/uploads\/amazonas-3.jpeg\" \/>\n\t<meta property=\"og:image:width\" content=\"2048\" \/>\n\t<meta property=\"og:image:height\" content=\"1365\" \/>\n\t<meta property=\"og:image:type\" content=\"image\/jpeg\" \/>\n<meta name=\"author\" content=\"ttanzilli\" \/>\n<meta name=\"twitter:card\" content=\"summary_large_image\" \/>\n<meta name=\"twitter:label1\" content=\"\u00c9crit par\" \/>\n\t<meta name=\"twitter:data1\" content=\"ttanzilli\" \/>\n\t<meta name=\"twitter:label2\" content=\"Dur\u00e9e de lecture estim\u00e9e\" \/>\n\t<meta name=\"twitter:data2\" content=\"1 minute\" \/>\n<script type=\"application\/ld+json\" class=\"yoast-schema-graph\">{\"@context\":\"https:\\\/\\\/schema.org\",\"@graph\":[{\"@type\":\"Article\",\"@id\":\"https:\\\/\\\/www.gtlawyers.com.br\\\/noticia\\\/tamy-tanzilli-e-governador-do-amazonas-wilson-lima-em-dialogo-crucial-sobre-zona-franca-de-manaus-e-sustentabilidade-da-amazonia\\\/#article\",\"isPartOf\":{\"@id\":\"https:\\\/\\\/www.gtlawyers.com.br\\\/noticia\\\/tamy-tanzilli-e-governador-do-amazonas-wilson-lima-em-dialogo-crucial-sobre-zona-franca-de-manaus-e-sustentabilidade-da-amazonia\\\/\"},\"author\":{\"name\":\"ttanzilli\",\"@id\":\"https:\\\/\\\/www.gtlawyers.com.br\\\/#\\\/schema\\\/person\\\/98e5d0d0df85fd7cef4aa9878da75a67\"},\"headline\":\"Tamy Tanzilli e Governador do Amazonas Wilson Lima em Di\u00e1logo Crucial sobre Zona Franca de Manaus e Sustentabilidade da Amaz\u00f4nia\",\"datePublished\":\"2025-09-05T21:37:56+00:00\",\"dateModified\":\"2025-09-15T22:23:56+00:00\",\"mainEntityOfPage\":{\"@id\":\"https:\\\/\\\/www.gtlawyers.com.br\\\/noticia\\\/tamy-tanzilli-e-governador-do-amazonas-wilson-lima-em-dialogo-crucial-sobre-zona-franca-de-manaus-e-sustentabilidade-da-amazonia\\\/\"},\"wordCount\":137,\"commentCount\":0,\"publisher\":{\"@id\":\"https:\\\/\\\/www.gtlawyers.com.br\\\/#organization\"},\"image\":{\"@id\":\"https:\\\/\\\/www.gtlawyers.com.br\\\/noticia\\\/tamy-tanzilli-e-governador-do-amazonas-wilson-lima-em-dialogo-crucial-sobre-zona-franca-de-manaus-e-sustentabilidade-da-amazonia\\\/#primaryimage\"},\"thumbnailUrl\":\"https:\\\/\\\/www.gtlawyers.com.br\\\/site\\\/wp-content\\\/uploads\\\/amazonas-3.jpeg\",\"articleSection\":[\"News\"],\"inLanguage\":\"fr-FR\",\"potentialAction\":[{\"@type\":\"CommentAction\",\"name\":\"Comment\",\"target\":[\"https:\\\/\\\/www.gtlawyers.com.br\\\/noticia\\\/tamy-tanzilli-e-governador-do-amazonas-wilson-lima-em-dialogo-crucial-sobre-zona-franca-de-manaus-e-sustentabilidade-da-amazonia\\\/#respond\"]}]},{\"@type\":\"WebPage\",\"@id\":\"https:\\\/\\\/www.gtlawyers.com.br\\\/noticia\\\/tamy-tanzilli-e-governador-do-amazonas-wilson-lima-em-dialogo-crucial-sobre-zona-franca-de-manaus-e-sustentabilidade-da-amazonia\\\/\",\"url\":\"https:\\\/\\\/www.gtlawyers.com.br\\\/noticia\\\/tamy-tanzilli-e-governador-do-amazonas-wilson-lima-em-dialogo-crucial-sobre-zona-franca-de-manaus-e-sustentabilidade-da-amazonia\\\/\",\"name\":\"Tamy Tanzilli e Governador do Amazonas Wilson Lima em Di\u00e1logo Crucial sobre Zona Franca de Manaus e Sustentabilidade da Amaz\u00f4nia | GTLawyers | Escrit\u00f3rio boutique full-service\",\"isPartOf\":{\"@id\":\"https:\\\/\\\/www.gtlawyers.com.br\\\/#website\"},\"primaryImageOfPage\":{\"@id\":\"https:\\\/\\\/www.gtlawyers.com.br\\\/noticia\\\/tamy-tanzilli-e-governador-do-amazonas-wilson-lima-em-dialogo-crucial-sobre-zona-franca-de-manaus-e-sustentabilidade-da-amazonia\\\/#primaryimage\"},\"image\":{\"@id\":\"https:\\\/\\\/www.gtlawyers.com.br\\\/noticia\\\/tamy-tanzilli-e-governador-do-amazonas-wilson-lima-em-dialogo-crucial-sobre-zona-franca-de-manaus-e-sustentabilidade-da-amazonia\\\/#primaryimage\"},\"thumbnailUrl\":\"https:\\\/\\\/www.gtlawyers.com.br\\\/site\\\/wp-content\\\/uploads\\\/amazonas-3.jpeg\",\"datePublished\":\"2025-09-05T21:37:56+00:00\",\"dateModified\":\"2025-09-15T22:23:56+00:00\",\"breadcrumb\":{\"@id\":\"https:\\\/\\\/www.gtlawyers.com.br\\\/noticia\\\/tamy-tanzilli-e-governador-do-amazonas-wilson-lima-em-dialogo-crucial-sobre-zona-franca-de-manaus-e-sustentabilidade-da-amazonia\\\/#breadcrumb\"},\"inLanguage\":\"fr-FR\",\"potentialAction\":[{\"@type\":\"ReadAction\",\"target\":[\"https:\\\/\\\/www.gtlawyers.com.br\\\/noticia\\\/tamy-tanzilli-e-governador-do-amazonas-wilson-lima-em-dialogo-crucial-sobre-zona-franca-de-manaus-e-sustentabilidade-da-amazonia\\\/\"]}]},{\"@type\":\"ImageObject\",\"inLanguage\":\"fr-FR\",\"@id\":\"https:\\\/\\\/www.gtlawyers.com.br\\\/noticia\\\/tamy-tanzilli-e-governador-do-amazonas-wilson-lima-em-dialogo-crucial-sobre-zona-franca-de-manaus-e-sustentabilidade-da-amazonia\\\/#primaryimage\",\"url\":\"https:\\\/\\\/www.gtlawyers.com.br\\\/site\\\/wp-content\\\/uploads\\\/amazonas-3.jpeg\",\"contentUrl\":\"https:\\\/\\\/www.gtlawyers.com.br\\\/site\\\/wp-content\\\/uploads\\\/amazonas-3.jpeg\",\"width\":2048,\"height\":1365},{\"@type\":\"BreadcrumbList\",\"@id\":\"https:\\\/\\\/www.gtlawyers.com.br\\\/noticia\\\/tamy-tanzilli-e-governador-do-amazonas-wilson-lima-em-dialogo-crucial-sobre-zona-franca-de-manaus-e-sustentabilidade-da-amazonia\\\/#breadcrumb\",\"itemListElement\":[{\"@type\":\"ListItem\",\"position\":1,\"name\":\"In\u00edcio\",\"item\":\"https:\\\/\\\/www.gtlawyers.com.br\\\/\"},{\"@type\":\"ListItem\",\"position\":2,\"name\":\"Tamy Tanzilli e Governador do Amazonas Wilson Lima em Di\u00e1logo Crucial sobre Zona Franca de Manaus e Sustentabilidade da Amaz\u00f4nia\"}]},{\"@type\":\"WebSite\",\"@id\":\"https:\\\/\\\/www.gtlawyers.com.br\\\/#website\",\"url\":\"https:\\\/\\\/www.gtlawyers.com.br\\\/\",\"name\":\"GTLawyers | Escrit\u00f3rio boutique full-service\",\"description\":\"Escrit\u00f3rio de advocacia franco-brasileiro para empresas especializado em M&amp;A, direito societ\u00e1rio, tribut\u00e1rio, imobili\u00e1rio, contencioso e compliance\",\"publisher\":{\"@id\":\"https:\\\/\\\/www.gtlawyers.com.br\\\/#organization\"},\"alternateName\":\"GTLawyers\",\"potentialAction\":[{\"@type\":\"SearchAction\",\"target\":{\"@type\":\"EntryPoint\",\"urlTemplate\":\"https:\\\/\\\/www.gtlawyers.com.br\\\/?s={search_term_string}\"},\"query-input\":{\"@type\":\"PropertyValueSpecification\",\"valueRequired\":true,\"valueName\":\"search_term_string\"}}],\"inLanguage\":\"fr-FR\"},{\"@type\":\"Organization\",\"@id\":\"https:\\\/\\\/www.gtlawyers.com.br\\\/#organization\",\"name\":\"GTLawyers - Escrit\u00f3rio boutique full-service\",\"url\":\"https:\\\/\\\/www.gtlawyers.com.br\\\/\",\"logo\":{\"@type\":\"ImageObject\",\"inLanguage\":\"fr-FR\",\"@id\":\"https:\\\/\\\/www.gtlawyers.com.br\\\/#\\\/schema\\\/logo\\\/image\\\/\",\"url\":\"https:\\\/\\\/www.gtlawyers.com.br\\\/site\\\/wp-content\\\/uploads\\\/image-3.png\",\"contentUrl\":\"https:\\\/\\\/www.gtlawyers.com.br\\\/site\\\/wp-content\\\/uploads\\\/image-3.png\",\"width\":166,\"height\":44,\"caption\":\"GTLawyers - Escrit\u00f3rio boutique full-service\"},\"image\":{\"@id\":\"https:\\\/\\\/www.gtlawyers.com.br\\\/#\\\/schema\\\/logo\\\/image\\\/\"},\"sameAs\":[\"https:\\\/\\\/www.linkedin.com\\\/company\\\/gtlawyers\\\/mycompany\\\/\"]},{\"@type\":\"Person\",\"@id\":\"https:\\\/\\\/www.gtlawyers.com.br\\\/#\\\/schema\\\/person\\\/98e5d0d0df85fd7cef4aa9878da75a67\",\"name\":\"ttanzilli\",\"image\":{\"@type\":\"ImageObject\",\"inLanguage\":\"fr-FR\",\"@id\":\"https:\\\/\\\/secure.gravatar.com\\\/avatar\\\/295df42180df022e821b6d822b06057b0d8a14abd7a2b2dc65a3001e88c99730?s=96&d=mm&r=g\",\"url\":\"https:\\\/\\\/secure.gravatar.com\\\/avatar\\\/295df42180df022e821b6d822b06057b0d8a14abd7a2b2dc65a3001e88c99730?s=96&d=mm&r=g\",\"contentUrl\":\"https:\\\/\\\/secure.gravatar.com\\\/avatar\\\/295df42180df022e821b6d822b06057b0d8a14abd7a2b2dc65a3001e88c99730?s=96&d=mm&r=g\",\"caption\":\"ttanzilli\"},\"url\":\"https:\\\/\\\/www.gtlawyers.com.br\\\/fr\\\/author\\\/ttanzilli\\\/\"}]}<\/script>\n<!-- \/ Yoast SEO plugin. -->","yoast_head_json":{"title":"Tamy Tanzilli e Governador do Amazonas Wilson Lima em Di\u00e1logo Crucial sobre Zona Franca de Manaus e Sustentabilidade da Amaz\u00f4nia | GTLawyers | Escrit\u00f3rio boutique full-service","robots":{"index":"index","follow":"follow","max-snippet":"max-snippet:-1","max-image-preview":"max-image-preview:large","max-video-preview":"max-video-preview:-1"},"canonical":"https:\/\/www.gtlawyers.com.br\/fr\/noticia\/tamy-tanzilli-e-governador-do-amazonas-wilson-lima-em-dialogo-crucial-sobre-zona-franca-de-manaus-e-sustentabilidade-da-amazonia\/","og_locale":"fr_FR","og_type":"article","og_title":"Tamy Tanzilli e Governador do Amazonas Wilson Lima em Di\u00e1logo Crucial sobre Zona Franca de Manaus e Sustentabilidade da Amaz\u00f4nia | GTLawyers | Escrit\u00f3rio boutique full-service","og_description":"GTLawyers teve a satisfa\u00e7\u00e3o de marcar presen\u00e7a no Almo\u00e7o-Debate promovido pela C\u00e2mara de Com\u00e9rcio Fran\u00e7a Brasil &#8211; CCIFB, que recebeu o Governador do Amazonas, Wilson Lima. Tamy Tanzilli participou deste importante encontro, que abordou os &#8220;Desafios e Oportunidades para o Desenvolvimento Sustent\u00e1vel da Amaz\u00f4nia e o Futuro da Zona Franca de Manaus&#8221;, reunindo l\u00edderes para [&hellip;]","og_url":"https:\/\/www.gtlawyers.com.br\/fr\/noticia\/tamy-tanzilli-e-governador-do-amazonas-wilson-lima-em-dialogo-crucial-sobre-zona-franca-de-manaus-e-sustentabilidade-da-amazonia\/","og_site_name":"GTLawyers | Escrit\u00f3rio boutique full-service","article_published_time":"2025-09-05T21:37:56+00:00","article_modified_time":"2025-09-15T22:23:56+00:00","og_image":[{"width":2048,"height":1365,"url":"https:\/\/www.gtlawyers.com.br\/site\/wp-content\/uploads\/amazonas-3.jpeg","type":"image\/jpeg"}],"author":"ttanzilli","twitter_card":"summary_large_image","twitter_misc":{"\u00c9crit par":"ttanzilli","Dur\u00e9e de lecture estim\u00e9e":"1 minute"},"schema":{"@context":"https:\/\/schema.org","@graph":[{"@type":"Article","@id":"https:\/\/www.gtlawyers.com.br\/noticia\/tamy-tanzilli-e-governador-do-amazonas-wilson-lima-em-dialogo-crucial-sobre-zona-franca-de-manaus-e-sustentabilidade-da-amazonia\/#article","isPartOf":{"@id":"https:\/\/www.gtlawyers.com.br\/noticia\/tamy-tanzilli-e-governador-do-amazonas-wilson-lima-em-dialogo-crucial-sobre-zona-franca-de-manaus-e-sustentabilidade-da-amazonia\/"},"author":{"name":"ttanzilli","@id":"https:\/\/www.gtlawyers.com.br\/#\/schema\/person\/98e5d0d0df85fd7cef4aa9878da75a67"},"headline":"Tamy Tanzilli e Governador do Amazonas Wilson Lima em Di\u00e1logo Crucial sobre Zona Franca de Manaus e Sustentabilidade da Amaz\u00f4nia","datePublished":"2025-09-05T21:37:56+00:00","dateModified":"2025-09-15T22:23:56+00:00","mainEntityOfPage":{"@id":"https:\/\/www.gtlawyers.com.br\/noticia\/tamy-tanzilli-e-governador-do-amazonas-wilson-lima-em-dialogo-crucial-sobre-zona-franca-de-manaus-e-sustentabilidade-da-amazonia\/"},"wordCount":137,"commentCount":0,"publisher":{"@id":"https:\/\/www.gtlawyers.com.br\/#organization"},"image":{"@id":"https:\/\/www.gtlawyers.com.br\/noticia\/tamy-tanzilli-e-governador-do-amazonas-wilson-lima-em-dialogo-crucial-sobre-zona-franca-de-manaus-e-sustentabilidade-da-amazonia\/#primaryimage"},"thumbnailUrl":"https:\/\/www.gtlawyers.com.br\/site\/wp-content\/uploads\/amazonas-3.jpeg","articleSection":["News"],"inLanguage":"fr-FR","potentialAction":[{"@type":"CommentAction","name":"Comment","target":["https:\/\/www.gtlawyers.com.br\/noticia\/tamy-tanzilli-e-governador-do-amazonas-wilson-lima-em-dialogo-crucial-sobre-zona-franca-de-manaus-e-sustentabilidade-da-amazonia\/#respond"]}]},{"@type":"WebPage","@id":"https:\/\/www.gtlawyers.com.br\/noticia\/tamy-tanzilli-e-governador-do-amazonas-wilson-lima-em-dialogo-crucial-sobre-zona-franca-de-manaus-e-sustentabilidade-da-amazonia\/","url":"https:\/\/www.gtlawyers.com.br\/noticia\/tamy-tanzilli-e-governador-do-amazonas-wilson-lima-em-dialogo-crucial-sobre-zona-franca-de-manaus-e-sustentabilidade-da-amazonia\/","name":"Tamy Tanzilli e Governador do Amazonas Wilson Lima em Di\u00e1logo Crucial sobre Zona Franca de Manaus e Sustentabilidade da Amaz\u00f4nia | GTLawyers | Escrit\u00f3rio boutique full-service","isPartOf":{"@id":"https:\/\/www.gtlawyers.com.br\/#website"},"primaryImageOfPage":{"@id":"https:\/\/www.gtlawyers.com.br\/noticia\/tamy-tanzilli-e-governador-do-amazonas-wilson-lima-em-dialogo-crucial-sobre-zona-franca-de-manaus-e-sustentabilidade-da-amazonia\/#primaryimage"},"image":{"@id":"https:\/\/www.gtlawyers.com.br\/noticia\/tamy-tanzilli-e-governador-do-amazonas-wilson-lima-em-dialogo-crucial-sobre-zona-franca-de-manaus-e-sustentabilidade-da-amazonia\/#primaryimage"},"thumbnailUrl":"https:\/\/www.gtlawyers.com.br\/site\/wp-content\/uploads\/amazonas-3.jpeg","datePublished":"2025-09-05T21:37:56+00:00","dateModified":"2025-09-15T22:23:56+00:00","breadcrumb":{"@id":"https:\/\/www.gtlawyers.com.br\/noticia\/tamy-tanzilli-e-governador-do-amazonas-wilson-lima-em-dialogo-crucial-sobre-zona-franca-de-manaus-e-sustentabilidade-da-amazonia\/#breadcrumb"},"inLanguage":"fr-FR","potentialAction":[{"@type":"ReadAction","target":["https:\/\/www.gtlawyers.com.br\/noticia\/tamy-tanzilli-e-governador-do-amazonas-wilson-lima-em-dialogo-crucial-sobre-zona-franca-de-manaus-e-sustentabilidade-da-amazonia\/"]}]},{"@type":"ImageObject","inLanguage":"fr-FR","@id":"https:\/\/www.gtlawyers.com.br\/noticia\/tamy-tanzilli-e-governador-do-amazonas-wilson-lima-em-dialogo-crucial-sobre-zona-franca-de-manaus-e-sustentabilidade-da-amazonia\/#primaryimage","url":"https:\/\/www.gtlawyers.com.br\/site\/wp-content\/uploads\/amazonas-3.jpeg","contentUrl":"https:\/\/www.gtlawyers.com.br\/site\/wp-content\/uploads\/amazonas-3.jpeg","width":2048,"height":1365},{"@type":"BreadcrumbList","@id":"https:\/\/www.gtlawyers.com.br\/noticia\/tamy-tanzilli-e-governador-do-amazonas-wilson-lima-em-dialogo-crucial-sobre-zona-franca-de-manaus-e-sustentabilidade-da-amazonia\/#breadcrumb","itemListElement":[{"@type":"ListItem","position":1,"name":"In\u00edcio","item":"https:\/\/www.gtlawyers.com.br\/"},{"@type":"ListItem","position":2,"name":"Tamy Tanzilli e Governador do Amazonas Wilson Lima em Di\u00e1logo Crucial sobre Zona Franca de Manaus e Sustentabilidade da Amaz\u00f4nia"}]},{"@type":"WebSite","@id":"https:\/\/www.gtlawyers.com.br\/#website","url":"https:\/\/www.gtlawyers.com.br\/","name":"GTLawyers | Escrit\u00f3rio boutique full-service","description":"Escrit\u00f3rio de advocacia franco-brasileiro para empresas especializado em M&amp;A, direito societ\u00e1rio, tribut\u00e1rio, imobili\u00e1rio, contencioso e compliance","publisher":{"@id":"https:\/\/www.gtlawyers.com.br\/#organization"},"alternateName":"GTLawyers","potentialAction":[{"@type":"SearchAction","target":{"@type":"EntryPoint","urlTemplate":"https:\/\/www.gtlawyers.com.br\/?s={search_term_string}"},"query-input":{"@type":"PropertyValueSpecification","valueRequired":true,"valueName":"search_term_string"}}],"inLanguage":"fr-FR"},{"@type":"Organization","@id":"https:\/\/www.gtlawyers.com.br\/#organization","name":"GTLawyers - Escrit\u00f3rio boutique full-service","url":"https:\/\/www.gtlawyers.com.br\/","logo":{"@type":"ImageObject","inLanguage":"fr-FR","@id":"https:\/\/www.gtlawyers.com.br\/#\/schema\/logo\/image\/","url":"https:\/\/www.gtlawyers.com.br\/site\/wp-content\/uploads\/image-3.png","contentUrl":"https:\/\/www.gtlawyers.com.br\/site\/wp-content\/uploads\/image-3.png","width":166,"height":44,"caption":"GTLawyers - Escrit\u00f3rio boutique full-service"},"image":{"@id":"https:\/\/www.gtlawyers.com.br\/#\/schema\/logo\/image\/"},"sameAs":["https:\/\/www.linkedin.com\/company\/gtlawyers\/mycompany\/"]},{"@type":"Person","@id":"https:\/\/www.gtlawyers.com.br\/#\/schema\/person\/98e5d0d0df85fd7cef4aa9878da75a67","name":"ttanzilli","image":{"@type":"ImageObject","inLanguage":"fr-FR","@id":"https:\/\/secure.gravatar.com\/avatar\/295df42180df022e821b6d822b06057b0d8a14abd7a2b2dc65a3001e88c99730?s=96&d=mm&r=g","url":"https:\/\/secure.gravatar.com\/avatar\/295df42180df022e821b6d822b06057b0d8a14abd7a2b2dc65a3001e88c99730?s=96&d=mm&r=g","contentUrl":"https:\/\/secure.gravatar.com\/avatar\/295df42180df022e821b6d822b06057b0d8a14abd7a2b2dc65a3001e88c99730?s=96&d=mm&r=g","caption":"ttanzilli"},"url":"https:\/\/www.gtlawyers.com.br\/fr\/author\/ttanzilli\/"}]}},"_links":{"self":[{"href":"https:\/\/www.gtlawyers.com.br\/fr\/wp-json\/wp\/v2\/posts\/1738","targetHints":{"allow":["GET"]}}],"collection":[{"href":"https:\/\/www.gtlawyers.com.br\/fr\/wp-json\/wp\/v2\/posts"}],"about":[{"href":"https:\/\/www.gtlawyers.com.br\/fr\/wp-json\/wp\/v2\/types\/post"}],"author":[{"embeddable":true,"href":"https:\/\/www.gtlawyers.com.br\/fr\/wp-json\/wp\/v2\/users\/8"}],"replies":[{"embeddable":true,"href":"https:\/\/www.gtlawyers.com.br\/fr\/wp-json\/wp\/v2\/comments?post=1738"}],"version-history":[{"count":4,"href":"https:\/\/www.gtlawyers.com.br\/fr\/wp-json\/wp\/v2\/posts\/1738\/revisions"}],"predecessor-version":[{"id":1872,"href":"https:\/\/www.gtlawyers.com.br\/fr\/wp-json\/wp\/v2\/posts\/1738\/revisions\/1872"}],"wp:featuredmedia":[{"embeddable":true,"href":"https:\/\/www.gtlawyers.com.br\/fr\/wp-json\/wp\/v2\/media\/1740"}],"wp:attachment":[{"href":"https:\/\/www.gtlawyers.com.br\/fr\/wp-json\/wp\/v2\/media?parent=1738"}],"wp:term":[{"taxonomy":"category","embeddable":true,"href":"https:\/\/www.gtlawyers.com.br\/fr\/wp-json\/wp\/v2\/categories?post=1738"},{"taxonomy":"post_tag","embeddable":true,"href":"https:\/\/www.gtlawyers.com.br\/fr\/wp-json\/wp\/v2\/tags?post=1738"}],"curies":[{"name":"wp","href":"https:\/\/api.w.org\/{rel}","templated":true}]}}