{"id":1753,"date":"2025-09-08T14:05:45","date_gmt":"2025-09-08T17:05:45","guid":{"rendered":"https:\/\/www.gtlawyers.com.br\/?p=1753"},"modified":"2025-09-15T19:24:29","modified_gmt":"2025-09-15T22:24:29","slug":"gtlawyers-e-prefeito-eduardo-paes-debatem-desenvolvimento-economico-do-rio-na-ccifb","status":"publish","type":"post","link":"https:\/\/www.gtlawyers.com.br\/fr\/noticia\/gtlawyers-e-prefeito-eduardo-paes-debatem-desenvolvimento-economico-do-rio-na-ccifb\/","title":{"rendered":"Le GTLawyers et le Maire Eduardo Paes D\u00e9battent du D\u00e9veloppement \u00c9conomique de Rio \u00e0 la CCIFB"},"content":{"rendered":"<p><a href=\"https:\/\/www.linkedin.com\/company\/gtlawyers\/\">GTLawyers<\/a> a eu le plaisir de marquer sa pr\u00e9sence \u00e0 un \u00e9v\u00e9nement d'une grande importance pour le panorama de Rio de Janeiro : le d\u00e9jeuner-d\u00e9bat de la <a href=\"https:\/\/www.linkedin.com\/company\/c-mara-de-com-rcio-fran-a-brasil-rj\/\">C\u00e2mara de Com\u00e9rcio Fran\u00e7a Brasil &#8211; CCIFB<\/a> avec le Maire de Rio de Janeiro, <a href=\"https:\/\/www.linkedin.com\/in\/eduardo-paes-6500aa137\/\">Eduardo Paes<\/a>. Notre associ\u00e9e, <a href=\"https:\/\/www.linkedin.com\/in\/abrunschwig\/\">Anne-Catherine Brunschwig<\/a>, \u00e9tait pr\u00e9sente, repr\u00e9sentant le cabinet dans cet important dialogue entre le secteur public et la communaut\u00e9 des affaires.<br><br>La rencontre avait pour objectif principal de discuter des strat\u00e9gies visant \u00e0 promouvoir le d\u00e9veloppement \u00e9conomique de Rio de Janeiro et de renforcer les liens entre le secteur priv\u00e9 et les autorit\u00e9s publiques.<br>\u00a0<br>Nous remercions <a href=\"https:\/\/www.linkedin.com\/company\/c-mara-de-com-rcio-fran-a-brasil-rj\/\">C\u00e2mara de Com\u00e9rcio Fran\u00e7a Brasil &#8211; CCIFB<\/a> pour l'organisation de cet \u00e9v\u00e9nement.<\/p>","protected":false},"excerpt":{"rendered":"<p>GTLawyers teve a satisfa\u00e7\u00e3o de marcar presen\u00e7a em um evento de grande relev\u00e2ncia para o cen\u00e1rio fluminense: o almo\u00e7o-debate da C\u00e2mara de Com\u00e9rcio Fran\u00e7a Brasil &#8211; CCIFB com o Prefeito do Rio de Janeiro, Eduardo Paes. Nossa s\u00f3cia, Anne-Catherine Brunschwig, esteve presente, representando o escrit\u00f3rio neste importante di\u00e1logo entre o setor p\u00fablico e a comunidade [&hellip;]<\/p>\n","protected":false},"author":8,"featured_media":1754,"comment_status":"open","ping_status":"open","sticky":false,"template":"","format":"standard","meta":{"_acf_changed":false,"footnotes":""},"categories":[7],"tags":[],"class_list":["post-1753","post","type-post","status-publish","format-standard","has-post-thumbnail","hentry","category-noticia"],"acf":[],"yoast_head":"<!-- This site is optimized with the Yoast SEO plugin v27.5 - https:\/\/yoast.com\/product\/yoast-seo-wordpress\/ -->\n<title>GTLawyers e Prefeito Eduardo Paes Debatem Desenvolvimento Econ\u00f4mico do Rio na CCIFB | GTLawyers | Escrit\u00f3rio boutique full-service<\/title>\n<meta name=\"robots\" content=\"index, follow, max-snippet:-1, max-image-preview:large, max-video-preview:-1\" \/>\n<link rel=\"canonical\" href=\"https:\/\/www.gtlawyers.com.br\/fr\/noticia\/gtlawyers-e-prefeito-eduardo-paes-debatem-desenvolvimento-economico-do-rio-na-ccifb\/\" \/>\n<meta property=\"og:locale\" content=\"fr_FR\" \/>\n<meta property=\"og:type\" content=\"article\" \/>\n<meta property=\"og:title\" content=\"GTLawyers e Prefeito Eduardo Paes Debatem Desenvolvimento Econ\u00f4mico do Rio na CCIFB | GTLawyers | Escrit\u00f3rio boutique full-service\" \/>\n<meta property=\"og:description\" content=\"GTLawyers teve a satisfa\u00e7\u00e3o de marcar presen\u00e7a em um evento de grande relev\u00e2ncia para o cen\u00e1rio fluminense: o almo\u00e7o-debate da C\u00e2mara de Com\u00e9rcio Fran\u00e7a Brasil &#8211; CCIFB com o Prefeito do Rio de Janeiro, Eduardo Paes. Nossa s\u00f3cia, Anne-Catherine Brunschwig, esteve presente, representando o escrit\u00f3rio neste importante di\u00e1logo entre o setor p\u00fablico e a comunidade [&hellip;]\" \/>\n<meta property=\"og:url\" content=\"https:\/\/www.gtlawyers.com.br\/fr\/noticia\/gtlawyers-e-prefeito-eduardo-paes-debatem-desenvolvimento-economico-do-rio-na-ccifb\/\" \/>\n<meta property=\"og:site_name\" content=\"GTLawyers | Escrit\u00f3rio boutique full-service\" \/>\n<meta property=\"article:published_time\" content=\"2025-09-08T17:05:45+00:00\" \/>\n<meta property=\"article:modified_time\" content=\"2025-09-15T22:24:29+00:00\" \/>\n<meta property=\"og:image\" content=\"https:\/\/www.gtlawyers.com.br\/site\/wp-content\/uploads\/dej-Anne.jpg\" \/>\n\t<meta property=\"og:image:width\" content=\"1600\" \/>\n\t<meta property=\"og:image:height\" content=\"1200\" \/>\n\t<meta property=\"og:image:type\" content=\"image\/jpeg\" \/>\n<meta name=\"author\" content=\"ttanzilli\" \/>\n<meta name=\"twitter:card\" content=\"summary_large_image\" \/>\n<meta name=\"twitter:label1\" content=\"\u00c9crit par\" \/>\n\t<meta name=\"twitter:data1\" content=\"ttanzilli\" \/>\n\t<meta name=\"twitter:label2\" content=\"Dur\u00e9e de lecture estim\u00e9e\" \/>\n\t<meta name=\"twitter:data2\" content=\"1 minute\" \/>\n<script type=\"application\/ld+json\" class=\"yoast-schema-graph\">{\"@context\":\"https:\\\/\\\/schema.org\",\"@graph\":[{\"@type\":\"Article\",\"@id\":\"https:\\\/\\\/www.gtlawyers.com.br\\\/noticia\\\/gtlawyers-e-prefeito-eduardo-paes-debatem-desenvolvimento-economico-do-rio-na-ccifb\\\/#article\",\"isPartOf\":{\"@id\":\"https:\\\/\\\/www.gtlawyers.com.br\\\/noticia\\\/gtlawyers-e-prefeito-eduardo-paes-debatem-desenvolvimento-economico-do-rio-na-ccifb\\\/\"},\"author\":{\"name\":\"ttanzilli\",\"@id\":\"https:\\\/\\\/www.gtlawyers.com.br\\\/#\\\/schema\\\/person\\\/98e5d0d0df85fd7cef4aa9878da75a67\"},\"headline\":\"GTLawyers e Prefeito Eduardo Paes Debatem Desenvolvimento Econ\u00f4mico do Rio na CCIFB\",\"datePublished\":\"2025-09-08T17:05:45+00:00\",\"dateModified\":\"2025-09-15T22:24:29+00:00\",\"mainEntityOfPage\":{\"@id\":\"https:\\\/\\\/www.gtlawyers.com.br\\\/noticia\\\/gtlawyers-e-prefeito-eduardo-paes-debatem-desenvolvimento-economico-do-rio-na-ccifb\\\/\"},\"wordCount\":132,\"commentCount\":0,\"publisher\":{\"@id\":\"https:\\\/\\\/www.gtlawyers.com.br\\\/#organization\"},\"image\":{\"@id\":\"https:\\\/\\\/www.gtlawyers.com.br\\\/noticia\\\/gtlawyers-e-prefeito-eduardo-paes-debatem-desenvolvimento-economico-do-rio-na-ccifb\\\/#primaryimage\"},\"thumbnailUrl\":\"https:\\\/\\\/www.gtlawyers.com.br\\\/site\\\/wp-content\\\/uploads\\\/dej-Anne.jpg\",\"articleSection\":[\"News\"],\"inLanguage\":\"fr-FR\",\"potentialAction\":[{\"@type\":\"CommentAction\",\"name\":\"Comment\",\"target\":[\"https:\\\/\\\/www.gtlawyers.com.br\\\/noticia\\\/gtlawyers-e-prefeito-eduardo-paes-debatem-desenvolvimento-economico-do-rio-na-ccifb\\\/#respond\"]}]},{\"@type\":\"WebPage\",\"@id\":\"https:\\\/\\\/www.gtlawyers.com.br\\\/noticia\\\/gtlawyers-e-prefeito-eduardo-paes-debatem-desenvolvimento-economico-do-rio-na-ccifb\\\/\",\"url\":\"https:\\\/\\\/www.gtlawyers.com.br\\\/noticia\\\/gtlawyers-e-prefeito-eduardo-paes-debatem-desenvolvimento-economico-do-rio-na-ccifb\\\/\",\"name\":\"GTLawyers e Prefeito Eduardo Paes Debatem Desenvolvimento Econ\u00f4mico do Rio na CCIFB | GTLawyers | Escrit\u00f3rio boutique full-service\",\"isPartOf\":{\"@id\":\"https:\\\/\\\/www.gtlawyers.com.br\\\/#website\"},\"primaryImageOfPage\":{\"@id\":\"https:\\\/\\\/www.gtlawyers.com.br\\\/noticia\\\/gtlawyers-e-prefeito-eduardo-paes-debatem-desenvolvimento-economico-do-rio-na-ccifb\\\/#primaryimage\"},\"image\":{\"@id\":\"https:\\\/\\\/www.gtlawyers.com.br\\\/noticia\\\/gtlawyers-e-prefeito-eduardo-paes-debatem-desenvolvimento-economico-do-rio-na-ccifb\\\/#primaryimage\"},\"thumbnailUrl\":\"https:\\\/\\\/www.gtlawyers.com.br\\\/site\\\/wp-content\\\/uploads\\\/dej-Anne.jpg\",\"datePublished\":\"2025-09-08T17:05:45+00:00\",\"dateModified\":\"2025-09-15T22:24:29+00:00\",\"breadcrumb\":{\"@id\":\"https:\\\/\\\/www.gtlawyers.com.br\\\/noticia\\\/gtlawyers-e-prefeito-eduardo-paes-debatem-desenvolvimento-economico-do-rio-na-ccifb\\\/#breadcrumb\"},\"inLanguage\":\"fr-FR\",\"potentialAction\":[{\"@type\":\"ReadAction\",\"target\":[\"https:\\\/\\\/www.gtlawyers.com.br\\\/noticia\\\/gtlawyers-e-prefeito-eduardo-paes-debatem-desenvolvimento-economico-do-rio-na-ccifb\\\/\"]}]},{\"@type\":\"ImageObject\",\"inLanguage\":\"fr-FR\",\"@id\":\"https:\\\/\\\/www.gtlawyers.com.br\\\/noticia\\\/gtlawyers-e-prefeito-eduardo-paes-debatem-desenvolvimento-economico-do-rio-na-ccifb\\\/#primaryimage\",\"url\":\"https:\\\/\\\/www.gtlawyers.com.br\\\/site\\\/wp-content\\\/uploads\\\/dej-Anne.jpg\",\"contentUrl\":\"https:\\\/\\\/www.gtlawyers.com.br\\\/site\\\/wp-content\\\/uploads\\\/dej-Anne.jpg\",\"width\":1600,\"height\":1200},{\"@type\":\"BreadcrumbList\",\"@id\":\"https:\\\/\\\/www.gtlawyers.com.br\\\/noticia\\\/gtlawyers-e-prefeito-eduardo-paes-debatem-desenvolvimento-economico-do-rio-na-ccifb\\\/#breadcrumb\",\"itemListElement\":[{\"@type\":\"ListItem\",\"position\":1,\"name\":\"In\u00edcio\",\"item\":\"https:\\\/\\\/www.gtlawyers.com.br\\\/\"},{\"@type\":\"ListItem\",\"position\":2,\"name\":\"GTLawyers e Prefeito Eduardo Paes Debatem Desenvolvimento Econ\u00f4mico do Rio na CCIFB\"}]},{\"@type\":\"WebSite\",\"@id\":\"https:\\\/\\\/www.gtlawyers.com.br\\\/#website\",\"url\":\"https:\\\/\\\/www.gtlawyers.com.br\\\/\",\"name\":\"GTLawyers | Escrit\u00f3rio boutique full-service\",\"description\":\"Escrit\u00f3rio de advocacia franco-brasileiro para empresas especializado em M&amp;A, direito societ\u00e1rio, tribut\u00e1rio, imobili\u00e1rio, contencioso e compliance\",\"publisher\":{\"@id\":\"https:\\\/\\\/www.gtlawyers.com.br\\\/#organization\"},\"alternateName\":\"GTLawyers\",\"potentialAction\":[{\"@type\":\"SearchAction\",\"target\":{\"@type\":\"EntryPoint\",\"urlTemplate\":\"https:\\\/\\\/www.gtlawyers.com.br\\\/?s={search_term_string}\"},\"query-input\":{\"@type\":\"PropertyValueSpecification\",\"valueRequired\":true,\"valueName\":\"search_term_string\"}}],\"inLanguage\":\"fr-FR\"},{\"@type\":\"Organization\",\"@id\":\"https:\\\/\\\/www.gtlawyers.com.br\\\/#organization\",\"name\":\"GTLawyers - Escrit\u00f3rio boutique full-service\",\"url\":\"https:\\\/\\\/www.gtlawyers.com.br\\\/\",\"logo\":{\"@type\":\"ImageObject\",\"inLanguage\":\"fr-FR\",\"@id\":\"https:\\\/\\\/www.gtlawyers.com.br\\\/#\\\/schema\\\/logo\\\/image\\\/\",\"url\":\"https:\\\/\\\/www.gtlawyers.com.br\\\/site\\\/wp-content\\\/uploads\\\/image-3.png\",\"contentUrl\":\"https:\\\/\\\/www.gtlawyers.com.br\\\/site\\\/wp-content\\\/uploads\\\/image-3.png\",\"width\":166,\"height\":44,\"caption\":\"GTLawyers - Escrit\u00f3rio boutique full-service\"},\"image\":{\"@id\":\"https:\\\/\\\/www.gtlawyers.com.br\\\/#\\\/schema\\\/logo\\\/image\\\/\"},\"sameAs\":[\"https:\\\/\\\/www.linkedin.com\\\/company\\\/gtlawyers\\\/mycompany\\\/\"]},{\"@type\":\"Person\",\"@id\":\"https:\\\/\\\/www.gtlawyers.com.br\\\/#\\\/schema\\\/person\\\/98e5d0d0df85fd7cef4aa9878da75a67\",\"name\":\"ttanzilli\",\"image\":{\"@type\":\"ImageObject\",\"inLanguage\":\"fr-FR\",\"@id\":\"https:\\\/\\\/secure.gravatar.com\\\/avatar\\\/295df42180df022e821b6d822b06057b0d8a14abd7a2b2dc65a3001e88c99730?s=96&d=mm&r=g\",\"url\":\"https:\\\/\\\/secure.gravatar.com\\\/avatar\\\/295df42180df022e821b6d822b06057b0d8a14abd7a2b2dc65a3001e88c99730?s=96&d=mm&r=g\",\"contentUrl\":\"https:\\\/\\\/secure.gravatar.com\\\/avatar\\\/295df42180df022e821b6d822b06057b0d8a14abd7a2b2dc65a3001e88c99730?s=96&d=mm&r=g\",\"caption\":\"ttanzilli\"},\"url\":\"https:\\\/\\\/www.gtlawyers.com.br\\\/fr\\\/author\\\/ttanzilli\\\/\"}]}<\/script>\n<!-- \/ Yoast SEO plugin. -->","yoast_head_json":{"title":"GTLawyers e Prefeito Eduardo Paes Debatem Desenvolvimento Econ\u00f4mico do Rio na CCIFB | GTLawyers | Escrit\u00f3rio boutique full-service","robots":{"index":"index","follow":"follow","max-snippet":"max-snippet:-1","max-image-preview":"max-image-preview:large","max-video-preview":"max-video-preview:-1"},"canonical":"https:\/\/www.gtlawyers.com.br\/fr\/noticia\/gtlawyers-e-prefeito-eduardo-paes-debatem-desenvolvimento-economico-do-rio-na-ccifb\/","og_locale":"fr_FR","og_type":"article","og_title":"GTLawyers e Prefeito Eduardo Paes Debatem Desenvolvimento Econ\u00f4mico do Rio na CCIFB | GTLawyers | Escrit\u00f3rio boutique full-service","og_description":"GTLawyers teve a satisfa\u00e7\u00e3o de marcar presen\u00e7a em um evento de grande relev\u00e2ncia para o cen\u00e1rio fluminense: o almo\u00e7o-debate da C\u00e2mara de Com\u00e9rcio Fran\u00e7a Brasil &#8211; CCIFB com o Prefeito do Rio de Janeiro, Eduardo Paes. Nossa s\u00f3cia, Anne-Catherine Brunschwig, esteve presente, representando o escrit\u00f3rio neste importante di\u00e1logo entre o setor p\u00fablico e a comunidade [&hellip;]","og_url":"https:\/\/www.gtlawyers.com.br\/fr\/noticia\/gtlawyers-e-prefeito-eduardo-paes-debatem-desenvolvimento-economico-do-rio-na-ccifb\/","og_site_name":"GTLawyers | Escrit\u00f3rio boutique full-service","article_published_time":"2025-09-08T17:05:45+00:00","article_modified_time":"2025-09-15T22:24:29+00:00","og_image":[{"width":1600,"height":1200,"url":"https:\/\/www.gtlawyers.com.br\/site\/wp-content\/uploads\/dej-Anne.jpg","type":"image\/jpeg"}],"author":"ttanzilli","twitter_card":"summary_large_image","twitter_misc":{"\u00c9crit par":"ttanzilli","Dur\u00e9e de lecture estim\u00e9e":"1 minute"},"schema":{"@context":"https:\/\/schema.org","@graph":[{"@type":"Article","@id":"https:\/\/www.gtlawyers.com.br\/noticia\/gtlawyers-e-prefeito-eduardo-paes-debatem-desenvolvimento-economico-do-rio-na-ccifb\/#article","isPartOf":{"@id":"https:\/\/www.gtlawyers.com.br\/noticia\/gtlawyers-e-prefeito-eduardo-paes-debatem-desenvolvimento-economico-do-rio-na-ccifb\/"},"author":{"name":"ttanzilli","@id":"https:\/\/www.gtlawyers.com.br\/#\/schema\/person\/98e5d0d0df85fd7cef4aa9878da75a67"},"headline":"GTLawyers e Prefeito Eduardo Paes Debatem Desenvolvimento Econ\u00f4mico do Rio na CCIFB","datePublished":"2025-09-08T17:05:45+00:00","dateModified":"2025-09-15T22:24:29+00:00","mainEntityOfPage":{"@id":"https:\/\/www.gtlawyers.com.br\/noticia\/gtlawyers-e-prefeito-eduardo-paes-debatem-desenvolvimento-economico-do-rio-na-ccifb\/"},"wordCount":132,"commentCount":0,"publisher":{"@id":"https:\/\/www.gtlawyers.com.br\/#organization"},"image":{"@id":"https:\/\/www.gtlawyers.com.br\/noticia\/gtlawyers-e-prefeito-eduardo-paes-debatem-desenvolvimento-economico-do-rio-na-ccifb\/#primaryimage"},"thumbnailUrl":"https:\/\/www.gtlawyers.com.br\/site\/wp-content\/uploads\/dej-Anne.jpg","articleSection":["News"],"inLanguage":"fr-FR","potentialAction":[{"@type":"CommentAction","name":"Comment","target":["https:\/\/www.gtlawyers.com.br\/noticia\/gtlawyers-e-prefeito-eduardo-paes-debatem-desenvolvimento-economico-do-rio-na-ccifb\/#respond"]}]},{"@type":"WebPage","@id":"https:\/\/www.gtlawyers.com.br\/noticia\/gtlawyers-e-prefeito-eduardo-paes-debatem-desenvolvimento-economico-do-rio-na-ccifb\/","url":"https:\/\/www.gtlawyers.com.br\/noticia\/gtlawyers-e-prefeito-eduardo-paes-debatem-desenvolvimento-economico-do-rio-na-ccifb\/","name":"GTLawyers e Prefeito Eduardo Paes Debatem Desenvolvimento Econ\u00f4mico do Rio na CCIFB | GTLawyers | Escrit\u00f3rio boutique full-service","isPartOf":{"@id":"https:\/\/www.gtlawyers.com.br\/#website"},"primaryImageOfPage":{"@id":"https:\/\/www.gtlawyers.com.br\/noticia\/gtlawyers-e-prefeito-eduardo-paes-debatem-desenvolvimento-economico-do-rio-na-ccifb\/#primaryimage"},"image":{"@id":"https:\/\/www.gtlawyers.com.br\/noticia\/gtlawyers-e-prefeito-eduardo-paes-debatem-desenvolvimento-economico-do-rio-na-ccifb\/#primaryimage"},"thumbnailUrl":"https:\/\/www.gtlawyers.com.br\/site\/wp-content\/uploads\/dej-Anne.jpg","datePublished":"2025-09-08T17:05:45+00:00","dateModified":"2025-09-15T22:24:29+00:00","breadcrumb":{"@id":"https:\/\/www.gtlawyers.com.br\/noticia\/gtlawyers-e-prefeito-eduardo-paes-debatem-desenvolvimento-economico-do-rio-na-ccifb\/#breadcrumb"},"inLanguage":"fr-FR","potentialAction":[{"@type":"ReadAction","target":["https:\/\/www.gtlawyers.com.br\/noticia\/gtlawyers-e-prefeito-eduardo-paes-debatem-desenvolvimento-economico-do-rio-na-ccifb\/"]}]},{"@type":"ImageObject","inLanguage":"fr-FR","@id":"https:\/\/www.gtlawyers.com.br\/noticia\/gtlawyers-e-prefeito-eduardo-paes-debatem-desenvolvimento-economico-do-rio-na-ccifb\/#primaryimage","url":"https:\/\/www.gtlawyers.com.br\/site\/wp-content\/uploads\/dej-Anne.jpg","contentUrl":"https:\/\/www.gtlawyers.com.br\/site\/wp-content\/uploads\/dej-Anne.jpg","width":1600,"height":1200},{"@type":"BreadcrumbList","@id":"https:\/\/www.gtlawyers.com.br\/noticia\/gtlawyers-e-prefeito-eduardo-paes-debatem-desenvolvimento-economico-do-rio-na-ccifb\/#breadcrumb","itemListElement":[{"@type":"ListItem","position":1,"name":"In\u00edcio","item":"https:\/\/www.gtlawyers.com.br\/"},{"@type":"ListItem","position":2,"name":"GTLawyers e Prefeito Eduardo Paes Debatem Desenvolvimento Econ\u00f4mico do Rio na CCIFB"}]},{"@type":"WebSite","@id":"https:\/\/www.gtlawyers.com.br\/#website","url":"https:\/\/www.gtlawyers.com.br\/","name":"GTLawyers | Escrit\u00f3rio boutique full-service","description":"Escrit\u00f3rio de advocacia franco-brasileiro para empresas especializado em M&amp;A, direito societ\u00e1rio, tribut\u00e1rio, imobili\u00e1rio, contencioso e compliance","publisher":{"@id":"https:\/\/www.gtlawyers.com.br\/#organization"},"alternateName":"GTLawyers","potentialAction":[{"@type":"SearchAction","target":{"@type":"EntryPoint","urlTemplate":"https:\/\/www.gtlawyers.com.br\/?s={search_term_string}"},"query-input":{"@type":"PropertyValueSpecification","valueRequired":true,"valueName":"search_term_string"}}],"inLanguage":"fr-FR"},{"@type":"Organization","@id":"https:\/\/www.gtlawyers.com.br\/#organization","name":"GTLawyers - Escrit\u00f3rio boutique full-service","url":"https:\/\/www.gtlawyers.com.br\/","logo":{"@type":"ImageObject","inLanguage":"fr-FR","@id":"https:\/\/www.gtlawyers.com.br\/#\/schema\/logo\/image\/","url":"https:\/\/www.gtlawyers.com.br\/site\/wp-content\/uploads\/image-3.png","contentUrl":"https:\/\/www.gtlawyers.com.br\/site\/wp-content\/uploads\/image-3.png","width":166,"height":44,"caption":"GTLawyers - Escrit\u00f3rio boutique full-service"},"image":{"@id":"https:\/\/www.gtlawyers.com.br\/#\/schema\/logo\/image\/"},"sameAs":["https:\/\/www.linkedin.com\/company\/gtlawyers\/mycompany\/"]},{"@type":"Person","@id":"https:\/\/www.gtlawyers.com.br\/#\/schema\/person\/98e5d0d0df85fd7cef4aa9878da75a67","name":"ttanzilli","image":{"@type":"ImageObject","inLanguage":"fr-FR","@id":"https:\/\/secure.gravatar.com\/avatar\/295df42180df022e821b6d822b06057b0d8a14abd7a2b2dc65a3001e88c99730?s=96&d=mm&r=g","url":"https:\/\/secure.gravatar.com\/avatar\/295df42180df022e821b6d822b06057b0d8a14abd7a2b2dc65a3001e88c99730?s=96&d=mm&r=g","contentUrl":"https:\/\/secure.gravatar.com\/avatar\/295df42180df022e821b6d822b06057b0d8a14abd7a2b2dc65a3001e88c99730?s=96&d=mm&r=g","caption":"ttanzilli"},"url":"https:\/\/www.gtlawyers.com.br\/fr\/author\/ttanzilli\/"}]}},"_links":{"self":[{"href":"https:\/\/www.gtlawyers.com.br\/fr\/wp-json\/wp\/v2\/posts\/1753","targetHints":{"allow":["GET"]}}],"collection":[{"href":"https:\/\/www.gtlawyers.com.br\/fr\/wp-json\/wp\/v2\/posts"}],"about":[{"href":"https:\/\/www.gtlawyers.com.br\/fr\/wp-json\/wp\/v2\/types\/post"}],"author":[{"embeddable":true,"href":"https:\/\/www.gtlawyers.com.br\/fr\/wp-json\/wp\/v2\/users\/8"}],"replies":[{"embeddable":true,"href":"https:\/\/www.gtlawyers.com.br\/fr\/wp-json\/wp\/v2\/comments?post=1753"}],"version-history":[{"count":2,"href":"https:\/\/www.gtlawyers.com.br\/fr\/wp-json\/wp\/v2\/posts\/1753\/revisions"}],"predecessor-version":[{"id":1873,"href":"https:\/\/www.gtlawyers.com.br\/fr\/wp-json\/wp\/v2\/posts\/1753\/revisions\/1873"}],"wp:featuredmedia":[{"embeddable":true,"href":"https:\/\/www.gtlawyers.com.br\/fr\/wp-json\/wp\/v2\/media\/1754"}],"wp:attachment":[{"href":"https:\/\/www.gtlawyers.com.br\/fr\/wp-json\/wp\/v2\/media?parent=1753"}],"wp:term":[{"taxonomy":"category","embeddable":true,"href":"https:\/\/www.gtlawyers.com.br\/fr\/wp-json\/wp\/v2\/categories?post=1753"},{"taxonomy":"post_tag","embeddable":true,"href":"https:\/\/www.gtlawyers.com.br\/fr\/wp-json\/wp\/v2\/tags?post=1753"}],"curies":[{"name":"wp","href":"https:\/\/api.w.org\/{rel}","templated":true}]}}