{"id":1844,"date":"2025-09-12T18:51:06","date_gmt":"2025-09-12T21:51:06","guid":{"rendered":"https:\/\/www.gtlawyers.com.br\/?p=1844"},"modified":"2025-09-12T18:51:07","modified_gmt":"2025-09-12T21:51:07","slug":"reforma-tributaria-em-foco-gtlawyers-presente-em-debate-da-belgalux","status":"publish","type":"post","link":"https:\/\/www.gtlawyers.com.br\/fr\/noticia\/reforma-tributaria-em-foco-gtlawyers-presente-em-debate-da-belgalux\/","title":{"rendered":"R\u00e9forme fiscale \u00e0 l\u2019honneur: GTLawyers pr\u00e9sent au d\u00e9bat de Belgalux"},"content":{"rendered":"<p>Le 9 septembre, <a href=\"https:\/\/www.linkedin.com\/company\/belgalux\/\">Belgalux<\/a> a organis\u00e9 \u00e0 S\u00e3o Paulo le s\u00e9minaire \u00ab R\u00e9forme fiscale: comment se pr\u00e9parer \u00e0 la transition et \u00e0 ses impacts \u00bb. L\u2019\u00e9v\u00e9nement a r\u00e9uni des sp\u00e9cialistes, des membres et des partenaires pour d\u00e9battre des transformations du syst\u00e8me fiscal br\u00e9silien, avec une ouverture sp\u00e9ciale de la consule g\u00e9n\u00e9rale de Belgique \u00e0 S\u00e3o Paulo, <a href=\"https:\/\/www.linkedin.com\/in\/valentine-mangez-95649980\/\">Valentine Mangez<\/a>.<br><br>Notre associ\u00e9 en droit fiscal, <a href=\"https:\/\/www.linkedin.com\/in\/estev%C3%A3o-gross-b262b8\/\">Estev\u00e3o Gross<\/a>, est intervenu en tant qu\u2019orateur, partageant des analyses approfondies sur les impacts internationaux de la r\u00e9forme fiscale et sur la situation des cr\u00e9dits accumul\u00e9s.<br><br>Nous remercions Belgalux et Swedcham pour l\u2019organisation de cet \u00e9v\u00e9nement de grande pertinence.<\/p>","protected":false},"excerpt":{"rendered":"<p>No dia 9 de setembro, a Belgalux realizou em S\u00e3o Paulo o semin\u00e1rio &#8220;Reforma Tribut\u00e1ria: como se preparar para a transi\u00e7\u00e3o e seus impactos&#8221;. O evento reuniu especialistas, associados e parceiros para debater as transforma\u00e7\u00f5es no sistema tribut\u00e1rio brasileiro, contando com uma abertura especial da C\u00f4nsul-Geral da B\u00e9lgica em S\u00e3o Paulo, Valentine Mangez. Nosso s\u00f3cio [&hellip;]<\/p>\n","protected":false},"author":8,"featured_media":1846,"comment_status":"open","ping_status":"open","sticky":false,"template":"","format":"standard","meta":{"_acf_changed":false,"footnotes":""},"categories":[7],"tags":[],"class_list":["post-1844","post","type-post","status-publish","format-standard","has-post-thumbnail","hentry","category-noticia"],"acf":[],"yoast_head":"<!-- This site is optimized with the Yoast SEO plugin v27.5 - https:\/\/yoast.com\/product\/yoast-seo-wordpress\/ -->\n<title>Reforma Tribut\u00e1ria em Foco: GTLawyers Presente em Debate da Belgalux | GTLawyers | Escrit\u00f3rio boutique full-service<\/title>\n<meta name=\"description\" content=\"No dia 9 de setembro, a Belgalux realizou em S\u00e3o Paulo o semin\u00e1rio &quot;Reforma Tribut\u00e1ria: como se preparar para a transi\u00e7\u00e3o e seus impactos&quot;. O evento reuniu especialistas, associados e parceiros para debater as transforma\u00e7\u00f5es no sistema tribut\u00e1rio brasileiro, contando com uma abertura especial da C\u00f4nsul-Geral da B\u00e9lgica em S\u00e3o Paulo, Valentine Mangez.\" \/>\n<meta name=\"robots\" content=\"index, follow, max-snippet:-1, max-image-preview:large, max-video-preview:-1\" \/>\n<link rel=\"canonical\" href=\"https:\/\/www.gtlawyers.com.br\/fr\/noticia\/reforma-tributaria-em-foco-gtlawyers-presente-em-debate-da-belgalux\/\" \/>\n<meta property=\"og:locale\" content=\"fr_FR\" \/>\n<meta property=\"og:type\" content=\"article\" \/>\n<meta property=\"og:title\" content=\"Reforma Tribut\u00e1ria em Foco: GTLawyers Presente em Debate da Belgalux | GTLawyers | Escrit\u00f3rio boutique full-service\" \/>\n<meta property=\"og:description\" content=\"No dia 9 de setembro, a Belgalux realizou em S\u00e3o Paulo o semin\u00e1rio &quot;Reforma Tribut\u00e1ria: como se preparar para a transi\u00e7\u00e3o e seus impactos&quot;. O evento reuniu especialistas, associados e parceiros para debater as transforma\u00e7\u00f5es no sistema tribut\u00e1rio brasileiro, contando com uma abertura especial da C\u00f4nsul-Geral da B\u00e9lgica em S\u00e3o Paulo, Valentine Mangez.\" \/>\n<meta property=\"og:url\" content=\"https:\/\/www.gtlawyers.com.br\/fr\/noticia\/reforma-tributaria-em-foco-gtlawyers-presente-em-debate-da-belgalux\/\" \/>\n<meta property=\"og:site_name\" content=\"GTLawyers | Escrit\u00f3rio boutique full-service\" \/>\n<meta property=\"article:published_time\" content=\"2025-09-12T21:51:06+00:00\" \/>\n<meta property=\"article:modified_time\" content=\"2025-09-12T21:51:07+00:00\" \/>\n<meta property=\"og:image\" content=\"https:\/\/www.gtlawyers.com.br\/site\/wp-content\/uploads\/belgalux-trib4-e1757713473124.jpeg\" \/>\n\t<meta property=\"og:image:width\" content=\"1278\" \/>\n\t<meta property=\"og:image:height\" content=\"910\" \/>\n\t<meta property=\"og:image:type\" content=\"image\/jpeg\" \/>\n<meta name=\"author\" content=\"ttanzilli\" \/>\n<meta name=\"twitter:card\" content=\"summary_large_image\" \/>\n<meta name=\"twitter:label1\" content=\"\u00c9crit par\" \/>\n\t<meta name=\"twitter:data1\" content=\"ttanzilli\" \/>\n\t<meta name=\"twitter:label2\" content=\"Dur\u00e9e de lecture estim\u00e9e\" \/>\n\t<meta name=\"twitter:data2\" content=\"1 minute\" \/>\n<script type=\"application\/ld+json\" class=\"yoast-schema-graph\">{\"@context\":\"https:\\\/\\\/schema.org\",\"@graph\":[{\"@type\":\"Article\",\"@id\":\"https:\\\/\\\/www.gtlawyers.com.br\\\/noticia\\\/reforma-tributaria-em-foco-gtlawyers-presente-em-debate-da-belgalux\\\/#article\",\"isPartOf\":{\"@id\":\"https:\\\/\\\/www.gtlawyers.com.br\\\/noticia\\\/reforma-tributaria-em-foco-gtlawyers-presente-em-debate-da-belgalux\\\/\"},\"author\":{\"name\":\"ttanzilli\",\"@id\":\"https:\\\/\\\/www.gtlawyers.com.br\\\/#\\\/schema\\\/person\\\/98e5d0d0df85fd7cef4aa9878da75a67\"},\"headline\":\"Reforma Tribut\u00e1ria em Foco: GTLawyers Presente em Debate da Belgalux\",\"datePublished\":\"2025-09-12T21:51:06+00:00\",\"dateModified\":\"2025-09-12T21:51:07+00:00\",\"mainEntityOfPage\":{\"@id\":\"https:\\\/\\\/www.gtlawyers.com.br\\\/noticia\\\/reforma-tributaria-em-foco-gtlawyers-presente-em-debate-da-belgalux\\\/\"},\"wordCount\":118,\"commentCount\":0,\"publisher\":{\"@id\":\"https:\\\/\\\/www.gtlawyers.com.br\\\/#organization\"},\"image\":{\"@id\":\"https:\\\/\\\/www.gtlawyers.com.br\\\/noticia\\\/reforma-tributaria-em-foco-gtlawyers-presente-em-debate-da-belgalux\\\/#primaryimage\"},\"thumbnailUrl\":\"https:\\\/\\\/www.gtlawyers.com.br\\\/site\\\/wp-content\\\/uploads\\\/belgalux-trib4-e1757713473124.jpeg\",\"articleSection\":[\"News\"],\"inLanguage\":\"fr-FR\",\"potentialAction\":[{\"@type\":\"CommentAction\",\"name\":\"Comment\",\"target\":[\"https:\\\/\\\/www.gtlawyers.com.br\\\/noticia\\\/reforma-tributaria-em-foco-gtlawyers-presente-em-debate-da-belgalux\\\/#respond\"]}]},{\"@type\":\"WebPage\",\"@id\":\"https:\\\/\\\/www.gtlawyers.com.br\\\/noticia\\\/reforma-tributaria-em-foco-gtlawyers-presente-em-debate-da-belgalux\\\/\",\"url\":\"https:\\\/\\\/www.gtlawyers.com.br\\\/noticia\\\/reforma-tributaria-em-foco-gtlawyers-presente-em-debate-da-belgalux\\\/\",\"name\":\"Reforma Tribut\u00e1ria em Foco: GTLawyers Presente em Debate da Belgalux | GTLawyers | Escrit\u00f3rio boutique full-service\",\"isPartOf\":{\"@id\":\"https:\\\/\\\/www.gtlawyers.com.br\\\/#website\"},\"primaryImageOfPage\":{\"@id\":\"https:\\\/\\\/www.gtlawyers.com.br\\\/noticia\\\/reforma-tributaria-em-foco-gtlawyers-presente-em-debate-da-belgalux\\\/#primaryimage\"},\"image\":{\"@id\":\"https:\\\/\\\/www.gtlawyers.com.br\\\/noticia\\\/reforma-tributaria-em-foco-gtlawyers-presente-em-debate-da-belgalux\\\/#primaryimage\"},\"thumbnailUrl\":\"https:\\\/\\\/www.gtlawyers.com.br\\\/site\\\/wp-content\\\/uploads\\\/belgalux-trib4-e1757713473124.jpeg\",\"datePublished\":\"2025-09-12T21:51:06+00:00\",\"dateModified\":\"2025-09-12T21:51:07+00:00\",\"description\":\"No dia 9 de setembro, a Belgalux realizou em S\u00e3o Paulo o semin\u00e1rio \\\"Reforma Tribut\u00e1ria: como se preparar para a transi\u00e7\u00e3o e seus impactos\\\". O evento reuniu especialistas, associados e parceiros para debater as transforma\u00e7\u00f5es no sistema tribut\u00e1rio brasileiro, contando com uma abertura especial da C\u00f4nsul-Geral da B\u00e9lgica em S\u00e3o Paulo, Valentine Mangez.\",\"breadcrumb\":{\"@id\":\"https:\\\/\\\/www.gtlawyers.com.br\\\/noticia\\\/reforma-tributaria-em-foco-gtlawyers-presente-em-debate-da-belgalux\\\/#breadcrumb\"},\"inLanguage\":\"fr-FR\",\"potentialAction\":[{\"@type\":\"ReadAction\",\"target\":[\"https:\\\/\\\/www.gtlawyers.com.br\\\/noticia\\\/reforma-tributaria-em-foco-gtlawyers-presente-em-debate-da-belgalux\\\/\"]}]},{\"@type\":\"ImageObject\",\"inLanguage\":\"fr-FR\",\"@id\":\"https:\\\/\\\/www.gtlawyers.com.br\\\/noticia\\\/reforma-tributaria-em-foco-gtlawyers-presente-em-debate-da-belgalux\\\/#primaryimage\",\"url\":\"https:\\\/\\\/www.gtlawyers.com.br\\\/site\\\/wp-content\\\/uploads\\\/belgalux-trib4-e1757713473124.jpeg\",\"contentUrl\":\"https:\\\/\\\/www.gtlawyers.com.br\\\/site\\\/wp-content\\\/uploads\\\/belgalux-trib4-e1757713473124.jpeg\",\"width\":1278,\"height\":910},{\"@type\":\"BreadcrumbList\",\"@id\":\"https:\\\/\\\/www.gtlawyers.com.br\\\/noticia\\\/reforma-tributaria-em-foco-gtlawyers-presente-em-debate-da-belgalux\\\/#breadcrumb\",\"itemListElement\":[{\"@type\":\"ListItem\",\"position\":1,\"name\":\"In\u00edcio\",\"item\":\"https:\\\/\\\/www.gtlawyers.com.br\\\/\"},{\"@type\":\"ListItem\",\"position\":2,\"name\":\"Reforma Tribut\u00e1ria em Foco: GTLawyers Presente em Debate da Belgalux\"}]},{\"@type\":\"WebSite\",\"@id\":\"https:\\\/\\\/www.gtlawyers.com.br\\\/#website\",\"url\":\"https:\\\/\\\/www.gtlawyers.com.br\\\/\",\"name\":\"GTLawyers | Escrit\u00f3rio boutique full-service\",\"description\":\"Escrit\u00f3rio de advocacia franco-brasileiro para empresas especializado em M&amp;A, direito societ\u00e1rio, tribut\u00e1rio, imobili\u00e1rio, contencioso e compliance\",\"publisher\":{\"@id\":\"https:\\\/\\\/www.gtlawyers.com.br\\\/#organization\"},\"alternateName\":\"GTLawyers\",\"potentialAction\":[{\"@type\":\"SearchAction\",\"target\":{\"@type\":\"EntryPoint\",\"urlTemplate\":\"https:\\\/\\\/www.gtlawyers.com.br\\\/?s={search_term_string}\"},\"query-input\":{\"@type\":\"PropertyValueSpecification\",\"valueRequired\":true,\"valueName\":\"search_term_string\"}}],\"inLanguage\":\"fr-FR\"},{\"@type\":\"Organization\",\"@id\":\"https:\\\/\\\/www.gtlawyers.com.br\\\/#organization\",\"name\":\"GTLawyers - Escrit\u00f3rio boutique full-service\",\"url\":\"https:\\\/\\\/www.gtlawyers.com.br\\\/\",\"logo\":{\"@type\":\"ImageObject\",\"inLanguage\":\"fr-FR\",\"@id\":\"https:\\\/\\\/www.gtlawyers.com.br\\\/#\\\/schema\\\/logo\\\/image\\\/\",\"url\":\"https:\\\/\\\/www.gtlawyers.com.br\\\/site\\\/wp-content\\\/uploads\\\/image-3.png\",\"contentUrl\":\"https:\\\/\\\/www.gtlawyers.com.br\\\/site\\\/wp-content\\\/uploads\\\/image-3.png\",\"width\":166,\"height\":44,\"caption\":\"GTLawyers - Escrit\u00f3rio boutique full-service\"},\"image\":{\"@id\":\"https:\\\/\\\/www.gtlawyers.com.br\\\/#\\\/schema\\\/logo\\\/image\\\/\"},\"sameAs\":[\"https:\\\/\\\/www.linkedin.com\\\/company\\\/gtlawyers\\\/mycompany\\\/\"]},{\"@type\":\"Person\",\"@id\":\"https:\\\/\\\/www.gtlawyers.com.br\\\/#\\\/schema\\\/person\\\/98e5d0d0df85fd7cef4aa9878da75a67\",\"name\":\"ttanzilli\",\"image\":{\"@type\":\"ImageObject\",\"inLanguage\":\"fr-FR\",\"@id\":\"https:\\\/\\\/secure.gravatar.com\\\/avatar\\\/295df42180df022e821b6d822b06057b0d8a14abd7a2b2dc65a3001e88c99730?s=96&d=mm&r=g\",\"url\":\"https:\\\/\\\/secure.gravatar.com\\\/avatar\\\/295df42180df022e821b6d822b06057b0d8a14abd7a2b2dc65a3001e88c99730?s=96&d=mm&r=g\",\"contentUrl\":\"https:\\\/\\\/secure.gravatar.com\\\/avatar\\\/295df42180df022e821b6d822b06057b0d8a14abd7a2b2dc65a3001e88c99730?s=96&d=mm&r=g\",\"caption\":\"ttanzilli\"},\"url\":\"https:\\\/\\\/www.gtlawyers.com.br\\\/fr\\\/author\\\/ttanzilli\\\/\"}]}<\/script>\n<!-- \/ Yoast SEO plugin. -->","yoast_head_json":{"title":"Reforma Tribut\u00e1ria em Foco: GTLawyers Presente em Debate da Belgalux | GTLawyers | Escrit\u00f3rio boutique full-service","description":"No dia 9 de setembro, a Belgalux realizou em S\u00e3o Paulo o semin\u00e1rio \"Reforma Tribut\u00e1ria: como se preparar para a transi\u00e7\u00e3o e seus impactos\". O evento reuniu especialistas, associados e parceiros para debater as transforma\u00e7\u00f5es no sistema tribut\u00e1rio brasileiro, contando com uma abertura especial da C\u00f4nsul-Geral da B\u00e9lgica em S\u00e3o Paulo, Valentine Mangez.","robots":{"index":"index","follow":"follow","max-snippet":"max-snippet:-1","max-image-preview":"max-image-preview:large","max-video-preview":"max-video-preview:-1"},"canonical":"https:\/\/www.gtlawyers.com.br\/fr\/noticia\/reforma-tributaria-em-foco-gtlawyers-presente-em-debate-da-belgalux\/","og_locale":"fr_FR","og_type":"article","og_title":"Reforma Tribut\u00e1ria em Foco: GTLawyers Presente em Debate da Belgalux | GTLawyers | Escrit\u00f3rio boutique full-service","og_description":"No dia 9 de setembro, a Belgalux realizou em S\u00e3o Paulo o semin\u00e1rio \"Reforma Tribut\u00e1ria: como se preparar para a transi\u00e7\u00e3o e seus impactos\". O evento reuniu especialistas, associados e parceiros para debater as transforma\u00e7\u00f5es no sistema tribut\u00e1rio brasileiro, contando com uma abertura especial da C\u00f4nsul-Geral da B\u00e9lgica em S\u00e3o Paulo, Valentine Mangez.","og_url":"https:\/\/www.gtlawyers.com.br\/fr\/noticia\/reforma-tributaria-em-foco-gtlawyers-presente-em-debate-da-belgalux\/","og_site_name":"GTLawyers | Escrit\u00f3rio boutique full-service","article_published_time":"2025-09-12T21:51:06+00:00","article_modified_time":"2025-09-12T21:51:07+00:00","og_image":[{"width":1278,"height":910,"url":"https:\/\/www.gtlawyers.com.br\/site\/wp-content\/uploads\/belgalux-trib4-e1757713473124.jpeg","type":"image\/jpeg"}],"author":"ttanzilli","twitter_card":"summary_large_image","twitter_misc":{"\u00c9crit par":"ttanzilli","Dur\u00e9e de lecture estim\u00e9e":"1 minute"},"schema":{"@context":"https:\/\/schema.org","@graph":[{"@type":"Article","@id":"https:\/\/www.gtlawyers.com.br\/noticia\/reforma-tributaria-em-foco-gtlawyers-presente-em-debate-da-belgalux\/#article","isPartOf":{"@id":"https:\/\/www.gtlawyers.com.br\/noticia\/reforma-tributaria-em-foco-gtlawyers-presente-em-debate-da-belgalux\/"},"author":{"name":"ttanzilli","@id":"https:\/\/www.gtlawyers.com.br\/#\/schema\/person\/98e5d0d0df85fd7cef4aa9878da75a67"},"headline":"Reforma Tribut\u00e1ria em Foco: GTLawyers Presente em Debate da Belgalux","datePublished":"2025-09-12T21:51:06+00:00","dateModified":"2025-09-12T21:51:07+00:00","mainEntityOfPage":{"@id":"https:\/\/www.gtlawyers.com.br\/noticia\/reforma-tributaria-em-foco-gtlawyers-presente-em-debate-da-belgalux\/"},"wordCount":118,"commentCount":0,"publisher":{"@id":"https:\/\/www.gtlawyers.com.br\/#organization"},"image":{"@id":"https:\/\/www.gtlawyers.com.br\/noticia\/reforma-tributaria-em-foco-gtlawyers-presente-em-debate-da-belgalux\/#primaryimage"},"thumbnailUrl":"https:\/\/www.gtlawyers.com.br\/site\/wp-content\/uploads\/belgalux-trib4-e1757713473124.jpeg","articleSection":["News"],"inLanguage":"fr-FR","potentialAction":[{"@type":"CommentAction","name":"Comment","target":["https:\/\/www.gtlawyers.com.br\/noticia\/reforma-tributaria-em-foco-gtlawyers-presente-em-debate-da-belgalux\/#respond"]}]},{"@type":"WebPage","@id":"https:\/\/www.gtlawyers.com.br\/noticia\/reforma-tributaria-em-foco-gtlawyers-presente-em-debate-da-belgalux\/","url":"https:\/\/www.gtlawyers.com.br\/noticia\/reforma-tributaria-em-foco-gtlawyers-presente-em-debate-da-belgalux\/","name":"Reforma Tribut\u00e1ria em Foco: GTLawyers Presente em Debate da Belgalux | GTLawyers | Escrit\u00f3rio boutique full-service","isPartOf":{"@id":"https:\/\/www.gtlawyers.com.br\/#website"},"primaryImageOfPage":{"@id":"https:\/\/www.gtlawyers.com.br\/noticia\/reforma-tributaria-em-foco-gtlawyers-presente-em-debate-da-belgalux\/#primaryimage"},"image":{"@id":"https:\/\/www.gtlawyers.com.br\/noticia\/reforma-tributaria-em-foco-gtlawyers-presente-em-debate-da-belgalux\/#primaryimage"},"thumbnailUrl":"https:\/\/www.gtlawyers.com.br\/site\/wp-content\/uploads\/belgalux-trib4-e1757713473124.jpeg","datePublished":"2025-09-12T21:51:06+00:00","dateModified":"2025-09-12T21:51:07+00:00","description":"No dia 9 de setembro, a Belgalux realizou em S\u00e3o Paulo o semin\u00e1rio \"Reforma Tribut\u00e1ria: como se preparar para a transi\u00e7\u00e3o e seus impactos\". O evento reuniu especialistas, associados e parceiros para debater as transforma\u00e7\u00f5es no sistema tribut\u00e1rio brasileiro, contando com uma abertura especial da C\u00f4nsul-Geral da B\u00e9lgica em S\u00e3o Paulo, Valentine Mangez.","breadcrumb":{"@id":"https:\/\/www.gtlawyers.com.br\/noticia\/reforma-tributaria-em-foco-gtlawyers-presente-em-debate-da-belgalux\/#breadcrumb"},"inLanguage":"fr-FR","potentialAction":[{"@type":"ReadAction","target":["https:\/\/www.gtlawyers.com.br\/noticia\/reforma-tributaria-em-foco-gtlawyers-presente-em-debate-da-belgalux\/"]}]},{"@type":"ImageObject","inLanguage":"fr-FR","@id":"https:\/\/www.gtlawyers.com.br\/noticia\/reforma-tributaria-em-foco-gtlawyers-presente-em-debate-da-belgalux\/#primaryimage","url":"https:\/\/www.gtlawyers.com.br\/site\/wp-content\/uploads\/belgalux-trib4-e1757713473124.jpeg","contentUrl":"https:\/\/www.gtlawyers.com.br\/site\/wp-content\/uploads\/belgalux-trib4-e1757713473124.jpeg","width":1278,"height":910},{"@type":"BreadcrumbList","@id":"https:\/\/www.gtlawyers.com.br\/noticia\/reforma-tributaria-em-foco-gtlawyers-presente-em-debate-da-belgalux\/#breadcrumb","itemListElement":[{"@type":"ListItem","position":1,"name":"In\u00edcio","item":"https:\/\/www.gtlawyers.com.br\/"},{"@type":"ListItem","position":2,"name":"Reforma Tribut\u00e1ria em Foco: GTLawyers Presente em Debate da Belgalux"}]},{"@type":"WebSite","@id":"https:\/\/www.gtlawyers.com.br\/#website","url":"https:\/\/www.gtlawyers.com.br\/","name":"GTLawyers | Escrit\u00f3rio boutique full-service","description":"Escrit\u00f3rio de advocacia franco-brasileiro para empresas especializado em M&amp;A, direito societ\u00e1rio, tribut\u00e1rio, imobili\u00e1rio, contencioso e compliance","publisher":{"@id":"https:\/\/www.gtlawyers.com.br\/#organization"},"alternateName":"GTLawyers","potentialAction":[{"@type":"SearchAction","target":{"@type":"EntryPoint","urlTemplate":"https:\/\/www.gtlawyers.com.br\/?s={search_term_string}"},"query-input":{"@type":"PropertyValueSpecification","valueRequired":true,"valueName":"search_term_string"}}],"inLanguage":"fr-FR"},{"@type":"Organization","@id":"https:\/\/www.gtlawyers.com.br\/#organization","name":"GTLawyers - Escrit\u00f3rio boutique full-service","url":"https:\/\/www.gtlawyers.com.br\/","logo":{"@type":"ImageObject","inLanguage":"fr-FR","@id":"https:\/\/www.gtlawyers.com.br\/#\/schema\/logo\/image\/","url":"https:\/\/www.gtlawyers.com.br\/site\/wp-content\/uploads\/image-3.png","contentUrl":"https:\/\/www.gtlawyers.com.br\/site\/wp-content\/uploads\/image-3.png","width":166,"height":44,"caption":"GTLawyers - Escrit\u00f3rio boutique full-service"},"image":{"@id":"https:\/\/www.gtlawyers.com.br\/#\/schema\/logo\/image\/"},"sameAs":["https:\/\/www.linkedin.com\/company\/gtlawyers\/mycompany\/"]},{"@type":"Person","@id":"https:\/\/www.gtlawyers.com.br\/#\/schema\/person\/98e5d0d0df85fd7cef4aa9878da75a67","name":"ttanzilli","image":{"@type":"ImageObject","inLanguage":"fr-FR","@id":"https:\/\/secure.gravatar.com\/avatar\/295df42180df022e821b6d822b06057b0d8a14abd7a2b2dc65a3001e88c99730?s=96&d=mm&r=g","url":"https:\/\/secure.gravatar.com\/avatar\/295df42180df022e821b6d822b06057b0d8a14abd7a2b2dc65a3001e88c99730?s=96&d=mm&r=g","contentUrl":"https:\/\/secure.gravatar.com\/avatar\/295df42180df022e821b6d822b06057b0d8a14abd7a2b2dc65a3001e88c99730?s=96&d=mm&r=g","caption":"ttanzilli"},"url":"https:\/\/www.gtlawyers.com.br\/fr\/author\/ttanzilli\/"}]}},"_links":{"self":[{"href":"https:\/\/www.gtlawyers.com.br\/fr\/wp-json\/wp\/v2\/posts\/1844","targetHints":{"allow":["GET"]}}],"collection":[{"href":"https:\/\/www.gtlawyers.com.br\/fr\/wp-json\/wp\/v2\/posts"}],"about":[{"href":"https:\/\/www.gtlawyers.com.br\/fr\/wp-json\/wp\/v2\/types\/post"}],"author":[{"embeddable":true,"href":"https:\/\/www.gtlawyers.com.br\/fr\/wp-json\/wp\/v2\/users\/8"}],"replies":[{"embeddable":true,"href":"https:\/\/www.gtlawyers.com.br\/fr\/wp-json\/wp\/v2\/comments?post=1844"}],"version-history":[{"count":2,"href":"https:\/\/www.gtlawyers.com.br\/fr\/wp-json\/wp\/v2\/posts\/1844\/revisions"}],"predecessor-version":[{"id":1847,"href":"https:\/\/www.gtlawyers.com.br\/fr\/wp-json\/wp\/v2\/posts\/1844\/revisions\/1847"}],"wp:featuredmedia":[{"embeddable":true,"href":"https:\/\/www.gtlawyers.com.br\/fr\/wp-json\/wp\/v2\/media\/1846"}],"wp:attachment":[{"href":"https:\/\/www.gtlawyers.com.br\/fr\/wp-json\/wp\/v2\/media?parent=1844"}],"wp:term":[{"taxonomy":"category","embeddable":true,"href":"https:\/\/www.gtlawyers.com.br\/fr\/wp-json\/wp\/v2\/categories?post=1844"},{"taxonomy":"post_tag","embeddable":true,"href":"https:\/\/www.gtlawyers.com.br\/fr\/wp-json\/wp\/v2\/tags?post=1844"}],"curies":[{"name":"wp","href":"https:\/\/api.w.org\/{rel}","templated":true}]}}