{"id":1960,"date":"2025-09-25T16:34:22","date_gmt":"2025-09-25T19:34:22","guid":{"rendered":"https:\/\/www.gtlawyers.com.br\/?p=1960"},"modified":"2025-09-25T16:34:24","modified_gmt":"2025-09-25T19:34:24","slug":"gtlawyers-na-camara-espanhola-o-papel-das-pmes-nas-cadeias-de-suprimentos","status":"publish","type":"post","link":"https:\/\/www.gtlawyers.com.br\/fr\/noticia\/gtlawyers-na-camara-espanhola-o-papel-das-pmes-nas-cadeias-de-suprimentos\/","title":{"rendered":"GTLawyers \u00e0 la Chambre espagnole : le r\u00f4le des PME dans les cha\u00eenes d'approvisionnement"},"content":{"rendered":"<p>Lors de la derni\u00e8re rencontre organis\u00e9e par la Chambre de Commerce Espagnole au Br\u00e9sil, via son Comit\u00e9 des PME, nous avons eu le privil\u00e8ge de participer \u00e0 un d\u00e9bat captivant sur le r\u00f4le strat\u00e9gique des petites et moyennes entreprises dans les cha\u00eenes d'approvisionnement.<\/p>\n\n\n\n<p>Notre avocat, Andr\u00e9s Berridi, a repr\u00e9sent\u00e9 GTLawyers lors de cet \u00e9v\u00e9nement, qui a mis en lumi\u00e8re des th\u00e8mes cl\u00e9s tels que l'innovation, la comp\u00e9titivit\u00e9 et la diff\u00e9renciation.<\/p>\n\n\n\n<p>Ce fut une excellente occasion de discuter de la mani\u00e8re dont la collaboration entre grandes organisations et PME peut g\u00e9n\u00e9rer un impact positif, renfor\u00e7ant tout l'\u00e9cosyst\u00e8me des achats sur le march\u00e9.<\/p>\n\n\n\n<p>Nous remercions la Chambre de Commerce Espagnole pour cet \u00e9v\u00e9nement ainsi que les intervenants pour avoir partag\u00e9 des exp\u00e9riences si pr\u00e9cieuses qui soulignent la pertinence des PME sur le march\u00e9 actuel.<\/p>","protected":false},"excerpt":{"rendered":"<p>No \u00faltimo encontro promovido pela C\u00e2mara Espanhola de Com\u00e9rcio no Brasil, atrav\u00e9s de seu Comit\u00ea de PMEs, tivemos o privil\u00e9gio de participar de um debate instigante sobre o papel estrat\u00e9gico das pequenas e m\u00e9dias empresas nas cadeias de suprimentos. Nosso advogado Andr\u00e9s Berridi representou o GTLawyers neste evento, que destacou temas fundamentais como inova\u00e7\u00e3o, competitividade [&hellip;]<\/p>\n","protected":false},"author":8,"featured_media":1961,"comment_status":"open","ping_status":"open","sticky":false,"template":"","format":"standard","meta":{"_acf_changed":false,"footnotes":""},"categories":[7],"tags":[],"class_list":["post-1960","post","type-post","status-publish","format-standard","has-post-thumbnail","hentry","category-noticia"],"acf":[],"yoast_head":"<!-- This site is optimized with the Yoast SEO plugin v27.5 - https:\/\/yoast.com\/product\/yoast-seo-wordpress\/ -->\n<title>GTLawyers na C\u00e2mara Espanhola: o papel das PMEs nas cadeias de suprimentos | GTLawyers | Escrit\u00f3rio boutique full-service<\/title>\n<meta name=\"robots\" content=\"index, follow, max-snippet:-1, max-image-preview:large, max-video-preview:-1\" \/>\n<link rel=\"canonical\" href=\"https:\/\/www.gtlawyers.com.br\/fr\/noticia\/gtlawyers-na-camara-espanhola-o-papel-das-pmes-nas-cadeias-de-suprimentos\/\" \/>\n<meta property=\"og:locale\" content=\"fr_FR\" \/>\n<meta property=\"og:type\" content=\"article\" \/>\n<meta property=\"og:title\" content=\"GTLawyers na C\u00e2mara Espanhola: o papel das PMEs nas cadeias de suprimentos | GTLawyers | Escrit\u00f3rio boutique full-service\" \/>\n<meta property=\"og:description\" content=\"No \u00faltimo encontro promovido pela C\u00e2mara Espanhola de Com\u00e9rcio no Brasil, atrav\u00e9s de seu Comit\u00ea de PMEs, tivemos o privil\u00e9gio de participar de um debate instigante sobre o papel estrat\u00e9gico das pequenas e m\u00e9dias empresas nas cadeias de suprimentos. Nosso advogado Andr\u00e9s Berridi representou o GTLawyers neste evento, que destacou temas fundamentais como inova\u00e7\u00e3o, competitividade [&hellip;]\" \/>\n<meta property=\"og:url\" content=\"https:\/\/www.gtlawyers.com.br\/fr\/noticia\/gtlawyers-na-camara-espanhola-o-papel-das-pmes-nas-cadeias-de-suprimentos\/\" \/>\n<meta property=\"og:site_name\" content=\"GTLawyers | Escrit\u00f3rio boutique full-service\" \/>\n<meta property=\"article:published_time\" content=\"2025-09-25T19:34:22+00:00\" \/>\n<meta property=\"article:modified_time\" content=\"2025-09-25T19:34:24+00:00\" \/>\n<meta property=\"og:image\" content=\"https:\/\/www.gtlawyers.com.br\/site\/wp-content\/uploads\/evento-espagnole-1.jpg\" \/>\n\t<meta property=\"og:image:width\" content=\"2048\" \/>\n\t<meta property=\"og:image:height\" content=\"1365\" \/>\n\t<meta property=\"og:image:type\" content=\"image\/jpeg\" \/>\n<meta name=\"author\" content=\"ttanzilli\" \/>\n<meta name=\"twitter:card\" content=\"summary_large_image\" \/>\n<meta name=\"twitter:label1\" content=\"\u00c9crit par\" \/>\n\t<meta name=\"twitter:data1\" content=\"ttanzilli\" \/>\n\t<meta name=\"twitter:label2\" content=\"Dur\u00e9e de lecture estim\u00e9e\" \/>\n\t<meta name=\"twitter:data2\" content=\"1 minute\" \/>\n<script type=\"application\/ld+json\" class=\"yoast-schema-graph\">{\"@context\":\"https:\\\/\\\/schema.org\",\"@graph\":[{\"@type\":\"Article\",\"@id\":\"https:\\\/\\\/www.gtlawyers.com.br\\\/noticia\\\/gtlawyers-na-camara-espanhola-o-papel-das-pmes-nas-cadeias-de-suprimentos\\\/#article\",\"isPartOf\":{\"@id\":\"https:\\\/\\\/www.gtlawyers.com.br\\\/noticia\\\/gtlawyers-na-camara-espanhola-o-papel-das-pmes-nas-cadeias-de-suprimentos\\\/\"},\"author\":{\"name\":\"ttanzilli\",\"@id\":\"https:\\\/\\\/www.gtlawyers.com.br\\\/#\\\/schema\\\/person\\\/98e5d0d0df85fd7cef4aa9878da75a67\"},\"headline\":\"GTLawyers na C\u00e2mara Espanhola: o papel das PMEs nas cadeias de suprimentos\",\"datePublished\":\"2025-09-25T19:34:22+00:00\",\"dateModified\":\"2025-09-25T19:34:24+00:00\",\"mainEntityOfPage\":{\"@id\":\"https:\\\/\\\/www.gtlawyers.com.br\\\/noticia\\\/gtlawyers-na-camara-espanhola-o-papel-das-pmes-nas-cadeias-de-suprimentos\\\/\"},\"wordCount\":136,\"commentCount\":0,\"publisher\":{\"@id\":\"https:\\\/\\\/www.gtlawyers.com.br\\\/#organization\"},\"image\":{\"@id\":\"https:\\\/\\\/www.gtlawyers.com.br\\\/noticia\\\/gtlawyers-na-camara-espanhola-o-papel-das-pmes-nas-cadeias-de-suprimentos\\\/#primaryimage\"},\"thumbnailUrl\":\"https:\\\/\\\/www.gtlawyers.com.br\\\/site\\\/wp-content\\\/uploads\\\/evento-espagnole-1.jpg\",\"articleSection\":[\"News\"],\"inLanguage\":\"fr-FR\",\"potentialAction\":[{\"@type\":\"CommentAction\",\"name\":\"Comment\",\"target\":[\"https:\\\/\\\/www.gtlawyers.com.br\\\/noticia\\\/gtlawyers-na-camara-espanhola-o-papel-das-pmes-nas-cadeias-de-suprimentos\\\/#respond\"]}]},{\"@type\":\"WebPage\",\"@id\":\"https:\\\/\\\/www.gtlawyers.com.br\\\/noticia\\\/gtlawyers-na-camara-espanhola-o-papel-das-pmes-nas-cadeias-de-suprimentos\\\/\",\"url\":\"https:\\\/\\\/www.gtlawyers.com.br\\\/noticia\\\/gtlawyers-na-camara-espanhola-o-papel-das-pmes-nas-cadeias-de-suprimentos\\\/\",\"name\":\"GTLawyers na C\u00e2mara Espanhola: o papel das PMEs nas cadeias de suprimentos | GTLawyers | Escrit\u00f3rio boutique full-service\",\"isPartOf\":{\"@id\":\"https:\\\/\\\/www.gtlawyers.com.br\\\/#website\"},\"primaryImageOfPage\":{\"@id\":\"https:\\\/\\\/www.gtlawyers.com.br\\\/noticia\\\/gtlawyers-na-camara-espanhola-o-papel-das-pmes-nas-cadeias-de-suprimentos\\\/#primaryimage\"},\"image\":{\"@id\":\"https:\\\/\\\/www.gtlawyers.com.br\\\/noticia\\\/gtlawyers-na-camara-espanhola-o-papel-das-pmes-nas-cadeias-de-suprimentos\\\/#primaryimage\"},\"thumbnailUrl\":\"https:\\\/\\\/www.gtlawyers.com.br\\\/site\\\/wp-content\\\/uploads\\\/evento-espagnole-1.jpg\",\"datePublished\":\"2025-09-25T19:34:22+00:00\",\"dateModified\":\"2025-09-25T19:34:24+00:00\",\"breadcrumb\":{\"@id\":\"https:\\\/\\\/www.gtlawyers.com.br\\\/noticia\\\/gtlawyers-na-camara-espanhola-o-papel-das-pmes-nas-cadeias-de-suprimentos\\\/#breadcrumb\"},\"inLanguage\":\"fr-FR\",\"potentialAction\":[{\"@type\":\"ReadAction\",\"target\":[\"https:\\\/\\\/www.gtlawyers.com.br\\\/noticia\\\/gtlawyers-na-camara-espanhola-o-papel-das-pmes-nas-cadeias-de-suprimentos\\\/\"]}]},{\"@type\":\"ImageObject\",\"inLanguage\":\"fr-FR\",\"@id\":\"https:\\\/\\\/www.gtlawyers.com.br\\\/noticia\\\/gtlawyers-na-camara-espanhola-o-papel-das-pmes-nas-cadeias-de-suprimentos\\\/#primaryimage\",\"url\":\"https:\\\/\\\/www.gtlawyers.com.br\\\/site\\\/wp-content\\\/uploads\\\/evento-espagnole-1.jpg\",\"contentUrl\":\"https:\\\/\\\/www.gtlawyers.com.br\\\/site\\\/wp-content\\\/uploads\\\/evento-espagnole-1.jpg\",\"width\":2048,\"height\":1365},{\"@type\":\"BreadcrumbList\",\"@id\":\"https:\\\/\\\/www.gtlawyers.com.br\\\/noticia\\\/gtlawyers-na-camara-espanhola-o-papel-das-pmes-nas-cadeias-de-suprimentos\\\/#breadcrumb\",\"itemListElement\":[{\"@type\":\"ListItem\",\"position\":1,\"name\":\"In\u00edcio\",\"item\":\"https:\\\/\\\/www.gtlawyers.com.br\\\/\"},{\"@type\":\"ListItem\",\"position\":2,\"name\":\"GTLawyers na C\u00e2mara Espanhola: o papel das PMEs nas cadeias de suprimentos\"}]},{\"@type\":\"WebSite\",\"@id\":\"https:\\\/\\\/www.gtlawyers.com.br\\\/#website\",\"url\":\"https:\\\/\\\/www.gtlawyers.com.br\\\/\",\"name\":\"GTLawyers | Escrit\u00f3rio boutique full-service\",\"description\":\"Escrit\u00f3rio de advocacia franco-brasileiro para empresas especializado em M&amp;A, direito societ\u00e1rio, tribut\u00e1rio, imobili\u00e1rio, contencioso e compliance\",\"publisher\":{\"@id\":\"https:\\\/\\\/www.gtlawyers.com.br\\\/#organization\"},\"alternateName\":\"GTLawyers\",\"potentialAction\":[{\"@type\":\"SearchAction\",\"target\":{\"@type\":\"EntryPoint\",\"urlTemplate\":\"https:\\\/\\\/www.gtlawyers.com.br\\\/?s={search_term_string}\"},\"query-input\":{\"@type\":\"PropertyValueSpecification\",\"valueRequired\":true,\"valueName\":\"search_term_string\"}}],\"inLanguage\":\"fr-FR\"},{\"@type\":\"Organization\",\"@id\":\"https:\\\/\\\/www.gtlawyers.com.br\\\/#organization\",\"name\":\"GTLawyers - Escrit\u00f3rio boutique full-service\",\"url\":\"https:\\\/\\\/www.gtlawyers.com.br\\\/\",\"logo\":{\"@type\":\"ImageObject\",\"inLanguage\":\"fr-FR\",\"@id\":\"https:\\\/\\\/www.gtlawyers.com.br\\\/#\\\/schema\\\/logo\\\/image\\\/\",\"url\":\"https:\\\/\\\/www.gtlawyers.com.br\\\/site\\\/wp-content\\\/uploads\\\/image-3.png\",\"contentUrl\":\"https:\\\/\\\/www.gtlawyers.com.br\\\/site\\\/wp-content\\\/uploads\\\/image-3.png\",\"width\":166,\"height\":44,\"caption\":\"GTLawyers - Escrit\u00f3rio boutique full-service\"},\"image\":{\"@id\":\"https:\\\/\\\/www.gtlawyers.com.br\\\/#\\\/schema\\\/logo\\\/image\\\/\"},\"sameAs\":[\"https:\\\/\\\/www.linkedin.com\\\/company\\\/gtlawyers\\\/mycompany\\\/\"]},{\"@type\":\"Person\",\"@id\":\"https:\\\/\\\/www.gtlawyers.com.br\\\/#\\\/schema\\\/person\\\/98e5d0d0df85fd7cef4aa9878da75a67\",\"name\":\"ttanzilli\",\"image\":{\"@type\":\"ImageObject\",\"inLanguage\":\"fr-FR\",\"@id\":\"https:\\\/\\\/secure.gravatar.com\\\/avatar\\\/295df42180df022e821b6d822b06057b0d8a14abd7a2b2dc65a3001e88c99730?s=96&d=mm&r=g\",\"url\":\"https:\\\/\\\/secure.gravatar.com\\\/avatar\\\/295df42180df022e821b6d822b06057b0d8a14abd7a2b2dc65a3001e88c99730?s=96&d=mm&r=g\",\"contentUrl\":\"https:\\\/\\\/secure.gravatar.com\\\/avatar\\\/295df42180df022e821b6d822b06057b0d8a14abd7a2b2dc65a3001e88c99730?s=96&d=mm&r=g\",\"caption\":\"ttanzilli\"},\"url\":\"https:\\\/\\\/www.gtlawyers.com.br\\\/fr\\\/author\\\/ttanzilli\\\/\"}]}<\/script>\n<!-- \/ Yoast SEO plugin. -->","yoast_head_json":{"title":"GTLawyers na C\u00e2mara Espanhola: o papel das PMEs nas cadeias de suprimentos | GTLawyers | Escrit\u00f3rio boutique full-service","robots":{"index":"index","follow":"follow","max-snippet":"max-snippet:-1","max-image-preview":"max-image-preview:large","max-video-preview":"max-video-preview:-1"},"canonical":"https:\/\/www.gtlawyers.com.br\/fr\/noticia\/gtlawyers-na-camara-espanhola-o-papel-das-pmes-nas-cadeias-de-suprimentos\/","og_locale":"fr_FR","og_type":"article","og_title":"GTLawyers na C\u00e2mara Espanhola: o papel das PMEs nas cadeias de suprimentos | GTLawyers | Escrit\u00f3rio boutique full-service","og_description":"No \u00faltimo encontro promovido pela C\u00e2mara Espanhola de Com\u00e9rcio no Brasil, atrav\u00e9s de seu Comit\u00ea de PMEs, tivemos o privil\u00e9gio de participar de um debate instigante sobre o papel estrat\u00e9gico das pequenas e m\u00e9dias empresas nas cadeias de suprimentos. Nosso advogado Andr\u00e9s Berridi representou o GTLawyers neste evento, que destacou temas fundamentais como inova\u00e7\u00e3o, competitividade [&hellip;]","og_url":"https:\/\/www.gtlawyers.com.br\/fr\/noticia\/gtlawyers-na-camara-espanhola-o-papel-das-pmes-nas-cadeias-de-suprimentos\/","og_site_name":"GTLawyers | Escrit\u00f3rio boutique full-service","article_published_time":"2025-09-25T19:34:22+00:00","article_modified_time":"2025-09-25T19:34:24+00:00","og_image":[{"width":2048,"height":1365,"url":"https:\/\/www.gtlawyers.com.br\/site\/wp-content\/uploads\/evento-espagnole-1.jpg","type":"image\/jpeg"}],"author":"ttanzilli","twitter_card":"summary_large_image","twitter_misc":{"\u00c9crit par":"ttanzilli","Dur\u00e9e de lecture estim\u00e9e":"1 minute"},"schema":{"@context":"https:\/\/schema.org","@graph":[{"@type":"Article","@id":"https:\/\/www.gtlawyers.com.br\/noticia\/gtlawyers-na-camara-espanhola-o-papel-das-pmes-nas-cadeias-de-suprimentos\/#article","isPartOf":{"@id":"https:\/\/www.gtlawyers.com.br\/noticia\/gtlawyers-na-camara-espanhola-o-papel-das-pmes-nas-cadeias-de-suprimentos\/"},"author":{"name":"ttanzilli","@id":"https:\/\/www.gtlawyers.com.br\/#\/schema\/person\/98e5d0d0df85fd7cef4aa9878da75a67"},"headline":"GTLawyers na C\u00e2mara Espanhola: o papel das PMEs nas cadeias de suprimentos","datePublished":"2025-09-25T19:34:22+00:00","dateModified":"2025-09-25T19:34:24+00:00","mainEntityOfPage":{"@id":"https:\/\/www.gtlawyers.com.br\/noticia\/gtlawyers-na-camara-espanhola-o-papel-das-pmes-nas-cadeias-de-suprimentos\/"},"wordCount":136,"commentCount":0,"publisher":{"@id":"https:\/\/www.gtlawyers.com.br\/#organization"},"image":{"@id":"https:\/\/www.gtlawyers.com.br\/noticia\/gtlawyers-na-camara-espanhola-o-papel-das-pmes-nas-cadeias-de-suprimentos\/#primaryimage"},"thumbnailUrl":"https:\/\/www.gtlawyers.com.br\/site\/wp-content\/uploads\/evento-espagnole-1.jpg","articleSection":["News"],"inLanguage":"fr-FR","potentialAction":[{"@type":"CommentAction","name":"Comment","target":["https:\/\/www.gtlawyers.com.br\/noticia\/gtlawyers-na-camara-espanhola-o-papel-das-pmes-nas-cadeias-de-suprimentos\/#respond"]}]},{"@type":"WebPage","@id":"https:\/\/www.gtlawyers.com.br\/noticia\/gtlawyers-na-camara-espanhola-o-papel-das-pmes-nas-cadeias-de-suprimentos\/","url":"https:\/\/www.gtlawyers.com.br\/noticia\/gtlawyers-na-camara-espanhola-o-papel-das-pmes-nas-cadeias-de-suprimentos\/","name":"GTLawyers na C\u00e2mara Espanhola: o papel das PMEs nas cadeias de suprimentos | GTLawyers | Escrit\u00f3rio boutique full-service","isPartOf":{"@id":"https:\/\/www.gtlawyers.com.br\/#website"},"primaryImageOfPage":{"@id":"https:\/\/www.gtlawyers.com.br\/noticia\/gtlawyers-na-camara-espanhola-o-papel-das-pmes-nas-cadeias-de-suprimentos\/#primaryimage"},"image":{"@id":"https:\/\/www.gtlawyers.com.br\/noticia\/gtlawyers-na-camara-espanhola-o-papel-das-pmes-nas-cadeias-de-suprimentos\/#primaryimage"},"thumbnailUrl":"https:\/\/www.gtlawyers.com.br\/site\/wp-content\/uploads\/evento-espagnole-1.jpg","datePublished":"2025-09-25T19:34:22+00:00","dateModified":"2025-09-25T19:34:24+00:00","breadcrumb":{"@id":"https:\/\/www.gtlawyers.com.br\/noticia\/gtlawyers-na-camara-espanhola-o-papel-das-pmes-nas-cadeias-de-suprimentos\/#breadcrumb"},"inLanguage":"fr-FR","potentialAction":[{"@type":"ReadAction","target":["https:\/\/www.gtlawyers.com.br\/noticia\/gtlawyers-na-camara-espanhola-o-papel-das-pmes-nas-cadeias-de-suprimentos\/"]}]},{"@type":"ImageObject","inLanguage":"fr-FR","@id":"https:\/\/www.gtlawyers.com.br\/noticia\/gtlawyers-na-camara-espanhola-o-papel-das-pmes-nas-cadeias-de-suprimentos\/#primaryimage","url":"https:\/\/www.gtlawyers.com.br\/site\/wp-content\/uploads\/evento-espagnole-1.jpg","contentUrl":"https:\/\/www.gtlawyers.com.br\/site\/wp-content\/uploads\/evento-espagnole-1.jpg","width":2048,"height":1365},{"@type":"BreadcrumbList","@id":"https:\/\/www.gtlawyers.com.br\/noticia\/gtlawyers-na-camara-espanhola-o-papel-das-pmes-nas-cadeias-de-suprimentos\/#breadcrumb","itemListElement":[{"@type":"ListItem","position":1,"name":"In\u00edcio","item":"https:\/\/www.gtlawyers.com.br\/"},{"@type":"ListItem","position":2,"name":"GTLawyers na C\u00e2mara Espanhola: o papel das PMEs nas cadeias de suprimentos"}]},{"@type":"WebSite","@id":"https:\/\/www.gtlawyers.com.br\/#website","url":"https:\/\/www.gtlawyers.com.br\/","name":"GTLawyers | Escrit\u00f3rio boutique full-service","description":"Escrit\u00f3rio de advocacia franco-brasileiro para empresas especializado em M&amp;A, direito societ\u00e1rio, tribut\u00e1rio, imobili\u00e1rio, contencioso e compliance","publisher":{"@id":"https:\/\/www.gtlawyers.com.br\/#organization"},"alternateName":"GTLawyers","potentialAction":[{"@type":"SearchAction","target":{"@type":"EntryPoint","urlTemplate":"https:\/\/www.gtlawyers.com.br\/?s={search_term_string}"},"query-input":{"@type":"PropertyValueSpecification","valueRequired":true,"valueName":"search_term_string"}}],"inLanguage":"fr-FR"},{"@type":"Organization","@id":"https:\/\/www.gtlawyers.com.br\/#organization","name":"GTLawyers - Escrit\u00f3rio boutique full-service","url":"https:\/\/www.gtlawyers.com.br\/","logo":{"@type":"ImageObject","inLanguage":"fr-FR","@id":"https:\/\/www.gtlawyers.com.br\/#\/schema\/logo\/image\/","url":"https:\/\/www.gtlawyers.com.br\/site\/wp-content\/uploads\/image-3.png","contentUrl":"https:\/\/www.gtlawyers.com.br\/site\/wp-content\/uploads\/image-3.png","width":166,"height":44,"caption":"GTLawyers - Escrit\u00f3rio boutique full-service"},"image":{"@id":"https:\/\/www.gtlawyers.com.br\/#\/schema\/logo\/image\/"},"sameAs":["https:\/\/www.linkedin.com\/company\/gtlawyers\/mycompany\/"]},{"@type":"Person","@id":"https:\/\/www.gtlawyers.com.br\/#\/schema\/person\/98e5d0d0df85fd7cef4aa9878da75a67","name":"ttanzilli","image":{"@type":"ImageObject","inLanguage":"fr-FR","@id":"https:\/\/secure.gravatar.com\/avatar\/295df42180df022e821b6d822b06057b0d8a14abd7a2b2dc65a3001e88c99730?s=96&d=mm&r=g","url":"https:\/\/secure.gravatar.com\/avatar\/295df42180df022e821b6d822b06057b0d8a14abd7a2b2dc65a3001e88c99730?s=96&d=mm&r=g","contentUrl":"https:\/\/secure.gravatar.com\/avatar\/295df42180df022e821b6d822b06057b0d8a14abd7a2b2dc65a3001e88c99730?s=96&d=mm&r=g","caption":"ttanzilli"},"url":"https:\/\/www.gtlawyers.com.br\/fr\/author\/ttanzilli\/"}]}},"_links":{"self":[{"href":"https:\/\/www.gtlawyers.com.br\/fr\/wp-json\/wp\/v2\/posts\/1960","targetHints":{"allow":["GET"]}}],"collection":[{"href":"https:\/\/www.gtlawyers.com.br\/fr\/wp-json\/wp\/v2\/posts"}],"about":[{"href":"https:\/\/www.gtlawyers.com.br\/fr\/wp-json\/wp\/v2\/types\/post"}],"author":[{"embeddable":true,"href":"https:\/\/www.gtlawyers.com.br\/fr\/wp-json\/wp\/v2\/users\/8"}],"replies":[{"embeddable":true,"href":"https:\/\/www.gtlawyers.com.br\/fr\/wp-json\/wp\/v2\/comments?post=1960"}],"version-history":[{"count":1,"href":"https:\/\/www.gtlawyers.com.br\/fr\/wp-json\/wp\/v2\/posts\/1960\/revisions"}],"predecessor-version":[{"id":1962,"href":"https:\/\/www.gtlawyers.com.br\/fr\/wp-json\/wp\/v2\/posts\/1960\/revisions\/1962"}],"wp:featuredmedia":[{"embeddable":true,"href":"https:\/\/www.gtlawyers.com.br\/fr\/wp-json\/wp\/v2\/media\/1961"}],"wp:attachment":[{"href":"https:\/\/www.gtlawyers.com.br\/fr\/wp-json\/wp\/v2\/media?parent=1960"}],"wp:term":[{"taxonomy":"category","embeddable":true,"href":"https:\/\/www.gtlawyers.com.br\/fr\/wp-json\/wp\/v2\/categories?post=1960"},{"taxonomy":"post_tag","embeddable":true,"href":"https:\/\/www.gtlawyers.com.br\/fr\/wp-json\/wp\/v2\/tags?post=1960"}],"curies":[{"name":"wp","href":"https:\/\/api.w.org\/{rel}","templated":true}]}}