{"id":1988,"date":"2025-10-06T13:27:48","date_gmt":"2025-10-06T16:27:48","guid":{"rendered":"https:\/\/www.gtlawyers.com.br\/?p=1988"},"modified":"2025-10-06T13:27:50","modified_gmt":"2025-10-06T16:27:50","slug":"gtlawyers-organiza-evento-sobre-ciberseguranca-na-camara-de-comercio-franca-brasil","status":"publish","type":"post","link":"https:\/\/www.gtlawyers.com.br\/fr\/noticia\/gtlawyers-organiza-evento-sobre-ciberseguranca-na-camara-de-comercio-franca-brasil\/","title":{"rendered":"GTLawyers organise un \u00e9v\u00e9nement sur la cybers\u00e9curit\u00e9 \u00e0 la Chambre de Commerce France-Br\u00e9sil"},"content":{"rendered":"<p>Hier, GTLawyers a eu le plaisir d\u2019organiser un \u00e9v\u00e9nement \u00e0 la Chambre de Commerce France-Br\u00e9sil - CCIFB afin de d\u00e9battre d\u2019un th\u00e8me essentiel : la cybers\u00e9curit\u00e9.<\/p>\n\n\n\n<p>Plus de 70 participants.<br>7 experts du secteur.<br>1 simulation immersive de crise.<br>Plus de 50 conseils partag\u00e9s.<br>1 buffet de sp\u00e9cialit\u00e9s fran\u00e7aises.<br>2 commissions r\u00e9unies \u00e0 la Chambre de Commerce France-Br\u00e9sil - CCIFB.<\/p>\n\n\n\n<p>Cette rencontre a r\u00e9uni d\u2019\u00e9minents sp\u00e9cialistes qui ont partag\u00e9 leurs recommandations et guid\u00e9 les participants dans une simulation pratique de crise cybern\u00e9tique. Nous avons eu l\u2019honneur de compter sur la pr\u00e9sence de notre associ\u00e9e fondatrice, Tamy Tanzilli, qui a inaugur\u00e9 l\u2019\u00e9v\u00e9nement.<\/p>\n\n\n\n<p>Nous souhaitons exprimer nos remerciements les plus sinc\u00e8res :<\/p>\n\n\n\n<ul class=\"wp-block-list\">\n<li>\u00c0 la Chambre de Commerce France-Br\u00e9sil - CCIFB, pour son accueil irr\u00e9prochable.<\/li>\n\n\n\n<li>\u00c0 Le Pain Quotidien Brasil, pour le fantastique buffet qui a apport\u00e9 une touche d\u2019\u00e9l\u00e9gance avec des saveurs raffin\u00e9es.<\/li>\n\n\n\n<li>\u00c0 nos brillants intervenants, qui ont marqu\u00e9 cet \u00e9v\u00e9nement par leur expertise technique : Rony Vainzof, Partner de VLK Advogados ; Marcelo Malagutti, Conseiller sp\u00e9cial du ministre du GSI et secr\u00e9taire ex\u00e9cutif du Comit\u00e9 national de cybers\u00e9curit\u00e9 ; Anne-Catherine Brunschwig, notre Managing Partner \u00e0 Rio de Janeiro ; Domingo Montanaro, associ\u00e9 fondateur et CEO de Ventura ERM ; Carlos Campagnoli, Data Protection Manager chez Sanofi ; Marileusa Cortez, Head of Data Governance chez Keyrus ; Fernando Antonio Santiago Jr., PhD, cofondateur et Partner de chez Chenut.<\/li>\n<\/ul>\n\n\n\n<p>Enfin, un remerciement particulier \u00e0 tous les participants, qui ont transform\u00e9 cette journ\u00e9e en un espace d\u2019\u00e9changes, d\u2019apprentissage et de collaboration.<\/p>\n\n\n\n<p>Merci \u00e0 tous, et \u00e0 bient\u00f4t pour de nouvelles rencontres autour de sujets strat\u00e9giques comme celui-ci !<\/p>","protected":false},"excerpt":{"rendered":"<p>Ontem, o GTLawyers teve o prazer de organizar um evento na C\u00e2mara de Com\u00e9rcio Fran\u00e7a Brasil &#8211; CCIFB para debater um tema essencial: a ciberseguran\u00e7a. Mais de 70 participantes.7 especialistas do setor.1 simula\u00e7\u00e3o de crise imersiva.Mais de 50 conselhos compartilhados.1 buffet de especialidades francesas.2 comiss\u00f5es reunidas da C\u00e2mara de Com\u00e9rcio Fran\u00e7a Brasil &#8211; CCIFB. Esse [&hellip;]<\/p>\n","protected":false},"author":8,"featured_media":1993,"comment_status":"open","ping_status":"open","sticky":false,"template":"","format":"standard","meta":{"_acf_changed":false,"footnotes":""},"categories":[7],"tags":[],"class_list":["post-1988","post","type-post","status-publish","format-standard","has-post-thumbnail","hentry","category-noticia"],"acf":[],"yoast_head":"<!-- This site is optimized with the Yoast SEO plugin v27.5 - https:\/\/yoast.com\/product\/yoast-seo-wordpress\/ -->\n<title>GTLawyers organiza evento sobre ciberseguran\u00e7a na C\u00e2mara de Com\u00e9rcio Fran\u00e7a Brasil | GTLawyers | Escrit\u00f3rio boutique full-service<\/title>\n<meta name=\"robots\" content=\"index, follow, max-snippet:-1, max-image-preview:large, max-video-preview:-1\" \/>\n<link rel=\"canonical\" href=\"https:\/\/www.gtlawyers.com.br\/fr\/noticia\/gtlawyers-organiza-evento-sobre-ciberseguranca-na-camara-de-comercio-franca-brasil\/\" \/>\n<meta property=\"og:locale\" content=\"fr_FR\" \/>\n<meta property=\"og:type\" content=\"article\" \/>\n<meta property=\"og:title\" content=\"GTLawyers organiza evento sobre ciberseguran\u00e7a na C\u00e2mara de Com\u00e9rcio Fran\u00e7a Brasil | GTLawyers | Escrit\u00f3rio boutique full-service\" \/>\n<meta property=\"og:description\" content=\"Ontem, o GTLawyers teve o prazer de organizar um evento na C\u00e2mara de Com\u00e9rcio Fran\u00e7a Brasil &#8211; CCIFB para debater um tema essencial: a ciberseguran\u00e7a. Mais de 70 participantes.7 especialistas do setor.1 simula\u00e7\u00e3o de crise imersiva.Mais de 50 conselhos compartilhados.1 buffet de especialidades francesas.2 comiss\u00f5es reunidas da C\u00e2mara de Com\u00e9rcio Fran\u00e7a Brasil &#8211; CCIFB. Esse [&hellip;]\" \/>\n<meta property=\"og:url\" content=\"https:\/\/www.gtlawyers.com.br\/fr\/noticia\/gtlawyers-organiza-evento-sobre-ciberseguranca-na-camara-de-comercio-franca-brasil\/\" \/>\n<meta property=\"og:site_name\" content=\"GTLawyers | Escrit\u00f3rio boutique full-service\" \/>\n<meta property=\"article:published_time\" content=\"2025-10-06T16:27:48+00:00\" \/>\n<meta property=\"article:modified_time\" content=\"2025-10-06T16:27:50+00:00\" \/>\n<meta property=\"og:image\" content=\"https:\/\/www.gtlawyers.com.br\/site\/wp-content\/uploads\/WhatsApp-Image-2025-10-02-at-16.49.07-e1759768046111.jpeg\" \/>\n\t<meta property=\"og:image:width\" content=\"1587\" \/>\n\t<meta property=\"og:image:height\" content=\"917\" \/>\n\t<meta property=\"og:image:type\" content=\"image\/jpeg\" \/>\n<meta name=\"author\" content=\"ttanzilli\" \/>\n<meta name=\"twitter:card\" content=\"summary_large_image\" \/>\n<meta name=\"twitter:label1\" content=\"\u00c9crit par\" \/>\n\t<meta name=\"twitter:data1\" content=\"ttanzilli\" \/>\n\t<meta name=\"twitter:label2\" content=\"Dur\u00e9e de lecture estim\u00e9e\" \/>\n\t<meta name=\"twitter:data2\" content=\"2 minutes\" \/>\n<script type=\"application\/ld+json\" class=\"yoast-schema-graph\">{\"@context\":\"https:\\\/\\\/schema.org\",\"@graph\":[{\"@type\":\"Article\",\"@id\":\"https:\\\/\\\/www.gtlawyers.com.br\\\/noticia\\\/gtlawyers-organiza-evento-sobre-ciberseguranca-na-camara-de-comercio-franca-brasil\\\/#article\",\"isPartOf\":{\"@id\":\"https:\\\/\\\/www.gtlawyers.com.br\\\/noticia\\\/gtlawyers-organiza-evento-sobre-ciberseguranca-na-camara-de-comercio-franca-brasil\\\/\"},\"author\":{\"name\":\"ttanzilli\",\"@id\":\"https:\\\/\\\/www.gtlawyers.com.br\\\/#\\\/schema\\\/person\\\/98e5d0d0df85fd7cef4aa9878da75a67\"},\"headline\":\"GTLawyers organiza evento sobre ciberseguran\u00e7a na C\u00e2mara de Com\u00e9rcio Fran\u00e7a Brasil\",\"datePublished\":\"2025-10-06T16:27:48+00:00\",\"dateModified\":\"2025-10-06T16:27:50+00:00\",\"mainEntityOfPage\":{\"@id\":\"https:\\\/\\\/www.gtlawyers.com.br\\\/noticia\\\/gtlawyers-organiza-evento-sobre-ciberseguranca-na-camara-de-comercio-franca-brasil\\\/\"},\"wordCount\":280,\"commentCount\":0,\"publisher\":{\"@id\":\"https:\\\/\\\/www.gtlawyers.com.br\\\/#organization\"},\"image\":{\"@id\":\"https:\\\/\\\/www.gtlawyers.com.br\\\/noticia\\\/gtlawyers-organiza-evento-sobre-ciberseguranca-na-camara-de-comercio-franca-brasil\\\/#primaryimage\"},\"thumbnailUrl\":\"https:\\\/\\\/www.gtlawyers.com.br\\\/site\\\/wp-content\\\/uploads\\\/WhatsApp-Image-2025-10-02-at-16.49.07-e1759768046111.jpeg\",\"articleSection\":[\"News\"],\"inLanguage\":\"fr-FR\",\"potentialAction\":[{\"@type\":\"CommentAction\",\"name\":\"Comment\",\"target\":[\"https:\\\/\\\/www.gtlawyers.com.br\\\/noticia\\\/gtlawyers-organiza-evento-sobre-ciberseguranca-na-camara-de-comercio-franca-brasil\\\/#respond\"]}]},{\"@type\":\"WebPage\",\"@id\":\"https:\\\/\\\/www.gtlawyers.com.br\\\/noticia\\\/gtlawyers-organiza-evento-sobre-ciberseguranca-na-camara-de-comercio-franca-brasil\\\/\",\"url\":\"https:\\\/\\\/www.gtlawyers.com.br\\\/noticia\\\/gtlawyers-organiza-evento-sobre-ciberseguranca-na-camara-de-comercio-franca-brasil\\\/\",\"name\":\"GTLawyers organiza evento sobre ciberseguran\u00e7a na C\u00e2mara de Com\u00e9rcio Fran\u00e7a Brasil | GTLawyers | Escrit\u00f3rio boutique full-service\",\"isPartOf\":{\"@id\":\"https:\\\/\\\/www.gtlawyers.com.br\\\/#website\"},\"primaryImageOfPage\":{\"@id\":\"https:\\\/\\\/www.gtlawyers.com.br\\\/noticia\\\/gtlawyers-organiza-evento-sobre-ciberseguranca-na-camara-de-comercio-franca-brasil\\\/#primaryimage\"},\"image\":{\"@id\":\"https:\\\/\\\/www.gtlawyers.com.br\\\/noticia\\\/gtlawyers-organiza-evento-sobre-ciberseguranca-na-camara-de-comercio-franca-brasil\\\/#primaryimage\"},\"thumbnailUrl\":\"https:\\\/\\\/www.gtlawyers.com.br\\\/site\\\/wp-content\\\/uploads\\\/WhatsApp-Image-2025-10-02-at-16.49.07-e1759768046111.jpeg\",\"datePublished\":\"2025-10-06T16:27:48+00:00\",\"dateModified\":\"2025-10-06T16:27:50+00:00\",\"breadcrumb\":{\"@id\":\"https:\\\/\\\/www.gtlawyers.com.br\\\/noticia\\\/gtlawyers-organiza-evento-sobre-ciberseguranca-na-camara-de-comercio-franca-brasil\\\/#breadcrumb\"},\"inLanguage\":\"fr-FR\",\"potentialAction\":[{\"@type\":\"ReadAction\",\"target\":[\"https:\\\/\\\/www.gtlawyers.com.br\\\/noticia\\\/gtlawyers-organiza-evento-sobre-ciberseguranca-na-camara-de-comercio-franca-brasil\\\/\"]}]},{\"@type\":\"ImageObject\",\"inLanguage\":\"fr-FR\",\"@id\":\"https:\\\/\\\/www.gtlawyers.com.br\\\/noticia\\\/gtlawyers-organiza-evento-sobre-ciberseguranca-na-camara-de-comercio-franca-brasil\\\/#primaryimage\",\"url\":\"https:\\\/\\\/www.gtlawyers.com.br\\\/site\\\/wp-content\\\/uploads\\\/WhatsApp-Image-2025-10-02-at-16.49.07-e1759768046111.jpeg\",\"contentUrl\":\"https:\\\/\\\/www.gtlawyers.com.br\\\/site\\\/wp-content\\\/uploads\\\/WhatsApp-Image-2025-10-02-at-16.49.07-e1759768046111.jpeg\",\"width\":1587,\"height\":917},{\"@type\":\"BreadcrumbList\",\"@id\":\"https:\\\/\\\/www.gtlawyers.com.br\\\/noticia\\\/gtlawyers-organiza-evento-sobre-ciberseguranca-na-camara-de-comercio-franca-brasil\\\/#breadcrumb\",\"itemListElement\":[{\"@type\":\"ListItem\",\"position\":1,\"name\":\"In\u00edcio\",\"item\":\"https:\\\/\\\/www.gtlawyers.com.br\\\/\"},{\"@type\":\"ListItem\",\"position\":2,\"name\":\"GTLawyers organiza evento sobre ciberseguran\u00e7a na C\u00e2mara de Com\u00e9rcio Fran\u00e7a Brasil\"}]},{\"@type\":\"WebSite\",\"@id\":\"https:\\\/\\\/www.gtlawyers.com.br\\\/#website\",\"url\":\"https:\\\/\\\/www.gtlawyers.com.br\\\/\",\"name\":\"GTLawyers | Escrit\u00f3rio boutique full-service\",\"description\":\"Escrit\u00f3rio de advocacia franco-brasileiro para empresas especializado em M&amp;A, direito societ\u00e1rio, tribut\u00e1rio, imobili\u00e1rio, contencioso e compliance\",\"publisher\":{\"@id\":\"https:\\\/\\\/www.gtlawyers.com.br\\\/#organization\"},\"alternateName\":\"GTLawyers\",\"potentialAction\":[{\"@type\":\"SearchAction\",\"target\":{\"@type\":\"EntryPoint\",\"urlTemplate\":\"https:\\\/\\\/www.gtlawyers.com.br\\\/?s={search_term_string}\"},\"query-input\":{\"@type\":\"PropertyValueSpecification\",\"valueRequired\":true,\"valueName\":\"search_term_string\"}}],\"inLanguage\":\"fr-FR\"},{\"@type\":\"Organization\",\"@id\":\"https:\\\/\\\/www.gtlawyers.com.br\\\/#organization\",\"name\":\"GTLawyers - Escrit\u00f3rio boutique full-service\",\"url\":\"https:\\\/\\\/www.gtlawyers.com.br\\\/\",\"logo\":{\"@type\":\"ImageObject\",\"inLanguage\":\"fr-FR\",\"@id\":\"https:\\\/\\\/www.gtlawyers.com.br\\\/#\\\/schema\\\/logo\\\/image\\\/\",\"url\":\"https:\\\/\\\/www.gtlawyers.com.br\\\/site\\\/wp-content\\\/uploads\\\/image-3.png\",\"contentUrl\":\"https:\\\/\\\/www.gtlawyers.com.br\\\/site\\\/wp-content\\\/uploads\\\/image-3.png\",\"width\":166,\"height\":44,\"caption\":\"GTLawyers - Escrit\u00f3rio boutique full-service\"},\"image\":{\"@id\":\"https:\\\/\\\/www.gtlawyers.com.br\\\/#\\\/schema\\\/logo\\\/image\\\/\"},\"sameAs\":[\"https:\\\/\\\/www.linkedin.com\\\/company\\\/gtlawyers\\\/mycompany\\\/\"]},{\"@type\":\"Person\",\"@id\":\"https:\\\/\\\/www.gtlawyers.com.br\\\/#\\\/schema\\\/person\\\/98e5d0d0df85fd7cef4aa9878da75a67\",\"name\":\"ttanzilli\",\"image\":{\"@type\":\"ImageObject\",\"inLanguage\":\"fr-FR\",\"@id\":\"https:\\\/\\\/secure.gravatar.com\\\/avatar\\\/295df42180df022e821b6d822b06057b0d8a14abd7a2b2dc65a3001e88c99730?s=96&d=mm&r=g\",\"url\":\"https:\\\/\\\/secure.gravatar.com\\\/avatar\\\/295df42180df022e821b6d822b06057b0d8a14abd7a2b2dc65a3001e88c99730?s=96&d=mm&r=g\",\"contentUrl\":\"https:\\\/\\\/secure.gravatar.com\\\/avatar\\\/295df42180df022e821b6d822b06057b0d8a14abd7a2b2dc65a3001e88c99730?s=96&d=mm&r=g\",\"caption\":\"ttanzilli\"},\"url\":\"https:\\\/\\\/www.gtlawyers.com.br\\\/fr\\\/author\\\/ttanzilli\\\/\"}]}<\/script>\n<!-- \/ Yoast SEO plugin. -->","yoast_head_json":{"title":"GTLawyers organiza evento sobre ciberseguran\u00e7a na C\u00e2mara de Com\u00e9rcio Fran\u00e7a Brasil | GTLawyers | Escrit\u00f3rio boutique full-service","robots":{"index":"index","follow":"follow","max-snippet":"max-snippet:-1","max-image-preview":"max-image-preview:large","max-video-preview":"max-video-preview:-1"},"canonical":"https:\/\/www.gtlawyers.com.br\/fr\/noticia\/gtlawyers-organiza-evento-sobre-ciberseguranca-na-camara-de-comercio-franca-brasil\/","og_locale":"fr_FR","og_type":"article","og_title":"GTLawyers organiza evento sobre ciberseguran\u00e7a na C\u00e2mara de Com\u00e9rcio Fran\u00e7a Brasil | GTLawyers | Escrit\u00f3rio boutique full-service","og_description":"Ontem, o GTLawyers teve o prazer de organizar um evento na C\u00e2mara de Com\u00e9rcio Fran\u00e7a Brasil &#8211; CCIFB para debater um tema essencial: a ciberseguran\u00e7a. Mais de 70 participantes.7 especialistas do setor.1 simula\u00e7\u00e3o de crise imersiva.Mais de 50 conselhos compartilhados.1 buffet de especialidades francesas.2 comiss\u00f5es reunidas da C\u00e2mara de Com\u00e9rcio Fran\u00e7a Brasil &#8211; CCIFB. Esse [&hellip;]","og_url":"https:\/\/www.gtlawyers.com.br\/fr\/noticia\/gtlawyers-organiza-evento-sobre-ciberseguranca-na-camara-de-comercio-franca-brasil\/","og_site_name":"GTLawyers | Escrit\u00f3rio boutique full-service","article_published_time":"2025-10-06T16:27:48+00:00","article_modified_time":"2025-10-06T16:27:50+00:00","og_image":[{"width":1587,"height":917,"url":"https:\/\/www.gtlawyers.com.br\/site\/wp-content\/uploads\/WhatsApp-Image-2025-10-02-at-16.49.07-e1759768046111.jpeg","type":"image\/jpeg"}],"author":"ttanzilli","twitter_card":"summary_large_image","twitter_misc":{"\u00c9crit par":"ttanzilli","Dur\u00e9e de lecture estim\u00e9e":"2 minutes"},"schema":{"@context":"https:\/\/schema.org","@graph":[{"@type":"Article","@id":"https:\/\/www.gtlawyers.com.br\/noticia\/gtlawyers-organiza-evento-sobre-ciberseguranca-na-camara-de-comercio-franca-brasil\/#article","isPartOf":{"@id":"https:\/\/www.gtlawyers.com.br\/noticia\/gtlawyers-organiza-evento-sobre-ciberseguranca-na-camara-de-comercio-franca-brasil\/"},"author":{"name":"ttanzilli","@id":"https:\/\/www.gtlawyers.com.br\/#\/schema\/person\/98e5d0d0df85fd7cef4aa9878da75a67"},"headline":"GTLawyers organiza evento sobre ciberseguran\u00e7a na C\u00e2mara de Com\u00e9rcio Fran\u00e7a Brasil","datePublished":"2025-10-06T16:27:48+00:00","dateModified":"2025-10-06T16:27:50+00:00","mainEntityOfPage":{"@id":"https:\/\/www.gtlawyers.com.br\/noticia\/gtlawyers-organiza-evento-sobre-ciberseguranca-na-camara-de-comercio-franca-brasil\/"},"wordCount":280,"commentCount":0,"publisher":{"@id":"https:\/\/www.gtlawyers.com.br\/#organization"},"image":{"@id":"https:\/\/www.gtlawyers.com.br\/noticia\/gtlawyers-organiza-evento-sobre-ciberseguranca-na-camara-de-comercio-franca-brasil\/#primaryimage"},"thumbnailUrl":"https:\/\/www.gtlawyers.com.br\/site\/wp-content\/uploads\/WhatsApp-Image-2025-10-02-at-16.49.07-e1759768046111.jpeg","articleSection":["News"],"inLanguage":"fr-FR","potentialAction":[{"@type":"CommentAction","name":"Comment","target":["https:\/\/www.gtlawyers.com.br\/noticia\/gtlawyers-organiza-evento-sobre-ciberseguranca-na-camara-de-comercio-franca-brasil\/#respond"]}]},{"@type":"WebPage","@id":"https:\/\/www.gtlawyers.com.br\/noticia\/gtlawyers-organiza-evento-sobre-ciberseguranca-na-camara-de-comercio-franca-brasil\/","url":"https:\/\/www.gtlawyers.com.br\/noticia\/gtlawyers-organiza-evento-sobre-ciberseguranca-na-camara-de-comercio-franca-brasil\/","name":"GTLawyers organiza evento sobre ciberseguran\u00e7a na C\u00e2mara de Com\u00e9rcio Fran\u00e7a Brasil | GTLawyers | Escrit\u00f3rio boutique full-service","isPartOf":{"@id":"https:\/\/www.gtlawyers.com.br\/#website"},"primaryImageOfPage":{"@id":"https:\/\/www.gtlawyers.com.br\/noticia\/gtlawyers-organiza-evento-sobre-ciberseguranca-na-camara-de-comercio-franca-brasil\/#primaryimage"},"image":{"@id":"https:\/\/www.gtlawyers.com.br\/noticia\/gtlawyers-organiza-evento-sobre-ciberseguranca-na-camara-de-comercio-franca-brasil\/#primaryimage"},"thumbnailUrl":"https:\/\/www.gtlawyers.com.br\/site\/wp-content\/uploads\/WhatsApp-Image-2025-10-02-at-16.49.07-e1759768046111.jpeg","datePublished":"2025-10-06T16:27:48+00:00","dateModified":"2025-10-06T16:27:50+00:00","breadcrumb":{"@id":"https:\/\/www.gtlawyers.com.br\/noticia\/gtlawyers-organiza-evento-sobre-ciberseguranca-na-camara-de-comercio-franca-brasil\/#breadcrumb"},"inLanguage":"fr-FR","potentialAction":[{"@type":"ReadAction","target":["https:\/\/www.gtlawyers.com.br\/noticia\/gtlawyers-organiza-evento-sobre-ciberseguranca-na-camara-de-comercio-franca-brasil\/"]}]},{"@type":"ImageObject","inLanguage":"fr-FR","@id":"https:\/\/www.gtlawyers.com.br\/noticia\/gtlawyers-organiza-evento-sobre-ciberseguranca-na-camara-de-comercio-franca-brasil\/#primaryimage","url":"https:\/\/www.gtlawyers.com.br\/site\/wp-content\/uploads\/WhatsApp-Image-2025-10-02-at-16.49.07-e1759768046111.jpeg","contentUrl":"https:\/\/www.gtlawyers.com.br\/site\/wp-content\/uploads\/WhatsApp-Image-2025-10-02-at-16.49.07-e1759768046111.jpeg","width":1587,"height":917},{"@type":"BreadcrumbList","@id":"https:\/\/www.gtlawyers.com.br\/noticia\/gtlawyers-organiza-evento-sobre-ciberseguranca-na-camara-de-comercio-franca-brasil\/#breadcrumb","itemListElement":[{"@type":"ListItem","position":1,"name":"In\u00edcio","item":"https:\/\/www.gtlawyers.com.br\/"},{"@type":"ListItem","position":2,"name":"GTLawyers organiza evento sobre ciberseguran\u00e7a na C\u00e2mara de Com\u00e9rcio Fran\u00e7a Brasil"}]},{"@type":"WebSite","@id":"https:\/\/www.gtlawyers.com.br\/#website","url":"https:\/\/www.gtlawyers.com.br\/","name":"GTLawyers | Escrit\u00f3rio boutique full-service","description":"Escrit\u00f3rio de advocacia franco-brasileiro para empresas especializado em M&amp;A, direito societ\u00e1rio, tribut\u00e1rio, imobili\u00e1rio, contencioso e compliance","publisher":{"@id":"https:\/\/www.gtlawyers.com.br\/#organization"},"alternateName":"GTLawyers","potentialAction":[{"@type":"SearchAction","target":{"@type":"EntryPoint","urlTemplate":"https:\/\/www.gtlawyers.com.br\/?s={search_term_string}"},"query-input":{"@type":"PropertyValueSpecification","valueRequired":true,"valueName":"search_term_string"}}],"inLanguage":"fr-FR"},{"@type":"Organization","@id":"https:\/\/www.gtlawyers.com.br\/#organization","name":"GTLawyers - Escrit\u00f3rio boutique full-service","url":"https:\/\/www.gtlawyers.com.br\/","logo":{"@type":"ImageObject","inLanguage":"fr-FR","@id":"https:\/\/www.gtlawyers.com.br\/#\/schema\/logo\/image\/","url":"https:\/\/www.gtlawyers.com.br\/site\/wp-content\/uploads\/image-3.png","contentUrl":"https:\/\/www.gtlawyers.com.br\/site\/wp-content\/uploads\/image-3.png","width":166,"height":44,"caption":"GTLawyers - Escrit\u00f3rio boutique full-service"},"image":{"@id":"https:\/\/www.gtlawyers.com.br\/#\/schema\/logo\/image\/"},"sameAs":["https:\/\/www.linkedin.com\/company\/gtlawyers\/mycompany\/"]},{"@type":"Person","@id":"https:\/\/www.gtlawyers.com.br\/#\/schema\/person\/98e5d0d0df85fd7cef4aa9878da75a67","name":"ttanzilli","image":{"@type":"ImageObject","inLanguage":"fr-FR","@id":"https:\/\/secure.gravatar.com\/avatar\/295df42180df022e821b6d822b06057b0d8a14abd7a2b2dc65a3001e88c99730?s=96&d=mm&r=g","url":"https:\/\/secure.gravatar.com\/avatar\/295df42180df022e821b6d822b06057b0d8a14abd7a2b2dc65a3001e88c99730?s=96&d=mm&r=g","contentUrl":"https:\/\/secure.gravatar.com\/avatar\/295df42180df022e821b6d822b06057b0d8a14abd7a2b2dc65a3001e88c99730?s=96&d=mm&r=g","caption":"ttanzilli"},"url":"https:\/\/www.gtlawyers.com.br\/fr\/author\/ttanzilli\/"}]}},"_links":{"self":[{"href":"https:\/\/www.gtlawyers.com.br\/fr\/wp-json\/wp\/v2\/posts\/1988","targetHints":{"allow":["GET"]}}],"collection":[{"href":"https:\/\/www.gtlawyers.com.br\/fr\/wp-json\/wp\/v2\/posts"}],"about":[{"href":"https:\/\/www.gtlawyers.com.br\/fr\/wp-json\/wp\/v2\/types\/post"}],"author":[{"embeddable":true,"href":"https:\/\/www.gtlawyers.com.br\/fr\/wp-json\/wp\/v2\/users\/8"}],"replies":[{"embeddable":true,"href":"https:\/\/www.gtlawyers.com.br\/fr\/wp-json\/wp\/v2\/comments?post=1988"}],"version-history":[{"count":1,"href":"https:\/\/www.gtlawyers.com.br\/fr\/wp-json\/wp\/v2\/posts\/1988\/revisions"}],"predecessor-version":[{"id":1991,"href":"https:\/\/www.gtlawyers.com.br\/fr\/wp-json\/wp\/v2\/posts\/1988\/revisions\/1991"}],"wp:featuredmedia":[{"embeddable":true,"href":"https:\/\/www.gtlawyers.com.br\/fr\/wp-json\/wp\/v2\/media\/1993"}],"wp:attachment":[{"href":"https:\/\/www.gtlawyers.com.br\/fr\/wp-json\/wp\/v2\/media?parent=1988"}],"wp:term":[{"taxonomy":"category","embeddable":true,"href":"https:\/\/www.gtlawyers.com.br\/fr\/wp-json\/wp\/v2\/categories?post=1988"},{"taxonomy":"post_tag","embeddable":true,"href":"https:\/\/www.gtlawyers.com.br\/fr\/wp-json\/wp\/v2\/tags?post=1988"}],"curies":[{"name":"wp","href":"https:\/\/api.w.org\/{rel}","templated":true}]}}