{"id":1994,"date":"2025-10-06T13:36:17","date_gmt":"2025-10-06T16:36:17","guid":{"rendered":"https:\/\/www.gtlawyers.com.br\/?p=1994"},"modified":"2025-10-06T13:36:19","modified_gmt":"2025-10-06T16:36:19","slug":"participacao-do-gtlawyers-no-happy-hour-da-camara-de-comercio-do-canada","status":"publish","type":"post","link":"https:\/\/www.gtlawyers.com.br\/fr\/noticia\/participacao-do-gtlawyers-no-happy-hour-da-camara-de-comercio-do-canada\/","title":{"rendered":"Participation de GTLawyers au happy hour de la Chambre de Commerce du Canada"},"content":{"rendered":"<p>Cette semaine, nos avocates Anne-Catherine Brunschwig, Tamy Tanzilli et C\u00e9cile Verdeaux ont particip\u00e9 au happy hour organis\u00e9 par la CCBC - Chambre de Commerce Br\u00e9sil-Canada.<\/p>\n\n\n\n<p>Nous remercions la Chambre pour son accueil chaleureux et l\u2019organisation de l\u2019\u00e9v\u00e9nement. Ce fut un moment \u00e0 la fois convivial et productif, propice aux \u00e9changes d\u2019exp\u00e9riences et au renforcement des liens avec des coll\u00e8gues et des partenaires commerciaux.<\/p>","protected":false},"excerpt":{"rendered":"<p>Nesta semana, nossas advogadas Anne-Catherine Brunschwig, Tamy Tanzilli e C\u00e9cile Verdeaux participaram do happy hour organizado pela CCBC &#8211; Chambre de Commerce Br\u00e9sil-Canada. Agradecemos \u00e0 C\u00e2mara pela recep\u00e7\u00e3o calorosa e pela organiza\u00e7\u00e3o do evento. Foi um momento descontra\u00eddo e produtivo para troca de experi\u00eancias e fortalecimento de conex\u00f5es com colegas e parceiros comerciais.<\/p>","protected":false},"author":8,"featured_media":1995,"comment_status":"open","ping_status":"open","sticky":false,"template":"","format":"standard","meta":{"_acf_changed":false,"footnotes":""},"categories":[7],"tags":[],"class_list":["post-1994","post","type-post","status-publish","format-standard","has-post-thumbnail","hentry","category-noticia"],"acf":[],"yoast_head":"<!-- This site is optimized with the Yoast SEO plugin v27.5 - https:\/\/yoast.com\/product\/yoast-seo-wordpress\/ -->\n<title>Participa\u00e7\u00e3o do GTLawyers no happy hour da C\u00e2mara de com\u00e9rcio do Canada | GTLawyers | Escrit\u00f3rio boutique full-service<\/title>\n<meta name=\"robots\" content=\"index, follow, max-snippet:-1, max-image-preview:large, max-video-preview:-1\" \/>\n<link rel=\"canonical\" href=\"https:\/\/www.gtlawyers.com.br\/fr\/noticia\/participacao-do-gtlawyers-no-happy-hour-da-camara-de-comercio-do-canada\/\" \/>\n<meta property=\"og:locale\" content=\"fr_FR\" \/>\n<meta property=\"og:type\" content=\"article\" \/>\n<meta property=\"og:title\" content=\"Participa\u00e7\u00e3o do GTLawyers no happy hour da C\u00e2mara de com\u00e9rcio do Canada | GTLawyers | Escrit\u00f3rio boutique full-service\" \/>\n<meta property=\"og:description\" content=\"Nesta semana, nossas advogadas Anne-Catherine Brunschwig, Tamy Tanzilli e C\u00e9cile Verdeaux participaram do happy hour organizado pela CCBC &#8211; Chambre de Commerce Br\u00e9sil-Canada. Agradecemos \u00e0 C\u00e2mara pela recep\u00e7\u00e3o calorosa e pela organiza\u00e7\u00e3o do evento. Foi um momento descontra\u00eddo e produtivo para troca de experi\u00eancias e fortalecimento de conex\u00f5es com colegas e parceiros comerciais.\" \/>\n<meta property=\"og:url\" content=\"https:\/\/www.gtlawyers.com.br\/fr\/noticia\/participacao-do-gtlawyers-no-happy-hour-da-camara-de-comercio-do-canada\/\" \/>\n<meta property=\"og:site_name\" content=\"GTLawyers | Escrit\u00f3rio boutique full-service\" \/>\n<meta property=\"article:published_time\" content=\"2025-10-06T16:36:17+00:00\" \/>\n<meta property=\"article:modified_time\" content=\"2025-10-06T16:36:19+00:00\" \/>\n<meta property=\"og:image\" content=\"https:\/\/www.gtlawyers.com.br\/site\/wp-content\/uploads\/Marcos-Mesquita-Fotografia-111.jpg\" \/>\n\t<meta property=\"og:image:width\" content=\"2048\" \/>\n\t<meta property=\"og:image:height\" content=\"1365\" \/>\n\t<meta property=\"og:image:type\" content=\"image\/jpeg\" \/>\n<meta name=\"author\" content=\"ttanzilli\" \/>\n<meta name=\"twitter:card\" content=\"summary_large_image\" \/>\n<meta name=\"twitter:label1\" content=\"\u00c9crit par\" \/>\n\t<meta name=\"twitter:data1\" content=\"ttanzilli\" \/>\n\t<meta name=\"twitter:label2\" content=\"Dur\u00e9e de lecture estim\u00e9e\" \/>\n\t<meta name=\"twitter:data2\" content=\"1 minute\" \/>\n<script type=\"application\/ld+json\" class=\"yoast-schema-graph\">{\"@context\":\"https:\\\/\\\/schema.org\",\"@graph\":[{\"@type\":\"Article\",\"@id\":\"https:\\\/\\\/www.gtlawyers.com.br\\\/noticia\\\/participacao-do-gtlawyers-no-happy-hour-da-camara-de-comercio-do-canada\\\/#article\",\"isPartOf\":{\"@id\":\"https:\\\/\\\/www.gtlawyers.com.br\\\/noticia\\\/participacao-do-gtlawyers-no-happy-hour-da-camara-de-comercio-do-canada\\\/\"},\"author\":{\"name\":\"ttanzilli\",\"@id\":\"https:\\\/\\\/www.gtlawyers.com.br\\\/#\\\/schema\\\/person\\\/98e5d0d0df85fd7cef4aa9878da75a67\"},\"headline\":\"Participa\u00e7\u00e3o do GTLawyers no happy hour da C\u00e2mara de com\u00e9rcio do Canada\",\"datePublished\":\"2025-10-06T16:36:17+00:00\",\"dateModified\":\"2025-10-06T16:36:19+00:00\",\"mainEntityOfPage\":{\"@id\":\"https:\\\/\\\/www.gtlawyers.com.br\\\/noticia\\\/participacao-do-gtlawyers-no-happy-hour-da-camara-de-comercio-do-canada\\\/\"},\"wordCount\":75,\"commentCount\":0,\"publisher\":{\"@id\":\"https:\\\/\\\/www.gtlawyers.com.br\\\/#organization\"},\"image\":{\"@id\":\"https:\\\/\\\/www.gtlawyers.com.br\\\/noticia\\\/participacao-do-gtlawyers-no-happy-hour-da-camara-de-comercio-do-canada\\\/#primaryimage\"},\"thumbnailUrl\":\"https:\\\/\\\/www.gtlawyers.com.br\\\/site\\\/wp-content\\\/uploads\\\/Marcos-Mesquita-Fotografia-111.jpg\",\"articleSection\":[\"News\"],\"inLanguage\":\"fr-FR\",\"potentialAction\":[{\"@type\":\"CommentAction\",\"name\":\"Comment\",\"target\":[\"https:\\\/\\\/www.gtlawyers.com.br\\\/noticia\\\/participacao-do-gtlawyers-no-happy-hour-da-camara-de-comercio-do-canada\\\/#respond\"]}]},{\"@type\":\"WebPage\",\"@id\":\"https:\\\/\\\/www.gtlawyers.com.br\\\/noticia\\\/participacao-do-gtlawyers-no-happy-hour-da-camara-de-comercio-do-canada\\\/\",\"url\":\"https:\\\/\\\/www.gtlawyers.com.br\\\/noticia\\\/participacao-do-gtlawyers-no-happy-hour-da-camara-de-comercio-do-canada\\\/\",\"name\":\"Participa\u00e7\u00e3o do GTLawyers no happy hour da C\u00e2mara de com\u00e9rcio do Canada | GTLawyers | Escrit\u00f3rio boutique full-service\",\"isPartOf\":{\"@id\":\"https:\\\/\\\/www.gtlawyers.com.br\\\/#website\"},\"primaryImageOfPage\":{\"@id\":\"https:\\\/\\\/www.gtlawyers.com.br\\\/noticia\\\/participacao-do-gtlawyers-no-happy-hour-da-camara-de-comercio-do-canada\\\/#primaryimage\"},\"image\":{\"@id\":\"https:\\\/\\\/www.gtlawyers.com.br\\\/noticia\\\/participacao-do-gtlawyers-no-happy-hour-da-camara-de-comercio-do-canada\\\/#primaryimage\"},\"thumbnailUrl\":\"https:\\\/\\\/www.gtlawyers.com.br\\\/site\\\/wp-content\\\/uploads\\\/Marcos-Mesquita-Fotografia-111.jpg\",\"datePublished\":\"2025-10-06T16:36:17+00:00\",\"dateModified\":\"2025-10-06T16:36:19+00:00\",\"breadcrumb\":{\"@id\":\"https:\\\/\\\/www.gtlawyers.com.br\\\/noticia\\\/participacao-do-gtlawyers-no-happy-hour-da-camara-de-comercio-do-canada\\\/#breadcrumb\"},\"inLanguage\":\"fr-FR\",\"potentialAction\":[{\"@type\":\"ReadAction\",\"target\":[\"https:\\\/\\\/www.gtlawyers.com.br\\\/noticia\\\/participacao-do-gtlawyers-no-happy-hour-da-camara-de-comercio-do-canada\\\/\"]}]},{\"@type\":\"ImageObject\",\"inLanguage\":\"fr-FR\",\"@id\":\"https:\\\/\\\/www.gtlawyers.com.br\\\/noticia\\\/participacao-do-gtlawyers-no-happy-hour-da-camara-de-comercio-do-canada\\\/#primaryimage\",\"url\":\"https:\\\/\\\/www.gtlawyers.com.br\\\/site\\\/wp-content\\\/uploads\\\/Marcos-Mesquita-Fotografia-111.jpg\",\"contentUrl\":\"https:\\\/\\\/www.gtlawyers.com.br\\\/site\\\/wp-content\\\/uploads\\\/Marcos-Mesquita-Fotografia-111.jpg\",\"width\":2048,\"height\":1365},{\"@type\":\"BreadcrumbList\",\"@id\":\"https:\\\/\\\/www.gtlawyers.com.br\\\/noticia\\\/participacao-do-gtlawyers-no-happy-hour-da-camara-de-comercio-do-canada\\\/#breadcrumb\",\"itemListElement\":[{\"@type\":\"ListItem\",\"position\":1,\"name\":\"In\u00edcio\",\"item\":\"https:\\\/\\\/www.gtlawyers.com.br\\\/\"},{\"@type\":\"ListItem\",\"position\":2,\"name\":\"Participa\u00e7\u00e3o do GTLawyers no happy hour da C\u00e2mara de com\u00e9rcio do Canada\"}]},{\"@type\":\"WebSite\",\"@id\":\"https:\\\/\\\/www.gtlawyers.com.br\\\/#website\",\"url\":\"https:\\\/\\\/www.gtlawyers.com.br\\\/\",\"name\":\"GTLawyers | Escrit\u00f3rio boutique full-service\",\"description\":\"Escrit\u00f3rio de advocacia franco-brasileiro para empresas especializado em M&amp;A, direito societ\u00e1rio, tribut\u00e1rio, imobili\u00e1rio, contencioso e compliance\",\"publisher\":{\"@id\":\"https:\\\/\\\/www.gtlawyers.com.br\\\/#organization\"},\"alternateName\":\"GTLawyers\",\"potentialAction\":[{\"@type\":\"SearchAction\",\"target\":{\"@type\":\"EntryPoint\",\"urlTemplate\":\"https:\\\/\\\/www.gtlawyers.com.br\\\/?s={search_term_string}\"},\"query-input\":{\"@type\":\"PropertyValueSpecification\",\"valueRequired\":true,\"valueName\":\"search_term_string\"}}],\"inLanguage\":\"fr-FR\"},{\"@type\":\"Organization\",\"@id\":\"https:\\\/\\\/www.gtlawyers.com.br\\\/#organization\",\"name\":\"GTLawyers - Escrit\u00f3rio boutique full-service\",\"url\":\"https:\\\/\\\/www.gtlawyers.com.br\\\/\",\"logo\":{\"@type\":\"ImageObject\",\"inLanguage\":\"fr-FR\",\"@id\":\"https:\\\/\\\/www.gtlawyers.com.br\\\/#\\\/schema\\\/logo\\\/image\\\/\",\"url\":\"https:\\\/\\\/www.gtlawyers.com.br\\\/site\\\/wp-content\\\/uploads\\\/image-3.png\",\"contentUrl\":\"https:\\\/\\\/www.gtlawyers.com.br\\\/site\\\/wp-content\\\/uploads\\\/image-3.png\",\"width\":166,\"height\":44,\"caption\":\"GTLawyers - Escrit\u00f3rio boutique full-service\"},\"image\":{\"@id\":\"https:\\\/\\\/www.gtlawyers.com.br\\\/#\\\/schema\\\/logo\\\/image\\\/\"},\"sameAs\":[\"https:\\\/\\\/www.linkedin.com\\\/company\\\/gtlawyers\\\/mycompany\\\/\"]},{\"@type\":\"Person\",\"@id\":\"https:\\\/\\\/www.gtlawyers.com.br\\\/#\\\/schema\\\/person\\\/98e5d0d0df85fd7cef4aa9878da75a67\",\"name\":\"ttanzilli\",\"image\":{\"@type\":\"ImageObject\",\"inLanguage\":\"fr-FR\",\"@id\":\"https:\\\/\\\/secure.gravatar.com\\\/avatar\\\/295df42180df022e821b6d822b06057b0d8a14abd7a2b2dc65a3001e88c99730?s=96&d=mm&r=g\",\"url\":\"https:\\\/\\\/secure.gravatar.com\\\/avatar\\\/295df42180df022e821b6d822b06057b0d8a14abd7a2b2dc65a3001e88c99730?s=96&d=mm&r=g\",\"contentUrl\":\"https:\\\/\\\/secure.gravatar.com\\\/avatar\\\/295df42180df022e821b6d822b06057b0d8a14abd7a2b2dc65a3001e88c99730?s=96&d=mm&r=g\",\"caption\":\"ttanzilli\"},\"url\":\"https:\\\/\\\/www.gtlawyers.com.br\\\/fr\\\/author\\\/ttanzilli\\\/\"}]}<\/script>\n<!-- \/ Yoast SEO plugin. -->","yoast_head_json":{"title":"Participa\u00e7\u00e3o do GTLawyers no happy hour da C\u00e2mara de com\u00e9rcio do Canada | GTLawyers | Escrit\u00f3rio boutique full-service","robots":{"index":"index","follow":"follow","max-snippet":"max-snippet:-1","max-image-preview":"max-image-preview:large","max-video-preview":"max-video-preview:-1"},"canonical":"https:\/\/www.gtlawyers.com.br\/fr\/noticia\/participacao-do-gtlawyers-no-happy-hour-da-camara-de-comercio-do-canada\/","og_locale":"fr_FR","og_type":"article","og_title":"Participa\u00e7\u00e3o do GTLawyers no happy hour da C\u00e2mara de com\u00e9rcio do Canada | GTLawyers | Escrit\u00f3rio boutique full-service","og_description":"Nesta semana, nossas advogadas Anne-Catherine Brunschwig, Tamy Tanzilli e C\u00e9cile Verdeaux participaram do happy hour organizado pela CCBC &#8211; Chambre de Commerce Br\u00e9sil-Canada. Agradecemos \u00e0 C\u00e2mara pela recep\u00e7\u00e3o calorosa e pela organiza\u00e7\u00e3o do evento. Foi um momento descontra\u00eddo e produtivo para troca de experi\u00eancias e fortalecimento de conex\u00f5es com colegas e parceiros comerciais.","og_url":"https:\/\/www.gtlawyers.com.br\/fr\/noticia\/participacao-do-gtlawyers-no-happy-hour-da-camara-de-comercio-do-canada\/","og_site_name":"GTLawyers | Escrit\u00f3rio boutique full-service","article_published_time":"2025-10-06T16:36:17+00:00","article_modified_time":"2025-10-06T16:36:19+00:00","og_image":[{"width":2048,"height":1365,"url":"https:\/\/www.gtlawyers.com.br\/site\/wp-content\/uploads\/Marcos-Mesquita-Fotografia-111.jpg","type":"image\/jpeg"}],"author":"ttanzilli","twitter_card":"summary_large_image","twitter_misc":{"\u00c9crit par":"ttanzilli","Dur\u00e9e de lecture estim\u00e9e":"1 minute"},"schema":{"@context":"https:\/\/schema.org","@graph":[{"@type":"Article","@id":"https:\/\/www.gtlawyers.com.br\/noticia\/participacao-do-gtlawyers-no-happy-hour-da-camara-de-comercio-do-canada\/#article","isPartOf":{"@id":"https:\/\/www.gtlawyers.com.br\/noticia\/participacao-do-gtlawyers-no-happy-hour-da-camara-de-comercio-do-canada\/"},"author":{"name":"ttanzilli","@id":"https:\/\/www.gtlawyers.com.br\/#\/schema\/person\/98e5d0d0df85fd7cef4aa9878da75a67"},"headline":"Participa\u00e7\u00e3o do GTLawyers no happy hour da C\u00e2mara de com\u00e9rcio do Canada","datePublished":"2025-10-06T16:36:17+00:00","dateModified":"2025-10-06T16:36:19+00:00","mainEntityOfPage":{"@id":"https:\/\/www.gtlawyers.com.br\/noticia\/participacao-do-gtlawyers-no-happy-hour-da-camara-de-comercio-do-canada\/"},"wordCount":75,"commentCount":0,"publisher":{"@id":"https:\/\/www.gtlawyers.com.br\/#organization"},"image":{"@id":"https:\/\/www.gtlawyers.com.br\/noticia\/participacao-do-gtlawyers-no-happy-hour-da-camara-de-comercio-do-canada\/#primaryimage"},"thumbnailUrl":"https:\/\/www.gtlawyers.com.br\/site\/wp-content\/uploads\/Marcos-Mesquita-Fotografia-111.jpg","articleSection":["News"],"inLanguage":"fr-FR","potentialAction":[{"@type":"CommentAction","name":"Comment","target":["https:\/\/www.gtlawyers.com.br\/noticia\/participacao-do-gtlawyers-no-happy-hour-da-camara-de-comercio-do-canada\/#respond"]}]},{"@type":"WebPage","@id":"https:\/\/www.gtlawyers.com.br\/noticia\/participacao-do-gtlawyers-no-happy-hour-da-camara-de-comercio-do-canada\/","url":"https:\/\/www.gtlawyers.com.br\/noticia\/participacao-do-gtlawyers-no-happy-hour-da-camara-de-comercio-do-canada\/","name":"Participa\u00e7\u00e3o do GTLawyers no happy hour da C\u00e2mara de com\u00e9rcio do Canada | GTLawyers | Escrit\u00f3rio boutique full-service","isPartOf":{"@id":"https:\/\/www.gtlawyers.com.br\/#website"},"primaryImageOfPage":{"@id":"https:\/\/www.gtlawyers.com.br\/noticia\/participacao-do-gtlawyers-no-happy-hour-da-camara-de-comercio-do-canada\/#primaryimage"},"image":{"@id":"https:\/\/www.gtlawyers.com.br\/noticia\/participacao-do-gtlawyers-no-happy-hour-da-camara-de-comercio-do-canada\/#primaryimage"},"thumbnailUrl":"https:\/\/www.gtlawyers.com.br\/site\/wp-content\/uploads\/Marcos-Mesquita-Fotografia-111.jpg","datePublished":"2025-10-06T16:36:17+00:00","dateModified":"2025-10-06T16:36:19+00:00","breadcrumb":{"@id":"https:\/\/www.gtlawyers.com.br\/noticia\/participacao-do-gtlawyers-no-happy-hour-da-camara-de-comercio-do-canada\/#breadcrumb"},"inLanguage":"fr-FR","potentialAction":[{"@type":"ReadAction","target":["https:\/\/www.gtlawyers.com.br\/noticia\/participacao-do-gtlawyers-no-happy-hour-da-camara-de-comercio-do-canada\/"]}]},{"@type":"ImageObject","inLanguage":"fr-FR","@id":"https:\/\/www.gtlawyers.com.br\/noticia\/participacao-do-gtlawyers-no-happy-hour-da-camara-de-comercio-do-canada\/#primaryimage","url":"https:\/\/www.gtlawyers.com.br\/site\/wp-content\/uploads\/Marcos-Mesquita-Fotografia-111.jpg","contentUrl":"https:\/\/www.gtlawyers.com.br\/site\/wp-content\/uploads\/Marcos-Mesquita-Fotografia-111.jpg","width":2048,"height":1365},{"@type":"BreadcrumbList","@id":"https:\/\/www.gtlawyers.com.br\/noticia\/participacao-do-gtlawyers-no-happy-hour-da-camara-de-comercio-do-canada\/#breadcrumb","itemListElement":[{"@type":"ListItem","position":1,"name":"In\u00edcio","item":"https:\/\/www.gtlawyers.com.br\/"},{"@type":"ListItem","position":2,"name":"Participa\u00e7\u00e3o do GTLawyers no happy hour da C\u00e2mara de com\u00e9rcio do Canada"}]},{"@type":"WebSite","@id":"https:\/\/www.gtlawyers.com.br\/#website","url":"https:\/\/www.gtlawyers.com.br\/","name":"GTLawyers | Escrit\u00f3rio boutique full-service","description":"Escrit\u00f3rio de advocacia franco-brasileiro para empresas especializado em M&amp;A, direito societ\u00e1rio, tribut\u00e1rio, imobili\u00e1rio, contencioso e compliance","publisher":{"@id":"https:\/\/www.gtlawyers.com.br\/#organization"},"alternateName":"GTLawyers","potentialAction":[{"@type":"SearchAction","target":{"@type":"EntryPoint","urlTemplate":"https:\/\/www.gtlawyers.com.br\/?s={search_term_string}"},"query-input":{"@type":"PropertyValueSpecification","valueRequired":true,"valueName":"search_term_string"}}],"inLanguage":"fr-FR"},{"@type":"Organization","@id":"https:\/\/www.gtlawyers.com.br\/#organization","name":"GTLawyers - Escrit\u00f3rio boutique full-service","url":"https:\/\/www.gtlawyers.com.br\/","logo":{"@type":"ImageObject","inLanguage":"fr-FR","@id":"https:\/\/www.gtlawyers.com.br\/#\/schema\/logo\/image\/","url":"https:\/\/www.gtlawyers.com.br\/site\/wp-content\/uploads\/image-3.png","contentUrl":"https:\/\/www.gtlawyers.com.br\/site\/wp-content\/uploads\/image-3.png","width":166,"height":44,"caption":"GTLawyers - Escrit\u00f3rio boutique full-service"},"image":{"@id":"https:\/\/www.gtlawyers.com.br\/#\/schema\/logo\/image\/"},"sameAs":["https:\/\/www.linkedin.com\/company\/gtlawyers\/mycompany\/"]},{"@type":"Person","@id":"https:\/\/www.gtlawyers.com.br\/#\/schema\/person\/98e5d0d0df85fd7cef4aa9878da75a67","name":"ttanzilli","image":{"@type":"ImageObject","inLanguage":"fr-FR","@id":"https:\/\/secure.gravatar.com\/avatar\/295df42180df022e821b6d822b06057b0d8a14abd7a2b2dc65a3001e88c99730?s=96&d=mm&r=g","url":"https:\/\/secure.gravatar.com\/avatar\/295df42180df022e821b6d822b06057b0d8a14abd7a2b2dc65a3001e88c99730?s=96&d=mm&r=g","contentUrl":"https:\/\/secure.gravatar.com\/avatar\/295df42180df022e821b6d822b06057b0d8a14abd7a2b2dc65a3001e88c99730?s=96&d=mm&r=g","caption":"ttanzilli"},"url":"https:\/\/www.gtlawyers.com.br\/fr\/author\/ttanzilli\/"}]}},"_links":{"self":[{"href":"https:\/\/www.gtlawyers.com.br\/fr\/wp-json\/wp\/v2\/posts\/1994","targetHints":{"allow":["GET"]}}],"collection":[{"href":"https:\/\/www.gtlawyers.com.br\/fr\/wp-json\/wp\/v2\/posts"}],"about":[{"href":"https:\/\/www.gtlawyers.com.br\/fr\/wp-json\/wp\/v2\/types\/post"}],"author":[{"embeddable":true,"href":"https:\/\/www.gtlawyers.com.br\/fr\/wp-json\/wp\/v2\/users\/8"}],"replies":[{"embeddable":true,"href":"https:\/\/www.gtlawyers.com.br\/fr\/wp-json\/wp\/v2\/comments?post=1994"}],"version-history":[{"count":2,"href":"https:\/\/www.gtlawyers.com.br\/fr\/wp-json\/wp\/v2\/posts\/1994\/revisions"}],"predecessor-version":[{"id":1997,"href":"https:\/\/www.gtlawyers.com.br\/fr\/wp-json\/wp\/v2\/posts\/1994\/revisions\/1997"}],"wp:featuredmedia":[{"embeddable":true,"href":"https:\/\/www.gtlawyers.com.br\/fr\/wp-json\/wp\/v2\/media\/1995"}],"wp:attachment":[{"href":"https:\/\/www.gtlawyers.com.br\/fr\/wp-json\/wp\/v2\/media?parent=1994"}],"wp:term":[{"taxonomy":"category","embeddable":true,"href":"https:\/\/www.gtlawyers.com.br\/fr\/wp-json\/wp\/v2\/categories?post=1994"},{"taxonomy":"post_tag","embeddable":true,"href":"https:\/\/www.gtlawyers.com.br\/fr\/wp-json\/wp\/v2\/tags?post=1994"}],"curies":[{"name":"wp","href":"https:\/\/api.w.org\/{rel}","templated":true}]}}