{"id":1998,"date":"2025-10-06T13:40:59","date_gmt":"2025-10-06T16:40:59","guid":{"rendered":"https:\/\/www.gtlawyers.com.br\/?p=1998"},"modified":"2025-10-06T13:41:01","modified_gmt":"2025-10-06T16:41:01","slug":"gtlawyers-marca-presenca-na-soiree-a-la-francaise-da-camara-de-comercio-franca-brasil-ccifb","status":"publish","type":"post","link":"https:\/\/www.gtlawyers.com.br\/fr\/noticia\/gtlawyers-marca-presenca-na-soiree-a-la-francaise-da-camara-de-comercio-franca-brasil-ccifb\/","title":{"rendered":"GTLawyers pr\u00e9sent \u00e0 la Soir\u00e9e \u00e0 la Fran\u00e7aise organis\u00e9e par la Chambre de Commerce France-Br\u00e9sil - CCIFB !"},"content":{"rendered":"<p>Lors de la derni\u00e8re Soir\u00e9e \u00e0 la Fran\u00e7aise, organis\u00e9e par la Chambre de Commerce France-Br\u00e9sil - CCIFB, GTLawyers \u00e9tait de nouveau pr\u00e9sent, renfor\u00e7ant ainsi son lien avec la communaut\u00e9 franco-br\u00e9silienne. Cet \u00e9v\u00e9nement, comme toujours, a \u00e9t\u00e9 une occasion pr\u00e9cieuse pour renforcer les liens, \u00e9changer des exp\u00e9riences et c\u00e9l\u00e9brer les partenariats qui rendent notre action encore plus solide.<\/p>\n\n\n\n<p>Notre cabinet a \u00e9t\u00e9 repr\u00e9sent\u00e9 par Jeanne Puech et Tiago Carneiro Tavano lors de cette nouvelle \u00e9dition de cet \u00e9v\u00e9nement exceptionnel.<\/p>\n\n\n\n<p>Merci \u00e0 la Chambre de Commerce France-Br\u00e9sil - CCIFB de permettre cet espace d\u2019\u00e9change et de rassemblement entre des entreprises qui, comme nous, croient au potentiel et aux synergies entre la France et le Br\u00e9sil.<\/p>","protected":false},"excerpt":{"rendered":"<p>Na \u00faltima Soir\u00e9e \u00e0 la Fran\u00e7aise, organizada pela C\u00e2mara de Com\u00e9rcio Fran\u00e7a Brasil &#8211; CCIFB, o GTLawyers esteve novamente presente, refor\u00e7ando sua conex\u00e3o com a comunidade franco-brasileira. Este evento, como sempre, foi um momento para fortalecer la\u00e7os, trocar experi\u00eancias e celebrar as parcerias que tornam nossa atua\u00e7\u00e3o mais robusta. Nosso escrit\u00f3rio esteve representado por Jeanne [&hellip;]<\/p>\n","protected":false},"author":8,"featured_media":1999,"comment_status":"open","ping_status":"open","sticky":false,"template":"","format":"standard","meta":{"_acf_changed":false,"footnotes":""},"categories":[7],"tags":[],"class_list":["post-1998","post","type-post","status-publish","format-standard","has-post-thumbnail","hentry","category-noticia"],"acf":[],"yoast_head":"<!-- This site is optimized with the Yoast SEO plugin v27.5 - https:\/\/yoast.com\/product\/yoast-seo-wordpress\/ -->\n<title>GTLawyers marca presen\u00e7a na Soir\u00e9e \u00e0 la Fran\u00e7aise da C\u00e2mara de Com\u00e9rcio Fran\u00e7a Brasil - CCIFB | GTLawyers | Escrit\u00f3rio boutique full-service<\/title>\n<meta name=\"robots\" content=\"index, follow, max-snippet:-1, max-image-preview:large, max-video-preview:-1\" \/>\n<link rel=\"canonical\" href=\"https:\/\/www.gtlawyers.com.br\/fr\/noticia\/gtlawyers-marca-presenca-na-soiree-a-la-francaise-da-camara-de-comercio-franca-brasil-ccifb\/\" \/>\n<meta property=\"og:locale\" content=\"fr_FR\" \/>\n<meta property=\"og:type\" content=\"article\" \/>\n<meta property=\"og:title\" content=\"GTLawyers marca presen\u00e7a na Soir\u00e9e \u00e0 la Fran\u00e7aise da C\u00e2mara de Com\u00e9rcio Fran\u00e7a Brasil - CCIFB | GTLawyers | Escrit\u00f3rio boutique full-service\" \/>\n<meta property=\"og:description\" content=\"Na \u00faltima Soir\u00e9e \u00e0 la Fran\u00e7aise, organizada pela C\u00e2mara de Com\u00e9rcio Fran\u00e7a Brasil &#8211; CCIFB, o GTLawyers esteve novamente presente, refor\u00e7ando sua conex\u00e3o com a comunidade franco-brasileira. Este evento, como sempre, foi um momento para fortalecer la\u00e7os, trocar experi\u00eancias e celebrar as parcerias que tornam nossa atua\u00e7\u00e3o mais robusta. Nosso escrit\u00f3rio esteve representado por Jeanne [&hellip;]\" \/>\n<meta property=\"og:url\" content=\"https:\/\/www.gtlawyers.com.br\/fr\/noticia\/gtlawyers-marca-presenca-na-soiree-a-la-francaise-da-camara-de-comercio-franca-brasil-ccifb\/\" \/>\n<meta property=\"og:site_name\" content=\"GTLawyers | Escrit\u00f3rio boutique full-service\" \/>\n<meta property=\"article:published_time\" content=\"2025-10-06T16:40:59+00:00\" \/>\n<meta property=\"article:modified_time\" content=\"2025-10-06T16:41:01+00:00\" \/>\n<meta property=\"og:image\" content=\"https:\/\/www.gtlawyers.com.br\/site\/wp-content\/uploads\/43407d05-43ea-4a26-af6e-4338ee9e7460.jpg\" \/>\n\t<meta property=\"og:image:width\" content=\"1600\" \/>\n\t<meta property=\"og:image:height\" content=\"1200\" \/>\n\t<meta property=\"og:image:type\" content=\"image\/jpeg\" \/>\n<meta name=\"author\" content=\"ttanzilli\" \/>\n<meta name=\"twitter:card\" content=\"summary_large_image\" \/>\n<meta name=\"twitter:label1\" content=\"\u00c9crit par\" \/>\n\t<meta name=\"twitter:data1\" content=\"ttanzilli\" \/>\n\t<meta name=\"twitter:label2\" content=\"Dur\u00e9e de lecture estim\u00e9e\" \/>\n\t<meta name=\"twitter:data2\" content=\"1 minute\" \/>\n<script type=\"application\/ld+json\" class=\"yoast-schema-graph\">{\"@context\":\"https:\\\/\\\/schema.org\",\"@graph\":[{\"@type\":\"Article\",\"@id\":\"https:\\\/\\\/www.gtlawyers.com.br\\\/noticia\\\/gtlawyers-marca-presenca-na-soiree-a-la-francaise-da-camara-de-comercio-franca-brasil-ccifb\\\/#article\",\"isPartOf\":{\"@id\":\"https:\\\/\\\/www.gtlawyers.com.br\\\/noticia\\\/gtlawyers-marca-presenca-na-soiree-a-la-francaise-da-camara-de-comercio-franca-brasil-ccifb\\\/\"},\"author\":{\"name\":\"ttanzilli\",\"@id\":\"https:\\\/\\\/www.gtlawyers.com.br\\\/#\\\/schema\\\/person\\\/98e5d0d0df85fd7cef4aa9878da75a67\"},\"headline\":\"GTLawyers marca presen\u00e7a na Soir\u00e9e \u00e0 la Fran\u00e7aise da C\u00e2mara de Com\u00e9rcio Fran\u00e7a Brasil &#8211; CCIFB\",\"datePublished\":\"2025-10-06T16:40:59+00:00\",\"dateModified\":\"2025-10-06T16:41:01+00:00\",\"mainEntityOfPage\":{\"@id\":\"https:\\\/\\\/www.gtlawyers.com.br\\\/noticia\\\/gtlawyers-marca-presenca-na-soiree-a-la-francaise-da-camara-de-comercio-franca-brasil-ccifb\\\/\"},\"wordCount\":141,\"commentCount\":0,\"publisher\":{\"@id\":\"https:\\\/\\\/www.gtlawyers.com.br\\\/#organization\"},\"image\":{\"@id\":\"https:\\\/\\\/www.gtlawyers.com.br\\\/noticia\\\/gtlawyers-marca-presenca-na-soiree-a-la-francaise-da-camara-de-comercio-franca-brasil-ccifb\\\/#primaryimage\"},\"thumbnailUrl\":\"https:\\\/\\\/www.gtlawyers.com.br\\\/site\\\/wp-content\\\/uploads\\\/43407d05-43ea-4a26-af6e-4338ee9e7460.jpg\",\"articleSection\":[\"News\"],\"inLanguage\":\"fr-FR\",\"potentialAction\":[{\"@type\":\"CommentAction\",\"name\":\"Comment\",\"target\":[\"https:\\\/\\\/www.gtlawyers.com.br\\\/noticia\\\/gtlawyers-marca-presenca-na-soiree-a-la-francaise-da-camara-de-comercio-franca-brasil-ccifb\\\/#respond\"]}]},{\"@type\":\"WebPage\",\"@id\":\"https:\\\/\\\/www.gtlawyers.com.br\\\/noticia\\\/gtlawyers-marca-presenca-na-soiree-a-la-francaise-da-camara-de-comercio-franca-brasil-ccifb\\\/\",\"url\":\"https:\\\/\\\/www.gtlawyers.com.br\\\/noticia\\\/gtlawyers-marca-presenca-na-soiree-a-la-francaise-da-camara-de-comercio-franca-brasil-ccifb\\\/\",\"name\":\"GTLawyers marca presen\u00e7a na Soir\u00e9e \u00e0 la Fran\u00e7aise da C\u00e2mara de Com\u00e9rcio Fran\u00e7a Brasil - CCIFB | GTLawyers | Escrit\u00f3rio boutique full-service\",\"isPartOf\":{\"@id\":\"https:\\\/\\\/www.gtlawyers.com.br\\\/#website\"},\"primaryImageOfPage\":{\"@id\":\"https:\\\/\\\/www.gtlawyers.com.br\\\/noticia\\\/gtlawyers-marca-presenca-na-soiree-a-la-francaise-da-camara-de-comercio-franca-brasil-ccifb\\\/#primaryimage\"},\"image\":{\"@id\":\"https:\\\/\\\/www.gtlawyers.com.br\\\/noticia\\\/gtlawyers-marca-presenca-na-soiree-a-la-francaise-da-camara-de-comercio-franca-brasil-ccifb\\\/#primaryimage\"},\"thumbnailUrl\":\"https:\\\/\\\/www.gtlawyers.com.br\\\/site\\\/wp-content\\\/uploads\\\/43407d05-43ea-4a26-af6e-4338ee9e7460.jpg\",\"datePublished\":\"2025-10-06T16:40:59+00:00\",\"dateModified\":\"2025-10-06T16:41:01+00:00\",\"breadcrumb\":{\"@id\":\"https:\\\/\\\/www.gtlawyers.com.br\\\/noticia\\\/gtlawyers-marca-presenca-na-soiree-a-la-francaise-da-camara-de-comercio-franca-brasil-ccifb\\\/#breadcrumb\"},\"inLanguage\":\"fr-FR\",\"potentialAction\":[{\"@type\":\"ReadAction\",\"target\":[\"https:\\\/\\\/www.gtlawyers.com.br\\\/noticia\\\/gtlawyers-marca-presenca-na-soiree-a-la-francaise-da-camara-de-comercio-franca-brasil-ccifb\\\/\"]}]},{\"@type\":\"ImageObject\",\"inLanguage\":\"fr-FR\",\"@id\":\"https:\\\/\\\/www.gtlawyers.com.br\\\/noticia\\\/gtlawyers-marca-presenca-na-soiree-a-la-francaise-da-camara-de-comercio-franca-brasil-ccifb\\\/#primaryimage\",\"url\":\"https:\\\/\\\/www.gtlawyers.com.br\\\/site\\\/wp-content\\\/uploads\\\/43407d05-43ea-4a26-af6e-4338ee9e7460.jpg\",\"contentUrl\":\"https:\\\/\\\/www.gtlawyers.com.br\\\/site\\\/wp-content\\\/uploads\\\/43407d05-43ea-4a26-af6e-4338ee9e7460.jpg\",\"width\":1600,\"height\":1200},{\"@type\":\"BreadcrumbList\",\"@id\":\"https:\\\/\\\/www.gtlawyers.com.br\\\/noticia\\\/gtlawyers-marca-presenca-na-soiree-a-la-francaise-da-camara-de-comercio-franca-brasil-ccifb\\\/#breadcrumb\",\"itemListElement\":[{\"@type\":\"ListItem\",\"position\":1,\"name\":\"In\u00edcio\",\"item\":\"https:\\\/\\\/www.gtlawyers.com.br\\\/\"},{\"@type\":\"ListItem\",\"position\":2,\"name\":\"GTLawyers marca presen\u00e7a na Soir\u00e9e \u00e0 la Fran\u00e7aise da C\u00e2mara de Com\u00e9rcio Fran\u00e7a Brasil &#8211; CCIFB\"}]},{\"@type\":\"WebSite\",\"@id\":\"https:\\\/\\\/www.gtlawyers.com.br\\\/#website\",\"url\":\"https:\\\/\\\/www.gtlawyers.com.br\\\/\",\"name\":\"GTLawyers | Escrit\u00f3rio boutique full-service\",\"description\":\"Escrit\u00f3rio de advocacia franco-brasileiro para empresas especializado em M&amp;A, direito societ\u00e1rio, tribut\u00e1rio, imobili\u00e1rio, contencioso e compliance\",\"publisher\":{\"@id\":\"https:\\\/\\\/www.gtlawyers.com.br\\\/#organization\"},\"alternateName\":\"GTLawyers\",\"potentialAction\":[{\"@type\":\"SearchAction\",\"target\":{\"@type\":\"EntryPoint\",\"urlTemplate\":\"https:\\\/\\\/www.gtlawyers.com.br\\\/?s={search_term_string}\"},\"query-input\":{\"@type\":\"PropertyValueSpecification\",\"valueRequired\":true,\"valueName\":\"search_term_string\"}}],\"inLanguage\":\"fr-FR\"},{\"@type\":\"Organization\",\"@id\":\"https:\\\/\\\/www.gtlawyers.com.br\\\/#organization\",\"name\":\"GTLawyers - Escrit\u00f3rio boutique full-service\",\"url\":\"https:\\\/\\\/www.gtlawyers.com.br\\\/\",\"logo\":{\"@type\":\"ImageObject\",\"inLanguage\":\"fr-FR\",\"@id\":\"https:\\\/\\\/www.gtlawyers.com.br\\\/#\\\/schema\\\/logo\\\/image\\\/\",\"url\":\"https:\\\/\\\/www.gtlawyers.com.br\\\/site\\\/wp-content\\\/uploads\\\/image-3.png\",\"contentUrl\":\"https:\\\/\\\/www.gtlawyers.com.br\\\/site\\\/wp-content\\\/uploads\\\/image-3.png\",\"width\":166,\"height\":44,\"caption\":\"GTLawyers - Escrit\u00f3rio boutique full-service\"},\"image\":{\"@id\":\"https:\\\/\\\/www.gtlawyers.com.br\\\/#\\\/schema\\\/logo\\\/image\\\/\"},\"sameAs\":[\"https:\\\/\\\/www.linkedin.com\\\/company\\\/gtlawyers\\\/mycompany\\\/\"]},{\"@type\":\"Person\",\"@id\":\"https:\\\/\\\/www.gtlawyers.com.br\\\/#\\\/schema\\\/person\\\/98e5d0d0df85fd7cef4aa9878da75a67\",\"name\":\"ttanzilli\",\"image\":{\"@type\":\"ImageObject\",\"inLanguage\":\"fr-FR\",\"@id\":\"https:\\\/\\\/secure.gravatar.com\\\/avatar\\\/295df42180df022e821b6d822b06057b0d8a14abd7a2b2dc65a3001e88c99730?s=96&d=mm&r=g\",\"url\":\"https:\\\/\\\/secure.gravatar.com\\\/avatar\\\/295df42180df022e821b6d822b06057b0d8a14abd7a2b2dc65a3001e88c99730?s=96&d=mm&r=g\",\"contentUrl\":\"https:\\\/\\\/secure.gravatar.com\\\/avatar\\\/295df42180df022e821b6d822b06057b0d8a14abd7a2b2dc65a3001e88c99730?s=96&d=mm&r=g\",\"caption\":\"ttanzilli\"},\"url\":\"https:\\\/\\\/www.gtlawyers.com.br\\\/fr\\\/author\\\/ttanzilli\\\/\"}]}<\/script>\n<!-- \/ Yoast SEO plugin. -->","yoast_head_json":{"title":"GTLawyers marca presen\u00e7a na Soir\u00e9e \u00e0 la Fran\u00e7aise da C\u00e2mara de Com\u00e9rcio Fran\u00e7a Brasil - CCIFB | GTLawyers | Escrit\u00f3rio boutique full-service","robots":{"index":"index","follow":"follow","max-snippet":"max-snippet:-1","max-image-preview":"max-image-preview:large","max-video-preview":"max-video-preview:-1"},"canonical":"https:\/\/www.gtlawyers.com.br\/fr\/noticia\/gtlawyers-marca-presenca-na-soiree-a-la-francaise-da-camara-de-comercio-franca-brasil-ccifb\/","og_locale":"fr_FR","og_type":"article","og_title":"GTLawyers marca presen\u00e7a na Soir\u00e9e \u00e0 la Fran\u00e7aise da C\u00e2mara de Com\u00e9rcio Fran\u00e7a Brasil - CCIFB | GTLawyers | Escrit\u00f3rio boutique full-service","og_description":"Na \u00faltima Soir\u00e9e \u00e0 la Fran\u00e7aise, organizada pela C\u00e2mara de Com\u00e9rcio Fran\u00e7a Brasil &#8211; CCIFB, o GTLawyers esteve novamente presente, refor\u00e7ando sua conex\u00e3o com a comunidade franco-brasileira. Este evento, como sempre, foi um momento para fortalecer la\u00e7os, trocar experi\u00eancias e celebrar as parcerias que tornam nossa atua\u00e7\u00e3o mais robusta. Nosso escrit\u00f3rio esteve representado por Jeanne [&hellip;]","og_url":"https:\/\/www.gtlawyers.com.br\/fr\/noticia\/gtlawyers-marca-presenca-na-soiree-a-la-francaise-da-camara-de-comercio-franca-brasil-ccifb\/","og_site_name":"GTLawyers | Escrit\u00f3rio boutique full-service","article_published_time":"2025-10-06T16:40:59+00:00","article_modified_time":"2025-10-06T16:41:01+00:00","og_image":[{"width":1600,"height":1200,"url":"https:\/\/www.gtlawyers.com.br\/site\/wp-content\/uploads\/43407d05-43ea-4a26-af6e-4338ee9e7460.jpg","type":"image\/jpeg"}],"author":"ttanzilli","twitter_card":"summary_large_image","twitter_misc":{"\u00c9crit par":"ttanzilli","Dur\u00e9e de lecture estim\u00e9e":"1 minute"},"schema":{"@context":"https:\/\/schema.org","@graph":[{"@type":"Article","@id":"https:\/\/www.gtlawyers.com.br\/noticia\/gtlawyers-marca-presenca-na-soiree-a-la-francaise-da-camara-de-comercio-franca-brasil-ccifb\/#article","isPartOf":{"@id":"https:\/\/www.gtlawyers.com.br\/noticia\/gtlawyers-marca-presenca-na-soiree-a-la-francaise-da-camara-de-comercio-franca-brasil-ccifb\/"},"author":{"name":"ttanzilli","@id":"https:\/\/www.gtlawyers.com.br\/#\/schema\/person\/98e5d0d0df85fd7cef4aa9878da75a67"},"headline":"GTLawyers marca presen\u00e7a na Soir\u00e9e \u00e0 la Fran\u00e7aise da C\u00e2mara de Com\u00e9rcio Fran\u00e7a Brasil &#8211; CCIFB","datePublished":"2025-10-06T16:40:59+00:00","dateModified":"2025-10-06T16:41:01+00:00","mainEntityOfPage":{"@id":"https:\/\/www.gtlawyers.com.br\/noticia\/gtlawyers-marca-presenca-na-soiree-a-la-francaise-da-camara-de-comercio-franca-brasil-ccifb\/"},"wordCount":141,"commentCount":0,"publisher":{"@id":"https:\/\/www.gtlawyers.com.br\/#organization"},"image":{"@id":"https:\/\/www.gtlawyers.com.br\/noticia\/gtlawyers-marca-presenca-na-soiree-a-la-francaise-da-camara-de-comercio-franca-brasil-ccifb\/#primaryimage"},"thumbnailUrl":"https:\/\/www.gtlawyers.com.br\/site\/wp-content\/uploads\/43407d05-43ea-4a26-af6e-4338ee9e7460.jpg","articleSection":["News"],"inLanguage":"fr-FR","potentialAction":[{"@type":"CommentAction","name":"Comment","target":["https:\/\/www.gtlawyers.com.br\/noticia\/gtlawyers-marca-presenca-na-soiree-a-la-francaise-da-camara-de-comercio-franca-brasil-ccifb\/#respond"]}]},{"@type":"WebPage","@id":"https:\/\/www.gtlawyers.com.br\/noticia\/gtlawyers-marca-presenca-na-soiree-a-la-francaise-da-camara-de-comercio-franca-brasil-ccifb\/","url":"https:\/\/www.gtlawyers.com.br\/noticia\/gtlawyers-marca-presenca-na-soiree-a-la-francaise-da-camara-de-comercio-franca-brasil-ccifb\/","name":"GTLawyers marca presen\u00e7a na Soir\u00e9e \u00e0 la Fran\u00e7aise da C\u00e2mara de Com\u00e9rcio Fran\u00e7a Brasil - CCIFB | GTLawyers | Escrit\u00f3rio boutique full-service","isPartOf":{"@id":"https:\/\/www.gtlawyers.com.br\/#website"},"primaryImageOfPage":{"@id":"https:\/\/www.gtlawyers.com.br\/noticia\/gtlawyers-marca-presenca-na-soiree-a-la-francaise-da-camara-de-comercio-franca-brasil-ccifb\/#primaryimage"},"image":{"@id":"https:\/\/www.gtlawyers.com.br\/noticia\/gtlawyers-marca-presenca-na-soiree-a-la-francaise-da-camara-de-comercio-franca-brasil-ccifb\/#primaryimage"},"thumbnailUrl":"https:\/\/www.gtlawyers.com.br\/site\/wp-content\/uploads\/43407d05-43ea-4a26-af6e-4338ee9e7460.jpg","datePublished":"2025-10-06T16:40:59+00:00","dateModified":"2025-10-06T16:41:01+00:00","breadcrumb":{"@id":"https:\/\/www.gtlawyers.com.br\/noticia\/gtlawyers-marca-presenca-na-soiree-a-la-francaise-da-camara-de-comercio-franca-brasil-ccifb\/#breadcrumb"},"inLanguage":"fr-FR","potentialAction":[{"@type":"ReadAction","target":["https:\/\/www.gtlawyers.com.br\/noticia\/gtlawyers-marca-presenca-na-soiree-a-la-francaise-da-camara-de-comercio-franca-brasil-ccifb\/"]}]},{"@type":"ImageObject","inLanguage":"fr-FR","@id":"https:\/\/www.gtlawyers.com.br\/noticia\/gtlawyers-marca-presenca-na-soiree-a-la-francaise-da-camara-de-comercio-franca-brasil-ccifb\/#primaryimage","url":"https:\/\/www.gtlawyers.com.br\/site\/wp-content\/uploads\/43407d05-43ea-4a26-af6e-4338ee9e7460.jpg","contentUrl":"https:\/\/www.gtlawyers.com.br\/site\/wp-content\/uploads\/43407d05-43ea-4a26-af6e-4338ee9e7460.jpg","width":1600,"height":1200},{"@type":"BreadcrumbList","@id":"https:\/\/www.gtlawyers.com.br\/noticia\/gtlawyers-marca-presenca-na-soiree-a-la-francaise-da-camara-de-comercio-franca-brasil-ccifb\/#breadcrumb","itemListElement":[{"@type":"ListItem","position":1,"name":"In\u00edcio","item":"https:\/\/www.gtlawyers.com.br\/"},{"@type":"ListItem","position":2,"name":"GTLawyers marca presen\u00e7a na Soir\u00e9e \u00e0 la Fran\u00e7aise da C\u00e2mara de Com\u00e9rcio Fran\u00e7a Brasil &#8211; CCIFB"}]},{"@type":"WebSite","@id":"https:\/\/www.gtlawyers.com.br\/#website","url":"https:\/\/www.gtlawyers.com.br\/","name":"GTLawyers | Escrit\u00f3rio boutique full-service","description":"Escrit\u00f3rio de advocacia franco-brasileiro para empresas especializado em M&amp;A, direito societ\u00e1rio, tribut\u00e1rio, imobili\u00e1rio, contencioso e compliance","publisher":{"@id":"https:\/\/www.gtlawyers.com.br\/#organization"},"alternateName":"GTLawyers","potentialAction":[{"@type":"SearchAction","target":{"@type":"EntryPoint","urlTemplate":"https:\/\/www.gtlawyers.com.br\/?s={search_term_string}"},"query-input":{"@type":"PropertyValueSpecification","valueRequired":true,"valueName":"search_term_string"}}],"inLanguage":"fr-FR"},{"@type":"Organization","@id":"https:\/\/www.gtlawyers.com.br\/#organization","name":"GTLawyers - Escrit\u00f3rio boutique full-service","url":"https:\/\/www.gtlawyers.com.br\/","logo":{"@type":"ImageObject","inLanguage":"fr-FR","@id":"https:\/\/www.gtlawyers.com.br\/#\/schema\/logo\/image\/","url":"https:\/\/www.gtlawyers.com.br\/site\/wp-content\/uploads\/image-3.png","contentUrl":"https:\/\/www.gtlawyers.com.br\/site\/wp-content\/uploads\/image-3.png","width":166,"height":44,"caption":"GTLawyers - Escrit\u00f3rio boutique full-service"},"image":{"@id":"https:\/\/www.gtlawyers.com.br\/#\/schema\/logo\/image\/"},"sameAs":["https:\/\/www.linkedin.com\/company\/gtlawyers\/mycompany\/"]},{"@type":"Person","@id":"https:\/\/www.gtlawyers.com.br\/#\/schema\/person\/98e5d0d0df85fd7cef4aa9878da75a67","name":"ttanzilli","image":{"@type":"ImageObject","inLanguage":"fr-FR","@id":"https:\/\/secure.gravatar.com\/avatar\/295df42180df022e821b6d822b06057b0d8a14abd7a2b2dc65a3001e88c99730?s=96&d=mm&r=g","url":"https:\/\/secure.gravatar.com\/avatar\/295df42180df022e821b6d822b06057b0d8a14abd7a2b2dc65a3001e88c99730?s=96&d=mm&r=g","contentUrl":"https:\/\/secure.gravatar.com\/avatar\/295df42180df022e821b6d822b06057b0d8a14abd7a2b2dc65a3001e88c99730?s=96&d=mm&r=g","caption":"ttanzilli"},"url":"https:\/\/www.gtlawyers.com.br\/fr\/author\/ttanzilli\/"}]}},"_links":{"self":[{"href":"https:\/\/www.gtlawyers.com.br\/fr\/wp-json\/wp\/v2\/posts\/1998","targetHints":{"allow":["GET"]}}],"collection":[{"href":"https:\/\/www.gtlawyers.com.br\/fr\/wp-json\/wp\/v2\/posts"}],"about":[{"href":"https:\/\/www.gtlawyers.com.br\/fr\/wp-json\/wp\/v2\/types\/post"}],"author":[{"embeddable":true,"href":"https:\/\/www.gtlawyers.com.br\/fr\/wp-json\/wp\/v2\/users\/8"}],"replies":[{"embeddable":true,"href":"https:\/\/www.gtlawyers.com.br\/fr\/wp-json\/wp\/v2\/comments?post=1998"}],"version-history":[{"count":1,"href":"https:\/\/www.gtlawyers.com.br\/fr\/wp-json\/wp\/v2\/posts\/1998\/revisions"}],"predecessor-version":[{"id":2000,"href":"https:\/\/www.gtlawyers.com.br\/fr\/wp-json\/wp\/v2\/posts\/1998\/revisions\/2000"}],"wp:featuredmedia":[{"embeddable":true,"href":"https:\/\/www.gtlawyers.com.br\/fr\/wp-json\/wp\/v2\/media\/1999"}],"wp:attachment":[{"href":"https:\/\/www.gtlawyers.com.br\/fr\/wp-json\/wp\/v2\/media?parent=1998"}],"wp:term":[{"taxonomy":"category","embeddable":true,"href":"https:\/\/www.gtlawyers.com.br\/fr\/wp-json\/wp\/v2\/categories?post=1998"},{"taxonomy":"post_tag","embeddable":true,"href":"https:\/\/www.gtlawyers.com.br\/fr\/wp-json\/wp\/v2\/tags?post=1998"}],"curies":[{"name":"wp","href":"https:\/\/api.w.org\/{rel}","templated":true}]}}