{"id":2018,"date":"2025-10-13T16:05:09","date_gmt":"2025-10-13T19:05:09","guid":{"rendered":"https:\/\/www.gtlawyers.com.br\/?p=2018"},"modified":"2025-10-13T16:05:10","modified_gmt":"2025-10-13T19:05:10","slug":"gtlawyers-organiza-um-dia-das-criancas-para-as-criancas-do-lar-batista","status":"publish","type":"post","link":"https:\/\/www.gtlawyers.com.br\/fr\/noticia\/gtlawyers-organiza-um-dia-das-criancas-para-as-criancas-do-lar-batista\/","title":{"rendered":"GTLawyers organise une journ\u00e9e des enfants pour les enfants du Lar Batista"},"content":{"rendered":"<p>Ce week-end, nous avons eu l\u2019honneur d\u2019organiser une journ\u00e9e sp\u00e9ciale avec les enfants du Lar Batista de Crian\u00e7as, situ\u00e9 \u00e0 Cidade Tiradentes.<\/p>\n\n\n\n<p>En plus du soutien financier que nous apportons pour garantir la pr\u00e9sence de psychologues qui prennent soin de la sant\u00e9 \u00e9motionnelle de ces enfants, nous voulions faire davantage. C\u2019est pourquoi nous avons consacr\u00e9 cette journ\u00e9e \u00e0 cr\u00e9er des moments uniques de joie et de partage.<\/p>\n\n\n\n<p>Nous souhaitons adresser nos sinc\u00e8res remerciements \u00e0 l\u2019\u00e9quipe de b\u00e9n\u00e9voles de GTLawyers : \u00e0 ceux qui \u00e9taient pr\u00e9sents, animant des ateliers et apportant des sourires, mais aussi \u00e0 ceux qui n\u2019ont pas pu \u00eatre l\u00e0, mais ont tenu \u00e0 envoyer des cadeaux aux enfants.<\/p>\n\n\n\n<p>Nos remerciements vont \u00e9galement aux travailleurs et \u00e9ducateurs du Lar Batista, qui consacrent quotidiennement leur temps et leur soin \u00e0 transformer la vie de ces enfants.<\/p>\n\n\n\n<p>Et enfin, un immense merci aux enfants, qui nous ont remplis de joie et rappel\u00e9 l\u2019importance de donner, d\u2019aider et de partager.<\/p>\n\n\n\n<figure class=\"wp-block-image size-full\"><img loading=\"lazy\" decoding=\"async\" width=\"940\" height=\"788\" src=\"https:\/\/www.gtlawyers.com.br\/site\/wp-content\/uploads\/Design-sem-nome-9.png\" alt=\"\" class=\"wp-image-2019\" srcset=\"https:\/\/www.gtlawyers.com.br\/site\/wp-content\/uploads\/Design-sem-nome-9.png 940w, https:\/\/www.gtlawyers.com.br\/site\/wp-content\/uploads\/Design-sem-nome-9-300x251.png 300w, https:\/\/www.gtlawyers.com.br\/site\/wp-content\/uploads\/Design-sem-nome-9-150x126.png 150w, https:\/\/www.gtlawyers.com.br\/site\/wp-content\/uploads\/Design-sem-nome-9-768x644.png 768w, https:\/\/www.gtlawyers.com.br\/site\/wp-content\/uploads\/Design-sem-nome-9-14x12.png 14w\" sizes=\"auto, (max-width: 940px) 100vw, 940px\" \/><\/figure>","protected":false},"excerpt":{"rendered":"<p>Neste final de semana, tivemos a honra de organizar uma jornada especial com as crian\u00e7as do Lar Batista de Crian\u00e7as Cid. Tiradentes. Al\u00e9m do apoio financeiro que oferecemos para garantir a presen\u00e7a de psic\u00f3logos que cuidam da sa\u00fade emocional dessas crian\u00e7as, quer\u00edamos fazer mais. Por isso, dedicamos este dia a criar momentos \u00fanicos de alegria [&hellip;]<\/p>\n","protected":false},"author":8,"featured_media":2019,"comment_status":"open","ping_status":"open","sticky":false,"template":"","format":"standard","meta":{"_acf_changed":false,"footnotes":""},"categories":[7],"tags":[],"class_list":["post-2018","post","type-post","status-publish","format-standard","has-post-thumbnail","hentry","category-noticia"],"acf":[],"yoast_head":"<!-- This site is optimized with the Yoast SEO plugin v27.5 - https:\/\/yoast.com\/product\/yoast-seo-wordpress\/ -->\n<title>GTLawyers organiza um dia das crian\u00e7as para as crian\u00e7as do Lar Batista | GTLawyers | Escrit\u00f3rio boutique full-service<\/title>\n<meta name=\"robots\" content=\"index, follow, max-snippet:-1, max-image-preview:large, max-video-preview:-1\" \/>\n<link rel=\"canonical\" href=\"https:\/\/www.gtlawyers.com.br\/fr\/noticia\/gtlawyers-organiza-um-dia-das-criancas-para-as-criancas-do-lar-batista\/\" \/>\n<meta property=\"og:locale\" content=\"fr_FR\" \/>\n<meta property=\"og:type\" content=\"article\" \/>\n<meta property=\"og:title\" content=\"GTLawyers organiza um dia das crian\u00e7as para as crian\u00e7as do Lar Batista | GTLawyers | Escrit\u00f3rio boutique full-service\" \/>\n<meta property=\"og:description\" content=\"Neste final de semana, tivemos a honra de organizar uma jornada especial com as crian\u00e7as do Lar Batista de Crian\u00e7as Cid. Tiradentes. Al\u00e9m do apoio financeiro que oferecemos para garantir a presen\u00e7a de psic\u00f3logos que cuidam da sa\u00fade emocional dessas crian\u00e7as, quer\u00edamos fazer mais. Por isso, dedicamos este dia a criar momentos \u00fanicos de alegria [&hellip;]\" \/>\n<meta property=\"og:url\" content=\"https:\/\/www.gtlawyers.com.br\/fr\/noticia\/gtlawyers-organiza-um-dia-das-criancas-para-as-criancas-do-lar-batista\/\" \/>\n<meta property=\"og:site_name\" content=\"GTLawyers | Escrit\u00f3rio boutique full-service\" \/>\n<meta property=\"article:published_time\" content=\"2025-10-13T19:05:09+00:00\" \/>\n<meta property=\"article:modified_time\" content=\"2025-10-13T19:05:10+00:00\" \/>\n<meta property=\"og:image\" content=\"https:\/\/www.gtlawyers.com.br\/site\/wp-content\/uploads\/Design-sem-nome-9.png\" \/>\n\t<meta property=\"og:image:width\" content=\"940\" \/>\n\t<meta property=\"og:image:height\" content=\"788\" \/>\n\t<meta property=\"og:image:type\" content=\"image\/png\" \/>\n<meta name=\"author\" content=\"ttanzilli\" \/>\n<meta name=\"twitter:card\" content=\"summary_large_image\" \/>\n<meta name=\"twitter:label1\" content=\"\u00c9crit par\" \/>\n\t<meta name=\"twitter:data1\" content=\"ttanzilli\" \/>\n\t<meta name=\"twitter:label2\" content=\"Dur\u00e9e de lecture estim\u00e9e\" \/>\n\t<meta name=\"twitter:data2\" content=\"2 minutes\" \/>\n<script type=\"application\/ld+json\" class=\"yoast-schema-graph\">{\"@context\":\"https:\\\/\\\/schema.org\",\"@graph\":[{\"@type\":\"Article\",\"@id\":\"https:\\\/\\\/www.gtlawyers.com.br\\\/noticia\\\/gtlawyers-organiza-um-dia-das-criancas-para-as-criancas-do-lar-batista\\\/#article\",\"isPartOf\":{\"@id\":\"https:\\\/\\\/www.gtlawyers.com.br\\\/noticia\\\/gtlawyers-organiza-um-dia-das-criancas-para-as-criancas-do-lar-batista\\\/\"},\"author\":{\"name\":\"ttanzilli\",\"@id\":\"https:\\\/\\\/www.gtlawyers.com.br\\\/#\\\/schema\\\/person\\\/98e5d0d0df85fd7cef4aa9878da75a67\"},\"headline\":\"GTLawyers organiza um dia das crian\u00e7as para as crian\u00e7as do Lar Batista\",\"datePublished\":\"2025-10-13T19:05:09+00:00\",\"dateModified\":\"2025-10-13T19:05:10+00:00\",\"mainEntityOfPage\":{\"@id\":\"https:\\\/\\\/www.gtlawyers.com.br\\\/noticia\\\/gtlawyers-organiza-um-dia-das-criancas-para-as-criancas-do-lar-batista\\\/\"},\"wordCount\":169,\"commentCount\":0,\"publisher\":{\"@id\":\"https:\\\/\\\/www.gtlawyers.com.br\\\/#organization\"},\"image\":{\"@id\":\"https:\\\/\\\/www.gtlawyers.com.br\\\/noticia\\\/gtlawyers-organiza-um-dia-das-criancas-para-as-criancas-do-lar-batista\\\/#primaryimage\"},\"thumbnailUrl\":\"https:\\\/\\\/www.gtlawyers.com.br\\\/site\\\/wp-content\\\/uploads\\\/Design-sem-nome-9.png\",\"articleSection\":[\"News\"],\"inLanguage\":\"fr-FR\",\"potentialAction\":[{\"@type\":\"CommentAction\",\"name\":\"Comment\",\"target\":[\"https:\\\/\\\/www.gtlawyers.com.br\\\/noticia\\\/gtlawyers-organiza-um-dia-das-criancas-para-as-criancas-do-lar-batista\\\/#respond\"]}]},{\"@type\":\"WebPage\",\"@id\":\"https:\\\/\\\/www.gtlawyers.com.br\\\/noticia\\\/gtlawyers-organiza-um-dia-das-criancas-para-as-criancas-do-lar-batista\\\/\",\"url\":\"https:\\\/\\\/www.gtlawyers.com.br\\\/noticia\\\/gtlawyers-organiza-um-dia-das-criancas-para-as-criancas-do-lar-batista\\\/\",\"name\":\"GTLawyers organiza um dia das crian\u00e7as para as crian\u00e7as do Lar Batista | GTLawyers | Escrit\u00f3rio boutique full-service\",\"isPartOf\":{\"@id\":\"https:\\\/\\\/www.gtlawyers.com.br\\\/#website\"},\"primaryImageOfPage\":{\"@id\":\"https:\\\/\\\/www.gtlawyers.com.br\\\/noticia\\\/gtlawyers-organiza-um-dia-das-criancas-para-as-criancas-do-lar-batista\\\/#primaryimage\"},\"image\":{\"@id\":\"https:\\\/\\\/www.gtlawyers.com.br\\\/noticia\\\/gtlawyers-organiza-um-dia-das-criancas-para-as-criancas-do-lar-batista\\\/#primaryimage\"},\"thumbnailUrl\":\"https:\\\/\\\/www.gtlawyers.com.br\\\/site\\\/wp-content\\\/uploads\\\/Design-sem-nome-9.png\",\"datePublished\":\"2025-10-13T19:05:09+00:00\",\"dateModified\":\"2025-10-13T19:05:10+00:00\",\"breadcrumb\":{\"@id\":\"https:\\\/\\\/www.gtlawyers.com.br\\\/noticia\\\/gtlawyers-organiza-um-dia-das-criancas-para-as-criancas-do-lar-batista\\\/#breadcrumb\"},\"inLanguage\":\"fr-FR\",\"potentialAction\":[{\"@type\":\"ReadAction\",\"target\":[\"https:\\\/\\\/www.gtlawyers.com.br\\\/noticia\\\/gtlawyers-organiza-um-dia-das-criancas-para-as-criancas-do-lar-batista\\\/\"]}]},{\"@type\":\"ImageObject\",\"inLanguage\":\"fr-FR\",\"@id\":\"https:\\\/\\\/www.gtlawyers.com.br\\\/noticia\\\/gtlawyers-organiza-um-dia-das-criancas-para-as-criancas-do-lar-batista\\\/#primaryimage\",\"url\":\"https:\\\/\\\/www.gtlawyers.com.br\\\/site\\\/wp-content\\\/uploads\\\/Design-sem-nome-9.png\",\"contentUrl\":\"https:\\\/\\\/www.gtlawyers.com.br\\\/site\\\/wp-content\\\/uploads\\\/Design-sem-nome-9.png\",\"width\":940,\"height\":788},{\"@type\":\"BreadcrumbList\",\"@id\":\"https:\\\/\\\/www.gtlawyers.com.br\\\/noticia\\\/gtlawyers-organiza-um-dia-das-criancas-para-as-criancas-do-lar-batista\\\/#breadcrumb\",\"itemListElement\":[{\"@type\":\"ListItem\",\"position\":1,\"name\":\"In\u00edcio\",\"item\":\"https:\\\/\\\/www.gtlawyers.com.br\\\/\"},{\"@type\":\"ListItem\",\"position\":2,\"name\":\"GTLawyers organiza um dia das crian\u00e7as para as crian\u00e7as do Lar Batista\"}]},{\"@type\":\"WebSite\",\"@id\":\"https:\\\/\\\/www.gtlawyers.com.br\\\/#website\",\"url\":\"https:\\\/\\\/www.gtlawyers.com.br\\\/\",\"name\":\"GTLawyers | Escrit\u00f3rio boutique full-service\",\"description\":\"Escrit\u00f3rio de advocacia franco-brasileiro para empresas especializado em M&amp;A, direito societ\u00e1rio, tribut\u00e1rio, imobili\u00e1rio, contencioso e compliance\",\"publisher\":{\"@id\":\"https:\\\/\\\/www.gtlawyers.com.br\\\/#organization\"},\"alternateName\":\"GTLawyers\",\"potentialAction\":[{\"@type\":\"SearchAction\",\"target\":{\"@type\":\"EntryPoint\",\"urlTemplate\":\"https:\\\/\\\/www.gtlawyers.com.br\\\/?s={search_term_string}\"},\"query-input\":{\"@type\":\"PropertyValueSpecification\",\"valueRequired\":true,\"valueName\":\"search_term_string\"}}],\"inLanguage\":\"fr-FR\"},{\"@type\":\"Organization\",\"@id\":\"https:\\\/\\\/www.gtlawyers.com.br\\\/#organization\",\"name\":\"GTLawyers - Escrit\u00f3rio boutique full-service\",\"url\":\"https:\\\/\\\/www.gtlawyers.com.br\\\/\",\"logo\":{\"@type\":\"ImageObject\",\"inLanguage\":\"fr-FR\",\"@id\":\"https:\\\/\\\/www.gtlawyers.com.br\\\/#\\\/schema\\\/logo\\\/image\\\/\",\"url\":\"https:\\\/\\\/www.gtlawyers.com.br\\\/site\\\/wp-content\\\/uploads\\\/image-3.png\",\"contentUrl\":\"https:\\\/\\\/www.gtlawyers.com.br\\\/site\\\/wp-content\\\/uploads\\\/image-3.png\",\"width\":166,\"height\":44,\"caption\":\"GTLawyers - Escrit\u00f3rio boutique full-service\"},\"image\":{\"@id\":\"https:\\\/\\\/www.gtlawyers.com.br\\\/#\\\/schema\\\/logo\\\/image\\\/\"},\"sameAs\":[\"https:\\\/\\\/www.linkedin.com\\\/company\\\/gtlawyers\\\/mycompany\\\/\"]},{\"@type\":\"Person\",\"@id\":\"https:\\\/\\\/www.gtlawyers.com.br\\\/#\\\/schema\\\/person\\\/98e5d0d0df85fd7cef4aa9878da75a67\",\"name\":\"ttanzilli\",\"image\":{\"@type\":\"ImageObject\",\"inLanguage\":\"fr-FR\",\"@id\":\"https:\\\/\\\/secure.gravatar.com\\\/avatar\\\/295df42180df022e821b6d822b06057b0d8a14abd7a2b2dc65a3001e88c99730?s=96&d=mm&r=g\",\"url\":\"https:\\\/\\\/secure.gravatar.com\\\/avatar\\\/295df42180df022e821b6d822b06057b0d8a14abd7a2b2dc65a3001e88c99730?s=96&d=mm&r=g\",\"contentUrl\":\"https:\\\/\\\/secure.gravatar.com\\\/avatar\\\/295df42180df022e821b6d822b06057b0d8a14abd7a2b2dc65a3001e88c99730?s=96&d=mm&r=g\",\"caption\":\"ttanzilli\"},\"url\":\"https:\\\/\\\/www.gtlawyers.com.br\\\/fr\\\/author\\\/ttanzilli\\\/\"}]}<\/script>\n<!-- \/ Yoast SEO plugin. -->","yoast_head_json":{"title":"GTLawyers organiza um dia das crian\u00e7as para as crian\u00e7as do Lar Batista | GTLawyers | Escrit\u00f3rio boutique full-service","robots":{"index":"index","follow":"follow","max-snippet":"max-snippet:-1","max-image-preview":"max-image-preview:large","max-video-preview":"max-video-preview:-1"},"canonical":"https:\/\/www.gtlawyers.com.br\/fr\/noticia\/gtlawyers-organiza-um-dia-das-criancas-para-as-criancas-do-lar-batista\/","og_locale":"fr_FR","og_type":"article","og_title":"GTLawyers organiza um dia das crian\u00e7as para as crian\u00e7as do Lar Batista | GTLawyers | Escrit\u00f3rio boutique full-service","og_description":"Neste final de semana, tivemos a honra de organizar uma jornada especial com as crian\u00e7as do Lar Batista de Crian\u00e7as Cid. Tiradentes. Al\u00e9m do apoio financeiro que oferecemos para garantir a presen\u00e7a de psic\u00f3logos que cuidam da sa\u00fade emocional dessas crian\u00e7as, quer\u00edamos fazer mais. Por isso, dedicamos este dia a criar momentos \u00fanicos de alegria [&hellip;]","og_url":"https:\/\/www.gtlawyers.com.br\/fr\/noticia\/gtlawyers-organiza-um-dia-das-criancas-para-as-criancas-do-lar-batista\/","og_site_name":"GTLawyers | Escrit\u00f3rio boutique full-service","article_published_time":"2025-10-13T19:05:09+00:00","article_modified_time":"2025-10-13T19:05:10+00:00","og_image":[{"width":940,"height":788,"url":"https:\/\/www.gtlawyers.com.br\/site\/wp-content\/uploads\/Design-sem-nome-9.png","type":"image\/png"}],"author":"ttanzilli","twitter_card":"summary_large_image","twitter_misc":{"\u00c9crit par":"ttanzilli","Dur\u00e9e de lecture estim\u00e9e":"2 minutes"},"schema":{"@context":"https:\/\/schema.org","@graph":[{"@type":"Article","@id":"https:\/\/www.gtlawyers.com.br\/noticia\/gtlawyers-organiza-um-dia-das-criancas-para-as-criancas-do-lar-batista\/#article","isPartOf":{"@id":"https:\/\/www.gtlawyers.com.br\/noticia\/gtlawyers-organiza-um-dia-das-criancas-para-as-criancas-do-lar-batista\/"},"author":{"name":"ttanzilli","@id":"https:\/\/www.gtlawyers.com.br\/#\/schema\/person\/98e5d0d0df85fd7cef4aa9878da75a67"},"headline":"GTLawyers organiza um dia das crian\u00e7as para as crian\u00e7as do Lar Batista","datePublished":"2025-10-13T19:05:09+00:00","dateModified":"2025-10-13T19:05:10+00:00","mainEntityOfPage":{"@id":"https:\/\/www.gtlawyers.com.br\/noticia\/gtlawyers-organiza-um-dia-das-criancas-para-as-criancas-do-lar-batista\/"},"wordCount":169,"commentCount":0,"publisher":{"@id":"https:\/\/www.gtlawyers.com.br\/#organization"},"image":{"@id":"https:\/\/www.gtlawyers.com.br\/noticia\/gtlawyers-organiza-um-dia-das-criancas-para-as-criancas-do-lar-batista\/#primaryimage"},"thumbnailUrl":"https:\/\/www.gtlawyers.com.br\/site\/wp-content\/uploads\/Design-sem-nome-9.png","articleSection":["News"],"inLanguage":"fr-FR","potentialAction":[{"@type":"CommentAction","name":"Comment","target":["https:\/\/www.gtlawyers.com.br\/noticia\/gtlawyers-organiza-um-dia-das-criancas-para-as-criancas-do-lar-batista\/#respond"]}]},{"@type":"WebPage","@id":"https:\/\/www.gtlawyers.com.br\/noticia\/gtlawyers-organiza-um-dia-das-criancas-para-as-criancas-do-lar-batista\/","url":"https:\/\/www.gtlawyers.com.br\/noticia\/gtlawyers-organiza-um-dia-das-criancas-para-as-criancas-do-lar-batista\/","name":"GTLawyers organiza um dia das crian\u00e7as para as crian\u00e7as do Lar Batista | GTLawyers | Escrit\u00f3rio boutique full-service","isPartOf":{"@id":"https:\/\/www.gtlawyers.com.br\/#website"},"primaryImageOfPage":{"@id":"https:\/\/www.gtlawyers.com.br\/noticia\/gtlawyers-organiza-um-dia-das-criancas-para-as-criancas-do-lar-batista\/#primaryimage"},"image":{"@id":"https:\/\/www.gtlawyers.com.br\/noticia\/gtlawyers-organiza-um-dia-das-criancas-para-as-criancas-do-lar-batista\/#primaryimage"},"thumbnailUrl":"https:\/\/www.gtlawyers.com.br\/site\/wp-content\/uploads\/Design-sem-nome-9.png","datePublished":"2025-10-13T19:05:09+00:00","dateModified":"2025-10-13T19:05:10+00:00","breadcrumb":{"@id":"https:\/\/www.gtlawyers.com.br\/noticia\/gtlawyers-organiza-um-dia-das-criancas-para-as-criancas-do-lar-batista\/#breadcrumb"},"inLanguage":"fr-FR","potentialAction":[{"@type":"ReadAction","target":["https:\/\/www.gtlawyers.com.br\/noticia\/gtlawyers-organiza-um-dia-das-criancas-para-as-criancas-do-lar-batista\/"]}]},{"@type":"ImageObject","inLanguage":"fr-FR","@id":"https:\/\/www.gtlawyers.com.br\/noticia\/gtlawyers-organiza-um-dia-das-criancas-para-as-criancas-do-lar-batista\/#primaryimage","url":"https:\/\/www.gtlawyers.com.br\/site\/wp-content\/uploads\/Design-sem-nome-9.png","contentUrl":"https:\/\/www.gtlawyers.com.br\/site\/wp-content\/uploads\/Design-sem-nome-9.png","width":940,"height":788},{"@type":"BreadcrumbList","@id":"https:\/\/www.gtlawyers.com.br\/noticia\/gtlawyers-organiza-um-dia-das-criancas-para-as-criancas-do-lar-batista\/#breadcrumb","itemListElement":[{"@type":"ListItem","position":1,"name":"In\u00edcio","item":"https:\/\/www.gtlawyers.com.br\/"},{"@type":"ListItem","position":2,"name":"GTLawyers organiza um dia das crian\u00e7as para as crian\u00e7as do Lar Batista"}]},{"@type":"WebSite","@id":"https:\/\/www.gtlawyers.com.br\/#website","url":"https:\/\/www.gtlawyers.com.br\/","name":"GTLawyers | Escrit\u00f3rio boutique full-service","description":"Escrit\u00f3rio de advocacia franco-brasileiro para empresas especializado em M&amp;A, direito societ\u00e1rio, tribut\u00e1rio, imobili\u00e1rio, contencioso e compliance","publisher":{"@id":"https:\/\/www.gtlawyers.com.br\/#organization"},"alternateName":"GTLawyers","potentialAction":[{"@type":"SearchAction","target":{"@type":"EntryPoint","urlTemplate":"https:\/\/www.gtlawyers.com.br\/?s={search_term_string}"},"query-input":{"@type":"PropertyValueSpecification","valueRequired":true,"valueName":"search_term_string"}}],"inLanguage":"fr-FR"},{"@type":"Organization","@id":"https:\/\/www.gtlawyers.com.br\/#organization","name":"GTLawyers - Escrit\u00f3rio boutique full-service","url":"https:\/\/www.gtlawyers.com.br\/","logo":{"@type":"ImageObject","inLanguage":"fr-FR","@id":"https:\/\/www.gtlawyers.com.br\/#\/schema\/logo\/image\/","url":"https:\/\/www.gtlawyers.com.br\/site\/wp-content\/uploads\/image-3.png","contentUrl":"https:\/\/www.gtlawyers.com.br\/site\/wp-content\/uploads\/image-3.png","width":166,"height":44,"caption":"GTLawyers - Escrit\u00f3rio boutique full-service"},"image":{"@id":"https:\/\/www.gtlawyers.com.br\/#\/schema\/logo\/image\/"},"sameAs":["https:\/\/www.linkedin.com\/company\/gtlawyers\/mycompany\/"]},{"@type":"Person","@id":"https:\/\/www.gtlawyers.com.br\/#\/schema\/person\/98e5d0d0df85fd7cef4aa9878da75a67","name":"ttanzilli","image":{"@type":"ImageObject","inLanguage":"fr-FR","@id":"https:\/\/secure.gravatar.com\/avatar\/295df42180df022e821b6d822b06057b0d8a14abd7a2b2dc65a3001e88c99730?s=96&d=mm&r=g","url":"https:\/\/secure.gravatar.com\/avatar\/295df42180df022e821b6d822b06057b0d8a14abd7a2b2dc65a3001e88c99730?s=96&d=mm&r=g","contentUrl":"https:\/\/secure.gravatar.com\/avatar\/295df42180df022e821b6d822b06057b0d8a14abd7a2b2dc65a3001e88c99730?s=96&d=mm&r=g","caption":"ttanzilli"},"url":"https:\/\/www.gtlawyers.com.br\/fr\/author\/ttanzilli\/"}]}},"_links":{"self":[{"href":"https:\/\/www.gtlawyers.com.br\/fr\/wp-json\/wp\/v2\/posts\/2018","targetHints":{"allow":["GET"]}}],"collection":[{"href":"https:\/\/www.gtlawyers.com.br\/fr\/wp-json\/wp\/v2\/posts"}],"about":[{"href":"https:\/\/www.gtlawyers.com.br\/fr\/wp-json\/wp\/v2\/types\/post"}],"author":[{"embeddable":true,"href":"https:\/\/www.gtlawyers.com.br\/fr\/wp-json\/wp\/v2\/users\/8"}],"replies":[{"embeddable":true,"href":"https:\/\/www.gtlawyers.com.br\/fr\/wp-json\/wp\/v2\/comments?post=2018"}],"version-history":[{"count":2,"href":"https:\/\/www.gtlawyers.com.br\/fr\/wp-json\/wp\/v2\/posts\/2018\/revisions"}],"predecessor-version":[{"id":2021,"href":"https:\/\/www.gtlawyers.com.br\/fr\/wp-json\/wp\/v2\/posts\/2018\/revisions\/2021"}],"wp:featuredmedia":[{"embeddable":true,"href":"https:\/\/www.gtlawyers.com.br\/fr\/wp-json\/wp\/v2\/media\/2019"}],"wp:attachment":[{"href":"https:\/\/www.gtlawyers.com.br\/fr\/wp-json\/wp\/v2\/media?parent=2018"}],"wp:term":[{"taxonomy":"category","embeddable":true,"href":"https:\/\/www.gtlawyers.com.br\/fr\/wp-json\/wp\/v2\/categories?post=2018"},{"taxonomy":"post_tag","embeddable":true,"href":"https:\/\/www.gtlawyers.com.br\/fr\/wp-json\/wp\/v2\/tags?post=2018"}],"curies":[{"name":"wp","href":"https:\/\/api.w.org\/{rel}","templated":true}]}}