{"id":2076,"date":"2025-11-11T15:22:27","date_gmt":"2025-11-11T18:22:27","guid":{"rendered":"https:\/\/www.gtlawyers.com.br\/?p=2076"},"modified":"2025-11-11T15:22:28","modified_gmt":"2025-11-11T18:22:28","slug":"nossa-french-team-marcou-presenca-nas-journees-franco-bresiliennes","status":"publish","type":"post","link":"https:\/\/www.gtlawyers.com.br\/fr\/noticia\/nossa-french-team-marcou-presenca-nas-journees-franco-bresiliennes\/","title":{"rendered":"Notre French Team \u00e9tait pr\u00e9sente aux Journ\u00e9es Franco-Br\u00e9siliennes !"},"content":{"rendered":"<p><\/p>\n\n\n\n<div class=\"wp-block-media-text is-stacked-on-mobile\"><figure class=\"wp-block-media-text__media\"><img loading=\"lazy\" decoding=\"async\" width=\"768\" height=\"1024\" src=\"https:\/\/www.gtlawyers.com.br\/site\/wp-content\/uploads\/WhatsApp-Image-2025-11-11-at-14.25.28-1-768x1024.jpeg\" alt=\"\" class=\"wp-image-2078 size-full\" srcset=\"https:\/\/www.gtlawyers.com.br\/site\/wp-content\/uploads\/WhatsApp-Image-2025-11-11-at-14.25.28-1-768x1024.jpeg 768w, https:\/\/www.gtlawyers.com.br\/site\/wp-content\/uploads\/WhatsApp-Image-2025-11-11-at-14.25.28-1-225x300.jpeg 225w, https:\/\/www.gtlawyers.com.br\/site\/wp-content\/uploads\/WhatsApp-Image-2025-11-11-at-14.25.28-1-113x150.jpeg 113w, https:\/\/www.gtlawyers.com.br\/site\/wp-content\/uploads\/WhatsApp-Image-2025-11-11-at-14.25.28-1-9x12.jpeg 9w, https:\/\/www.gtlawyers.com.br\/site\/wp-content\/uploads\/WhatsApp-Image-2025-11-11-at-14.25.28-1.jpeg 960w\" sizes=\"auto, (max-width: 768px) 100vw, 768px\" \/><\/figure><div class=\"wp-block-media-text__content\">\n<p>Une partie de notre \u00e9quipe fran\u00e7aise, C\u00e9cile Verdeaux et Jeanne Puech, a particip\u00e9 au deuxi\u00e8me jour des Journ\u00e9es Franco-Br\u00e9siliennes, qui s'est tenu aujourd'hui, le 11 novembre, \u00e0 la Facult\u00e9 de Droit de l'USP !<\/p>\n\n\n\n<p>Ce fut une journ\u00e9e riche en apprentissages et en \u00e9changes de connaissances, avec des conf\u00e9rences et des discussions sur le droit continental, l'enseignement juridique en France et l\u2019histoire remarquable de l\u2019Association Henri Capitant au Br\u00e9sil.<\/p>\n\n\n\n<p>Fiers de faire partie de cette aventure intellectuelle !<\/p>\n<\/div><\/div>","protected":false},"excerpt":{"rendered":"<p>Uma parte da nossa equipe francesa, C\u00e9cile Verdeaux e Jeanne Puech, participou do segundo dia das Journ\u00e9es Franco-Br\u00e9siliennes, realizado hoje, 11 de novembro, na Faculdade de Direito da USP! Foi um dia de muito aprendizado e troca de conhecimentos, com palestras e discuss\u00f5es sobre o direito continental, o ensino jur\u00eddico na Fran\u00e7a e a rica [&hellip;]<\/p>\n","protected":false},"author":8,"featured_media":2077,"comment_status":"open","ping_status":"open","sticky":false,"template":"","format":"standard","meta":{"_acf_changed":false,"footnotes":""},"categories":[7],"tags":[],"class_list":["post-2076","post","type-post","status-publish","format-standard","has-post-thumbnail","hentry","category-noticia"],"acf":[],"yoast_head":"<!-- This site is optimized with the Yoast SEO plugin v27.5 - https:\/\/yoast.com\/product\/yoast-seo-wordpress\/ -->\n<title>Nossa French Team marcou presen\u00e7a nas Journ\u00e9es Franco-Br\u00e9siliennes! | GTLawyers | Escrit\u00f3rio boutique full-service<\/title>\n<meta name=\"robots\" content=\"index, follow, max-snippet:-1, max-image-preview:large, max-video-preview:-1\" \/>\n<link rel=\"canonical\" href=\"https:\/\/www.gtlawyers.com.br\/fr\/noticia\/nossa-french-team-marcou-presenca-nas-journees-franco-bresiliennes\/\" \/>\n<meta property=\"og:locale\" content=\"fr_FR\" \/>\n<meta property=\"og:type\" content=\"article\" \/>\n<meta property=\"og:title\" content=\"Nossa French Team marcou presen\u00e7a nas Journ\u00e9es Franco-Br\u00e9siliennes! | GTLawyers | Escrit\u00f3rio boutique full-service\" \/>\n<meta property=\"og:description\" content=\"Uma parte da nossa equipe francesa, C\u00e9cile Verdeaux e Jeanne Puech, participou do segundo dia das Journ\u00e9es Franco-Br\u00e9siliennes, realizado hoje, 11 de novembro, na Faculdade de Direito da USP! Foi um dia de muito aprendizado e troca de conhecimentos, com palestras e discuss\u00f5es sobre o direito continental, o ensino jur\u00eddico na Fran\u00e7a e a rica [&hellip;]\" \/>\n<meta property=\"og:url\" content=\"https:\/\/www.gtlawyers.com.br\/fr\/noticia\/nossa-french-team-marcou-presenca-nas-journees-franco-bresiliennes\/\" \/>\n<meta property=\"og:site_name\" content=\"GTLawyers | Escrit\u00f3rio boutique full-service\" \/>\n<meta property=\"article:published_time\" content=\"2025-11-11T18:22:27+00:00\" \/>\n<meta property=\"article:modified_time\" content=\"2025-11-11T18:22:28+00:00\" \/>\n<meta property=\"og:image\" content=\"https:\/\/www.gtlawyers.com.br\/site\/wp-content\/uploads\/WhatsApp-Image-2025-11-11-at-14.25.28.jpeg\" \/>\n\t<meta property=\"og:image:width\" content=\"1280\" \/>\n\t<meta property=\"og:image:height\" content=\"750\" \/>\n\t<meta property=\"og:image:type\" content=\"image\/jpeg\" \/>\n<meta name=\"author\" content=\"ttanzilli\" \/>\n<meta name=\"twitter:card\" content=\"summary_large_image\" \/>\n<meta name=\"twitter:label1\" content=\"\u00c9crit par\" \/>\n\t<meta name=\"twitter:data1\" content=\"ttanzilli\" \/>\n\t<meta name=\"twitter:label2\" content=\"Dur\u00e9e de lecture estim\u00e9e\" \/>\n\t<meta name=\"twitter:data2\" content=\"1 minute\" \/>\n<script type=\"application\/ld+json\" class=\"yoast-schema-graph\">{\"@context\":\"https:\\\/\\\/schema.org\",\"@graph\":[{\"@type\":\"Article\",\"@id\":\"https:\\\/\\\/www.gtlawyers.com.br\\\/noticia\\\/nossa-french-team-marcou-presenca-nas-journees-franco-bresiliennes\\\/#article\",\"isPartOf\":{\"@id\":\"https:\\\/\\\/www.gtlawyers.com.br\\\/noticia\\\/nossa-french-team-marcou-presenca-nas-journees-franco-bresiliennes\\\/\"},\"author\":{\"name\":\"ttanzilli\",\"@id\":\"https:\\\/\\\/www.gtlawyers.com.br\\\/#\\\/schema\\\/person\\\/98e5d0d0df85fd7cef4aa9878da75a67\"},\"headline\":\"Nossa French Team marcou presen\u00e7a nas Journ\u00e9es Franco-Br\u00e9siliennes!\",\"datePublished\":\"2025-11-11T18:22:27+00:00\",\"dateModified\":\"2025-11-11T18:22:28+00:00\",\"mainEntityOfPage\":{\"@id\":\"https:\\\/\\\/www.gtlawyers.com.br\\\/noticia\\\/nossa-french-team-marcou-presenca-nas-journees-franco-bresiliennes\\\/\"},\"wordCount\":87,\"commentCount\":0,\"publisher\":{\"@id\":\"https:\\\/\\\/www.gtlawyers.com.br\\\/#organization\"},\"image\":{\"@id\":\"https:\\\/\\\/www.gtlawyers.com.br\\\/noticia\\\/nossa-french-team-marcou-presenca-nas-journees-franco-bresiliennes\\\/#primaryimage\"},\"thumbnailUrl\":\"https:\\\/\\\/www.gtlawyers.com.br\\\/site\\\/wp-content\\\/uploads\\\/WhatsApp-Image-2025-11-11-at-14.25.28.jpeg\",\"articleSection\":[\"News\"],\"inLanguage\":\"fr-FR\",\"potentialAction\":[{\"@type\":\"CommentAction\",\"name\":\"Comment\",\"target\":[\"https:\\\/\\\/www.gtlawyers.com.br\\\/noticia\\\/nossa-french-team-marcou-presenca-nas-journees-franco-bresiliennes\\\/#respond\"]}]},{\"@type\":\"WebPage\",\"@id\":\"https:\\\/\\\/www.gtlawyers.com.br\\\/noticia\\\/nossa-french-team-marcou-presenca-nas-journees-franco-bresiliennes\\\/\",\"url\":\"https:\\\/\\\/www.gtlawyers.com.br\\\/noticia\\\/nossa-french-team-marcou-presenca-nas-journees-franco-bresiliennes\\\/\",\"name\":\"Nossa French Team marcou presen\u00e7a nas Journ\u00e9es Franco-Br\u00e9siliennes! | GTLawyers | Escrit\u00f3rio boutique full-service\",\"isPartOf\":{\"@id\":\"https:\\\/\\\/www.gtlawyers.com.br\\\/#website\"},\"primaryImageOfPage\":{\"@id\":\"https:\\\/\\\/www.gtlawyers.com.br\\\/noticia\\\/nossa-french-team-marcou-presenca-nas-journees-franco-bresiliennes\\\/#primaryimage\"},\"image\":{\"@id\":\"https:\\\/\\\/www.gtlawyers.com.br\\\/noticia\\\/nossa-french-team-marcou-presenca-nas-journees-franco-bresiliennes\\\/#primaryimage\"},\"thumbnailUrl\":\"https:\\\/\\\/www.gtlawyers.com.br\\\/site\\\/wp-content\\\/uploads\\\/WhatsApp-Image-2025-11-11-at-14.25.28.jpeg\",\"datePublished\":\"2025-11-11T18:22:27+00:00\",\"dateModified\":\"2025-11-11T18:22:28+00:00\",\"breadcrumb\":{\"@id\":\"https:\\\/\\\/www.gtlawyers.com.br\\\/noticia\\\/nossa-french-team-marcou-presenca-nas-journees-franco-bresiliennes\\\/#breadcrumb\"},\"inLanguage\":\"fr-FR\",\"potentialAction\":[{\"@type\":\"ReadAction\",\"target\":[\"https:\\\/\\\/www.gtlawyers.com.br\\\/noticia\\\/nossa-french-team-marcou-presenca-nas-journees-franco-bresiliennes\\\/\"]}]},{\"@type\":\"ImageObject\",\"inLanguage\":\"fr-FR\",\"@id\":\"https:\\\/\\\/www.gtlawyers.com.br\\\/noticia\\\/nossa-french-team-marcou-presenca-nas-journees-franco-bresiliennes\\\/#primaryimage\",\"url\":\"https:\\\/\\\/www.gtlawyers.com.br\\\/site\\\/wp-content\\\/uploads\\\/WhatsApp-Image-2025-11-11-at-14.25.28.jpeg\",\"contentUrl\":\"https:\\\/\\\/www.gtlawyers.com.br\\\/site\\\/wp-content\\\/uploads\\\/WhatsApp-Image-2025-11-11-at-14.25.28.jpeg\",\"width\":1280,\"height\":750},{\"@type\":\"BreadcrumbList\",\"@id\":\"https:\\\/\\\/www.gtlawyers.com.br\\\/noticia\\\/nossa-french-team-marcou-presenca-nas-journees-franco-bresiliennes\\\/#breadcrumb\",\"itemListElement\":[{\"@type\":\"ListItem\",\"position\":1,\"name\":\"In\u00edcio\",\"item\":\"https:\\\/\\\/www.gtlawyers.com.br\\\/\"},{\"@type\":\"ListItem\",\"position\":2,\"name\":\"Nossa French Team marcou presen\u00e7a nas Journ\u00e9es Franco-Br\u00e9siliennes!\"}]},{\"@type\":\"WebSite\",\"@id\":\"https:\\\/\\\/www.gtlawyers.com.br\\\/#website\",\"url\":\"https:\\\/\\\/www.gtlawyers.com.br\\\/\",\"name\":\"GTLawyers | Escrit\u00f3rio boutique full-service\",\"description\":\"Escrit\u00f3rio de advocacia franco-brasileiro para empresas especializado em M&amp;A, direito societ\u00e1rio, tribut\u00e1rio, imobili\u00e1rio, contencioso e compliance\",\"publisher\":{\"@id\":\"https:\\\/\\\/www.gtlawyers.com.br\\\/#organization\"},\"alternateName\":\"GTLawyers\",\"potentialAction\":[{\"@type\":\"SearchAction\",\"target\":{\"@type\":\"EntryPoint\",\"urlTemplate\":\"https:\\\/\\\/www.gtlawyers.com.br\\\/?s={search_term_string}\"},\"query-input\":{\"@type\":\"PropertyValueSpecification\",\"valueRequired\":true,\"valueName\":\"search_term_string\"}}],\"inLanguage\":\"fr-FR\"},{\"@type\":\"Organization\",\"@id\":\"https:\\\/\\\/www.gtlawyers.com.br\\\/#organization\",\"name\":\"GTLawyers - Escrit\u00f3rio boutique full-service\",\"url\":\"https:\\\/\\\/www.gtlawyers.com.br\\\/\",\"logo\":{\"@type\":\"ImageObject\",\"inLanguage\":\"fr-FR\",\"@id\":\"https:\\\/\\\/www.gtlawyers.com.br\\\/#\\\/schema\\\/logo\\\/image\\\/\",\"url\":\"https:\\\/\\\/www.gtlawyers.com.br\\\/site\\\/wp-content\\\/uploads\\\/image-3.png\",\"contentUrl\":\"https:\\\/\\\/www.gtlawyers.com.br\\\/site\\\/wp-content\\\/uploads\\\/image-3.png\",\"width\":166,\"height\":44,\"caption\":\"GTLawyers - Escrit\u00f3rio boutique full-service\"},\"image\":{\"@id\":\"https:\\\/\\\/www.gtlawyers.com.br\\\/#\\\/schema\\\/logo\\\/image\\\/\"},\"sameAs\":[\"https:\\\/\\\/www.linkedin.com\\\/company\\\/gtlawyers\\\/mycompany\\\/\"]},{\"@type\":\"Person\",\"@id\":\"https:\\\/\\\/www.gtlawyers.com.br\\\/#\\\/schema\\\/person\\\/98e5d0d0df85fd7cef4aa9878da75a67\",\"name\":\"ttanzilli\",\"image\":{\"@type\":\"ImageObject\",\"inLanguage\":\"fr-FR\",\"@id\":\"https:\\\/\\\/secure.gravatar.com\\\/avatar\\\/295df42180df022e821b6d822b06057b0d8a14abd7a2b2dc65a3001e88c99730?s=96&d=mm&r=g\",\"url\":\"https:\\\/\\\/secure.gravatar.com\\\/avatar\\\/295df42180df022e821b6d822b06057b0d8a14abd7a2b2dc65a3001e88c99730?s=96&d=mm&r=g\",\"contentUrl\":\"https:\\\/\\\/secure.gravatar.com\\\/avatar\\\/295df42180df022e821b6d822b06057b0d8a14abd7a2b2dc65a3001e88c99730?s=96&d=mm&r=g\",\"caption\":\"ttanzilli\"},\"url\":\"https:\\\/\\\/www.gtlawyers.com.br\\\/fr\\\/author\\\/ttanzilli\\\/\"}]}<\/script>\n<!-- \/ Yoast SEO plugin. -->","yoast_head_json":{"title":"Nossa French Team marcou presen\u00e7a nas Journ\u00e9es Franco-Br\u00e9siliennes! | GTLawyers | Escrit\u00f3rio boutique full-service","robots":{"index":"index","follow":"follow","max-snippet":"max-snippet:-1","max-image-preview":"max-image-preview:large","max-video-preview":"max-video-preview:-1"},"canonical":"https:\/\/www.gtlawyers.com.br\/fr\/noticia\/nossa-french-team-marcou-presenca-nas-journees-franco-bresiliennes\/","og_locale":"fr_FR","og_type":"article","og_title":"Nossa French Team marcou presen\u00e7a nas Journ\u00e9es Franco-Br\u00e9siliennes! | GTLawyers | Escrit\u00f3rio boutique full-service","og_description":"Uma parte da nossa equipe francesa, C\u00e9cile Verdeaux e Jeanne Puech, participou do segundo dia das Journ\u00e9es Franco-Br\u00e9siliennes, realizado hoje, 11 de novembro, na Faculdade de Direito da USP! Foi um dia de muito aprendizado e troca de conhecimentos, com palestras e discuss\u00f5es sobre o direito continental, o ensino jur\u00eddico na Fran\u00e7a e a rica [&hellip;]","og_url":"https:\/\/www.gtlawyers.com.br\/fr\/noticia\/nossa-french-team-marcou-presenca-nas-journees-franco-bresiliennes\/","og_site_name":"GTLawyers | Escrit\u00f3rio boutique full-service","article_published_time":"2025-11-11T18:22:27+00:00","article_modified_time":"2025-11-11T18:22:28+00:00","og_image":[{"width":1280,"height":750,"url":"https:\/\/www.gtlawyers.com.br\/site\/wp-content\/uploads\/WhatsApp-Image-2025-11-11-at-14.25.28.jpeg","type":"image\/jpeg"}],"author":"ttanzilli","twitter_card":"summary_large_image","twitter_misc":{"\u00c9crit par":"ttanzilli","Dur\u00e9e de lecture estim\u00e9e":"1 minute"},"schema":{"@context":"https:\/\/schema.org","@graph":[{"@type":"Article","@id":"https:\/\/www.gtlawyers.com.br\/noticia\/nossa-french-team-marcou-presenca-nas-journees-franco-bresiliennes\/#article","isPartOf":{"@id":"https:\/\/www.gtlawyers.com.br\/noticia\/nossa-french-team-marcou-presenca-nas-journees-franco-bresiliennes\/"},"author":{"name":"ttanzilli","@id":"https:\/\/www.gtlawyers.com.br\/#\/schema\/person\/98e5d0d0df85fd7cef4aa9878da75a67"},"headline":"Nossa French Team marcou presen\u00e7a nas Journ\u00e9es Franco-Br\u00e9siliennes!","datePublished":"2025-11-11T18:22:27+00:00","dateModified":"2025-11-11T18:22:28+00:00","mainEntityOfPage":{"@id":"https:\/\/www.gtlawyers.com.br\/noticia\/nossa-french-team-marcou-presenca-nas-journees-franco-bresiliennes\/"},"wordCount":87,"commentCount":0,"publisher":{"@id":"https:\/\/www.gtlawyers.com.br\/#organization"},"image":{"@id":"https:\/\/www.gtlawyers.com.br\/noticia\/nossa-french-team-marcou-presenca-nas-journees-franco-bresiliennes\/#primaryimage"},"thumbnailUrl":"https:\/\/www.gtlawyers.com.br\/site\/wp-content\/uploads\/WhatsApp-Image-2025-11-11-at-14.25.28.jpeg","articleSection":["News"],"inLanguage":"fr-FR","potentialAction":[{"@type":"CommentAction","name":"Comment","target":["https:\/\/www.gtlawyers.com.br\/noticia\/nossa-french-team-marcou-presenca-nas-journees-franco-bresiliennes\/#respond"]}]},{"@type":"WebPage","@id":"https:\/\/www.gtlawyers.com.br\/noticia\/nossa-french-team-marcou-presenca-nas-journees-franco-bresiliennes\/","url":"https:\/\/www.gtlawyers.com.br\/noticia\/nossa-french-team-marcou-presenca-nas-journees-franco-bresiliennes\/","name":"Nossa French Team marcou presen\u00e7a nas Journ\u00e9es Franco-Br\u00e9siliennes! | GTLawyers | Escrit\u00f3rio boutique full-service","isPartOf":{"@id":"https:\/\/www.gtlawyers.com.br\/#website"},"primaryImageOfPage":{"@id":"https:\/\/www.gtlawyers.com.br\/noticia\/nossa-french-team-marcou-presenca-nas-journees-franco-bresiliennes\/#primaryimage"},"image":{"@id":"https:\/\/www.gtlawyers.com.br\/noticia\/nossa-french-team-marcou-presenca-nas-journees-franco-bresiliennes\/#primaryimage"},"thumbnailUrl":"https:\/\/www.gtlawyers.com.br\/site\/wp-content\/uploads\/WhatsApp-Image-2025-11-11-at-14.25.28.jpeg","datePublished":"2025-11-11T18:22:27+00:00","dateModified":"2025-11-11T18:22:28+00:00","breadcrumb":{"@id":"https:\/\/www.gtlawyers.com.br\/noticia\/nossa-french-team-marcou-presenca-nas-journees-franco-bresiliennes\/#breadcrumb"},"inLanguage":"fr-FR","potentialAction":[{"@type":"ReadAction","target":["https:\/\/www.gtlawyers.com.br\/noticia\/nossa-french-team-marcou-presenca-nas-journees-franco-bresiliennes\/"]}]},{"@type":"ImageObject","inLanguage":"fr-FR","@id":"https:\/\/www.gtlawyers.com.br\/noticia\/nossa-french-team-marcou-presenca-nas-journees-franco-bresiliennes\/#primaryimage","url":"https:\/\/www.gtlawyers.com.br\/site\/wp-content\/uploads\/WhatsApp-Image-2025-11-11-at-14.25.28.jpeg","contentUrl":"https:\/\/www.gtlawyers.com.br\/site\/wp-content\/uploads\/WhatsApp-Image-2025-11-11-at-14.25.28.jpeg","width":1280,"height":750},{"@type":"BreadcrumbList","@id":"https:\/\/www.gtlawyers.com.br\/noticia\/nossa-french-team-marcou-presenca-nas-journees-franco-bresiliennes\/#breadcrumb","itemListElement":[{"@type":"ListItem","position":1,"name":"In\u00edcio","item":"https:\/\/www.gtlawyers.com.br\/"},{"@type":"ListItem","position":2,"name":"Nossa French Team marcou presen\u00e7a nas Journ\u00e9es Franco-Br\u00e9siliennes!"}]},{"@type":"WebSite","@id":"https:\/\/www.gtlawyers.com.br\/#website","url":"https:\/\/www.gtlawyers.com.br\/","name":"GTLawyers | Escrit\u00f3rio boutique full-service","description":"Escrit\u00f3rio de advocacia franco-brasileiro para empresas especializado em M&amp;A, direito societ\u00e1rio, tribut\u00e1rio, imobili\u00e1rio, contencioso e compliance","publisher":{"@id":"https:\/\/www.gtlawyers.com.br\/#organization"},"alternateName":"GTLawyers","potentialAction":[{"@type":"SearchAction","target":{"@type":"EntryPoint","urlTemplate":"https:\/\/www.gtlawyers.com.br\/?s={search_term_string}"},"query-input":{"@type":"PropertyValueSpecification","valueRequired":true,"valueName":"search_term_string"}}],"inLanguage":"fr-FR"},{"@type":"Organization","@id":"https:\/\/www.gtlawyers.com.br\/#organization","name":"GTLawyers - Escrit\u00f3rio boutique full-service","url":"https:\/\/www.gtlawyers.com.br\/","logo":{"@type":"ImageObject","inLanguage":"fr-FR","@id":"https:\/\/www.gtlawyers.com.br\/#\/schema\/logo\/image\/","url":"https:\/\/www.gtlawyers.com.br\/site\/wp-content\/uploads\/image-3.png","contentUrl":"https:\/\/www.gtlawyers.com.br\/site\/wp-content\/uploads\/image-3.png","width":166,"height":44,"caption":"GTLawyers - Escrit\u00f3rio boutique full-service"},"image":{"@id":"https:\/\/www.gtlawyers.com.br\/#\/schema\/logo\/image\/"},"sameAs":["https:\/\/www.linkedin.com\/company\/gtlawyers\/mycompany\/"]},{"@type":"Person","@id":"https:\/\/www.gtlawyers.com.br\/#\/schema\/person\/98e5d0d0df85fd7cef4aa9878da75a67","name":"ttanzilli","image":{"@type":"ImageObject","inLanguage":"fr-FR","@id":"https:\/\/secure.gravatar.com\/avatar\/295df42180df022e821b6d822b06057b0d8a14abd7a2b2dc65a3001e88c99730?s=96&d=mm&r=g","url":"https:\/\/secure.gravatar.com\/avatar\/295df42180df022e821b6d822b06057b0d8a14abd7a2b2dc65a3001e88c99730?s=96&d=mm&r=g","contentUrl":"https:\/\/secure.gravatar.com\/avatar\/295df42180df022e821b6d822b06057b0d8a14abd7a2b2dc65a3001e88c99730?s=96&d=mm&r=g","caption":"ttanzilli"},"url":"https:\/\/www.gtlawyers.com.br\/fr\/author\/ttanzilli\/"}]}},"_links":{"self":[{"href":"https:\/\/www.gtlawyers.com.br\/fr\/wp-json\/wp\/v2\/posts\/2076","targetHints":{"allow":["GET"]}}],"collection":[{"href":"https:\/\/www.gtlawyers.com.br\/fr\/wp-json\/wp\/v2\/posts"}],"about":[{"href":"https:\/\/www.gtlawyers.com.br\/fr\/wp-json\/wp\/v2\/types\/post"}],"author":[{"embeddable":true,"href":"https:\/\/www.gtlawyers.com.br\/fr\/wp-json\/wp\/v2\/users\/8"}],"replies":[{"embeddable":true,"href":"https:\/\/www.gtlawyers.com.br\/fr\/wp-json\/wp\/v2\/comments?post=2076"}],"version-history":[{"count":1,"href":"https:\/\/www.gtlawyers.com.br\/fr\/wp-json\/wp\/v2\/posts\/2076\/revisions"}],"predecessor-version":[{"id":2079,"href":"https:\/\/www.gtlawyers.com.br\/fr\/wp-json\/wp\/v2\/posts\/2076\/revisions\/2079"}],"wp:featuredmedia":[{"embeddable":true,"href":"https:\/\/www.gtlawyers.com.br\/fr\/wp-json\/wp\/v2\/media\/2077"}],"wp:attachment":[{"href":"https:\/\/www.gtlawyers.com.br\/fr\/wp-json\/wp\/v2\/media?parent=2076"}],"wp:term":[{"taxonomy":"category","embeddable":true,"href":"https:\/\/www.gtlawyers.com.br\/fr\/wp-json\/wp\/v2\/categories?post=2076"},{"taxonomy":"post_tag","embeddable":true,"href":"https:\/\/www.gtlawyers.com.br\/fr\/wp-json\/wp\/v2\/tags?post=2076"}],"curies":[{"name":"wp","href":"https:\/\/api.w.org\/{rel}","templated":true}]}}