{"id":2091,"date":"2025-11-18T15:51:04","date_gmt":"2025-11-18T18:51:04","guid":{"rendered":"https:\/\/www.gtlawyers.com.br\/?p=2091"},"modified":"2025-11-18T15:51:06","modified_gmt":"2025-11-18T18:51:06","slug":"entrevista-de-tamy-tanzilli-pela-camara-francesa","status":"publish","type":"post","link":"https:\/\/www.gtlawyers.com.br\/fr\/noticia\/entrevista-de-tamy-tanzilli-pela-camara-francesa\/","title":{"rendered":"Interview de Tamy Tanzilli par la Chambre Fran\u00e7aise"},"content":{"rendered":"<p>Affaires, strat\u00e9gie et int\u00e9gration : la contribution de Tamy Tanzilli \u00e0 la CCIFB-SP<\/p>\n\n\n\n<p>Avec pr\u00e8s de 30 ans d\u2019exp\u00e9rience en conseil juridique international, la Directrice des PME de la CCIFB-SP, Tamy Tanzilli, fondatrice associ\u00e9e de GTLawyers, met en lumi\u00e8re la mani\u00e8re dont la Chambre se r\u00e9invente pour soutenir davantage les petites et moyennes entreprises fran\u00e7aises au Br\u00e9sil \u2014 gr\u00e2ce \u00e0 un r\u00e9seautage qualifi\u00e9, une gouvernance structur\u00e9e et une communication strat\u00e9gique.<\/p>\n\n\n\n<p>En tant que Directrice, elle insiste sur des priorit\u00e9s essentielles : \u00e9largir les avantages, renforcer la proposition de valeur pour les membres et cr\u00e9er des connexions qui g\u00e9n\u00e8rent r\u00e9ellement des opportunit\u00e9s d\u2019affaires.<\/p>\n\n\n\n<p>Consultez l\u2019article complet sur le site de la CCIFB : <a href=\"https:\/\/www.ccfb.com.br\/publicacoes\/n\/news\/negocios-estrategia-e-integracao-a-contribuicao-de-tamy-tanzilli-para-a-ccifb-sp.html\">https:\/\/abrir.link\/CUkmM<\/a><\/p>","protected":false},"excerpt":{"rendered":"<p>Neg\u00f3cios, estrat\u00e9gia e integra\u00e7\u00e3o: a contribui\u00e7\u00e3o de Tamy Tanzilli para a CCIFB-SP Com quase 30 anos de experi\u00eancia em assessoramento jur\u00eddico internacional, a Diretora de PMEs da CCIFB-SP, nossa S\u00f3cia Fundadora da GTLawyers, Tamy Tanzilli, destaca como a C\u00e2mara est\u00e1 se reinventando para apoiar ainda mais as pequenas e m\u00e9dias empresas francesas no Brasil \u2014 [&hellip;]<\/p>\n","protected":false},"author":8,"featured_media":2092,"comment_status":"open","ping_status":"open","sticky":false,"template":"","format":"standard","meta":{"_acf_changed":false,"footnotes":""},"categories":[7],"tags":[],"class_list":["post-2091","post","type-post","status-publish","format-standard","has-post-thumbnail","hentry","category-noticia"],"acf":[],"yoast_head":"<!-- This site is optimized with the Yoast SEO plugin v27.5 - https:\/\/yoast.com\/product\/yoast-seo-wordpress\/ -->\n<title>Entrevista de Tamy Tanzilli pela Camara Francesa | GTLawyers | Escrit\u00f3rio boutique full-service<\/title>\n<meta name=\"robots\" content=\"index, follow, max-snippet:-1, max-image-preview:large, max-video-preview:-1\" \/>\n<link rel=\"canonical\" href=\"https:\/\/www.gtlawyers.com.br\/fr\/noticia\/entrevista-de-tamy-tanzilli-pela-camara-francesa\/\" \/>\n<meta property=\"og:locale\" content=\"fr_FR\" \/>\n<meta property=\"og:type\" content=\"article\" \/>\n<meta property=\"og:title\" content=\"Entrevista de Tamy Tanzilli pela Camara Francesa | GTLawyers | Escrit\u00f3rio boutique full-service\" \/>\n<meta property=\"og:description\" content=\"Neg\u00f3cios, estrat\u00e9gia e integra\u00e7\u00e3o: a contribui\u00e7\u00e3o de Tamy Tanzilli para a CCIFB-SP Com quase 30 anos de experi\u00eancia em assessoramento jur\u00eddico internacional, a Diretora de PMEs da CCIFB-SP, nossa S\u00f3cia Fundadora da GTLawyers, Tamy Tanzilli, destaca como a C\u00e2mara est\u00e1 se reinventando para apoiar ainda mais as pequenas e m\u00e9dias empresas francesas no Brasil \u2014 [&hellip;]\" \/>\n<meta property=\"og:url\" content=\"https:\/\/www.gtlawyers.com.br\/fr\/noticia\/entrevista-de-tamy-tanzilli-pela-camara-francesa\/\" \/>\n<meta property=\"og:site_name\" content=\"GTLawyers | Escrit\u00f3rio boutique full-service\" \/>\n<meta property=\"article:published_time\" content=\"2025-11-18T18:51:04+00:00\" \/>\n<meta property=\"article:modified_time\" content=\"2025-11-18T18:51:06+00:00\" \/>\n<meta property=\"og:image\" content=\"https:\/\/www.gtlawyers.com.br\/site\/wp-content\/uploads\/csm_Tamy_OK_b5066a14f5.jpg\" \/>\n\t<meta property=\"og:image:width\" content=\"1166\" \/>\n\t<meta property=\"og:image:height\" content=\"1649\" \/>\n\t<meta property=\"og:image:type\" content=\"image\/jpeg\" \/>\n<meta name=\"author\" content=\"ttanzilli\" \/>\n<meta name=\"twitter:card\" content=\"summary_large_image\" \/>\n<meta name=\"twitter:label1\" content=\"\u00c9crit par\" \/>\n\t<meta name=\"twitter:data1\" content=\"ttanzilli\" \/>\n\t<meta name=\"twitter:label2\" content=\"Dur\u00e9e de lecture estim\u00e9e\" \/>\n\t<meta name=\"twitter:data2\" content=\"1 minute\" \/>\n<script type=\"application\/ld+json\" class=\"yoast-schema-graph\">{\"@context\":\"https:\\\/\\\/schema.org\",\"@graph\":[{\"@type\":\"Article\",\"@id\":\"https:\\\/\\\/www.gtlawyers.com.br\\\/noticia\\\/entrevista-de-tamy-tanzilli-pela-camara-francesa\\\/#article\",\"isPartOf\":{\"@id\":\"https:\\\/\\\/www.gtlawyers.com.br\\\/noticia\\\/entrevista-de-tamy-tanzilli-pela-camara-francesa\\\/\"},\"author\":{\"name\":\"ttanzilli\",\"@id\":\"https:\\\/\\\/www.gtlawyers.com.br\\\/#\\\/schema\\\/person\\\/98e5d0d0df85fd7cef4aa9878da75a67\"},\"headline\":\"Entrevista de Tamy Tanzilli pela Camara Francesa\",\"datePublished\":\"2025-11-18T18:51:04+00:00\",\"dateModified\":\"2025-11-18T18:51:06+00:00\",\"mainEntityOfPage\":{\"@id\":\"https:\\\/\\\/www.gtlawyers.com.br\\\/noticia\\\/entrevista-de-tamy-tanzilli-pela-camara-francesa\\\/\"},\"wordCount\":121,\"commentCount\":0,\"publisher\":{\"@id\":\"https:\\\/\\\/www.gtlawyers.com.br\\\/#organization\"},\"image\":{\"@id\":\"https:\\\/\\\/www.gtlawyers.com.br\\\/noticia\\\/entrevista-de-tamy-tanzilli-pela-camara-francesa\\\/#primaryimage\"},\"thumbnailUrl\":\"https:\\\/\\\/www.gtlawyers.com.br\\\/site\\\/wp-content\\\/uploads\\\/csm_Tamy_OK_b5066a14f5.jpg\",\"articleSection\":[\"News\"],\"inLanguage\":\"fr-FR\",\"potentialAction\":[{\"@type\":\"CommentAction\",\"name\":\"Comment\",\"target\":[\"https:\\\/\\\/www.gtlawyers.com.br\\\/noticia\\\/entrevista-de-tamy-tanzilli-pela-camara-francesa\\\/#respond\"]}]},{\"@type\":\"WebPage\",\"@id\":\"https:\\\/\\\/www.gtlawyers.com.br\\\/noticia\\\/entrevista-de-tamy-tanzilli-pela-camara-francesa\\\/\",\"url\":\"https:\\\/\\\/www.gtlawyers.com.br\\\/noticia\\\/entrevista-de-tamy-tanzilli-pela-camara-francesa\\\/\",\"name\":\"Entrevista de Tamy Tanzilli pela Camara Francesa | GTLawyers | Escrit\u00f3rio boutique full-service\",\"isPartOf\":{\"@id\":\"https:\\\/\\\/www.gtlawyers.com.br\\\/#website\"},\"primaryImageOfPage\":{\"@id\":\"https:\\\/\\\/www.gtlawyers.com.br\\\/noticia\\\/entrevista-de-tamy-tanzilli-pela-camara-francesa\\\/#primaryimage\"},\"image\":{\"@id\":\"https:\\\/\\\/www.gtlawyers.com.br\\\/noticia\\\/entrevista-de-tamy-tanzilli-pela-camara-francesa\\\/#primaryimage\"},\"thumbnailUrl\":\"https:\\\/\\\/www.gtlawyers.com.br\\\/site\\\/wp-content\\\/uploads\\\/csm_Tamy_OK_b5066a14f5.jpg\",\"datePublished\":\"2025-11-18T18:51:04+00:00\",\"dateModified\":\"2025-11-18T18:51:06+00:00\",\"breadcrumb\":{\"@id\":\"https:\\\/\\\/www.gtlawyers.com.br\\\/noticia\\\/entrevista-de-tamy-tanzilli-pela-camara-francesa\\\/#breadcrumb\"},\"inLanguage\":\"fr-FR\",\"potentialAction\":[{\"@type\":\"ReadAction\",\"target\":[\"https:\\\/\\\/www.gtlawyers.com.br\\\/noticia\\\/entrevista-de-tamy-tanzilli-pela-camara-francesa\\\/\"]}]},{\"@type\":\"ImageObject\",\"inLanguage\":\"fr-FR\",\"@id\":\"https:\\\/\\\/www.gtlawyers.com.br\\\/noticia\\\/entrevista-de-tamy-tanzilli-pela-camara-francesa\\\/#primaryimage\",\"url\":\"https:\\\/\\\/www.gtlawyers.com.br\\\/site\\\/wp-content\\\/uploads\\\/csm_Tamy_OK_b5066a14f5.jpg\",\"contentUrl\":\"https:\\\/\\\/www.gtlawyers.com.br\\\/site\\\/wp-content\\\/uploads\\\/csm_Tamy_OK_b5066a14f5.jpg\",\"width\":1166,\"height\":1649},{\"@type\":\"BreadcrumbList\",\"@id\":\"https:\\\/\\\/www.gtlawyers.com.br\\\/noticia\\\/entrevista-de-tamy-tanzilli-pela-camara-francesa\\\/#breadcrumb\",\"itemListElement\":[{\"@type\":\"ListItem\",\"position\":1,\"name\":\"In\u00edcio\",\"item\":\"https:\\\/\\\/www.gtlawyers.com.br\\\/\"},{\"@type\":\"ListItem\",\"position\":2,\"name\":\"Entrevista de Tamy Tanzilli pela Camara Francesa\"}]},{\"@type\":\"WebSite\",\"@id\":\"https:\\\/\\\/www.gtlawyers.com.br\\\/#website\",\"url\":\"https:\\\/\\\/www.gtlawyers.com.br\\\/\",\"name\":\"GTLawyers | Escrit\u00f3rio boutique full-service\",\"description\":\"Escrit\u00f3rio de advocacia franco-brasileiro para empresas especializado em M&amp;A, direito societ\u00e1rio, tribut\u00e1rio, imobili\u00e1rio, contencioso e compliance\",\"publisher\":{\"@id\":\"https:\\\/\\\/www.gtlawyers.com.br\\\/#organization\"},\"alternateName\":\"GTLawyers\",\"potentialAction\":[{\"@type\":\"SearchAction\",\"target\":{\"@type\":\"EntryPoint\",\"urlTemplate\":\"https:\\\/\\\/www.gtlawyers.com.br\\\/?s={search_term_string}\"},\"query-input\":{\"@type\":\"PropertyValueSpecification\",\"valueRequired\":true,\"valueName\":\"search_term_string\"}}],\"inLanguage\":\"fr-FR\"},{\"@type\":\"Organization\",\"@id\":\"https:\\\/\\\/www.gtlawyers.com.br\\\/#organization\",\"name\":\"GTLawyers - Escrit\u00f3rio boutique full-service\",\"url\":\"https:\\\/\\\/www.gtlawyers.com.br\\\/\",\"logo\":{\"@type\":\"ImageObject\",\"inLanguage\":\"fr-FR\",\"@id\":\"https:\\\/\\\/www.gtlawyers.com.br\\\/#\\\/schema\\\/logo\\\/image\\\/\",\"url\":\"https:\\\/\\\/www.gtlawyers.com.br\\\/site\\\/wp-content\\\/uploads\\\/image-3.png\",\"contentUrl\":\"https:\\\/\\\/www.gtlawyers.com.br\\\/site\\\/wp-content\\\/uploads\\\/image-3.png\",\"width\":166,\"height\":44,\"caption\":\"GTLawyers - Escrit\u00f3rio boutique full-service\"},\"image\":{\"@id\":\"https:\\\/\\\/www.gtlawyers.com.br\\\/#\\\/schema\\\/logo\\\/image\\\/\"},\"sameAs\":[\"https:\\\/\\\/www.linkedin.com\\\/company\\\/gtlawyers\\\/mycompany\\\/\"]},{\"@type\":\"Person\",\"@id\":\"https:\\\/\\\/www.gtlawyers.com.br\\\/#\\\/schema\\\/person\\\/98e5d0d0df85fd7cef4aa9878da75a67\",\"name\":\"ttanzilli\",\"image\":{\"@type\":\"ImageObject\",\"inLanguage\":\"fr-FR\",\"@id\":\"https:\\\/\\\/secure.gravatar.com\\\/avatar\\\/295df42180df022e821b6d822b06057b0d8a14abd7a2b2dc65a3001e88c99730?s=96&d=mm&r=g\",\"url\":\"https:\\\/\\\/secure.gravatar.com\\\/avatar\\\/295df42180df022e821b6d822b06057b0d8a14abd7a2b2dc65a3001e88c99730?s=96&d=mm&r=g\",\"contentUrl\":\"https:\\\/\\\/secure.gravatar.com\\\/avatar\\\/295df42180df022e821b6d822b06057b0d8a14abd7a2b2dc65a3001e88c99730?s=96&d=mm&r=g\",\"caption\":\"ttanzilli\"},\"url\":\"https:\\\/\\\/www.gtlawyers.com.br\\\/fr\\\/author\\\/ttanzilli\\\/\"}]}<\/script>\n<!-- \/ Yoast SEO plugin. -->","yoast_head_json":{"title":"Entrevista de Tamy Tanzilli pela Camara Francesa | GTLawyers | Escrit\u00f3rio boutique full-service","robots":{"index":"index","follow":"follow","max-snippet":"max-snippet:-1","max-image-preview":"max-image-preview:large","max-video-preview":"max-video-preview:-1"},"canonical":"https:\/\/www.gtlawyers.com.br\/fr\/noticia\/entrevista-de-tamy-tanzilli-pela-camara-francesa\/","og_locale":"fr_FR","og_type":"article","og_title":"Entrevista de Tamy Tanzilli pela Camara Francesa | GTLawyers | Escrit\u00f3rio boutique full-service","og_description":"Neg\u00f3cios, estrat\u00e9gia e integra\u00e7\u00e3o: a contribui\u00e7\u00e3o de Tamy Tanzilli para a CCIFB-SP Com quase 30 anos de experi\u00eancia em assessoramento jur\u00eddico internacional, a Diretora de PMEs da CCIFB-SP, nossa S\u00f3cia Fundadora da GTLawyers, Tamy Tanzilli, destaca como a C\u00e2mara est\u00e1 se reinventando para apoiar ainda mais as pequenas e m\u00e9dias empresas francesas no Brasil \u2014 [&hellip;]","og_url":"https:\/\/www.gtlawyers.com.br\/fr\/noticia\/entrevista-de-tamy-tanzilli-pela-camara-francesa\/","og_site_name":"GTLawyers | Escrit\u00f3rio boutique full-service","article_published_time":"2025-11-18T18:51:04+00:00","article_modified_time":"2025-11-18T18:51:06+00:00","og_image":[{"width":1166,"height":1649,"url":"https:\/\/www.gtlawyers.com.br\/site\/wp-content\/uploads\/csm_Tamy_OK_b5066a14f5.jpg","type":"image\/jpeg"}],"author":"ttanzilli","twitter_card":"summary_large_image","twitter_misc":{"\u00c9crit par":"ttanzilli","Dur\u00e9e de lecture estim\u00e9e":"1 minute"},"schema":{"@context":"https:\/\/schema.org","@graph":[{"@type":"Article","@id":"https:\/\/www.gtlawyers.com.br\/noticia\/entrevista-de-tamy-tanzilli-pela-camara-francesa\/#article","isPartOf":{"@id":"https:\/\/www.gtlawyers.com.br\/noticia\/entrevista-de-tamy-tanzilli-pela-camara-francesa\/"},"author":{"name":"ttanzilli","@id":"https:\/\/www.gtlawyers.com.br\/#\/schema\/person\/98e5d0d0df85fd7cef4aa9878da75a67"},"headline":"Entrevista de Tamy Tanzilli pela Camara Francesa","datePublished":"2025-11-18T18:51:04+00:00","dateModified":"2025-11-18T18:51:06+00:00","mainEntityOfPage":{"@id":"https:\/\/www.gtlawyers.com.br\/noticia\/entrevista-de-tamy-tanzilli-pela-camara-francesa\/"},"wordCount":121,"commentCount":0,"publisher":{"@id":"https:\/\/www.gtlawyers.com.br\/#organization"},"image":{"@id":"https:\/\/www.gtlawyers.com.br\/noticia\/entrevista-de-tamy-tanzilli-pela-camara-francesa\/#primaryimage"},"thumbnailUrl":"https:\/\/www.gtlawyers.com.br\/site\/wp-content\/uploads\/csm_Tamy_OK_b5066a14f5.jpg","articleSection":["News"],"inLanguage":"fr-FR","potentialAction":[{"@type":"CommentAction","name":"Comment","target":["https:\/\/www.gtlawyers.com.br\/noticia\/entrevista-de-tamy-tanzilli-pela-camara-francesa\/#respond"]}]},{"@type":"WebPage","@id":"https:\/\/www.gtlawyers.com.br\/noticia\/entrevista-de-tamy-tanzilli-pela-camara-francesa\/","url":"https:\/\/www.gtlawyers.com.br\/noticia\/entrevista-de-tamy-tanzilli-pela-camara-francesa\/","name":"Entrevista de Tamy Tanzilli pela Camara Francesa | GTLawyers | Escrit\u00f3rio boutique full-service","isPartOf":{"@id":"https:\/\/www.gtlawyers.com.br\/#website"},"primaryImageOfPage":{"@id":"https:\/\/www.gtlawyers.com.br\/noticia\/entrevista-de-tamy-tanzilli-pela-camara-francesa\/#primaryimage"},"image":{"@id":"https:\/\/www.gtlawyers.com.br\/noticia\/entrevista-de-tamy-tanzilli-pela-camara-francesa\/#primaryimage"},"thumbnailUrl":"https:\/\/www.gtlawyers.com.br\/site\/wp-content\/uploads\/csm_Tamy_OK_b5066a14f5.jpg","datePublished":"2025-11-18T18:51:04+00:00","dateModified":"2025-11-18T18:51:06+00:00","breadcrumb":{"@id":"https:\/\/www.gtlawyers.com.br\/noticia\/entrevista-de-tamy-tanzilli-pela-camara-francesa\/#breadcrumb"},"inLanguage":"fr-FR","potentialAction":[{"@type":"ReadAction","target":["https:\/\/www.gtlawyers.com.br\/noticia\/entrevista-de-tamy-tanzilli-pela-camara-francesa\/"]}]},{"@type":"ImageObject","inLanguage":"fr-FR","@id":"https:\/\/www.gtlawyers.com.br\/noticia\/entrevista-de-tamy-tanzilli-pela-camara-francesa\/#primaryimage","url":"https:\/\/www.gtlawyers.com.br\/site\/wp-content\/uploads\/csm_Tamy_OK_b5066a14f5.jpg","contentUrl":"https:\/\/www.gtlawyers.com.br\/site\/wp-content\/uploads\/csm_Tamy_OK_b5066a14f5.jpg","width":1166,"height":1649},{"@type":"BreadcrumbList","@id":"https:\/\/www.gtlawyers.com.br\/noticia\/entrevista-de-tamy-tanzilli-pela-camara-francesa\/#breadcrumb","itemListElement":[{"@type":"ListItem","position":1,"name":"In\u00edcio","item":"https:\/\/www.gtlawyers.com.br\/"},{"@type":"ListItem","position":2,"name":"Entrevista de Tamy Tanzilli pela Camara Francesa"}]},{"@type":"WebSite","@id":"https:\/\/www.gtlawyers.com.br\/#website","url":"https:\/\/www.gtlawyers.com.br\/","name":"GTLawyers | Escrit\u00f3rio boutique full-service","description":"Escrit\u00f3rio de advocacia franco-brasileiro para empresas especializado em M&amp;A, direito societ\u00e1rio, tribut\u00e1rio, imobili\u00e1rio, contencioso e compliance","publisher":{"@id":"https:\/\/www.gtlawyers.com.br\/#organization"},"alternateName":"GTLawyers","potentialAction":[{"@type":"SearchAction","target":{"@type":"EntryPoint","urlTemplate":"https:\/\/www.gtlawyers.com.br\/?s={search_term_string}"},"query-input":{"@type":"PropertyValueSpecification","valueRequired":true,"valueName":"search_term_string"}}],"inLanguage":"fr-FR"},{"@type":"Organization","@id":"https:\/\/www.gtlawyers.com.br\/#organization","name":"GTLawyers - Escrit\u00f3rio boutique full-service","url":"https:\/\/www.gtlawyers.com.br\/","logo":{"@type":"ImageObject","inLanguage":"fr-FR","@id":"https:\/\/www.gtlawyers.com.br\/#\/schema\/logo\/image\/","url":"https:\/\/www.gtlawyers.com.br\/site\/wp-content\/uploads\/image-3.png","contentUrl":"https:\/\/www.gtlawyers.com.br\/site\/wp-content\/uploads\/image-3.png","width":166,"height":44,"caption":"GTLawyers - Escrit\u00f3rio boutique full-service"},"image":{"@id":"https:\/\/www.gtlawyers.com.br\/#\/schema\/logo\/image\/"},"sameAs":["https:\/\/www.linkedin.com\/company\/gtlawyers\/mycompany\/"]},{"@type":"Person","@id":"https:\/\/www.gtlawyers.com.br\/#\/schema\/person\/98e5d0d0df85fd7cef4aa9878da75a67","name":"ttanzilli","image":{"@type":"ImageObject","inLanguage":"fr-FR","@id":"https:\/\/secure.gravatar.com\/avatar\/295df42180df022e821b6d822b06057b0d8a14abd7a2b2dc65a3001e88c99730?s=96&d=mm&r=g","url":"https:\/\/secure.gravatar.com\/avatar\/295df42180df022e821b6d822b06057b0d8a14abd7a2b2dc65a3001e88c99730?s=96&d=mm&r=g","contentUrl":"https:\/\/secure.gravatar.com\/avatar\/295df42180df022e821b6d822b06057b0d8a14abd7a2b2dc65a3001e88c99730?s=96&d=mm&r=g","caption":"ttanzilli"},"url":"https:\/\/www.gtlawyers.com.br\/fr\/author\/ttanzilli\/"}]}},"_links":{"self":[{"href":"https:\/\/www.gtlawyers.com.br\/fr\/wp-json\/wp\/v2\/posts\/2091","targetHints":{"allow":["GET"]}}],"collection":[{"href":"https:\/\/www.gtlawyers.com.br\/fr\/wp-json\/wp\/v2\/posts"}],"about":[{"href":"https:\/\/www.gtlawyers.com.br\/fr\/wp-json\/wp\/v2\/types\/post"}],"author":[{"embeddable":true,"href":"https:\/\/www.gtlawyers.com.br\/fr\/wp-json\/wp\/v2\/users\/8"}],"replies":[{"embeddable":true,"href":"https:\/\/www.gtlawyers.com.br\/fr\/wp-json\/wp\/v2\/comments?post=2091"}],"version-history":[{"count":2,"href":"https:\/\/www.gtlawyers.com.br\/fr\/wp-json\/wp\/v2\/posts\/2091\/revisions"}],"predecessor-version":[{"id":2094,"href":"https:\/\/www.gtlawyers.com.br\/fr\/wp-json\/wp\/v2\/posts\/2091\/revisions\/2094"}],"wp:featuredmedia":[{"embeddable":true,"href":"https:\/\/www.gtlawyers.com.br\/fr\/wp-json\/wp\/v2\/media\/2092"}],"wp:attachment":[{"href":"https:\/\/www.gtlawyers.com.br\/fr\/wp-json\/wp\/v2\/media?parent=2091"}],"wp:term":[{"taxonomy":"category","embeddable":true,"href":"https:\/\/www.gtlawyers.com.br\/fr\/wp-json\/wp\/v2\/categories?post=2091"},{"taxonomy":"post_tag","embeddable":true,"href":"https:\/\/www.gtlawyers.com.br\/fr\/wp-json\/wp\/v2\/tags?post=2091"}],"curies":[{"name":"wp","href":"https:\/\/api.w.org\/{rel}","templated":true}]}}