{"id":2102,"date":"2025-12-01T20:56:42","date_gmt":"2025-12-01T23:56:42","guid":{"rendered":"https:\/\/www.gtlawyers.com.br\/?p=2102"},"modified":"2025-12-01T20:56:44","modified_gmt":"2025-12-01T23:56:44","slug":"gtlawyers-e-reconhecido-no-analise-advocacia-2026","status":"publish","type":"post","link":"https:\/\/www.gtlawyers.com.br\/fr\/noticia\/gtlawyers-e-reconhecido-no-analise-advocacia-2026\/","title":{"rendered":"GTLawyers est reconnu par le An\u00e1lise Advocacia 2026 !"},"content":{"rendered":"<p>Nous sommes fiers d\u2019annoncer que GTLawyers s\u2019est distingu\u00e9 dans l\u2019\u00e9dition 2026 de l'Annuaire An\u00e1lise Advocacia, avec une reconnaissance dans quatre cat\u00e9gories :<\/p>\n\n\n\n<ul class=\"wp-block-list\">\n<li>Civil<\/li>\n\n\n\n<li>Services sp\u00e9cialis\u00e9s<\/li>\n\n\n\n<li>Sid\u00e9rurgie et Min\u00e9raux<\/li>\n\n\n\n<li>\u00c9tat \u2013 S\u00e3o Paulo<\/li>\n<\/ul>\n\n\n\n<p class=\"translation-block\">Ce r\u00e9sultat refl\u00e8te la confiance de nos clients et le d\u00e9vouement de toute notre \u00e9quipe.\n\nDe plus, nous c\u00e9l\u00e9brons avec beaucoup de fiert\u00e9 la reconnaissance individuelle de nos professionnels, qui ont \u00e9t\u00e9 nomm\u00e9s parmi les avocats les plus admir\u00e9s du pays dans leurs domaines d\u2019expertise :\n\nTamy Tanzilli a \u00e9t\u00e9 nomm\u00e9e parmi les Plus Admir\u00e9s dans le secteur \u00e9conomique des Services sp\u00e9cialis\u00e9s et dans la cat\u00e9gorie \u00c9tat\/S\u00e3o Paulo.\nEduardo Junqueira a \u00e9t\u00e9 nomm\u00e9 parmi les Plus Admir\u00e9s dans la sp\u00e9cialit\u00e9 droit du travail et dans le secteur \u00e9conomique Sid\u00e9rurgie et Min\u00e9raux.\nDiogo Tabosa a \u00e9t\u00e9 nomm\u00e9 parmi les Plus Admir\u00e9s dans la sp\u00e9cialit\u00e9 droit du travail, dans le secteur \u00e9conomique Sid\u00e9rurgie et Min\u00e9raux et dans la cat\u00e9gorie \u00c9tat\/S\u00e3o Paulo.\nAnne-Catherine Brunschwig a \u00e9t\u00e9 nomm\u00e9e parmi les Plus Admir\u00e9s dans le secteur \u00e9conomique des Services sp\u00e9cialis\u00e9s et dans la cat\u00e9gorie \u00c9tat\/Rio de Janeiro.\nCarolina Moresco a \u00e9t\u00e9 nomm\u00e9e parmi les Plus Admir\u00e9s dans le secteur \u00e9conomique des Services sp\u00e9cialis\u00e9s et dans la cat\u00e9gorie \u00c9tat\/S\u00e3o Paulo.\nJo\u00e3o Henrique Guidorizzi a \u00e9t\u00e9 nomm\u00e9 parmi les Plus Admir\u00e9s dans la sp\u00e9cialit\u00e9 droit du travail.\nLucas de Almeida Corr\u00eaa a \u00e9t\u00e9 nomm\u00e9 parmi les Plus Admir\u00e9s dans le secteur \u00e9conomique des Services sp\u00e9cialis\u00e9s.<\/p>\n\n\n\n<p>Nous f\u00e9licitons chacun pour leur excellence, leur engagement et leur impact sur le d\u00e9veloppement de notre cabinet.<br>Nous continuons \u00e0 travailler avec \u00e9thique, technicit\u00e9 et proximit\u00e9 pour toujours offrir le meilleur !<\/p>","protected":false},"excerpt":{"rendered":"<p>Temos o orgulho de anunciar que o GTLawyers foi destaque na edi\u00e7\u00e3o 2026 do Anu\u00e1rio An\u00e1lise Advocacia, sendo reconhecido em quatro categorias: Esse resultado reflete a confian\u00e7a dos nossos clientes e a dedica\u00e7\u00e3o de toda a nossa equipe.Al\u00e9m disso, celebramos com muito orgulho o reconhecimento individual de nossos profissionais, que foram nomeados entre os advogados [&hellip;]<\/p>\n","protected":false},"author":8,"featured_media":2103,"comment_status":"open","ping_status":"open","sticky":false,"template":"","format":"standard","meta":{"_acf_changed":false,"footnotes":""},"categories":[7],"tags":[],"class_list":["post-2102","post","type-post","status-publish","format-standard","has-post-thumbnail","hentry","category-noticia"],"acf":[],"yoast_head":"<!-- This site is optimized with the Yoast SEO plugin v27.5 - https:\/\/yoast.com\/product\/yoast-seo-wordpress\/ -->\n<title>GTLawyers \u00e9 reconhecido no An\u00e1lise Advocacia 2026! | GTLawyers | Escrit\u00f3rio boutique full-service<\/title>\n<meta name=\"robots\" content=\"index, follow, max-snippet:-1, max-image-preview:large, max-video-preview:-1\" \/>\n<link rel=\"canonical\" href=\"https:\/\/www.gtlawyers.com.br\/fr\/noticia\/gtlawyers-e-reconhecido-no-analise-advocacia-2026\/\" \/>\n<meta property=\"og:locale\" content=\"fr_FR\" \/>\n<meta property=\"og:type\" content=\"article\" \/>\n<meta property=\"og:title\" content=\"GTLawyers \u00e9 reconhecido no An\u00e1lise Advocacia 2026! | GTLawyers | Escrit\u00f3rio boutique full-service\" \/>\n<meta property=\"og:description\" content=\"Temos o orgulho de anunciar que o GTLawyers foi destaque na edi\u00e7\u00e3o 2026 do Anu\u00e1rio An\u00e1lise Advocacia, sendo reconhecido em quatro categorias: Esse resultado reflete a confian\u00e7a dos nossos clientes e a dedica\u00e7\u00e3o de toda a nossa equipe.Al\u00e9m disso, celebramos com muito orgulho o reconhecimento individual de nossos profissionais, que foram nomeados entre os advogados [&hellip;]\" \/>\n<meta property=\"og:url\" content=\"https:\/\/www.gtlawyers.com.br\/fr\/noticia\/gtlawyers-e-reconhecido-no-analise-advocacia-2026\/\" \/>\n<meta property=\"og:site_name\" content=\"GTLawyers | Escrit\u00f3rio boutique full-service\" \/>\n<meta property=\"article:published_time\" content=\"2025-12-01T23:56:42+00:00\" \/>\n<meta property=\"article:modified_time\" content=\"2025-12-01T23:56:44+00:00\" \/>\n<meta property=\"og:image\" content=\"https:\/\/www.gtlawyers.com.br\/site\/wp-content\/uploads\/modelo-webinars-3.png\" \/>\n\t<meta property=\"og:image:width\" content=\"1024\" \/>\n\t<meta property=\"og:image:height\" content=\"680\" \/>\n\t<meta property=\"og:image:type\" content=\"image\/png\" \/>\n<meta name=\"author\" content=\"ttanzilli\" \/>\n<meta name=\"twitter:card\" content=\"summary_large_image\" \/>\n<meta name=\"twitter:label1\" content=\"\u00c9crit par\" \/>\n\t<meta name=\"twitter:data1\" content=\"ttanzilli\" \/>\n\t<meta name=\"twitter:label2\" content=\"Dur\u00e9e de lecture estim\u00e9e\" \/>\n\t<meta name=\"twitter:data2\" content=\"2 minutes\" \/>\n<script type=\"application\/ld+json\" class=\"yoast-schema-graph\">{\"@context\":\"https:\\\/\\\/schema.org\",\"@graph\":[{\"@type\":\"Article\",\"@id\":\"https:\\\/\\\/www.gtlawyers.com.br\\\/noticia\\\/gtlawyers-e-reconhecido-no-analise-advocacia-2026\\\/#article\",\"isPartOf\":{\"@id\":\"https:\\\/\\\/www.gtlawyers.com.br\\\/noticia\\\/gtlawyers-e-reconhecido-no-analise-advocacia-2026\\\/\"},\"author\":{\"name\":\"ttanzilli\",\"@id\":\"https:\\\/\\\/www.gtlawyers.com.br\\\/#\\\/schema\\\/person\\\/98e5d0d0df85fd7cef4aa9878da75a67\"},\"headline\":\"GTLawyers \u00e9 reconhecido no An\u00e1lise Advocacia 2026!\",\"datePublished\":\"2025-12-01T23:56:42+00:00\",\"dateModified\":\"2025-12-01T23:56:44+00:00\",\"mainEntityOfPage\":{\"@id\":\"https:\\\/\\\/www.gtlawyers.com.br\\\/noticia\\\/gtlawyers-e-reconhecido-no-analise-advocacia-2026\\\/\"},\"wordCount\":268,\"commentCount\":0,\"publisher\":{\"@id\":\"https:\\\/\\\/www.gtlawyers.com.br\\\/#organization\"},\"image\":{\"@id\":\"https:\\\/\\\/www.gtlawyers.com.br\\\/noticia\\\/gtlawyers-e-reconhecido-no-analise-advocacia-2026\\\/#primaryimage\"},\"thumbnailUrl\":\"https:\\\/\\\/www.gtlawyers.com.br\\\/site\\\/wp-content\\\/uploads\\\/modelo-webinars-3.png\",\"articleSection\":[\"News\"],\"inLanguage\":\"fr-FR\",\"potentialAction\":[{\"@type\":\"CommentAction\",\"name\":\"Comment\",\"target\":[\"https:\\\/\\\/www.gtlawyers.com.br\\\/noticia\\\/gtlawyers-e-reconhecido-no-analise-advocacia-2026\\\/#respond\"]}]},{\"@type\":\"WebPage\",\"@id\":\"https:\\\/\\\/www.gtlawyers.com.br\\\/noticia\\\/gtlawyers-e-reconhecido-no-analise-advocacia-2026\\\/\",\"url\":\"https:\\\/\\\/www.gtlawyers.com.br\\\/noticia\\\/gtlawyers-e-reconhecido-no-analise-advocacia-2026\\\/\",\"name\":\"GTLawyers \u00e9 reconhecido no An\u00e1lise Advocacia 2026! | GTLawyers | Escrit\u00f3rio boutique full-service\",\"isPartOf\":{\"@id\":\"https:\\\/\\\/www.gtlawyers.com.br\\\/#website\"},\"primaryImageOfPage\":{\"@id\":\"https:\\\/\\\/www.gtlawyers.com.br\\\/noticia\\\/gtlawyers-e-reconhecido-no-analise-advocacia-2026\\\/#primaryimage\"},\"image\":{\"@id\":\"https:\\\/\\\/www.gtlawyers.com.br\\\/noticia\\\/gtlawyers-e-reconhecido-no-analise-advocacia-2026\\\/#primaryimage\"},\"thumbnailUrl\":\"https:\\\/\\\/www.gtlawyers.com.br\\\/site\\\/wp-content\\\/uploads\\\/modelo-webinars-3.png\",\"datePublished\":\"2025-12-01T23:56:42+00:00\",\"dateModified\":\"2025-12-01T23:56:44+00:00\",\"breadcrumb\":{\"@id\":\"https:\\\/\\\/www.gtlawyers.com.br\\\/noticia\\\/gtlawyers-e-reconhecido-no-analise-advocacia-2026\\\/#breadcrumb\"},\"inLanguage\":\"fr-FR\",\"potentialAction\":[{\"@type\":\"ReadAction\",\"target\":[\"https:\\\/\\\/www.gtlawyers.com.br\\\/noticia\\\/gtlawyers-e-reconhecido-no-analise-advocacia-2026\\\/\"]}]},{\"@type\":\"ImageObject\",\"inLanguage\":\"fr-FR\",\"@id\":\"https:\\\/\\\/www.gtlawyers.com.br\\\/noticia\\\/gtlawyers-e-reconhecido-no-analise-advocacia-2026\\\/#primaryimage\",\"url\":\"https:\\\/\\\/www.gtlawyers.com.br\\\/site\\\/wp-content\\\/uploads\\\/modelo-webinars-3.png\",\"contentUrl\":\"https:\\\/\\\/www.gtlawyers.com.br\\\/site\\\/wp-content\\\/uploads\\\/modelo-webinars-3.png\",\"width\":1024,\"height\":680},{\"@type\":\"BreadcrumbList\",\"@id\":\"https:\\\/\\\/www.gtlawyers.com.br\\\/noticia\\\/gtlawyers-e-reconhecido-no-analise-advocacia-2026\\\/#breadcrumb\",\"itemListElement\":[{\"@type\":\"ListItem\",\"position\":1,\"name\":\"In\u00edcio\",\"item\":\"https:\\\/\\\/www.gtlawyers.com.br\\\/\"},{\"@type\":\"ListItem\",\"position\":2,\"name\":\"GTLawyers \u00e9 reconhecido no An\u00e1lise Advocacia 2026!\"}]},{\"@type\":\"WebSite\",\"@id\":\"https:\\\/\\\/www.gtlawyers.com.br\\\/#website\",\"url\":\"https:\\\/\\\/www.gtlawyers.com.br\\\/\",\"name\":\"GTLawyers | Escrit\u00f3rio boutique full-service\",\"description\":\"Escrit\u00f3rio de advocacia franco-brasileiro para empresas especializado em M&amp;A, direito societ\u00e1rio, tribut\u00e1rio, imobili\u00e1rio, contencioso e compliance\",\"publisher\":{\"@id\":\"https:\\\/\\\/www.gtlawyers.com.br\\\/#organization\"},\"alternateName\":\"GTLawyers\",\"potentialAction\":[{\"@type\":\"SearchAction\",\"target\":{\"@type\":\"EntryPoint\",\"urlTemplate\":\"https:\\\/\\\/www.gtlawyers.com.br\\\/?s={search_term_string}\"},\"query-input\":{\"@type\":\"PropertyValueSpecification\",\"valueRequired\":true,\"valueName\":\"search_term_string\"}}],\"inLanguage\":\"fr-FR\"},{\"@type\":\"Organization\",\"@id\":\"https:\\\/\\\/www.gtlawyers.com.br\\\/#organization\",\"name\":\"GTLawyers - Escrit\u00f3rio boutique full-service\",\"url\":\"https:\\\/\\\/www.gtlawyers.com.br\\\/\",\"logo\":{\"@type\":\"ImageObject\",\"inLanguage\":\"fr-FR\",\"@id\":\"https:\\\/\\\/www.gtlawyers.com.br\\\/#\\\/schema\\\/logo\\\/image\\\/\",\"url\":\"https:\\\/\\\/www.gtlawyers.com.br\\\/site\\\/wp-content\\\/uploads\\\/image-3.png\",\"contentUrl\":\"https:\\\/\\\/www.gtlawyers.com.br\\\/site\\\/wp-content\\\/uploads\\\/image-3.png\",\"width\":166,\"height\":44,\"caption\":\"GTLawyers - Escrit\u00f3rio boutique full-service\"},\"image\":{\"@id\":\"https:\\\/\\\/www.gtlawyers.com.br\\\/#\\\/schema\\\/logo\\\/image\\\/\"},\"sameAs\":[\"https:\\\/\\\/www.linkedin.com\\\/company\\\/gtlawyers\\\/mycompany\\\/\"]},{\"@type\":\"Person\",\"@id\":\"https:\\\/\\\/www.gtlawyers.com.br\\\/#\\\/schema\\\/person\\\/98e5d0d0df85fd7cef4aa9878da75a67\",\"name\":\"ttanzilli\",\"image\":{\"@type\":\"ImageObject\",\"inLanguage\":\"fr-FR\",\"@id\":\"https:\\\/\\\/secure.gravatar.com\\\/avatar\\\/295df42180df022e821b6d822b06057b0d8a14abd7a2b2dc65a3001e88c99730?s=96&d=mm&r=g\",\"url\":\"https:\\\/\\\/secure.gravatar.com\\\/avatar\\\/295df42180df022e821b6d822b06057b0d8a14abd7a2b2dc65a3001e88c99730?s=96&d=mm&r=g\",\"contentUrl\":\"https:\\\/\\\/secure.gravatar.com\\\/avatar\\\/295df42180df022e821b6d822b06057b0d8a14abd7a2b2dc65a3001e88c99730?s=96&d=mm&r=g\",\"caption\":\"ttanzilli\"},\"url\":\"https:\\\/\\\/www.gtlawyers.com.br\\\/fr\\\/author\\\/ttanzilli\\\/\"}]}<\/script>\n<!-- \/ Yoast SEO plugin. -->","yoast_head_json":{"title":"GTLawyers \u00e9 reconhecido no An\u00e1lise Advocacia 2026! | GTLawyers | Escrit\u00f3rio boutique full-service","robots":{"index":"index","follow":"follow","max-snippet":"max-snippet:-1","max-image-preview":"max-image-preview:large","max-video-preview":"max-video-preview:-1"},"canonical":"https:\/\/www.gtlawyers.com.br\/fr\/noticia\/gtlawyers-e-reconhecido-no-analise-advocacia-2026\/","og_locale":"fr_FR","og_type":"article","og_title":"GTLawyers \u00e9 reconhecido no An\u00e1lise Advocacia 2026! | GTLawyers | Escrit\u00f3rio boutique full-service","og_description":"Temos o orgulho de anunciar que o GTLawyers foi destaque na edi\u00e7\u00e3o 2026 do Anu\u00e1rio An\u00e1lise Advocacia, sendo reconhecido em quatro categorias: Esse resultado reflete a confian\u00e7a dos nossos clientes e a dedica\u00e7\u00e3o de toda a nossa equipe.Al\u00e9m disso, celebramos com muito orgulho o reconhecimento individual de nossos profissionais, que foram nomeados entre os advogados [&hellip;]","og_url":"https:\/\/www.gtlawyers.com.br\/fr\/noticia\/gtlawyers-e-reconhecido-no-analise-advocacia-2026\/","og_site_name":"GTLawyers | Escrit\u00f3rio boutique full-service","article_published_time":"2025-12-01T23:56:42+00:00","article_modified_time":"2025-12-01T23:56:44+00:00","og_image":[{"width":1024,"height":680,"url":"https:\/\/www.gtlawyers.com.br\/site\/wp-content\/uploads\/modelo-webinars-3.png","type":"image\/png"}],"author":"ttanzilli","twitter_card":"summary_large_image","twitter_misc":{"\u00c9crit par":"ttanzilli","Dur\u00e9e de lecture estim\u00e9e":"2 minutes"},"schema":{"@context":"https:\/\/schema.org","@graph":[{"@type":"Article","@id":"https:\/\/www.gtlawyers.com.br\/noticia\/gtlawyers-e-reconhecido-no-analise-advocacia-2026\/#article","isPartOf":{"@id":"https:\/\/www.gtlawyers.com.br\/noticia\/gtlawyers-e-reconhecido-no-analise-advocacia-2026\/"},"author":{"name":"ttanzilli","@id":"https:\/\/www.gtlawyers.com.br\/#\/schema\/person\/98e5d0d0df85fd7cef4aa9878da75a67"},"headline":"GTLawyers \u00e9 reconhecido no An\u00e1lise Advocacia 2026!","datePublished":"2025-12-01T23:56:42+00:00","dateModified":"2025-12-01T23:56:44+00:00","mainEntityOfPage":{"@id":"https:\/\/www.gtlawyers.com.br\/noticia\/gtlawyers-e-reconhecido-no-analise-advocacia-2026\/"},"wordCount":268,"commentCount":0,"publisher":{"@id":"https:\/\/www.gtlawyers.com.br\/#organization"},"image":{"@id":"https:\/\/www.gtlawyers.com.br\/noticia\/gtlawyers-e-reconhecido-no-analise-advocacia-2026\/#primaryimage"},"thumbnailUrl":"https:\/\/www.gtlawyers.com.br\/site\/wp-content\/uploads\/modelo-webinars-3.png","articleSection":["News"],"inLanguage":"fr-FR","potentialAction":[{"@type":"CommentAction","name":"Comment","target":["https:\/\/www.gtlawyers.com.br\/noticia\/gtlawyers-e-reconhecido-no-analise-advocacia-2026\/#respond"]}]},{"@type":"WebPage","@id":"https:\/\/www.gtlawyers.com.br\/noticia\/gtlawyers-e-reconhecido-no-analise-advocacia-2026\/","url":"https:\/\/www.gtlawyers.com.br\/noticia\/gtlawyers-e-reconhecido-no-analise-advocacia-2026\/","name":"GTLawyers \u00e9 reconhecido no An\u00e1lise Advocacia 2026! | GTLawyers | Escrit\u00f3rio boutique full-service","isPartOf":{"@id":"https:\/\/www.gtlawyers.com.br\/#website"},"primaryImageOfPage":{"@id":"https:\/\/www.gtlawyers.com.br\/noticia\/gtlawyers-e-reconhecido-no-analise-advocacia-2026\/#primaryimage"},"image":{"@id":"https:\/\/www.gtlawyers.com.br\/noticia\/gtlawyers-e-reconhecido-no-analise-advocacia-2026\/#primaryimage"},"thumbnailUrl":"https:\/\/www.gtlawyers.com.br\/site\/wp-content\/uploads\/modelo-webinars-3.png","datePublished":"2025-12-01T23:56:42+00:00","dateModified":"2025-12-01T23:56:44+00:00","breadcrumb":{"@id":"https:\/\/www.gtlawyers.com.br\/noticia\/gtlawyers-e-reconhecido-no-analise-advocacia-2026\/#breadcrumb"},"inLanguage":"fr-FR","potentialAction":[{"@type":"ReadAction","target":["https:\/\/www.gtlawyers.com.br\/noticia\/gtlawyers-e-reconhecido-no-analise-advocacia-2026\/"]}]},{"@type":"ImageObject","inLanguage":"fr-FR","@id":"https:\/\/www.gtlawyers.com.br\/noticia\/gtlawyers-e-reconhecido-no-analise-advocacia-2026\/#primaryimage","url":"https:\/\/www.gtlawyers.com.br\/site\/wp-content\/uploads\/modelo-webinars-3.png","contentUrl":"https:\/\/www.gtlawyers.com.br\/site\/wp-content\/uploads\/modelo-webinars-3.png","width":1024,"height":680},{"@type":"BreadcrumbList","@id":"https:\/\/www.gtlawyers.com.br\/noticia\/gtlawyers-e-reconhecido-no-analise-advocacia-2026\/#breadcrumb","itemListElement":[{"@type":"ListItem","position":1,"name":"In\u00edcio","item":"https:\/\/www.gtlawyers.com.br\/"},{"@type":"ListItem","position":2,"name":"GTLawyers \u00e9 reconhecido no An\u00e1lise Advocacia 2026!"}]},{"@type":"WebSite","@id":"https:\/\/www.gtlawyers.com.br\/#website","url":"https:\/\/www.gtlawyers.com.br\/","name":"GTLawyers | Escrit\u00f3rio boutique full-service","description":"Escrit\u00f3rio de advocacia franco-brasileiro para empresas especializado em M&amp;A, direito societ\u00e1rio, tribut\u00e1rio, imobili\u00e1rio, contencioso e compliance","publisher":{"@id":"https:\/\/www.gtlawyers.com.br\/#organization"},"alternateName":"GTLawyers","potentialAction":[{"@type":"SearchAction","target":{"@type":"EntryPoint","urlTemplate":"https:\/\/www.gtlawyers.com.br\/?s={search_term_string}"},"query-input":{"@type":"PropertyValueSpecification","valueRequired":true,"valueName":"search_term_string"}}],"inLanguage":"fr-FR"},{"@type":"Organization","@id":"https:\/\/www.gtlawyers.com.br\/#organization","name":"GTLawyers - Escrit\u00f3rio boutique full-service","url":"https:\/\/www.gtlawyers.com.br\/","logo":{"@type":"ImageObject","inLanguage":"fr-FR","@id":"https:\/\/www.gtlawyers.com.br\/#\/schema\/logo\/image\/","url":"https:\/\/www.gtlawyers.com.br\/site\/wp-content\/uploads\/image-3.png","contentUrl":"https:\/\/www.gtlawyers.com.br\/site\/wp-content\/uploads\/image-3.png","width":166,"height":44,"caption":"GTLawyers - Escrit\u00f3rio boutique full-service"},"image":{"@id":"https:\/\/www.gtlawyers.com.br\/#\/schema\/logo\/image\/"},"sameAs":["https:\/\/www.linkedin.com\/company\/gtlawyers\/mycompany\/"]},{"@type":"Person","@id":"https:\/\/www.gtlawyers.com.br\/#\/schema\/person\/98e5d0d0df85fd7cef4aa9878da75a67","name":"ttanzilli","image":{"@type":"ImageObject","inLanguage":"fr-FR","@id":"https:\/\/secure.gravatar.com\/avatar\/295df42180df022e821b6d822b06057b0d8a14abd7a2b2dc65a3001e88c99730?s=96&d=mm&r=g","url":"https:\/\/secure.gravatar.com\/avatar\/295df42180df022e821b6d822b06057b0d8a14abd7a2b2dc65a3001e88c99730?s=96&d=mm&r=g","contentUrl":"https:\/\/secure.gravatar.com\/avatar\/295df42180df022e821b6d822b06057b0d8a14abd7a2b2dc65a3001e88c99730?s=96&d=mm&r=g","caption":"ttanzilli"},"url":"https:\/\/www.gtlawyers.com.br\/fr\/author\/ttanzilli\/"}]}},"_links":{"self":[{"href":"https:\/\/www.gtlawyers.com.br\/fr\/wp-json\/wp\/v2\/posts\/2102","targetHints":{"allow":["GET"]}}],"collection":[{"href":"https:\/\/www.gtlawyers.com.br\/fr\/wp-json\/wp\/v2\/posts"}],"about":[{"href":"https:\/\/www.gtlawyers.com.br\/fr\/wp-json\/wp\/v2\/types\/post"}],"author":[{"embeddable":true,"href":"https:\/\/www.gtlawyers.com.br\/fr\/wp-json\/wp\/v2\/users\/8"}],"replies":[{"embeddable":true,"href":"https:\/\/www.gtlawyers.com.br\/fr\/wp-json\/wp\/v2\/comments?post=2102"}],"version-history":[{"count":1,"href":"https:\/\/www.gtlawyers.com.br\/fr\/wp-json\/wp\/v2\/posts\/2102\/revisions"}],"predecessor-version":[{"id":2104,"href":"https:\/\/www.gtlawyers.com.br\/fr\/wp-json\/wp\/v2\/posts\/2102\/revisions\/2104"}],"wp:featuredmedia":[{"embeddable":true,"href":"https:\/\/www.gtlawyers.com.br\/fr\/wp-json\/wp\/v2\/media\/2103"}],"wp:attachment":[{"href":"https:\/\/www.gtlawyers.com.br\/fr\/wp-json\/wp\/v2\/media?parent=2102"}],"wp:term":[{"taxonomy":"category","embeddable":true,"href":"https:\/\/www.gtlawyers.com.br\/fr\/wp-json\/wp\/v2\/categories?post=2102"},{"taxonomy":"post_tag","embeddable":true,"href":"https:\/\/www.gtlawyers.com.br\/fr\/wp-json\/wp\/v2\/tags?post=2102"}],"curies":[{"name":"wp","href":"https:\/\/api.w.org\/{rel}","templated":true}]}}