{"id":2105,"date":"2025-12-01T21:01:11","date_gmt":"2025-12-02T00:01:11","guid":{"rendered":"https:\/\/www.gtlawyers.com.br\/?p=2105"},"modified":"2025-12-01T21:01:13","modified_gmt":"2025-12-02T00:01:13","slug":"gtlawyers-no-pitch-day-da-belgalux-camara-de-comercio-e-industria-belgo-luxemburguesa-brasileira-no-brasil","status":"publish","type":"post","link":"https:\/\/www.gtlawyers.com.br\/fr\/noticia\/gtlawyers-no-pitch-day-da-belgalux-camara-de-comercio-e-industria-belgo-luxemburguesa-brasileira-no-brasil\/","title":{"rendered":"GTLawyers au Pitch Day de la Belgalux - Chambre de Commerce et d'Industrie Belgo-Luxembourgeoise-Br\u00e9silienne au Br\u00e9sil !"},"content":{"rendered":"<p>Mercredi dernier, nous avons eu le grand plaisir de participer au Pitch Day Associados, un \u00e9v\u00e9nement organis\u00e9 par la Belgalux - Chambre de Commerce et d'Industrie Belgo-Luxembourgeoise-Br\u00e9silienne au Br\u00e9sil.<\/p>\n\n\n\n<p>Notre avocate charg\u00e9e du French Desk, C\u00e9cile Verdeaux, qui est \u00e9galement Directrice Juridique de la Belgalux, a repr\u00e9sent\u00e9 avec excellence notre cabinet, mettant en valeur le travail de GTLawyers au sein de la communaut\u00e9 d\u2019affaires belgo-luxembourgeoise-br\u00e9silienne.\n\nNos remerciements \u00e0 la Belgalux - Chambre de Commerce et d'Industrie Belgo-Luxembourgeoise-Br\u00e9silienne au Br\u00e9sil pour cette invitation ! <\/p>\n\n\n\n<p>Merci \u00e0 tous les participants et intervenants. Continuons ensemble \u00e0 collaborer et \u00e0 construire des ponts entre les communaut\u00e9s d\u2019affaires.<\/p>","protected":false},"excerpt":{"rendered":"<p>Na \u00faltima quarta-feira, tivemos o grande prazer de participar do Pitch Day Associados, um evento promovido pela Belgalux &#8211; C\u00e2mara de Com\u00e9rcio e Ind\u00fastria Belgo-Luxemburguesa-Brasileira no Brasil. Nossa advogada em charge do French Desk, C\u00e9cile Verdeaux, que tamb\u00e9m \u00e9 Diretora Jur\u00eddica da Belgalux, representou com excel\u00eancia o escrit\u00f3rio, destacando o trabalho de GTLawyers na comunidade [&hellip;]<\/p>\n","protected":false},"author":8,"featured_media":2106,"comment_status":"open","ping_status":"open","sticky":false,"template":"","format":"standard","meta":{"_acf_changed":false,"footnotes":""},"categories":[7],"tags":[],"class_list":["post-2105","post","type-post","status-publish","format-standard","has-post-thumbnail","hentry","category-noticia"],"acf":[],"yoast_head":"<!-- This site is optimized with the Yoast SEO plugin v27.5 - https:\/\/yoast.com\/product\/yoast-seo-wordpress\/ -->\n<title>GTLawyers no Pitch Day da Belgalux - C\u00e2mara de Com\u00e9rcio e Ind\u00fastria Belgo-Luxemburguesa-Brasileira no Brasil! | GTLawyers | Escrit\u00f3rio boutique full-service<\/title>\n<meta name=\"robots\" content=\"index, follow, max-snippet:-1, max-image-preview:large, max-video-preview:-1\" \/>\n<link rel=\"canonical\" href=\"https:\/\/www.gtlawyers.com.br\/fr\/noticia\/gtlawyers-no-pitch-day-da-belgalux-camara-de-comercio-e-industria-belgo-luxemburguesa-brasileira-no-brasil\/\" \/>\n<meta property=\"og:locale\" content=\"fr_FR\" \/>\n<meta property=\"og:type\" content=\"article\" \/>\n<meta property=\"og:title\" content=\"GTLawyers no Pitch Day da Belgalux - C\u00e2mara de Com\u00e9rcio e Ind\u00fastria Belgo-Luxemburguesa-Brasileira no Brasil! | GTLawyers | Escrit\u00f3rio boutique full-service\" \/>\n<meta property=\"og:description\" content=\"Na \u00faltima quarta-feira, tivemos o grande prazer de participar do Pitch Day Associados, um evento promovido pela Belgalux &#8211; C\u00e2mara de Com\u00e9rcio e Ind\u00fastria Belgo-Luxemburguesa-Brasileira no Brasil. Nossa advogada em charge do French Desk, C\u00e9cile Verdeaux, que tamb\u00e9m \u00e9 Diretora Jur\u00eddica da Belgalux, representou com excel\u00eancia o escrit\u00f3rio, destacando o trabalho de GTLawyers na comunidade [&hellip;]\" \/>\n<meta property=\"og:url\" content=\"https:\/\/www.gtlawyers.com.br\/fr\/noticia\/gtlawyers-no-pitch-day-da-belgalux-camara-de-comercio-e-industria-belgo-luxemburguesa-brasileira-no-brasil\/\" \/>\n<meta property=\"og:site_name\" content=\"GTLawyers | Escrit\u00f3rio boutique full-service\" \/>\n<meta property=\"article:published_time\" content=\"2025-12-02T00:01:11+00:00\" \/>\n<meta property=\"article:modified_time\" content=\"2025-12-02T00:01:13+00:00\" \/>\n<meta property=\"og:image\" content=\"https:\/\/www.gtlawyers.com.br\/site\/wp-content\/uploads\/post-belgalux.jpg\" \/>\n\t<meta property=\"og:image:width\" content=\"1600\" \/>\n\t<meta property=\"og:image:height\" content=\"1199\" \/>\n\t<meta property=\"og:image:type\" content=\"image\/jpeg\" \/>\n<meta name=\"author\" content=\"ttanzilli\" \/>\n<meta name=\"twitter:card\" content=\"summary_large_image\" \/>\n<meta name=\"twitter:label1\" content=\"\u00c9crit par\" \/>\n\t<meta name=\"twitter:data1\" content=\"ttanzilli\" \/>\n\t<meta name=\"twitter:label2\" content=\"Dur\u00e9e de lecture estim\u00e9e\" \/>\n\t<meta name=\"twitter:data2\" content=\"1 minute\" \/>\n<script type=\"application\/ld+json\" class=\"yoast-schema-graph\">{\"@context\":\"https:\\\/\\\/schema.org\",\"@graph\":[{\"@type\":\"Article\",\"@id\":\"https:\\\/\\\/www.gtlawyers.com.br\\\/noticia\\\/gtlawyers-no-pitch-day-da-belgalux-camara-de-comercio-e-industria-belgo-luxemburguesa-brasileira-no-brasil\\\/#article\",\"isPartOf\":{\"@id\":\"https:\\\/\\\/www.gtlawyers.com.br\\\/noticia\\\/gtlawyers-no-pitch-day-da-belgalux-camara-de-comercio-e-industria-belgo-luxemburguesa-brasileira-no-brasil\\\/\"},\"author\":{\"name\":\"ttanzilli\",\"@id\":\"https:\\\/\\\/www.gtlawyers.com.br\\\/#\\\/schema\\\/person\\\/98e5d0d0df85fd7cef4aa9878da75a67\"},\"headline\":\"GTLawyers no Pitch Day da Belgalux &#8211; C\u00e2mara de Com\u00e9rcio e Ind\u00fastria Belgo-Luxemburguesa-Brasileira no Brasil!\",\"datePublished\":\"2025-12-02T00:01:11+00:00\",\"dateModified\":\"2025-12-02T00:01:13+00:00\",\"mainEntityOfPage\":{\"@id\":\"https:\\\/\\\/www.gtlawyers.com.br\\\/noticia\\\/gtlawyers-no-pitch-day-da-belgalux-camara-de-comercio-e-industria-belgo-luxemburguesa-brasileira-no-brasil\\\/\"},\"wordCount\":115,\"commentCount\":0,\"publisher\":{\"@id\":\"https:\\\/\\\/www.gtlawyers.com.br\\\/#organization\"},\"image\":{\"@id\":\"https:\\\/\\\/www.gtlawyers.com.br\\\/noticia\\\/gtlawyers-no-pitch-day-da-belgalux-camara-de-comercio-e-industria-belgo-luxemburguesa-brasileira-no-brasil\\\/#primaryimage\"},\"thumbnailUrl\":\"https:\\\/\\\/www.gtlawyers.com.br\\\/site\\\/wp-content\\\/uploads\\\/post-belgalux.jpg\",\"articleSection\":[\"News\"],\"inLanguage\":\"fr-FR\",\"potentialAction\":[{\"@type\":\"CommentAction\",\"name\":\"Comment\",\"target\":[\"https:\\\/\\\/www.gtlawyers.com.br\\\/noticia\\\/gtlawyers-no-pitch-day-da-belgalux-camara-de-comercio-e-industria-belgo-luxemburguesa-brasileira-no-brasil\\\/#respond\"]}]},{\"@type\":\"WebPage\",\"@id\":\"https:\\\/\\\/www.gtlawyers.com.br\\\/noticia\\\/gtlawyers-no-pitch-day-da-belgalux-camara-de-comercio-e-industria-belgo-luxemburguesa-brasileira-no-brasil\\\/\",\"url\":\"https:\\\/\\\/www.gtlawyers.com.br\\\/noticia\\\/gtlawyers-no-pitch-day-da-belgalux-camara-de-comercio-e-industria-belgo-luxemburguesa-brasileira-no-brasil\\\/\",\"name\":\"GTLawyers no Pitch Day da Belgalux - C\u00e2mara de Com\u00e9rcio e Ind\u00fastria Belgo-Luxemburguesa-Brasileira no Brasil! | GTLawyers | Escrit\u00f3rio boutique full-service\",\"isPartOf\":{\"@id\":\"https:\\\/\\\/www.gtlawyers.com.br\\\/#website\"},\"primaryImageOfPage\":{\"@id\":\"https:\\\/\\\/www.gtlawyers.com.br\\\/noticia\\\/gtlawyers-no-pitch-day-da-belgalux-camara-de-comercio-e-industria-belgo-luxemburguesa-brasileira-no-brasil\\\/#primaryimage\"},\"image\":{\"@id\":\"https:\\\/\\\/www.gtlawyers.com.br\\\/noticia\\\/gtlawyers-no-pitch-day-da-belgalux-camara-de-comercio-e-industria-belgo-luxemburguesa-brasileira-no-brasil\\\/#primaryimage\"},\"thumbnailUrl\":\"https:\\\/\\\/www.gtlawyers.com.br\\\/site\\\/wp-content\\\/uploads\\\/post-belgalux.jpg\",\"datePublished\":\"2025-12-02T00:01:11+00:00\",\"dateModified\":\"2025-12-02T00:01:13+00:00\",\"breadcrumb\":{\"@id\":\"https:\\\/\\\/www.gtlawyers.com.br\\\/noticia\\\/gtlawyers-no-pitch-day-da-belgalux-camara-de-comercio-e-industria-belgo-luxemburguesa-brasileira-no-brasil\\\/#breadcrumb\"},\"inLanguage\":\"fr-FR\",\"potentialAction\":[{\"@type\":\"ReadAction\",\"target\":[\"https:\\\/\\\/www.gtlawyers.com.br\\\/noticia\\\/gtlawyers-no-pitch-day-da-belgalux-camara-de-comercio-e-industria-belgo-luxemburguesa-brasileira-no-brasil\\\/\"]}]},{\"@type\":\"ImageObject\",\"inLanguage\":\"fr-FR\",\"@id\":\"https:\\\/\\\/www.gtlawyers.com.br\\\/noticia\\\/gtlawyers-no-pitch-day-da-belgalux-camara-de-comercio-e-industria-belgo-luxemburguesa-brasileira-no-brasil\\\/#primaryimage\",\"url\":\"https:\\\/\\\/www.gtlawyers.com.br\\\/site\\\/wp-content\\\/uploads\\\/post-belgalux.jpg\",\"contentUrl\":\"https:\\\/\\\/www.gtlawyers.com.br\\\/site\\\/wp-content\\\/uploads\\\/post-belgalux.jpg\",\"width\":1600,\"height\":1199},{\"@type\":\"BreadcrumbList\",\"@id\":\"https:\\\/\\\/www.gtlawyers.com.br\\\/noticia\\\/gtlawyers-no-pitch-day-da-belgalux-camara-de-comercio-e-industria-belgo-luxemburguesa-brasileira-no-brasil\\\/#breadcrumb\",\"itemListElement\":[{\"@type\":\"ListItem\",\"position\":1,\"name\":\"In\u00edcio\",\"item\":\"https:\\\/\\\/www.gtlawyers.com.br\\\/\"},{\"@type\":\"ListItem\",\"position\":2,\"name\":\"GTLawyers no Pitch Day da Belgalux &#8211; C\u00e2mara de Com\u00e9rcio e Ind\u00fastria Belgo-Luxemburguesa-Brasileira no Brasil!\"}]},{\"@type\":\"WebSite\",\"@id\":\"https:\\\/\\\/www.gtlawyers.com.br\\\/#website\",\"url\":\"https:\\\/\\\/www.gtlawyers.com.br\\\/\",\"name\":\"GTLawyers | Escrit\u00f3rio boutique full-service\",\"description\":\"Escrit\u00f3rio de advocacia franco-brasileiro para empresas especializado em M&amp;A, direito societ\u00e1rio, tribut\u00e1rio, imobili\u00e1rio, contencioso e compliance\",\"publisher\":{\"@id\":\"https:\\\/\\\/www.gtlawyers.com.br\\\/#organization\"},\"alternateName\":\"GTLawyers\",\"potentialAction\":[{\"@type\":\"SearchAction\",\"target\":{\"@type\":\"EntryPoint\",\"urlTemplate\":\"https:\\\/\\\/www.gtlawyers.com.br\\\/?s={search_term_string}\"},\"query-input\":{\"@type\":\"PropertyValueSpecification\",\"valueRequired\":true,\"valueName\":\"search_term_string\"}}],\"inLanguage\":\"fr-FR\"},{\"@type\":\"Organization\",\"@id\":\"https:\\\/\\\/www.gtlawyers.com.br\\\/#organization\",\"name\":\"GTLawyers - Escrit\u00f3rio boutique full-service\",\"url\":\"https:\\\/\\\/www.gtlawyers.com.br\\\/\",\"logo\":{\"@type\":\"ImageObject\",\"inLanguage\":\"fr-FR\",\"@id\":\"https:\\\/\\\/www.gtlawyers.com.br\\\/#\\\/schema\\\/logo\\\/image\\\/\",\"url\":\"https:\\\/\\\/www.gtlawyers.com.br\\\/site\\\/wp-content\\\/uploads\\\/image-3.png\",\"contentUrl\":\"https:\\\/\\\/www.gtlawyers.com.br\\\/site\\\/wp-content\\\/uploads\\\/image-3.png\",\"width\":166,\"height\":44,\"caption\":\"GTLawyers - Escrit\u00f3rio boutique full-service\"},\"image\":{\"@id\":\"https:\\\/\\\/www.gtlawyers.com.br\\\/#\\\/schema\\\/logo\\\/image\\\/\"},\"sameAs\":[\"https:\\\/\\\/www.linkedin.com\\\/company\\\/gtlawyers\\\/mycompany\\\/\"]},{\"@type\":\"Person\",\"@id\":\"https:\\\/\\\/www.gtlawyers.com.br\\\/#\\\/schema\\\/person\\\/98e5d0d0df85fd7cef4aa9878da75a67\",\"name\":\"ttanzilli\",\"image\":{\"@type\":\"ImageObject\",\"inLanguage\":\"fr-FR\",\"@id\":\"https:\\\/\\\/secure.gravatar.com\\\/avatar\\\/295df42180df022e821b6d822b06057b0d8a14abd7a2b2dc65a3001e88c99730?s=96&d=mm&r=g\",\"url\":\"https:\\\/\\\/secure.gravatar.com\\\/avatar\\\/295df42180df022e821b6d822b06057b0d8a14abd7a2b2dc65a3001e88c99730?s=96&d=mm&r=g\",\"contentUrl\":\"https:\\\/\\\/secure.gravatar.com\\\/avatar\\\/295df42180df022e821b6d822b06057b0d8a14abd7a2b2dc65a3001e88c99730?s=96&d=mm&r=g\",\"caption\":\"ttanzilli\"},\"url\":\"https:\\\/\\\/www.gtlawyers.com.br\\\/fr\\\/author\\\/ttanzilli\\\/\"}]}<\/script>\n<!-- \/ Yoast SEO plugin. -->","yoast_head_json":{"title":"GTLawyers no Pitch Day da Belgalux - C\u00e2mara de Com\u00e9rcio e Ind\u00fastria Belgo-Luxemburguesa-Brasileira no Brasil! | GTLawyers | Escrit\u00f3rio boutique full-service","robots":{"index":"index","follow":"follow","max-snippet":"max-snippet:-1","max-image-preview":"max-image-preview:large","max-video-preview":"max-video-preview:-1"},"canonical":"https:\/\/www.gtlawyers.com.br\/fr\/noticia\/gtlawyers-no-pitch-day-da-belgalux-camara-de-comercio-e-industria-belgo-luxemburguesa-brasileira-no-brasil\/","og_locale":"fr_FR","og_type":"article","og_title":"GTLawyers no Pitch Day da Belgalux - C\u00e2mara de Com\u00e9rcio e Ind\u00fastria Belgo-Luxemburguesa-Brasileira no Brasil! | GTLawyers | Escrit\u00f3rio boutique full-service","og_description":"Na \u00faltima quarta-feira, tivemos o grande prazer de participar do Pitch Day Associados, um evento promovido pela Belgalux &#8211; C\u00e2mara de Com\u00e9rcio e Ind\u00fastria Belgo-Luxemburguesa-Brasileira no Brasil. Nossa advogada em charge do French Desk, C\u00e9cile Verdeaux, que tamb\u00e9m \u00e9 Diretora Jur\u00eddica da Belgalux, representou com excel\u00eancia o escrit\u00f3rio, destacando o trabalho de GTLawyers na comunidade [&hellip;]","og_url":"https:\/\/www.gtlawyers.com.br\/fr\/noticia\/gtlawyers-no-pitch-day-da-belgalux-camara-de-comercio-e-industria-belgo-luxemburguesa-brasileira-no-brasil\/","og_site_name":"GTLawyers | Escrit\u00f3rio boutique full-service","article_published_time":"2025-12-02T00:01:11+00:00","article_modified_time":"2025-12-02T00:01:13+00:00","og_image":[{"width":1600,"height":1199,"url":"https:\/\/www.gtlawyers.com.br\/site\/wp-content\/uploads\/post-belgalux.jpg","type":"image\/jpeg"}],"author":"ttanzilli","twitter_card":"summary_large_image","twitter_misc":{"\u00c9crit par":"ttanzilli","Dur\u00e9e de lecture estim\u00e9e":"1 minute"},"schema":{"@context":"https:\/\/schema.org","@graph":[{"@type":"Article","@id":"https:\/\/www.gtlawyers.com.br\/noticia\/gtlawyers-no-pitch-day-da-belgalux-camara-de-comercio-e-industria-belgo-luxemburguesa-brasileira-no-brasil\/#article","isPartOf":{"@id":"https:\/\/www.gtlawyers.com.br\/noticia\/gtlawyers-no-pitch-day-da-belgalux-camara-de-comercio-e-industria-belgo-luxemburguesa-brasileira-no-brasil\/"},"author":{"name":"ttanzilli","@id":"https:\/\/www.gtlawyers.com.br\/#\/schema\/person\/98e5d0d0df85fd7cef4aa9878da75a67"},"headline":"GTLawyers no Pitch Day da Belgalux &#8211; C\u00e2mara de Com\u00e9rcio e Ind\u00fastria Belgo-Luxemburguesa-Brasileira no Brasil!","datePublished":"2025-12-02T00:01:11+00:00","dateModified":"2025-12-02T00:01:13+00:00","mainEntityOfPage":{"@id":"https:\/\/www.gtlawyers.com.br\/noticia\/gtlawyers-no-pitch-day-da-belgalux-camara-de-comercio-e-industria-belgo-luxemburguesa-brasileira-no-brasil\/"},"wordCount":115,"commentCount":0,"publisher":{"@id":"https:\/\/www.gtlawyers.com.br\/#organization"},"image":{"@id":"https:\/\/www.gtlawyers.com.br\/noticia\/gtlawyers-no-pitch-day-da-belgalux-camara-de-comercio-e-industria-belgo-luxemburguesa-brasileira-no-brasil\/#primaryimage"},"thumbnailUrl":"https:\/\/www.gtlawyers.com.br\/site\/wp-content\/uploads\/post-belgalux.jpg","articleSection":["News"],"inLanguage":"fr-FR","potentialAction":[{"@type":"CommentAction","name":"Comment","target":["https:\/\/www.gtlawyers.com.br\/noticia\/gtlawyers-no-pitch-day-da-belgalux-camara-de-comercio-e-industria-belgo-luxemburguesa-brasileira-no-brasil\/#respond"]}]},{"@type":"WebPage","@id":"https:\/\/www.gtlawyers.com.br\/noticia\/gtlawyers-no-pitch-day-da-belgalux-camara-de-comercio-e-industria-belgo-luxemburguesa-brasileira-no-brasil\/","url":"https:\/\/www.gtlawyers.com.br\/noticia\/gtlawyers-no-pitch-day-da-belgalux-camara-de-comercio-e-industria-belgo-luxemburguesa-brasileira-no-brasil\/","name":"GTLawyers no Pitch Day da Belgalux - C\u00e2mara de Com\u00e9rcio e Ind\u00fastria Belgo-Luxemburguesa-Brasileira no Brasil! | GTLawyers | Escrit\u00f3rio boutique full-service","isPartOf":{"@id":"https:\/\/www.gtlawyers.com.br\/#website"},"primaryImageOfPage":{"@id":"https:\/\/www.gtlawyers.com.br\/noticia\/gtlawyers-no-pitch-day-da-belgalux-camara-de-comercio-e-industria-belgo-luxemburguesa-brasileira-no-brasil\/#primaryimage"},"image":{"@id":"https:\/\/www.gtlawyers.com.br\/noticia\/gtlawyers-no-pitch-day-da-belgalux-camara-de-comercio-e-industria-belgo-luxemburguesa-brasileira-no-brasil\/#primaryimage"},"thumbnailUrl":"https:\/\/www.gtlawyers.com.br\/site\/wp-content\/uploads\/post-belgalux.jpg","datePublished":"2025-12-02T00:01:11+00:00","dateModified":"2025-12-02T00:01:13+00:00","breadcrumb":{"@id":"https:\/\/www.gtlawyers.com.br\/noticia\/gtlawyers-no-pitch-day-da-belgalux-camara-de-comercio-e-industria-belgo-luxemburguesa-brasileira-no-brasil\/#breadcrumb"},"inLanguage":"fr-FR","potentialAction":[{"@type":"ReadAction","target":["https:\/\/www.gtlawyers.com.br\/noticia\/gtlawyers-no-pitch-day-da-belgalux-camara-de-comercio-e-industria-belgo-luxemburguesa-brasileira-no-brasil\/"]}]},{"@type":"ImageObject","inLanguage":"fr-FR","@id":"https:\/\/www.gtlawyers.com.br\/noticia\/gtlawyers-no-pitch-day-da-belgalux-camara-de-comercio-e-industria-belgo-luxemburguesa-brasileira-no-brasil\/#primaryimage","url":"https:\/\/www.gtlawyers.com.br\/site\/wp-content\/uploads\/post-belgalux.jpg","contentUrl":"https:\/\/www.gtlawyers.com.br\/site\/wp-content\/uploads\/post-belgalux.jpg","width":1600,"height":1199},{"@type":"BreadcrumbList","@id":"https:\/\/www.gtlawyers.com.br\/noticia\/gtlawyers-no-pitch-day-da-belgalux-camara-de-comercio-e-industria-belgo-luxemburguesa-brasileira-no-brasil\/#breadcrumb","itemListElement":[{"@type":"ListItem","position":1,"name":"In\u00edcio","item":"https:\/\/www.gtlawyers.com.br\/"},{"@type":"ListItem","position":2,"name":"GTLawyers no Pitch Day da Belgalux &#8211; C\u00e2mara de Com\u00e9rcio e Ind\u00fastria Belgo-Luxemburguesa-Brasileira no Brasil!"}]},{"@type":"WebSite","@id":"https:\/\/www.gtlawyers.com.br\/#website","url":"https:\/\/www.gtlawyers.com.br\/","name":"GTLawyers | Escrit\u00f3rio boutique full-service","description":"Escrit\u00f3rio de advocacia franco-brasileiro para empresas especializado em M&amp;A, direito societ\u00e1rio, tribut\u00e1rio, imobili\u00e1rio, contencioso e compliance","publisher":{"@id":"https:\/\/www.gtlawyers.com.br\/#organization"},"alternateName":"GTLawyers","potentialAction":[{"@type":"SearchAction","target":{"@type":"EntryPoint","urlTemplate":"https:\/\/www.gtlawyers.com.br\/?s={search_term_string}"},"query-input":{"@type":"PropertyValueSpecification","valueRequired":true,"valueName":"search_term_string"}}],"inLanguage":"fr-FR"},{"@type":"Organization","@id":"https:\/\/www.gtlawyers.com.br\/#organization","name":"GTLawyers - Escrit\u00f3rio boutique full-service","url":"https:\/\/www.gtlawyers.com.br\/","logo":{"@type":"ImageObject","inLanguage":"fr-FR","@id":"https:\/\/www.gtlawyers.com.br\/#\/schema\/logo\/image\/","url":"https:\/\/www.gtlawyers.com.br\/site\/wp-content\/uploads\/image-3.png","contentUrl":"https:\/\/www.gtlawyers.com.br\/site\/wp-content\/uploads\/image-3.png","width":166,"height":44,"caption":"GTLawyers - Escrit\u00f3rio boutique full-service"},"image":{"@id":"https:\/\/www.gtlawyers.com.br\/#\/schema\/logo\/image\/"},"sameAs":["https:\/\/www.linkedin.com\/company\/gtlawyers\/mycompany\/"]},{"@type":"Person","@id":"https:\/\/www.gtlawyers.com.br\/#\/schema\/person\/98e5d0d0df85fd7cef4aa9878da75a67","name":"ttanzilli","image":{"@type":"ImageObject","inLanguage":"fr-FR","@id":"https:\/\/secure.gravatar.com\/avatar\/295df42180df022e821b6d822b06057b0d8a14abd7a2b2dc65a3001e88c99730?s=96&d=mm&r=g","url":"https:\/\/secure.gravatar.com\/avatar\/295df42180df022e821b6d822b06057b0d8a14abd7a2b2dc65a3001e88c99730?s=96&d=mm&r=g","contentUrl":"https:\/\/secure.gravatar.com\/avatar\/295df42180df022e821b6d822b06057b0d8a14abd7a2b2dc65a3001e88c99730?s=96&d=mm&r=g","caption":"ttanzilli"},"url":"https:\/\/www.gtlawyers.com.br\/fr\/author\/ttanzilli\/"}]}},"_links":{"self":[{"href":"https:\/\/www.gtlawyers.com.br\/fr\/wp-json\/wp\/v2\/posts\/2105","targetHints":{"allow":["GET"]}}],"collection":[{"href":"https:\/\/www.gtlawyers.com.br\/fr\/wp-json\/wp\/v2\/posts"}],"about":[{"href":"https:\/\/www.gtlawyers.com.br\/fr\/wp-json\/wp\/v2\/types\/post"}],"author":[{"embeddable":true,"href":"https:\/\/www.gtlawyers.com.br\/fr\/wp-json\/wp\/v2\/users\/8"}],"replies":[{"embeddable":true,"href":"https:\/\/www.gtlawyers.com.br\/fr\/wp-json\/wp\/v2\/comments?post=2105"}],"version-history":[{"count":1,"href":"https:\/\/www.gtlawyers.com.br\/fr\/wp-json\/wp\/v2\/posts\/2105\/revisions"}],"predecessor-version":[{"id":2107,"href":"https:\/\/www.gtlawyers.com.br\/fr\/wp-json\/wp\/v2\/posts\/2105\/revisions\/2107"}],"wp:featuredmedia":[{"embeddable":true,"href":"https:\/\/www.gtlawyers.com.br\/fr\/wp-json\/wp\/v2\/media\/2106"}],"wp:attachment":[{"href":"https:\/\/www.gtlawyers.com.br\/fr\/wp-json\/wp\/v2\/media?parent=2105"}],"wp:term":[{"taxonomy":"category","embeddable":true,"href":"https:\/\/www.gtlawyers.com.br\/fr\/wp-json\/wp\/v2\/categories?post=2105"},{"taxonomy":"post_tag","embeddable":true,"href":"https:\/\/www.gtlawyers.com.br\/fr\/wp-json\/wp\/v2\/tags?post=2105"}],"curies":[{"name":"wp","href":"https:\/\/api.w.org\/{rel}","templated":true}]}}