{"id":2139,"date":"2026-01-06T14:24:06","date_gmt":"2026-01-06T17:24:06","guid":{"rendered":"https:\/\/www.gtlawyers.com.br\/?p=2139"},"modified":"2026-01-06T14:24:10","modified_gmt":"2026-01-06T17:24:10","slug":"almoco-debate-na-ccifb-reforma-tributaria-em-foco","status":"publish","type":"post","link":"https:\/\/www.gtlawyers.com.br\/fr\/noticia\/almoco-debate-na-ccifb-reforma-tributaria-em-foco\/","title":{"rendered":"D\u00e9jeuner-D\u00e9bat \u00e0 la CCIFB : La r\u00e9forme fiscale au centre des discussions"},"content":{"rendered":"<p>La semaine derni\u00e8re, notre associ\u00e9, Estev\u00e3o Gross, a eu l'honneur de participer au D\u00e9jeuner-D\u00e9bat organis\u00e9 par la Chambre de Commerce France-Br\u00e9sil (CCIFB) en pr\u00e9sence de Bernard Appy, Secr\u00e9taire Extraordinaire \u00e0 la R\u00e9forme Fiscale du Minist\u00e8re des Finances. L\u2019\u00e9v\u00e9nement s\u2019est d\u00e9roul\u00e9 au si\u00e8ge de Pernod Ricard, \u00e0 S\u00e3o Paulo, et a r\u00e9uni des repr\u00e9sentants d\u2019entreprises affili\u00e9es.<\/p>\n\n\n\n<p>Lors de cet \u00e9change, ont \u00e9t\u00e9 abord\u00e9es les r\u00e9glementations et les m\u00e9canismes de transition vers le nouveau mod\u00e8le fiscal. Le Secr\u00e9taire Appy a partag\u00e9 ses r\u00e9flexions sur les d\u00e9fis et impacts li\u00e9s \u00e0 la R\u00e9forme Fiscale, en mettant en lumi\u00e8re des points tels que :<\/p>\n\n\n\n<ul class=\"wp-block-list\">\n<li>Le d\u00e9but de la transition en 2026, garantissant aux entreprises le temps n\u00e9cessaire pour s\u2019adapter au nouveau mod\u00e8le ;<\/li>\n\n\n\n<li>La correction des distorsions du syst\u00e8me fiscal actuel, favorisant une plus grande \u00e9quit\u00e9 fiscale et \u00e9largissant l\u2019autonomie des \u00c9tats pour une allocation strat\u00e9gique des ressources ;<\/li>\n\n\n\n<li>Le calendrier de mise en \u0153uvre, avec une transition progressive pr\u00e9vue jusqu\u2019en 2033, assurant un \u00e9quilibre et une adaptabilit\u00e9 raisonnables tout au long du processus.<\/li>\n<\/ul>\n\n\n\n<p>Ce d\u00e9bat a fourni des \u00e9clairages essentiels pour les entreprises br\u00e9siliennes et fran\u00e7aises d\u00e9j\u00e0 en pleine pr\u00e9paration face \u00e0 cette transformation cruciale.\n\nNos remerciements \u00e0 la CCIFB-SP pour l\u2019organisation de cet \u00e9v\u00e9nement et \u00e0 Pernod Ricard pour avoir accueilli cette discussion importante !<\/p>","protected":false},"excerpt":{"rendered":"<p>Na \u00faltima semana, nosso s\u00f3cio, Estev\u00e3o Gross, teve a honra de participar do Almo\u00e7o-Debate da C\u00e2mara de Com\u00e9rcio Fran\u00e7a Brasil &#8211; CCIFB com o Secret\u00e1rio Extraordin\u00e1rio da Reforma Tribut\u00e1ria do Minist\u00e9rio da Fazenda, Bernard Appy. O evento foi realizado na sede da Pernod Ricard, em S\u00e3o Paulo, e reuniu representantes de empresas associadas. Durante o [&hellip;]<\/p>\n","protected":false},"author":7,"featured_media":2140,"comment_status":"open","ping_status":"open","sticky":false,"template":"","format":"standard","meta":{"_acf_changed":false,"footnotes":""},"categories":[7],"tags":[],"class_list":["post-2139","post","type-post","status-publish","format-standard","has-post-thumbnail","hentry","category-noticia"],"acf":[],"yoast_head":"<!-- This site is optimized with the Yoast SEO plugin v27.5 - https:\/\/yoast.com\/product\/yoast-seo-wordpress\/ -->\n<title>Almo\u00e7o-Debate na CCIFB: Reforma tribut\u00e1ria em foco | GTLawyers | Escrit\u00f3rio boutique full-service<\/title>\n<meta name=\"robots\" content=\"index, follow, max-snippet:-1, max-image-preview:large, max-video-preview:-1\" \/>\n<link rel=\"canonical\" href=\"https:\/\/www.gtlawyers.com.br\/fr\/noticia\/almoco-debate-na-ccifb-reforma-tributaria-em-foco\/\" \/>\n<meta property=\"og:locale\" content=\"fr_FR\" \/>\n<meta property=\"og:type\" content=\"article\" \/>\n<meta property=\"og:title\" content=\"Almo\u00e7o-Debate na CCIFB: Reforma tribut\u00e1ria em foco | GTLawyers | Escrit\u00f3rio boutique full-service\" \/>\n<meta property=\"og:description\" content=\"Na \u00faltima semana, nosso s\u00f3cio, Estev\u00e3o Gross, teve a honra de participar do Almo\u00e7o-Debate da C\u00e2mara de Com\u00e9rcio Fran\u00e7a Brasil &#8211; CCIFB com o Secret\u00e1rio Extraordin\u00e1rio da Reforma Tribut\u00e1ria do Minist\u00e9rio da Fazenda, Bernard Appy. O evento foi realizado na sede da Pernod Ricard, em S\u00e3o Paulo, e reuniu representantes de empresas associadas. Durante o [&hellip;]\" \/>\n<meta property=\"og:url\" content=\"https:\/\/www.gtlawyers.com.br\/fr\/noticia\/almoco-debate-na-ccifb-reforma-tributaria-em-foco\/\" \/>\n<meta property=\"og:site_name\" content=\"GTLawyers | Escrit\u00f3rio boutique full-service\" \/>\n<meta property=\"article:published_time\" content=\"2026-01-06T17:24:06+00:00\" \/>\n<meta property=\"article:modified_time\" content=\"2026-01-06T17:24:10+00:00\" \/>\n<meta property=\"og:image\" content=\"https:\/\/www.gtlawyers.com.br\/site\/wp-content\/uploads\/1765579145187.jpg\" \/>\n\t<meta property=\"og:image:width\" content=\"2048\" \/>\n\t<meta property=\"og:image:height\" content=\"1365\" \/>\n\t<meta property=\"og:image:type\" content=\"image\/jpeg\" \/>\n<meta name=\"author\" content=\"jpuech\" \/>\n<meta name=\"twitter:card\" content=\"summary_large_image\" \/>\n<meta name=\"twitter:label1\" content=\"\u00c9crit par\" \/>\n\t<meta name=\"twitter:data1\" content=\"jpuech\" \/>\n\t<meta name=\"twitter:label2\" content=\"Dur\u00e9e de lecture estim\u00e9e\" \/>\n\t<meta name=\"twitter:data2\" content=\"2 minutes\" \/>\n<script type=\"application\/ld+json\" class=\"yoast-schema-graph\">{\"@context\":\"https:\\\/\\\/schema.org\",\"@graph\":[{\"@type\":\"Article\",\"@id\":\"https:\\\/\\\/www.gtlawyers.com.br\\\/noticia\\\/almoco-debate-na-ccifb-reforma-tributaria-em-foco\\\/#article\",\"isPartOf\":{\"@id\":\"https:\\\/\\\/www.gtlawyers.com.br\\\/noticia\\\/almoco-debate-na-ccifb-reforma-tributaria-em-foco\\\/\"},\"author\":{\"name\":\"jpuech\",\"@id\":\"https:\\\/\\\/www.gtlawyers.com.br\\\/#\\\/schema\\\/person\\\/e0db5b05dd070b41155ef644b597a673\"},\"headline\":\"Almo\u00e7o-Debate na CCIFB: Reforma tribut\u00e1ria em foco\",\"datePublished\":\"2026-01-06T17:24:06+00:00\",\"dateModified\":\"2026-01-06T17:24:10+00:00\",\"mainEntityOfPage\":{\"@id\":\"https:\\\/\\\/www.gtlawyers.com.br\\\/noticia\\\/almoco-debate-na-ccifb-reforma-tributaria-em-foco\\\/\"},\"wordCount\":208,\"commentCount\":0,\"publisher\":{\"@id\":\"https:\\\/\\\/www.gtlawyers.com.br\\\/#organization\"},\"image\":{\"@id\":\"https:\\\/\\\/www.gtlawyers.com.br\\\/noticia\\\/almoco-debate-na-ccifb-reforma-tributaria-em-foco\\\/#primaryimage\"},\"thumbnailUrl\":\"https:\\\/\\\/www.gtlawyers.com.br\\\/site\\\/wp-content\\\/uploads\\\/1765579145187.jpg\",\"articleSection\":[\"News\"],\"inLanguage\":\"fr-FR\",\"potentialAction\":[{\"@type\":\"CommentAction\",\"name\":\"Comment\",\"target\":[\"https:\\\/\\\/www.gtlawyers.com.br\\\/noticia\\\/almoco-debate-na-ccifb-reforma-tributaria-em-foco\\\/#respond\"]}]},{\"@type\":\"WebPage\",\"@id\":\"https:\\\/\\\/www.gtlawyers.com.br\\\/noticia\\\/almoco-debate-na-ccifb-reforma-tributaria-em-foco\\\/\",\"url\":\"https:\\\/\\\/www.gtlawyers.com.br\\\/noticia\\\/almoco-debate-na-ccifb-reforma-tributaria-em-foco\\\/\",\"name\":\"Almo\u00e7o-Debate na CCIFB: Reforma tribut\u00e1ria em foco | GTLawyers | Escrit\u00f3rio boutique full-service\",\"isPartOf\":{\"@id\":\"https:\\\/\\\/www.gtlawyers.com.br\\\/#website\"},\"primaryImageOfPage\":{\"@id\":\"https:\\\/\\\/www.gtlawyers.com.br\\\/noticia\\\/almoco-debate-na-ccifb-reforma-tributaria-em-foco\\\/#primaryimage\"},\"image\":{\"@id\":\"https:\\\/\\\/www.gtlawyers.com.br\\\/noticia\\\/almoco-debate-na-ccifb-reforma-tributaria-em-foco\\\/#primaryimage\"},\"thumbnailUrl\":\"https:\\\/\\\/www.gtlawyers.com.br\\\/site\\\/wp-content\\\/uploads\\\/1765579145187.jpg\",\"datePublished\":\"2026-01-06T17:24:06+00:00\",\"dateModified\":\"2026-01-06T17:24:10+00:00\",\"breadcrumb\":{\"@id\":\"https:\\\/\\\/www.gtlawyers.com.br\\\/noticia\\\/almoco-debate-na-ccifb-reforma-tributaria-em-foco\\\/#breadcrumb\"},\"inLanguage\":\"fr-FR\",\"potentialAction\":[{\"@type\":\"ReadAction\",\"target\":[\"https:\\\/\\\/www.gtlawyers.com.br\\\/noticia\\\/almoco-debate-na-ccifb-reforma-tributaria-em-foco\\\/\"]}]},{\"@type\":\"ImageObject\",\"inLanguage\":\"fr-FR\",\"@id\":\"https:\\\/\\\/www.gtlawyers.com.br\\\/noticia\\\/almoco-debate-na-ccifb-reforma-tributaria-em-foco\\\/#primaryimage\",\"url\":\"https:\\\/\\\/www.gtlawyers.com.br\\\/site\\\/wp-content\\\/uploads\\\/1765579145187.jpg\",\"contentUrl\":\"https:\\\/\\\/www.gtlawyers.com.br\\\/site\\\/wp-content\\\/uploads\\\/1765579145187.jpg\",\"width\":2048,\"height\":1365},{\"@type\":\"BreadcrumbList\",\"@id\":\"https:\\\/\\\/www.gtlawyers.com.br\\\/noticia\\\/almoco-debate-na-ccifb-reforma-tributaria-em-foco\\\/#breadcrumb\",\"itemListElement\":[{\"@type\":\"ListItem\",\"position\":1,\"name\":\"In\u00edcio\",\"item\":\"https:\\\/\\\/www.gtlawyers.com.br\\\/\"},{\"@type\":\"ListItem\",\"position\":2,\"name\":\"Almo\u00e7o-Debate na CCIFB: Reforma tribut\u00e1ria em foco\"}]},{\"@type\":\"WebSite\",\"@id\":\"https:\\\/\\\/www.gtlawyers.com.br\\\/#website\",\"url\":\"https:\\\/\\\/www.gtlawyers.com.br\\\/\",\"name\":\"GTLawyers | Escrit\u00f3rio boutique full-service\",\"description\":\"Escrit\u00f3rio de advocacia franco-brasileiro para empresas especializado em M&amp;A, direito societ\u00e1rio, tribut\u00e1rio, imobili\u00e1rio, contencioso e compliance\",\"publisher\":{\"@id\":\"https:\\\/\\\/www.gtlawyers.com.br\\\/#organization\"},\"alternateName\":\"GTLawyers\",\"potentialAction\":[{\"@type\":\"SearchAction\",\"target\":{\"@type\":\"EntryPoint\",\"urlTemplate\":\"https:\\\/\\\/www.gtlawyers.com.br\\\/?s={search_term_string}\"},\"query-input\":{\"@type\":\"PropertyValueSpecification\",\"valueRequired\":true,\"valueName\":\"search_term_string\"}}],\"inLanguage\":\"fr-FR\"},{\"@type\":\"Organization\",\"@id\":\"https:\\\/\\\/www.gtlawyers.com.br\\\/#organization\",\"name\":\"GTLawyers - Escrit\u00f3rio boutique full-service\",\"url\":\"https:\\\/\\\/www.gtlawyers.com.br\\\/\",\"logo\":{\"@type\":\"ImageObject\",\"inLanguage\":\"fr-FR\",\"@id\":\"https:\\\/\\\/www.gtlawyers.com.br\\\/#\\\/schema\\\/logo\\\/image\\\/\",\"url\":\"https:\\\/\\\/www.gtlawyers.com.br\\\/site\\\/wp-content\\\/uploads\\\/image-3.png\",\"contentUrl\":\"https:\\\/\\\/www.gtlawyers.com.br\\\/site\\\/wp-content\\\/uploads\\\/image-3.png\",\"width\":166,\"height\":44,\"caption\":\"GTLawyers - Escrit\u00f3rio boutique full-service\"},\"image\":{\"@id\":\"https:\\\/\\\/www.gtlawyers.com.br\\\/#\\\/schema\\\/logo\\\/image\\\/\"},\"sameAs\":[\"https:\\\/\\\/www.linkedin.com\\\/company\\\/gtlawyers\\\/mycompany\\\/\"]},{\"@type\":\"Person\",\"@id\":\"https:\\\/\\\/www.gtlawyers.com.br\\\/#\\\/schema\\\/person\\\/e0db5b05dd070b41155ef644b597a673\",\"name\":\"jpuech\",\"image\":{\"@type\":\"ImageObject\",\"inLanguage\":\"fr-FR\",\"@id\":\"https:\\\/\\\/secure.gravatar.com\\\/avatar\\\/a4d9c2fd529856a7f009b58407a57904cdee663da0c2cd0a2ae1444149f1ca4d?s=96&d=mm&r=g\",\"url\":\"https:\\\/\\\/secure.gravatar.com\\\/avatar\\\/a4d9c2fd529856a7f009b58407a57904cdee663da0c2cd0a2ae1444149f1ca4d?s=96&d=mm&r=g\",\"contentUrl\":\"https:\\\/\\\/secure.gravatar.com\\\/avatar\\\/a4d9c2fd529856a7f009b58407a57904cdee663da0c2cd0a2ae1444149f1ca4d?s=96&d=mm&r=g\",\"caption\":\"jpuech\"},\"url\":\"https:\\\/\\\/www.gtlawyers.com.br\\\/fr\\\/author\\\/jpuech\\\/\"}]}<\/script>\n<!-- \/ Yoast SEO plugin. -->","yoast_head_json":{"title":"Almo\u00e7o-Debate na CCIFB: Reforma tribut\u00e1ria em foco | GTLawyers | Escrit\u00f3rio boutique full-service","robots":{"index":"index","follow":"follow","max-snippet":"max-snippet:-1","max-image-preview":"max-image-preview:large","max-video-preview":"max-video-preview:-1"},"canonical":"https:\/\/www.gtlawyers.com.br\/fr\/noticia\/almoco-debate-na-ccifb-reforma-tributaria-em-foco\/","og_locale":"fr_FR","og_type":"article","og_title":"Almo\u00e7o-Debate na CCIFB: Reforma tribut\u00e1ria em foco | GTLawyers | Escrit\u00f3rio boutique full-service","og_description":"Na \u00faltima semana, nosso s\u00f3cio, Estev\u00e3o Gross, teve a honra de participar do Almo\u00e7o-Debate da C\u00e2mara de Com\u00e9rcio Fran\u00e7a Brasil &#8211; CCIFB com o Secret\u00e1rio Extraordin\u00e1rio da Reforma Tribut\u00e1ria do Minist\u00e9rio da Fazenda, Bernard Appy. O evento foi realizado na sede da Pernod Ricard, em S\u00e3o Paulo, e reuniu representantes de empresas associadas. Durante o [&hellip;]","og_url":"https:\/\/www.gtlawyers.com.br\/fr\/noticia\/almoco-debate-na-ccifb-reforma-tributaria-em-foco\/","og_site_name":"GTLawyers | Escrit\u00f3rio boutique full-service","article_published_time":"2026-01-06T17:24:06+00:00","article_modified_time":"2026-01-06T17:24:10+00:00","og_image":[{"width":2048,"height":1365,"url":"https:\/\/www.gtlawyers.com.br\/site\/wp-content\/uploads\/1765579145187.jpg","type":"image\/jpeg"}],"author":"jpuech","twitter_card":"summary_large_image","twitter_misc":{"\u00c9crit par":"jpuech","Dur\u00e9e de lecture estim\u00e9e":"2 minutes"},"schema":{"@context":"https:\/\/schema.org","@graph":[{"@type":"Article","@id":"https:\/\/www.gtlawyers.com.br\/noticia\/almoco-debate-na-ccifb-reforma-tributaria-em-foco\/#article","isPartOf":{"@id":"https:\/\/www.gtlawyers.com.br\/noticia\/almoco-debate-na-ccifb-reforma-tributaria-em-foco\/"},"author":{"name":"jpuech","@id":"https:\/\/www.gtlawyers.com.br\/#\/schema\/person\/e0db5b05dd070b41155ef644b597a673"},"headline":"Almo\u00e7o-Debate na CCIFB: Reforma tribut\u00e1ria em foco","datePublished":"2026-01-06T17:24:06+00:00","dateModified":"2026-01-06T17:24:10+00:00","mainEntityOfPage":{"@id":"https:\/\/www.gtlawyers.com.br\/noticia\/almoco-debate-na-ccifb-reforma-tributaria-em-foco\/"},"wordCount":208,"commentCount":0,"publisher":{"@id":"https:\/\/www.gtlawyers.com.br\/#organization"},"image":{"@id":"https:\/\/www.gtlawyers.com.br\/noticia\/almoco-debate-na-ccifb-reforma-tributaria-em-foco\/#primaryimage"},"thumbnailUrl":"https:\/\/www.gtlawyers.com.br\/site\/wp-content\/uploads\/1765579145187.jpg","articleSection":["News"],"inLanguage":"fr-FR","potentialAction":[{"@type":"CommentAction","name":"Comment","target":["https:\/\/www.gtlawyers.com.br\/noticia\/almoco-debate-na-ccifb-reforma-tributaria-em-foco\/#respond"]}]},{"@type":"WebPage","@id":"https:\/\/www.gtlawyers.com.br\/noticia\/almoco-debate-na-ccifb-reforma-tributaria-em-foco\/","url":"https:\/\/www.gtlawyers.com.br\/noticia\/almoco-debate-na-ccifb-reforma-tributaria-em-foco\/","name":"Almo\u00e7o-Debate na CCIFB: Reforma tribut\u00e1ria em foco | GTLawyers | Escrit\u00f3rio boutique full-service","isPartOf":{"@id":"https:\/\/www.gtlawyers.com.br\/#website"},"primaryImageOfPage":{"@id":"https:\/\/www.gtlawyers.com.br\/noticia\/almoco-debate-na-ccifb-reforma-tributaria-em-foco\/#primaryimage"},"image":{"@id":"https:\/\/www.gtlawyers.com.br\/noticia\/almoco-debate-na-ccifb-reforma-tributaria-em-foco\/#primaryimage"},"thumbnailUrl":"https:\/\/www.gtlawyers.com.br\/site\/wp-content\/uploads\/1765579145187.jpg","datePublished":"2026-01-06T17:24:06+00:00","dateModified":"2026-01-06T17:24:10+00:00","breadcrumb":{"@id":"https:\/\/www.gtlawyers.com.br\/noticia\/almoco-debate-na-ccifb-reforma-tributaria-em-foco\/#breadcrumb"},"inLanguage":"fr-FR","potentialAction":[{"@type":"ReadAction","target":["https:\/\/www.gtlawyers.com.br\/noticia\/almoco-debate-na-ccifb-reforma-tributaria-em-foco\/"]}]},{"@type":"ImageObject","inLanguage":"fr-FR","@id":"https:\/\/www.gtlawyers.com.br\/noticia\/almoco-debate-na-ccifb-reforma-tributaria-em-foco\/#primaryimage","url":"https:\/\/www.gtlawyers.com.br\/site\/wp-content\/uploads\/1765579145187.jpg","contentUrl":"https:\/\/www.gtlawyers.com.br\/site\/wp-content\/uploads\/1765579145187.jpg","width":2048,"height":1365},{"@type":"BreadcrumbList","@id":"https:\/\/www.gtlawyers.com.br\/noticia\/almoco-debate-na-ccifb-reforma-tributaria-em-foco\/#breadcrumb","itemListElement":[{"@type":"ListItem","position":1,"name":"In\u00edcio","item":"https:\/\/www.gtlawyers.com.br\/"},{"@type":"ListItem","position":2,"name":"Almo\u00e7o-Debate na CCIFB: Reforma tribut\u00e1ria em foco"}]},{"@type":"WebSite","@id":"https:\/\/www.gtlawyers.com.br\/#website","url":"https:\/\/www.gtlawyers.com.br\/","name":"GTLawyers | Escrit\u00f3rio boutique full-service","description":"Escrit\u00f3rio de advocacia franco-brasileiro para empresas especializado em M&amp;A, direito societ\u00e1rio, tribut\u00e1rio, imobili\u00e1rio, contencioso e compliance","publisher":{"@id":"https:\/\/www.gtlawyers.com.br\/#organization"},"alternateName":"GTLawyers","potentialAction":[{"@type":"SearchAction","target":{"@type":"EntryPoint","urlTemplate":"https:\/\/www.gtlawyers.com.br\/?s={search_term_string}"},"query-input":{"@type":"PropertyValueSpecification","valueRequired":true,"valueName":"search_term_string"}}],"inLanguage":"fr-FR"},{"@type":"Organization","@id":"https:\/\/www.gtlawyers.com.br\/#organization","name":"GTLawyers - Escrit\u00f3rio boutique full-service","url":"https:\/\/www.gtlawyers.com.br\/","logo":{"@type":"ImageObject","inLanguage":"fr-FR","@id":"https:\/\/www.gtlawyers.com.br\/#\/schema\/logo\/image\/","url":"https:\/\/www.gtlawyers.com.br\/site\/wp-content\/uploads\/image-3.png","contentUrl":"https:\/\/www.gtlawyers.com.br\/site\/wp-content\/uploads\/image-3.png","width":166,"height":44,"caption":"GTLawyers - Escrit\u00f3rio boutique full-service"},"image":{"@id":"https:\/\/www.gtlawyers.com.br\/#\/schema\/logo\/image\/"},"sameAs":["https:\/\/www.linkedin.com\/company\/gtlawyers\/mycompany\/"]},{"@type":"Person","@id":"https:\/\/www.gtlawyers.com.br\/#\/schema\/person\/e0db5b05dd070b41155ef644b597a673","name":"jpuech","image":{"@type":"ImageObject","inLanguage":"fr-FR","@id":"https:\/\/secure.gravatar.com\/avatar\/a4d9c2fd529856a7f009b58407a57904cdee663da0c2cd0a2ae1444149f1ca4d?s=96&d=mm&r=g","url":"https:\/\/secure.gravatar.com\/avatar\/a4d9c2fd529856a7f009b58407a57904cdee663da0c2cd0a2ae1444149f1ca4d?s=96&d=mm&r=g","contentUrl":"https:\/\/secure.gravatar.com\/avatar\/a4d9c2fd529856a7f009b58407a57904cdee663da0c2cd0a2ae1444149f1ca4d?s=96&d=mm&r=g","caption":"jpuech"},"url":"https:\/\/www.gtlawyers.com.br\/fr\/author\/jpuech\/"}]}},"_links":{"self":[{"href":"https:\/\/www.gtlawyers.com.br\/fr\/wp-json\/wp\/v2\/posts\/2139","targetHints":{"allow":["GET"]}}],"collection":[{"href":"https:\/\/www.gtlawyers.com.br\/fr\/wp-json\/wp\/v2\/posts"}],"about":[{"href":"https:\/\/www.gtlawyers.com.br\/fr\/wp-json\/wp\/v2\/types\/post"}],"author":[{"embeddable":true,"href":"https:\/\/www.gtlawyers.com.br\/fr\/wp-json\/wp\/v2\/users\/7"}],"replies":[{"embeddable":true,"href":"https:\/\/www.gtlawyers.com.br\/fr\/wp-json\/wp\/v2\/comments?post=2139"}],"version-history":[{"count":1,"href":"https:\/\/www.gtlawyers.com.br\/fr\/wp-json\/wp\/v2\/posts\/2139\/revisions"}],"predecessor-version":[{"id":2141,"href":"https:\/\/www.gtlawyers.com.br\/fr\/wp-json\/wp\/v2\/posts\/2139\/revisions\/2141"}],"wp:featuredmedia":[{"embeddable":true,"href":"https:\/\/www.gtlawyers.com.br\/fr\/wp-json\/wp\/v2\/media\/2140"}],"wp:attachment":[{"href":"https:\/\/www.gtlawyers.com.br\/fr\/wp-json\/wp\/v2\/media?parent=2139"}],"wp:term":[{"taxonomy":"category","embeddable":true,"href":"https:\/\/www.gtlawyers.com.br\/fr\/wp-json\/wp\/v2\/categories?post=2139"},{"taxonomy":"post_tag","embeddable":true,"href":"https:\/\/www.gtlawyers.com.br\/fr\/wp-json\/wp\/v2\/tags?post=2139"}],"curies":[{"name":"wp","href":"https:\/\/api.w.org\/{rel}","templated":true}]}}