{"id":384,"date":"2022-03-21T15:43:00","date_gmt":"2022-03-21T18:43:00","guid":{"rendered":"https:\/\/www.gtlawyers.com.br\/site\/?p=384"},"modified":"2022-05-30T15:45:28","modified_gmt":"2022-05-30T18:45:28","slug":"regularizacao-voluntaria-de-capitais-nao-declarados-no-exterior","status":"publish","type":"post","link":"https:\/\/www.gtlawyers.com.br\/fr\/noticia\/regularizacao-voluntaria-de-capitais-nao-declarados-no-exterior\/","title":{"rendered":"Regulariza\u00e7\u00e3o volunt\u00e1ria de capitais n\u00e3o declarados no exterior"},"content":{"rendered":"<p id=\"viewer-3iwwx\">Regulariza\u00e7\u00e3o volunt\u00e1ria de capitais n\u00e3o declarados no exterior<\/p>\n\n\n\n<p id=\"viewer-lsu6w\">A aguardada regulamenta\u00e7\u00e3o da regulariza\u00e7\u00e3o de capitais brasileiros de origem l\u00edcita no exterior, n\u00e3o declarados \u00e0s autoridades brasileiras e n\u00e3o oferecidos \u00e0 tributa\u00e7\u00e3o, prevista na Lei n\u00ba 13.254, de 13 de janeiro de 2016, foi finalmente divulgada em 15 de mar\u00e7o de 2016, atrav\u00e9s da publica\u00e7\u00e3o da Instru\u00e7\u00e3o Normativa 1.627 da Receita Federal do Brasil.<\/p>\n\n\n\n<p id=\"viewer-9ic1j\">Em linhas gerais, a regulariza\u00e7\u00e3o de recursos n\u00e3o declarados no exterior por meio do RERCT pode ser utilizada por todos aqueles que eram residentes no Brasil em 31 de dezembro de 2014. Para tanto, a legisla\u00e7\u00e3o requer: (i) a apresenta\u00e7\u00e3o de declara\u00e7\u00e3o espec\u00edfica \u00e0s autoridades competentes, com informa\u00e7\u00e3o dos capitais no exterior convertidos para reais pelo d\u00f3lar, para venda, no \u00faltimo dia \u00fatil de dezembro de 2014; e (ii) o recolhimento do Imposto de Renda, \u00e0 al\u00edquota de 15%, sobre a totalidade dos capitais informados, acrescido de multa no montante do imposto a pagar.<\/p>\n\n\n\n<p id=\"viewer-1kfdp\">Como consequ\u00eancia direta, o RERCT resulta na extin\u00e7\u00e3o de todas as obriga\u00e7\u00f5es fiscais e cambiais oriundas dos ativos regularizados, bem como na extin\u00e7\u00e3o da punibilidade de alguns crimes, tais como sonega\u00e7\u00e3o fiscal, crimes contra a ordem tribut\u00e1ria, evas\u00e3o de divisas e de lavagem de dinheiro, entre outros, desde que a ades\u00e3o se d\u00ea antes do tr\u00e2nsito em julgado de decis\u00e3o criminal condenat\u00f3ria.<\/p>\n\n\n\n<p id=\"viewer-nbeoy\">Com a edi\u00e7\u00e3o da Instru\u00e7\u00e3o Normativa 1.627, o RERCT foi devidamente regulamentado e alguns itens espec\u00edficos foram detalhados, a saber:<\/p>\n\n\n\n<p id=\"viewer-pn7mz\">Ades\u00e3o: a ades\u00e3o ao RERCT envolve (i) a apresenta\u00e7\u00e3o da Declara\u00e7\u00e3o de Regulariza\u00e7\u00e3o Cambial e Tribut\u00e1ria (\u201cDercat\u201d), exclusivamente mediante certificado digital, a partir de 4 de abril de 2016, (ii) o pagamento do imposto de renda sobre os capitais declarados (al\u00edquota de 15%, como tributa\u00e7\u00e3o definitiva) e (iii) o pagamento da multa de igual valor (100% do imposto devido). N\u00e3o sendo cumpridas todas essas condi\u00e7\u00f5es, a ades\u00e3o n\u00e3o produzir\u00e1 efeitos.<\/p>\n\n\n\n<p id=\"viewer-z9638\">Prazo: o prazo para aderir ao RERCT vai at\u00e9 31 de outubro de 2016, podendo o imposto e a multa serem pagos at\u00e9 essa data.<\/p>\n\n\n\n<p id=\"viewer-rorqo\">Banco Central: a pr\u00f3pria Receita Federal ir\u00e1 repassar as informa\u00e7\u00f5es da DERCAT ao Banco Central. Com isso, os residentes dever\u00e3o atentar para as futuras Declara\u00e7\u00f5es de Capitais Brasileiros no Exterior.<\/p>\n\n\n\n<p id=\"viewer-1ifzo\">Trusts: dever\u00e3o ser declarados os valores dos quais o residente seja benefici\u00e1rio em trusts ou funda\u00e7\u00f5es no exterior. A nosso ver, este item deve ser visto com cuidado, cabendo sua aplica\u00e7\u00e3o exclusivamente aos recursos n\u00e3o declarados pelo instituidor do trust (recursos anteriormente declarados por ele seriam, a depender de cada caso, mera doa\u00e7\u00e3o de recursos l\u00edcitos ao trustee, sujeitos apenas ao Imposto sobre Doa\u00e7\u00f5es quando do seu efetivo recebimento).<\/p>\n\n\n\n<p id=\"viewer-stfq3\">Interposta pessoa: Os bens e direitos de propriedade de interposta pessoa dever\u00e3o ser informados na Dercat do titular e dever\u00e3o conter a identifica\u00e7\u00e3o da pessoa interposta pessoa.<\/p>\n\n\n\n<p id=\"viewer-1wbx5\">Retifica\u00e7\u00e3o: a Dercat poder\u00e1 ser objeto de retifica\u00e7\u00e3o at\u00e9 31 de Outubro de 2016, que substituir\u00e1 a Dercat original integralmente.<\/p>\n\n\n\n<p id=\"viewer-vdvf2\">Condom\u00ednio: no caso de ativos em condom\u00ednio, cada cond\u00f4mino dever\u00e1 apresentar uma Dercat espec\u00edfica, com a sua parcela dos ativos.<\/p>\n\n\n\n<p id=\"viewer-bi2yi\">Ativos superiores a USD 100 mil: no caso de regulariza\u00e7\u00e3o de ativos financeiros de valor global superior a USD 100 mil, (i) a institui\u00e7\u00e3o financeira no exterior dever\u00e1 enviar, via SWIFT, informa\u00e7\u00e3o sobre o saldo em 31 de dezembro de 2014 para institui\u00e7\u00e3o financeira autorizada a funcionar no Pa\u00eds, (ii) a institui\u00e7\u00e3o financeira autorizada a funcionar no Pa\u00eds prestar\u00e1 informa\u00e7\u00e3o \u00e0 Receita Federal em m\u00f3dulo espec\u00edfico da e-Financeira.<\/p>\n\n\n\n<p id=\"viewer-2nrzm\">Declara\u00e7\u00e3o de Imposto de Renda (pessoa f\u00edsica): at\u00e9 31 de outubro de 2016, a pessoa f\u00edsica optante do RERCT dever\u00e1 apresentar Declara\u00e7\u00e3o de Ajuste Anual (DAA) do exerc\u00edcio de 2015, ano-calend\u00e1rio 2014, ou sua retificadora, para o caso de j\u00e1 t\u00ea-la apresentado, relacionando na ficha Bens e Direitos as informa\u00e7\u00f5es sobre os recursos, bens e direitos declarados na Dercat.<\/p>\n\n\n\n<p id=\"viewer-lsekk\">Pessoas jur\u00eddicas: at\u00e9 31 de outubro de 2016, a pessoa jur\u00eddica optante do RERCT dever\u00e1 escriturar os recursos regularizados em sua contabilidade.<\/p>\n\n\n\n<p id=\"viewer-w2b54\">DCBE: em ambos os casos, os valores dever\u00e3o ser informados em DCBE retificadora relativa 2014 e posteriores, conforme defini\u00e7\u00e3o do Banco Central.<\/p>\n\n\n\n<p id=\"viewer-wdpz0\">Exclus\u00e3o: nos casos de exclus\u00e3o do RERCT, o sujeito passivo dispor\u00e1 de prazo de 10 dias para a apresenta\u00e7\u00e3o de recurso.<\/p>\n\n\n\n<p id=\"viewer-bb8id\">Nous nous tenons \u00e0 votre disposition pour toute clarification compl\u00e9mentaire.<\/p>\n\n\n\n<p id=\"viewer-tth8a\">Artigo preparado por GTLawyers, para mais informa\u00e7\u00f5es favor contatar o telefone 11.3504.7618 ou o e-mail egross@gtlawyers.com.br.<\/p>","protected":false},"excerpt":{"rendered":"<p>Regulariza\u00e7\u00e3o volunt\u00e1ria de capitais n\u00e3o declarados no exterior A aguardada regulamenta\u00e7\u00e3o da regulariza\u00e7\u00e3o de capitais brasileiros de origem l\u00edcita no exterior, n\u00e3o declarados \u00e0s autoridades brasileiras e n\u00e3o oferecidos \u00e0 tributa\u00e7\u00e3o, prevista na Lei n\u00ba 13.254, de 13 de janeiro de 2016, foi finalmente divulgada em 15 de mar\u00e7o de 2016, atrav\u00e9s da publica\u00e7\u00e3o da [&hellip;]<\/p>\n","protected":false},"author":1,"featured_media":0,"comment_status":"open","ping_status":"open","sticky":false,"template":"","format":"standard","meta":{"_acf_changed":false,"footnotes":""},"categories":[7],"tags":[],"class_list":["post-384","post","type-post","status-publish","format-standard","hentry","category-noticia"],"acf":[],"yoast_head":"<!-- This site is optimized with the Yoast SEO plugin v27.5 - https:\/\/yoast.com\/product\/yoast-seo-wordpress\/ -->\n<title>Regulariza\u00e7\u00e3o volunt\u00e1ria de capitais n\u00e3o declarados no exterior | GTLawyers | Escrit\u00f3rio boutique full-service<\/title>\n<meta name=\"robots\" content=\"index, follow, max-snippet:-1, max-image-preview:large, max-video-preview:-1\" \/>\n<link rel=\"canonical\" href=\"https:\/\/www.gtlawyers.com.br\/fr\/noticia\/regularizacao-voluntaria-de-capitais-nao-declarados-no-exterior\/\" \/>\n<meta property=\"og:locale\" content=\"fr_FR\" \/>\n<meta property=\"og:type\" content=\"article\" \/>\n<meta property=\"og:title\" content=\"Regulariza\u00e7\u00e3o volunt\u00e1ria de capitais n\u00e3o declarados no exterior | GTLawyers | Escrit\u00f3rio boutique full-service\" \/>\n<meta property=\"og:description\" content=\"Regulariza\u00e7\u00e3o volunt\u00e1ria de capitais n\u00e3o declarados no exterior A aguardada regulamenta\u00e7\u00e3o da regulariza\u00e7\u00e3o de capitais brasileiros de origem l\u00edcita no exterior, n\u00e3o declarados \u00e0s autoridades brasileiras e n\u00e3o oferecidos \u00e0 tributa\u00e7\u00e3o, prevista na Lei n\u00ba 13.254, de 13 de janeiro de 2016, foi finalmente divulgada em 15 de mar\u00e7o de 2016, atrav\u00e9s da publica\u00e7\u00e3o da [&hellip;]\" \/>\n<meta property=\"og:url\" content=\"https:\/\/www.gtlawyers.com.br\/fr\/noticia\/regularizacao-voluntaria-de-capitais-nao-declarados-no-exterior\/\" \/>\n<meta property=\"og:site_name\" content=\"GTLawyers | Escrit\u00f3rio boutique full-service\" \/>\n<meta property=\"article:published_time\" content=\"2022-03-21T18:43:00+00:00\" \/>\n<meta property=\"article:modified_time\" content=\"2022-05-30T18:45:28+00:00\" \/>\n<meta name=\"author\" content=\"planetaw\" \/>\n<meta name=\"twitter:card\" content=\"summary_large_image\" \/>\n<meta name=\"twitter:label1\" content=\"\u00c9crit par\" \/>\n\t<meta name=\"twitter:data1\" content=\"planetaw\" \/>\n\t<meta name=\"twitter:label2\" content=\"Dur\u00e9e de lecture estim\u00e9e\" \/>\n\t<meta name=\"twitter:data2\" content=\"4 minutes\" \/>\n<script type=\"application\/ld+json\" class=\"yoast-schema-graph\">{\"@context\":\"https:\\\/\\\/schema.org\",\"@graph\":[{\"@type\":\"Article\",\"@id\":\"https:\\\/\\\/www.gtlawyers.com.br\\\/noticia\\\/regularizacao-voluntaria-de-capitais-nao-declarados-no-exterior\\\/#article\",\"isPartOf\":{\"@id\":\"https:\\\/\\\/www.gtlawyers.com.br\\\/noticia\\\/regularizacao-voluntaria-de-capitais-nao-declarados-no-exterior\\\/\"},\"author\":{\"name\":\"planetaw\",\"@id\":\"https:\\\/\\\/www.gtlawyers.com.br\\\/#\\\/schema\\\/person\\\/445dbbc8624baa6cd74ffdc962062fea\"},\"headline\":\"Regulariza\u00e7\u00e3o volunt\u00e1ria de capitais n\u00e3o declarados no exterior\",\"datePublished\":\"2022-03-21T18:43:00+00:00\",\"dateModified\":\"2022-05-30T18:45:28+00:00\",\"mainEntityOfPage\":{\"@id\":\"https:\\\/\\\/www.gtlawyers.com.br\\\/noticia\\\/regularizacao-voluntaria-de-capitais-nao-declarados-no-exterior\\\/\"},\"wordCount\":792,\"commentCount\":0,\"publisher\":{\"@id\":\"https:\\\/\\\/www.gtlawyers.com.br\\\/#organization\"},\"articleSection\":[\"News\"],\"inLanguage\":\"fr-FR\",\"potentialAction\":[{\"@type\":\"CommentAction\",\"name\":\"Comment\",\"target\":[\"https:\\\/\\\/www.gtlawyers.com.br\\\/noticia\\\/regularizacao-voluntaria-de-capitais-nao-declarados-no-exterior\\\/#respond\"]}]},{\"@type\":\"WebPage\",\"@id\":\"https:\\\/\\\/www.gtlawyers.com.br\\\/noticia\\\/regularizacao-voluntaria-de-capitais-nao-declarados-no-exterior\\\/\",\"url\":\"https:\\\/\\\/www.gtlawyers.com.br\\\/noticia\\\/regularizacao-voluntaria-de-capitais-nao-declarados-no-exterior\\\/\",\"name\":\"Regulariza\u00e7\u00e3o volunt\u00e1ria de capitais n\u00e3o declarados no exterior | GTLawyers | Escrit\u00f3rio boutique full-service\",\"isPartOf\":{\"@id\":\"https:\\\/\\\/www.gtlawyers.com.br\\\/#website\"},\"datePublished\":\"2022-03-21T18:43:00+00:00\",\"dateModified\":\"2022-05-30T18:45:28+00:00\",\"breadcrumb\":{\"@id\":\"https:\\\/\\\/www.gtlawyers.com.br\\\/noticia\\\/regularizacao-voluntaria-de-capitais-nao-declarados-no-exterior\\\/#breadcrumb\"},\"inLanguage\":\"fr-FR\",\"potentialAction\":[{\"@type\":\"ReadAction\",\"target\":[\"https:\\\/\\\/www.gtlawyers.com.br\\\/noticia\\\/regularizacao-voluntaria-de-capitais-nao-declarados-no-exterior\\\/\"]}]},{\"@type\":\"BreadcrumbList\",\"@id\":\"https:\\\/\\\/www.gtlawyers.com.br\\\/noticia\\\/regularizacao-voluntaria-de-capitais-nao-declarados-no-exterior\\\/#breadcrumb\",\"itemListElement\":[{\"@type\":\"ListItem\",\"position\":1,\"name\":\"In\u00edcio\",\"item\":\"https:\\\/\\\/www.gtlawyers.com.br\\\/\"},{\"@type\":\"ListItem\",\"position\":2,\"name\":\"Regulariza\u00e7\u00e3o volunt\u00e1ria de capitais n\u00e3o declarados no exterior\"}]},{\"@type\":\"WebSite\",\"@id\":\"https:\\\/\\\/www.gtlawyers.com.br\\\/#website\",\"url\":\"https:\\\/\\\/www.gtlawyers.com.br\\\/\",\"name\":\"GTLawyers | Escrit\u00f3rio boutique full-service\",\"description\":\"Escrit\u00f3rio de advocacia franco-brasileiro para empresas especializado em M&amp;A, direito societ\u00e1rio, tribut\u00e1rio, imobili\u00e1rio, contencioso e compliance\",\"publisher\":{\"@id\":\"https:\\\/\\\/www.gtlawyers.com.br\\\/#organization\"},\"alternateName\":\"GTLawyers\",\"potentialAction\":[{\"@type\":\"SearchAction\",\"target\":{\"@type\":\"EntryPoint\",\"urlTemplate\":\"https:\\\/\\\/www.gtlawyers.com.br\\\/?s={search_term_string}\"},\"query-input\":{\"@type\":\"PropertyValueSpecification\",\"valueRequired\":true,\"valueName\":\"search_term_string\"}}],\"inLanguage\":\"fr-FR\"},{\"@type\":\"Organization\",\"@id\":\"https:\\\/\\\/www.gtlawyers.com.br\\\/#organization\",\"name\":\"GTLawyers - Escrit\u00f3rio boutique full-service\",\"url\":\"https:\\\/\\\/www.gtlawyers.com.br\\\/\",\"logo\":{\"@type\":\"ImageObject\",\"inLanguage\":\"fr-FR\",\"@id\":\"https:\\\/\\\/www.gtlawyers.com.br\\\/#\\\/schema\\\/logo\\\/image\\\/\",\"url\":\"https:\\\/\\\/www.gtlawyers.com.br\\\/site\\\/wp-content\\\/uploads\\\/image-3.png\",\"contentUrl\":\"https:\\\/\\\/www.gtlawyers.com.br\\\/site\\\/wp-content\\\/uploads\\\/image-3.png\",\"width\":166,\"height\":44,\"caption\":\"GTLawyers - Escrit\u00f3rio boutique full-service\"},\"image\":{\"@id\":\"https:\\\/\\\/www.gtlawyers.com.br\\\/#\\\/schema\\\/logo\\\/image\\\/\"},\"sameAs\":[\"https:\\\/\\\/www.linkedin.com\\\/company\\\/gtlawyers\\\/mycompany\\\/\"]},{\"@type\":\"Person\",\"@id\":\"https:\\\/\\\/www.gtlawyers.com.br\\\/#\\\/schema\\\/person\\\/445dbbc8624baa6cd74ffdc962062fea\",\"name\":\"planetaw\",\"image\":{\"@type\":\"ImageObject\",\"inLanguage\":\"fr-FR\",\"@id\":\"https:\\\/\\\/secure.gravatar.com\\\/avatar\\\/a09e3105af0f28d7ee4ec00ff1c6f17e0e33f7aaf6253c730b912f62af0b331c?s=96&d=mm&r=g\",\"url\":\"https:\\\/\\\/secure.gravatar.com\\\/avatar\\\/a09e3105af0f28d7ee4ec00ff1c6f17e0e33f7aaf6253c730b912f62af0b331c?s=96&d=mm&r=g\",\"contentUrl\":\"https:\\\/\\\/secure.gravatar.com\\\/avatar\\\/a09e3105af0f28d7ee4ec00ff1c6f17e0e33f7aaf6253c730b912f62af0b331c?s=96&d=mm&r=g\",\"caption\":\"planetaw\"},\"sameAs\":[\"http:\\\/\\\/gtlawyers1.hospedagemdesites.ws\\\/site\"],\"url\":\"https:\\\/\\\/www.gtlawyers.com.br\\\/fr\\\/author\\\/planetaw\\\/\"}]}<\/script>\n<!-- \/ Yoast SEO plugin. -->","yoast_head_json":{"title":"Regulariza\u00e7\u00e3o volunt\u00e1ria de capitais n\u00e3o declarados no exterior | GTLawyers | Escrit\u00f3rio boutique full-service","robots":{"index":"index","follow":"follow","max-snippet":"max-snippet:-1","max-image-preview":"max-image-preview:large","max-video-preview":"max-video-preview:-1"},"canonical":"https:\/\/www.gtlawyers.com.br\/fr\/noticia\/regularizacao-voluntaria-de-capitais-nao-declarados-no-exterior\/","og_locale":"fr_FR","og_type":"article","og_title":"Regulariza\u00e7\u00e3o volunt\u00e1ria de capitais n\u00e3o declarados no exterior | GTLawyers | Escrit\u00f3rio boutique full-service","og_description":"Regulariza\u00e7\u00e3o volunt\u00e1ria de capitais n\u00e3o declarados no exterior A aguardada regulamenta\u00e7\u00e3o da regulariza\u00e7\u00e3o de capitais brasileiros de origem l\u00edcita no exterior, n\u00e3o declarados \u00e0s autoridades brasileiras e n\u00e3o oferecidos \u00e0 tributa\u00e7\u00e3o, prevista na Lei n\u00ba 13.254, de 13 de janeiro de 2016, foi finalmente divulgada em 15 de mar\u00e7o de 2016, atrav\u00e9s da publica\u00e7\u00e3o da [&hellip;]","og_url":"https:\/\/www.gtlawyers.com.br\/fr\/noticia\/regularizacao-voluntaria-de-capitais-nao-declarados-no-exterior\/","og_site_name":"GTLawyers | Escrit\u00f3rio boutique full-service","article_published_time":"2022-03-21T18:43:00+00:00","article_modified_time":"2022-05-30T18:45:28+00:00","author":"planetaw","twitter_card":"summary_large_image","twitter_misc":{"\u00c9crit par":"planetaw","Dur\u00e9e de lecture estim\u00e9e":"4 minutes"},"schema":{"@context":"https:\/\/schema.org","@graph":[{"@type":"Article","@id":"https:\/\/www.gtlawyers.com.br\/noticia\/regularizacao-voluntaria-de-capitais-nao-declarados-no-exterior\/#article","isPartOf":{"@id":"https:\/\/www.gtlawyers.com.br\/noticia\/regularizacao-voluntaria-de-capitais-nao-declarados-no-exterior\/"},"author":{"name":"planetaw","@id":"https:\/\/www.gtlawyers.com.br\/#\/schema\/person\/445dbbc8624baa6cd74ffdc962062fea"},"headline":"Regulariza\u00e7\u00e3o volunt\u00e1ria de capitais n\u00e3o declarados no exterior","datePublished":"2022-03-21T18:43:00+00:00","dateModified":"2022-05-30T18:45:28+00:00","mainEntityOfPage":{"@id":"https:\/\/www.gtlawyers.com.br\/noticia\/regularizacao-voluntaria-de-capitais-nao-declarados-no-exterior\/"},"wordCount":792,"commentCount":0,"publisher":{"@id":"https:\/\/www.gtlawyers.com.br\/#organization"},"articleSection":["News"],"inLanguage":"fr-FR","potentialAction":[{"@type":"CommentAction","name":"Comment","target":["https:\/\/www.gtlawyers.com.br\/noticia\/regularizacao-voluntaria-de-capitais-nao-declarados-no-exterior\/#respond"]}]},{"@type":"WebPage","@id":"https:\/\/www.gtlawyers.com.br\/noticia\/regularizacao-voluntaria-de-capitais-nao-declarados-no-exterior\/","url":"https:\/\/www.gtlawyers.com.br\/noticia\/regularizacao-voluntaria-de-capitais-nao-declarados-no-exterior\/","name":"Regulariza\u00e7\u00e3o volunt\u00e1ria de capitais n\u00e3o declarados no exterior | GTLawyers | Escrit\u00f3rio boutique full-service","isPartOf":{"@id":"https:\/\/www.gtlawyers.com.br\/#website"},"datePublished":"2022-03-21T18:43:00+00:00","dateModified":"2022-05-30T18:45:28+00:00","breadcrumb":{"@id":"https:\/\/www.gtlawyers.com.br\/noticia\/regularizacao-voluntaria-de-capitais-nao-declarados-no-exterior\/#breadcrumb"},"inLanguage":"fr-FR","potentialAction":[{"@type":"ReadAction","target":["https:\/\/www.gtlawyers.com.br\/noticia\/regularizacao-voluntaria-de-capitais-nao-declarados-no-exterior\/"]}]},{"@type":"BreadcrumbList","@id":"https:\/\/www.gtlawyers.com.br\/noticia\/regularizacao-voluntaria-de-capitais-nao-declarados-no-exterior\/#breadcrumb","itemListElement":[{"@type":"ListItem","position":1,"name":"In\u00edcio","item":"https:\/\/www.gtlawyers.com.br\/"},{"@type":"ListItem","position":2,"name":"Regulariza\u00e7\u00e3o volunt\u00e1ria de capitais n\u00e3o declarados no exterior"}]},{"@type":"WebSite","@id":"https:\/\/www.gtlawyers.com.br\/#website","url":"https:\/\/www.gtlawyers.com.br\/","name":"GTLawyers | Escrit\u00f3rio boutique full-service","description":"Escrit\u00f3rio de advocacia franco-brasileiro para empresas especializado em M&amp;A, direito societ\u00e1rio, tribut\u00e1rio, imobili\u00e1rio, contencioso e compliance","publisher":{"@id":"https:\/\/www.gtlawyers.com.br\/#organization"},"alternateName":"GTLawyers","potentialAction":[{"@type":"SearchAction","target":{"@type":"EntryPoint","urlTemplate":"https:\/\/www.gtlawyers.com.br\/?s={search_term_string}"},"query-input":{"@type":"PropertyValueSpecification","valueRequired":true,"valueName":"search_term_string"}}],"inLanguage":"fr-FR"},{"@type":"Organization","@id":"https:\/\/www.gtlawyers.com.br\/#organization","name":"GTLawyers - Escrit\u00f3rio boutique full-service","url":"https:\/\/www.gtlawyers.com.br\/","logo":{"@type":"ImageObject","inLanguage":"fr-FR","@id":"https:\/\/www.gtlawyers.com.br\/#\/schema\/logo\/image\/","url":"https:\/\/www.gtlawyers.com.br\/site\/wp-content\/uploads\/image-3.png","contentUrl":"https:\/\/www.gtlawyers.com.br\/site\/wp-content\/uploads\/image-3.png","width":166,"height":44,"caption":"GTLawyers - Escrit\u00f3rio boutique full-service"},"image":{"@id":"https:\/\/www.gtlawyers.com.br\/#\/schema\/logo\/image\/"},"sameAs":["https:\/\/www.linkedin.com\/company\/gtlawyers\/mycompany\/"]},{"@type":"Person","@id":"https:\/\/www.gtlawyers.com.br\/#\/schema\/person\/445dbbc8624baa6cd74ffdc962062fea","name":"planetaw","image":{"@type":"ImageObject","inLanguage":"fr-FR","@id":"https:\/\/secure.gravatar.com\/avatar\/a09e3105af0f28d7ee4ec00ff1c6f17e0e33f7aaf6253c730b912f62af0b331c?s=96&d=mm&r=g","url":"https:\/\/secure.gravatar.com\/avatar\/a09e3105af0f28d7ee4ec00ff1c6f17e0e33f7aaf6253c730b912f62af0b331c?s=96&d=mm&r=g","contentUrl":"https:\/\/secure.gravatar.com\/avatar\/a09e3105af0f28d7ee4ec00ff1c6f17e0e33f7aaf6253c730b912f62af0b331c?s=96&d=mm&r=g","caption":"planetaw"},"sameAs":["http:\/\/gtlawyers1.hospedagemdesites.ws\/site"],"url":"https:\/\/www.gtlawyers.com.br\/fr\/author\/planetaw\/"}]}},"_links":{"self":[{"href":"https:\/\/www.gtlawyers.com.br\/fr\/wp-json\/wp\/v2\/posts\/384","targetHints":{"allow":["GET"]}}],"collection":[{"href":"https:\/\/www.gtlawyers.com.br\/fr\/wp-json\/wp\/v2\/posts"}],"about":[{"href":"https:\/\/www.gtlawyers.com.br\/fr\/wp-json\/wp\/v2\/types\/post"}],"author":[{"embeddable":true,"href":"https:\/\/www.gtlawyers.com.br\/fr\/wp-json\/wp\/v2\/users\/1"}],"replies":[{"embeddable":true,"href":"https:\/\/www.gtlawyers.com.br\/fr\/wp-json\/wp\/v2\/comments?post=384"}],"version-history":[{"count":1,"href":"https:\/\/www.gtlawyers.com.br\/fr\/wp-json\/wp\/v2\/posts\/384\/revisions"}],"predecessor-version":[{"id":391,"href":"https:\/\/www.gtlawyers.com.br\/fr\/wp-json\/wp\/v2\/posts\/384\/revisions\/391"}],"wp:attachment":[{"href":"https:\/\/www.gtlawyers.com.br\/fr\/wp-json\/wp\/v2\/media?parent=384"}],"wp:term":[{"taxonomy":"category","embeddable":true,"href":"https:\/\/www.gtlawyers.com.br\/fr\/wp-json\/wp\/v2\/categories?post=384"},{"taxonomy":"post_tag","embeddable":true,"href":"https:\/\/www.gtlawyers.com.br\/fr\/wp-json\/wp\/v2\/tags?post=384"}],"curies":[{"name":"wp","href":"https:\/\/api.w.org\/{rel}","templated":true}]}}