{"id":392,"date":"2022-03-23T15:45:00","date_gmt":"2022-03-23T18:45:00","guid":{"rendered":"https:\/\/www.gtlawyers.com.br\/site\/?p=392"},"modified":"2022-06-03T12:09:33","modified_gmt":"2022-06-03T15:09:33","slug":"declaracao-anual-de-capitais-brasileiros-no-exterior-cbe-anual-prazo-final-de-entrega-5-4-2016","status":"publish","type":"post","link":"https:\/\/www.gtlawyers.com.br\/fr\/noticia\/declaracao-anual-de-capitais-brasileiros-no-exterior-cbe-anual-prazo-final-de-entrega-5-4-2016\/","title":{"rendered":"D\u00e9claration Annuelle de Capitaux Br\u00e9siliens domicili\u00e9s \u00e0 L'\u00e9tranger - CBE Annuel | Date Limite 5\/4\/2016"},"content":{"rendered":"<p id=\"viewer-wpjfr\">Le Cabinet vous alerte sur le fait que la date finale de pr\u00e9sentation de la D\u00e9claration Annuelle de Capital br\u00e9silien \u00e0 l'\u00e9tranger (CBE), stipul\u00e9e pour le 05 Avril 2016, \u00e0 18h00, conform\u00e9ment \u00e0 la Circulaire 3.624 de la Banque Centrale du Br\u00e9sil du 6 F\u00e9vrier 2013, se rapproche.<\/p>\n\n\n\n<p id=\"viewer-snatm\">Nous rappelons que cette d\u00e9claration est obligatoire pour les personnes physiques ou morales r\u00e9sidant, domicili\u00e9es ou ayant leur si\u00e8ge au Br\u00e9sil,  et poss\u00e9dant des capitaux de toute nature, des actifs en devise, biens et droits opposable \u00e0 des non-r\u00e9sidents (ex : participation dans le capital social de soci\u00e9t\u00e9s, titre a rente fixe, actions, d\u00e9p\u00f4ts, biens immobilier, entre autres), dont la valeur cumul\u00e9e totalise un montant non-inf\u00e9rieur \u00e0 l'\u00e9quivalent de US$100.000,00(cent mille dollars des \u00c9tats-Unis), \u00e0 la date-r\u00e9f\u00e9rence du 31 D\u00e9cembre de chaque ann\u00e9e.<\/p>\n\n\n\n<p id=\"viewer-7ylit\">Enfin, nous soulignons que l\u2019absence de d\u00e9claration, ou la soumission d\u2019informations fausses, incompl\u00e8tes, ou encore inexactes assujetti les contrevenants \u00e0 une amende allant jusqu'\u00e0 R$250,000.00 (deux cent cinquante mille r\u00e9ais), tel que stipul\u00e9 dans la Mesure Provisoire n \u00b0 2.224, du 04 Septembre 2001, l'article 8 de la R\u00e9solution n \u00b0 3.854 du Conseil National Mon\u00e9taire du 27 mai 2010 d\u00e9taillant les crit\u00e8res d'application de l\u2019amende.<\/p>\n\n\n\n<p id=\"viewer-k2eci\">La d\u00e9claration doit \u00eatre faite n\u00e9cessairement sous forme \u00e9lectronique et directement sur la page CBE du site web de la Banque centrale du Br\u00e9sil.<\/p>\n\n\n\n<p id=\"viewer-28k1w\">Nous nous tenons \u00e0 votre disposition pour toutes questions sur cette d\u00e9claration.<\/p>","protected":false},"excerpt":{"rendered":"<p>Alertamos para a aproxima\u00e7\u00e3o da data final de entrega da declara\u00e7\u00e3o anual de Capitais Brasileiros no Exterior (CBE), fixada para o dia 05 de abril de 2016, \u00e0s 18h00, nos termos da Circular 3.624 do Banco do Brasil de 6 de fevereiro de 2013. Lembramos que referida declara\u00e7\u00e3o \u00e9 obrigat\u00f3ria para pessoas f\u00edsicas ou jur\u00eddicas [&hellip;]<\/p>\n","protected":false},"author":1,"featured_media":639,"comment_status":"open","ping_status":"open","sticky":false,"template":"","format":"standard","meta":{"_acf_changed":false,"footnotes":""},"categories":[7],"tags":[],"class_list":["post-392","post","type-post","status-publish","format-standard","has-post-thumbnail","hentry","category-noticia"],"acf":[],"yoast_head":"<!-- This site is optimized with the Yoast SEO plugin v27.5 - https:\/\/yoast.com\/product\/yoast-seo-wordpress\/ -->\n<title>Declara\u00e7\u00e3o Anual de Capitais Brasileiros no Exterior - CBE Anual | Prazo final de entrega 5\/4\/2016 | GTLawyers | Escrit\u00f3rio boutique full-service<\/title>\n<meta name=\"robots\" content=\"index, follow, max-snippet:-1, max-image-preview:large, max-video-preview:-1\" \/>\n<link rel=\"canonical\" href=\"https:\/\/www.gtlawyers.com.br\/fr\/noticia\/declaracao-anual-de-capitais-brasileiros-no-exterior-cbe-anual-prazo-final-de-entrega-5-4-2016\/\" \/>\n<meta property=\"og:locale\" content=\"fr_FR\" \/>\n<meta property=\"og:type\" content=\"article\" \/>\n<meta property=\"og:title\" content=\"Declara\u00e7\u00e3o Anual de Capitais Brasileiros no Exterior - CBE Anual | Prazo final de entrega 5\/4\/2016 | GTLawyers | Escrit\u00f3rio boutique full-service\" \/>\n<meta property=\"og:description\" content=\"Alertamos para a aproxima\u00e7\u00e3o da data final de entrega da declara\u00e7\u00e3o anual de Capitais Brasileiros no Exterior (CBE), fixada para o dia 05 de abril de 2016, \u00e0s 18h00, nos termos da Circular 3.624 do Banco do Brasil de 6 de fevereiro de 2013. Lembramos que referida declara\u00e7\u00e3o \u00e9 obrigat\u00f3ria para pessoas f\u00edsicas ou jur\u00eddicas [&hellip;]\" \/>\n<meta property=\"og:url\" content=\"https:\/\/www.gtlawyers.com.br\/fr\/noticia\/declaracao-anual-de-capitais-brasileiros-no-exterior-cbe-anual-prazo-final-de-entrega-5-4-2016\/\" \/>\n<meta property=\"og:site_name\" content=\"GTLawyers | Escrit\u00f3rio boutique full-service\" \/>\n<meta property=\"article:published_time\" content=\"2022-03-23T18:45:00+00:00\" \/>\n<meta property=\"article:modified_time\" content=\"2022-06-03T15:09:33+00:00\" \/>\n<meta property=\"og:image\" content=\"https:\/\/www.gtlawyers.com.br\/site\/wp-content\/uploads\/d6297d_af9f0b9f1348436a8c72345a089318fb_mv2_d_1920_1375_s_2.webp\" \/>\n\t<meta property=\"og:image:width\" content=\"474\" \/>\n\t<meta property=\"og:image:height\" content=\"339\" \/>\n\t<meta property=\"og:image:type\" content=\"image\/webp\" \/>\n<meta name=\"author\" content=\"planetaw\" \/>\n<meta name=\"twitter:card\" content=\"summary_large_image\" \/>\n<meta name=\"twitter:label1\" content=\"\u00c9crit par\" \/>\n\t<meta name=\"twitter:data1\" content=\"planetaw\" \/>\n\t<meta name=\"twitter:label2\" content=\"Dur\u00e9e de lecture estim\u00e9e\" \/>\n\t<meta name=\"twitter:data2\" content=\"1 minute\" \/>\n<script type=\"application\/ld+json\" class=\"yoast-schema-graph\">{\"@context\":\"https:\\\/\\\/schema.org\",\"@graph\":[{\"@type\":\"Article\",\"@id\":\"https:\\\/\\\/www.gtlawyers.com.br\\\/noticia\\\/declaracao-anual-de-capitais-brasileiros-no-exterior-cbe-anual-prazo-final-de-entrega-5-4-2016\\\/#article\",\"isPartOf\":{\"@id\":\"https:\\\/\\\/www.gtlawyers.com.br\\\/noticia\\\/declaracao-anual-de-capitais-brasileiros-no-exterior-cbe-anual-prazo-final-de-entrega-5-4-2016\\\/\"},\"author\":{\"name\":\"planetaw\",\"@id\":\"https:\\\/\\\/www.gtlawyers.com.br\\\/#\\\/schema\\\/person\\\/445dbbc8624baa6cd74ffdc962062fea\"},\"headline\":\"Declara\u00e7\u00e3o Anual de Capitais Brasileiros no Exterior &#8211; CBE Anual | Prazo final de entrega 5\\\/4\\\/2016\",\"datePublished\":\"2022-03-23T18:45:00+00:00\",\"dateModified\":\"2022-06-03T15:09:33+00:00\",\"mainEntityOfPage\":{\"@id\":\"https:\\\/\\\/www.gtlawyers.com.br\\\/noticia\\\/declaracao-anual-de-capitais-brasileiros-no-exterior-cbe-anual-prazo-final-de-entrega-5-4-2016\\\/\"},\"wordCount\":251,\"commentCount\":0,\"publisher\":{\"@id\":\"https:\\\/\\\/www.gtlawyers.com.br\\\/#organization\"},\"image\":{\"@id\":\"https:\\\/\\\/www.gtlawyers.com.br\\\/noticia\\\/declaracao-anual-de-capitais-brasileiros-no-exterior-cbe-anual-prazo-final-de-entrega-5-4-2016\\\/#primaryimage\"},\"thumbnailUrl\":\"https:\\\/\\\/www.gtlawyers.com.br\\\/site\\\/wp-content\\\/uploads\\\/d6297d_af9f0b9f1348436a8c72345a089318fb_mv2_d_1920_1375_s_2.webp\",\"articleSection\":[\"News\"],\"inLanguage\":\"fr-FR\",\"potentialAction\":[{\"@type\":\"CommentAction\",\"name\":\"Comment\",\"target\":[\"https:\\\/\\\/www.gtlawyers.com.br\\\/noticia\\\/declaracao-anual-de-capitais-brasileiros-no-exterior-cbe-anual-prazo-final-de-entrega-5-4-2016\\\/#respond\"]}]},{\"@type\":\"WebPage\",\"@id\":\"https:\\\/\\\/www.gtlawyers.com.br\\\/noticia\\\/declaracao-anual-de-capitais-brasileiros-no-exterior-cbe-anual-prazo-final-de-entrega-5-4-2016\\\/\",\"url\":\"https:\\\/\\\/www.gtlawyers.com.br\\\/noticia\\\/declaracao-anual-de-capitais-brasileiros-no-exterior-cbe-anual-prazo-final-de-entrega-5-4-2016\\\/\",\"name\":\"Declara\u00e7\u00e3o Anual de Capitais Brasileiros no Exterior - CBE Anual | Prazo final de entrega 5\\\/4\\\/2016 | GTLawyers | Escrit\u00f3rio boutique full-service\",\"isPartOf\":{\"@id\":\"https:\\\/\\\/www.gtlawyers.com.br\\\/#website\"},\"primaryImageOfPage\":{\"@id\":\"https:\\\/\\\/www.gtlawyers.com.br\\\/noticia\\\/declaracao-anual-de-capitais-brasileiros-no-exterior-cbe-anual-prazo-final-de-entrega-5-4-2016\\\/#primaryimage\"},\"image\":{\"@id\":\"https:\\\/\\\/www.gtlawyers.com.br\\\/noticia\\\/declaracao-anual-de-capitais-brasileiros-no-exterior-cbe-anual-prazo-final-de-entrega-5-4-2016\\\/#primaryimage\"},\"thumbnailUrl\":\"https:\\\/\\\/www.gtlawyers.com.br\\\/site\\\/wp-content\\\/uploads\\\/d6297d_af9f0b9f1348436a8c72345a089318fb_mv2_d_1920_1375_s_2.webp\",\"datePublished\":\"2022-03-23T18:45:00+00:00\",\"dateModified\":\"2022-06-03T15:09:33+00:00\",\"breadcrumb\":{\"@id\":\"https:\\\/\\\/www.gtlawyers.com.br\\\/noticia\\\/declaracao-anual-de-capitais-brasileiros-no-exterior-cbe-anual-prazo-final-de-entrega-5-4-2016\\\/#breadcrumb\"},\"inLanguage\":\"fr-FR\",\"potentialAction\":[{\"@type\":\"ReadAction\",\"target\":[\"https:\\\/\\\/www.gtlawyers.com.br\\\/noticia\\\/declaracao-anual-de-capitais-brasileiros-no-exterior-cbe-anual-prazo-final-de-entrega-5-4-2016\\\/\"]}]},{\"@type\":\"ImageObject\",\"inLanguage\":\"fr-FR\",\"@id\":\"https:\\\/\\\/www.gtlawyers.com.br\\\/noticia\\\/declaracao-anual-de-capitais-brasileiros-no-exterior-cbe-anual-prazo-final-de-entrega-5-4-2016\\\/#primaryimage\",\"url\":\"https:\\\/\\\/www.gtlawyers.com.br\\\/site\\\/wp-content\\\/uploads\\\/d6297d_af9f0b9f1348436a8c72345a089318fb_mv2_d_1920_1375_s_2.webp\",\"contentUrl\":\"https:\\\/\\\/www.gtlawyers.com.br\\\/site\\\/wp-content\\\/uploads\\\/d6297d_af9f0b9f1348436a8c72345a089318fb_mv2_d_1920_1375_s_2.webp\",\"width\":474,\"height\":339},{\"@type\":\"BreadcrumbList\",\"@id\":\"https:\\\/\\\/www.gtlawyers.com.br\\\/noticia\\\/declaracao-anual-de-capitais-brasileiros-no-exterior-cbe-anual-prazo-final-de-entrega-5-4-2016\\\/#breadcrumb\",\"itemListElement\":[{\"@type\":\"ListItem\",\"position\":1,\"name\":\"In\u00edcio\",\"item\":\"https:\\\/\\\/www.gtlawyers.com.br\\\/\"},{\"@type\":\"ListItem\",\"position\":2,\"name\":\"Declara\u00e7\u00e3o Anual de Capitais Brasileiros no Exterior &#8211; CBE Anual | Prazo final de entrega 5\\\/4\\\/2016\"}]},{\"@type\":\"WebSite\",\"@id\":\"https:\\\/\\\/www.gtlawyers.com.br\\\/#website\",\"url\":\"https:\\\/\\\/www.gtlawyers.com.br\\\/\",\"name\":\"GTLawyers | Escrit\u00f3rio boutique full-service\",\"description\":\"Escrit\u00f3rio de advocacia franco-brasileiro para empresas especializado em M&amp;A, direito societ\u00e1rio, tribut\u00e1rio, imobili\u00e1rio, contencioso e compliance\",\"publisher\":{\"@id\":\"https:\\\/\\\/www.gtlawyers.com.br\\\/#organization\"},\"alternateName\":\"GTLawyers\",\"potentialAction\":[{\"@type\":\"SearchAction\",\"target\":{\"@type\":\"EntryPoint\",\"urlTemplate\":\"https:\\\/\\\/www.gtlawyers.com.br\\\/?s={search_term_string}\"},\"query-input\":{\"@type\":\"PropertyValueSpecification\",\"valueRequired\":true,\"valueName\":\"search_term_string\"}}],\"inLanguage\":\"fr-FR\"},{\"@type\":\"Organization\",\"@id\":\"https:\\\/\\\/www.gtlawyers.com.br\\\/#organization\",\"name\":\"GTLawyers - Escrit\u00f3rio boutique full-service\",\"url\":\"https:\\\/\\\/www.gtlawyers.com.br\\\/\",\"logo\":{\"@type\":\"ImageObject\",\"inLanguage\":\"fr-FR\",\"@id\":\"https:\\\/\\\/www.gtlawyers.com.br\\\/#\\\/schema\\\/logo\\\/image\\\/\",\"url\":\"https:\\\/\\\/www.gtlawyers.com.br\\\/site\\\/wp-content\\\/uploads\\\/image-3.png\",\"contentUrl\":\"https:\\\/\\\/www.gtlawyers.com.br\\\/site\\\/wp-content\\\/uploads\\\/image-3.png\",\"width\":166,\"height\":44,\"caption\":\"GTLawyers - Escrit\u00f3rio boutique full-service\"},\"image\":{\"@id\":\"https:\\\/\\\/www.gtlawyers.com.br\\\/#\\\/schema\\\/logo\\\/image\\\/\"},\"sameAs\":[\"https:\\\/\\\/www.linkedin.com\\\/company\\\/gtlawyers\\\/mycompany\\\/\"]},{\"@type\":\"Person\",\"@id\":\"https:\\\/\\\/www.gtlawyers.com.br\\\/#\\\/schema\\\/person\\\/445dbbc8624baa6cd74ffdc962062fea\",\"name\":\"planetaw\",\"image\":{\"@type\":\"ImageObject\",\"inLanguage\":\"fr-FR\",\"@id\":\"https:\\\/\\\/secure.gravatar.com\\\/avatar\\\/a09e3105af0f28d7ee4ec00ff1c6f17e0e33f7aaf6253c730b912f62af0b331c?s=96&d=mm&r=g\",\"url\":\"https:\\\/\\\/secure.gravatar.com\\\/avatar\\\/a09e3105af0f28d7ee4ec00ff1c6f17e0e33f7aaf6253c730b912f62af0b331c?s=96&d=mm&r=g\",\"contentUrl\":\"https:\\\/\\\/secure.gravatar.com\\\/avatar\\\/a09e3105af0f28d7ee4ec00ff1c6f17e0e33f7aaf6253c730b912f62af0b331c?s=96&d=mm&r=g\",\"caption\":\"planetaw\"},\"sameAs\":[\"http:\\\/\\\/gtlawyers1.hospedagemdesites.ws\\\/site\"],\"url\":\"https:\\\/\\\/www.gtlawyers.com.br\\\/fr\\\/author\\\/planetaw\\\/\"}]}<\/script>\n<!-- \/ Yoast SEO plugin. -->","yoast_head_json":{"title":"Declara\u00e7\u00e3o Anual de Capitais Brasileiros no Exterior - CBE Anual | Prazo final de entrega 5\/4\/2016 | GTLawyers | Escrit\u00f3rio boutique full-service","robots":{"index":"index","follow":"follow","max-snippet":"max-snippet:-1","max-image-preview":"max-image-preview:large","max-video-preview":"max-video-preview:-1"},"canonical":"https:\/\/www.gtlawyers.com.br\/fr\/noticia\/declaracao-anual-de-capitais-brasileiros-no-exterior-cbe-anual-prazo-final-de-entrega-5-4-2016\/","og_locale":"fr_FR","og_type":"article","og_title":"Declara\u00e7\u00e3o Anual de Capitais Brasileiros no Exterior - CBE Anual | Prazo final de entrega 5\/4\/2016 | GTLawyers | Escrit\u00f3rio boutique full-service","og_description":"Alertamos para a aproxima\u00e7\u00e3o da data final de entrega da declara\u00e7\u00e3o anual de Capitais Brasileiros no Exterior (CBE), fixada para o dia 05 de abril de 2016, \u00e0s 18h00, nos termos da Circular 3.624 do Banco do Brasil de 6 de fevereiro de 2013. Lembramos que referida declara\u00e7\u00e3o \u00e9 obrigat\u00f3ria para pessoas f\u00edsicas ou jur\u00eddicas [&hellip;]","og_url":"https:\/\/www.gtlawyers.com.br\/fr\/noticia\/declaracao-anual-de-capitais-brasileiros-no-exterior-cbe-anual-prazo-final-de-entrega-5-4-2016\/","og_site_name":"GTLawyers | Escrit\u00f3rio boutique full-service","article_published_time":"2022-03-23T18:45:00+00:00","article_modified_time":"2022-06-03T15:09:33+00:00","og_image":[{"width":474,"height":339,"url":"https:\/\/www.gtlawyers.com.br\/site\/wp-content\/uploads\/d6297d_af9f0b9f1348436a8c72345a089318fb_mv2_d_1920_1375_s_2.webp","type":"image\/webp"}],"author":"planetaw","twitter_card":"summary_large_image","twitter_misc":{"\u00c9crit par":"planetaw","Dur\u00e9e de lecture estim\u00e9e":"1 minute"},"schema":{"@context":"https:\/\/schema.org","@graph":[{"@type":"Article","@id":"https:\/\/www.gtlawyers.com.br\/noticia\/declaracao-anual-de-capitais-brasileiros-no-exterior-cbe-anual-prazo-final-de-entrega-5-4-2016\/#article","isPartOf":{"@id":"https:\/\/www.gtlawyers.com.br\/noticia\/declaracao-anual-de-capitais-brasileiros-no-exterior-cbe-anual-prazo-final-de-entrega-5-4-2016\/"},"author":{"name":"planetaw","@id":"https:\/\/www.gtlawyers.com.br\/#\/schema\/person\/445dbbc8624baa6cd74ffdc962062fea"},"headline":"Declara\u00e7\u00e3o Anual de Capitais Brasileiros no Exterior &#8211; CBE Anual | Prazo final de entrega 5\/4\/2016","datePublished":"2022-03-23T18:45:00+00:00","dateModified":"2022-06-03T15:09:33+00:00","mainEntityOfPage":{"@id":"https:\/\/www.gtlawyers.com.br\/noticia\/declaracao-anual-de-capitais-brasileiros-no-exterior-cbe-anual-prazo-final-de-entrega-5-4-2016\/"},"wordCount":251,"commentCount":0,"publisher":{"@id":"https:\/\/www.gtlawyers.com.br\/#organization"},"image":{"@id":"https:\/\/www.gtlawyers.com.br\/noticia\/declaracao-anual-de-capitais-brasileiros-no-exterior-cbe-anual-prazo-final-de-entrega-5-4-2016\/#primaryimage"},"thumbnailUrl":"https:\/\/www.gtlawyers.com.br\/site\/wp-content\/uploads\/d6297d_af9f0b9f1348436a8c72345a089318fb_mv2_d_1920_1375_s_2.webp","articleSection":["News"],"inLanguage":"fr-FR","potentialAction":[{"@type":"CommentAction","name":"Comment","target":["https:\/\/www.gtlawyers.com.br\/noticia\/declaracao-anual-de-capitais-brasileiros-no-exterior-cbe-anual-prazo-final-de-entrega-5-4-2016\/#respond"]}]},{"@type":"WebPage","@id":"https:\/\/www.gtlawyers.com.br\/noticia\/declaracao-anual-de-capitais-brasileiros-no-exterior-cbe-anual-prazo-final-de-entrega-5-4-2016\/","url":"https:\/\/www.gtlawyers.com.br\/noticia\/declaracao-anual-de-capitais-brasileiros-no-exterior-cbe-anual-prazo-final-de-entrega-5-4-2016\/","name":"Declara\u00e7\u00e3o Anual de Capitais Brasileiros no Exterior - CBE Anual | Prazo final de entrega 5\/4\/2016 | GTLawyers | Escrit\u00f3rio boutique full-service","isPartOf":{"@id":"https:\/\/www.gtlawyers.com.br\/#website"},"primaryImageOfPage":{"@id":"https:\/\/www.gtlawyers.com.br\/noticia\/declaracao-anual-de-capitais-brasileiros-no-exterior-cbe-anual-prazo-final-de-entrega-5-4-2016\/#primaryimage"},"image":{"@id":"https:\/\/www.gtlawyers.com.br\/noticia\/declaracao-anual-de-capitais-brasileiros-no-exterior-cbe-anual-prazo-final-de-entrega-5-4-2016\/#primaryimage"},"thumbnailUrl":"https:\/\/www.gtlawyers.com.br\/site\/wp-content\/uploads\/d6297d_af9f0b9f1348436a8c72345a089318fb_mv2_d_1920_1375_s_2.webp","datePublished":"2022-03-23T18:45:00+00:00","dateModified":"2022-06-03T15:09:33+00:00","breadcrumb":{"@id":"https:\/\/www.gtlawyers.com.br\/noticia\/declaracao-anual-de-capitais-brasileiros-no-exterior-cbe-anual-prazo-final-de-entrega-5-4-2016\/#breadcrumb"},"inLanguage":"fr-FR","potentialAction":[{"@type":"ReadAction","target":["https:\/\/www.gtlawyers.com.br\/noticia\/declaracao-anual-de-capitais-brasileiros-no-exterior-cbe-anual-prazo-final-de-entrega-5-4-2016\/"]}]},{"@type":"ImageObject","inLanguage":"fr-FR","@id":"https:\/\/www.gtlawyers.com.br\/noticia\/declaracao-anual-de-capitais-brasileiros-no-exterior-cbe-anual-prazo-final-de-entrega-5-4-2016\/#primaryimage","url":"https:\/\/www.gtlawyers.com.br\/site\/wp-content\/uploads\/d6297d_af9f0b9f1348436a8c72345a089318fb_mv2_d_1920_1375_s_2.webp","contentUrl":"https:\/\/www.gtlawyers.com.br\/site\/wp-content\/uploads\/d6297d_af9f0b9f1348436a8c72345a089318fb_mv2_d_1920_1375_s_2.webp","width":474,"height":339},{"@type":"BreadcrumbList","@id":"https:\/\/www.gtlawyers.com.br\/noticia\/declaracao-anual-de-capitais-brasileiros-no-exterior-cbe-anual-prazo-final-de-entrega-5-4-2016\/#breadcrumb","itemListElement":[{"@type":"ListItem","position":1,"name":"In\u00edcio","item":"https:\/\/www.gtlawyers.com.br\/"},{"@type":"ListItem","position":2,"name":"Declara\u00e7\u00e3o Anual de Capitais Brasileiros no Exterior &#8211; CBE Anual | Prazo final de entrega 5\/4\/2016"}]},{"@type":"WebSite","@id":"https:\/\/www.gtlawyers.com.br\/#website","url":"https:\/\/www.gtlawyers.com.br\/","name":"GTLawyers | Escrit\u00f3rio boutique full-service","description":"Escrit\u00f3rio de advocacia franco-brasileiro para empresas especializado em M&amp;A, direito societ\u00e1rio, tribut\u00e1rio, imobili\u00e1rio, contencioso e compliance","publisher":{"@id":"https:\/\/www.gtlawyers.com.br\/#organization"},"alternateName":"GTLawyers","potentialAction":[{"@type":"SearchAction","target":{"@type":"EntryPoint","urlTemplate":"https:\/\/www.gtlawyers.com.br\/?s={search_term_string}"},"query-input":{"@type":"PropertyValueSpecification","valueRequired":true,"valueName":"search_term_string"}}],"inLanguage":"fr-FR"},{"@type":"Organization","@id":"https:\/\/www.gtlawyers.com.br\/#organization","name":"GTLawyers - Escrit\u00f3rio boutique full-service","url":"https:\/\/www.gtlawyers.com.br\/","logo":{"@type":"ImageObject","inLanguage":"fr-FR","@id":"https:\/\/www.gtlawyers.com.br\/#\/schema\/logo\/image\/","url":"https:\/\/www.gtlawyers.com.br\/site\/wp-content\/uploads\/image-3.png","contentUrl":"https:\/\/www.gtlawyers.com.br\/site\/wp-content\/uploads\/image-3.png","width":166,"height":44,"caption":"GTLawyers - Escrit\u00f3rio boutique full-service"},"image":{"@id":"https:\/\/www.gtlawyers.com.br\/#\/schema\/logo\/image\/"},"sameAs":["https:\/\/www.linkedin.com\/company\/gtlawyers\/mycompany\/"]},{"@type":"Person","@id":"https:\/\/www.gtlawyers.com.br\/#\/schema\/person\/445dbbc8624baa6cd74ffdc962062fea","name":"planetaw","image":{"@type":"ImageObject","inLanguage":"fr-FR","@id":"https:\/\/secure.gravatar.com\/avatar\/a09e3105af0f28d7ee4ec00ff1c6f17e0e33f7aaf6253c730b912f62af0b331c?s=96&d=mm&r=g","url":"https:\/\/secure.gravatar.com\/avatar\/a09e3105af0f28d7ee4ec00ff1c6f17e0e33f7aaf6253c730b912f62af0b331c?s=96&d=mm&r=g","contentUrl":"https:\/\/secure.gravatar.com\/avatar\/a09e3105af0f28d7ee4ec00ff1c6f17e0e33f7aaf6253c730b912f62af0b331c?s=96&d=mm&r=g","caption":"planetaw"},"sameAs":["http:\/\/gtlawyers1.hospedagemdesites.ws\/site"],"url":"https:\/\/www.gtlawyers.com.br\/fr\/author\/planetaw\/"}]}},"_links":{"self":[{"href":"https:\/\/www.gtlawyers.com.br\/fr\/wp-json\/wp\/v2\/posts\/392","targetHints":{"allow":["GET"]}}],"collection":[{"href":"https:\/\/www.gtlawyers.com.br\/fr\/wp-json\/wp\/v2\/posts"}],"about":[{"href":"https:\/\/www.gtlawyers.com.br\/fr\/wp-json\/wp\/v2\/types\/post"}],"author":[{"embeddable":true,"href":"https:\/\/www.gtlawyers.com.br\/fr\/wp-json\/wp\/v2\/users\/1"}],"replies":[{"embeddable":true,"href":"https:\/\/www.gtlawyers.com.br\/fr\/wp-json\/wp\/v2\/comments?post=392"}],"version-history":[{"count":2,"href":"https:\/\/www.gtlawyers.com.br\/fr\/wp-json\/wp\/v2\/posts\/392\/revisions"}],"predecessor-version":[{"id":640,"href":"https:\/\/www.gtlawyers.com.br\/fr\/wp-json\/wp\/v2\/posts\/392\/revisions\/640"}],"wp:featuredmedia":[{"embeddable":true,"href":"https:\/\/www.gtlawyers.com.br\/fr\/wp-json\/wp\/v2\/media\/639"}],"wp:attachment":[{"href":"https:\/\/www.gtlawyers.com.br\/fr\/wp-json\/wp\/v2\/media?parent=392"}],"wp:term":[{"taxonomy":"category","embeddable":true,"href":"https:\/\/www.gtlawyers.com.br\/fr\/wp-json\/wp\/v2\/categories?post=392"},{"taxonomy":"post_tag","embeddable":true,"href":"https:\/\/www.gtlawyers.com.br\/fr\/wp-json\/wp\/v2\/tags?post=392"}],"curies":[{"name":"wp","href":"https:\/\/api.w.org\/{rel}","templated":true}]}}