{"id":411,"date":"2022-03-28T15:50:00","date_gmt":"2022-03-28T18:50:00","guid":{"rendered":"https:\/\/www.gtlawyers.com.br\/site\/?p=411"},"modified":"2022-06-03T12:07:52","modified_gmt":"2022-06-03T15:07:52","slug":"medida-provisoria-766-novo-parcelamento-de-debitos-tributarios","status":"publish","type":"post","link":"https:\/\/www.gtlawyers.com.br\/fr\/noticia\/medida-provisoria-766-novo-parcelamento-de-debitos-tributarios\/","title":{"rendered":"Mesure Provisoire 766 - Nouvelles Possibilit\u00e9s de Parcellement de Passifs Fiscaux"},"content":{"rendered":"<p id=\"viewer-2nmdr\">Ce jeudi (05) a \u00e9t\u00e9 publi\u00e9e la Mesure Provisoire 766\/2017, \u00e9tablissant le Programme de R\u00e9gularisation Fiscale (\u00abPRF \u00bb) invocable vis-\u00e0-vis du Tr\u00e9sor Br\u00e9silien (\u00ab RFB \u00bb) et du Procureur G\u00e9n\u00e9ral du Tr\u00e9sor National (\u00ab PGTN \u00bb), visant \u00e0 r\u00e9duire (et \u00e9viter) les litiges administratifs  et judiciaires impliquant ces organes.<\/p>\n\n\n\n<p id=\"viewer-i8ud4\">Le PRF permet que les passifs de nature fiscale et non fiscale, exigibles jusqu\u2019au 30 Novembre 2016, y compris objets de parcellements ant\u00e9rieurs r\u00e9sili\u00e9s ou actifs, en discussion dans des proc\u00e9dures administratives ou judiciaires, ou lanc\u00e9s d'office, puissent \u00eatre r\u00e9gl\u00e9s conform\u00e9ment aux conditions du programme.<\/p>\n\n\n\n<p id=\"viewer-snyms\">Comme dans les mesures pr\u00e9c\u00e9dentes, l'inclusion de dettes dans le PRF implique une confession irr\u00e9vocable de celles-ci par le d\u00e9biteur, qu\u2019un d\u00e9sistement pr\u00e9alable et express des discussions administratives ou judiciaires ant\u00e9rieures ayant pour objet les dettes ai eu lieu, l\u2019impossibilit\u00e9 d'inclure les dettes mentionn\u00e9es dans tout parcellement ult\u00e9rieur et enfin l\u2019obligation pour la personne imposable de maintenir sa situation r\u00e9guli\u00e8re vis-\u00e0-vis du FGTS (Fond Public de Garantie).<\/p>\n\n\n\n<p id=\"viewer-f12lf\">Pour les dettes rattachables au RFB, le PRF pr\u00e9voit les possibilit\u00e9s de r\u00e8glement suivantes :<\/p>\n\n\n\n<p id=\"viewer-58el7\">(i) le paiement en esp\u00e8ces imm\u00e9diat d'au moins 20% de la dette consolid\u00e9e et le r\u00e8glement du montant restant au moyen de l'utilisation de cr\u00e9dits sp\u00e9cifiques relatifs aux taxes g\u00e9r\u00e9es par le Tr\u00e9sor ;<\/p>\n\n\n\n<p id=\"viewer-gt3te\">(ii) le paiement en esp\u00e8ce d\u2019au moins 24% de la dette consolid\u00e9e en 24 versements mensuels et successifs, et le r\u00e8glement du montant restant au moyen de l'utilisation de cr\u00e9dits sp\u00e9cifiques relatifs aux taxes g\u00e9r\u00e9es par le Tr\u00e9sor ;<\/p>\n\n\n\n<p id=\"viewer-hin9k\">(iii) le paiement en esp\u00e8ces imm\u00e9diat d'au moins 20% de la dette consolid\u00e9e et le parcellement du montant restant en 96 versements maximum mensuels et successifs ; et<\/p>\n\n\n\n<p id=\"viewer-c7x1f\">(iv) le paiement de la dette consolid\u00e9e en un maximum de 120 parcelles mensuelles et successives calcul\u00e9es en observant les pourcentages minimaux pr\u00e9sent\u00e9s dans la mesure provisoire : (a) de 1\u00ba \u00e0 la 12\u00ba tranche - 0,5% ; (b) de la 13\u00ba \u00e0 la 24\u00ba tranche - 0,6% ; (c) de la 25\u00ba \u00e0 la 36\u00ba tranche - 0,7% ; et (d) de la 37\u00ba tranche aux suivantes, au pourcentage correspondant au solde restant.<\/p>\n\n\n\n<p id=\"viewer-f0nd4\">(v) Pour les alternative (i) et (ii) ci-dessus, tout solde restant une fois op\u00e9r\u00e9 l'amortissement avec les cr\u00e9dits pourra \u00eatre parcell\u00e9 en jusqu'\u00e0 60 mensualit\u00e9s suppl\u00e9mentaires, payable \u00e0 partir du mois suivant le paiement en esp\u00e8ces ou du mois suivant le paiement de la vingt-quatri\u00e8me mensualit\u00e9, pour une valeur minimale d\u20191\/60 de ce solde<\/p>\n\n\n\n<p id=\"viewer-5o4lj\">Pour les passifs relatifs au PGTN, le PRF pr\u00e9voit les possibilit\u00e9s de r\u00e8glement suivantes :<\/p>\n\n\n\n<p id=\"viewer-0zas2\">(I) le paiement en esp\u00e8ces imm\u00e9diat d'au moins 20% de la dette consolid\u00e9e et le r\u00e8glement du montant restant en un maximum de 96 versements mensuels ; ou<\/p>\n\n\n\n<p id=\"viewer-qonf6\">(Ii) le paiement de la dette consolid\u00e9e en 120 versements mensuels, en observant les pourcentages minimaux \u00e9tablis par la mesure provisoire.<\/p>\n\n\n\n<p id=\"viewer-bho58\">Il est important de souligner que pour l'inclusion de d\u00e9bits PGTN dont le montant est sup\u00e9rieur \u00e0 R$15.000.000,00, le demandeur devra pr\u00e9senter une caution ou une police d\u2019assurance judiciaire, selon les exigences d\u00e9finies par l\u2019organe lui-m\u00eame. En outre, le montant des paiements mensuels sera augment\u00e9 du taux  de r\u00e9f\u00e9rence SELIC.<\/p>\n\n\n\n<p id=\"viewer-6gxtp\">En tout \u00e9tat de cause, aussi bien la RFB que le PGTN devront r\u00e9glementer le PRF dans leur domaine de comp\u00e9tence, dans un d\u00e9lai de 30 jours.<\/p>\n\n\n\n<p id=\"viewer-79c4z\">Nous consid\u00e9rons que, bien que la PRF soit relativement mod\u00e9r\u00e9e, ne traitant par exemple pas des r\u00e9ductions d\u2019amendes (directes ou moratoires), des int\u00e9r\u00eats moratoires et des frais juridiques, la possibilit\u00e9 d\u2019utilisation de cr\u00e9dits li\u00e9s aux pertes fiscales et \u00e0 la base n\u00e9gative de contribution sociale (CSLL) pour r\u00e9gler les passifs inclus au programme peut constituer un avantage int\u00e9ressant pour certains contribuables.<\/p>\n\n\n\n<p id=\"viewer-g8qpe\">Nous nous tenons \u00e0 votre disposition pour toute clarification compl\u00e9mentaire.<\/p>\n\n\n\n<p id=\"viewer-bs4hg\">Nous sommes \u00e0 votre disposition pour toute clarification en la mati\u00e8re (11.3504.7600 ou egross@gtlawyers.com.br).<\/p>\n\n\n\n<p id=\"viewer-v6n6g\">\u00b9 A saber: (a) da primeira \u00e0 d\u00e9cima segunda presta\u00e7\u00e3o &#8211; 0,5%; (b) da d\u00e9cima terceira \u00e0 vig\u00e9sima quarta presta\u00e7\u00e3o &#8211; 0,6%; (c) da vig\u00e9sima quinta \u00e0 trig\u00e9sima sexta presta\u00e7\u00e3o &#8211; 0,7%; e (d) da trig\u00e9sima s\u00e9tima presta\u00e7\u00e3o em diante &#8211; percentual correspondente ao saldo remanescente, em at\u00e9 oitenta e quatro presta\u00e7\u00f5es mensais e sucessivas.<\/p>","protected":false},"excerpt":{"rendered":"<p>Foi publicada nesta quinta-feira (05) a Medida Provis\u00f3ria 766\/2017, que instituiu o Programa de Regulariza\u00e7\u00e3o Tribut\u00e1ria (\u201cPRT\u201d) junto \u00e0 Receita Federal do Brasil (\u201cRFB\u201d) e a Procuradoria Geral da Fazenda Nacional (\u201cPGFN\u201d), com a finalidade de reduzir (evitar) lit\u00edgios judiciais\/administrativos envolvendo tais \u00f3rg\u00e3os. O PRT permite que os d\u00e9bitos de natureza tribut\u00e1ria ou n\u00e3o tribut\u00e1ria, [&hellip;]<\/p>\n","protected":false},"author":1,"featured_media":627,"comment_status":"open","ping_status":"open","sticky":false,"template":"","format":"standard","meta":{"_acf_changed":false,"footnotes":""},"categories":[7],"tags":[],"class_list":["post-411","post","type-post","status-publish","format-standard","has-post-thumbnail","hentry","category-noticia"],"acf":[],"yoast_head":"<!-- This site is optimized with the Yoast SEO plugin v27.5 - https:\/\/yoast.com\/product\/yoast-seo-wordpress\/ -->\n<title>Medida Provis\u00f3ria 766 - Novo Parcelamento de D\u00e9bitos Tribut\u00e1rios | GTLawyers | Escrit\u00f3rio boutique full-service<\/title>\n<meta name=\"robots\" content=\"index, follow, max-snippet:-1, max-image-preview:large, max-video-preview:-1\" \/>\n<link rel=\"canonical\" href=\"https:\/\/www.gtlawyers.com.br\/fr\/noticia\/medida-provisoria-766-novo-parcelamento-de-debitos-tributarios\/\" \/>\n<meta property=\"og:locale\" content=\"fr_FR\" \/>\n<meta property=\"og:type\" content=\"article\" \/>\n<meta property=\"og:title\" content=\"Medida Provis\u00f3ria 766 - Novo Parcelamento de D\u00e9bitos Tribut\u00e1rios | GTLawyers | Escrit\u00f3rio boutique full-service\" \/>\n<meta property=\"og:description\" content=\"Foi publicada nesta quinta-feira (05) a Medida Provis\u00f3ria 766\/2017, que instituiu o Programa de Regulariza\u00e7\u00e3o Tribut\u00e1ria (\u201cPRT\u201d) junto \u00e0 Receita Federal do Brasil (\u201cRFB\u201d) e a Procuradoria Geral da Fazenda Nacional (\u201cPGFN\u201d), com a finalidade de reduzir (evitar) lit\u00edgios judiciais\/administrativos envolvendo tais \u00f3rg\u00e3os. O PRT permite que os d\u00e9bitos de natureza tribut\u00e1ria ou n\u00e3o tribut\u00e1ria, [&hellip;]\" \/>\n<meta property=\"og:url\" content=\"https:\/\/www.gtlawyers.com.br\/fr\/noticia\/medida-provisoria-766-novo-parcelamento-de-debitos-tributarios\/\" \/>\n<meta property=\"og:site_name\" content=\"GTLawyers | Escrit\u00f3rio boutique full-service\" \/>\n<meta property=\"article:published_time\" content=\"2022-03-28T18:50:00+00:00\" \/>\n<meta property=\"article:modified_time\" content=\"2022-06-03T15:07:52+00:00\" \/>\n<meta property=\"og:image\" content=\"https:\/\/www.gtlawyers.com.br\/site\/wp-content\/uploads\/8f26dd417e9b44dba5e1039a4989b477-1.webp\" \/>\n\t<meta property=\"og:image:width\" content=\"474\" \/>\n\t<meta property=\"og:image:height\" content=\"316\" \/>\n\t<meta property=\"og:image:type\" content=\"image\/webp\" \/>\n<meta name=\"author\" content=\"planetaw\" \/>\n<meta name=\"twitter:card\" content=\"summary_large_image\" \/>\n<meta name=\"twitter:label1\" content=\"\u00c9crit par\" \/>\n\t<meta name=\"twitter:data1\" content=\"planetaw\" \/>\n\t<meta name=\"twitter:label2\" content=\"Dur\u00e9e de lecture estim\u00e9e\" \/>\n\t<meta name=\"twitter:data2\" content=\"4 minutes\" \/>\n<script type=\"application\/ld+json\" class=\"yoast-schema-graph\">{\"@context\":\"https:\\\/\\\/schema.org\",\"@graph\":[{\"@type\":\"Article\",\"@id\":\"https:\\\/\\\/www.gtlawyers.com.br\\\/noticia\\\/medida-provisoria-766-novo-parcelamento-de-debitos-tributarios\\\/#article\",\"isPartOf\":{\"@id\":\"https:\\\/\\\/www.gtlawyers.com.br\\\/noticia\\\/medida-provisoria-766-novo-parcelamento-de-debitos-tributarios\\\/\"},\"author\":{\"name\":\"planetaw\",\"@id\":\"https:\\\/\\\/www.gtlawyers.com.br\\\/#\\\/schema\\\/person\\\/445dbbc8624baa6cd74ffdc962062fea\"},\"headline\":\"Medida Provis\u00f3ria 766 &#8211; Novo Parcelamento de D\u00e9bitos Tribut\u00e1rios\",\"datePublished\":\"2022-03-28T18:50:00+00:00\",\"dateModified\":\"2022-06-03T15:07:52+00:00\",\"mainEntityOfPage\":{\"@id\":\"https:\\\/\\\/www.gtlawyers.com.br\\\/noticia\\\/medida-provisoria-766-novo-parcelamento-de-debitos-tributarios\\\/\"},\"wordCount\":728,\"commentCount\":0,\"publisher\":{\"@id\":\"https:\\\/\\\/www.gtlawyers.com.br\\\/#organization\"},\"image\":{\"@id\":\"https:\\\/\\\/www.gtlawyers.com.br\\\/noticia\\\/medida-provisoria-766-novo-parcelamento-de-debitos-tributarios\\\/#primaryimage\"},\"thumbnailUrl\":\"https:\\\/\\\/www.gtlawyers.com.br\\\/site\\\/wp-content\\\/uploads\\\/8f26dd417e9b44dba5e1039a4989b477-1.webp\",\"articleSection\":[\"News\"],\"inLanguage\":\"fr-FR\",\"potentialAction\":[{\"@type\":\"CommentAction\",\"name\":\"Comment\",\"target\":[\"https:\\\/\\\/www.gtlawyers.com.br\\\/noticia\\\/medida-provisoria-766-novo-parcelamento-de-debitos-tributarios\\\/#respond\"]}]},{\"@type\":\"WebPage\",\"@id\":\"https:\\\/\\\/www.gtlawyers.com.br\\\/noticia\\\/medida-provisoria-766-novo-parcelamento-de-debitos-tributarios\\\/\",\"url\":\"https:\\\/\\\/www.gtlawyers.com.br\\\/noticia\\\/medida-provisoria-766-novo-parcelamento-de-debitos-tributarios\\\/\",\"name\":\"Medida Provis\u00f3ria 766 - Novo Parcelamento de D\u00e9bitos Tribut\u00e1rios | GTLawyers | Escrit\u00f3rio boutique full-service\",\"isPartOf\":{\"@id\":\"https:\\\/\\\/www.gtlawyers.com.br\\\/#website\"},\"primaryImageOfPage\":{\"@id\":\"https:\\\/\\\/www.gtlawyers.com.br\\\/noticia\\\/medida-provisoria-766-novo-parcelamento-de-debitos-tributarios\\\/#primaryimage\"},\"image\":{\"@id\":\"https:\\\/\\\/www.gtlawyers.com.br\\\/noticia\\\/medida-provisoria-766-novo-parcelamento-de-debitos-tributarios\\\/#primaryimage\"},\"thumbnailUrl\":\"https:\\\/\\\/www.gtlawyers.com.br\\\/site\\\/wp-content\\\/uploads\\\/8f26dd417e9b44dba5e1039a4989b477-1.webp\",\"datePublished\":\"2022-03-28T18:50:00+00:00\",\"dateModified\":\"2022-06-03T15:07:52+00:00\",\"breadcrumb\":{\"@id\":\"https:\\\/\\\/www.gtlawyers.com.br\\\/noticia\\\/medida-provisoria-766-novo-parcelamento-de-debitos-tributarios\\\/#breadcrumb\"},\"inLanguage\":\"fr-FR\",\"potentialAction\":[{\"@type\":\"ReadAction\",\"target\":[\"https:\\\/\\\/www.gtlawyers.com.br\\\/noticia\\\/medida-provisoria-766-novo-parcelamento-de-debitos-tributarios\\\/\"]}]},{\"@type\":\"ImageObject\",\"inLanguage\":\"fr-FR\",\"@id\":\"https:\\\/\\\/www.gtlawyers.com.br\\\/noticia\\\/medida-provisoria-766-novo-parcelamento-de-debitos-tributarios\\\/#primaryimage\",\"url\":\"https:\\\/\\\/www.gtlawyers.com.br\\\/site\\\/wp-content\\\/uploads\\\/8f26dd417e9b44dba5e1039a4989b477-1.webp\",\"contentUrl\":\"https:\\\/\\\/www.gtlawyers.com.br\\\/site\\\/wp-content\\\/uploads\\\/8f26dd417e9b44dba5e1039a4989b477-1.webp\",\"width\":474,\"height\":316},{\"@type\":\"BreadcrumbList\",\"@id\":\"https:\\\/\\\/www.gtlawyers.com.br\\\/noticia\\\/medida-provisoria-766-novo-parcelamento-de-debitos-tributarios\\\/#breadcrumb\",\"itemListElement\":[{\"@type\":\"ListItem\",\"position\":1,\"name\":\"In\u00edcio\",\"item\":\"https:\\\/\\\/www.gtlawyers.com.br\\\/\"},{\"@type\":\"ListItem\",\"position\":2,\"name\":\"Medida Provis\u00f3ria 766 &#8211; Novo Parcelamento de D\u00e9bitos Tribut\u00e1rios\"}]},{\"@type\":\"WebSite\",\"@id\":\"https:\\\/\\\/www.gtlawyers.com.br\\\/#website\",\"url\":\"https:\\\/\\\/www.gtlawyers.com.br\\\/\",\"name\":\"GTLawyers | Escrit\u00f3rio boutique full-service\",\"description\":\"Escrit\u00f3rio de advocacia franco-brasileiro para empresas especializado em M&amp;A, direito societ\u00e1rio, tribut\u00e1rio, imobili\u00e1rio, contencioso e compliance\",\"publisher\":{\"@id\":\"https:\\\/\\\/www.gtlawyers.com.br\\\/#organization\"},\"alternateName\":\"GTLawyers\",\"potentialAction\":[{\"@type\":\"SearchAction\",\"target\":{\"@type\":\"EntryPoint\",\"urlTemplate\":\"https:\\\/\\\/www.gtlawyers.com.br\\\/?s={search_term_string}\"},\"query-input\":{\"@type\":\"PropertyValueSpecification\",\"valueRequired\":true,\"valueName\":\"search_term_string\"}}],\"inLanguage\":\"fr-FR\"},{\"@type\":\"Organization\",\"@id\":\"https:\\\/\\\/www.gtlawyers.com.br\\\/#organization\",\"name\":\"GTLawyers - Escrit\u00f3rio boutique full-service\",\"url\":\"https:\\\/\\\/www.gtlawyers.com.br\\\/\",\"logo\":{\"@type\":\"ImageObject\",\"inLanguage\":\"fr-FR\",\"@id\":\"https:\\\/\\\/www.gtlawyers.com.br\\\/#\\\/schema\\\/logo\\\/image\\\/\",\"url\":\"https:\\\/\\\/www.gtlawyers.com.br\\\/site\\\/wp-content\\\/uploads\\\/image-3.png\",\"contentUrl\":\"https:\\\/\\\/www.gtlawyers.com.br\\\/site\\\/wp-content\\\/uploads\\\/image-3.png\",\"width\":166,\"height\":44,\"caption\":\"GTLawyers - Escrit\u00f3rio boutique full-service\"},\"image\":{\"@id\":\"https:\\\/\\\/www.gtlawyers.com.br\\\/#\\\/schema\\\/logo\\\/image\\\/\"},\"sameAs\":[\"https:\\\/\\\/www.linkedin.com\\\/company\\\/gtlawyers\\\/mycompany\\\/\"]},{\"@type\":\"Person\",\"@id\":\"https:\\\/\\\/www.gtlawyers.com.br\\\/#\\\/schema\\\/person\\\/445dbbc8624baa6cd74ffdc962062fea\",\"name\":\"planetaw\",\"image\":{\"@type\":\"ImageObject\",\"inLanguage\":\"fr-FR\",\"@id\":\"https:\\\/\\\/secure.gravatar.com\\\/avatar\\\/a09e3105af0f28d7ee4ec00ff1c6f17e0e33f7aaf6253c730b912f62af0b331c?s=96&d=mm&r=g\",\"url\":\"https:\\\/\\\/secure.gravatar.com\\\/avatar\\\/a09e3105af0f28d7ee4ec00ff1c6f17e0e33f7aaf6253c730b912f62af0b331c?s=96&d=mm&r=g\",\"contentUrl\":\"https:\\\/\\\/secure.gravatar.com\\\/avatar\\\/a09e3105af0f28d7ee4ec00ff1c6f17e0e33f7aaf6253c730b912f62af0b331c?s=96&d=mm&r=g\",\"caption\":\"planetaw\"},\"sameAs\":[\"http:\\\/\\\/gtlawyers1.hospedagemdesites.ws\\\/site\"],\"url\":\"https:\\\/\\\/www.gtlawyers.com.br\\\/fr\\\/author\\\/planetaw\\\/\"}]}<\/script>\n<!-- \/ Yoast SEO plugin. -->","yoast_head_json":{"title":"Medida Provis\u00f3ria 766 - Novo Parcelamento de D\u00e9bitos Tribut\u00e1rios | GTLawyers | Escrit\u00f3rio boutique full-service","robots":{"index":"index","follow":"follow","max-snippet":"max-snippet:-1","max-image-preview":"max-image-preview:large","max-video-preview":"max-video-preview:-1"},"canonical":"https:\/\/www.gtlawyers.com.br\/fr\/noticia\/medida-provisoria-766-novo-parcelamento-de-debitos-tributarios\/","og_locale":"fr_FR","og_type":"article","og_title":"Medida Provis\u00f3ria 766 - Novo Parcelamento de D\u00e9bitos Tribut\u00e1rios | GTLawyers | Escrit\u00f3rio boutique full-service","og_description":"Foi publicada nesta quinta-feira (05) a Medida Provis\u00f3ria 766\/2017, que instituiu o Programa de Regulariza\u00e7\u00e3o Tribut\u00e1ria (\u201cPRT\u201d) junto \u00e0 Receita Federal do Brasil (\u201cRFB\u201d) e a Procuradoria Geral da Fazenda Nacional (\u201cPGFN\u201d), com a finalidade de reduzir (evitar) lit\u00edgios judiciais\/administrativos envolvendo tais \u00f3rg\u00e3os. O PRT permite que os d\u00e9bitos de natureza tribut\u00e1ria ou n\u00e3o tribut\u00e1ria, [&hellip;]","og_url":"https:\/\/www.gtlawyers.com.br\/fr\/noticia\/medida-provisoria-766-novo-parcelamento-de-debitos-tributarios\/","og_site_name":"GTLawyers | Escrit\u00f3rio boutique full-service","article_published_time":"2022-03-28T18:50:00+00:00","article_modified_time":"2022-06-03T15:07:52+00:00","og_image":[{"width":474,"height":316,"url":"https:\/\/www.gtlawyers.com.br\/site\/wp-content\/uploads\/8f26dd417e9b44dba5e1039a4989b477-1.webp","type":"image\/webp"}],"author":"planetaw","twitter_card":"summary_large_image","twitter_misc":{"\u00c9crit par":"planetaw","Dur\u00e9e de lecture estim\u00e9e":"4 minutes"},"schema":{"@context":"https:\/\/schema.org","@graph":[{"@type":"Article","@id":"https:\/\/www.gtlawyers.com.br\/noticia\/medida-provisoria-766-novo-parcelamento-de-debitos-tributarios\/#article","isPartOf":{"@id":"https:\/\/www.gtlawyers.com.br\/noticia\/medida-provisoria-766-novo-parcelamento-de-debitos-tributarios\/"},"author":{"name":"planetaw","@id":"https:\/\/www.gtlawyers.com.br\/#\/schema\/person\/445dbbc8624baa6cd74ffdc962062fea"},"headline":"Medida Provis\u00f3ria 766 &#8211; Novo Parcelamento de D\u00e9bitos Tribut\u00e1rios","datePublished":"2022-03-28T18:50:00+00:00","dateModified":"2022-06-03T15:07:52+00:00","mainEntityOfPage":{"@id":"https:\/\/www.gtlawyers.com.br\/noticia\/medida-provisoria-766-novo-parcelamento-de-debitos-tributarios\/"},"wordCount":728,"commentCount":0,"publisher":{"@id":"https:\/\/www.gtlawyers.com.br\/#organization"},"image":{"@id":"https:\/\/www.gtlawyers.com.br\/noticia\/medida-provisoria-766-novo-parcelamento-de-debitos-tributarios\/#primaryimage"},"thumbnailUrl":"https:\/\/www.gtlawyers.com.br\/site\/wp-content\/uploads\/8f26dd417e9b44dba5e1039a4989b477-1.webp","articleSection":["News"],"inLanguage":"fr-FR","potentialAction":[{"@type":"CommentAction","name":"Comment","target":["https:\/\/www.gtlawyers.com.br\/noticia\/medida-provisoria-766-novo-parcelamento-de-debitos-tributarios\/#respond"]}]},{"@type":"WebPage","@id":"https:\/\/www.gtlawyers.com.br\/noticia\/medida-provisoria-766-novo-parcelamento-de-debitos-tributarios\/","url":"https:\/\/www.gtlawyers.com.br\/noticia\/medida-provisoria-766-novo-parcelamento-de-debitos-tributarios\/","name":"Medida Provis\u00f3ria 766 - Novo Parcelamento de D\u00e9bitos Tribut\u00e1rios | GTLawyers | Escrit\u00f3rio boutique full-service","isPartOf":{"@id":"https:\/\/www.gtlawyers.com.br\/#website"},"primaryImageOfPage":{"@id":"https:\/\/www.gtlawyers.com.br\/noticia\/medida-provisoria-766-novo-parcelamento-de-debitos-tributarios\/#primaryimage"},"image":{"@id":"https:\/\/www.gtlawyers.com.br\/noticia\/medida-provisoria-766-novo-parcelamento-de-debitos-tributarios\/#primaryimage"},"thumbnailUrl":"https:\/\/www.gtlawyers.com.br\/site\/wp-content\/uploads\/8f26dd417e9b44dba5e1039a4989b477-1.webp","datePublished":"2022-03-28T18:50:00+00:00","dateModified":"2022-06-03T15:07:52+00:00","breadcrumb":{"@id":"https:\/\/www.gtlawyers.com.br\/noticia\/medida-provisoria-766-novo-parcelamento-de-debitos-tributarios\/#breadcrumb"},"inLanguage":"fr-FR","potentialAction":[{"@type":"ReadAction","target":["https:\/\/www.gtlawyers.com.br\/noticia\/medida-provisoria-766-novo-parcelamento-de-debitos-tributarios\/"]}]},{"@type":"ImageObject","inLanguage":"fr-FR","@id":"https:\/\/www.gtlawyers.com.br\/noticia\/medida-provisoria-766-novo-parcelamento-de-debitos-tributarios\/#primaryimage","url":"https:\/\/www.gtlawyers.com.br\/site\/wp-content\/uploads\/8f26dd417e9b44dba5e1039a4989b477-1.webp","contentUrl":"https:\/\/www.gtlawyers.com.br\/site\/wp-content\/uploads\/8f26dd417e9b44dba5e1039a4989b477-1.webp","width":474,"height":316},{"@type":"BreadcrumbList","@id":"https:\/\/www.gtlawyers.com.br\/noticia\/medida-provisoria-766-novo-parcelamento-de-debitos-tributarios\/#breadcrumb","itemListElement":[{"@type":"ListItem","position":1,"name":"In\u00edcio","item":"https:\/\/www.gtlawyers.com.br\/"},{"@type":"ListItem","position":2,"name":"Medida Provis\u00f3ria 766 &#8211; Novo Parcelamento de D\u00e9bitos Tribut\u00e1rios"}]},{"@type":"WebSite","@id":"https:\/\/www.gtlawyers.com.br\/#website","url":"https:\/\/www.gtlawyers.com.br\/","name":"GTLawyers | Escrit\u00f3rio boutique full-service","description":"Escrit\u00f3rio de advocacia franco-brasileiro para empresas especializado em M&amp;A, direito societ\u00e1rio, tribut\u00e1rio, imobili\u00e1rio, contencioso e compliance","publisher":{"@id":"https:\/\/www.gtlawyers.com.br\/#organization"},"alternateName":"GTLawyers","potentialAction":[{"@type":"SearchAction","target":{"@type":"EntryPoint","urlTemplate":"https:\/\/www.gtlawyers.com.br\/?s={search_term_string}"},"query-input":{"@type":"PropertyValueSpecification","valueRequired":true,"valueName":"search_term_string"}}],"inLanguage":"fr-FR"},{"@type":"Organization","@id":"https:\/\/www.gtlawyers.com.br\/#organization","name":"GTLawyers - Escrit\u00f3rio boutique full-service","url":"https:\/\/www.gtlawyers.com.br\/","logo":{"@type":"ImageObject","inLanguage":"fr-FR","@id":"https:\/\/www.gtlawyers.com.br\/#\/schema\/logo\/image\/","url":"https:\/\/www.gtlawyers.com.br\/site\/wp-content\/uploads\/image-3.png","contentUrl":"https:\/\/www.gtlawyers.com.br\/site\/wp-content\/uploads\/image-3.png","width":166,"height":44,"caption":"GTLawyers - Escrit\u00f3rio boutique full-service"},"image":{"@id":"https:\/\/www.gtlawyers.com.br\/#\/schema\/logo\/image\/"},"sameAs":["https:\/\/www.linkedin.com\/company\/gtlawyers\/mycompany\/"]},{"@type":"Person","@id":"https:\/\/www.gtlawyers.com.br\/#\/schema\/person\/445dbbc8624baa6cd74ffdc962062fea","name":"planetaw","image":{"@type":"ImageObject","inLanguage":"fr-FR","@id":"https:\/\/secure.gravatar.com\/avatar\/a09e3105af0f28d7ee4ec00ff1c6f17e0e33f7aaf6253c730b912f62af0b331c?s=96&d=mm&r=g","url":"https:\/\/secure.gravatar.com\/avatar\/a09e3105af0f28d7ee4ec00ff1c6f17e0e33f7aaf6253c730b912f62af0b331c?s=96&d=mm&r=g","contentUrl":"https:\/\/secure.gravatar.com\/avatar\/a09e3105af0f28d7ee4ec00ff1c6f17e0e33f7aaf6253c730b912f62af0b331c?s=96&d=mm&r=g","caption":"planetaw"},"sameAs":["http:\/\/gtlawyers1.hospedagemdesites.ws\/site"],"url":"https:\/\/www.gtlawyers.com.br\/fr\/author\/planetaw\/"}]}},"_links":{"self":[{"href":"https:\/\/www.gtlawyers.com.br\/fr\/wp-json\/wp\/v2\/posts\/411","targetHints":{"allow":["GET"]}}],"collection":[{"href":"https:\/\/www.gtlawyers.com.br\/fr\/wp-json\/wp\/v2\/posts"}],"about":[{"href":"https:\/\/www.gtlawyers.com.br\/fr\/wp-json\/wp\/v2\/types\/post"}],"author":[{"embeddable":true,"href":"https:\/\/www.gtlawyers.com.br\/fr\/wp-json\/wp\/v2\/users\/1"}],"replies":[{"embeddable":true,"href":"https:\/\/www.gtlawyers.com.br\/fr\/wp-json\/wp\/v2\/comments?post=411"}],"version-history":[{"count":2,"href":"https:\/\/www.gtlawyers.com.br\/fr\/wp-json\/wp\/v2\/posts\/411\/revisions"}],"predecessor-version":[{"id":628,"href":"https:\/\/www.gtlawyers.com.br\/fr\/wp-json\/wp\/v2\/posts\/411\/revisions\/628"}],"wp:featuredmedia":[{"embeddable":true,"href":"https:\/\/www.gtlawyers.com.br\/fr\/wp-json\/wp\/v2\/media\/627"}],"wp:attachment":[{"href":"https:\/\/www.gtlawyers.com.br\/fr\/wp-json\/wp\/v2\/media?parent=411"}],"wp:term":[{"taxonomy":"category","embeddable":true,"href":"https:\/\/www.gtlawyers.com.br\/fr\/wp-json\/wp\/v2\/categories?post=411"},{"taxonomy":"post_tag","embeddable":true,"href":"https:\/\/www.gtlawyers.com.br\/fr\/wp-json\/wp\/v2\/tags?post=411"}],"curies":[{"name":"wp","href":"https:\/\/api.w.org\/{rel}","templated":true}]}}