{"id":412,"date":"2022-03-29T15:50:00","date_gmt":"2022-03-29T18:50:00","guid":{"rendered":"https:\/\/www.gtlawyers.com.br\/site\/?p=412"},"modified":"2022-06-03T12:07:18","modified_gmt":"2022-06-03T15:07:18","slug":"reabertura-do-regime-especial-de-regularizacao-cambial-e-tributaria","status":"publish","type":"post","link":"https:\/\/www.gtlawyers.com.br\/fr\/noticia\/reabertura-do-regime-especial-de-regularizacao-cambial-e-tributaria\/","title":{"rendered":"Reabertura do Regime Especial de Regulariza\u00e7\u00e3o Cambial e Tribut\u00e1ria"},"content":{"rendered":"<p id=\"viewer-zi1ek\">Foi publicada na \u00faltima sexta-feira (31) a Lei Ordin\u00e1ria no 13.428\/2017, que determinou a reabertura do Regime Especial de Regulariza\u00e7\u00e3o Cambial e Tribut\u00e1ria (\u201cRERCT\u201d), originalmente institu\u00eddo no ano passado, que possibilitou aos contribuintes a regulariza\u00e7\u00e3o de recursos, bens e direitos possu\u00eddos no exterior em 31 de dezembro de 2014, de origem l\u00edcita e n\u00e3o declarados \u00e0 Receita Federal\/Banco Central do Brasil.<\/p>\n\n\n\n<p id=\"viewer-70tei\">No RERCT original, a regulariza\u00e7\u00e3o dos ativos envolvia o pagamento do Imposto de Renda (al\u00edquota de 15%) e multa (100% sobre o valor do imposto), e previa anistia penal para crimes como evas\u00e3o de divisas, lavagem de dinheiro e sonega\u00e7\u00e3o fiscal, bem como anistia dos demais impostos eventualmente devidos.<\/p>\n\n\n\n<p id=\"viewer-axdca\">Com a publica\u00e7\u00e3o da Lei 13.428\/2017, determinou-se a reabertura desse programa, possibilitando a entrega de Declara\u00e7\u00e3o de Regulariza\u00e7\u00e3o Cambial e Tribut\u00e1ria (Dercat) \u00e0 Receita Federal entre 03 de abril1 e 31 de julho de 2017, para a regulariza\u00e7\u00e3o de ativos existentes no exterior possu\u00eddos at\u00e9 30 de junho de 2016.<\/p>\n\n\n\n<p id=\"viewer-zl9u6\">Nessa nova vers\u00e3o, embora o Imposto de Renda permane\u00e7a devido \u00e0 al\u00edquota de 15%, a multa passa a ser cobrada no valor de 135% do valor do imposto. Com isso, o \u00f4nus financeiro dessa reabertura do RERCT ser\u00e1 de 35% do valor dos ativos a serem regularizados (e n\u00e3o mais 30% como na primeira vers\u00e3o do RERCT finalizada em outubro).<\/p>\n\n\n\n<p id=\"viewer-e7wa6\">Ainda, nos termos da mencionada lei, para fins da regulariza\u00e7\u00e3o (e tributa\u00e7\u00e3o), a convers\u00e3o dos valores localizados no exterior ser\u00e1 feita com base na cota\u00e7\u00e3o do d\u00f3lar americano (venda) para o dia 30 de junho de 2016 (R$ 3,21).<\/p>\n\n\n\n<p id=\"viewer-8tlm9\">Al\u00e9m desses pontos, a lei permite: (i) a aplica\u00e7\u00e3o do RERCT a esp\u00f3lio cuja sucess\u00e3o tenha sido aberta at\u00e9 a data de ades\u00e3o ao RERCT; (ii) a n\u00e3o exclus\u00e3o do RERCT no caso de declara\u00e7\u00e3o com incorre\u00e7\u00f5es, resguardado o direito do Fisco de cobrar o imposto\/multas sobre os valores declarados incorretamente, caso em que somente o pagamento da diferen\u00e7a apurada, no prazo de 30 dias da ci\u00eancia do auto de infra\u00e7\u00e3o, extinguir\u00e1 a punibilidade dos crimes previstos na Lei sobre os valores incorretamente declarados; e, ainda (iii) a possibilidade de complementa\u00e7\u00e3o da declara\u00e7\u00e3o referente ao RERCT original, com o pagamento de imposto e multa nos termos da nova lei.<\/p>\n\n\n\n<p id=\"viewer-vnn0f\">A Lei 13.428\/2017 n\u00e3o solucionou alguns questionamentos importantes surgidos<\/p>\n\n\n\n<p id=\"viewer-94bht\">quando da primeira vers\u00e3o do RERCT, em especial quanto \u00e0 obrigatoriedade de regulariza\u00e7\u00e3o apenas do saldo dos ativos n\u00e3o declarado em 30 de junho de 2016 (\u201cfoto\u201d) ou do maior valor havido no exterior (\u201cfilme\u201d).<\/p>\n\n\n\n<p id=\"viewer-8xtjx\">Vale salientar que a partir de 2018 j\u00e1 dever\u00e1 ocorrer a troca de informa\u00e7\u00f5es entre autoridades tribut\u00e1rias envolvendo, especialmente, contas banc\u00e1rias em nome de residentes fiscais em outros pa\u00edses. Assim, o Fisco brasileiro poder\u00e1 ter acesso autom\u00e1tico a dados banc\u00e1rios no exterior de pessoas f\u00edsicas e jur\u00eddicas residentes no Brasil. Esse cen\u00e1rio j\u00e1 est\u00e1 for\u00e7ando muitas institui\u00e7\u00f5es financeiras no exterior (em pa\u00edses signat\u00e1rios da conven\u00e7\u00e3o sobre m\u00fatua assist\u00eancia em mat\u00e9ria tribut\u00e1ria \u2013 TIEA) a requisitarem que seus clientes residentes no Brasil regularizem seus recursos junto ao Fisco local, sob pena de cancelamento da conta.<\/p>\n\n\n\n<p id=\"viewer-dszih\">Diante dessa realidade, a despeito da maior onerosidade dessa nova vers\u00e3o da repatria\u00e7\u00e3o, em vista do panorama mundial e do maior compliance dos bancos estrangeiros em rela\u00e7\u00e3o a clientes brasileiros, a reabertura do RERCT concretiza uma possibilidade interessante para brasileiros que possuam valores n\u00e3o declarados no exterior, que poder\u00e3o regularizar sua situa\u00e7\u00e3o perante a Receita Federal do Brasil.<\/p>\n\n\n\n<p id=\"viewer-ijiyc\">Nous nous tenons \u00e0 votre disposition pour toute clarification compl\u00e9mentaire.<\/p>\n\n\n\n<p id=\"viewer-ksiyw\">Nous sommes \u00e0 votre disposition pour toute clarification en la mati\u00e8re (11.3504.7600 ou egross@gtlawyers.com.br).<\/p>\n\n\n\n<p id=\"viewer-5q9le\">1 A regulamenta\u00e7\u00e3o desse novo programa se deu j\u00e1 na segunda-feira (3\/4), por meio da Instru\u00e7\u00e3o Normativa 1.704\/2017.<\/p>","protected":false},"excerpt":{"rendered":"<p>Foi publicada na \u00faltima sexta-feira (31) a Lei Ordin\u00e1ria no 13.428\/2017, que determinou a reabertura do Regime Especial de Regulariza\u00e7\u00e3o Cambial e Tribut\u00e1ria (\u201cRERCT\u201d), originalmente institu\u00eddo no ano passado, que possibilitou aos contribuintes a regulariza\u00e7\u00e3o de recursos, bens e direitos possu\u00eddos no exterior em 31 de dezembro de 2014, de origem l\u00edcita e n\u00e3o declarados [&hellip;]<\/p>\n","protected":false},"author":1,"featured_media":418,"comment_status":"open","ping_status":"open","sticky":false,"template":"","format":"standard","meta":{"_acf_changed":false,"footnotes":""},"categories":[7],"tags":[],"class_list":["post-412","post","type-post","status-publish","format-standard","has-post-thumbnail","hentry","category-noticia"],"acf":[],"yoast_head":"<!-- This site is optimized with the Yoast SEO plugin v27.5 - https:\/\/yoast.com\/product\/yoast-seo-wordpress\/ -->\n<title>Reabertura do Regime Especial de Regulariza\u00e7\u00e3o Cambial e Tribut\u00e1ria | GTLawyers | Escrit\u00f3rio boutique full-service<\/title>\n<meta name=\"robots\" content=\"index, follow, max-snippet:-1, max-image-preview:large, max-video-preview:-1\" \/>\n<link rel=\"canonical\" href=\"https:\/\/www.gtlawyers.com.br\/fr\/noticia\/reabertura-do-regime-especial-de-regularizacao-cambial-e-tributaria\/\" \/>\n<meta property=\"og:locale\" content=\"fr_FR\" \/>\n<meta property=\"og:type\" content=\"article\" \/>\n<meta property=\"og:title\" content=\"Reabertura do Regime Especial de Regulariza\u00e7\u00e3o Cambial e Tribut\u00e1ria | GTLawyers | Escrit\u00f3rio boutique full-service\" \/>\n<meta property=\"og:description\" content=\"Foi publicada na \u00faltima sexta-feira (31) a Lei Ordin\u00e1ria no 13.428\/2017, que determinou a reabertura do Regime Especial de Regulariza\u00e7\u00e3o Cambial e Tribut\u00e1ria (\u201cRERCT\u201d), originalmente institu\u00eddo no ano passado, que possibilitou aos contribuintes a regulariza\u00e7\u00e3o de recursos, bens e direitos possu\u00eddos no exterior em 31 de dezembro de 2014, de origem l\u00edcita e n\u00e3o declarados [&hellip;]\" \/>\n<meta property=\"og:url\" content=\"https:\/\/www.gtlawyers.com.br\/fr\/noticia\/reabertura-do-regime-especial-de-regularizacao-cambial-e-tributaria\/\" \/>\n<meta property=\"og:site_name\" content=\"GTLawyers | Escrit\u00f3rio boutique full-service\" \/>\n<meta property=\"article:published_time\" content=\"2022-03-29T18:50:00+00:00\" \/>\n<meta property=\"article:modified_time\" content=\"2022-06-03T15:07:18+00:00\" \/>\n<meta property=\"og:image\" content=\"https:\/\/www.gtlawyers.com.br\/site\/wp-content\/uploads\/6d79c54530184470983d0f7861e36ea6.webp\" \/>\n\t<meta property=\"og:image:width\" content=\"1449\" \/>\n\t<meta property=\"og:image:height\" content=\"966\" \/>\n\t<meta property=\"og:image:type\" content=\"image\/webp\" \/>\n<meta name=\"author\" content=\"planetaw\" \/>\n<meta name=\"twitter:card\" content=\"summary_large_image\" \/>\n<meta name=\"twitter:label1\" content=\"\u00c9crit par\" \/>\n\t<meta name=\"twitter:data1\" content=\"planetaw\" \/>\n\t<meta name=\"twitter:label2\" content=\"Dur\u00e9e de lecture estim\u00e9e\" \/>\n\t<meta name=\"twitter:data2\" content=\"3 minutes\" \/>\n<script type=\"application\/ld+json\" class=\"yoast-schema-graph\">{\"@context\":\"https:\\\/\\\/schema.org\",\"@graph\":[{\"@type\":\"Article\",\"@id\":\"https:\\\/\\\/www.gtlawyers.com.br\\\/noticia\\\/reabertura-do-regime-especial-de-regularizacao-cambial-e-tributaria\\\/#article\",\"isPartOf\":{\"@id\":\"https:\\\/\\\/www.gtlawyers.com.br\\\/noticia\\\/reabertura-do-regime-especial-de-regularizacao-cambial-e-tributaria\\\/\"},\"author\":{\"name\":\"planetaw\",\"@id\":\"https:\\\/\\\/www.gtlawyers.com.br\\\/#\\\/schema\\\/person\\\/445dbbc8624baa6cd74ffdc962062fea\"},\"headline\":\"Reabertura do Regime Especial de Regulariza\u00e7\u00e3o Cambial e Tribut\u00e1ria\",\"datePublished\":\"2022-03-29T18:50:00+00:00\",\"dateModified\":\"2022-06-03T15:07:18+00:00\",\"mainEntityOfPage\":{\"@id\":\"https:\\\/\\\/www.gtlawyers.com.br\\\/noticia\\\/reabertura-do-regime-especial-de-regularizacao-cambial-e-tributaria\\\/\"},\"wordCount\":664,\"commentCount\":0,\"publisher\":{\"@id\":\"https:\\\/\\\/www.gtlawyers.com.br\\\/#organization\"},\"image\":{\"@id\":\"https:\\\/\\\/www.gtlawyers.com.br\\\/noticia\\\/reabertura-do-regime-especial-de-regularizacao-cambial-e-tributaria\\\/#primaryimage\"},\"thumbnailUrl\":\"https:\\\/\\\/www.gtlawyers.com.br\\\/site\\\/wp-content\\\/uploads\\\/6d79c54530184470983d0f7861e36ea6.webp\",\"articleSection\":[\"News\"],\"inLanguage\":\"fr-FR\",\"potentialAction\":[{\"@type\":\"CommentAction\",\"name\":\"Comment\",\"target\":[\"https:\\\/\\\/www.gtlawyers.com.br\\\/noticia\\\/reabertura-do-regime-especial-de-regularizacao-cambial-e-tributaria\\\/#respond\"]}]},{\"@type\":\"WebPage\",\"@id\":\"https:\\\/\\\/www.gtlawyers.com.br\\\/noticia\\\/reabertura-do-regime-especial-de-regularizacao-cambial-e-tributaria\\\/\",\"url\":\"https:\\\/\\\/www.gtlawyers.com.br\\\/noticia\\\/reabertura-do-regime-especial-de-regularizacao-cambial-e-tributaria\\\/\",\"name\":\"Reabertura do Regime Especial de Regulariza\u00e7\u00e3o Cambial e Tribut\u00e1ria | GTLawyers | Escrit\u00f3rio boutique full-service\",\"isPartOf\":{\"@id\":\"https:\\\/\\\/www.gtlawyers.com.br\\\/#website\"},\"primaryImageOfPage\":{\"@id\":\"https:\\\/\\\/www.gtlawyers.com.br\\\/noticia\\\/reabertura-do-regime-especial-de-regularizacao-cambial-e-tributaria\\\/#primaryimage\"},\"image\":{\"@id\":\"https:\\\/\\\/www.gtlawyers.com.br\\\/noticia\\\/reabertura-do-regime-especial-de-regularizacao-cambial-e-tributaria\\\/#primaryimage\"},\"thumbnailUrl\":\"https:\\\/\\\/www.gtlawyers.com.br\\\/site\\\/wp-content\\\/uploads\\\/6d79c54530184470983d0f7861e36ea6.webp\",\"datePublished\":\"2022-03-29T18:50:00+00:00\",\"dateModified\":\"2022-06-03T15:07:18+00:00\",\"breadcrumb\":{\"@id\":\"https:\\\/\\\/www.gtlawyers.com.br\\\/noticia\\\/reabertura-do-regime-especial-de-regularizacao-cambial-e-tributaria\\\/#breadcrumb\"},\"inLanguage\":\"fr-FR\",\"potentialAction\":[{\"@type\":\"ReadAction\",\"target\":[\"https:\\\/\\\/www.gtlawyers.com.br\\\/noticia\\\/reabertura-do-regime-especial-de-regularizacao-cambial-e-tributaria\\\/\"]}]},{\"@type\":\"ImageObject\",\"inLanguage\":\"fr-FR\",\"@id\":\"https:\\\/\\\/www.gtlawyers.com.br\\\/noticia\\\/reabertura-do-regime-especial-de-regularizacao-cambial-e-tributaria\\\/#primaryimage\",\"url\":\"https:\\\/\\\/www.gtlawyers.com.br\\\/site\\\/wp-content\\\/uploads\\\/6d79c54530184470983d0f7861e36ea6.webp\",\"contentUrl\":\"https:\\\/\\\/www.gtlawyers.com.br\\\/site\\\/wp-content\\\/uploads\\\/6d79c54530184470983d0f7861e36ea6.webp\",\"width\":1449,\"height\":966},{\"@type\":\"BreadcrumbList\",\"@id\":\"https:\\\/\\\/www.gtlawyers.com.br\\\/noticia\\\/reabertura-do-regime-especial-de-regularizacao-cambial-e-tributaria\\\/#breadcrumb\",\"itemListElement\":[{\"@type\":\"ListItem\",\"position\":1,\"name\":\"In\u00edcio\",\"item\":\"https:\\\/\\\/www.gtlawyers.com.br\\\/\"},{\"@type\":\"ListItem\",\"position\":2,\"name\":\"Reabertura do Regime Especial de Regulariza\u00e7\u00e3o Cambial e Tribut\u00e1ria\"}]},{\"@type\":\"WebSite\",\"@id\":\"https:\\\/\\\/www.gtlawyers.com.br\\\/#website\",\"url\":\"https:\\\/\\\/www.gtlawyers.com.br\\\/\",\"name\":\"GTLawyers | Escrit\u00f3rio boutique full-service\",\"description\":\"Escrit\u00f3rio de advocacia franco-brasileiro para empresas especializado em M&amp;A, direito societ\u00e1rio, tribut\u00e1rio, imobili\u00e1rio, contencioso e compliance\",\"publisher\":{\"@id\":\"https:\\\/\\\/www.gtlawyers.com.br\\\/#organization\"},\"alternateName\":\"GTLawyers\",\"potentialAction\":[{\"@type\":\"SearchAction\",\"target\":{\"@type\":\"EntryPoint\",\"urlTemplate\":\"https:\\\/\\\/www.gtlawyers.com.br\\\/?s={search_term_string}\"},\"query-input\":{\"@type\":\"PropertyValueSpecification\",\"valueRequired\":true,\"valueName\":\"search_term_string\"}}],\"inLanguage\":\"fr-FR\"},{\"@type\":\"Organization\",\"@id\":\"https:\\\/\\\/www.gtlawyers.com.br\\\/#organization\",\"name\":\"GTLawyers - Escrit\u00f3rio boutique full-service\",\"url\":\"https:\\\/\\\/www.gtlawyers.com.br\\\/\",\"logo\":{\"@type\":\"ImageObject\",\"inLanguage\":\"fr-FR\",\"@id\":\"https:\\\/\\\/www.gtlawyers.com.br\\\/#\\\/schema\\\/logo\\\/image\\\/\",\"url\":\"https:\\\/\\\/www.gtlawyers.com.br\\\/site\\\/wp-content\\\/uploads\\\/image-3.png\",\"contentUrl\":\"https:\\\/\\\/www.gtlawyers.com.br\\\/site\\\/wp-content\\\/uploads\\\/image-3.png\",\"width\":166,\"height\":44,\"caption\":\"GTLawyers - Escrit\u00f3rio boutique full-service\"},\"image\":{\"@id\":\"https:\\\/\\\/www.gtlawyers.com.br\\\/#\\\/schema\\\/logo\\\/image\\\/\"},\"sameAs\":[\"https:\\\/\\\/www.linkedin.com\\\/company\\\/gtlawyers\\\/mycompany\\\/\"]},{\"@type\":\"Person\",\"@id\":\"https:\\\/\\\/www.gtlawyers.com.br\\\/#\\\/schema\\\/person\\\/445dbbc8624baa6cd74ffdc962062fea\",\"name\":\"planetaw\",\"image\":{\"@type\":\"ImageObject\",\"inLanguage\":\"fr-FR\",\"@id\":\"https:\\\/\\\/secure.gravatar.com\\\/avatar\\\/a09e3105af0f28d7ee4ec00ff1c6f17e0e33f7aaf6253c730b912f62af0b331c?s=96&d=mm&r=g\",\"url\":\"https:\\\/\\\/secure.gravatar.com\\\/avatar\\\/a09e3105af0f28d7ee4ec00ff1c6f17e0e33f7aaf6253c730b912f62af0b331c?s=96&d=mm&r=g\",\"contentUrl\":\"https:\\\/\\\/secure.gravatar.com\\\/avatar\\\/a09e3105af0f28d7ee4ec00ff1c6f17e0e33f7aaf6253c730b912f62af0b331c?s=96&d=mm&r=g\",\"caption\":\"planetaw\"},\"sameAs\":[\"http:\\\/\\\/gtlawyers1.hospedagemdesites.ws\\\/site\"],\"url\":\"https:\\\/\\\/www.gtlawyers.com.br\\\/fr\\\/author\\\/planetaw\\\/\"}]}<\/script>\n<!-- \/ Yoast SEO plugin. -->","yoast_head_json":{"title":"Reabertura do Regime Especial de Regulariza\u00e7\u00e3o Cambial e Tribut\u00e1ria | GTLawyers | Escrit\u00f3rio boutique full-service","robots":{"index":"index","follow":"follow","max-snippet":"max-snippet:-1","max-image-preview":"max-image-preview:large","max-video-preview":"max-video-preview:-1"},"canonical":"https:\/\/www.gtlawyers.com.br\/fr\/noticia\/reabertura-do-regime-especial-de-regularizacao-cambial-e-tributaria\/","og_locale":"fr_FR","og_type":"article","og_title":"Reabertura do Regime Especial de Regulariza\u00e7\u00e3o Cambial e Tribut\u00e1ria | GTLawyers | Escrit\u00f3rio boutique full-service","og_description":"Foi publicada na \u00faltima sexta-feira (31) a Lei Ordin\u00e1ria no 13.428\/2017, que determinou a reabertura do Regime Especial de Regulariza\u00e7\u00e3o Cambial e Tribut\u00e1ria (\u201cRERCT\u201d), originalmente institu\u00eddo no ano passado, que possibilitou aos contribuintes a regulariza\u00e7\u00e3o de recursos, bens e direitos possu\u00eddos no exterior em 31 de dezembro de 2014, de origem l\u00edcita e n\u00e3o declarados [&hellip;]","og_url":"https:\/\/www.gtlawyers.com.br\/fr\/noticia\/reabertura-do-regime-especial-de-regularizacao-cambial-e-tributaria\/","og_site_name":"GTLawyers | Escrit\u00f3rio boutique full-service","article_published_time":"2022-03-29T18:50:00+00:00","article_modified_time":"2022-06-03T15:07:18+00:00","og_image":[{"width":1449,"height":966,"url":"https:\/\/www.gtlawyers.com.br\/site\/wp-content\/uploads\/6d79c54530184470983d0f7861e36ea6.webp","type":"image\/webp"}],"author":"planetaw","twitter_card":"summary_large_image","twitter_misc":{"\u00c9crit par":"planetaw","Dur\u00e9e de lecture estim\u00e9e":"3 minutes"},"schema":{"@context":"https:\/\/schema.org","@graph":[{"@type":"Article","@id":"https:\/\/www.gtlawyers.com.br\/noticia\/reabertura-do-regime-especial-de-regularizacao-cambial-e-tributaria\/#article","isPartOf":{"@id":"https:\/\/www.gtlawyers.com.br\/noticia\/reabertura-do-regime-especial-de-regularizacao-cambial-e-tributaria\/"},"author":{"name":"planetaw","@id":"https:\/\/www.gtlawyers.com.br\/#\/schema\/person\/445dbbc8624baa6cd74ffdc962062fea"},"headline":"Reabertura do Regime Especial de Regulariza\u00e7\u00e3o Cambial e Tribut\u00e1ria","datePublished":"2022-03-29T18:50:00+00:00","dateModified":"2022-06-03T15:07:18+00:00","mainEntityOfPage":{"@id":"https:\/\/www.gtlawyers.com.br\/noticia\/reabertura-do-regime-especial-de-regularizacao-cambial-e-tributaria\/"},"wordCount":664,"commentCount":0,"publisher":{"@id":"https:\/\/www.gtlawyers.com.br\/#organization"},"image":{"@id":"https:\/\/www.gtlawyers.com.br\/noticia\/reabertura-do-regime-especial-de-regularizacao-cambial-e-tributaria\/#primaryimage"},"thumbnailUrl":"https:\/\/www.gtlawyers.com.br\/site\/wp-content\/uploads\/6d79c54530184470983d0f7861e36ea6.webp","articleSection":["News"],"inLanguage":"fr-FR","potentialAction":[{"@type":"CommentAction","name":"Comment","target":["https:\/\/www.gtlawyers.com.br\/noticia\/reabertura-do-regime-especial-de-regularizacao-cambial-e-tributaria\/#respond"]}]},{"@type":"WebPage","@id":"https:\/\/www.gtlawyers.com.br\/noticia\/reabertura-do-regime-especial-de-regularizacao-cambial-e-tributaria\/","url":"https:\/\/www.gtlawyers.com.br\/noticia\/reabertura-do-regime-especial-de-regularizacao-cambial-e-tributaria\/","name":"Reabertura do Regime Especial de Regulariza\u00e7\u00e3o Cambial e Tribut\u00e1ria | GTLawyers | Escrit\u00f3rio boutique full-service","isPartOf":{"@id":"https:\/\/www.gtlawyers.com.br\/#website"},"primaryImageOfPage":{"@id":"https:\/\/www.gtlawyers.com.br\/noticia\/reabertura-do-regime-especial-de-regularizacao-cambial-e-tributaria\/#primaryimage"},"image":{"@id":"https:\/\/www.gtlawyers.com.br\/noticia\/reabertura-do-regime-especial-de-regularizacao-cambial-e-tributaria\/#primaryimage"},"thumbnailUrl":"https:\/\/www.gtlawyers.com.br\/site\/wp-content\/uploads\/6d79c54530184470983d0f7861e36ea6.webp","datePublished":"2022-03-29T18:50:00+00:00","dateModified":"2022-06-03T15:07:18+00:00","breadcrumb":{"@id":"https:\/\/www.gtlawyers.com.br\/noticia\/reabertura-do-regime-especial-de-regularizacao-cambial-e-tributaria\/#breadcrumb"},"inLanguage":"fr-FR","potentialAction":[{"@type":"ReadAction","target":["https:\/\/www.gtlawyers.com.br\/noticia\/reabertura-do-regime-especial-de-regularizacao-cambial-e-tributaria\/"]}]},{"@type":"ImageObject","inLanguage":"fr-FR","@id":"https:\/\/www.gtlawyers.com.br\/noticia\/reabertura-do-regime-especial-de-regularizacao-cambial-e-tributaria\/#primaryimage","url":"https:\/\/www.gtlawyers.com.br\/site\/wp-content\/uploads\/6d79c54530184470983d0f7861e36ea6.webp","contentUrl":"https:\/\/www.gtlawyers.com.br\/site\/wp-content\/uploads\/6d79c54530184470983d0f7861e36ea6.webp","width":1449,"height":966},{"@type":"BreadcrumbList","@id":"https:\/\/www.gtlawyers.com.br\/noticia\/reabertura-do-regime-especial-de-regularizacao-cambial-e-tributaria\/#breadcrumb","itemListElement":[{"@type":"ListItem","position":1,"name":"In\u00edcio","item":"https:\/\/www.gtlawyers.com.br\/"},{"@type":"ListItem","position":2,"name":"Reabertura do Regime Especial de Regulariza\u00e7\u00e3o Cambial e Tribut\u00e1ria"}]},{"@type":"WebSite","@id":"https:\/\/www.gtlawyers.com.br\/#website","url":"https:\/\/www.gtlawyers.com.br\/","name":"GTLawyers | Escrit\u00f3rio boutique full-service","description":"Escrit\u00f3rio de advocacia franco-brasileiro para empresas especializado em M&amp;A, direito societ\u00e1rio, tribut\u00e1rio, imobili\u00e1rio, contencioso e compliance","publisher":{"@id":"https:\/\/www.gtlawyers.com.br\/#organization"},"alternateName":"GTLawyers","potentialAction":[{"@type":"SearchAction","target":{"@type":"EntryPoint","urlTemplate":"https:\/\/www.gtlawyers.com.br\/?s={search_term_string}"},"query-input":{"@type":"PropertyValueSpecification","valueRequired":true,"valueName":"search_term_string"}}],"inLanguage":"fr-FR"},{"@type":"Organization","@id":"https:\/\/www.gtlawyers.com.br\/#organization","name":"GTLawyers - Escrit\u00f3rio boutique full-service","url":"https:\/\/www.gtlawyers.com.br\/","logo":{"@type":"ImageObject","inLanguage":"fr-FR","@id":"https:\/\/www.gtlawyers.com.br\/#\/schema\/logo\/image\/","url":"https:\/\/www.gtlawyers.com.br\/site\/wp-content\/uploads\/image-3.png","contentUrl":"https:\/\/www.gtlawyers.com.br\/site\/wp-content\/uploads\/image-3.png","width":166,"height":44,"caption":"GTLawyers - Escrit\u00f3rio boutique full-service"},"image":{"@id":"https:\/\/www.gtlawyers.com.br\/#\/schema\/logo\/image\/"},"sameAs":["https:\/\/www.linkedin.com\/company\/gtlawyers\/mycompany\/"]},{"@type":"Person","@id":"https:\/\/www.gtlawyers.com.br\/#\/schema\/person\/445dbbc8624baa6cd74ffdc962062fea","name":"planetaw","image":{"@type":"ImageObject","inLanguage":"fr-FR","@id":"https:\/\/secure.gravatar.com\/avatar\/a09e3105af0f28d7ee4ec00ff1c6f17e0e33f7aaf6253c730b912f62af0b331c?s=96&d=mm&r=g","url":"https:\/\/secure.gravatar.com\/avatar\/a09e3105af0f28d7ee4ec00ff1c6f17e0e33f7aaf6253c730b912f62af0b331c?s=96&d=mm&r=g","contentUrl":"https:\/\/secure.gravatar.com\/avatar\/a09e3105af0f28d7ee4ec00ff1c6f17e0e33f7aaf6253c730b912f62af0b331c?s=96&d=mm&r=g","caption":"planetaw"},"sameAs":["http:\/\/gtlawyers1.hospedagemdesites.ws\/site"],"url":"https:\/\/www.gtlawyers.com.br\/fr\/author\/planetaw\/"}]}},"_links":{"self":[{"href":"https:\/\/www.gtlawyers.com.br\/fr\/wp-json\/wp\/v2\/posts\/412","targetHints":{"allow":["GET"]}}],"collection":[{"href":"https:\/\/www.gtlawyers.com.br\/fr\/wp-json\/wp\/v2\/posts"}],"about":[{"href":"https:\/\/www.gtlawyers.com.br\/fr\/wp-json\/wp\/v2\/types\/post"}],"author":[{"embeddable":true,"href":"https:\/\/www.gtlawyers.com.br\/fr\/wp-json\/wp\/v2\/users\/1"}],"replies":[{"embeddable":true,"href":"https:\/\/www.gtlawyers.com.br\/fr\/wp-json\/wp\/v2\/comments?post=412"}],"version-history":[{"count":1,"href":"https:\/\/www.gtlawyers.com.br\/fr\/wp-json\/wp\/v2\/posts\/412\/revisions"}],"predecessor-version":[{"id":419,"href":"https:\/\/www.gtlawyers.com.br\/fr\/wp-json\/wp\/v2\/posts\/412\/revisions\/419"}],"wp:featuredmedia":[{"embeddable":true,"href":"https:\/\/www.gtlawyers.com.br\/fr\/wp-json\/wp\/v2\/media\/418"}],"wp:attachment":[{"href":"https:\/\/www.gtlawyers.com.br\/fr\/wp-json\/wp\/v2\/media?parent=412"}],"wp:term":[{"taxonomy":"category","embeddable":true,"href":"https:\/\/www.gtlawyers.com.br\/fr\/wp-json\/wp\/v2\/categories?post=412"},{"taxonomy":"post_tag","embeddable":true,"href":"https:\/\/www.gtlawyers.com.br\/fr\/wp-json\/wp\/v2\/tags?post=412"}],"curies":[{"name":"wp","href":"https:\/\/api.w.org\/{rel}","templated":true}]}}