{"id":493,"date":"2022-04-28T16:17:00","date_gmt":"2022-04-28T19:17:00","guid":{"rendered":"https:\/\/www.gtlawyers.com.br\/site\/?p=493"},"modified":"2022-06-06T10:14:45","modified_gmt":"2022-06-06T13:14:45","slug":"declaracao-de-capitais-brasileiros-no-exterior-cbe","status":"publish","type":"post","link":"https:\/\/www.gtlawyers.com.br\/fr\/noticia\/declaracao-de-capitais-brasileiros-no-exterior-cbe\/","title":{"rendered":"<strong>D\u00e9claration d\u00b4investissements br\u00e9siliens \u00e0 l\u2019\u00e9tranger<\/strong>"},"content":{"rendered":"<p id=\"viewer-dg589\">Nous vous informons que le d\u00e9lai pour la d\u00e9claration annuelle des investissements br\u00e9siliens \u00e0 l\u2019\u00e9tranger (Capitais Brasileiros no Exterior - CBE), qui a d\u00e9but\u00e9 le 15 f\u00e9vrier, prendra fin le 5 avril 2019, \u00e0 18 heures, conform\u00e9ment \u00e0 la Circular n\u00ba 3.624\/2013 de la Banque Centrale Br\u00e9silienne.<\/p>\n\n\n\n<p id=\"viewer-2h0rt\">Les personnes physiques et morales r\u00e9sidentes, domicili\u00e9es ou dont le si\u00e8ge social est situ\u00e9  au Br\u00e9sil ayant des biens et valeurs \u00e0 l\u2019\u00e9tranger s\u00b4\u00e9levant au  montant \u00e9gal ou sup\u00e9rieur \u00e0 US$100.000.000,00 (cent millions de dollars am\u00e9ricains) ou son \u00e9quivalent dans une autre monnaie , au 31 d\u00e9cembre 2018, sont oblig\u00e9s de  faire cette d\u00e9claration.<\/p>\n\n\n\n<p id=\"viewer-3e4wq\">La d\u00e9claration doit couvrir des  informations relatives \u00e0 des dep\u00f4ts bancaires, pr\u00eats en esp\u00e8ces, financements, op\u00e9rations de cr\u00e9dit-bail financi\u00e8res, investissements directs, investissements de portefeuille et mise en \u0153uvre d\u00b4instruments financiers d\u00e9riv\u00e9s et autres investissements et biens.<\/p>\n\n\n\n<p id=\"viewer-2dbxh\">La d\u00e9claration est r\u00e9alis\u00e9e de mani\u00e8re electronique, par un formulaire disponible sur le site de la Banque Centrale Br\u00e9silienne.<\/p>\n\n\n\n<p id=\"viewer-9gmmb\">Nous soulignons que la non d\u00e9claration ou la prestation d\u2019informations fausses, incompl\u00e8tes, incorrectes ou hors d\u00e9lais entra\u00eene une amende.<\/p>\n\n\n\n<p id=\"viewer-tn1et\">Nous sommes \u00e0 votre disposition pour vous aider dans cette d\u00e9claration.<\/p>\n\n\n<div class=\"wp-block-image\">\n<figure class=\"aligncenter\"><img decoding=\"async\" src=\"https:\/\/static.wixstatic.com\/media\/bf5eb5d4973f47119364c3e64d067003.jpg\/v1\/fill\/w_360,h_240,al_c,q_90\/bf5eb5d4973f47119364c3e64d067003.webp\" alt=\"\"\/><\/figure>\n<\/div>","protected":false},"excerpt":{"rendered":"<p>Informamos que o prazo para a declara\u00e7\u00e3o anual de Capitais Brasileiros no Exterior (CBE) se iniciou no dia 15 de fevereiro e se encerrar\u00e1 no dia 5 de abril de 2019, \u00e0s 18 horas, nos termos da Circular n\u00ba 3.624\/2013 do Banco Central. Est\u00e3o obrigadas a prestar essa declara\u00e7\u00e3o as pessoas f\u00edsicas ou jur\u00eddicas residentes, [&hellip;]<\/p>\n","protected":false},"author":1,"featured_media":507,"comment_status":"open","ping_status":"open","sticky":false,"template":"","format":"standard","meta":{"_acf_changed":false,"footnotes":""},"categories":[7],"tags":[],"class_list":["post-493","post","type-post","status-publish","format-standard","has-post-thumbnail","hentry","category-noticia"],"acf":[],"yoast_head":"<!-- This site is optimized with the Yoast SEO plugin v27.5 - https:\/\/yoast.com\/product\/yoast-seo-wordpress\/ -->\n<title>Declara\u00e7\u00e3o de Capitais Brasileiros no Exterior (CBE) | GTLawyers | Escrit\u00f3rio boutique full-service<\/title>\n<meta name=\"robots\" content=\"index, follow, max-snippet:-1, max-image-preview:large, max-video-preview:-1\" \/>\n<link rel=\"canonical\" href=\"https:\/\/www.gtlawyers.com.br\/fr\/noticia\/declaracao-de-capitais-brasileiros-no-exterior-cbe\/\" \/>\n<meta property=\"og:locale\" content=\"fr_FR\" \/>\n<meta property=\"og:type\" content=\"article\" \/>\n<meta property=\"og:title\" content=\"Declara\u00e7\u00e3o de Capitais Brasileiros no Exterior (CBE) | GTLawyers | Escrit\u00f3rio boutique full-service\" \/>\n<meta property=\"og:description\" content=\"Informamos que o prazo para a declara\u00e7\u00e3o anual de Capitais Brasileiros no Exterior (CBE) se iniciou no dia 15 de fevereiro e se encerrar\u00e1 no dia 5 de abril de 2019, \u00e0s 18 horas, nos termos da Circular n\u00ba 3.624\/2013 do Banco Central. Est\u00e3o obrigadas a prestar essa declara\u00e7\u00e3o as pessoas f\u00edsicas ou jur\u00eddicas residentes, [&hellip;]\" \/>\n<meta property=\"og:url\" content=\"https:\/\/www.gtlawyers.com.br\/fr\/noticia\/declaracao-de-capitais-brasileiros-no-exterior-cbe\/\" \/>\n<meta property=\"og:site_name\" content=\"GTLawyers | Escrit\u00f3rio boutique full-service\" \/>\n<meta property=\"article:published_time\" content=\"2022-04-28T19:17:00+00:00\" \/>\n<meta property=\"article:modified_time\" content=\"2022-06-06T13:14:45+00:00\" \/>\n<meta property=\"og:image\" content=\"https:\/\/www.gtlawyers.com.br\/site\/wp-content\/uploads\/bf5eb5d4973f47119364c3e64d067003.webp\" \/>\n\t<meta property=\"og:image:width\" content=\"1447\" \/>\n\t<meta property=\"og:image:height\" content=\"966\" \/>\n\t<meta property=\"og:image:type\" content=\"image\/webp\" \/>\n<meta name=\"author\" content=\"planetaw\" \/>\n<meta name=\"twitter:card\" content=\"summary_large_image\" \/>\n<meta name=\"twitter:label1\" content=\"\u00c9crit par\" \/>\n\t<meta name=\"twitter:data1\" content=\"planetaw\" \/>\n\t<meta name=\"twitter:label2\" content=\"Dur\u00e9e de lecture estim\u00e9e\" \/>\n\t<meta name=\"twitter:data2\" content=\"1 minute\" \/>\n<script type=\"application\/ld+json\" class=\"yoast-schema-graph\">{\"@context\":\"https:\\\/\\\/schema.org\",\"@graph\":[{\"@type\":\"Article\",\"@id\":\"https:\\\/\\\/www.gtlawyers.com.br\\\/noticia\\\/declaracao-de-capitais-brasileiros-no-exterior-cbe\\\/#article\",\"isPartOf\":{\"@id\":\"https:\\\/\\\/www.gtlawyers.com.br\\\/noticia\\\/declaracao-de-capitais-brasileiros-no-exterior-cbe\\\/\"},\"author\":{\"name\":\"planetaw\",\"@id\":\"https:\\\/\\\/www.gtlawyers.com.br\\\/#\\\/schema\\\/person\\\/445dbbc8624baa6cd74ffdc962062fea\"},\"headline\":\"Declara\u00e7\u00e3o de Capitais Brasileiros no Exterior (CBE)\",\"datePublished\":\"2022-04-28T19:17:00+00:00\",\"dateModified\":\"2022-06-06T13:14:45+00:00\",\"mainEntityOfPage\":{\"@id\":\"https:\\\/\\\/www.gtlawyers.com.br\\\/noticia\\\/declaracao-de-capitais-brasileiros-no-exterior-cbe\\\/\"},\"wordCount\":204,\"commentCount\":0,\"publisher\":{\"@id\":\"https:\\\/\\\/www.gtlawyers.com.br\\\/#organization\"},\"image\":{\"@id\":\"https:\\\/\\\/www.gtlawyers.com.br\\\/noticia\\\/declaracao-de-capitais-brasileiros-no-exterior-cbe\\\/#primaryimage\"},\"thumbnailUrl\":\"https:\\\/\\\/www.gtlawyers.com.br\\\/site\\\/wp-content\\\/uploads\\\/bf5eb5d4973f47119364c3e64d067003.webp\",\"articleSection\":[\"News\"],\"inLanguage\":\"fr-FR\",\"potentialAction\":[{\"@type\":\"CommentAction\",\"name\":\"Comment\",\"target\":[\"https:\\\/\\\/www.gtlawyers.com.br\\\/noticia\\\/declaracao-de-capitais-brasileiros-no-exterior-cbe\\\/#respond\"]}]},{\"@type\":\"WebPage\",\"@id\":\"https:\\\/\\\/www.gtlawyers.com.br\\\/noticia\\\/declaracao-de-capitais-brasileiros-no-exterior-cbe\\\/\",\"url\":\"https:\\\/\\\/www.gtlawyers.com.br\\\/noticia\\\/declaracao-de-capitais-brasileiros-no-exterior-cbe\\\/\",\"name\":\"Declara\u00e7\u00e3o de Capitais Brasileiros no Exterior (CBE) | GTLawyers | Escrit\u00f3rio boutique full-service\",\"isPartOf\":{\"@id\":\"https:\\\/\\\/www.gtlawyers.com.br\\\/#website\"},\"primaryImageOfPage\":{\"@id\":\"https:\\\/\\\/www.gtlawyers.com.br\\\/noticia\\\/declaracao-de-capitais-brasileiros-no-exterior-cbe\\\/#primaryimage\"},\"image\":{\"@id\":\"https:\\\/\\\/www.gtlawyers.com.br\\\/noticia\\\/declaracao-de-capitais-brasileiros-no-exterior-cbe\\\/#primaryimage\"},\"thumbnailUrl\":\"https:\\\/\\\/www.gtlawyers.com.br\\\/site\\\/wp-content\\\/uploads\\\/bf5eb5d4973f47119364c3e64d067003.webp\",\"datePublished\":\"2022-04-28T19:17:00+00:00\",\"dateModified\":\"2022-06-06T13:14:45+00:00\",\"breadcrumb\":{\"@id\":\"https:\\\/\\\/www.gtlawyers.com.br\\\/noticia\\\/declaracao-de-capitais-brasileiros-no-exterior-cbe\\\/#breadcrumb\"},\"inLanguage\":\"fr-FR\",\"potentialAction\":[{\"@type\":\"ReadAction\",\"target\":[\"https:\\\/\\\/www.gtlawyers.com.br\\\/noticia\\\/declaracao-de-capitais-brasileiros-no-exterior-cbe\\\/\"]}]},{\"@type\":\"ImageObject\",\"inLanguage\":\"fr-FR\",\"@id\":\"https:\\\/\\\/www.gtlawyers.com.br\\\/noticia\\\/declaracao-de-capitais-brasileiros-no-exterior-cbe\\\/#primaryimage\",\"url\":\"https:\\\/\\\/www.gtlawyers.com.br\\\/site\\\/wp-content\\\/uploads\\\/bf5eb5d4973f47119364c3e64d067003.webp\",\"contentUrl\":\"https:\\\/\\\/www.gtlawyers.com.br\\\/site\\\/wp-content\\\/uploads\\\/bf5eb5d4973f47119364c3e64d067003.webp\",\"width\":1447,\"height\":966},{\"@type\":\"BreadcrumbList\",\"@id\":\"https:\\\/\\\/www.gtlawyers.com.br\\\/noticia\\\/declaracao-de-capitais-brasileiros-no-exterior-cbe\\\/#breadcrumb\",\"itemListElement\":[{\"@type\":\"ListItem\",\"position\":1,\"name\":\"In\u00edcio\",\"item\":\"https:\\\/\\\/www.gtlawyers.com.br\\\/\"},{\"@type\":\"ListItem\",\"position\":2,\"name\":\"Declara\u00e7\u00e3o de Capitais Brasileiros no Exterior (CBE)\"}]},{\"@type\":\"WebSite\",\"@id\":\"https:\\\/\\\/www.gtlawyers.com.br\\\/#website\",\"url\":\"https:\\\/\\\/www.gtlawyers.com.br\\\/\",\"name\":\"GTLawyers | Escrit\u00f3rio boutique full-service\",\"description\":\"Escrit\u00f3rio de advocacia franco-brasileiro para empresas especializado em M&amp;A, direito societ\u00e1rio, tribut\u00e1rio, imobili\u00e1rio, contencioso e compliance\",\"publisher\":{\"@id\":\"https:\\\/\\\/www.gtlawyers.com.br\\\/#organization\"},\"alternateName\":\"GTLawyers\",\"potentialAction\":[{\"@type\":\"SearchAction\",\"target\":{\"@type\":\"EntryPoint\",\"urlTemplate\":\"https:\\\/\\\/www.gtlawyers.com.br\\\/?s={search_term_string}\"},\"query-input\":{\"@type\":\"PropertyValueSpecification\",\"valueRequired\":true,\"valueName\":\"search_term_string\"}}],\"inLanguage\":\"fr-FR\"},{\"@type\":\"Organization\",\"@id\":\"https:\\\/\\\/www.gtlawyers.com.br\\\/#organization\",\"name\":\"GTLawyers - Escrit\u00f3rio boutique full-service\",\"url\":\"https:\\\/\\\/www.gtlawyers.com.br\\\/\",\"logo\":{\"@type\":\"ImageObject\",\"inLanguage\":\"fr-FR\",\"@id\":\"https:\\\/\\\/www.gtlawyers.com.br\\\/#\\\/schema\\\/logo\\\/image\\\/\",\"url\":\"https:\\\/\\\/www.gtlawyers.com.br\\\/site\\\/wp-content\\\/uploads\\\/image-3.png\",\"contentUrl\":\"https:\\\/\\\/www.gtlawyers.com.br\\\/site\\\/wp-content\\\/uploads\\\/image-3.png\",\"width\":166,\"height\":44,\"caption\":\"GTLawyers - Escrit\u00f3rio boutique full-service\"},\"image\":{\"@id\":\"https:\\\/\\\/www.gtlawyers.com.br\\\/#\\\/schema\\\/logo\\\/image\\\/\"},\"sameAs\":[\"https:\\\/\\\/www.linkedin.com\\\/company\\\/gtlawyers\\\/mycompany\\\/\"]},{\"@type\":\"Person\",\"@id\":\"https:\\\/\\\/www.gtlawyers.com.br\\\/#\\\/schema\\\/person\\\/445dbbc8624baa6cd74ffdc962062fea\",\"name\":\"planetaw\",\"image\":{\"@type\":\"ImageObject\",\"inLanguage\":\"fr-FR\",\"@id\":\"https:\\\/\\\/secure.gravatar.com\\\/avatar\\\/a09e3105af0f28d7ee4ec00ff1c6f17e0e33f7aaf6253c730b912f62af0b331c?s=96&d=mm&r=g\",\"url\":\"https:\\\/\\\/secure.gravatar.com\\\/avatar\\\/a09e3105af0f28d7ee4ec00ff1c6f17e0e33f7aaf6253c730b912f62af0b331c?s=96&d=mm&r=g\",\"contentUrl\":\"https:\\\/\\\/secure.gravatar.com\\\/avatar\\\/a09e3105af0f28d7ee4ec00ff1c6f17e0e33f7aaf6253c730b912f62af0b331c?s=96&d=mm&r=g\",\"caption\":\"planetaw\"},\"sameAs\":[\"http:\\\/\\\/gtlawyers1.hospedagemdesites.ws\\\/site\"],\"url\":\"https:\\\/\\\/www.gtlawyers.com.br\\\/fr\\\/author\\\/planetaw\\\/\"}]}<\/script>\n<!-- \/ Yoast SEO plugin. -->","yoast_head_json":{"title":"Declara\u00e7\u00e3o de Capitais Brasileiros no Exterior (CBE) | GTLawyers | Escrit\u00f3rio boutique full-service","robots":{"index":"index","follow":"follow","max-snippet":"max-snippet:-1","max-image-preview":"max-image-preview:large","max-video-preview":"max-video-preview:-1"},"canonical":"https:\/\/www.gtlawyers.com.br\/fr\/noticia\/declaracao-de-capitais-brasileiros-no-exterior-cbe\/","og_locale":"fr_FR","og_type":"article","og_title":"Declara\u00e7\u00e3o de Capitais Brasileiros no Exterior (CBE) | GTLawyers | Escrit\u00f3rio boutique full-service","og_description":"Informamos que o prazo para a declara\u00e7\u00e3o anual de Capitais Brasileiros no Exterior (CBE) se iniciou no dia 15 de fevereiro e se encerrar\u00e1 no dia 5 de abril de 2019, \u00e0s 18 horas, nos termos da Circular n\u00ba 3.624\/2013 do Banco Central. Est\u00e3o obrigadas a prestar essa declara\u00e7\u00e3o as pessoas f\u00edsicas ou jur\u00eddicas residentes, [&hellip;]","og_url":"https:\/\/www.gtlawyers.com.br\/fr\/noticia\/declaracao-de-capitais-brasileiros-no-exterior-cbe\/","og_site_name":"GTLawyers | Escrit\u00f3rio boutique full-service","article_published_time":"2022-04-28T19:17:00+00:00","article_modified_time":"2022-06-06T13:14:45+00:00","og_image":[{"width":1447,"height":966,"url":"https:\/\/www.gtlawyers.com.br\/site\/wp-content\/uploads\/bf5eb5d4973f47119364c3e64d067003.webp","type":"image\/webp"}],"author":"planetaw","twitter_card":"summary_large_image","twitter_misc":{"\u00c9crit par":"planetaw","Dur\u00e9e de lecture estim\u00e9e":"1 minute"},"schema":{"@context":"https:\/\/schema.org","@graph":[{"@type":"Article","@id":"https:\/\/www.gtlawyers.com.br\/noticia\/declaracao-de-capitais-brasileiros-no-exterior-cbe\/#article","isPartOf":{"@id":"https:\/\/www.gtlawyers.com.br\/noticia\/declaracao-de-capitais-brasileiros-no-exterior-cbe\/"},"author":{"name":"planetaw","@id":"https:\/\/www.gtlawyers.com.br\/#\/schema\/person\/445dbbc8624baa6cd74ffdc962062fea"},"headline":"Declara\u00e7\u00e3o de Capitais Brasileiros no Exterior (CBE)","datePublished":"2022-04-28T19:17:00+00:00","dateModified":"2022-06-06T13:14:45+00:00","mainEntityOfPage":{"@id":"https:\/\/www.gtlawyers.com.br\/noticia\/declaracao-de-capitais-brasileiros-no-exterior-cbe\/"},"wordCount":204,"commentCount":0,"publisher":{"@id":"https:\/\/www.gtlawyers.com.br\/#organization"},"image":{"@id":"https:\/\/www.gtlawyers.com.br\/noticia\/declaracao-de-capitais-brasileiros-no-exterior-cbe\/#primaryimage"},"thumbnailUrl":"https:\/\/www.gtlawyers.com.br\/site\/wp-content\/uploads\/bf5eb5d4973f47119364c3e64d067003.webp","articleSection":["News"],"inLanguage":"fr-FR","potentialAction":[{"@type":"CommentAction","name":"Comment","target":["https:\/\/www.gtlawyers.com.br\/noticia\/declaracao-de-capitais-brasileiros-no-exterior-cbe\/#respond"]}]},{"@type":"WebPage","@id":"https:\/\/www.gtlawyers.com.br\/noticia\/declaracao-de-capitais-brasileiros-no-exterior-cbe\/","url":"https:\/\/www.gtlawyers.com.br\/noticia\/declaracao-de-capitais-brasileiros-no-exterior-cbe\/","name":"Declara\u00e7\u00e3o de Capitais Brasileiros no Exterior (CBE) | GTLawyers | Escrit\u00f3rio boutique full-service","isPartOf":{"@id":"https:\/\/www.gtlawyers.com.br\/#website"},"primaryImageOfPage":{"@id":"https:\/\/www.gtlawyers.com.br\/noticia\/declaracao-de-capitais-brasileiros-no-exterior-cbe\/#primaryimage"},"image":{"@id":"https:\/\/www.gtlawyers.com.br\/noticia\/declaracao-de-capitais-brasileiros-no-exterior-cbe\/#primaryimage"},"thumbnailUrl":"https:\/\/www.gtlawyers.com.br\/site\/wp-content\/uploads\/bf5eb5d4973f47119364c3e64d067003.webp","datePublished":"2022-04-28T19:17:00+00:00","dateModified":"2022-06-06T13:14:45+00:00","breadcrumb":{"@id":"https:\/\/www.gtlawyers.com.br\/noticia\/declaracao-de-capitais-brasileiros-no-exterior-cbe\/#breadcrumb"},"inLanguage":"fr-FR","potentialAction":[{"@type":"ReadAction","target":["https:\/\/www.gtlawyers.com.br\/noticia\/declaracao-de-capitais-brasileiros-no-exterior-cbe\/"]}]},{"@type":"ImageObject","inLanguage":"fr-FR","@id":"https:\/\/www.gtlawyers.com.br\/noticia\/declaracao-de-capitais-brasileiros-no-exterior-cbe\/#primaryimage","url":"https:\/\/www.gtlawyers.com.br\/site\/wp-content\/uploads\/bf5eb5d4973f47119364c3e64d067003.webp","contentUrl":"https:\/\/www.gtlawyers.com.br\/site\/wp-content\/uploads\/bf5eb5d4973f47119364c3e64d067003.webp","width":1447,"height":966},{"@type":"BreadcrumbList","@id":"https:\/\/www.gtlawyers.com.br\/noticia\/declaracao-de-capitais-brasileiros-no-exterior-cbe\/#breadcrumb","itemListElement":[{"@type":"ListItem","position":1,"name":"In\u00edcio","item":"https:\/\/www.gtlawyers.com.br\/"},{"@type":"ListItem","position":2,"name":"Declara\u00e7\u00e3o de Capitais Brasileiros no Exterior (CBE)"}]},{"@type":"WebSite","@id":"https:\/\/www.gtlawyers.com.br\/#website","url":"https:\/\/www.gtlawyers.com.br\/","name":"GTLawyers | Escrit\u00f3rio boutique full-service","description":"Escrit\u00f3rio de advocacia franco-brasileiro para empresas especializado em M&amp;A, direito societ\u00e1rio, tribut\u00e1rio, imobili\u00e1rio, contencioso e compliance","publisher":{"@id":"https:\/\/www.gtlawyers.com.br\/#organization"},"alternateName":"GTLawyers","potentialAction":[{"@type":"SearchAction","target":{"@type":"EntryPoint","urlTemplate":"https:\/\/www.gtlawyers.com.br\/?s={search_term_string}"},"query-input":{"@type":"PropertyValueSpecification","valueRequired":true,"valueName":"search_term_string"}}],"inLanguage":"fr-FR"},{"@type":"Organization","@id":"https:\/\/www.gtlawyers.com.br\/#organization","name":"GTLawyers - Escrit\u00f3rio boutique full-service","url":"https:\/\/www.gtlawyers.com.br\/","logo":{"@type":"ImageObject","inLanguage":"fr-FR","@id":"https:\/\/www.gtlawyers.com.br\/#\/schema\/logo\/image\/","url":"https:\/\/www.gtlawyers.com.br\/site\/wp-content\/uploads\/image-3.png","contentUrl":"https:\/\/www.gtlawyers.com.br\/site\/wp-content\/uploads\/image-3.png","width":166,"height":44,"caption":"GTLawyers - Escrit\u00f3rio boutique full-service"},"image":{"@id":"https:\/\/www.gtlawyers.com.br\/#\/schema\/logo\/image\/"},"sameAs":["https:\/\/www.linkedin.com\/company\/gtlawyers\/mycompany\/"]},{"@type":"Person","@id":"https:\/\/www.gtlawyers.com.br\/#\/schema\/person\/445dbbc8624baa6cd74ffdc962062fea","name":"planetaw","image":{"@type":"ImageObject","inLanguage":"fr-FR","@id":"https:\/\/secure.gravatar.com\/avatar\/a09e3105af0f28d7ee4ec00ff1c6f17e0e33f7aaf6253c730b912f62af0b331c?s=96&d=mm&r=g","url":"https:\/\/secure.gravatar.com\/avatar\/a09e3105af0f28d7ee4ec00ff1c6f17e0e33f7aaf6253c730b912f62af0b331c?s=96&d=mm&r=g","contentUrl":"https:\/\/secure.gravatar.com\/avatar\/a09e3105af0f28d7ee4ec00ff1c6f17e0e33f7aaf6253c730b912f62af0b331c?s=96&d=mm&r=g","caption":"planetaw"},"sameAs":["http:\/\/gtlawyers1.hospedagemdesites.ws\/site"],"url":"https:\/\/www.gtlawyers.com.br\/fr\/author\/planetaw\/"}]}},"_links":{"self":[{"href":"https:\/\/www.gtlawyers.com.br\/fr\/wp-json\/wp\/v2\/posts\/493","targetHints":{"allow":["GET"]}}],"collection":[{"href":"https:\/\/www.gtlawyers.com.br\/fr\/wp-json\/wp\/v2\/posts"}],"about":[{"href":"https:\/\/www.gtlawyers.com.br\/fr\/wp-json\/wp\/v2\/types\/post"}],"author":[{"embeddable":true,"href":"https:\/\/www.gtlawyers.com.br\/fr\/wp-json\/wp\/v2\/users\/1"}],"replies":[{"embeddable":true,"href":"https:\/\/www.gtlawyers.com.br\/fr\/wp-json\/wp\/v2\/comments?post=493"}],"version-history":[{"count":2,"href":"https:\/\/www.gtlawyers.com.br\/fr\/wp-json\/wp\/v2\/posts\/493\/revisions"}],"predecessor-version":[{"id":607,"href":"https:\/\/www.gtlawyers.com.br\/fr\/wp-json\/wp\/v2\/posts\/493\/revisions\/607"}],"wp:featuredmedia":[{"embeddable":true,"href":"https:\/\/www.gtlawyers.com.br\/fr\/wp-json\/wp\/v2\/media\/507"}],"wp:attachment":[{"href":"https:\/\/www.gtlawyers.com.br\/fr\/wp-json\/wp\/v2\/media?parent=493"}],"wp:term":[{"taxonomy":"category","embeddable":true,"href":"https:\/\/www.gtlawyers.com.br\/fr\/wp-json\/wp\/v2\/categories?post=493"},{"taxonomy":"post_tag","embeddable":true,"href":"https:\/\/www.gtlawyers.com.br\/fr\/wp-json\/wp\/v2\/tags?post=493"}],"curies":[{"name":"wp","href":"https:\/\/api.w.org\/{rel}","templated":true}]}}